{"id":7842,"date":"2025-06-04T23:16:07","date_gmt":"2025-06-05T05:16:07","guid":{"rendered":"https:\/\/esbozodeportivo.com\/?p=7842"},"modified":"2025-06-04T23:16:07","modified_gmt":"2025-06-05T05:16:07","slug":"portugal-finalista-de-la-liga-de-naciones","status":"publish","type":"post","link":"https:\/\/esbozodeportivo.com\/index.php\/2025\/06\/04\/portugal-finalista-de-la-liga-de-naciones\/","title":{"rendered":"Portugal finalista de la Liga de Naciones"},"content":{"rendered":"\n<p>(Foto; Agencias) <\/p>\n\n\n\n<p>Cristiano Ronaldo anot\u00f3 nuevamente cuando Portugal remont\u00f3 para vencer a Alemania 2-1 en su semifinal de la Liga de Naciones el mi\u00e9rcoles.<\/p>\n\n\n\n<p>El capit\u00e1n de Portugal, Ronaldo, de 40 a\u00f1os, marc\u00f3 su gol internacional n\u00famero 137 cinco minutos despu\u00e9s de que el suplente Francisco Concei\u00e7\u00e3o igualara con un disparo fulminante a los 63.<\/p>\n\n\n\n<p>Ronaldo se convirti\u00f3 en el jugador de mayor edad en marcar contra Alemania y puso fin a su \u201cmaldici\u00f3n\u201d contra los germanos. La exestrella del Real Madrid hab\u00eda perdido cada uno de los cinco partidos anteriores que hab\u00eda jugado contra Alemania.<\/p>\n\n\n\n<p>El objetivo del Liverpool, Florian Wirtz, hab\u00eda dado al equipo local una ventaja a los 48 minutos con un cabezazo perfectamente colocado dentro del poste derecho, pero el entrenador de Portugal, Roberto Mart\u00ednez, hizo que sus cambios contaran al incluir a Concei\u00e7\u00e3o y al ganador de la Liga de Campeones, Vitinha, entre los suplentes.<\/p>\n\n\n\n<p>Vitinha se destac\u00f3 mientras Portugal termin\u00f3 el partido en la cima, apenas cuatro d\u00edas despu\u00e9s de ayudar al Paris Saint-Germain a ganar la final de la Liga de Campeones contra el Inter de Mil\u00e1n en el mismo estadio el s\u00e1bado.<\/p>\n\n\n\n<p>Alemania necesit\u00f3 al portero Marc-Andr\u00e9 ter Stegen en su mejor forma para evitar que los visitantes anotaran m\u00e1s.<\/p>\n\n\n\n<p>Los carrileros del PSG, Jo\u00e3o Neves y Nuno Mendes, ambos comenzaron para Portugal, mientras que el delantero del Stuttgart, Nick Woltemade, debut\u00f3 para Alemania. Concei\u00e7\u00e3o solo necesit\u00f3 cinco minutos para dejar su huella con un brillante disparo de larga distancia dentro del poste lejano despu\u00e9s de superar a Robin<\/p>\n\n\n\n<p><\/p>\n","protected":false},"excerpt":{"rendered":"<p>(Foto; Agencias) Cristiano Ronaldo anot\u00f3 nuevamente cuando Portugal remont\u00f3 para vencer a Alemania 2-1 en<\/p>\n","protected":false},"author":4,"featured_media":7833,"comment_status":"closed","ping_status":"open","sticky":false,"template":"","format":"standard","meta":{"_jetpack_memberships_contains_paid_content":false,"footnotes":""},"categories":[14],"tags":[],"class_list":["post-7842","post","type-post","status-publish","format-standard","has-post-thumbnail","hentry","category-futbol"],"yoast_head":"<!-- This site is optimized with the Yoast SEO plugin v25.7 - https:\/\/yoast.com\/wordpress\/plugins\/seo\/ -->\n<title>Portugal finalista de la Liga de Naciones - Esbozo Deportivo<\/title>\n<meta name=\"description\" content=\"Ronaldo se convirti\u00f3 en el jugador de mayor edad en marcar contra Alemania y puso fin a su \u201cmaldici\u00f3n\u201d contra los germanos. La exestrella del Real Madrid hab\u00eda perdido cada uno de los cinco partidos anteriores que hab\u00eda jugado contra Alemania.\" \/>\n<meta name=\"robots\" content=\"index, follow, max-snippet:-1, max-image-preview:large, max-video-preview:-1\" \/>\n<link rel=\"canonical\" href=\"https:\/\/esbozodeportivo.com\/index.php\/2025\/06\/04\/portugal-finalista-de-la-liga-de-naciones\/\" \/>\n<meta property=\"og:locale\" content=\"es_MX\" \/>\n<meta property=\"og:type\" content=\"article\" \/>\n<meta property=\"og:title\" content=\"Portugal finalista de la Liga de Naciones - Esbozo Deportivo\" \/>\n<meta property=\"og:description\" content=\"Ronaldo se convirti\u00f3 en el jugador de mayor edad en marcar contra Alemania y puso fin a su \u201cmaldici\u00f3n\u201d contra los germanos. La exestrella del Real Madrid hab\u00eda perdido cada uno de los cinco partidos anteriores que hab\u00eda jugado contra Alemania.\" \/>\n<meta property=\"og:url\" content=\"https:\/\/esbozodeportivo.com\/index.php\/2025\/06\/04\/portugal-finalista-de-la-liga-de-naciones\/\" \/>\n<meta property=\"og:site_name\" content=\"Esbozo Deportivo\" \/>\n<meta property=\"article:published_time\" content=\"2025-06-05T05:16:07+00:00\" \/>\n<meta property=\"og:image\" content=\"https:\/\/esbozodeportivo.com\/wp-content\/uploads\/2025\/06\/futbol.jpg\" \/>\n\t<meta property=\"og:image:width\" content=\"1440\" \/>\n\t<meta property=\"og:image:height\" content=\"960\" \/>\n\t<meta property=\"og:image:type\" content=\"image\/jpeg\" \/>\n<meta name=\"author\" content=\"Redacci\u00f3n\" \/>\n<meta name=\"twitter:card\" content=\"summary_large_image\" \/>\n<meta name=\"twitter:label1\" content=\"Escrito por\" \/>\n\t<meta name=\"twitter:data1\" content=\"Redacci\u00f3n\" \/>\n\t<meta name=\"twitter:label2\" content=\"Tiempo de lectura\" \/>\n\t<meta name=\"twitter:data2\" content=\"2 minutos\" \/>\n<script type=\"application\/ld+json\" class=\"yoast-schema-graph\">{\"@context\":\"https:\/\/schema.org\",\"@graph\":[{\"@type\":\"Article\",\"@id\":\"https:\/\/esbozodeportivo.com\/index.php\/2025\/06\/04\/portugal-finalista-de-la-liga-de-naciones\/#article\",\"isPartOf\":{\"@id\":\"https:\/\/esbozodeportivo.com\/index.php\/2025\/06\/04\/portugal-finalista-de-la-liga-de-naciones\/\"},\"author\":{\"name\":\"Redacci\u00f3n\",\"@id\":\"https:\/\/esbozodeportivo.com\/#\/schema\/person\/0f6df9196dfe6740dd0bb31bae50d374\"},\"headline\":\"Portugal finalista de la Liga de Naciones\",\"datePublished\":\"2025-06-05T05:16:07+00:00\",\"mainEntityOfPage\":{\"@id\":\"https:\/\/esbozodeportivo.com\/index.php\/2025\/06\/04\/portugal-finalista-de-la-liga-de-naciones\/\"},\"wordCount\":280,\"publisher\":{\"@id\":\"https:\/\/esbozodeportivo.com\/#organization\"},\"image\":{\"@id\":\"https:\/\/esbozodeportivo.com\/index.php\/2025\/06\/04\/portugal-finalista-de-la-liga-de-naciones\/#primaryimage\"},\"thumbnailUrl\":\"https:\/\/esbozodeportivo.com\/wp-content\/uploads\/2025\/06\/futbol.jpg\",\"articleSection\":[\"Futbol Internacional\"],\"inLanguage\":\"es\"},{\"@type\":\"WebPage\",\"@id\":\"https:\/\/esbozodeportivo.com\/index.php\/2025\/06\/04\/portugal-finalista-de-la-liga-de-naciones\/\",\"url\":\"https:\/\/esbozodeportivo.com\/index.php\/2025\/06\/04\/portugal-finalista-de-la-liga-de-naciones\/\",\"name\":\"Portugal finalista de la Liga de Naciones - Esbozo Deportivo\",\"isPartOf\":{\"@id\":\"https:\/\/esbozodeportivo.com\/#website\"},\"primaryImageOfPage\":{\"@id\":\"https:\/\/esbozodeportivo.com\/index.php\/2025\/06\/04\/portugal-finalista-de-la-liga-de-naciones\/#primaryimage\"},\"image\":{\"@id\":\"https:\/\/esbozodeportivo.com\/index.php\/2025\/06\/04\/portugal-finalista-de-la-liga-de-naciones\/#primaryimage\"},\"thumbnailUrl\":\"https:\/\/esbozodeportivo.com\/wp-content\/uploads\/2025\/06\/futbol.jpg\",\"datePublished\":\"2025-06-05T05:16:07+00:00\",\"description\":\"Ronaldo se convirti\u00f3 en el jugador de mayor edad en marcar contra Alemania y puso fin a su \u201cmaldici\u00f3n\u201d contra los germanos. La exestrella del Real Madrid hab\u00eda perdido cada uno de los cinco partidos anteriores que hab\u00eda jugado contra Alemania.\",\"breadcrumb\":{\"@id\":\"https:\/\/esbozodeportivo.com\/index.php\/2025\/06\/04\/portugal-finalista-de-la-liga-de-naciones\/#breadcrumb\"},\"inLanguage\":\"es\",\"potentialAction\":[{\"@type\":\"ReadAction\",\"target\":[\"https:\/\/esbozodeportivo.com\/index.php\/2025\/06\/04\/portugal-finalista-de-la-liga-de-naciones\/\"]}]},{\"@type\":\"ImageObject\",\"inLanguage\":\"es\",\"@id\":\"https:\/\/esbozodeportivo.com\/index.php\/2025\/06\/04\/portugal-finalista-de-la-liga-de-naciones\/#primaryimage\",\"url\":\"https:\/\/esbozodeportivo.com\/wp-content\/uploads\/2025\/06\/futbol.jpg\",\"contentUrl\":\"https:\/\/esbozodeportivo.com\/wp-content\/uploads\/2025\/06\/futbol.jpg\",\"width\":1440,\"height\":960},{\"@type\":\"BreadcrumbList\",\"@id\":\"https:\/\/esbozodeportivo.com\/index.php\/2025\/06\/04\/portugal-finalista-de-la-liga-de-naciones\/#breadcrumb\",\"itemListElement\":[{\"@type\":\"ListItem\",\"position\":1,\"name\":\"Inicio\",\"item\":\"https:\/\/esbozodeportivo.com\/\"},{\"@type\":\"ListItem\",\"position\":2,\"name\":\"Portugal finalista de la Liga de Naciones\"}]},{\"@type\":\"WebSite\",\"@id\":\"https:\/\/esbozodeportivo.com\/#website\",\"url\":\"https:\/\/esbozodeportivo.com\/\",\"name\":\"Esbozo Deportivo\",\"description\":\"Lo m\u00e1s importante del Deporte\",\"publisher\":{\"@id\":\"https:\/\/esbozodeportivo.com\/#organization\"},\"potentialAction\":[{\"@type\":\"SearchAction\",\"target\":{\"@type\":\"EntryPoint\",\"urlTemplate\":\"https:\/\/esbozodeportivo.com\/?s={search_term_string}\"},\"query-input\":{\"@type\":\"PropertyValueSpecification\",\"valueRequired\":true,\"valueName\":\"search_term_string\"}}],\"inLanguage\":\"es\"},{\"@type\":\"Organization\",\"@id\":\"https:\/\/esbozodeportivo.com\/#organization\",\"name\":\"Esbozo Deportivo\",\"url\":\"https:\/\/esbozodeportivo.com\/\",\"logo\":{\"@type\":\"ImageObject\",\"inLanguage\":\"es\",\"@id\":\"https:\/\/esbozodeportivo.com\/#\/schema\/logo\/image\/\",\"url\":\"https:\/\/esbozodeportivo.com\/wp-content\/uploads\/2022\/08\/cropped-Logo-Esbozo-Web-2.png\",\"contentUrl\":\"https:\/\/esbozodeportivo.com\/wp-content\/uploads\/2022\/08\/cropped-Logo-Esbozo-Web-2.png\",\"width\":180,\"height\":50,\"caption\":\"Esbozo Deportivo\"},\"image\":{\"@id\":\"https:\/\/esbozodeportivo.com\/#\/schema\/logo\/image\/\"}},{\"@type\":\"Person\",\"@id\":\"https:\/\/esbozodeportivo.com\/#\/schema\/person\/0f6df9196dfe6740dd0bb31bae50d374\",\"name\":\"Redacci\u00f3n\",\"image\":{\"@type\":\"ImageObject\",\"inLanguage\":\"es\",\"@id\":\"https:\/\/esbozodeportivo.com\/#\/schema\/person\/image\/\",\"url\":\"https:\/\/secure.gravatar.com\/avatar\/f55268a89c3b418f2ef172ff52ab0d09b3e653c58de29539fe329fb93d78ebf3?s=96&d=mm&r=g\",\"contentUrl\":\"https:\/\/secure.gravatar.com\/avatar\/f55268a89c3b418f2ef172ff52ab0d09b3e653c58de29539fe329fb93d78ebf3?s=96&d=mm&r=g\",\"caption\":\"Redacci\u00f3n\"},\"url\":\"https:\/\/esbozodeportivo.com\/index.php\/author\/redaccion\/\"}]}<\/script>\n<!-- \/ Yoast SEO plugin. -->","yoast_head_json":{"title":"Portugal finalista de la Liga de Naciones - Esbozo Deportivo","description":"Ronaldo se convirti\u00f3 en el jugador de mayor edad en marcar contra Alemania y puso fin a su \u201cmaldici\u00f3n\u201d contra los germanos. La exestrella del Real Madrid hab\u00eda perdido cada uno de los cinco partidos anteriores que hab\u00eda jugado contra Alemania.","robots":{"index":"index","follow":"follow","max-snippet":"max-snippet:-1","max-image-preview":"max-image-preview:large","max-video-preview":"max-video-preview:-1"},"canonical":"https:\/\/esbozodeportivo.com\/index.php\/2025\/06\/04\/portugal-finalista-de-la-liga-de-naciones\/","og_locale":"es_MX","og_type":"article","og_title":"Portugal finalista de la Liga de Naciones - Esbozo Deportivo","og_description":"Ronaldo se convirti\u00f3 en el jugador de mayor edad en marcar contra Alemania y puso fin a su \u201cmaldici\u00f3n\u201d contra los germanos. La exestrella del Real Madrid hab\u00eda perdido cada uno de los cinco partidos anteriores que hab\u00eda jugado contra Alemania.","og_url":"https:\/\/esbozodeportivo.com\/index.php\/2025\/06\/04\/portugal-finalista-de-la-liga-de-naciones\/","og_site_name":"Esbozo Deportivo","article_published_time":"2025-06-05T05:16:07+00:00","og_image":[{"width":1440,"height":960,"url":"https:\/\/esbozodeportivo.com\/wp-content\/uploads\/2025\/06\/futbol.jpg","type":"image\/jpeg"}],"author":"Redacci\u00f3n","twitter_card":"summary_large_image","twitter_misc":{"Escrito por":"Redacci\u00f3n","Tiempo de lectura":"2 minutos"},"schema":{"@context":"https:\/\/schema.org","@graph":[{"@type":"Article","@id":"https:\/\/esbozodeportivo.com\/index.php\/2025\/06\/04\/portugal-finalista-de-la-liga-de-naciones\/#article","isPartOf":{"@id":"https:\/\/esbozodeportivo.com\/index.php\/2025\/06\/04\/portugal-finalista-de-la-liga-de-naciones\/"},"author":{"name":"Redacci\u00f3n","@id":"https:\/\/esbozodeportivo.com\/#\/schema\/person\/0f6df9196dfe6740dd0bb31bae50d374"},"headline":"Portugal finalista de la Liga de Naciones","datePublished":"2025-06-05T05:16:07+00:00","mainEntityOfPage":{"@id":"https:\/\/esbozodeportivo.com\/index.php\/2025\/06\/04\/portugal-finalista-de-la-liga-de-naciones\/"},"wordCount":280,"publisher":{"@id":"https:\/\/esbozodeportivo.com\/#organization"},"image":{"@id":"https:\/\/esbozodeportivo.com\/index.php\/2025\/06\/04\/portugal-finalista-de-la-liga-de-naciones\/#primaryimage"},"thumbnailUrl":"https:\/\/esbozodeportivo.com\/wp-content\/uploads\/2025\/06\/futbol.jpg","articleSection":["Futbol Internacional"],"inLanguage":"es"},{"@type":"WebPage","@id":"https:\/\/esbozodeportivo.com\/index.php\/2025\/06\/04\/portugal-finalista-de-la-liga-de-naciones\/","url":"https:\/\/esbozodeportivo.com\/index.php\/2025\/06\/04\/portugal-finalista-de-la-liga-de-naciones\/","name":"Portugal finalista de la Liga de Naciones - Esbozo Deportivo","isPartOf":{"@id":"https:\/\/esbozodeportivo.com\/#website"},"primaryImageOfPage":{"@id":"https:\/\/esbozodeportivo.com\/index.php\/2025\/06\/04\/portugal-finalista-de-la-liga-de-naciones\/#primaryimage"},"image":{"@id":"https:\/\/esbozodeportivo.com\/index.php\/2025\/06\/04\/portugal-finalista-de-la-liga-de-naciones\/#primaryimage"},"thumbnailUrl":"https:\/\/esbozodeportivo.com\/wp-content\/uploads\/2025\/06\/futbol.jpg","datePublished":"2025-06-05T05:16:07+00:00","description":"Ronaldo se convirti\u00f3 en el jugador de mayor edad en marcar contra Alemania y puso fin a su \u201cmaldici\u00f3n\u201d contra los germanos. La exestrella del Real Madrid hab\u00eda perdido cada uno de los cinco partidos anteriores que hab\u00eda jugado contra Alemania.","breadcrumb":{"@id":"https:\/\/esbozodeportivo.com\/index.php\/2025\/06\/04\/portugal-finalista-de-la-liga-de-naciones\/#breadcrumb"},"inLanguage":"es","potentialAction":[{"@type":"ReadAction","target":["https:\/\/esbozodeportivo.com\/index.php\/2025\/06\/04\/portugal-finalista-de-la-liga-de-naciones\/"]}]},{"@type":"ImageObject","inLanguage":"es","@id":"https:\/\/esbozodeportivo.com\/index.php\/2025\/06\/04\/portugal-finalista-de-la-liga-de-naciones\/#primaryimage","url":"https:\/\/esbozodeportivo.com\/wp-content\/uploads\/2025\/06\/futbol.jpg","contentUrl":"https:\/\/esbozodeportivo.com\/wp-content\/uploads\/2025\/06\/futbol.jpg","width":1440,"height":960},{"@type":"BreadcrumbList","@id":"https:\/\/esbozodeportivo.com\/index.php\/2025\/06\/04\/portugal-finalista-de-la-liga-de-naciones\/#breadcrumb","itemListElement":[{"@type":"ListItem","position":1,"name":"Inicio","item":"https:\/\/esbozodeportivo.com\/"},{"@type":"ListItem","position":2,"name":"Portugal finalista de la Liga de Naciones"}]},{"@type":"WebSite","@id":"https:\/\/esbozodeportivo.com\/#website","url":"https:\/\/esbozodeportivo.com\/","name":"Esbozo Deportivo","description":"Lo m\u00e1s importante del Deporte","publisher":{"@id":"https:\/\/esbozodeportivo.com\/#organization"},"potentialAction":[{"@type":"SearchAction","target":{"@type":"EntryPoint","urlTemplate":"https:\/\/esbozodeportivo.com\/?s={search_term_string}"},"query-input":{"@type":"PropertyValueSpecification","valueRequired":true,"valueName":"search_term_string"}}],"inLanguage":"es"},{"@type":"Organization","@id":"https:\/\/esbozodeportivo.com\/#organization","name":"Esbozo Deportivo","url":"https:\/\/esbozodeportivo.com\/","logo":{"@type":"ImageObject","inLanguage":"es","@id":"https:\/\/esbozodeportivo.com\/#\/schema\/logo\/image\/","url":"https:\/\/esbozodeportivo.com\/wp-content\/uploads\/2022\/08\/cropped-Logo-Esbozo-Web-2.png","contentUrl":"https:\/\/esbozodeportivo.com\/wp-content\/uploads\/2022\/08\/cropped-Logo-Esbozo-Web-2.png","width":180,"height":50,"caption":"Esbozo Deportivo"},"image":{"@id":"https:\/\/esbozodeportivo.com\/#\/schema\/logo\/image\/"}},{"@type":"Person","@id":"https:\/\/esbozodeportivo.com\/#\/schema\/person\/0f6df9196dfe6740dd0bb31bae50d374","name":"Redacci\u00f3n","image":{"@type":"ImageObject","inLanguage":"es","@id":"https:\/\/esbozodeportivo.com\/#\/schema\/person\/image\/","url":"https:\/\/secure.gravatar.com\/avatar\/f55268a89c3b418f2ef172ff52ab0d09b3e653c58de29539fe329fb93d78ebf3?s=96&d=mm&r=g","contentUrl":"https:\/\/secure.gravatar.com\/avatar\/f55268a89c3b418f2ef172ff52ab0d09b3e653c58de29539fe329fb93d78ebf3?s=96&d=mm&r=g","caption":"Redacci\u00f3n"},"url":"https:\/\/esbozodeportivo.com\/index.php\/author\/redaccion\/"}]}},"jetpack_featured_media_url":"https:\/\/esbozodeportivo.com\/wp-content\/uploads\/2025\/06\/futbol.jpg","jetpack_sharing_enabled":true,"_links":{"self":[{"href":"https:\/\/esbozodeportivo.com\/index.php\/wp-json\/wp\/v2\/posts\/7842","targetHints":{"allow":["GET"]}}],"collection":[{"href":"https:\/\/esbozodeportivo.com\/index.php\/wp-json\/wp\/v2\/posts"}],"about":[{"href":"https:\/\/esbozodeportivo.com\/index.php\/wp-json\/wp\/v2\/types\/post"}],"author":[{"embeddable":true,"href":"https:\/\/esbozodeportivo.com\/index.php\/wp-json\/wp\/v2\/users\/4"}],"replies":[{"embeddable":true,"href":"https:\/\/esbozodeportivo.com\/index.php\/wp-json\/wp\/v2\/comments?post=7842"}],"version-history":[{"count":1,"href":"https:\/\/esbozodeportivo.com\/index.php\/wp-json\/wp\/v2\/posts\/7842\/revisions"}],"predecessor-version":[{"id":7843,"href":"https:\/\/esbozodeportivo.com\/index.php\/wp-json\/wp\/v2\/posts\/7842\/revisions\/7843"}],"wp:featuredmedia":[{"embeddable":true,"href":"https:\/\/esbozodeportivo.com\/index.php\/wp-json\/wp\/v2\/media\/7833"}],"wp:attachment":[{"href":"https:\/\/esbozodeportivo.com\/index.php\/wp-json\/wp\/v2\/media?parent=7842"}],"wp:term":[{"taxonomy":"category","embeddable":true,"href":"https:\/\/esbozodeportivo.com\/index.php\/wp-json\/wp\/v2\/categories?post=7842"},{"taxonomy":"post_tag","embeddable":true,"href":"https:\/\/esbozodeportivo.com\/index.php\/wp-json\/wp\/v2\/tags?post=7842"}],"curies":[{"name":"wp","href":"https:\/\/api.w.org\/{rel}","templated":true}]}}