{"id":7845,"date":"2025-06-07T00:58:08","date_gmt":"2025-06-07T06:58:08","guid":{"rendered":"https:\/\/esbozodeportivo.com\/?p=7845"},"modified":"2025-06-07T00:58:08","modified_gmt":"2025-06-07T06:58:08","slug":"david-beckham-sera-nombrado-caballero","status":"publish","type":"post","link":"https:\/\/esbozodeportivo.com\/index.php\/2025\/06\/07\/david-beckham-sera-nombrado-caballero\/","title":{"rendered":"David Beckham ser\u00e1 nombrado caballero"},"content":{"rendered":"\n<p>(Foto: Agencias) <\/p>\n\n\n\n<p><strong>David Beckham<\/strong>, el ex capit\u00e1n de la selecci\u00f3n inglesa de f\u00fatbol y que ha sido embajador del fondo de las <strong>Naciones Unidas<\/strong> para la infancia durante dos d\u00e9cadas, recibir\u00e1 el t\u00edtulo de caballero como parte de la lista de honores de la pr\u00f3xima semana del rey <strong>Carlos III<\/strong>, seg\u00fan informaron el viernes medios brit\u00e1nicos.<\/p>\n\n\n\n<p>Sin citar fuentes, la BBC dijo que <strong>Beckham<\/strong> est\u00e1 a punto de recibir un mayor reconocimiento tanto por su carrera futbol\u00edstica como por sus contribuciones a la sociedad brit\u00e1nica.<\/p>\n\n\n\n<p>El t\u00edtulo de caballero convertir\u00e1 a <strong>Beckham en \u201cSir David<\/strong>\u201d, mientras que su esposa desde 1999, la exintegrante de las <strong>Spice Girls Victoria Beckham<\/strong>, se convertir\u00e1 en <strong>\u201cLady Beckham\u201d.<\/strong><\/p>\n\n\n\n<p>En 2003, <strong>Beckham<\/strong> fue galardonado con la <strong>Orden del Imperio Brit\u00e1nico<\/strong>, o OBE, por sus servicios al f\u00fatbol. <strong>Victoria Beckham<\/strong> recibi\u00f3 el mismo honor por sus servicios a la industria de la moda en una lista de Honores de A\u00f1o Nuevo posterior.<\/p>\n\n\n\n<p>La oficina del primer ministro <strong>Keir Starmer<\/strong> no confirm\u00f3 los informes de prensa, como es costumbre. El <strong>Palacio de Buckingham<\/strong> declin\u00f3 hacer comentarios.<\/p>\n\n\n\n<p>The Associated Press no ha podido confirmar de manera independiente la concesi\u00f3n del t\u00edtulo de caballero, que fue reportado por primera vez en el peri\u00f3dico sensacionalista The Sun.<\/p>\n\n\n\n<p>En un video publicado por The Sun del Chelsea Flower Show a principios de este mes, se ve al rey pregunt\u00e1ndole a <strong>Beckham <\/strong>si \u201crecibi\u00f3 su regalo de cumplea\u00f1os n\u00famero 50&#8243;. El rey parec\u00eda decir \u201cMe alegra que te haya llegado\u201d, a lo que <strong>Beckham <\/strong>respondi\u00f3: \u201cFue incre\u00edble, gracias, fue muy amable\u201d.<\/p>\n\n\n\n<p><strong>Beckham<\/strong> y el rey se han cruzado en numerosas ocasiones, incluso en funciones de estado. El a\u00f1o pasado, <strong>Beckham<\/strong> se convirti\u00f3 en embajador de <strong>The King\u2019s Foundation<\/strong>, una organizaci\u00f3n ben\u00e9fica educativa y de sostenibilidad que Carlos lanz\u00f3 en 1990.<\/p>\n\n\n\n<p><\/p>\n","protected":false},"excerpt":{"rendered":"<p>(Foto: Agencias) David Beckham, el ex capit\u00e1n de la selecci\u00f3n inglesa de f\u00fatbol y que<\/p>\n","protected":false},"author":4,"featured_media":7850,"comment_status":"closed","ping_status":"open","sticky":false,"template":"","format":"standard","meta":{"_jetpack_memberships_contains_paid_content":false,"footnotes":""},"categories":[14],"tags":[],"class_list":["post-7845","post","type-post","status-publish","format-standard","has-post-thumbnail","hentry","category-futbol"],"yoast_head":"<!-- This site is optimized with the Yoast SEO plugin v25.7 - https:\/\/yoast.com\/wordpress\/plugins\/seo\/ -->\n<title>David Beckham ser\u00e1 nombrado caballero - Esbozo Deportivo<\/title>\n<meta name=\"description\" content=\"David Beckham, el ex capit\u00e1n de la selecci\u00f3n inglesa de f\u00fatbol y que ha sido embajador del fondo de las Naciones Unidas para la infancia durante dos d\u00e9cadas, recibir\u00e1 el t\u00edtulo de caballero como parte de la lista de honores de la pr\u00f3xima semana del rey Carlos III, seg\u00fan informaron el viernes medios brit\u00e1nicos.\" \/>\n<meta name=\"robots\" content=\"index, follow, max-snippet:-1, max-image-preview:large, max-video-preview:-1\" \/>\n<link rel=\"canonical\" href=\"https:\/\/esbozodeportivo.com\/index.php\/2025\/06\/07\/david-beckham-sera-nombrado-caballero\/\" \/>\n<meta property=\"og:locale\" content=\"es_MX\" \/>\n<meta property=\"og:type\" content=\"article\" \/>\n<meta property=\"og:title\" content=\"David Beckham ser\u00e1 nombrado caballero - Esbozo Deportivo\" \/>\n<meta property=\"og:description\" content=\"David Beckham, el ex capit\u00e1n de la selecci\u00f3n inglesa de f\u00fatbol y que ha sido embajador del fondo de las Naciones Unidas para la infancia durante dos d\u00e9cadas, recibir\u00e1 el t\u00edtulo de caballero como parte de la lista de honores de la pr\u00f3xima semana del rey Carlos III, seg\u00fan informaron el viernes medios brit\u00e1nicos.\" \/>\n<meta property=\"og:url\" content=\"https:\/\/esbozodeportivo.com\/index.php\/2025\/06\/07\/david-beckham-sera-nombrado-caballero\/\" \/>\n<meta property=\"og:site_name\" content=\"Esbozo Deportivo\" \/>\n<meta property=\"article:published_time\" content=\"2025-06-07T06:58:08+00:00\" \/>\n<meta property=\"og:image\" content=\"https:\/\/esbozodeportivo.com\/wp-content\/uploads\/2025\/06\/Davis.jpg\" \/>\n\t<meta property=\"og:image:width\" content=\"980\" \/>\n\t<meta property=\"og:image:height\" content=\"653\" \/>\n\t<meta property=\"og:image:type\" content=\"image\/jpeg\" \/>\n<meta name=\"author\" content=\"Redacci\u00f3n\" \/>\n<meta name=\"twitter:card\" content=\"summary_large_image\" \/>\n<meta name=\"twitter:label1\" content=\"Escrito por\" \/>\n\t<meta name=\"twitter:data1\" content=\"Redacci\u00f3n\" \/>\n\t<meta name=\"twitter:label2\" content=\"Tiempo de lectura\" \/>\n\t<meta name=\"twitter:data2\" content=\"2 minutos\" \/>\n<script type=\"application\/ld+json\" class=\"yoast-schema-graph\">{\"@context\":\"https:\/\/schema.org\",\"@graph\":[{\"@type\":\"Article\",\"@id\":\"https:\/\/esbozodeportivo.com\/index.php\/2025\/06\/07\/david-beckham-sera-nombrado-caballero\/#article\",\"isPartOf\":{\"@id\":\"https:\/\/esbozodeportivo.com\/index.php\/2025\/06\/07\/david-beckham-sera-nombrado-caballero\/\"},\"author\":{\"name\":\"Redacci\u00f3n\",\"@id\":\"https:\/\/esbozodeportivo.com\/#\/schema\/person\/0f6df9196dfe6740dd0bb31bae50d374\"},\"headline\":\"David Beckham ser\u00e1 nombrado caballero\",\"datePublished\":\"2025-06-07T06:58:08+00:00\",\"mainEntityOfPage\":{\"@id\":\"https:\/\/esbozodeportivo.com\/index.php\/2025\/06\/07\/david-beckham-sera-nombrado-caballero\/\"},\"wordCount\":325,\"publisher\":{\"@id\":\"https:\/\/esbozodeportivo.com\/#organization\"},\"image\":{\"@id\":\"https:\/\/esbozodeportivo.com\/index.php\/2025\/06\/07\/david-beckham-sera-nombrado-caballero\/#primaryimage\"},\"thumbnailUrl\":\"https:\/\/esbozodeportivo.com\/wp-content\/uploads\/2025\/06\/Davis.jpg\",\"articleSection\":[\"Futbol Internacional\"],\"inLanguage\":\"es\"},{\"@type\":\"WebPage\",\"@id\":\"https:\/\/esbozodeportivo.com\/index.php\/2025\/06\/07\/david-beckham-sera-nombrado-caballero\/\",\"url\":\"https:\/\/esbozodeportivo.com\/index.php\/2025\/06\/07\/david-beckham-sera-nombrado-caballero\/\",\"name\":\"David Beckham ser\u00e1 nombrado caballero - Esbozo Deportivo\",\"isPartOf\":{\"@id\":\"https:\/\/esbozodeportivo.com\/#website\"},\"primaryImageOfPage\":{\"@id\":\"https:\/\/esbozodeportivo.com\/index.php\/2025\/06\/07\/david-beckham-sera-nombrado-caballero\/#primaryimage\"},\"image\":{\"@id\":\"https:\/\/esbozodeportivo.com\/index.php\/2025\/06\/07\/david-beckham-sera-nombrado-caballero\/#primaryimage\"},\"thumbnailUrl\":\"https:\/\/esbozodeportivo.com\/wp-content\/uploads\/2025\/06\/Davis.jpg\",\"datePublished\":\"2025-06-07T06:58:08+00:00\",\"description\":\"David Beckham, el ex capit\u00e1n de la selecci\u00f3n inglesa de f\u00fatbol y que ha sido embajador del fondo de las Naciones Unidas para la infancia durante dos d\u00e9cadas, recibir\u00e1 el t\u00edtulo de caballero como parte de la lista de honores de la pr\u00f3xima semana del rey Carlos III, seg\u00fan informaron el viernes medios brit\u00e1nicos.\",\"breadcrumb\":{\"@id\":\"https:\/\/esbozodeportivo.com\/index.php\/2025\/06\/07\/david-beckham-sera-nombrado-caballero\/#breadcrumb\"},\"inLanguage\":\"es\",\"potentialAction\":[{\"@type\":\"ReadAction\",\"target\":[\"https:\/\/esbozodeportivo.com\/index.php\/2025\/06\/07\/david-beckham-sera-nombrado-caballero\/\"]}]},{\"@type\":\"ImageObject\",\"inLanguage\":\"es\",\"@id\":\"https:\/\/esbozodeportivo.com\/index.php\/2025\/06\/07\/david-beckham-sera-nombrado-caballero\/#primaryimage\",\"url\":\"https:\/\/esbozodeportivo.com\/wp-content\/uploads\/2025\/06\/Davis.jpg\",\"contentUrl\":\"https:\/\/esbozodeportivo.com\/wp-content\/uploads\/2025\/06\/Davis.jpg\",\"width\":980,\"height\":653},{\"@type\":\"BreadcrumbList\",\"@id\":\"https:\/\/esbozodeportivo.com\/index.php\/2025\/06\/07\/david-beckham-sera-nombrado-caballero\/#breadcrumb\",\"itemListElement\":[{\"@type\":\"ListItem\",\"position\":1,\"name\":\"Inicio\",\"item\":\"https:\/\/esbozodeportivo.com\/\"},{\"@type\":\"ListItem\",\"position\":2,\"name\":\"David Beckham ser\u00e1 nombrado caballero\"}]},{\"@type\":\"WebSite\",\"@id\":\"https:\/\/esbozodeportivo.com\/#website\",\"url\":\"https:\/\/esbozodeportivo.com\/\",\"name\":\"Esbozo Deportivo\",\"description\":\"Lo m\u00e1s importante del Deporte\",\"publisher\":{\"@id\":\"https:\/\/esbozodeportivo.com\/#organization\"},\"potentialAction\":[{\"@type\":\"SearchAction\",\"target\":{\"@type\":\"EntryPoint\",\"urlTemplate\":\"https:\/\/esbozodeportivo.com\/?s={search_term_string}\"},\"query-input\":{\"@type\":\"PropertyValueSpecification\",\"valueRequired\":true,\"valueName\":\"search_term_string\"}}],\"inLanguage\":\"es\"},{\"@type\":\"Organization\",\"@id\":\"https:\/\/esbozodeportivo.com\/#organization\",\"name\":\"Esbozo Deportivo\",\"url\":\"https:\/\/esbozodeportivo.com\/\",\"logo\":{\"@type\":\"ImageObject\",\"inLanguage\":\"es\",\"@id\":\"https:\/\/esbozodeportivo.com\/#\/schema\/logo\/image\/\",\"url\":\"https:\/\/esbozodeportivo.com\/wp-content\/uploads\/2022\/08\/cropped-Logo-Esbozo-Web-2.png\",\"contentUrl\":\"https:\/\/esbozodeportivo.com\/wp-content\/uploads\/2022\/08\/cropped-Logo-Esbozo-Web-2.png\",\"width\":180,\"height\":50,\"caption\":\"Esbozo Deportivo\"},\"image\":{\"@id\":\"https:\/\/esbozodeportivo.com\/#\/schema\/logo\/image\/\"}},{\"@type\":\"Person\",\"@id\":\"https:\/\/esbozodeportivo.com\/#\/schema\/person\/0f6df9196dfe6740dd0bb31bae50d374\",\"name\":\"Redacci\u00f3n\",\"image\":{\"@type\":\"ImageObject\",\"inLanguage\":\"es\",\"@id\":\"https:\/\/esbozodeportivo.com\/#\/schema\/person\/image\/\",\"url\":\"https:\/\/secure.gravatar.com\/avatar\/f55268a89c3b418f2ef172ff52ab0d09b3e653c58de29539fe329fb93d78ebf3?s=96&d=mm&r=g\",\"contentUrl\":\"https:\/\/secure.gravatar.com\/avatar\/f55268a89c3b418f2ef172ff52ab0d09b3e653c58de29539fe329fb93d78ebf3?s=96&d=mm&r=g\",\"caption\":\"Redacci\u00f3n\"},\"url\":\"https:\/\/esbozodeportivo.com\/index.php\/author\/redaccion\/\"}]}<\/script>\n<!-- \/ Yoast SEO plugin. -->","yoast_head_json":{"title":"David Beckham ser\u00e1 nombrado caballero - Esbozo Deportivo","description":"David Beckham, el ex capit\u00e1n de la selecci\u00f3n inglesa de f\u00fatbol y que ha sido embajador del fondo de las Naciones Unidas para la infancia durante dos d\u00e9cadas, recibir\u00e1 el t\u00edtulo de caballero como parte de la lista de honores de la pr\u00f3xima semana del rey Carlos III, seg\u00fan informaron el viernes medios brit\u00e1nicos.","robots":{"index":"index","follow":"follow","max-snippet":"max-snippet:-1","max-image-preview":"max-image-preview:large","max-video-preview":"max-video-preview:-1"},"canonical":"https:\/\/esbozodeportivo.com\/index.php\/2025\/06\/07\/david-beckham-sera-nombrado-caballero\/","og_locale":"es_MX","og_type":"article","og_title":"David Beckham ser\u00e1 nombrado caballero - Esbozo Deportivo","og_description":"David Beckham, el ex capit\u00e1n de la selecci\u00f3n inglesa de f\u00fatbol y que ha sido embajador del fondo de las Naciones Unidas para la infancia durante dos d\u00e9cadas, recibir\u00e1 el t\u00edtulo de caballero como parte de la lista de honores de la pr\u00f3xima semana del rey Carlos III, seg\u00fan informaron el viernes medios brit\u00e1nicos.","og_url":"https:\/\/esbozodeportivo.com\/index.php\/2025\/06\/07\/david-beckham-sera-nombrado-caballero\/","og_site_name":"Esbozo Deportivo","article_published_time":"2025-06-07T06:58:08+00:00","og_image":[{"width":980,"height":653,"url":"https:\/\/esbozodeportivo.com\/wp-content\/uploads\/2025\/06\/Davis.jpg","type":"image\/jpeg"}],"author":"Redacci\u00f3n","twitter_card":"summary_large_image","twitter_misc":{"Escrito por":"Redacci\u00f3n","Tiempo de lectura":"2 minutos"},"schema":{"@context":"https:\/\/schema.org","@graph":[{"@type":"Article","@id":"https:\/\/esbozodeportivo.com\/index.php\/2025\/06\/07\/david-beckham-sera-nombrado-caballero\/#article","isPartOf":{"@id":"https:\/\/esbozodeportivo.com\/index.php\/2025\/06\/07\/david-beckham-sera-nombrado-caballero\/"},"author":{"name":"Redacci\u00f3n","@id":"https:\/\/esbozodeportivo.com\/#\/schema\/person\/0f6df9196dfe6740dd0bb31bae50d374"},"headline":"David Beckham ser\u00e1 nombrado caballero","datePublished":"2025-06-07T06:58:08+00:00","mainEntityOfPage":{"@id":"https:\/\/esbozodeportivo.com\/index.php\/2025\/06\/07\/david-beckham-sera-nombrado-caballero\/"},"wordCount":325,"publisher":{"@id":"https:\/\/esbozodeportivo.com\/#organization"},"image":{"@id":"https:\/\/esbozodeportivo.com\/index.php\/2025\/06\/07\/david-beckham-sera-nombrado-caballero\/#primaryimage"},"thumbnailUrl":"https:\/\/esbozodeportivo.com\/wp-content\/uploads\/2025\/06\/Davis.jpg","articleSection":["Futbol Internacional"],"inLanguage":"es"},{"@type":"WebPage","@id":"https:\/\/esbozodeportivo.com\/index.php\/2025\/06\/07\/david-beckham-sera-nombrado-caballero\/","url":"https:\/\/esbozodeportivo.com\/index.php\/2025\/06\/07\/david-beckham-sera-nombrado-caballero\/","name":"David Beckham ser\u00e1 nombrado caballero - Esbozo Deportivo","isPartOf":{"@id":"https:\/\/esbozodeportivo.com\/#website"},"primaryImageOfPage":{"@id":"https:\/\/esbozodeportivo.com\/index.php\/2025\/06\/07\/david-beckham-sera-nombrado-caballero\/#primaryimage"},"image":{"@id":"https:\/\/esbozodeportivo.com\/index.php\/2025\/06\/07\/david-beckham-sera-nombrado-caballero\/#primaryimage"},"thumbnailUrl":"https:\/\/esbozodeportivo.com\/wp-content\/uploads\/2025\/06\/Davis.jpg","datePublished":"2025-06-07T06:58:08+00:00","description":"David Beckham, el ex capit\u00e1n de la selecci\u00f3n inglesa de f\u00fatbol y que ha sido embajador del fondo de las Naciones Unidas para la infancia durante dos d\u00e9cadas, recibir\u00e1 el t\u00edtulo de caballero como parte de la lista de honores de la pr\u00f3xima semana del rey Carlos III, seg\u00fan informaron el viernes medios brit\u00e1nicos.","breadcrumb":{"@id":"https:\/\/esbozodeportivo.com\/index.php\/2025\/06\/07\/david-beckham-sera-nombrado-caballero\/#breadcrumb"},"inLanguage":"es","potentialAction":[{"@type":"ReadAction","target":["https:\/\/esbozodeportivo.com\/index.php\/2025\/06\/07\/david-beckham-sera-nombrado-caballero\/"]}]},{"@type":"ImageObject","inLanguage":"es","@id":"https:\/\/esbozodeportivo.com\/index.php\/2025\/06\/07\/david-beckham-sera-nombrado-caballero\/#primaryimage","url":"https:\/\/esbozodeportivo.com\/wp-content\/uploads\/2025\/06\/Davis.jpg","contentUrl":"https:\/\/esbozodeportivo.com\/wp-content\/uploads\/2025\/06\/Davis.jpg","width":980,"height":653},{"@type":"BreadcrumbList","@id":"https:\/\/esbozodeportivo.com\/index.php\/2025\/06\/07\/david-beckham-sera-nombrado-caballero\/#breadcrumb","itemListElement":[{"@type":"ListItem","position":1,"name":"Inicio","item":"https:\/\/esbozodeportivo.com\/"},{"@type":"ListItem","position":2,"name":"David Beckham ser\u00e1 nombrado caballero"}]},{"@type":"WebSite","@id":"https:\/\/esbozodeportivo.com\/#website","url":"https:\/\/esbozodeportivo.com\/","name":"Esbozo Deportivo","description":"Lo m\u00e1s importante del Deporte","publisher":{"@id":"https:\/\/esbozodeportivo.com\/#organization"},"potentialAction":[{"@type":"SearchAction","target":{"@type":"EntryPoint","urlTemplate":"https:\/\/esbozodeportivo.com\/?s={search_term_string}"},"query-input":{"@type":"PropertyValueSpecification","valueRequired":true,"valueName":"search_term_string"}}],"inLanguage":"es"},{"@type":"Organization","@id":"https:\/\/esbozodeportivo.com\/#organization","name":"Esbozo Deportivo","url":"https:\/\/esbozodeportivo.com\/","logo":{"@type":"ImageObject","inLanguage":"es","@id":"https:\/\/esbozodeportivo.com\/#\/schema\/logo\/image\/","url":"https:\/\/esbozodeportivo.com\/wp-content\/uploads\/2022\/08\/cropped-Logo-Esbozo-Web-2.png","contentUrl":"https:\/\/esbozodeportivo.com\/wp-content\/uploads\/2022\/08\/cropped-Logo-Esbozo-Web-2.png","width":180,"height":50,"caption":"Esbozo Deportivo"},"image":{"@id":"https:\/\/esbozodeportivo.com\/#\/schema\/logo\/image\/"}},{"@type":"Person","@id":"https:\/\/esbozodeportivo.com\/#\/schema\/person\/0f6df9196dfe6740dd0bb31bae50d374","name":"Redacci\u00f3n","image":{"@type":"ImageObject","inLanguage":"es","@id":"https:\/\/esbozodeportivo.com\/#\/schema\/person\/image\/","url":"https:\/\/secure.gravatar.com\/avatar\/f55268a89c3b418f2ef172ff52ab0d09b3e653c58de29539fe329fb93d78ebf3?s=96&d=mm&r=g","contentUrl":"https:\/\/secure.gravatar.com\/avatar\/f55268a89c3b418f2ef172ff52ab0d09b3e653c58de29539fe329fb93d78ebf3?s=96&d=mm&r=g","caption":"Redacci\u00f3n"},"url":"https:\/\/esbozodeportivo.com\/index.php\/author\/redaccion\/"}]}},"jetpack_featured_media_url":"https:\/\/esbozodeportivo.com\/wp-content\/uploads\/2025\/06\/Davis.jpg","jetpack_sharing_enabled":true,"_links":{"self":[{"href":"https:\/\/esbozodeportivo.com\/index.php\/wp-json\/wp\/v2\/posts\/7845","targetHints":{"allow":["GET"]}}],"collection":[{"href":"https:\/\/esbozodeportivo.com\/index.php\/wp-json\/wp\/v2\/posts"}],"about":[{"href":"https:\/\/esbozodeportivo.com\/index.php\/wp-json\/wp\/v2\/types\/post"}],"author":[{"embeddable":true,"href":"https:\/\/esbozodeportivo.com\/index.php\/wp-json\/wp\/v2\/users\/4"}],"replies":[{"embeddable":true,"href":"https:\/\/esbozodeportivo.com\/index.php\/wp-json\/wp\/v2\/comments?post=7845"}],"version-history":[{"count":1,"href":"https:\/\/esbozodeportivo.com\/index.php\/wp-json\/wp\/v2\/posts\/7845\/revisions"}],"predecessor-version":[{"id":7853,"href":"https:\/\/esbozodeportivo.com\/index.php\/wp-json\/wp\/v2\/posts\/7845\/revisions\/7853"}],"wp:featuredmedia":[{"embeddable":true,"href":"https:\/\/esbozodeportivo.com\/index.php\/wp-json\/wp\/v2\/media\/7850"}],"wp:attachment":[{"href":"https:\/\/esbozodeportivo.com\/index.php\/wp-json\/wp\/v2\/media?parent=7845"}],"wp:term":[{"taxonomy":"category","embeddable":true,"href":"https:\/\/esbozodeportivo.com\/index.php\/wp-json\/wp\/v2\/categories?post=7845"},{"taxonomy":"post_tag","embeddable":true,"href":"https:\/\/esbozodeportivo.com\/index.php\/wp-json\/wp\/v2\/tags?post=7845"}],"curies":[{"name":"wp","href":"https:\/\/api.w.org\/{rel}","templated":true}]}}