{"id":7854,"date":"2025-06-07T01:00:29","date_gmt":"2025-06-07T07:00:29","guid":{"rendered":"https:\/\/esbozodeportivo.com\/?p=7854"},"modified":"2025-06-07T01:00:30","modified_gmt":"2025-06-07T07:00:30","slug":"sinner-alcaraz-la-final-varonil","status":"publish","type":"post","link":"https:\/\/esbozodeportivo.com\/index.php\/2025\/06\/07\/sinner-alcaraz-la-final-varonil\/","title":{"rendered":"Sinner-Alcaraz, la final varonil"},"content":{"rendered":"\n<p>(Foto: Agencias) <\/p>\n\n\n\n<p>El n\u00famero uno del mundo <strong>Jannik Sinner<\/strong> venci\u00f3 el viernes 6-4, 7-5, 7-6 (3) a <strong>Novak Djokovic<\/strong> para pactar una final del <strong>Abierto de Francia<\/strong> contra <strong>Carlos Alcaraz,<\/strong> el campe\u00f3n defensor.<\/p>\n\n\n\n<p><strong>Sinner<\/strong> no ha perdido un set en su camino a su primera final en <strong>Roland Garros<\/strong>, pero <strong>Alcaraz<\/strong> ha ganado los \u00faltimos cuatro enfrentamientos entre ambos y lo supera por 7-4 en la foja hist\u00f3rica. <strong>Sinner <\/strong>busca su cuarto t\u00edtulo importante, <strong>Alcaraz<\/strong> su quinto.<\/p>\n\n\n\n<p><strong>Djokovic,<\/strong> quien tiene el r\u00e9cord con 24 t\u00edtulos de <strong>Grand Slam<\/strong>, no pudo contrarrestar la precisi\u00f3n implacable ni los potentes derechazos de <strong>Sinner<\/strong> en la cancha <strong>Philippe Chatrier.<\/strong><\/p>\n\n\n\n<p>\u201cIntent\u00e9 mantenerme mentalmente, tratando de jugar cada punto de la manera correcta con buena intensidad\u201d, dijo <strong>Sinner<\/strong>. \u201cTienes que estar listo para contraatacar. Por eso es muy importante estar concentrado, \u00bfno? Porque si te duermes, entonces el partido se va\u201d.<\/p>\n\n\n\n<p><strong>Sinner<\/strong> se convirti\u00f3 en el segundo hombre italiano en alcanzar la final en <strong>Roland Garros <\/strong>en la era abierta, que comenz\u00f3 en 1968, despu\u00e9s de <strong>Adriano Panatta<\/strong>, el campe\u00f3n de 1976.<\/p>\n\n\n\n<p><strong>Djokovic<\/strong> luch\u00f3 en el tercer set, pero se desmoron\u00f3 en el desempate, fallando de alguna manera un f\u00e1cil remate en la red para quedar 3-0 abajo. Luego perdi\u00f3 en el segundo punto de partido que enfrent\u00f3 cuando su derecha golpe\u00f3 la red.<\/p>\n\n\n\n<p>El italiano extendi\u00f3 su racha ganadora en torneos de <strong>Grand Slam<\/strong> a 20 partidos, despu\u00e9s de conquistar el <strong>Abierto de Estados Unidos<\/strong> y el de <strong>Australia.<\/strong><\/p>\n\n\n\n<p><strong>Djokovic<\/strong> aspiraba a extender su r\u00e9cord con su 38va final de <strong>Grand Slam<\/strong> y la octava en Par\u00eds, donde se coron\u00f3 ya tres veces. Pero pas\u00f3 gran parte de la semifinal a la expectativa detr\u00e1s de la l\u00ednea de fondo, desliz\u00e1ndose al m\u00e1ximo y gru\u00f1endo en voz alta mientras Sinner lo enviaba de un lado a otro como un limpiaparabrisas.<\/p>\n\n\n\n<p><\/p>\n","protected":false},"excerpt":{"rendered":"<p>(Foto: Agencias) El n\u00famero uno del mundo Jannik Sinner venci\u00f3 el viernes 6-4, 7-5, 7-6<\/p>\n","protected":false},"author":4,"featured_media":7852,"comment_status":"closed","ping_status":"open","sticky":false,"template":"","format":"standard","meta":{"_jetpack_memberships_contains_paid_content":false,"footnotes":""},"categories":[12],"tags":[],"class_list":["post-7854","post","type-post","status-publish","format-standard","has-post-thumbnail","hentry","category-tenis-internacional"],"yoast_head":"<!-- This site is optimized with the Yoast SEO plugin v25.7 - https:\/\/yoast.com\/wordpress\/plugins\/seo\/ -->\n<title>Sinner-Alcaraz, la final varonil - Esbozo Deportivo<\/title>\n<meta name=\"description\" content=\"El n\u00famero uno del mundo Jannik Sinner venci\u00f3 el viernes 6-4, 7-5, 7-6 (3) a Novak Djokovic para pactar una final del Abierto de Francia contra Carlos Alcaraz, el campe\u00f3n defensor.\" \/>\n<meta name=\"robots\" content=\"index, follow, max-snippet:-1, max-image-preview:large, max-video-preview:-1\" \/>\n<link rel=\"canonical\" href=\"https:\/\/esbozodeportivo.com\/index.php\/2025\/06\/07\/sinner-alcaraz-la-final-varonil\/\" \/>\n<meta property=\"og:locale\" content=\"es_MX\" \/>\n<meta property=\"og:type\" content=\"article\" \/>\n<meta property=\"og:title\" content=\"Sinner-Alcaraz, la final varonil - Esbozo Deportivo\" \/>\n<meta property=\"og:description\" content=\"El n\u00famero uno del mundo Jannik Sinner venci\u00f3 el viernes 6-4, 7-5, 7-6 (3) a Novak Djokovic para pactar una final del Abierto de Francia contra Carlos Alcaraz, el campe\u00f3n defensor.\" \/>\n<meta property=\"og:url\" content=\"https:\/\/esbozodeportivo.com\/index.php\/2025\/06\/07\/sinner-alcaraz-la-final-varonil\/\" \/>\n<meta property=\"og:site_name\" content=\"Esbozo Deportivo\" \/>\n<meta property=\"article:published_time\" content=\"2025-06-07T07:00:29+00:00\" \/>\n<meta property=\"article:modified_time\" content=\"2025-06-07T07:00:30+00:00\" \/>\n<meta property=\"og:image\" content=\"https:\/\/esbozodeportivo.com\/wp-content\/uploads\/2025\/06\/TEnis-5.jpg\" \/>\n\t<meta property=\"og:image:width\" content=\"1440\" \/>\n\t<meta property=\"og:image:height\" content=\"960\" \/>\n\t<meta property=\"og:image:type\" content=\"image\/jpeg\" \/>\n<meta name=\"author\" content=\"Redacci\u00f3n\" \/>\n<meta name=\"twitter:card\" content=\"summary_large_image\" \/>\n<meta name=\"twitter:label1\" content=\"Escrito por\" \/>\n\t<meta name=\"twitter:data1\" content=\"Redacci\u00f3n\" \/>\n\t<meta name=\"twitter:label2\" content=\"Tiempo de lectura\" \/>\n\t<meta name=\"twitter:data2\" content=\"2 minutos\" \/>\n<script type=\"application\/ld+json\" class=\"yoast-schema-graph\">{\"@context\":\"https:\/\/schema.org\",\"@graph\":[{\"@type\":\"Article\",\"@id\":\"https:\/\/esbozodeportivo.com\/index.php\/2025\/06\/07\/sinner-alcaraz-la-final-varonil\/#article\",\"isPartOf\":{\"@id\":\"https:\/\/esbozodeportivo.com\/index.php\/2025\/06\/07\/sinner-alcaraz-la-final-varonil\/\"},\"author\":{\"name\":\"Redacci\u00f3n\",\"@id\":\"https:\/\/esbozodeportivo.com\/#\/schema\/person\/0f6df9196dfe6740dd0bb31bae50d374\"},\"headline\":\"Sinner-Alcaraz, la final varonil\",\"datePublished\":\"2025-06-07T07:00:29+00:00\",\"dateModified\":\"2025-06-07T07:00:30+00:00\",\"mainEntityOfPage\":{\"@id\":\"https:\/\/esbozodeportivo.com\/index.php\/2025\/06\/07\/sinner-alcaraz-la-final-varonil\/\"},\"wordCount\":321,\"publisher\":{\"@id\":\"https:\/\/esbozodeportivo.com\/#organization\"},\"image\":{\"@id\":\"https:\/\/esbozodeportivo.com\/index.php\/2025\/06\/07\/sinner-alcaraz-la-final-varonil\/#primaryimage\"},\"thumbnailUrl\":\"https:\/\/esbozodeportivo.com\/wp-content\/uploads\/2025\/06\/TEnis-5.jpg\",\"articleSection\":[\"Tenis Internacional\"],\"inLanguage\":\"es\"},{\"@type\":\"WebPage\",\"@id\":\"https:\/\/esbozodeportivo.com\/index.php\/2025\/06\/07\/sinner-alcaraz-la-final-varonil\/\",\"url\":\"https:\/\/esbozodeportivo.com\/index.php\/2025\/06\/07\/sinner-alcaraz-la-final-varonil\/\",\"name\":\"Sinner-Alcaraz, la final varonil - Esbozo Deportivo\",\"isPartOf\":{\"@id\":\"https:\/\/esbozodeportivo.com\/#website\"},\"primaryImageOfPage\":{\"@id\":\"https:\/\/esbozodeportivo.com\/index.php\/2025\/06\/07\/sinner-alcaraz-la-final-varonil\/#primaryimage\"},\"image\":{\"@id\":\"https:\/\/esbozodeportivo.com\/index.php\/2025\/06\/07\/sinner-alcaraz-la-final-varonil\/#primaryimage\"},\"thumbnailUrl\":\"https:\/\/esbozodeportivo.com\/wp-content\/uploads\/2025\/06\/TEnis-5.jpg\",\"datePublished\":\"2025-06-07T07:00:29+00:00\",\"dateModified\":\"2025-06-07T07:00:30+00:00\",\"description\":\"El n\u00famero uno del mundo Jannik Sinner venci\u00f3 el viernes 6-4, 7-5, 7-6 (3) a Novak Djokovic para pactar una final del Abierto de Francia contra Carlos Alcaraz, el campe\u00f3n defensor.\",\"breadcrumb\":{\"@id\":\"https:\/\/esbozodeportivo.com\/index.php\/2025\/06\/07\/sinner-alcaraz-la-final-varonil\/#breadcrumb\"},\"inLanguage\":\"es\",\"potentialAction\":[{\"@type\":\"ReadAction\",\"target\":[\"https:\/\/esbozodeportivo.com\/index.php\/2025\/06\/07\/sinner-alcaraz-la-final-varonil\/\"]}]},{\"@type\":\"ImageObject\",\"inLanguage\":\"es\",\"@id\":\"https:\/\/esbozodeportivo.com\/index.php\/2025\/06\/07\/sinner-alcaraz-la-final-varonil\/#primaryimage\",\"url\":\"https:\/\/esbozodeportivo.com\/wp-content\/uploads\/2025\/06\/TEnis-5.jpg\",\"contentUrl\":\"https:\/\/esbozodeportivo.com\/wp-content\/uploads\/2025\/06\/TEnis-5.jpg\",\"width\":1440,\"height\":960},{\"@type\":\"BreadcrumbList\",\"@id\":\"https:\/\/esbozodeportivo.com\/index.php\/2025\/06\/07\/sinner-alcaraz-la-final-varonil\/#breadcrumb\",\"itemListElement\":[{\"@type\":\"ListItem\",\"position\":1,\"name\":\"Inicio\",\"item\":\"https:\/\/esbozodeportivo.com\/\"},{\"@type\":\"ListItem\",\"position\":2,\"name\":\"Sinner-Alcaraz, la final varonil\"}]},{\"@type\":\"WebSite\",\"@id\":\"https:\/\/esbozodeportivo.com\/#website\",\"url\":\"https:\/\/esbozodeportivo.com\/\",\"name\":\"Esbozo Deportivo\",\"description\":\"Lo m\u00e1s importante del Deporte\",\"publisher\":{\"@id\":\"https:\/\/esbozodeportivo.com\/#organization\"},\"potentialAction\":[{\"@type\":\"SearchAction\",\"target\":{\"@type\":\"EntryPoint\",\"urlTemplate\":\"https:\/\/esbozodeportivo.com\/?s={search_term_string}\"},\"query-input\":{\"@type\":\"PropertyValueSpecification\",\"valueRequired\":true,\"valueName\":\"search_term_string\"}}],\"inLanguage\":\"es\"},{\"@type\":\"Organization\",\"@id\":\"https:\/\/esbozodeportivo.com\/#organization\",\"name\":\"Esbozo Deportivo\",\"url\":\"https:\/\/esbozodeportivo.com\/\",\"logo\":{\"@type\":\"ImageObject\",\"inLanguage\":\"es\",\"@id\":\"https:\/\/esbozodeportivo.com\/#\/schema\/logo\/image\/\",\"url\":\"https:\/\/esbozodeportivo.com\/wp-content\/uploads\/2022\/08\/cropped-Logo-Esbozo-Web-2.png\",\"contentUrl\":\"https:\/\/esbozodeportivo.com\/wp-content\/uploads\/2022\/08\/cropped-Logo-Esbozo-Web-2.png\",\"width\":180,\"height\":50,\"caption\":\"Esbozo Deportivo\"},\"image\":{\"@id\":\"https:\/\/esbozodeportivo.com\/#\/schema\/logo\/image\/\"}},{\"@type\":\"Person\",\"@id\":\"https:\/\/esbozodeportivo.com\/#\/schema\/person\/0f6df9196dfe6740dd0bb31bae50d374\",\"name\":\"Redacci\u00f3n\",\"image\":{\"@type\":\"ImageObject\",\"inLanguage\":\"es\",\"@id\":\"https:\/\/esbozodeportivo.com\/#\/schema\/person\/image\/\",\"url\":\"https:\/\/secure.gravatar.com\/avatar\/f55268a89c3b418f2ef172ff52ab0d09b3e653c58de29539fe329fb93d78ebf3?s=96&d=mm&r=g\",\"contentUrl\":\"https:\/\/secure.gravatar.com\/avatar\/f55268a89c3b418f2ef172ff52ab0d09b3e653c58de29539fe329fb93d78ebf3?s=96&d=mm&r=g\",\"caption\":\"Redacci\u00f3n\"},\"url\":\"https:\/\/esbozodeportivo.com\/index.php\/author\/redaccion\/\"}]}<\/script>\n<!-- \/ Yoast SEO plugin. -->","yoast_head_json":{"title":"Sinner-Alcaraz, la final varonil - Esbozo Deportivo","description":"El n\u00famero uno del mundo Jannik Sinner venci\u00f3 el viernes 6-4, 7-5, 7-6 (3) a Novak Djokovic para pactar una final del Abierto de Francia contra Carlos Alcaraz, el campe\u00f3n defensor.","robots":{"index":"index","follow":"follow","max-snippet":"max-snippet:-1","max-image-preview":"max-image-preview:large","max-video-preview":"max-video-preview:-1"},"canonical":"https:\/\/esbozodeportivo.com\/index.php\/2025\/06\/07\/sinner-alcaraz-la-final-varonil\/","og_locale":"es_MX","og_type":"article","og_title":"Sinner-Alcaraz, la final varonil - Esbozo Deportivo","og_description":"El n\u00famero uno del mundo Jannik Sinner venci\u00f3 el viernes 6-4, 7-5, 7-6 (3) a Novak Djokovic para pactar una final del Abierto de Francia contra Carlos Alcaraz, el campe\u00f3n defensor.","og_url":"https:\/\/esbozodeportivo.com\/index.php\/2025\/06\/07\/sinner-alcaraz-la-final-varonil\/","og_site_name":"Esbozo Deportivo","article_published_time":"2025-06-07T07:00:29+00:00","article_modified_time":"2025-06-07T07:00:30+00:00","og_image":[{"width":1440,"height":960,"url":"https:\/\/esbozodeportivo.com\/wp-content\/uploads\/2025\/06\/TEnis-5.jpg","type":"image\/jpeg"}],"author":"Redacci\u00f3n","twitter_card":"summary_large_image","twitter_misc":{"Escrito por":"Redacci\u00f3n","Tiempo de lectura":"2 minutos"},"schema":{"@context":"https:\/\/schema.org","@graph":[{"@type":"Article","@id":"https:\/\/esbozodeportivo.com\/index.php\/2025\/06\/07\/sinner-alcaraz-la-final-varonil\/#article","isPartOf":{"@id":"https:\/\/esbozodeportivo.com\/index.php\/2025\/06\/07\/sinner-alcaraz-la-final-varonil\/"},"author":{"name":"Redacci\u00f3n","@id":"https:\/\/esbozodeportivo.com\/#\/schema\/person\/0f6df9196dfe6740dd0bb31bae50d374"},"headline":"Sinner-Alcaraz, la final varonil","datePublished":"2025-06-07T07:00:29+00:00","dateModified":"2025-06-07T07:00:30+00:00","mainEntityOfPage":{"@id":"https:\/\/esbozodeportivo.com\/index.php\/2025\/06\/07\/sinner-alcaraz-la-final-varonil\/"},"wordCount":321,"publisher":{"@id":"https:\/\/esbozodeportivo.com\/#organization"},"image":{"@id":"https:\/\/esbozodeportivo.com\/index.php\/2025\/06\/07\/sinner-alcaraz-la-final-varonil\/#primaryimage"},"thumbnailUrl":"https:\/\/esbozodeportivo.com\/wp-content\/uploads\/2025\/06\/TEnis-5.jpg","articleSection":["Tenis Internacional"],"inLanguage":"es"},{"@type":"WebPage","@id":"https:\/\/esbozodeportivo.com\/index.php\/2025\/06\/07\/sinner-alcaraz-la-final-varonil\/","url":"https:\/\/esbozodeportivo.com\/index.php\/2025\/06\/07\/sinner-alcaraz-la-final-varonil\/","name":"Sinner-Alcaraz, la final varonil - Esbozo Deportivo","isPartOf":{"@id":"https:\/\/esbozodeportivo.com\/#website"},"primaryImageOfPage":{"@id":"https:\/\/esbozodeportivo.com\/index.php\/2025\/06\/07\/sinner-alcaraz-la-final-varonil\/#primaryimage"},"image":{"@id":"https:\/\/esbozodeportivo.com\/index.php\/2025\/06\/07\/sinner-alcaraz-la-final-varonil\/#primaryimage"},"thumbnailUrl":"https:\/\/esbozodeportivo.com\/wp-content\/uploads\/2025\/06\/TEnis-5.jpg","datePublished":"2025-06-07T07:00:29+00:00","dateModified":"2025-06-07T07:00:30+00:00","description":"El n\u00famero uno del mundo Jannik Sinner venci\u00f3 el viernes 6-4, 7-5, 7-6 (3) a Novak Djokovic para pactar una final del Abierto de Francia contra Carlos Alcaraz, el campe\u00f3n defensor.","breadcrumb":{"@id":"https:\/\/esbozodeportivo.com\/index.php\/2025\/06\/07\/sinner-alcaraz-la-final-varonil\/#breadcrumb"},"inLanguage":"es","potentialAction":[{"@type":"ReadAction","target":["https:\/\/esbozodeportivo.com\/index.php\/2025\/06\/07\/sinner-alcaraz-la-final-varonil\/"]}]},{"@type":"ImageObject","inLanguage":"es","@id":"https:\/\/esbozodeportivo.com\/index.php\/2025\/06\/07\/sinner-alcaraz-la-final-varonil\/#primaryimage","url":"https:\/\/esbozodeportivo.com\/wp-content\/uploads\/2025\/06\/TEnis-5.jpg","contentUrl":"https:\/\/esbozodeportivo.com\/wp-content\/uploads\/2025\/06\/TEnis-5.jpg","width":1440,"height":960},{"@type":"BreadcrumbList","@id":"https:\/\/esbozodeportivo.com\/index.php\/2025\/06\/07\/sinner-alcaraz-la-final-varonil\/#breadcrumb","itemListElement":[{"@type":"ListItem","position":1,"name":"Inicio","item":"https:\/\/esbozodeportivo.com\/"},{"@type":"ListItem","position":2,"name":"Sinner-Alcaraz, la final varonil"}]},{"@type":"WebSite","@id":"https:\/\/esbozodeportivo.com\/#website","url":"https:\/\/esbozodeportivo.com\/","name":"Esbozo Deportivo","description":"Lo m\u00e1s importante del Deporte","publisher":{"@id":"https:\/\/esbozodeportivo.com\/#organization"},"potentialAction":[{"@type":"SearchAction","target":{"@type":"EntryPoint","urlTemplate":"https:\/\/esbozodeportivo.com\/?s={search_term_string}"},"query-input":{"@type":"PropertyValueSpecification","valueRequired":true,"valueName":"search_term_string"}}],"inLanguage":"es"},{"@type":"Organization","@id":"https:\/\/esbozodeportivo.com\/#organization","name":"Esbozo Deportivo","url":"https:\/\/esbozodeportivo.com\/","logo":{"@type":"ImageObject","inLanguage":"es","@id":"https:\/\/esbozodeportivo.com\/#\/schema\/logo\/image\/","url":"https:\/\/esbozodeportivo.com\/wp-content\/uploads\/2022\/08\/cropped-Logo-Esbozo-Web-2.png","contentUrl":"https:\/\/esbozodeportivo.com\/wp-content\/uploads\/2022\/08\/cropped-Logo-Esbozo-Web-2.png","width":180,"height":50,"caption":"Esbozo Deportivo"},"image":{"@id":"https:\/\/esbozodeportivo.com\/#\/schema\/logo\/image\/"}},{"@type":"Person","@id":"https:\/\/esbozodeportivo.com\/#\/schema\/person\/0f6df9196dfe6740dd0bb31bae50d374","name":"Redacci\u00f3n","image":{"@type":"ImageObject","inLanguage":"es","@id":"https:\/\/esbozodeportivo.com\/#\/schema\/person\/image\/","url":"https:\/\/secure.gravatar.com\/avatar\/f55268a89c3b418f2ef172ff52ab0d09b3e653c58de29539fe329fb93d78ebf3?s=96&d=mm&r=g","contentUrl":"https:\/\/secure.gravatar.com\/avatar\/f55268a89c3b418f2ef172ff52ab0d09b3e653c58de29539fe329fb93d78ebf3?s=96&d=mm&r=g","caption":"Redacci\u00f3n"},"url":"https:\/\/esbozodeportivo.com\/index.php\/author\/redaccion\/"}]}},"jetpack_featured_media_url":"https:\/\/esbozodeportivo.com\/wp-content\/uploads\/2025\/06\/TEnis-5.jpg","jetpack_sharing_enabled":true,"_links":{"self":[{"href":"https:\/\/esbozodeportivo.com\/index.php\/wp-json\/wp\/v2\/posts\/7854","targetHints":{"allow":["GET"]}}],"collection":[{"href":"https:\/\/esbozodeportivo.com\/index.php\/wp-json\/wp\/v2\/posts"}],"about":[{"href":"https:\/\/esbozodeportivo.com\/index.php\/wp-json\/wp\/v2\/types\/post"}],"author":[{"embeddable":true,"href":"https:\/\/esbozodeportivo.com\/index.php\/wp-json\/wp\/v2\/users\/4"}],"replies":[{"embeddable":true,"href":"https:\/\/esbozodeportivo.com\/index.php\/wp-json\/wp\/v2\/comments?post=7854"}],"version-history":[{"count":1,"href":"https:\/\/esbozodeportivo.com\/index.php\/wp-json\/wp\/v2\/posts\/7854\/revisions"}],"predecessor-version":[{"id":7855,"href":"https:\/\/esbozodeportivo.com\/index.php\/wp-json\/wp\/v2\/posts\/7854\/revisions\/7855"}],"wp:featuredmedia":[{"embeddable":true,"href":"https:\/\/esbozodeportivo.com\/index.php\/wp-json\/wp\/v2\/media\/7852"}],"wp:attachment":[{"href":"https:\/\/esbozodeportivo.com\/index.php\/wp-json\/wp\/v2\/media?parent=7854"}],"wp:term":[{"taxonomy":"category","embeddable":true,"href":"https:\/\/esbozodeportivo.com\/index.php\/wp-json\/wp\/v2\/categories?post=7854"},{"taxonomy":"post_tag","embeddable":true,"href":"https:\/\/esbozodeportivo.com\/index.php\/wp-json\/wp\/v2\/tags?post=7854"}],"curies":[{"name":"wp","href":"https:\/\/api.w.org\/{rel}","templated":true}]}}