{"id":7858,"date":"2025-06-07T01:04:37","date_gmt":"2025-06-07T07:04:37","guid":{"rendered":"https:\/\/esbozodeportivo.com\/?p=7858"},"modified":"2025-06-07T01:04:37","modified_gmt":"2025-06-07T07:04:37","slug":"colombia-sigue-con-su-mala-racha","status":"publish","type":"post","link":"https:\/\/esbozodeportivo.com\/index.php\/2025\/06\/07\/colombia-sigue-con-su-mala-racha\/","title":{"rendered":"Colombia sigue con su mala racha"},"content":{"rendered":"\n<p>(Foto: Agencias) <\/p>\n\n\n\n<p><strong>Colombia <\/strong>sum\u00f3 su quinto partido consecutivo sin victoria, al igualar el viernes 0-0 ante <strong>Per\u00fa<\/strong>, con lo que dilapid\u00f3 la oportunidad de colocarse en el umbral de la pr\u00f3xima <strong>Copa del Mundo<\/strong>.<\/p>\n\n\n\n<p>La Tricolor lleg\u00f3 a 21 puntos en 15 fechas de la eliminatoria sudamericana y se mantuvo en la sexta posici\u00f3n, que otorga el \u00faltimo pasaje directo al <strong>Mundial<\/strong> que se disputar\u00e1 en 2026 en <strong>Estados Unidos, M\u00e9xico y Canad\u00e1<\/strong>. La <strong>Blanquirroja <\/strong>tiene 11 puntos y a\u00fan qued\u00f3 por detr\u00e1s de <strong>Venezuela y Bolivia<\/strong>, que m\u00e1s tarde disputaban un duelo clave por el s\u00e9ptimo sitio y el boleto al repechaje.<\/p>\n\n\n\n<p>En la pr\u00f3xima jornada, que se realizar\u00e1 el martes, <strong>Colombia<\/strong> visitar\u00e1 a <strong>Argentina<\/strong>, el \u00fanico combinado que ha asegurado su clasificaci\u00f3n. Por su parte, <strong>Per\u00fa <\/strong>se jugar\u00e1 su \u00faltima oportunidad cuando reciba a <strong>Ecuador.<\/strong><\/p>\n\n\n\n<p>En el estadio <strong>Metropolitano de Barranquilla<\/strong>, <strong>Colombia<\/strong> no pudo trasladar su dominio al marcador y a pesar de tener un 70% de posesi\u00f3n de bal\u00f3n finaliz\u00f3 sin remates al arco.<\/p>\n\n\n\n<p>Los cafeteros echaron en falta al delantero del <strong>Liverpool Luis D\u00edaz<\/strong>, autor de seis tantos en las eliminatorias, que se perdi\u00f3 el encuentro por acumulaci\u00f3n de amonestaciones. Tampoco estuvieron por lesi\u00f3n los atacantes <strong>Jhon C\u00f3rdoba <\/strong>ni <strong>Rafael Santos Borr\u00e9.<\/strong><\/p>\n\n\n\n<p>El ariete <strong>Jhon J\u00e1der Dur\u00e1n<\/strong> fue la opci\u00f3n que eligi\u00f3 el seleccionador argentino de <strong>Colombia, N\u00e9stor Lorenzo<\/strong>, pero estuvo impreciso y fue sustituido en el entretiempo.<\/p>\n\n\n\n<p><\/p>\n","protected":false},"excerpt":{"rendered":"<p>(Foto: Agencias) Colombia sum\u00f3 su quinto partido consecutivo sin victoria, al igualar el viernes 0-0<\/p>\n","protected":false},"author":4,"featured_media":7849,"comment_status":"closed","ping_status":"open","sticky":false,"template":"","format":"standard","meta":{"_jetpack_memberships_contains_paid_content":false,"footnotes":""},"categories":[71],"tags":[],"class_list":["post-7858","post","type-post","status-publish","format-standard","has-post-thumbnail","hentry","category-mundial-2026"],"yoast_head":"<!-- This site is optimized with the Yoast SEO plugin v25.7 - https:\/\/yoast.com\/wordpress\/plugins\/seo\/ -->\n<title>Colombia sigue con su mala racha - Esbozo Deportivo<\/title>\n<meta name=\"description\" content=\"Colombia sum\u00f3 su quinto partido consecutivo sin victoria, al igualar el viernes 0-0 ante Per\u00fa, con lo que dilapid\u00f3 la oportunidad de colocarse en el umbral de la pr\u00f3xima Copa del Mundo.\" \/>\n<meta name=\"robots\" content=\"index, follow, max-snippet:-1, max-image-preview:large, max-video-preview:-1\" \/>\n<link rel=\"canonical\" href=\"https:\/\/esbozodeportivo.com\/index.php\/2025\/06\/07\/colombia-sigue-con-su-mala-racha\/\" \/>\n<meta property=\"og:locale\" content=\"es_MX\" \/>\n<meta property=\"og:type\" content=\"article\" \/>\n<meta property=\"og:title\" content=\"Colombia sigue con su mala racha - Esbozo Deportivo\" \/>\n<meta property=\"og:description\" content=\"Colombia sum\u00f3 su quinto partido consecutivo sin victoria, al igualar el viernes 0-0 ante Per\u00fa, con lo que dilapid\u00f3 la oportunidad de colocarse en el umbral de la pr\u00f3xima Copa del Mundo.\" \/>\n<meta property=\"og:url\" content=\"https:\/\/esbozodeportivo.com\/index.php\/2025\/06\/07\/colombia-sigue-con-su-mala-racha\/\" \/>\n<meta property=\"og:site_name\" content=\"Esbozo Deportivo\" \/>\n<meta property=\"article:published_time\" content=\"2025-06-07T07:04:37+00:00\" \/>\n<meta property=\"og:image\" content=\"https:\/\/esbozodeportivo.com\/wp-content\/uploads\/2025\/06\/Colombia.jpg\" \/>\n\t<meta property=\"og:image:width\" content=\"1440\" \/>\n\t<meta property=\"og:image:height\" content=\"960\" \/>\n\t<meta property=\"og:image:type\" content=\"image\/jpeg\" \/>\n<meta name=\"author\" content=\"Redacci\u00f3n\" \/>\n<meta name=\"twitter:card\" content=\"summary_large_image\" \/>\n<meta name=\"twitter:label1\" content=\"Escrito por\" \/>\n\t<meta name=\"twitter:data1\" content=\"Redacci\u00f3n\" \/>\n\t<meta name=\"twitter:label2\" content=\"Tiempo de lectura\" \/>\n\t<meta name=\"twitter:data2\" content=\"2 minutos\" \/>\n<script type=\"application\/ld+json\" class=\"yoast-schema-graph\">{\"@context\":\"https:\/\/schema.org\",\"@graph\":[{\"@type\":\"Article\",\"@id\":\"https:\/\/esbozodeportivo.com\/index.php\/2025\/06\/07\/colombia-sigue-con-su-mala-racha\/#article\",\"isPartOf\":{\"@id\":\"https:\/\/esbozodeportivo.com\/index.php\/2025\/06\/07\/colombia-sigue-con-su-mala-racha\/\"},\"author\":{\"name\":\"Redacci\u00f3n\",\"@id\":\"https:\/\/esbozodeportivo.com\/#\/schema\/person\/0f6df9196dfe6740dd0bb31bae50d374\"},\"headline\":\"Colombia sigue con su mala racha\",\"datePublished\":\"2025-06-07T07:04:37+00:00\",\"mainEntityOfPage\":{\"@id\":\"https:\/\/esbozodeportivo.com\/index.php\/2025\/06\/07\/colombia-sigue-con-su-mala-racha\/\"},\"wordCount\":252,\"publisher\":{\"@id\":\"https:\/\/esbozodeportivo.com\/#organization\"},\"image\":{\"@id\":\"https:\/\/esbozodeportivo.com\/index.php\/2025\/06\/07\/colombia-sigue-con-su-mala-racha\/#primaryimage\"},\"thumbnailUrl\":\"https:\/\/esbozodeportivo.com\/wp-content\/uploads\/2025\/06\/Colombia.jpg\",\"articleSection\":[\"Mundial 2026\"],\"inLanguage\":\"es\"},{\"@type\":\"WebPage\",\"@id\":\"https:\/\/esbozodeportivo.com\/index.php\/2025\/06\/07\/colombia-sigue-con-su-mala-racha\/\",\"url\":\"https:\/\/esbozodeportivo.com\/index.php\/2025\/06\/07\/colombia-sigue-con-su-mala-racha\/\",\"name\":\"Colombia sigue con su mala racha - Esbozo Deportivo\",\"isPartOf\":{\"@id\":\"https:\/\/esbozodeportivo.com\/#website\"},\"primaryImageOfPage\":{\"@id\":\"https:\/\/esbozodeportivo.com\/index.php\/2025\/06\/07\/colombia-sigue-con-su-mala-racha\/#primaryimage\"},\"image\":{\"@id\":\"https:\/\/esbozodeportivo.com\/index.php\/2025\/06\/07\/colombia-sigue-con-su-mala-racha\/#primaryimage\"},\"thumbnailUrl\":\"https:\/\/esbozodeportivo.com\/wp-content\/uploads\/2025\/06\/Colombia.jpg\",\"datePublished\":\"2025-06-07T07:04:37+00:00\",\"description\":\"Colombia sum\u00f3 su quinto partido consecutivo sin victoria, al igualar el viernes 0-0 ante Per\u00fa, con lo que dilapid\u00f3 la oportunidad de colocarse en el umbral de la pr\u00f3xima Copa del Mundo.\",\"breadcrumb\":{\"@id\":\"https:\/\/esbozodeportivo.com\/index.php\/2025\/06\/07\/colombia-sigue-con-su-mala-racha\/#breadcrumb\"},\"inLanguage\":\"es\",\"potentialAction\":[{\"@type\":\"ReadAction\",\"target\":[\"https:\/\/esbozodeportivo.com\/index.php\/2025\/06\/07\/colombia-sigue-con-su-mala-racha\/\"]}]},{\"@type\":\"ImageObject\",\"inLanguage\":\"es\",\"@id\":\"https:\/\/esbozodeportivo.com\/index.php\/2025\/06\/07\/colombia-sigue-con-su-mala-racha\/#primaryimage\",\"url\":\"https:\/\/esbozodeportivo.com\/wp-content\/uploads\/2025\/06\/Colombia.jpg\",\"contentUrl\":\"https:\/\/esbozodeportivo.com\/wp-content\/uploads\/2025\/06\/Colombia.jpg\",\"width\":1440,\"height\":960},{\"@type\":\"BreadcrumbList\",\"@id\":\"https:\/\/esbozodeportivo.com\/index.php\/2025\/06\/07\/colombia-sigue-con-su-mala-racha\/#breadcrumb\",\"itemListElement\":[{\"@type\":\"ListItem\",\"position\":1,\"name\":\"Inicio\",\"item\":\"https:\/\/esbozodeportivo.com\/\"},{\"@type\":\"ListItem\",\"position\":2,\"name\":\"Colombia sigue con su mala racha\"}]},{\"@type\":\"WebSite\",\"@id\":\"https:\/\/esbozodeportivo.com\/#website\",\"url\":\"https:\/\/esbozodeportivo.com\/\",\"name\":\"Esbozo Deportivo\",\"description\":\"Lo m\u00e1s importante del Deporte\",\"publisher\":{\"@id\":\"https:\/\/esbozodeportivo.com\/#organization\"},\"potentialAction\":[{\"@type\":\"SearchAction\",\"target\":{\"@type\":\"EntryPoint\",\"urlTemplate\":\"https:\/\/esbozodeportivo.com\/?s={search_term_string}\"},\"query-input\":{\"@type\":\"PropertyValueSpecification\",\"valueRequired\":true,\"valueName\":\"search_term_string\"}}],\"inLanguage\":\"es\"},{\"@type\":\"Organization\",\"@id\":\"https:\/\/esbozodeportivo.com\/#organization\",\"name\":\"Esbozo Deportivo\",\"url\":\"https:\/\/esbozodeportivo.com\/\",\"logo\":{\"@type\":\"ImageObject\",\"inLanguage\":\"es\",\"@id\":\"https:\/\/esbozodeportivo.com\/#\/schema\/logo\/image\/\",\"url\":\"https:\/\/esbozodeportivo.com\/wp-content\/uploads\/2022\/08\/cropped-Logo-Esbozo-Web-2.png\",\"contentUrl\":\"https:\/\/esbozodeportivo.com\/wp-content\/uploads\/2022\/08\/cropped-Logo-Esbozo-Web-2.png\",\"width\":180,\"height\":50,\"caption\":\"Esbozo Deportivo\"},\"image\":{\"@id\":\"https:\/\/esbozodeportivo.com\/#\/schema\/logo\/image\/\"}},{\"@type\":\"Person\",\"@id\":\"https:\/\/esbozodeportivo.com\/#\/schema\/person\/0f6df9196dfe6740dd0bb31bae50d374\",\"name\":\"Redacci\u00f3n\",\"image\":{\"@type\":\"ImageObject\",\"inLanguage\":\"es\",\"@id\":\"https:\/\/esbozodeportivo.com\/#\/schema\/person\/image\/\",\"url\":\"https:\/\/secure.gravatar.com\/avatar\/f55268a89c3b418f2ef172ff52ab0d09b3e653c58de29539fe329fb93d78ebf3?s=96&d=mm&r=g\",\"contentUrl\":\"https:\/\/secure.gravatar.com\/avatar\/f55268a89c3b418f2ef172ff52ab0d09b3e653c58de29539fe329fb93d78ebf3?s=96&d=mm&r=g\",\"caption\":\"Redacci\u00f3n\"},\"url\":\"https:\/\/esbozodeportivo.com\/index.php\/author\/redaccion\/\"}]}<\/script>\n<!-- \/ Yoast SEO plugin. -->","yoast_head_json":{"title":"Colombia sigue con su mala racha - Esbozo Deportivo","description":"Colombia sum\u00f3 su quinto partido consecutivo sin victoria, al igualar el viernes 0-0 ante Per\u00fa, con lo que dilapid\u00f3 la oportunidad de colocarse en el umbral de la pr\u00f3xima Copa del Mundo.","robots":{"index":"index","follow":"follow","max-snippet":"max-snippet:-1","max-image-preview":"max-image-preview:large","max-video-preview":"max-video-preview:-1"},"canonical":"https:\/\/esbozodeportivo.com\/index.php\/2025\/06\/07\/colombia-sigue-con-su-mala-racha\/","og_locale":"es_MX","og_type":"article","og_title":"Colombia sigue con su mala racha - Esbozo Deportivo","og_description":"Colombia sum\u00f3 su quinto partido consecutivo sin victoria, al igualar el viernes 0-0 ante Per\u00fa, con lo que dilapid\u00f3 la oportunidad de colocarse en el umbral de la pr\u00f3xima Copa del Mundo.","og_url":"https:\/\/esbozodeportivo.com\/index.php\/2025\/06\/07\/colombia-sigue-con-su-mala-racha\/","og_site_name":"Esbozo Deportivo","article_published_time":"2025-06-07T07:04:37+00:00","og_image":[{"width":1440,"height":960,"url":"https:\/\/esbozodeportivo.com\/wp-content\/uploads\/2025\/06\/Colombia.jpg","type":"image\/jpeg"}],"author":"Redacci\u00f3n","twitter_card":"summary_large_image","twitter_misc":{"Escrito por":"Redacci\u00f3n","Tiempo de lectura":"2 minutos"},"schema":{"@context":"https:\/\/schema.org","@graph":[{"@type":"Article","@id":"https:\/\/esbozodeportivo.com\/index.php\/2025\/06\/07\/colombia-sigue-con-su-mala-racha\/#article","isPartOf":{"@id":"https:\/\/esbozodeportivo.com\/index.php\/2025\/06\/07\/colombia-sigue-con-su-mala-racha\/"},"author":{"name":"Redacci\u00f3n","@id":"https:\/\/esbozodeportivo.com\/#\/schema\/person\/0f6df9196dfe6740dd0bb31bae50d374"},"headline":"Colombia sigue con su mala racha","datePublished":"2025-06-07T07:04:37+00:00","mainEntityOfPage":{"@id":"https:\/\/esbozodeportivo.com\/index.php\/2025\/06\/07\/colombia-sigue-con-su-mala-racha\/"},"wordCount":252,"publisher":{"@id":"https:\/\/esbozodeportivo.com\/#organization"},"image":{"@id":"https:\/\/esbozodeportivo.com\/index.php\/2025\/06\/07\/colombia-sigue-con-su-mala-racha\/#primaryimage"},"thumbnailUrl":"https:\/\/esbozodeportivo.com\/wp-content\/uploads\/2025\/06\/Colombia.jpg","articleSection":["Mundial 2026"],"inLanguage":"es"},{"@type":"WebPage","@id":"https:\/\/esbozodeportivo.com\/index.php\/2025\/06\/07\/colombia-sigue-con-su-mala-racha\/","url":"https:\/\/esbozodeportivo.com\/index.php\/2025\/06\/07\/colombia-sigue-con-su-mala-racha\/","name":"Colombia sigue con su mala racha - Esbozo Deportivo","isPartOf":{"@id":"https:\/\/esbozodeportivo.com\/#website"},"primaryImageOfPage":{"@id":"https:\/\/esbozodeportivo.com\/index.php\/2025\/06\/07\/colombia-sigue-con-su-mala-racha\/#primaryimage"},"image":{"@id":"https:\/\/esbozodeportivo.com\/index.php\/2025\/06\/07\/colombia-sigue-con-su-mala-racha\/#primaryimage"},"thumbnailUrl":"https:\/\/esbozodeportivo.com\/wp-content\/uploads\/2025\/06\/Colombia.jpg","datePublished":"2025-06-07T07:04:37+00:00","description":"Colombia sum\u00f3 su quinto partido consecutivo sin victoria, al igualar el viernes 0-0 ante Per\u00fa, con lo que dilapid\u00f3 la oportunidad de colocarse en el umbral de la pr\u00f3xima Copa del Mundo.","breadcrumb":{"@id":"https:\/\/esbozodeportivo.com\/index.php\/2025\/06\/07\/colombia-sigue-con-su-mala-racha\/#breadcrumb"},"inLanguage":"es","potentialAction":[{"@type":"ReadAction","target":["https:\/\/esbozodeportivo.com\/index.php\/2025\/06\/07\/colombia-sigue-con-su-mala-racha\/"]}]},{"@type":"ImageObject","inLanguage":"es","@id":"https:\/\/esbozodeportivo.com\/index.php\/2025\/06\/07\/colombia-sigue-con-su-mala-racha\/#primaryimage","url":"https:\/\/esbozodeportivo.com\/wp-content\/uploads\/2025\/06\/Colombia.jpg","contentUrl":"https:\/\/esbozodeportivo.com\/wp-content\/uploads\/2025\/06\/Colombia.jpg","width":1440,"height":960},{"@type":"BreadcrumbList","@id":"https:\/\/esbozodeportivo.com\/index.php\/2025\/06\/07\/colombia-sigue-con-su-mala-racha\/#breadcrumb","itemListElement":[{"@type":"ListItem","position":1,"name":"Inicio","item":"https:\/\/esbozodeportivo.com\/"},{"@type":"ListItem","position":2,"name":"Colombia sigue con su mala racha"}]},{"@type":"WebSite","@id":"https:\/\/esbozodeportivo.com\/#website","url":"https:\/\/esbozodeportivo.com\/","name":"Esbozo Deportivo","description":"Lo m\u00e1s importante del Deporte","publisher":{"@id":"https:\/\/esbozodeportivo.com\/#organization"},"potentialAction":[{"@type":"SearchAction","target":{"@type":"EntryPoint","urlTemplate":"https:\/\/esbozodeportivo.com\/?s={search_term_string}"},"query-input":{"@type":"PropertyValueSpecification","valueRequired":true,"valueName":"search_term_string"}}],"inLanguage":"es"},{"@type":"Organization","@id":"https:\/\/esbozodeportivo.com\/#organization","name":"Esbozo Deportivo","url":"https:\/\/esbozodeportivo.com\/","logo":{"@type":"ImageObject","inLanguage":"es","@id":"https:\/\/esbozodeportivo.com\/#\/schema\/logo\/image\/","url":"https:\/\/esbozodeportivo.com\/wp-content\/uploads\/2022\/08\/cropped-Logo-Esbozo-Web-2.png","contentUrl":"https:\/\/esbozodeportivo.com\/wp-content\/uploads\/2022\/08\/cropped-Logo-Esbozo-Web-2.png","width":180,"height":50,"caption":"Esbozo Deportivo"},"image":{"@id":"https:\/\/esbozodeportivo.com\/#\/schema\/logo\/image\/"}},{"@type":"Person","@id":"https:\/\/esbozodeportivo.com\/#\/schema\/person\/0f6df9196dfe6740dd0bb31bae50d374","name":"Redacci\u00f3n","image":{"@type":"ImageObject","inLanguage":"es","@id":"https:\/\/esbozodeportivo.com\/#\/schema\/person\/image\/","url":"https:\/\/secure.gravatar.com\/avatar\/f55268a89c3b418f2ef172ff52ab0d09b3e653c58de29539fe329fb93d78ebf3?s=96&d=mm&r=g","contentUrl":"https:\/\/secure.gravatar.com\/avatar\/f55268a89c3b418f2ef172ff52ab0d09b3e653c58de29539fe329fb93d78ebf3?s=96&d=mm&r=g","caption":"Redacci\u00f3n"},"url":"https:\/\/esbozodeportivo.com\/index.php\/author\/redaccion\/"}]}},"jetpack_featured_media_url":"https:\/\/esbozodeportivo.com\/wp-content\/uploads\/2025\/06\/Colombia.jpg","jetpack_sharing_enabled":true,"_links":{"self":[{"href":"https:\/\/esbozodeportivo.com\/index.php\/wp-json\/wp\/v2\/posts\/7858","targetHints":{"allow":["GET"]}}],"collection":[{"href":"https:\/\/esbozodeportivo.com\/index.php\/wp-json\/wp\/v2\/posts"}],"about":[{"href":"https:\/\/esbozodeportivo.com\/index.php\/wp-json\/wp\/v2\/types\/post"}],"author":[{"embeddable":true,"href":"https:\/\/esbozodeportivo.com\/index.php\/wp-json\/wp\/v2\/users\/4"}],"replies":[{"embeddable":true,"href":"https:\/\/esbozodeportivo.com\/index.php\/wp-json\/wp\/v2\/comments?post=7858"}],"version-history":[{"count":1,"href":"https:\/\/esbozodeportivo.com\/index.php\/wp-json\/wp\/v2\/posts\/7858\/revisions"}],"predecessor-version":[{"id":7859,"href":"https:\/\/esbozodeportivo.com\/index.php\/wp-json\/wp\/v2\/posts\/7858\/revisions\/7859"}],"wp:featuredmedia":[{"embeddable":true,"href":"https:\/\/esbozodeportivo.com\/index.php\/wp-json\/wp\/v2\/media\/7849"}],"wp:attachment":[{"href":"https:\/\/esbozodeportivo.com\/index.php\/wp-json\/wp\/v2\/media?parent=7858"}],"wp:term":[{"taxonomy":"category","embeddable":true,"href":"https:\/\/esbozodeportivo.com\/index.php\/wp-json\/wp\/v2\/categories?post=7858"},{"taxonomy":"post_tag","embeddable":true,"href":"https:\/\/esbozodeportivo.com\/index.php\/wp-json\/wp\/v2\/tags?post=7858"}],"curies":[{"name":"wp","href":"https:\/\/api.w.org\/{rel}","templated":true}]}}