{"id":7862,"date":"2025-06-07T01:08:27","date_gmt":"2025-06-07T07:08:27","guid":{"rendered":"https:\/\/esbozodeportivo.com\/?p=7862"},"modified":"2025-06-07T01:08:27","modified_gmt":"2025-06-07T07:08:27","slug":"cruz-azul-le-da-las-gracias-a-vicente-sanchez","status":"publish","type":"post","link":"https:\/\/esbozodeportivo.com\/index.php\/2025\/06\/07\/cruz-azul-le-da-las-gracias-a-vicente-sanchez\/","title":{"rendered":"Cruz Azul le da las gracias a Vicente S\u00e1nchez"},"content":{"rendered":"\n<p>(Foto: Agencias) <\/p>\n\n\n\n<p>Menos de una semana despu\u00e9s de conquistar la <strong>Copa de Campeones de la Concacaf, Cruz Azul<\/strong> despidi\u00f3 al entrenador uruguayo <strong>Vicente S\u00e1nchez<\/strong>.<\/p>\n\n\n\n<p><strong>S\u00e1nchez,<\/strong> de 45 a\u00f1os, trabajaba en las inferiores y se tuvo que hacer cargo del primer equipo ante la inesperada salida del argentino <strong>Mart\u00edn Anselmi al Porto de Portugal <\/strong>cuando apenas hab\u00edan transcurrido dos fechas del torneo Clausura.<\/p>\n\n\n\n<p>En la gesti\u00f3n de menos de seis meses de <strong>S\u00e1nchez<\/strong>, el equipo celeste alcanz\u00f3 la semifinal del torneo Clausura y adem\u00e1s apale\u00f3 el domingo pasado 5-0 a los <strong>Whitecaps <\/strong>de <strong>Vancouver<\/strong> para alcanzar su s\u00e9ptima corona regional.<\/p>\n\n\n\n<p>&nbsp;\u201cSu trabajo fue fundamental para la obtenci\u00f3n de la s\u00e9ptima <strong>Copa de Campeones de la Concacaf<\/strong> en la historia del Club\u201d, indic\u00f3 el equipo en un comunicado donde le agradeci\u00f3 a <strong>S\u00e1nchez<\/strong> por el campeonato.<\/p>\n\n\n\n<p>En 28 encuentros dirigidos, <strong>S\u00e1nchez<\/strong> consigui\u00f3 18 triunfos y sufri\u00f3 apenas dos derrotas. Pero ello no fue suficiente para convencer a sus dirigentes.<\/p>\n\n\n\n<p><strong>\u201cCruz Azul<\/strong> hace p\u00fablico su m\u00e1s profundo agradecimiento a <strong>Vicente S\u00e1nchez<\/strong> por su contribuci\u00f3n en estos meses, dese\u00e1ndole el mayor de los \u00e9xitos y manteniendo las puertas abiertas de la instituci\u00f3n para futuros proyectos\u201d, a\u00f1adi\u00f3 el cuadro capitalino.<\/p>\n\n\n\n<p>El entrenador sudamericano ten\u00eda un acuerdo vigente por seis meses m\u00e1s, pero la dirigencia encabezada por el uruguayo <strong>Iv\u00e1n Alonso<\/strong> buscar\u00eda un entrenador de m\u00e1s experiencia para tomar al equipo.<\/p>\n\n\n\n<p><\/p>\n","protected":false},"excerpt":{"rendered":"<p>(Foto: Agencias) Menos de una semana despu\u00e9s de conquistar la Copa de Campeones de la<\/p>\n","protected":false},"author":4,"featured_media":7848,"comment_status":"closed","ping_status":"open","sticky":false,"template":"","format":"standard","meta":{"_jetpack_memberships_contains_paid_content":false,"footnotes":""},"categories":[20],"tags":[],"class_list":["post-7862","post","type-post","status-publish","format-standard","has-post-thumbnail","hentry","category-liga"],"yoast_head":"<!-- This site is optimized with the Yoast SEO plugin v25.7 - https:\/\/yoast.com\/wordpress\/plugins\/seo\/ -->\n<title>Cruz Azul le da las gracias a Vicente S\u00e1nchez - Esbozo Deportivo<\/title>\n<meta name=\"description\" content=\"Menos de una semana despu\u00e9s de conquistar la Copa de Campeones de la Concacaf, Cruz Azul despidi\u00f3 al entrenador uruguayo Vicente S\u00e1nchez.\" \/>\n<meta name=\"robots\" content=\"index, follow, max-snippet:-1, max-image-preview:large, max-video-preview:-1\" \/>\n<link rel=\"canonical\" href=\"https:\/\/esbozodeportivo.com\/index.php\/2025\/06\/07\/cruz-azul-le-da-las-gracias-a-vicente-sanchez\/\" \/>\n<meta property=\"og:locale\" content=\"es_MX\" \/>\n<meta property=\"og:type\" content=\"article\" \/>\n<meta property=\"og:title\" content=\"Cruz Azul le da las gracias a Vicente S\u00e1nchez - Esbozo Deportivo\" \/>\n<meta property=\"og:description\" content=\"Menos de una semana despu\u00e9s de conquistar la Copa de Campeones de la Concacaf, Cruz Azul despidi\u00f3 al entrenador uruguayo Vicente S\u00e1nchez.\" \/>\n<meta property=\"og:url\" content=\"https:\/\/esbozodeportivo.com\/index.php\/2025\/06\/07\/cruz-azul-le-da-las-gracias-a-vicente-sanchez\/\" \/>\n<meta property=\"og:site_name\" content=\"Esbozo Deportivo\" \/>\n<meta property=\"article:published_time\" content=\"2025-06-07T07:08:27+00:00\" \/>\n<meta property=\"og:image\" content=\"https:\/\/esbozodeportivo.com\/wp-content\/uploads\/2025\/06\/Azul-1.jpg\" \/>\n\t<meta property=\"og:image:width\" content=\"980\" \/>\n\t<meta property=\"og:image:height\" content=\"653\" \/>\n\t<meta property=\"og:image:type\" content=\"image\/jpeg\" \/>\n<meta name=\"author\" content=\"Redacci\u00f3n\" \/>\n<meta name=\"twitter:card\" content=\"summary_large_image\" \/>\n<meta name=\"twitter:label1\" content=\"Escrito por\" \/>\n\t<meta name=\"twitter:data1\" content=\"Redacci\u00f3n\" \/>\n\t<meta name=\"twitter:label2\" content=\"Tiempo de lectura\" \/>\n\t<meta name=\"twitter:data2\" content=\"2 minutos\" \/>\n<script type=\"application\/ld+json\" class=\"yoast-schema-graph\">{\"@context\":\"https:\/\/schema.org\",\"@graph\":[{\"@type\":\"Article\",\"@id\":\"https:\/\/esbozodeportivo.com\/index.php\/2025\/06\/07\/cruz-azul-le-da-las-gracias-a-vicente-sanchez\/#article\",\"isPartOf\":{\"@id\":\"https:\/\/esbozodeportivo.com\/index.php\/2025\/06\/07\/cruz-azul-le-da-las-gracias-a-vicente-sanchez\/\"},\"author\":{\"name\":\"Redacci\u00f3n\",\"@id\":\"https:\/\/esbozodeportivo.com\/#\/schema\/person\/0f6df9196dfe6740dd0bb31bae50d374\"},\"headline\":\"Cruz Azul le da las gracias a Vicente S\u00e1nchez\",\"datePublished\":\"2025-06-07T07:08:27+00:00\",\"mainEntityOfPage\":{\"@id\":\"https:\/\/esbozodeportivo.com\/index.php\/2025\/06\/07\/cruz-azul-le-da-las-gracias-a-vicente-sanchez\/\"},\"wordCount\":259,\"publisher\":{\"@id\":\"https:\/\/esbozodeportivo.com\/#organization\"},\"image\":{\"@id\":\"https:\/\/esbozodeportivo.com\/index.php\/2025\/06\/07\/cruz-azul-le-da-las-gracias-a-vicente-sanchez\/#primaryimage\"},\"thumbnailUrl\":\"https:\/\/esbozodeportivo.com\/wp-content\/uploads\/2025\/06\/Azul-1.jpg\",\"articleSection\":[\"Liga MX\"],\"inLanguage\":\"es\"},{\"@type\":\"WebPage\",\"@id\":\"https:\/\/esbozodeportivo.com\/index.php\/2025\/06\/07\/cruz-azul-le-da-las-gracias-a-vicente-sanchez\/\",\"url\":\"https:\/\/esbozodeportivo.com\/index.php\/2025\/06\/07\/cruz-azul-le-da-las-gracias-a-vicente-sanchez\/\",\"name\":\"Cruz Azul le da las gracias a Vicente S\u00e1nchez - Esbozo Deportivo\",\"isPartOf\":{\"@id\":\"https:\/\/esbozodeportivo.com\/#website\"},\"primaryImageOfPage\":{\"@id\":\"https:\/\/esbozodeportivo.com\/index.php\/2025\/06\/07\/cruz-azul-le-da-las-gracias-a-vicente-sanchez\/#primaryimage\"},\"image\":{\"@id\":\"https:\/\/esbozodeportivo.com\/index.php\/2025\/06\/07\/cruz-azul-le-da-las-gracias-a-vicente-sanchez\/#primaryimage\"},\"thumbnailUrl\":\"https:\/\/esbozodeportivo.com\/wp-content\/uploads\/2025\/06\/Azul-1.jpg\",\"datePublished\":\"2025-06-07T07:08:27+00:00\",\"description\":\"Menos de una semana despu\u00e9s de conquistar la Copa de Campeones de la Concacaf, Cruz Azul despidi\u00f3 al entrenador uruguayo Vicente S\u00e1nchez.\",\"breadcrumb\":{\"@id\":\"https:\/\/esbozodeportivo.com\/index.php\/2025\/06\/07\/cruz-azul-le-da-las-gracias-a-vicente-sanchez\/#breadcrumb\"},\"inLanguage\":\"es\",\"potentialAction\":[{\"@type\":\"ReadAction\",\"target\":[\"https:\/\/esbozodeportivo.com\/index.php\/2025\/06\/07\/cruz-azul-le-da-las-gracias-a-vicente-sanchez\/\"]}]},{\"@type\":\"ImageObject\",\"inLanguage\":\"es\",\"@id\":\"https:\/\/esbozodeportivo.com\/index.php\/2025\/06\/07\/cruz-azul-le-da-las-gracias-a-vicente-sanchez\/#primaryimage\",\"url\":\"https:\/\/esbozodeportivo.com\/wp-content\/uploads\/2025\/06\/Azul-1.jpg\",\"contentUrl\":\"https:\/\/esbozodeportivo.com\/wp-content\/uploads\/2025\/06\/Azul-1.jpg\",\"width\":980,\"height\":653},{\"@type\":\"BreadcrumbList\",\"@id\":\"https:\/\/esbozodeportivo.com\/index.php\/2025\/06\/07\/cruz-azul-le-da-las-gracias-a-vicente-sanchez\/#breadcrumb\",\"itemListElement\":[{\"@type\":\"ListItem\",\"position\":1,\"name\":\"Inicio\",\"item\":\"https:\/\/esbozodeportivo.com\/\"},{\"@type\":\"ListItem\",\"position\":2,\"name\":\"Cruz Azul le da las gracias a Vicente S\u00e1nchez\"}]},{\"@type\":\"WebSite\",\"@id\":\"https:\/\/esbozodeportivo.com\/#website\",\"url\":\"https:\/\/esbozodeportivo.com\/\",\"name\":\"Esbozo Deportivo\",\"description\":\"Lo m\u00e1s importante del Deporte\",\"publisher\":{\"@id\":\"https:\/\/esbozodeportivo.com\/#organization\"},\"potentialAction\":[{\"@type\":\"SearchAction\",\"target\":{\"@type\":\"EntryPoint\",\"urlTemplate\":\"https:\/\/esbozodeportivo.com\/?s={search_term_string}\"},\"query-input\":{\"@type\":\"PropertyValueSpecification\",\"valueRequired\":true,\"valueName\":\"search_term_string\"}}],\"inLanguage\":\"es\"},{\"@type\":\"Organization\",\"@id\":\"https:\/\/esbozodeportivo.com\/#organization\",\"name\":\"Esbozo Deportivo\",\"url\":\"https:\/\/esbozodeportivo.com\/\",\"logo\":{\"@type\":\"ImageObject\",\"inLanguage\":\"es\",\"@id\":\"https:\/\/esbozodeportivo.com\/#\/schema\/logo\/image\/\",\"url\":\"https:\/\/esbozodeportivo.com\/wp-content\/uploads\/2022\/08\/cropped-Logo-Esbozo-Web-2.png\",\"contentUrl\":\"https:\/\/esbozodeportivo.com\/wp-content\/uploads\/2022\/08\/cropped-Logo-Esbozo-Web-2.png\",\"width\":180,\"height\":50,\"caption\":\"Esbozo Deportivo\"},\"image\":{\"@id\":\"https:\/\/esbozodeportivo.com\/#\/schema\/logo\/image\/\"}},{\"@type\":\"Person\",\"@id\":\"https:\/\/esbozodeportivo.com\/#\/schema\/person\/0f6df9196dfe6740dd0bb31bae50d374\",\"name\":\"Redacci\u00f3n\",\"image\":{\"@type\":\"ImageObject\",\"inLanguage\":\"es\",\"@id\":\"https:\/\/esbozodeportivo.com\/#\/schema\/person\/image\/\",\"url\":\"https:\/\/secure.gravatar.com\/avatar\/f55268a89c3b418f2ef172ff52ab0d09b3e653c58de29539fe329fb93d78ebf3?s=96&d=mm&r=g\",\"contentUrl\":\"https:\/\/secure.gravatar.com\/avatar\/f55268a89c3b418f2ef172ff52ab0d09b3e653c58de29539fe329fb93d78ebf3?s=96&d=mm&r=g\",\"caption\":\"Redacci\u00f3n\"},\"url\":\"https:\/\/esbozodeportivo.com\/index.php\/author\/redaccion\/\"}]}<\/script>\n<!-- \/ Yoast SEO plugin. -->","yoast_head_json":{"title":"Cruz Azul le da las gracias a Vicente S\u00e1nchez - Esbozo Deportivo","description":"Menos de una semana despu\u00e9s de conquistar la Copa de Campeones de la Concacaf, Cruz Azul despidi\u00f3 al entrenador uruguayo Vicente S\u00e1nchez.","robots":{"index":"index","follow":"follow","max-snippet":"max-snippet:-1","max-image-preview":"max-image-preview:large","max-video-preview":"max-video-preview:-1"},"canonical":"https:\/\/esbozodeportivo.com\/index.php\/2025\/06\/07\/cruz-azul-le-da-las-gracias-a-vicente-sanchez\/","og_locale":"es_MX","og_type":"article","og_title":"Cruz Azul le da las gracias a Vicente S\u00e1nchez - Esbozo Deportivo","og_description":"Menos de una semana despu\u00e9s de conquistar la Copa de Campeones de la Concacaf, Cruz Azul despidi\u00f3 al entrenador uruguayo Vicente S\u00e1nchez.","og_url":"https:\/\/esbozodeportivo.com\/index.php\/2025\/06\/07\/cruz-azul-le-da-las-gracias-a-vicente-sanchez\/","og_site_name":"Esbozo Deportivo","article_published_time":"2025-06-07T07:08:27+00:00","og_image":[{"width":980,"height":653,"url":"https:\/\/esbozodeportivo.com\/wp-content\/uploads\/2025\/06\/Azul-1.jpg","type":"image\/jpeg"}],"author":"Redacci\u00f3n","twitter_card":"summary_large_image","twitter_misc":{"Escrito por":"Redacci\u00f3n","Tiempo de lectura":"2 minutos"},"schema":{"@context":"https:\/\/schema.org","@graph":[{"@type":"Article","@id":"https:\/\/esbozodeportivo.com\/index.php\/2025\/06\/07\/cruz-azul-le-da-las-gracias-a-vicente-sanchez\/#article","isPartOf":{"@id":"https:\/\/esbozodeportivo.com\/index.php\/2025\/06\/07\/cruz-azul-le-da-las-gracias-a-vicente-sanchez\/"},"author":{"name":"Redacci\u00f3n","@id":"https:\/\/esbozodeportivo.com\/#\/schema\/person\/0f6df9196dfe6740dd0bb31bae50d374"},"headline":"Cruz Azul le da las gracias a Vicente S\u00e1nchez","datePublished":"2025-06-07T07:08:27+00:00","mainEntityOfPage":{"@id":"https:\/\/esbozodeportivo.com\/index.php\/2025\/06\/07\/cruz-azul-le-da-las-gracias-a-vicente-sanchez\/"},"wordCount":259,"publisher":{"@id":"https:\/\/esbozodeportivo.com\/#organization"},"image":{"@id":"https:\/\/esbozodeportivo.com\/index.php\/2025\/06\/07\/cruz-azul-le-da-las-gracias-a-vicente-sanchez\/#primaryimage"},"thumbnailUrl":"https:\/\/esbozodeportivo.com\/wp-content\/uploads\/2025\/06\/Azul-1.jpg","articleSection":["Liga MX"],"inLanguage":"es"},{"@type":"WebPage","@id":"https:\/\/esbozodeportivo.com\/index.php\/2025\/06\/07\/cruz-azul-le-da-las-gracias-a-vicente-sanchez\/","url":"https:\/\/esbozodeportivo.com\/index.php\/2025\/06\/07\/cruz-azul-le-da-las-gracias-a-vicente-sanchez\/","name":"Cruz Azul le da las gracias a Vicente S\u00e1nchez - Esbozo Deportivo","isPartOf":{"@id":"https:\/\/esbozodeportivo.com\/#website"},"primaryImageOfPage":{"@id":"https:\/\/esbozodeportivo.com\/index.php\/2025\/06\/07\/cruz-azul-le-da-las-gracias-a-vicente-sanchez\/#primaryimage"},"image":{"@id":"https:\/\/esbozodeportivo.com\/index.php\/2025\/06\/07\/cruz-azul-le-da-las-gracias-a-vicente-sanchez\/#primaryimage"},"thumbnailUrl":"https:\/\/esbozodeportivo.com\/wp-content\/uploads\/2025\/06\/Azul-1.jpg","datePublished":"2025-06-07T07:08:27+00:00","description":"Menos de una semana despu\u00e9s de conquistar la Copa de Campeones de la Concacaf, Cruz Azul despidi\u00f3 al entrenador uruguayo Vicente S\u00e1nchez.","breadcrumb":{"@id":"https:\/\/esbozodeportivo.com\/index.php\/2025\/06\/07\/cruz-azul-le-da-las-gracias-a-vicente-sanchez\/#breadcrumb"},"inLanguage":"es","potentialAction":[{"@type":"ReadAction","target":["https:\/\/esbozodeportivo.com\/index.php\/2025\/06\/07\/cruz-azul-le-da-las-gracias-a-vicente-sanchez\/"]}]},{"@type":"ImageObject","inLanguage":"es","@id":"https:\/\/esbozodeportivo.com\/index.php\/2025\/06\/07\/cruz-azul-le-da-las-gracias-a-vicente-sanchez\/#primaryimage","url":"https:\/\/esbozodeportivo.com\/wp-content\/uploads\/2025\/06\/Azul-1.jpg","contentUrl":"https:\/\/esbozodeportivo.com\/wp-content\/uploads\/2025\/06\/Azul-1.jpg","width":980,"height":653},{"@type":"BreadcrumbList","@id":"https:\/\/esbozodeportivo.com\/index.php\/2025\/06\/07\/cruz-azul-le-da-las-gracias-a-vicente-sanchez\/#breadcrumb","itemListElement":[{"@type":"ListItem","position":1,"name":"Inicio","item":"https:\/\/esbozodeportivo.com\/"},{"@type":"ListItem","position":2,"name":"Cruz Azul le da las gracias a Vicente S\u00e1nchez"}]},{"@type":"WebSite","@id":"https:\/\/esbozodeportivo.com\/#website","url":"https:\/\/esbozodeportivo.com\/","name":"Esbozo Deportivo","description":"Lo m\u00e1s importante del Deporte","publisher":{"@id":"https:\/\/esbozodeportivo.com\/#organization"},"potentialAction":[{"@type":"SearchAction","target":{"@type":"EntryPoint","urlTemplate":"https:\/\/esbozodeportivo.com\/?s={search_term_string}"},"query-input":{"@type":"PropertyValueSpecification","valueRequired":true,"valueName":"search_term_string"}}],"inLanguage":"es"},{"@type":"Organization","@id":"https:\/\/esbozodeportivo.com\/#organization","name":"Esbozo Deportivo","url":"https:\/\/esbozodeportivo.com\/","logo":{"@type":"ImageObject","inLanguage":"es","@id":"https:\/\/esbozodeportivo.com\/#\/schema\/logo\/image\/","url":"https:\/\/esbozodeportivo.com\/wp-content\/uploads\/2022\/08\/cropped-Logo-Esbozo-Web-2.png","contentUrl":"https:\/\/esbozodeportivo.com\/wp-content\/uploads\/2022\/08\/cropped-Logo-Esbozo-Web-2.png","width":180,"height":50,"caption":"Esbozo Deportivo"},"image":{"@id":"https:\/\/esbozodeportivo.com\/#\/schema\/logo\/image\/"}},{"@type":"Person","@id":"https:\/\/esbozodeportivo.com\/#\/schema\/person\/0f6df9196dfe6740dd0bb31bae50d374","name":"Redacci\u00f3n","image":{"@type":"ImageObject","inLanguage":"es","@id":"https:\/\/esbozodeportivo.com\/#\/schema\/person\/image\/","url":"https:\/\/secure.gravatar.com\/avatar\/f55268a89c3b418f2ef172ff52ab0d09b3e653c58de29539fe329fb93d78ebf3?s=96&d=mm&r=g","contentUrl":"https:\/\/secure.gravatar.com\/avatar\/f55268a89c3b418f2ef172ff52ab0d09b3e653c58de29539fe329fb93d78ebf3?s=96&d=mm&r=g","caption":"Redacci\u00f3n"},"url":"https:\/\/esbozodeportivo.com\/index.php\/author\/redaccion\/"}]}},"jetpack_featured_media_url":"https:\/\/esbozodeportivo.com\/wp-content\/uploads\/2025\/06\/Azul-1.jpg","jetpack_sharing_enabled":true,"_links":{"self":[{"href":"https:\/\/esbozodeportivo.com\/index.php\/wp-json\/wp\/v2\/posts\/7862","targetHints":{"allow":["GET"]}}],"collection":[{"href":"https:\/\/esbozodeportivo.com\/index.php\/wp-json\/wp\/v2\/posts"}],"about":[{"href":"https:\/\/esbozodeportivo.com\/index.php\/wp-json\/wp\/v2\/types\/post"}],"author":[{"embeddable":true,"href":"https:\/\/esbozodeportivo.com\/index.php\/wp-json\/wp\/v2\/users\/4"}],"replies":[{"embeddable":true,"href":"https:\/\/esbozodeportivo.com\/index.php\/wp-json\/wp\/v2\/comments?post=7862"}],"version-history":[{"count":1,"href":"https:\/\/esbozodeportivo.com\/index.php\/wp-json\/wp\/v2\/posts\/7862\/revisions"}],"predecessor-version":[{"id":7863,"href":"https:\/\/esbozodeportivo.com\/index.php\/wp-json\/wp\/v2\/posts\/7862\/revisions\/7863"}],"wp:featuredmedia":[{"embeddable":true,"href":"https:\/\/esbozodeportivo.com\/index.php\/wp-json\/wp\/v2\/media\/7848"}],"wp:attachment":[{"href":"https:\/\/esbozodeportivo.com\/index.php\/wp-json\/wp\/v2\/media?parent=7862"}],"wp:term":[{"taxonomy":"category","embeddable":true,"href":"https:\/\/esbozodeportivo.com\/index.php\/wp-json\/wp\/v2\/categories?post=7862"},{"taxonomy":"post_tag","embeddable":true,"href":"https:\/\/esbozodeportivo.com\/index.php\/wp-json\/wp\/v2\/tags?post=7862"}],"curies":[{"name":"wp","href":"https:\/\/api.w.org\/{rel}","templated":true}]}}