{"id":7864,"date":"2025-06-09T12:16:25","date_gmt":"2025-06-09T18:16:25","guid":{"rendered":"https:\/\/esbozodeportivo.com\/?p=7864"},"modified":"2025-06-09T12:16:26","modified_gmt":"2025-06-09T18:16:26","slug":"destino-universal-de-los-bienes-propiedad-privada-y-funcion-social-en-el-estado-de-derecho","status":"publish","type":"post","link":"https:\/\/esbozodeportivo.com\/index.php\/2025\/06\/09\/destino-universal-de-los-bienes-propiedad-privada-y-funcion-social-en-el-estado-de-derecho\/","title":{"rendered":"Destino universal de los bienes: propiedad privada y funci\u00f3n social en el Estado de Derecho"},"content":{"rendered":"\n<p>Por Ra\u00fal Varela Curiel<\/p>\n\n\n\n<p>Los bienes de la Tierra fueron creados para toda la humanidad. No son patrimonio exclusivo de unos cuantos, sino que est\u00e1n destinados, por su propia naturaleza, a beneficiar a todos sin distinci\u00f3n. La Tierra, fecunda y generosa, posee recursos suficientes para satisfacer las necesidades b\u00e1sicas de cada persona, si se distribuyen con equidad y responsabilidad.<br><br>El derecho a la propiedad privada y al comercio son leg\u00edtimos, inherentes a toda persona humana. Pero para que su ejercicio sea justo, debe estar regulado por un orden jur\u00eddico que reconozca su funci\u00f3n social. No se trata de negar el derecho a poseer, sino de comprender que esa posesi\u00f3n conlleva un compromiso: el de usar los bienes no solo en beneficio propio, sino tambi\u00e9n en favor del bien com\u00fan.<br><br>En este contexto, es imprescindible cultivar una visi\u00f3n de la econom\u00eda humana basada en valores morales. Una econom\u00eda sin alma, centrada \u00fanicamente en el lucro, termina por deshumanizar. En cambio, una econom\u00eda que reconoce el valor social de la riqueza puede convertirse en una herramienta poderosa para construir un mundo m\u00e1s justo, m\u00e1s humano y m\u00e1s fraterno.<br><br>La creaci\u00f3n de riqueza no es mala en s\u00ed misma; por el contrario, puede tener una funci\u00f3n positiva si se orienta al bien com\u00fan. La riqueza debe ser un medio que favorezca el desarrollo integral de la persona y evite su exclusi\u00f3n o explotaci\u00f3n. La clave est\u00e1 en no absolutizarla. Cuando la propiedad se convierte en un \u00eddolo, deja de servir al hombre y comienza a esclavizarlo.<br><br>Es importante entender que los bienes de la creaci\u00f3n deben estar al servicio de toda la humanidad. Podemos ser leg\u00edtimos propietarios, pero eso no significa que los bienes deban beneficiarnos exclusivamente. Lejos de contradecir el derecho a la propiedad, el principio del destino universal de los bienes lo completa, lo dignifica y le da sentido.<br><br>Una sociedad que idolatra la propiedad y olvida su dimensi\u00f3n social corre el riesgo de fragmentarse y deshumanizarse. Solo cuando los bienes se conciben como instrumentos al servicio del crecimiento humano y social, pueden cumplir su verdadero prop\u00f3sito.<br><br>En definitiva, reconocer el derecho de propiedad dentro de un marco jur\u00eddico que lo armonice con el bien com\u00fan no debilita su legitimidad, sino que la fortalece. Los bienes materiales, lejos de ser un fin en s\u00ed mismos, encuentran su mayor sentido cuando son puestos al servicio de una sociedad m\u00e1s justa, incluyente y solidaria. Solo as\u00ed es posible construir un verdadero Estado de Derecho: uno que no solo garantiza derechos, sino que tambi\u00e9n promueve responsabilidades sociales y equidad en el acceso a los recursos esenciales para la vida digna.<br><br><\/p>\n","protected":false},"excerpt":{"rendered":"<p>Por Ra\u00fal Varela Curiel Los bienes de la Tierra fueron creados para toda la humanidad.<\/p>\n","protected":false},"author":4,"featured_media":7865,"comment_status":"closed","ping_status":"open","sticky":false,"template":"","format":"standard","meta":{"_jetpack_memberships_contains_paid_content":false,"footnotes":""},"categories":[35],"tags":[],"class_list":["post-7864","post","type-post","status-publish","format-standard","has-post-thumbnail","hentry","category-columna"],"yoast_head":"<!-- This site is optimized with the Yoast SEO plugin v25.7 - https:\/\/yoast.com\/wordpress\/plugins\/seo\/ -->\n<title>Destino universal de los bienes: propiedad privada y funci\u00f3n social en el Estado de Derecho - Esbozo Deportivo<\/title>\n<meta name=\"description\" content=\"Los bienes de la Tierra fueron creados para toda la humanidad. No son patrimonio exclusivo de unos cuantos, sino que est\u00e1n destinados, por su propia naturaleza, a beneficiar a todos sin distinci\u00f3n. La Tierra, fecunda y generosa, posee recursos suficientes para satisfacer las necesidades b\u00e1sicas de cada persona, si se distribuyen con equidad y responsabilidad.\" \/>\n<meta name=\"robots\" content=\"index, follow, max-snippet:-1, max-image-preview:large, max-video-preview:-1\" \/>\n<link rel=\"canonical\" href=\"https:\/\/esbozodeportivo.com\/index.php\/2025\/06\/09\/destino-universal-de-los-bienes-propiedad-privada-y-funcion-social-en-el-estado-de-derecho\/\" \/>\n<meta property=\"og:locale\" content=\"es_MX\" \/>\n<meta property=\"og:type\" content=\"article\" \/>\n<meta property=\"og:title\" content=\"Destino universal de los bienes: propiedad privada y funci\u00f3n social en el Estado de Derecho - Esbozo Deportivo\" \/>\n<meta property=\"og:description\" content=\"Los bienes de la Tierra fueron creados para toda la humanidad. No son patrimonio exclusivo de unos cuantos, sino que est\u00e1n destinados, por su propia naturaleza, a beneficiar a todos sin distinci\u00f3n. La Tierra, fecunda y generosa, posee recursos suficientes para satisfacer las necesidades b\u00e1sicas de cada persona, si se distribuyen con equidad y responsabilidad.\" \/>\n<meta property=\"og:url\" content=\"https:\/\/esbozodeportivo.com\/index.php\/2025\/06\/09\/destino-universal-de-los-bienes-propiedad-privada-y-funcion-social-en-el-estado-de-derecho\/\" \/>\n<meta property=\"og:site_name\" content=\"Esbozo Deportivo\" \/>\n<meta property=\"article:published_time\" content=\"2025-06-09T18:16:25+00:00\" \/>\n<meta property=\"article:modified_time\" content=\"2025-06-09T18:16:26+00:00\" \/>\n<meta property=\"og:image\" content=\"https:\/\/esbozodeportivo.com\/wp-content\/uploads\/2025\/06\/Raul-Curiel1.jpg\" \/>\n\t<meta property=\"og:image:width\" content=\"641\" \/>\n\t<meta property=\"og:image:height\" content=\"641\" \/>\n\t<meta property=\"og:image:type\" content=\"image\/jpeg\" \/>\n<meta name=\"author\" content=\"Redacci\u00f3n\" \/>\n<meta name=\"twitter:card\" content=\"summary_large_image\" \/>\n<meta name=\"twitter:label1\" content=\"Escrito por\" \/>\n\t<meta name=\"twitter:data1\" content=\"Redacci\u00f3n\" \/>\n\t<meta name=\"twitter:label2\" content=\"Tiempo de lectura\" \/>\n\t<meta name=\"twitter:data2\" content=\"3 minutos\" \/>\n<script type=\"application\/ld+json\" class=\"yoast-schema-graph\">{\"@context\":\"https:\/\/schema.org\",\"@graph\":[{\"@type\":\"Article\",\"@id\":\"https:\/\/esbozodeportivo.com\/index.php\/2025\/06\/09\/destino-universal-de-los-bienes-propiedad-privada-y-funcion-social-en-el-estado-de-derecho\/#article\",\"isPartOf\":{\"@id\":\"https:\/\/esbozodeportivo.com\/index.php\/2025\/06\/09\/destino-universal-de-los-bienes-propiedad-privada-y-funcion-social-en-el-estado-de-derecho\/\"},\"author\":{\"name\":\"Redacci\u00f3n\",\"@id\":\"https:\/\/esbozodeportivo.com\/#\/schema\/person\/0f6df9196dfe6740dd0bb31bae50d374\"},\"headline\":\"Destino universal de los bienes: propiedad privada y funci\u00f3n social en el Estado de Derecho\",\"datePublished\":\"2025-06-09T18:16:25+00:00\",\"dateModified\":\"2025-06-09T18:16:26+00:00\",\"mainEntityOfPage\":{\"@id\":\"https:\/\/esbozodeportivo.com\/index.php\/2025\/06\/09\/destino-universal-de-los-bienes-propiedad-privada-y-funcion-social-en-el-estado-de-derecho\/\"},\"wordCount\":482,\"publisher\":{\"@id\":\"https:\/\/esbozodeportivo.com\/#organization\"},\"image\":{\"@id\":\"https:\/\/esbozodeportivo.com\/index.php\/2025\/06\/09\/destino-universal-de-los-bienes-propiedad-privada-y-funcion-social-en-el-estado-de-derecho\/#primaryimage\"},\"thumbnailUrl\":\"https:\/\/esbozodeportivo.com\/wp-content\/uploads\/2025\/06\/Raul-Curiel1.jpg\",\"articleSection\":[\"Columna\"],\"inLanguage\":\"es\"},{\"@type\":\"WebPage\",\"@id\":\"https:\/\/esbozodeportivo.com\/index.php\/2025\/06\/09\/destino-universal-de-los-bienes-propiedad-privada-y-funcion-social-en-el-estado-de-derecho\/\",\"url\":\"https:\/\/esbozodeportivo.com\/index.php\/2025\/06\/09\/destino-universal-de-los-bienes-propiedad-privada-y-funcion-social-en-el-estado-de-derecho\/\",\"name\":\"Destino universal de los bienes: propiedad privada y funci\u00f3n social en el Estado de Derecho - Esbozo Deportivo\",\"isPartOf\":{\"@id\":\"https:\/\/esbozodeportivo.com\/#website\"},\"primaryImageOfPage\":{\"@id\":\"https:\/\/esbozodeportivo.com\/index.php\/2025\/06\/09\/destino-universal-de-los-bienes-propiedad-privada-y-funcion-social-en-el-estado-de-derecho\/#primaryimage\"},\"image\":{\"@id\":\"https:\/\/esbozodeportivo.com\/index.php\/2025\/06\/09\/destino-universal-de-los-bienes-propiedad-privada-y-funcion-social-en-el-estado-de-derecho\/#primaryimage\"},\"thumbnailUrl\":\"https:\/\/esbozodeportivo.com\/wp-content\/uploads\/2025\/06\/Raul-Curiel1.jpg\",\"datePublished\":\"2025-06-09T18:16:25+00:00\",\"dateModified\":\"2025-06-09T18:16:26+00:00\",\"description\":\"Los bienes de la Tierra fueron creados para toda la humanidad. No son patrimonio exclusivo de unos cuantos, sino que est\u00e1n destinados, por su propia naturaleza, a beneficiar a todos sin distinci\u00f3n. La Tierra, fecunda y generosa, posee recursos suficientes para satisfacer las necesidades b\u00e1sicas de cada persona, si se distribuyen con equidad y responsabilidad.\",\"breadcrumb\":{\"@id\":\"https:\/\/esbozodeportivo.com\/index.php\/2025\/06\/09\/destino-universal-de-los-bienes-propiedad-privada-y-funcion-social-en-el-estado-de-derecho\/#breadcrumb\"},\"inLanguage\":\"es\",\"potentialAction\":[{\"@type\":\"ReadAction\",\"target\":[\"https:\/\/esbozodeportivo.com\/index.php\/2025\/06\/09\/destino-universal-de-los-bienes-propiedad-privada-y-funcion-social-en-el-estado-de-derecho\/\"]}]},{\"@type\":\"ImageObject\",\"inLanguage\":\"es\",\"@id\":\"https:\/\/esbozodeportivo.com\/index.php\/2025\/06\/09\/destino-universal-de-los-bienes-propiedad-privada-y-funcion-social-en-el-estado-de-derecho\/#primaryimage\",\"url\":\"https:\/\/esbozodeportivo.com\/wp-content\/uploads\/2025\/06\/Raul-Curiel1.jpg\",\"contentUrl\":\"https:\/\/esbozodeportivo.com\/wp-content\/uploads\/2025\/06\/Raul-Curiel1.jpg\",\"width\":641,\"height\":641},{\"@type\":\"BreadcrumbList\",\"@id\":\"https:\/\/esbozodeportivo.com\/index.php\/2025\/06\/09\/destino-universal-de-los-bienes-propiedad-privada-y-funcion-social-en-el-estado-de-derecho\/#breadcrumb\",\"itemListElement\":[{\"@type\":\"ListItem\",\"position\":1,\"name\":\"Inicio\",\"item\":\"https:\/\/esbozodeportivo.com\/\"},{\"@type\":\"ListItem\",\"position\":2,\"name\":\"Destino universal de los bienes: propiedad privada y funci\u00f3n social en el Estado de Derecho\"}]},{\"@type\":\"WebSite\",\"@id\":\"https:\/\/esbozodeportivo.com\/#website\",\"url\":\"https:\/\/esbozodeportivo.com\/\",\"name\":\"Esbozo Deportivo\",\"description\":\"Lo m\u00e1s importante del Deporte\",\"publisher\":{\"@id\":\"https:\/\/esbozodeportivo.com\/#organization\"},\"potentialAction\":[{\"@type\":\"SearchAction\",\"target\":{\"@type\":\"EntryPoint\",\"urlTemplate\":\"https:\/\/esbozodeportivo.com\/?s={search_term_string}\"},\"query-input\":{\"@type\":\"PropertyValueSpecification\",\"valueRequired\":true,\"valueName\":\"search_term_string\"}}],\"inLanguage\":\"es\"},{\"@type\":\"Organization\",\"@id\":\"https:\/\/esbozodeportivo.com\/#organization\",\"name\":\"Esbozo Deportivo\",\"url\":\"https:\/\/esbozodeportivo.com\/\",\"logo\":{\"@type\":\"ImageObject\",\"inLanguage\":\"es\",\"@id\":\"https:\/\/esbozodeportivo.com\/#\/schema\/logo\/image\/\",\"url\":\"https:\/\/esbozodeportivo.com\/wp-content\/uploads\/2022\/08\/cropped-Logo-Esbozo-Web-2.png\",\"contentUrl\":\"https:\/\/esbozodeportivo.com\/wp-content\/uploads\/2022\/08\/cropped-Logo-Esbozo-Web-2.png\",\"width\":180,\"height\":50,\"caption\":\"Esbozo Deportivo\"},\"image\":{\"@id\":\"https:\/\/esbozodeportivo.com\/#\/schema\/logo\/image\/\"}},{\"@type\":\"Person\",\"@id\":\"https:\/\/esbozodeportivo.com\/#\/schema\/person\/0f6df9196dfe6740dd0bb31bae50d374\",\"name\":\"Redacci\u00f3n\",\"image\":{\"@type\":\"ImageObject\",\"inLanguage\":\"es\",\"@id\":\"https:\/\/esbozodeportivo.com\/#\/schema\/person\/image\/\",\"url\":\"https:\/\/secure.gravatar.com\/avatar\/f55268a89c3b418f2ef172ff52ab0d09b3e653c58de29539fe329fb93d78ebf3?s=96&d=mm&r=g\",\"contentUrl\":\"https:\/\/secure.gravatar.com\/avatar\/f55268a89c3b418f2ef172ff52ab0d09b3e653c58de29539fe329fb93d78ebf3?s=96&d=mm&r=g\",\"caption\":\"Redacci\u00f3n\"},\"url\":\"https:\/\/esbozodeportivo.com\/index.php\/author\/redaccion\/\"}]}<\/script>\n<!-- \/ Yoast SEO plugin. -->","yoast_head_json":{"title":"Destino universal de los bienes: propiedad privada y funci\u00f3n social en el Estado de Derecho - Esbozo Deportivo","description":"Los bienes de la Tierra fueron creados para toda la humanidad. No son patrimonio exclusivo de unos cuantos, sino que est\u00e1n destinados, por su propia naturaleza, a beneficiar a todos sin distinci\u00f3n. La Tierra, fecunda y generosa, posee recursos suficientes para satisfacer las necesidades b\u00e1sicas de cada persona, si se distribuyen con equidad y responsabilidad.","robots":{"index":"index","follow":"follow","max-snippet":"max-snippet:-1","max-image-preview":"max-image-preview:large","max-video-preview":"max-video-preview:-1"},"canonical":"https:\/\/esbozodeportivo.com\/index.php\/2025\/06\/09\/destino-universal-de-los-bienes-propiedad-privada-y-funcion-social-en-el-estado-de-derecho\/","og_locale":"es_MX","og_type":"article","og_title":"Destino universal de los bienes: propiedad privada y funci\u00f3n social en el Estado de Derecho - Esbozo Deportivo","og_description":"Los bienes de la Tierra fueron creados para toda la humanidad. No son patrimonio exclusivo de unos cuantos, sino que est\u00e1n destinados, por su propia naturaleza, a beneficiar a todos sin distinci\u00f3n. La Tierra, fecunda y generosa, posee recursos suficientes para satisfacer las necesidades b\u00e1sicas de cada persona, si se distribuyen con equidad y responsabilidad.","og_url":"https:\/\/esbozodeportivo.com\/index.php\/2025\/06\/09\/destino-universal-de-los-bienes-propiedad-privada-y-funcion-social-en-el-estado-de-derecho\/","og_site_name":"Esbozo Deportivo","article_published_time":"2025-06-09T18:16:25+00:00","article_modified_time":"2025-06-09T18:16:26+00:00","og_image":[{"width":641,"height":641,"url":"https:\/\/esbozodeportivo.com\/wp-content\/uploads\/2025\/06\/Raul-Curiel1.jpg","type":"image\/jpeg"}],"author":"Redacci\u00f3n","twitter_card":"summary_large_image","twitter_misc":{"Escrito por":"Redacci\u00f3n","Tiempo de lectura":"3 minutos"},"schema":{"@context":"https:\/\/schema.org","@graph":[{"@type":"Article","@id":"https:\/\/esbozodeportivo.com\/index.php\/2025\/06\/09\/destino-universal-de-los-bienes-propiedad-privada-y-funcion-social-en-el-estado-de-derecho\/#article","isPartOf":{"@id":"https:\/\/esbozodeportivo.com\/index.php\/2025\/06\/09\/destino-universal-de-los-bienes-propiedad-privada-y-funcion-social-en-el-estado-de-derecho\/"},"author":{"name":"Redacci\u00f3n","@id":"https:\/\/esbozodeportivo.com\/#\/schema\/person\/0f6df9196dfe6740dd0bb31bae50d374"},"headline":"Destino universal de los bienes: propiedad privada y funci\u00f3n social en el Estado de Derecho","datePublished":"2025-06-09T18:16:25+00:00","dateModified":"2025-06-09T18:16:26+00:00","mainEntityOfPage":{"@id":"https:\/\/esbozodeportivo.com\/index.php\/2025\/06\/09\/destino-universal-de-los-bienes-propiedad-privada-y-funcion-social-en-el-estado-de-derecho\/"},"wordCount":482,"publisher":{"@id":"https:\/\/esbozodeportivo.com\/#organization"},"image":{"@id":"https:\/\/esbozodeportivo.com\/index.php\/2025\/06\/09\/destino-universal-de-los-bienes-propiedad-privada-y-funcion-social-en-el-estado-de-derecho\/#primaryimage"},"thumbnailUrl":"https:\/\/esbozodeportivo.com\/wp-content\/uploads\/2025\/06\/Raul-Curiel1.jpg","articleSection":["Columna"],"inLanguage":"es"},{"@type":"WebPage","@id":"https:\/\/esbozodeportivo.com\/index.php\/2025\/06\/09\/destino-universal-de-los-bienes-propiedad-privada-y-funcion-social-en-el-estado-de-derecho\/","url":"https:\/\/esbozodeportivo.com\/index.php\/2025\/06\/09\/destino-universal-de-los-bienes-propiedad-privada-y-funcion-social-en-el-estado-de-derecho\/","name":"Destino universal de los bienes: propiedad privada y funci\u00f3n social en el Estado de Derecho - Esbozo Deportivo","isPartOf":{"@id":"https:\/\/esbozodeportivo.com\/#website"},"primaryImageOfPage":{"@id":"https:\/\/esbozodeportivo.com\/index.php\/2025\/06\/09\/destino-universal-de-los-bienes-propiedad-privada-y-funcion-social-en-el-estado-de-derecho\/#primaryimage"},"image":{"@id":"https:\/\/esbozodeportivo.com\/index.php\/2025\/06\/09\/destino-universal-de-los-bienes-propiedad-privada-y-funcion-social-en-el-estado-de-derecho\/#primaryimage"},"thumbnailUrl":"https:\/\/esbozodeportivo.com\/wp-content\/uploads\/2025\/06\/Raul-Curiel1.jpg","datePublished":"2025-06-09T18:16:25+00:00","dateModified":"2025-06-09T18:16:26+00:00","description":"Los bienes de la Tierra fueron creados para toda la humanidad. No son patrimonio exclusivo de unos cuantos, sino que est\u00e1n destinados, por su propia naturaleza, a beneficiar a todos sin distinci\u00f3n. La Tierra, fecunda y generosa, posee recursos suficientes para satisfacer las necesidades b\u00e1sicas de cada persona, si se distribuyen con equidad y responsabilidad.","breadcrumb":{"@id":"https:\/\/esbozodeportivo.com\/index.php\/2025\/06\/09\/destino-universal-de-los-bienes-propiedad-privada-y-funcion-social-en-el-estado-de-derecho\/#breadcrumb"},"inLanguage":"es","potentialAction":[{"@type":"ReadAction","target":["https:\/\/esbozodeportivo.com\/index.php\/2025\/06\/09\/destino-universal-de-los-bienes-propiedad-privada-y-funcion-social-en-el-estado-de-derecho\/"]}]},{"@type":"ImageObject","inLanguage":"es","@id":"https:\/\/esbozodeportivo.com\/index.php\/2025\/06\/09\/destino-universal-de-los-bienes-propiedad-privada-y-funcion-social-en-el-estado-de-derecho\/#primaryimage","url":"https:\/\/esbozodeportivo.com\/wp-content\/uploads\/2025\/06\/Raul-Curiel1.jpg","contentUrl":"https:\/\/esbozodeportivo.com\/wp-content\/uploads\/2025\/06\/Raul-Curiel1.jpg","width":641,"height":641},{"@type":"BreadcrumbList","@id":"https:\/\/esbozodeportivo.com\/index.php\/2025\/06\/09\/destino-universal-de-los-bienes-propiedad-privada-y-funcion-social-en-el-estado-de-derecho\/#breadcrumb","itemListElement":[{"@type":"ListItem","position":1,"name":"Inicio","item":"https:\/\/esbozodeportivo.com\/"},{"@type":"ListItem","position":2,"name":"Destino universal de los bienes: propiedad privada y funci\u00f3n social en el Estado de Derecho"}]},{"@type":"WebSite","@id":"https:\/\/esbozodeportivo.com\/#website","url":"https:\/\/esbozodeportivo.com\/","name":"Esbozo Deportivo","description":"Lo m\u00e1s importante del Deporte","publisher":{"@id":"https:\/\/esbozodeportivo.com\/#organization"},"potentialAction":[{"@type":"SearchAction","target":{"@type":"EntryPoint","urlTemplate":"https:\/\/esbozodeportivo.com\/?s={search_term_string}"},"query-input":{"@type":"PropertyValueSpecification","valueRequired":true,"valueName":"search_term_string"}}],"inLanguage":"es"},{"@type":"Organization","@id":"https:\/\/esbozodeportivo.com\/#organization","name":"Esbozo Deportivo","url":"https:\/\/esbozodeportivo.com\/","logo":{"@type":"ImageObject","inLanguage":"es","@id":"https:\/\/esbozodeportivo.com\/#\/schema\/logo\/image\/","url":"https:\/\/esbozodeportivo.com\/wp-content\/uploads\/2022\/08\/cropped-Logo-Esbozo-Web-2.png","contentUrl":"https:\/\/esbozodeportivo.com\/wp-content\/uploads\/2022\/08\/cropped-Logo-Esbozo-Web-2.png","width":180,"height":50,"caption":"Esbozo Deportivo"},"image":{"@id":"https:\/\/esbozodeportivo.com\/#\/schema\/logo\/image\/"}},{"@type":"Person","@id":"https:\/\/esbozodeportivo.com\/#\/schema\/person\/0f6df9196dfe6740dd0bb31bae50d374","name":"Redacci\u00f3n","image":{"@type":"ImageObject","inLanguage":"es","@id":"https:\/\/esbozodeportivo.com\/#\/schema\/person\/image\/","url":"https:\/\/secure.gravatar.com\/avatar\/f55268a89c3b418f2ef172ff52ab0d09b3e653c58de29539fe329fb93d78ebf3?s=96&d=mm&r=g","contentUrl":"https:\/\/secure.gravatar.com\/avatar\/f55268a89c3b418f2ef172ff52ab0d09b3e653c58de29539fe329fb93d78ebf3?s=96&d=mm&r=g","caption":"Redacci\u00f3n"},"url":"https:\/\/esbozodeportivo.com\/index.php\/author\/redaccion\/"}]}},"jetpack_featured_media_url":"https:\/\/esbozodeportivo.com\/wp-content\/uploads\/2025\/06\/Raul-Curiel1.jpg","jetpack_sharing_enabled":true,"_links":{"self":[{"href":"https:\/\/esbozodeportivo.com\/index.php\/wp-json\/wp\/v2\/posts\/7864","targetHints":{"allow":["GET"]}}],"collection":[{"href":"https:\/\/esbozodeportivo.com\/index.php\/wp-json\/wp\/v2\/posts"}],"about":[{"href":"https:\/\/esbozodeportivo.com\/index.php\/wp-json\/wp\/v2\/types\/post"}],"author":[{"embeddable":true,"href":"https:\/\/esbozodeportivo.com\/index.php\/wp-json\/wp\/v2\/users\/4"}],"replies":[{"embeddable":true,"href":"https:\/\/esbozodeportivo.com\/index.php\/wp-json\/wp\/v2\/comments?post=7864"}],"version-history":[{"count":1,"href":"https:\/\/esbozodeportivo.com\/index.php\/wp-json\/wp\/v2\/posts\/7864\/revisions"}],"predecessor-version":[{"id":7866,"href":"https:\/\/esbozodeportivo.com\/index.php\/wp-json\/wp\/v2\/posts\/7864\/revisions\/7866"}],"wp:featuredmedia":[{"embeddable":true,"href":"https:\/\/esbozodeportivo.com\/index.php\/wp-json\/wp\/v2\/media\/7865"}],"wp:attachment":[{"href":"https:\/\/esbozodeportivo.com\/index.php\/wp-json\/wp\/v2\/media?parent=7864"}],"wp:term":[{"taxonomy":"category","embeddable":true,"href":"https:\/\/esbozodeportivo.com\/index.php\/wp-json\/wp\/v2\/categories?post=7864"},{"taxonomy":"post_tag","embeddable":true,"href":"https:\/\/esbozodeportivo.com\/index.php\/wp-json\/wp\/v2\/tags?post=7864"}],"curies":[{"name":"wp","href":"https:\/\/api.w.org\/{rel}","templated":true}]}}