{"id":7942,"date":"2025-06-16T00:34:12","date_gmt":"2025-06-16T06:34:12","guid":{"rendered":"https:\/\/esbozodeportivo.com\/?p=7942"},"modified":"2025-06-16T00:34:13","modified_gmt":"2025-06-16T06:34:13","slug":"psg-inicia-con-el-pie-derecho-el-mundial","status":"publish","type":"post","link":"https:\/\/esbozodeportivo.com\/index.php\/2025\/06\/16\/psg-inicia-con-el-pie-derecho-el-mundial\/","title":{"rendered":"PSG inicia con el pie derecho el Mundial"},"content":{"rendered":"\n<p>(Foto: Agencias) <\/p>\n\n\n\n<p><strong>Fabi\u00e1n Ruiz y Vitinha<\/strong> anotaron en la primera mitad, y el <strong>Paris Saint-Germain<\/strong>, campe\u00f3n de la <strong>Liga de Campeones<\/strong>, comenz\u00f3 su participaci\u00f3n en el <strong>Mundial de Clubes<\/strong> con una victoria de 4-0 el domingo sobre el <strong>Atl\u00e9tico de Madrid<\/strong>.<\/p>\n\n\n\n<p>El <strong>PSG<\/strong> domin\u00f3 en gran medida en el <strong>Rose Bowl<\/strong> en su primer partido desde que aplast\u00f3 5-0 al Inter de Mil\u00e1n para ganar su primer t\u00edtulo de la <strong>Liga de Campeones<\/strong> el 31 de mayo.<\/p>\n\n\n\n<p>En un duelo de potencias europeas, <strong>Senny Mayulu y Lee Kang<\/strong>-in anotaron contra un <strong>Atl\u00e9tico<\/strong>, que se qued\u00f3 con diez hombres frente a los 80.619 asistentes en el lugar de la final del <strong>Mundial de 1994.<\/strong> Este era uno de los partidos de mayor perfil en la fase de grupos de la primera edici\u00f3n del <strong>Mundial de Clubes con 32<\/strong> equipos.<\/p>\n\n\n\n<p><strong>Cl\u00e9ment Lenglet del Atl\u00e9tico<\/strong> fue expulsado a los 78 minutos por su segunda tarjeta amarilla en un d\u00eda frustrante que dej\u00f3 a <strong>Diego Simeone<\/strong> visiblemente furioso tanto con los \u00e1rbitros como con los errores de sus jugadores.<strong>Ousmane Demb\u00e9l\u00e9<\/strong> no apareci\u00f3 con el <strong>PSG<\/strong> despu\u00e9s<\/p>\n\n\n\n<figure class=\"wp-block-image size-large\"><img loading=\"lazy\" decoding=\"async\" width=\"1024\" height=\"683\" src=\"https:\/\/esbozodeportivo.com\/wp-content\/uploads\/2025\/06\/a91d858a-19aa-43f1-827c-31dac80e121c-1024x683.jpg\" alt=\"\" class=\"wp-image-7928\" srcset=\"https:\/\/esbozodeportivo.com\/wp-content\/uploads\/2025\/06\/a91d858a-19aa-43f1-827c-31dac80e121c-1024x683.jpg 1024w, https:\/\/esbozodeportivo.com\/wp-content\/uploads\/2025\/06\/a91d858a-19aa-43f1-827c-31dac80e121c-300x200.jpg 300w, https:\/\/esbozodeportivo.com\/wp-content\/uploads\/2025\/06\/a91d858a-19aa-43f1-827c-31dac80e121c-768x512.jpg 768w, https:\/\/esbozodeportivo.com\/wp-content\/uploads\/2025\/06\/a91d858a-19aa-43f1-827c-31dac80e121c.jpg 1440w\" sizes=\"auto, (max-width: 1024px) 100vw, 1024px\" \/><\/figure>\n\n\n\n<p>(Foto: Agencias) <\/p>\n\n\n\n<p><strong>Ousmane Demb\u00e9l\u00e9<\/strong> no apareci\u00f3 con el <strong>PSG<\/strong> despu\u00e9s de lesionarse supuestamente un cu\u00e1driceps mientras jugaba para <strong>Francia<\/strong> el seis de junio. <strong>Gon\u00e7alo Ramos<\/strong> reemplaz\u00f3 a Demb\u00e9l\u00e9 en el \u00fanico cambio de Luis Enrique en la alineaci\u00f3n titular desde la final de la <strong>Liga de Campeones<\/strong>.<\/p>\n\n\n\n<p><strong>Enrique <\/strong>visti\u00f3 pantalones cortos y una camiseta de entrenamiento al margen mientras dirig\u00eda al <strong>PSG<\/strong> en el calor del mediod\u00eda de <strong>California <\/strong>de 31 grados <strong>Celsius<\/strong>.<\/p>\n\n\n\n<p>El <strong>PSG<\/strong> control\u00f3 la posesi\u00f3n desde el principio, y <strong>Ruiz<\/strong> capitaliz\u00f3 en la parte superior del \u00e1rea de penal a los 19. El centrocampista espa\u00f1ol, largamente codiciado por el <strong>Atl\u00e9tico<\/strong>, venci\u00f3 a <strong>Jan Oblak<\/strong> con un ingenioso disparo al rinc\u00f3n lejano.<\/p>\n\n\n\n<p><strong>Vitinha<\/strong> sigui\u00f3 con un gol en el tiempo de descuento tras la segunda asistencia de <strong>Khvicha Kvaratskhelia<\/strong> en la primera mitad.<\/p>\n\n\n\n<p>El argentino <strong>Juli\u00e1n \u00c1lvarez<\/strong> pareci\u00f3 responder para el <strong>Atl\u00e9tico<\/strong> en la segunda mitad, pero el gol fue anulado despu\u00e9s de que el VAR determin\u00f3 que <strong>Koke<\/strong> hab\u00eda cometido falta sobre <strong>D\u00e9sir\u00e9 Dou\u00e9<\/strong> en la jugada previa.<\/p>\n\n\n\n<p><\/p>\n","protected":false},"excerpt":{"rendered":"<p>(Foto: Agencias) Fabi\u00e1n Ruiz y Vitinha anotaron en la primera mitad, y el Paris Saint-Germain,<\/p>\n","protected":false},"author":4,"featured_media":7925,"comment_status":"closed","ping_status":"open","sticky":false,"template":"","format":"standard","meta":{"_jetpack_memberships_contains_paid_content":false,"footnotes":""},"categories":[1],"tags":[],"class_list":["post-7942","post","type-post","status-publish","format-standard","has-post-thumbnail","hentry","category-uncategorized"],"yoast_head":"<!-- This site is optimized with the Yoast SEO plugin v25.7 - https:\/\/yoast.com\/wordpress\/plugins\/seo\/ -->\n<title>PSG inicia con el pie derecho el Mundial - Esbozo Deportivo<\/title>\n<meta name=\"description\" content=\"Fabi\u00e1n Ruiz y Vitinha anotaron en la primera mitad, y el Paris Saint-Germain, campe\u00f3n de la Liga de Campeones, comenz\u00f3 su participaci\u00f3n en el Mundial de Clubes con una victoria de 4-0 el domingo sobre el Atl\u00e9tico de Madrid.\" \/>\n<meta name=\"robots\" content=\"index, follow, max-snippet:-1, max-image-preview:large, max-video-preview:-1\" \/>\n<link rel=\"canonical\" href=\"https:\/\/esbozodeportivo.com\/index.php\/2025\/06\/16\/psg-inicia-con-el-pie-derecho-el-mundial\/\" \/>\n<meta property=\"og:locale\" content=\"es_MX\" \/>\n<meta property=\"og:type\" content=\"article\" \/>\n<meta property=\"og:title\" content=\"PSG inicia con el pie derecho el Mundial - Esbozo Deportivo\" \/>\n<meta property=\"og:description\" content=\"Fabi\u00e1n Ruiz y Vitinha anotaron en la primera mitad, y el Paris Saint-Germain, campe\u00f3n de la Liga de Campeones, comenz\u00f3 su participaci\u00f3n en el Mundial de Clubes con una victoria de 4-0 el domingo sobre el Atl\u00e9tico de Madrid.\" \/>\n<meta property=\"og:url\" content=\"https:\/\/esbozodeportivo.com\/index.php\/2025\/06\/16\/psg-inicia-con-el-pie-derecho-el-mundial\/\" \/>\n<meta property=\"og:site_name\" content=\"Esbozo Deportivo\" \/>\n<meta property=\"article:published_time\" content=\"2025-06-16T06:34:12+00:00\" \/>\n<meta property=\"article:modified_time\" content=\"2025-06-16T06:34:13+00:00\" \/>\n<meta property=\"og:image\" content=\"https:\/\/esbozodeportivo.com\/wp-content\/uploads\/2025\/06\/240d844f-71ab-4ef1-806d-ee36a9755bea.jpg\" \/>\n\t<meta property=\"og:image:width\" content=\"1440\" \/>\n\t<meta property=\"og:image:height\" content=\"960\" \/>\n\t<meta property=\"og:image:type\" content=\"image\/jpeg\" \/>\n<meta name=\"author\" content=\"Redacci\u00f3n\" \/>\n<meta name=\"twitter:card\" content=\"summary_large_image\" \/>\n<meta name=\"twitter:label1\" content=\"Escrito por\" \/>\n\t<meta name=\"twitter:data1\" content=\"Redacci\u00f3n\" \/>\n\t<meta name=\"twitter:label2\" content=\"Tiempo de lectura\" \/>\n\t<meta name=\"twitter:data2\" content=\"3 minutos\" \/>\n<script type=\"application\/ld+json\" class=\"yoast-schema-graph\">{\"@context\":\"https:\/\/schema.org\",\"@graph\":[{\"@type\":\"Article\",\"@id\":\"https:\/\/esbozodeportivo.com\/index.php\/2025\/06\/16\/psg-inicia-con-el-pie-derecho-el-mundial\/#article\",\"isPartOf\":{\"@id\":\"https:\/\/esbozodeportivo.com\/index.php\/2025\/06\/16\/psg-inicia-con-el-pie-derecho-el-mundial\/\"},\"author\":{\"name\":\"Redacci\u00f3n\",\"@id\":\"https:\/\/esbozodeportivo.com\/#\/schema\/person\/0f6df9196dfe6740dd0bb31bae50d374\"},\"headline\":\"PSG inicia con el pie derecho el Mundial\",\"datePublished\":\"2025-06-16T06:34:12+00:00\",\"dateModified\":\"2025-06-16T06:34:13+00:00\",\"mainEntityOfPage\":{\"@id\":\"https:\/\/esbozodeportivo.com\/index.php\/2025\/06\/16\/psg-inicia-con-el-pie-derecho-el-mundial\/\"},\"wordCount\":385,\"publisher\":{\"@id\":\"https:\/\/esbozodeportivo.com\/#organization\"},\"image\":{\"@id\":\"https:\/\/esbozodeportivo.com\/index.php\/2025\/06\/16\/psg-inicia-con-el-pie-derecho-el-mundial\/#primaryimage\"},\"thumbnailUrl\":\"https:\/\/esbozodeportivo.com\/wp-content\/uploads\/2025\/06\/240d844f-71ab-4ef1-806d-ee36a9755bea.jpg\",\"articleSection\":[\"Uncategorized\"],\"inLanguage\":\"es\"},{\"@type\":\"WebPage\",\"@id\":\"https:\/\/esbozodeportivo.com\/index.php\/2025\/06\/16\/psg-inicia-con-el-pie-derecho-el-mundial\/\",\"url\":\"https:\/\/esbozodeportivo.com\/index.php\/2025\/06\/16\/psg-inicia-con-el-pie-derecho-el-mundial\/\",\"name\":\"PSG inicia con el pie derecho el Mundial - Esbozo Deportivo\",\"isPartOf\":{\"@id\":\"https:\/\/esbozodeportivo.com\/#website\"},\"primaryImageOfPage\":{\"@id\":\"https:\/\/esbozodeportivo.com\/index.php\/2025\/06\/16\/psg-inicia-con-el-pie-derecho-el-mundial\/#primaryimage\"},\"image\":{\"@id\":\"https:\/\/esbozodeportivo.com\/index.php\/2025\/06\/16\/psg-inicia-con-el-pie-derecho-el-mundial\/#primaryimage\"},\"thumbnailUrl\":\"https:\/\/esbozodeportivo.com\/wp-content\/uploads\/2025\/06\/240d844f-71ab-4ef1-806d-ee36a9755bea.jpg\",\"datePublished\":\"2025-06-16T06:34:12+00:00\",\"dateModified\":\"2025-06-16T06:34:13+00:00\",\"description\":\"Fabi\u00e1n Ruiz y Vitinha anotaron en la primera mitad, y el Paris Saint-Germain, campe\u00f3n de la Liga de Campeones, comenz\u00f3 su participaci\u00f3n en el Mundial de Clubes con una victoria de 4-0 el domingo sobre el Atl\u00e9tico de Madrid.\",\"breadcrumb\":{\"@id\":\"https:\/\/esbozodeportivo.com\/index.php\/2025\/06\/16\/psg-inicia-con-el-pie-derecho-el-mundial\/#breadcrumb\"},\"inLanguage\":\"es\",\"potentialAction\":[{\"@type\":\"ReadAction\",\"target\":[\"https:\/\/esbozodeportivo.com\/index.php\/2025\/06\/16\/psg-inicia-con-el-pie-derecho-el-mundial\/\"]}]},{\"@type\":\"ImageObject\",\"inLanguage\":\"es\",\"@id\":\"https:\/\/esbozodeportivo.com\/index.php\/2025\/06\/16\/psg-inicia-con-el-pie-derecho-el-mundial\/#primaryimage\",\"url\":\"https:\/\/esbozodeportivo.com\/wp-content\/uploads\/2025\/06\/240d844f-71ab-4ef1-806d-ee36a9755bea.jpg\",\"contentUrl\":\"https:\/\/esbozodeportivo.com\/wp-content\/uploads\/2025\/06\/240d844f-71ab-4ef1-806d-ee36a9755bea.jpg\",\"width\":1440,\"height\":960},{\"@type\":\"BreadcrumbList\",\"@id\":\"https:\/\/esbozodeportivo.com\/index.php\/2025\/06\/16\/psg-inicia-con-el-pie-derecho-el-mundial\/#breadcrumb\",\"itemListElement\":[{\"@type\":\"ListItem\",\"position\":1,\"name\":\"Inicio\",\"item\":\"https:\/\/esbozodeportivo.com\/\"},{\"@type\":\"ListItem\",\"position\":2,\"name\":\"PSG inicia con el pie derecho el Mundial\"}]},{\"@type\":\"WebSite\",\"@id\":\"https:\/\/esbozodeportivo.com\/#website\",\"url\":\"https:\/\/esbozodeportivo.com\/\",\"name\":\"Esbozo Deportivo\",\"description\":\"Lo m\u00e1s importante del Deporte\",\"publisher\":{\"@id\":\"https:\/\/esbozodeportivo.com\/#organization\"},\"potentialAction\":[{\"@type\":\"SearchAction\",\"target\":{\"@type\":\"EntryPoint\",\"urlTemplate\":\"https:\/\/esbozodeportivo.com\/?s={search_term_string}\"},\"query-input\":{\"@type\":\"PropertyValueSpecification\",\"valueRequired\":true,\"valueName\":\"search_term_string\"}}],\"inLanguage\":\"es\"},{\"@type\":\"Organization\",\"@id\":\"https:\/\/esbozodeportivo.com\/#organization\",\"name\":\"Esbozo Deportivo\",\"url\":\"https:\/\/esbozodeportivo.com\/\",\"logo\":{\"@type\":\"ImageObject\",\"inLanguage\":\"es\",\"@id\":\"https:\/\/esbozodeportivo.com\/#\/schema\/logo\/image\/\",\"url\":\"https:\/\/esbozodeportivo.com\/wp-content\/uploads\/2022\/08\/cropped-Logo-Esbozo-Web-2.png\",\"contentUrl\":\"https:\/\/esbozodeportivo.com\/wp-content\/uploads\/2022\/08\/cropped-Logo-Esbozo-Web-2.png\",\"width\":180,\"height\":50,\"caption\":\"Esbozo Deportivo\"},\"image\":{\"@id\":\"https:\/\/esbozodeportivo.com\/#\/schema\/logo\/image\/\"}},{\"@type\":\"Person\",\"@id\":\"https:\/\/esbozodeportivo.com\/#\/schema\/person\/0f6df9196dfe6740dd0bb31bae50d374\",\"name\":\"Redacci\u00f3n\",\"image\":{\"@type\":\"ImageObject\",\"inLanguage\":\"es\",\"@id\":\"https:\/\/esbozodeportivo.com\/#\/schema\/person\/image\/\",\"url\":\"https:\/\/secure.gravatar.com\/avatar\/f55268a89c3b418f2ef172ff52ab0d09b3e653c58de29539fe329fb93d78ebf3?s=96&d=mm&r=g\",\"contentUrl\":\"https:\/\/secure.gravatar.com\/avatar\/f55268a89c3b418f2ef172ff52ab0d09b3e653c58de29539fe329fb93d78ebf3?s=96&d=mm&r=g\",\"caption\":\"Redacci\u00f3n\"},\"url\":\"https:\/\/esbozodeportivo.com\/index.php\/author\/redaccion\/\"}]}<\/script>\n<!-- \/ Yoast SEO plugin. -->","yoast_head_json":{"title":"PSG inicia con el pie derecho el Mundial - Esbozo Deportivo","description":"Fabi\u00e1n Ruiz y Vitinha anotaron en la primera mitad, y el Paris Saint-Germain, campe\u00f3n de la Liga de Campeones, comenz\u00f3 su participaci\u00f3n en el Mundial de Clubes con una victoria de 4-0 el domingo sobre el Atl\u00e9tico de Madrid.","robots":{"index":"index","follow":"follow","max-snippet":"max-snippet:-1","max-image-preview":"max-image-preview:large","max-video-preview":"max-video-preview:-1"},"canonical":"https:\/\/esbozodeportivo.com\/index.php\/2025\/06\/16\/psg-inicia-con-el-pie-derecho-el-mundial\/","og_locale":"es_MX","og_type":"article","og_title":"PSG inicia con el pie derecho el Mundial - Esbozo Deportivo","og_description":"Fabi\u00e1n Ruiz y Vitinha anotaron en la primera mitad, y el Paris Saint-Germain, campe\u00f3n de la Liga de Campeones, comenz\u00f3 su participaci\u00f3n en el Mundial de Clubes con una victoria de 4-0 el domingo sobre el Atl\u00e9tico de Madrid.","og_url":"https:\/\/esbozodeportivo.com\/index.php\/2025\/06\/16\/psg-inicia-con-el-pie-derecho-el-mundial\/","og_site_name":"Esbozo Deportivo","article_published_time":"2025-06-16T06:34:12+00:00","article_modified_time":"2025-06-16T06:34:13+00:00","og_image":[{"width":1440,"height":960,"url":"https:\/\/esbozodeportivo.com\/wp-content\/uploads\/2025\/06\/240d844f-71ab-4ef1-806d-ee36a9755bea.jpg","type":"image\/jpeg"}],"author":"Redacci\u00f3n","twitter_card":"summary_large_image","twitter_misc":{"Escrito por":"Redacci\u00f3n","Tiempo de lectura":"3 minutos"},"schema":{"@context":"https:\/\/schema.org","@graph":[{"@type":"Article","@id":"https:\/\/esbozodeportivo.com\/index.php\/2025\/06\/16\/psg-inicia-con-el-pie-derecho-el-mundial\/#article","isPartOf":{"@id":"https:\/\/esbozodeportivo.com\/index.php\/2025\/06\/16\/psg-inicia-con-el-pie-derecho-el-mundial\/"},"author":{"name":"Redacci\u00f3n","@id":"https:\/\/esbozodeportivo.com\/#\/schema\/person\/0f6df9196dfe6740dd0bb31bae50d374"},"headline":"PSG inicia con el pie derecho el Mundial","datePublished":"2025-06-16T06:34:12+00:00","dateModified":"2025-06-16T06:34:13+00:00","mainEntityOfPage":{"@id":"https:\/\/esbozodeportivo.com\/index.php\/2025\/06\/16\/psg-inicia-con-el-pie-derecho-el-mundial\/"},"wordCount":385,"publisher":{"@id":"https:\/\/esbozodeportivo.com\/#organization"},"image":{"@id":"https:\/\/esbozodeportivo.com\/index.php\/2025\/06\/16\/psg-inicia-con-el-pie-derecho-el-mundial\/#primaryimage"},"thumbnailUrl":"https:\/\/esbozodeportivo.com\/wp-content\/uploads\/2025\/06\/240d844f-71ab-4ef1-806d-ee36a9755bea.jpg","articleSection":["Uncategorized"],"inLanguage":"es"},{"@type":"WebPage","@id":"https:\/\/esbozodeportivo.com\/index.php\/2025\/06\/16\/psg-inicia-con-el-pie-derecho-el-mundial\/","url":"https:\/\/esbozodeportivo.com\/index.php\/2025\/06\/16\/psg-inicia-con-el-pie-derecho-el-mundial\/","name":"PSG inicia con el pie derecho el Mundial - Esbozo Deportivo","isPartOf":{"@id":"https:\/\/esbozodeportivo.com\/#website"},"primaryImageOfPage":{"@id":"https:\/\/esbozodeportivo.com\/index.php\/2025\/06\/16\/psg-inicia-con-el-pie-derecho-el-mundial\/#primaryimage"},"image":{"@id":"https:\/\/esbozodeportivo.com\/index.php\/2025\/06\/16\/psg-inicia-con-el-pie-derecho-el-mundial\/#primaryimage"},"thumbnailUrl":"https:\/\/esbozodeportivo.com\/wp-content\/uploads\/2025\/06\/240d844f-71ab-4ef1-806d-ee36a9755bea.jpg","datePublished":"2025-06-16T06:34:12+00:00","dateModified":"2025-06-16T06:34:13+00:00","description":"Fabi\u00e1n Ruiz y Vitinha anotaron en la primera mitad, y el Paris Saint-Germain, campe\u00f3n de la Liga de Campeones, comenz\u00f3 su participaci\u00f3n en el Mundial de Clubes con una victoria de 4-0 el domingo sobre el Atl\u00e9tico de Madrid.","breadcrumb":{"@id":"https:\/\/esbozodeportivo.com\/index.php\/2025\/06\/16\/psg-inicia-con-el-pie-derecho-el-mundial\/#breadcrumb"},"inLanguage":"es","potentialAction":[{"@type":"ReadAction","target":["https:\/\/esbozodeportivo.com\/index.php\/2025\/06\/16\/psg-inicia-con-el-pie-derecho-el-mundial\/"]}]},{"@type":"ImageObject","inLanguage":"es","@id":"https:\/\/esbozodeportivo.com\/index.php\/2025\/06\/16\/psg-inicia-con-el-pie-derecho-el-mundial\/#primaryimage","url":"https:\/\/esbozodeportivo.com\/wp-content\/uploads\/2025\/06\/240d844f-71ab-4ef1-806d-ee36a9755bea.jpg","contentUrl":"https:\/\/esbozodeportivo.com\/wp-content\/uploads\/2025\/06\/240d844f-71ab-4ef1-806d-ee36a9755bea.jpg","width":1440,"height":960},{"@type":"BreadcrumbList","@id":"https:\/\/esbozodeportivo.com\/index.php\/2025\/06\/16\/psg-inicia-con-el-pie-derecho-el-mundial\/#breadcrumb","itemListElement":[{"@type":"ListItem","position":1,"name":"Inicio","item":"https:\/\/esbozodeportivo.com\/"},{"@type":"ListItem","position":2,"name":"PSG inicia con el pie derecho el Mundial"}]},{"@type":"WebSite","@id":"https:\/\/esbozodeportivo.com\/#website","url":"https:\/\/esbozodeportivo.com\/","name":"Esbozo Deportivo","description":"Lo m\u00e1s importante del Deporte","publisher":{"@id":"https:\/\/esbozodeportivo.com\/#organization"},"potentialAction":[{"@type":"SearchAction","target":{"@type":"EntryPoint","urlTemplate":"https:\/\/esbozodeportivo.com\/?s={search_term_string}"},"query-input":{"@type":"PropertyValueSpecification","valueRequired":true,"valueName":"search_term_string"}}],"inLanguage":"es"},{"@type":"Organization","@id":"https:\/\/esbozodeportivo.com\/#organization","name":"Esbozo Deportivo","url":"https:\/\/esbozodeportivo.com\/","logo":{"@type":"ImageObject","inLanguage":"es","@id":"https:\/\/esbozodeportivo.com\/#\/schema\/logo\/image\/","url":"https:\/\/esbozodeportivo.com\/wp-content\/uploads\/2022\/08\/cropped-Logo-Esbozo-Web-2.png","contentUrl":"https:\/\/esbozodeportivo.com\/wp-content\/uploads\/2022\/08\/cropped-Logo-Esbozo-Web-2.png","width":180,"height":50,"caption":"Esbozo Deportivo"},"image":{"@id":"https:\/\/esbozodeportivo.com\/#\/schema\/logo\/image\/"}},{"@type":"Person","@id":"https:\/\/esbozodeportivo.com\/#\/schema\/person\/0f6df9196dfe6740dd0bb31bae50d374","name":"Redacci\u00f3n","image":{"@type":"ImageObject","inLanguage":"es","@id":"https:\/\/esbozodeportivo.com\/#\/schema\/person\/image\/","url":"https:\/\/secure.gravatar.com\/avatar\/f55268a89c3b418f2ef172ff52ab0d09b3e653c58de29539fe329fb93d78ebf3?s=96&d=mm&r=g","contentUrl":"https:\/\/secure.gravatar.com\/avatar\/f55268a89c3b418f2ef172ff52ab0d09b3e653c58de29539fe329fb93d78ebf3?s=96&d=mm&r=g","caption":"Redacci\u00f3n"},"url":"https:\/\/esbozodeportivo.com\/index.php\/author\/redaccion\/"}]}},"jetpack_featured_media_url":"https:\/\/esbozodeportivo.com\/wp-content\/uploads\/2025\/06\/240d844f-71ab-4ef1-806d-ee36a9755bea.jpg","jetpack_sharing_enabled":true,"_links":{"self":[{"href":"https:\/\/esbozodeportivo.com\/index.php\/wp-json\/wp\/v2\/posts\/7942","targetHints":{"allow":["GET"]}}],"collection":[{"href":"https:\/\/esbozodeportivo.com\/index.php\/wp-json\/wp\/v2\/posts"}],"about":[{"href":"https:\/\/esbozodeportivo.com\/index.php\/wp-json\/wp\/v2\/types\/post"}],"author":[{"embeddable":true,"href":"https:\/\/esbozodeportivo.com\/index.php\/wp-json\/wp\/v2\/users\/4"}],"replies":[{"embeddable":true,"href":"https:\/\/esbozodeportivo.com\/index.php\/wp-json\/wp\/v2\/comments?post=7942"}],"version-history":[{"count":1,"href":"https:\/\/esbozodeportivo.com\/index.php\/wp-json\/wp\/v2\/posts\/7942\/revisions"}],"predecessor-version":[{"id":7943,"href":"https:\/\/esbozodeportivo.com\/index.php\/wp-json\/wp\/v2\/posts\/7942\/revisions\/7943"}],"wp:featuredmedia":[{"embeddable":true,"href":"https:\/\/esbozodeportivo.com\/index.php\/wp-json\/wp\/v2\/media\/7925"}],"wp:attachment":[{"href":"https:\/\/esbozodeportivo.com\/index.php\/wp-json\/wp\/v2\/media?parent=7942"}],"wp:term":[{"taxonomy":"category","embeddable":true,"href":"https:\/\/esbozodeportivo.com\/index.php\/wp-json\/wp\/v2\/categories?post=7942"},{"taxonomy":"post_tag","embeddable":true,"href":"https:\/\/esbozodeportivo.com\/index.php\/wp-json\/wp\/v2\/tags?post=7942"}],"curies":[{"name":"wp","href":"https:\/\/api.w.org\/{rel}","templated":true}]}}