{"id":7980,"date":"2025-06-16T22:37:34","date_gmt":"2025-06-17T04:37:34","guid":{"rendered":"https:\/\/esbozodeportivo.com\/?p=7980"},"modified":"2025-06-16T22:37:35","modified_gmt":"2025-06-17T04:37:35","slug":"mccaffrey-viene-por-la-revancha","status":"publish","type":"post","link":"https:\/\/esbozodeportivo.com\/index.php\/2025\/06\/16\/mccaffrey-viene-por-la-revancha\/","title":{"rendered":"McCaffrey viene por la revancha"},"content":{"rendered":"\n<p>(Foto: Agencias) <\/p>\n\n\n\n<p>El mayor beneficiario de una temporada baja extendida con los <strong>San Francisco 49ers<\/strong> puede que sea el corredor estelar <strong>Christian McCaffrey<\/strong>.<\/p>\n\n\n\n<p>Un a\u00f1o despu\u00e9s de que estuvo limitado a solo cuatro juegos debido a lesiones en el tend\u00f3n de Aquiles y la rodilla, el motor de la poderosa ofensiva de <strong>San Francisco<\/strong> estuvo en el campo de pr\u00e1ctica para el programa de temporada baja. <strong>McCaffrey<\/strong> espera volver a la forma que lo hizo acreedor al Jugador Ofensivo del A\u00f1o de la AP cuando el equipo alcanz\u00f3 el <strong>Super Bowl <\/strong>en la temporada 2023.<\/p>\n\n\n\n<p>Un <strong>McCaffrey<\/strong> saludable ser\u00eda un componente clave para que <strong>San Francisco<\/strong> se recupere de una temporada de 6-11 que al menos proporcion\u00f3 les dio m\u00e1s tiempo en la temporada baja despu\u00e9s de tres a\u00f1os consecutivos de estar en los playoffs.<\/p>\n\n\n\n<p>\u201cSiendo completamente transparente, obviamente el a\u00f1o pasado no fue como quer\u00eda\u201d, dijo <strong>McCaffrey<\/strong>. \u201cNo fue como nadie quer\u00eda. Pero tener este tiempo libre me ha permitido empezar desde cero y tener el tiempo para construir una base nuevamente, llegar a los entrenamientos, jugar y ahora volver a estar en ello mental, emocional y f\u00edsicamente en todos los sentidos. Era muy necesario y estoy feliz de que lo tuvi\u00e9ramos.\u201d<\/p>\n\n\n\n<p><strong>McCaffrey<\/strong> planea pasar el largo descanso antes de que comience el campamento de entrenamiento a finales de julio manteni\u00e9ndose en forma y siendo padre. <strong>McCaffrey<\/strong> y su esposa, la modelo <strong>Olivia Culpo<\/strong>, esperan su primer hijo \u201cmuy pronto\u201d.<\/p>\n\n\n\n<p><strong>McCaffrey <\/strong>se ve\u00eda fresco durante el programa de temporada baja despu\u00e9s de no participar el a\u00f1o pasado mientras se recuperaba de una temporada agotadora y esperaba un nuevo contrato que lleg\u00f3 en junio pasado.<\/p>\n\n\n\n<p><strong>McCaffrey <\/strong>tuvo 798 toques desde la l\u00ednea de golpeo en 2023-24 en la temporada regular y los playoffs, m\u00e1s de 100 m\u00e1s que cualquier otro jugador en la liga durante ese per\u00edodo.<\/p>\n\n\n\n<p>Esa carga de trabajo probablemente contribuy\u00f3 a la tendinitis que dej\u00f3 a <strong>McCaffrey <\/strong>fuera de juego al inicio del campamento de entrenamiento la temporada pasada y lo oblig\u00f3 a perderse los primeros ocho juegos de la campa\u00f1a.<\/p>\n\n\n\n<p>Luego se lesion\u00f3 el ligamento cruzado posterior en su cuarto juego de regreso y se perdi\u00f3 los \u00faltimos cinco.<\/p>\n\n\n\n<p>Con <strong>McCaffrey <\/strong>al margen, una ofensiva que era la m\u00e1s peligrosa de la liga dio un paso atr\u00e1s mientras los <strong>Niners<\/strong> luchaban en general.<\/p>\n\n\n\n<p>El entrenador <strong>Kyle Shanahan<\/strong> dijo que es consciente de que necesita manejar la carga de trabajo de <strong>McCaffrey<\/strong> este verano para \u201cprotegerlo de s\u00ed mismo\u201d y asegurarse de que est\u00e9 saludable y fresco cuando los juegos cuenten.<\/p>\n\n\n\n<p><\/p>\n","protected":false},"excerpt":{"rendered":"<p>(Foto: Agencias) El mayor beneficiario de una temporada baja extendida con los San Francisco 49ers<\/p>\n","protected":false},"author":4,"featured_media":7963,"comment_status":"closed","ping_status":"open","sticky":false,"template":"","format":"standard","meta":{"_jetpack_memberships_contains_paid_content":false,"footnotes":""},"categories":[6],"tags":[],"class_list":["post-7980","post","type-post","status-publish","format-standard","has-post-thumbnail","hentry","category-nfl"],"yoast_head":"<!-- This site is optimized with the Yoast SEO plugin v25.7 - https:\/\/yoast.com\/wordpress\/plugins\/seo\/ -->\n<title>McCaffrey viene por la revancha - Esbozo Deportivo<\/title>\n<meta name=\"description\" content=\"Un a\u00f1o despu\u00e9s de que estuvo limitado a solo cuatro juegos debido a lesiones en el tend\u00f3n de Aquiles y la rodilla, el motor de la poderosa ofensiva de San Francisco estuvo en el campo de pr\u00e1ctica para el programa de temporada baja. McCaffrey espera volver a la forma que lo hizo acreedor al Jugador Ofensivo del A\u00f1o de la AP cuando el equipo alcanz\u00f3 el Super Bowl en la temporada 2023.\" \/>\n<meta name=\"robots\" content=\"index, follow, max-snippet:-1, max-image-preview:large, max-video-preview:-1\" \/>\n<link rel=\"canonical\" href=\"https:\/\/esbozodeportivo.com\/index.php\/2025\/06\/16\/mccaffrey-viene-por-la-revancha\/\" \/>\n<meta property=\"og:locale\" content=\"es_MX\" \/>\n<meta property=\"og:type\" content=\"article\" \/>\n<meta property=\"og:title\" content=\"McCaffrey viene por la revancha - Esbozo Deportivo\" \/>\n<meta property=\"og:description\" content=\"Un a\u00f1o despu\u00e9s de que estuvo limitado a solo cuatro juegos debido a lesiones en el tend\u00f3n de Aquiles y la rodilla, el motor de la poderosa ofensiva de San Francisco estuvo en el campo de pr\u00e1ctica para el programa de temporada baja. McCaffrey espera volver a la forma que lo hizo acreedor al Jugador Ofensivo del A\u00f1o de la AP cuando el equipo alcanz\u00f3 el Super Bowl en la temporada 2023.\" \/>\n<meta property=\"og:url\" content=\"https:\/\/esbozodeportivo.com\/index.php\/2025\/06\/16\/mccaffrey-viene-por-la-revancha\/\" \/>\n<meta property=\"og:site_name\" content=\"Esbozo Deportivo\" \/>\n<meta property=\"article:published_time\" content=\"2025-06-17T04:37:34+00:00\" \/>\n<meta property=\"article:modified_time\" content=\"2025-06-17T04:37:35+00:00\" \/>\n<meta property=\"og:image\" content=\"https:\/\/esbozodeportivo.com\/wp-content\/uploads\/2025\/06\/Americano.png\" \/>\n\t<meta property=\"og:image:width\" content=\"980\" \/>\n\t<meta property=\"og:image:height\" content=\"653\" \/>\n\t<meta property=\"og:image:type\" content=\"image\/png\" \/>\n<meta name=\"author\" content=\"Redacci\u00f3n\" \/>\n<meta name=\"twitter:card\" content=\"summary_large_image\" \/>\n<meta name=\"twitter:label1\" content=\"Escrito por\" \/>\n\t<meta name=\"twitter:data1\" content=\"Redacci\u00f3n\" \/>\n\t<meta name=\"twitter:label2\" content=\"Tiempo de lectura\" \/>\n\t<meta name=\"twitter:data2\" content=\"3 minutos\" \/>\n<script type=\"application\/ld+json\" class=\"yoast-schema-graph\">{\"@context\":\"https:\/\/schema.org\",\"@graph\":[{\"@type\":\"Article\",\"@id\":\"https:\/\/esbozodeportivo.com\/index.php\/2025\/06\/16\/mccaffrey-viene-por-la-revancha\/#article\",\"isPartOf\":{\"@id\":\"https:\/\/esbozodeportivo.com\/index.php\/2025\/06\/16\/mccaffrey-viene-por-la-revancha\/\"},\"author\":{\"name\":\"Redacci\u00f3n\",\"@id\":\"https:\/\/esbozodeportivo.com\/#\/schema\/person\/0f6df9196dfe6740dd0bb31bae50d374\"},\"headline\":\"McCaffrey viene por la revancha\",\"datePublished\":\"2025-06-17T04:37:34+00:00\",\"dateModified\":\"2025-06-17T04:37:35+00:00\",\"mainEntityOfPage\":{\"@id\":\"https:\/\/esbozodeportivo.com\/index.php\/2025\/06\/16\/mccaffrey-viene-por-la-revancha\/\"},\"wordCount\":451,\"publisher\":{\"@id\":\"https:\/\/esbozodeportivo.com\/#organization\"},\"image\":{\"@id\":\"https:\/\/esbozodeportivo.com\/index.php\/2025\/06\/16\/mccaffrey-viene-por-la-revancha\/#primaryimage\"},\"thumbnailUrl\":\"https:\/\/esbozodeportivo.com\/wp-content\/uploads\/2025\/06\/Americano.png\",\"articleSection\":[\"NFL\"],\"inLanguage\":\"es\"},{\"@type\":\"WebPage\",\"@id\":\"https:\/\/esbozodeportivo.com\/index.php\/2025\/06\/16\/mccaffrey-viene-por-la-revancha\/\",\"url\":\"https:\/\/esbozodeportivo.com\/index.php\/2025\/06\/16\/mccaffrey-viene-por-la-revancha\/\",\"name\":\"McCaffrey viene por la revancha - Esbozo Deportivo\",\"isPartOf\":{\"@id\":\"https:\/\/esbozodeportivo.com\/#website\"},\"primaryImageOfPage\":{\"@id\":\"https:\/\/esbozodeportivo.com\/index.php\/2025\/06\/16\/mccaffrey-viene-por-la-revancha\/#primaryimage\"},\"image\":{\"@id\":\"https:\/\/esbozodeportivo.com\/index.php\/2025\/06\/16\/mccaffrey-viene-por-la-revancha\/#primaryimage\"},\"thumbnailUrl\":\"https:\/\/esbozodeportivo.com\/wp-content\/uploads\/2025\/06\/Americano.png\",\"datePublished\":\"2025-06-17T04:37:34+00:00\",\"dateModified\":\"2025-06-17T04:37:35+00:00\",\"description\":\"Un a\u00f1o despu\u00e9s de que estuvo limitado a solo cuatro juegos debido a lesiones en el tend\u00f3n de Aquiles y la rodilla, el motor de la poderosa ofensiva de San Francisco estuvo en el campo de pr\u00e1ctica para el programa de temporada baja. McCaffrey espera volver a la forma que lo hizo acreedor al Jugador Ofensivo del A\u00f1o de la AP cuando el equipo alcanz\u00f3 el Super Bowl en la temporada 2023.\",\"breadcrumb\":{\"@id\":\"https:\/\/esbozodeportivo.com\/index.php\/2025\/06\/16\/mccaffrey-viene-por-la-revancha\/#breadcrumb\"},\"inLanguage\":\"es\",\"potentialAction\":[{\"@type\":\"ReadAction\",\"target\":[\"https:\/\/esbozodeportivo.com\/index.php\/2025\/06\/16\/mccaffrey-viene-por-la-revancha\/\"]}]},{\"@type\":\"ImageObject\",\"inLanguage\":\"es\",\"@id\":\"https:\/\/esbozodeportivo.com\/index.php\/2025\/06\/16\/mccaffrey-viene-por-la-revancha\/#primaryimage\",\"url\":\"https:\/\/esbozodeportivo.com\/wp-content\/uploads\/2025\/06\/Americano.png\",\"contentUrl\":\"https:\/\/esbozodeportivo.com\/wp-content\/uploads\/2025\/06\/Americano.png\",\"width\":980,\"height\":653},{\"@type\":\"BreadcrumbList\",\"@id\":\"https:\/\/esbozodeportivo.com\/index.php\/2025\/06\/16\/mccaffrey-viene-por-la-revancha\/#breadcrumb\",\"itemListElement\":[{\"@type\":\"ListItem\",\"position\":1,\"name\":\"Inicio\",\"item\":\"https:\/\/esbozodeportivo.com\/\"},{\"@type\":\"ListItem\",\"position\":2,\"name\":\"McCaffrey viene por la revancha\"}]},{\"@type\":\"WebSite\",\"@id\":\"https:\/\/esbozodeportivo.com\/#website\",\"url\":\"https:\/\/esbozodeportivo.com\/\",\"name\":\"Esbozo Deportivo\",\"description\":\"Lo m\u00e1s importante del Deporte\",\"publisher\":{\"@id\":\"https:\/\/esbozodeportivo.com\/#organization\"},\"potentialAction\":[{\"@type\":\"SearchAction\",\"target\":{\"@type\":\"EntryPoint\",\"urlTemplate\":\"https:\/\/esbozodeportivo.com\/?s={search_term_string}\"},\"query-input\":{\"@type\":\"PropertyValueSpecification\",\"valueRequired\":true,\"valueName\":\"search_term_string\"}}],\"inLanguage\":\"es\"},{\"@type\":\"Organization\",\"@id\":\"https:\/\/esbozodeportivo.com\/#organization\",\"name\":\"Esbozo Deportivo\",\"url\":\"https:\/\/esbozodeportivo.com\/\",\"logo\":{\"@type\":\"ImageObject\",\"inLanguage\":\"es\",\"@id\":\"https:\/\/esbozodeportivo.com\/#\/schema\/logo\/image\/\",\"url\":\"https:\/\/esbozodeportivo.com\/wp-content\/uploads\/2022\/08\/cropped-Logo-Esbozo-Web-2.png\",\"contentUrl\":\"https:\/\/esbozodeportivo.com\/wp-content\/uploads\/2022\/08\/cropped-Logo-Esbozo-Web-2.png\",\"width\":180,\"height\":50,\"caption\":\"Esbozo Deportivo\"},\"image\":{\"@id\":\"https:\/\/esbozodeportivo.com\/#\/schema\/logo\/image\/\"}},{\"@type\":\"Person\",\"@id\":\"https:\/\/esbozodeportivo.com\/#\/schema\/person\/0f6df9196dfe6740dd0bb31bae50d374\",\"name\":\"Redacci\u00f3n\",\"image\":{\"@type\":\"ImageObject\",\"inLanguage\":\"es\",\"@id\":\"https:\/\/esbozodeportivo.com\/#\/schema\/person\/image\/\",\"url\":\"https:\/\/secure.gravatar.com\/avatar\/f55268a89c3b418f2ef172ff52ab0d09b3e653c58de29539fe329fb93d78ebf3?s=96&d=mm&r=g\",\"contentUrl\":\"https:\/\/secure.gravatar.com\/avatar\/f55268a89c3b418f2ef172ff52ab0d09b3e653c58de29539fe329fb93d78ebf3?s=96&d=mm&r=g\",\"caption\":\"Redacci\u00f3n\"},\"url\":\"https:\/\/esbozodeportivo.com\/index.php\/author\/redaccion\/\"}]}<\/script>\n<!-- \/ Yoast SEO plugin. -->","yoast_head_json":{"title":"McCaffrey viene por la revancha - Esbozo Deportivo","description":"Un a\u00f1o despu\u00e9s de que estuvo limitado a solo cuatro juegos debido a lesiones en el tend\u00f3n de Aquiles y la rodilla, el motor de la poderosa ofensiva de San Francisco estuvo en el campo de pr\u00e1ctica para el programa de temporada baja. McCaffrey espera volver a la forma que lo hizo acreedor al Jugador Ofensivo del A\u00f1o de la AP cuando el equipo alcanz\u00f3 el Super Bowl en la temporada 2023.","robots":{"index":"index","follow":"follow","max-snippet":"max-snippet:-1","max-image-preview":"max-image-preview:large","max-video-preview":"max-video-preview:-1"},"canonical":"https:\/\/esbozodeportivo.com\/index.php\/2025\/06\/16\/mccaffrey-viene-por-la-revancha\/","og_locale":"es_MX","og_type":"article","og_title":"McCaffrey viene por la revancha - Esbozo Deportivo","og_description":"Un a\u00f1o despu\u00e9s de que estuvo limitado a solo cuatro juegos debido a lesiones en el tend\u00f3n de Aquiles y la rodilla, el motor de la poderosa ofensiva de San Francisco estuvo en el campo de pr\u00e1ctica para el programa de temporada baja. McCaffrey espera volver a la forma que lo hizo acreedor al Jugador Ofensivo del A\u00f1o de la AP cuando el equipo alcanz\u00f3 el Super Bowl en la temporada 2023.","og_url":"https:\/\/esbozodeportivo.com\/index.php\/2025\/06\/16\/mccaffrey-viene-por-la-revancha\/","og_site_name":"Esbozo Deportivo","article_published_time":"2025-06-17T04:37:34+00:00","article_modified_time":"2025-06-17T04:37:35+00:00","og_image":[{"width":980,"height":653,"url":"https:\/\/esbozodeportivo.com\/wp-content\/uploads\/2025\/06\/Americano.png","type":"image\/png"}],"author":"Redacci\u00f3n","twitter_card":"summary_large_image","twitter_misc":{"Escrito por":"Redacci\u00f3n","Tiempo de lectura":"3 minutos"},"schema":{"@context":"https:\/\/schema.org","@graph":[{"@type":"Article","@id":"https:\/\/esbozodeportivo.com\/index.php\/2025\/06\/16\/mccaffrey-viene-por-la-revancha\/#article","isPartOf":{"@id":"https:\/\/esbozodeportivo.com\/index.php\/2025\/06\/16\/mccaffrey-viene-por-la-revancha\/"},"author":{"name":"Redacci\u00f3n","@id":"https:\/\/esbozodeportivo.com\/#\/schema\/person\/0f6df9196dfe6740dd0bb31bae50d374"},"headline":"McCaffrey viene por la revancha","datePublished":"2025-06-17T04:37:34+00:00","dateModified":"2025-06-17T04:37:35+00:00","mainEntityOfPage":{"@id":"https:\/\/esbozodeportivo.com\/index.php\/2025\/06\/16\/mccaffrey-viene-por-la-revancha\/"},"wordCount":451,"publisher":{"@id":"https:\/\/esbozodeportivo.com\/#organization"},"image":{"@id":"https:\/\/esbozodeportivo.com\/index.php\/2025\/06\/16\/mccaffrey-viene-por-la-revancha\/#primaryimage"},"thumbnailUrl":"https:\/\/esbozodeportivo.com\/wp-content\/uploads\/2025\/06\/Americano.png","articleSection":["NFL"],"inLanguage":"es"},{"@type":"WebPage","@id":"https:\/\/esbozodeportivo.com\/index.php\/2025\/06\/16\/mccaffrey-viene-por-la-revancha\/","url":"https:\/\/esbozodeportivo.com\/index.php\/2025\/06\/16\/mccaffrey-viene-por-la-revancha\/","name":"McCaffrey viene por la revancha - Esbozo Deportivo","isPartOf":{"@id":"https:\/\/esbozodeportivo.com\/#website"},"primaryImageOfPage":{"@id":"https:\/\/esbozodeportivo.com\/index.php\/2025\/06\/16\/mccaffrey-viene-por-la-revancha\/#primaryimage"},"image":{"@id":"https:\/\/esbozodeportivo.com\/index.php\/2025\/06\/16\/mccaffrey-viene-por-la-revancha\/#primaryimage"},"thumbnailUrl":"https:\/\/esbozodeportivo.com\/wp-content\/uploads\/2025\/06\/Americano.png","datePublished":"2025-06-17T04:37:34+00:00","dateModified":"2025-06-17T04:37:35+00:00","description":"Un a\u00f1o despu\u00e9s de que estuvo limitado a solo cuatro juegos debido a lesiones en el tend\u00f3n de Aquiles y la rodilla, el motor de la poderosa ofensiva de San Francisco estuvo en el campo de pr\u00e1ctica para el programa de temporada baja. McCaffrey espera volver a la forma que lo hizo acreedor al Jugador Ofensivo del A\u00f1o de la AP cuando el equipo alcanz\u00f3 el Super Bowl en la temporada 2023.","breadcrumb":{"@id":"https:\/\/esbozodeportivo.com\/index.php\/2025\/06\/16\/mccaffrey-viene-por-la-revancha\/#breadcrumb"},"inLanguage":"es","potentialAction":[{"@type":"ReadAction","target":["https:\/\/esbozodeportivo.com\/index.php\/2025\/06\/16\/mccaffrey-viene-por-la-revancha\/"]}]},{"@type":"ImageObject","inLanguage":"es","@id":"https:\/\/esbozodeportivo.com\/index.php\/2025\/06\/16\/mccaffrey-viene-por-la-revancha\/#primaryimage","url":"https:\/\/esbozodeportivo.com\/wp-content\/uploads\/2025\/06\/Americano.png","contentUrl":"https:\/\/esbozodeportivo.com\/wp-content\/uploads\/2025\/06\/Americano.png","width":980,"height":653},{"@type":"BreadcrumbList","@id":"https:\/\/esbozodeportivo.com\/index.php\/2025\/06\/16\/mccaffrey-viene-por-la-revancha\/#breadcrumb","itemListElement":[{"@type":"ListItem","position":1,"name":"Inicio","item":"https:\/\/esbozodeportivo.com\/"},{"@type":"ListItem","position":2,"name":"McCaffrey viene por la revancha"}]},{"@type":"WebSite","@id":"https:\/\/esbozodeportivo.com\/#website","url":"https:\/\/esbozodeportivo.com\/","name":"Esbozo Deportivo","description":"Lo m\u00e1s importante del Deporte","publisher":{"@id":"https:\/\/esbozodeportivo.com\/#organization"},"potentialAction":[{"@type":"SearchAction","target":{"@type":"EntryPoint","urlTemplate":"https:\/\/esbozodeportivo.com\/?s={search_term_string}"},"query-input":{"@type":"PropertyValueSpecification","valueRequired":true,"valueName":"search_term_string"}}],"inLanguage":"es"},{"@type":"Organization","@id":"https:\/\/esbozodeportivo.com\/#organization","name":"Esbozo Deportivo","url":"https:\/\/esbozodeportivo.com\/","logo":{"@type":"ImageObject","inLanguage":"es","@id":"https:\/\/esbozodeportivo.com\/#\/schema\/logo\/image\/","url":"https:\/\/esbozodeportivo.com\/wp-content\/uploads\/2022\/08\/cropped-Logo-Esbozo-Web-2.png","contentUrl":"https:\/\/esbozodeportivo.com\/wp-content\/uploads\/2022\/08\/cropped-Logo-Esbozo-Web-2.png","width":180,"height":50,"caption":"Esbozo Deportivo"},"image":{"@id":"https:\/\/esbozodeportivo.com\/#\/schema\/logo\/image\/"}},{"@type":"Person","@id":"https:\/\/esbozodeportivo.com\/#\/schema\/person\/0f6df9196dfe6740dd0bb31bae50d374","name":"Redacci\u00f3n","image":{"@type":"ImageObject","inLanguage":"es","@id":"https:\/\/esbozodeportivo.com\/#\/schema\/person\/image\/","url":"https:\/\/secure.gravatar.com\/avatar\/f55268a89c3b418f2ef172ff52ab0d09b3e653c58de29539fe329fb93d78ebf3?s=96&d=mm&r=g","contentUrl":"https:\/\/secure.gravatar.com\/avatar\/f55268a89c3b418f2ef172ff52ab0d09b3e653c58de29539fe329fb93d78ebf3?s=96&d=mm&r=g","caption":"Redacci\u00f3n"},"url":"https:\/\/esbozodeportivo.com\/index.php\/author\/redaccion\/"}]}},"jetpack_featured_media_url":"https:\/\/esbozodeportivo.com\/wp-content\/uploads\/2025\/06\/Americano.png","jetpack_sharing_enabled":true,"_links":{"self":[{"href":"https:\/\/esbozodeportivo.com\/index.php\/wp-json\/wp\/v2\/posts\/7980","targetHints":{"allow":["GET"]}}],"collection":[{"href":"https:\/\/esbozodeportivo.com\/index.php\/wp-json\/wp\/v2\/posts"}],"about":[{"href":"https:\/\/esbozodeportivo.com\/index.php\/wp-json\/wp\/v2\/types\/post"}],"author":[{"embeddable":true,"href":"https:\/\/esbozodeportivo.com\/index.php\/wp-json\/wp\/v2\/users\/4"}],"replies":[{"embeddable":true,"href":"https:\/\/esbozodeportivo.com\/index.php\/wp-json\/wp\/v2\/comments?post=7980"}],"version-history":[{"count":1,"href":"https:\/\/esbozodeportivo.com\/index.php\/wp-json\/wp\/v2\/posts\/7980\/revisions"}],"predecessor-version":[{"id":7981,"href":"https:\/\/esbozodeportivo.com\/index.php\/wp-json\/wp\/v2\/posts\/7980\/revisions\/7981"}],"wp:featuredmedia":[{"embeddable":true,"href":"https:\/\/esbozodeportivo.com\/index.php\/wp-json\/wp\/v2\/media\/7963"}],"wp:attachment":[{"href":"https:\/\/esbozodeportivo.com\/index.php\/wp-json\/wp\/v2\/media?parent=7980"}],"wp:term":[{"taxonomy":"category","embeddable":true,"href":"https:\/\/esbozodeportivo.com\/index.php\/wp-json\/wp\/v2\/categories?post=7980"},{"taxonomy":"post_tag","embeddable":true,"href":"https:\/\/esbozodeportivo.com\/index.php\/wp-json\/wp\/v2\/tags?post=7980"}],"curies":[{"name":"wp","href":"https:\/\/api.w.org\/{rel}","templated":true}]}}