{"id":7988,"date":"2025-06-17T00:32:32","date_gmt":"2025-06-17T06:32:32","guid":{"rendered":"https:\/\/esbozodeportivo.com\/?p=7988"},"modified":"2025-06-17T00:32:33","modified_gmt":"2025-06-17T06:32:33","slug":"en-julio-se-disputara-la-copa-nacional-indigena-horacio-llamas","status":"publish","type":"post","link":"https:\/\/esbozodeportivo.com\/index.php\/2025\/06\/17\/en-julio-se-disputara-la-copa-nacional-indigena-horacio-llamas\/","title":{"rendered":"En julio se disputar\u00e1 la Copa Nacional Ind\u00edgena Horacio Llamas"},"content":{"rendered":"\n<p><strong>Dr. Javier Rodea (Foto: esbozodeportivo) <\/strong><\/p>\n\n\n\n<p>Del 10 al 13 de julio se llevar\u00e1 a cabo la <strong>Copa Nacional Ind\u00edgena Horacio Llamas<\/strong>, en diferentes alcald\u00edas de la <strong>Ciudad de M\u00e9xico<\/strong>, as\u00ed lo dio a conocer el <strong>Dr. Francisco Javier Rodea,<\/strong> presidente de la Fundaci\u00f3n Usos, Costumbres y Tradiciones de los Pueblos del Mundo. Quien destac\u00f3 que ser\u00e1n varias disciplinas las que se lleven al mismo tiempo en diferentes sedes alternas de la capital.<\/p>\n\n\n\n<p>\u201cEs bueno seguir trabajando en nuestros proyectos, y como cada a\u00f1o estamos presentando la <strong>Copa Nacional Ind\u00edgena Horacio Llamas<\/strong>, que se estar\u00e1 disputando con distintos deportes alternos, en las diferentes alcald\u00edas de la capital mexicana\u201d, mencion\u00f3 <strong>Rodea P\u00e9rez.<\/strong><\/p>\n\n\n\n<p>El trabajo en conjunto con las alcald\u00edas y la <strong>Fundaci\u00f3n<\/strong> es importante, pues lo que se pretende es lograr los espacios p\u00fablicos para que los deportistas ind\u00edgenas tengan mayor apertura y cobertura en todo el pa\u00eds. Cada vez se suman m\u00e1s participantes que quieren estar presentes en la <strong>Copa\u201d<\/strong>, se\u00f1al\u00f3 <strong>Javier Rodea.<\/strong><\/p>\n\n\n\n<p><\/p>\n\n\n\n<figure class=\"wp-block-image size-large\"><img loading=\"lazy\" decoding=\"async\" width=\"1024\" height=\"575\" src=\"https:\/\/esbozodeportivo.com\/wp-content\/uploads\/2025\/06\/DSC09881-1024x575.jpg\" alt=\"\" class=\"wp-image-7992\" srcset=\"https:\/\/esbozodeportivo.com\/wp-content\/uploads\/2025\/06\/DSC09881-1024x575.jpg 1024w, https:\/\/esbozodeportivo.com\/wp-content\/uploads\/2025\/06\/DSC09881-300x168.jpg 300w, https:\/\/esbozodeportivo.com\/wp-content\/uploads\/2025\/06\/DSC09881-768x431.jpg 768w, https:\/\/esbozodeportivo.com\/wp-content\/uploads\/2025\/06\/DSC09881-1536x863.jpg 1536w, https:\/\/esbozodeportivo.com\/wp-content\/uploads\/2025\/06\/DSC09881-2048x1150.jpg 2048w\" sizes=\"auto, (max-width: 1024px) 100vw, 1024px\" \/><\/figure>\n\n\n\n<p><strong>(Foto: esbozodeportivo) <\/strong><\/p>\n\n\n\n<p>Cabe destacar que acabando la <strong>Copa Horacio Llamas<\/strong>, se pondr\u00e1 en marcha la <strong>Olimpiada Ind\u00edgena Nacional<\/strong> en su cuarta edici\u00f3n. Posteriormente se disputar\u00e1 la <strong>Olimpiada Internacional Ind\u00edgena<\/strong>, con la participaci\u00f3n de: <strong>Espa\u00f1a, Canad\u00e1, Honduras, Guatemala, Costa Rica, Rep\u00fablica Dominicana, El Salvador, Colombia, Venezuela.<\/strong><\/p>\n\n\n\n<p>En el panel estuvieron secundando a <strong>Javier Rodea,<\/strong> la Campeona Mundial de Box, <strong>Erika \u201cDinamita\u201d Cruz<\/strong>; el director de deportes de la Alcald\u00eda Iztapalapa, <strong>Lic. Oscar Daniel Torres Ayala;<\/strong> el jugador de baloncesto <strong>V\u00edctor \u00c1vila<\/strong>; el vicepresidente de la Fundaci\u00f3n Usos y Costumbres y Tradici\u00f3n de los Pueblos del Mundo, profesor <strong>Jos\u00e9 Luis Rodea<\/strong>; as\u00ed como el jugador de basquetbol <strong>Jes\u00fas Garc\u00eda Lemus<\/strong>, y finalmente el coordinador de deportes de la Fundaci\u00f3n, <strong>Fernando Romero.<\/strong><\/p>\n\n\n\n<p>Entre las disciplinas que se disputaran est\u00e1n el basquetbol, voleibol, judo, box, taekwondo, futbol. Lima lama. Lucha libre, breakdance, etc.<\/p>\n\n\n\n<figure class=\"wp-block-image size-large\"><img loading=\"lazy\" decoding=\"async\" width=\"1024\" height=\"575\" src=\"https:\/\/esbozodeportivo.com\/wp-content\/uploads\/2025\/06\/DSC09840-1024x575.jpg\" alt=\"\" class=\"wp-image-7990\" srcset=\"https:\/\/esbozodeportivo.com\/wp-content\/uploads\/2025\/06\/DSC09840-1024x575.jpg 1024w, https:\/\/esbozodeportivo.com\/wp-content\/uploads\/2025\/06\/DSC09840-300x168.jpg 300w, https:\/\/esbozodeportivo.com\/wp-content\/uploads\/2025\/06\/DSC09840-768x431.jpg 768w, https:\/\/esbozodeportivo.com\/wp-content\/uploads\/2025\/06\/DSC09840-1536x863.jpg 1536w, https:\/\/esbozodeportivo.com\/wp-content\/uploads\/2025\/06\/DSC09840-2048x1150.jpg 2048w\" sizes=\"auto, (max-width: 1024px) 100vw, 1024px\" \/><\/figure>\n\n\n\n<p><strong>Dr. Javier Rodea y Erika &#8220;Dinamita&#8221; Cruz (Foto: esbozodeportivo) <\/strong><\/p>\n\n\n\n<figure class=\"wp-block-image size-large\"><img loading=\"lazy\" decoding=\"async\" width=\"1024\" height=\"575\" src=\"https:\/\/esbozodeportivo.com\/wp-content\/uploads\/2025\/06\/DSC09851-1024x575.jpg\" alt=\"\" class=\"wp-image-7991\" srcset=\"https:\/\/esbozodeportivo.com\/wp-content\/uploads\/2025\/06\/DSC09851-1024x575.jpg 1024w, https:\/\/esbozodeportivo.com\/wp-content\/uploads\/2025\/06\/DSC09851-300x168.jpg 300w, https:\/\/esbozodeportivo.com\/wp-content\/uploads\/2025\/06\/DSC09851-768x431.jpg 768w, https:\/\/esbozodeportivo.com\/wp-content\/uploads\/2025\/06\/DSC09851-1536x863.jpg 1536w, https:\/\/esbozodeportivo.com\/wp-content\/uploads\/2025\/06\/DSC09851-2048x1150.jpg 2048w\" sizes=\"auto, (max-width: 1024px) 100vw, 1024px\" \/><\/figure>\n\n\n\n<p><strong>V\u00edctor \u00c1vila (Foto: esbozodeportivo) <\/strong><\/p>\n\n\n\n<p><\/p>\n","protected":false},"excerpt":{"rendered":"<p>Dr. Javier Rodea (Foto: esbozodeportivo) Del 10 al 13 de julio se llevar\u00e1 a cabo<\/p>\n","protected":false},"author":2,"featured_media":7989,"comment_status":"closed","ping_status":"open","sticky":false,"template":"","format":"standard","meta":{"_jetpack_memberships_contains_paid_content":false,"footnotes":""},"categories":[5],"tags":[],"class_list":["post-7988","post","type-post","status-publish","format-standard","has-post-thumbnail","hentry","category-amateur"],"yoast_head":"<!-- This site is optimized with the Yoast SEO plugin v25.7 - https:\/\/yoast.com\/wordpress\/plugins\/seo\/ -->\n<title>En julio se disputar\u00e1 la Copa Nacional Ind\u00edgena Horacio Llamas - Esbozo Deportivo<\/title>\n<meta name=\"description\" content=\"Del 10 al 13 de julio se llevar\u00e1 a cabo la Copa Nacional Ind\u00edgena Horacio Llamas, en diferentes alcald\u00edas de la Ciudad de M\u00e9xico, as\u00ed lo dio a conocer el Dr. Francisco Javier Rodea, presidente de la Fundaci\u00f3n Usos, Costumbres y Tradiciones de los Pueblos del Mundo. Quien destac\u00f3 que ser\u00e1n varias disciplinas las que se lleven al mismo tiempo en diferentes sedes alternas de la capital.\" \/>\n<meta name=\"robots\" content=\"index, follow, max-snippet:-1, max-image-preview:large, max-video-preview:-1\" \/>\n<link rel=\"canonical\" href=\"https:\/\/esbozodeportivo.com\/index.php\/2025\/06\/17\/en-julio-se-disputara-la-copa-nacional-indigena-horacio-llamas\/\" \/>\n<meta property=\"og:locale\" content=\"es_MX\" \/>\n<meta property=\"og:type\" content=\"article\" \/>\n<meta property=\"og:title\" content=\"En julio se disputar\u00e1 la Copa Nacional Ind\u00edgena Horacio Llamas - Esbozo Deportivo\" \/>\n<meta property=\"og:description\" content=\"Del 10 al 13 de julio se llevar\u00e1 a cabo la Copa Nacional Ind\u00edgena Horacio Llamas, en diferentes alcald\u00edas de la Ciudad de M\u00e9xico, as\u00ed lo dio a conocer el Dr. Francisco Javier Rodea, presidente de la Fundaci\u00f3n Usos, Costumbres y Tradiciones de los Pueblos del Mundo. Quien destac\u00f3 que ser\u00e1n varias disciplinas las que se lleven al mismo tiempo en diferentes sedes alternas de la capital.\" \/>\n<meta property=\"og:url\" content=\"https:\/\/esbozodeportivo.com\/index.php\/2025\/06\/17\/en-julio-se-disputara-la-copa-nacional-indigena-horacio-llamas\/\" \/>\n<meta property=\"og:site_name\" content=\"Esbozo Deportivo\" \/>\n<meta property=\"article:published_time\" content=\"2025-06-17T06:32:32+00:00\" \/>\n<meta property=\"article:modified_time\" content=\"2025-06-17T06:32:33+00:00\" \/>\n<meta property=\"og:image\" content=\"https:\/\/esbozodeportivo.com\/wp-content\/uploads\/2025\/06\/DSC09813-scaled.jpg\" \/>\n\t<meta property=\"og:image:width\" content=\"2560\" \/>\n\t<meta property=\"og:image:height\" content=\"1438\" \/>\n\t<meta property=\"og:image:type\" content=\"image\/jpeg\" \/>\n<meta name=\"author\" content=\"Javier De La Cruz\" \/>\n<meta name=\"twitter:card\" content=\"summary_large_image\" \/>\n<meta name=\"twitter:label1\" content=\"Escrito por\" \/>\n\t<meta name=\"twitter:data1\" content=\"Javier De La Cruz\" \/>\n\t<meta name=\"twitter:label2\" content=\"Tiempo de lectura\" \/>\n\t<meta name=\"twitter:data2\" content=\"3 minutos\" \/>\n<script type=\"application\/ld+json\" class=\"yoast-schema-graph\">{\"@context\":\"https:\/\/schema.org\",\"@graph\":[{\"@type\":\"Article\",\"@id\":\"https:\/\/esbozodeportivo.com\/index.php\/2025\/06\/17\/en-julio-se-disputara-la-copa-nacional-indigena-horacio-llamas\/#article\",\"isPartOf\":{\"@id\":\"https:\/\/esbozodeportivo.com\/index.php\/2025\/06\/17\/en-julio-se-disputara-la-copa-nacional-indigena-horacio-llamas\/\"},\"author\":{\"name\":\"Javier De La Cruz\",\"@id\":\"https:\/\/esbozodeportivo.com\/#\/schema\/person\/7277119c98823aec37bbb84e125efd44\"},\"headline\":\"En julio se disputar\u00e1 la Copa Nacional Ind\u00edgena Horacio Llamas\",\"datePublished\":\"2025-06-17T06:32:32+00:00\",\"dateModified\":\"2025-06-17T06:32:33+00:00\",\"mainEntityOfPage\":{\"@id\":\"https:\/\/esbozodeportivo.com\/index.php\/2025\/06\/17\/en-julio-se-disputara-la-copa-nacional-indigena-horacio-llamas\/\"},\"wordCount\":354,\"publisher\":{\"@id\":\"https:\/\/esbozodeportivo.com\/#organization\"},\"image\":{\"@id\":\"https:\/\/esbozodeportivo.com\/index.php\/2025\/06\/17\/en-julio-se-disputara-la-copa-nacional-indigena-horacio-llamas\/#primaryimage\"},\"thumbnailUrl\":\"https:\/\/esbozodeportivo.com\/wp-content\/uploads\/2025\/06\/DSC09813-scaled.jpg\",\"articleSection\":[\"Amateur\"],\"inLanguage\":\"es\"},{\"@type\":\"WebPage\",\"@id\":\"https:\/\/esbozodeportivo.com\/index.php\/2025\/06\/17\/en-julio-se-disputara-la-copa-nacional-indigena-horacio-llamas\/\",\"url\":\"https:\/\/esbozodeportivo.com\/index.php\/2025\/06\/17\/en-julio-se-disputara-la-copa-nacional-indigena-horacio-llamas\/\",\"name\":\"En julio se disputar\u00e1 la Copa Nacional Ind\u00edgena Horacio Llamas - Esbozo Deportivo\",\"isPartOf\":{\"@id\":\"https:\/\/esbozodeportivo.com\/#website\"},\"primaryImageOfPage\":{\"@id\":\"https:\/\/esbozodeportivo.com\/index.php\/2025\/06\/17\/en-julio-se-disputara-la-copa-nacional-indigena-horacio-llamas\/#primaryimage\"},\"image\":{\"@id\":\"https:\/\/esbozodeportivo.com\/index.php\/2025\/06\/17\/en-julio-se-disputara-la-copa-nacional-indigena-horacio-llamas\/#primaryimage\"},\"thumbnailUrl\":\"https:\/\/esbozodeportivo.com\/wp-content\/uploads\/2025\/06\/DSC09813-scaled.jpg\",\"datePublished\":\"2025-06-17T06:32:32+00:00\",\"dateModified\":\"2025-06-17T06:32:33+00:00\",\"description\":\"Del 10 al 13 de julio se llevar\u00e1 a cabo la Copa Nacional Ind\u00edgena Horacio Llamas, en diferentes alcald\u00edas de la Ciudad de M\u00e9xico, as\u00ed lo dio a conocer el Dr. Francisco Javier Rodea, presidente de la Fundaci\u00f3n Usos, Costumbres y Tradiciones de los Pueblos del Mundo. Quien destac\u00f3 que ser\u00e1n varias disciplinas las que se lleven al mismo tiempo en diferentes sedes alternas de la capital.\",\"breadcrumb\":{\"@id\":\"https:\/\/esbozodeportivo.com\/index.php\/2025\/06\/17\/en-julio-se-disputara-la-copa-nacional-indigena-horacio-llamas\/#breadcrumb\"},\"inLanguage\":\"es\",\"potentialAction\":[{\"@type\":\"ReadAction\",\"target\":[\"https:\/\/esbozodeportivo.com\/index.php\/2025\/06\/17\/en-julio-se-disputara-la-copa-nacional-indigena-horacio-llamas\/\"]}]},{\"@type\":\"ImageObject\",\"inLanguage\":\"es\",\"@id\":\"https:\/\/esbozodeportivo.com\/index.php\/2025\/06\/17\/en-julio-se-disputara-la-copa-nacional-indigena-horacio-llamas\/#primaryimage\",\"url\":\"https:\/\/esbozodeportivo.com\/wp-content\/uploads\/2025\/06\/DSC09813-scaled.jpg\",\"contentUrl\":\"https:\/\/esbozodeportivo.com\/wp-content\/uploads\/2025\/06\/DSC09813-scaled.jpg\",\"width\":2560,\"height\":1438},{\"@type\":\"BreadcrumbList\",\"@id\":\"https:\/\/esbozodeportivo.com\/index.php\/2025\/06\/17\/en-julio-se-disputara-la-copa-nacional-indigena-horacio-llamas\/#breadcrumb\",\"itemListElement\":[{\"@type\":\"ListItem\",\"position\":1,\"name\":\"Inicio\",\"item\":\"https:\/\/esbozodeportivo.com\/\"},{\"@type\":\"ListItem\",\"position\":2,\"name\":\"En julio se disputar\u00e1 la Copa Nacional Ind\u00edgena Horacio Llamas\"}]},{\"@type\":\"WebSite\",\"@id\":\"https:\/\/esbozodeportivo.com\/#website\",\"url\":\"https:\/\/esbozodeportivo.com\/\",\"name\":\"Esbozo Deportivo\",\"description\":\"Lo m\u00e1s importante del Deporte\",\"publisher\":{\"@id\":\"https:\/\/esbozodeportivo.com\/#organization\"},\"potentialAction\":[{\"@type\":\"SearchAction\",\"target\":{\"@type\":\"EntryPoint\",\"urlTemplate\":\"https:\/\/esbozodeportivo.com\/?s={search_term_string}\"},\"query-input\":{\"@type\":\"PropertyValueSpecification\",\"valueRequired\":true,\"valueName\":\"search_term_string\"}}],\"inLanguage\":\"es\"},{\"@type\":\"Organization\",\"@id\":\"https:\/\/esbozodeportivo.com\/#organization\",\"name\":\"Esbozo Deportivo\",\"url\":\"https:\/\/esbozodeportivo.com\/\",\"logo\":{\"@type\":\"ImageObject\",\"inLanguage\":\"es\",\"@id\":\"https:\/\/esbozodeportivo.com\/#\/schema\/logo\/image\/\",\"url\":\"https:\/\/esbozodeportivo.com\/wp-content\/uploads\/2022\/08\/cropped-Logo-Esbozo-Web-2.png\",\"contentUrl\":\"https:\/\/esbozodeportivo.com\/wp-content\/uploads\/2022\/08\/cropped-Logo-Esbozo-Web-2.png\",\"width\":180,\"height\":50,\"caption\":\"Esbozo Deportivo\"},\"image\":{\"@id\":\"https:\/\/esbozodeportivo.com\/#\/schema\/logo\/image\/\"}},{\"@type\":\"Person\",\"@id\":\"https:\/\/esbozodeportivo.com\/#\/schema\/person\/7277119c98823aec37bbb84e125efd44\",\"name\":\"Javier De La Cruz\",\"image\":{\"@type\":\"ImageObject\",\"inLanguage\":\"es\",\"@id\":\"https:\/\/esbozodeportivo.com\/#\/schema\/person\/image\/\",\"url\":\"https:\/\/secure.gravatar.com\/avatar\/366235a56d20f1a6e8e3d0b295897639357bea880470ddf261d17bb0bc052eb1?s=96&d=mm&r=g\",\"contentUrl\":\"https:\/\/secure.gravatar.com\/avatar\/366235a56d20f1a6e8e3d0b295897639357bea880470ddf261d17bb0bc052eb1?s=96&d=mm&r=g\",\"caption\":\"Javier De La Cruz\"},\"url\":\"https:\/\/esbozodeportivo.com\/index.php\/author\/javier-de-la-cruz-de-la-cruz\/\"}]}<\/script>\n<!-- \/ Yoast SEO plugin. -->","yoast_head_json":{"title":"En julio se disputar\u00e1 la Copa Nacional Ind\u00edgena Horacio Llamas - Esbozo Deportivo","description":"Del 10 al 13 de julio se llevar\u00e1 a cabo la Copa Nacional Ind\u00edgena Horacio Llamas, en diferentes alcald\u00edas de la Ciudad de M\u00e9xico, as\u00ed lo dio a conocer el Dr. Francisco Javier Rodea, presidente de la Fundaci\u00f3n Usos, Costumbres y Tradiciones de los Pueblos del Mundo. Quien destac\u00f3 que ser\u00e1n varias disciplinas las que se lleven al mismo tiempo en diferentes sedes alternas de la capital.","robots":{"index":"index","follow":"follow","max-snippet":"max-snippet:-1","max-image-preview":"max-image-preview:large","max-video-preview":"max-video-preview:-1"},"canonical":"https:\/\/esbozodeportivo.com\/index.php\/2025\/06\/17\/en-julio-se-disputara-la-copa-nacional-indigena-horacio-llamas\/","og_locale":"es_MX","og_type":"article","og_title":"En julio se disputar\u00e1 la Copa Nacional Ind\u00edgena Horacio Llamas - Esbozo Deportivo","og_description":"Del 10 al 13 de julio se llevar\u00e1 a cabo la Copa Nacional Ind\u00edgena Horacio Llamas, en diferentes alcald\u00edas de la Ciudad de M\u00e9xico, as\u00ed lo dio a conocer el Dr. Francisco Javier Rodea, presidente de la Fundaci\u00f3n Usos, Costumbres y Tradiciones de los Pueblos del Mundo. Quien destac\u00f3 que ser\u00e1n varias disciplinas las que se lleven al mismo tiempo en diferentes sedes alternas de la capital.","og_url":"https:\/\/esbozodeportivo.com\/index.php\/2025\/06\/17\/en-julio-se-disputara-la-copa-nacional-indigena-horacio-llamas\/","og_site_name":"Esbozo Deportivo","article_published_time":"2025-06-17T06:32:32+00:00","article_modified_time":"2025-06-17T06:32:33+00:00","og_image":[{"width":2560,"height":1438,"url":"https:\/\/esbozodeportivo.com\/wp-content\/uploads\/2025\/06\/DSC09813-scaled.jpg","type":"image\/jpeg"}],"author":"Javier De La Cruz","twitter_card":"summary_large_image","twitter_misc":{"Escrito por":"Javier De La Cruz","Tiempo de lectura":"3 minutos"},"schema":{"@context":"https:\/\/schema.org","@graph":[{"@type":"Article","@id":"https:\/\/esbozodeportivo.com\/index.php\/2025\/06\/17\/en-julio-se-disputara-la-copa-nacional-indigena-horacio-llamas\/#article","isPartOf":{"@id":"https:\/\/esbozodeportivo.com\/index.php\/2025\/06\/17\/en-julio-se-disputara-la-copa-nacional-indigena-horacio-llamas\/"},"author":{"name":"Javier De La Cruz","@id":"https:\/\/esbozodeportivo.com\/#\/schema\/person\/7277119c98823aec37bbb84e125efd44"},"headline":"En julio se disputar\u00e1 la Copa Nacional Ind\u00edgena Horacio Llamas","datePublished":"2025-06-17T06:32:32+00:00","dateModified":"2025-06-17T06:32:33+00:00","mainEntityOfPage":{"@id":"https:\/\/esbozodeportivo.com\/index.php\/2025\/06\/17\/en-julio-se-disputara-la-copa-nacional-indigena-horacio-llamas\/"},"wordCount":354,"publisher":{"@id":"https:\/\/esbozodeportivo.com\/#organization"},"image":{"@id":"https:\/\/esbozodeportivo.com\/index.php\/2025\/06\/17\/en-julio-se-disputara-la-copa-nacional-indigena-horacio-llamas\/#primaryimage"},"thumbnailUrl":"https:\/\/esbozodeportivo.com\/wp-content\/uploads\/2025\/06\/DSC09813-scaled.jpg","articleSection":["Amateur"],"inLanguage":"es"},{"@type":"WebPage","@id":"https:\/\/esbozodeportivo.com\/index.php\/2025\/06\/17\/en-julio-se-disputara-la-copa-nacional-indigena-horacio-llamas\/","url":"https:\/\/esbozodeportivo.com\/index.php\/2025\/06\/17\/en-julio-se-disputara-la-copa-nacional-indigena-horacio-llamas\/","name":"En julio se disputar\u00e1 la Copa Nacional Ind\u00edgena Horacio Llamas - Esbozo Deportivo","isPartOf":{"@id":"https:\/\/esbozodeportivo.com\/#website"},"primaryImageOfPage":{"@id":"https:\/\/esbozodeportivo.com\/index.php\/2025\/06\/17\/en-julio-se-disputara-la-copa-nacional-indigena-horacio-llamas\/#primaryimage"},"image":{"@id":"https:\/\/esbozodeportivo.com\/index.php\/2025\/06\/17\/en-julio-se-disputara-la-copa-nacional-indigena-horacio-llamas\/#primaryimage"},"thumbnailUrl":"https:\/\/esbozodeportivo.com\/wp-content\/uploads\/2025\/06\/DSC09813-scaled.jpg","datePublished":"2025-06-17T06:32:32+00:00","dateModified":"2025-06-17T06:32:33+00:00","description":"Del 10 al 13 de julio se llevar\u00e1 a cabo la Copa Nacional Ind\u00edgena Horacio Llamas, en diferentes alcald\u00edas de la Ciudad de M\u00e9xico, as\u00ed lo dio a conocer el Dr. Francisco Javier Rodea, presidente de la Fundaci\u00f3n Usos, Costumbres y Tradiciones de los Pueblos del Mundo. Quien destac\u00f3 que ser\u00e1n varias disciplinas las que se lleven al mismo tiempo en diferentes sedes alternas de la capital.","breadcrumb":{"@id":"https:\/\/esbozodeportivo.com\/index.php\/2025\/06\/17\/en-julio-se-disputara-la-copa-nacional-indigena-horacio-llamas\/#breadcrumb"},"inLanguage":"es","potentialAction":[{"@type":"ReadAction","target":["https:\/\/esbozodeportivo.com\/index.php\/2025\/06\/17\/en-julio-se-disputara-la-copa-nacional-indigena-horacio-llamas\/"]}]},{"@type":"ImageObject","inLanguage":"es","@id":"https:\/\/esbozodeportivo.com\/index.php\/2025\/06\/17\/en-julio-se-disputara-la-copa-nacional-indigena-horacio-llamas\/#primaryimage","url":"https:\/\/esbozodeportivo.com\/wp-content\/uploads\/2025\/06\/DSC09813-scaled.jpg","contentUrl":"https:\/\/esbozodeportivo.com\/wp-content\/uploads\/2025\/06\/DSC09813-scaled.jpg","width":2560,"height":1438},{"@type":"BreadcrumbList","@id":"https:\/\/esbozodeportivo.com\/index.php\/2025\/06\/17\/en-julio-se-disputara-la-copa-nacional-indigena-horacio-llamas\/#breadcrumb","itemListElement":[{"@type":"ListItem","position":1,"name":"Inicio","item":"https:\/\/esbozodeportivo.com\/"},{"@type":"ListItem","position":2,"name":"En julio se disputar\u00e1 la Copa Nacional Ind\u00edgena Horacio Llamas"}]},{"@type":"WebSite","@id":"https:\/\/esbozodeportivo.com\/#website","url":"https:\/\/esbozodeportivo.com\/","name":"Esbozo Deportivo","description":"Lo m\u00e1s importante del Deporte","publisher":{"@id":"https:\/\/esbozodeportivo.com\/#organization"},"potentialAction":[{"@type":"SearchAction","target":{"@type":"EntryPoint","urlTemplate":"https:\/\/esbozodeportivo.com\/?s={search_term_string}"},"query-input":{"@type":"PropertyValueSpecification","valueRequired":true,"valueName":"search_term_string"}}],"inLanguage":"es"},{"@type":"Organization","@id":"https:\/\/esbozodeportivo.com\/#organization","name":"Esbozo Deportivo","url":"https:\/\/esbozodeportivo.com\/","logo":{"@type":"ImageObject","inLanguage":"es","@id":"https:\/\/esbozodeportivo.com\/#\/schema\/logo\/image\/","url":"https:\/\/esbozodeportivo.com\/wp-content\/uploads\/2022\/08\/cropped-Logo-Esbozo-Web-2.png","contentUrl":"https:\/\/esbozodeportivo.com\/wp-content\/uploads\/2022\/08\/cropped-Logo-Esbozo-Web-2.png","width":180,"height":50,"caption":"Esbozo Deportivo"},"image":{"@id":"https:\/\/esbozodeportivo.com\/#\/schema\/logo\/image\/"}},{"@type":"Person","@id":"https:\/\/esbozodeportivo.com\/#\/schema\/person\/7277119c98823aec37bbb84e125efd44","name":"Javier De La Cruz","image":{"@type":"ImageObject","inLanguage":"es","@id":"https:\/\/esbozodeportivo.com\/#\/schema\/person\/image\/","url":"https:\/\/secure.gravatar.com\/avatar\/366235a56d20f1a6e8e3d0b295897639357bea880470ddf261d17bb0bc052eb1?s=96&d=mm&r=g","contentUrl":"https:\/\/secure.gravatar.com\/avatar\/366235a56d20f1a6e8e3d0b295897639357bea880470ddf261d17bb0bc052eb1?s=96&d=mm&r=g","caption":"Javier De La Cruz"},"url":"https:\/\/esbozodeportivo.com\/index.php\/author\/javier-de-la-cruz-de-la-cruz\/"}]}},"jetpack_featured_media_url":"https:\/\/esbozodeportivo.com\/wp-content\/uploads\/2025\/06\/DSC09813-scaled.jpg","jetpack_sharing_enabled":true,"_links":{"self":[{"href":"https:\/\/esbozodeportivo.com\/index.php\/wp-json\/wp\/v2\/posts\/7988","targetHints":{"allow":["GET"]}}],"collection":[{"href":"https:\/\/esbozodeportivo.com\/index.php\/wp-json\/wp\/v2\/posts"}],"about":[{"href":"https:\/\/esbozodeportivo.com\/index.php\/wp-json\/wp\/v2\/types\/post"}],"author":[{"embeddable":true,"href":"https:\/\/esbozodeportivo.com\/index.php\/wp-json\/wp\/v2\/users\/2"}],"replies":[{"embeddable":true,"href":"https:\/\/esbozodeportivo.com\/index.php\/wp-json\/wp\/v2\/comments?post=7988"}],"version-history":[{"count":1,"href":"https:\/\/esbozodeportivo.com\/index.php\/wp-json\/wp\/v2\/posts\/7988\/revisions"}],"predecessor-version":[{"id":7993,"href":"https:\/\/esbozodeportivo.com\/index.php\/wp-json\/wp\/v2\/posts\/7988\/revisions\/7993"}],"wp:featuredmedia":[{"embeddable":true,"href":"https:\/\/esbozodeportivo.com\/index.php\/wp-json\/wp\/v2\/media\/7989"}],"wp:attachment":[{"href":"https:\/\/esbozodeportivo.com\/index.php\/wp-json\/wp\/v2\/media?parent=7988"}],"wp:term":[{"taxonomy":"category","embeddable":true,"href":"https:\/\/esbozodeportivo.com\/index.php\/wp-json\/wp\/v2\/categories?post=7988"},{"taxonomy":"post_tag","embeddable":true,"href":"https:\/\/esbozodeportivo.com\/index.php\/wp-json\/wp\/v2\/tags?post=7988"}],"curies":[{"name":"wp","href":"https:\/\/api.w.org\/{rel}","templated":true}]}}