{"id":801,"date":"2022-11-21T04:20:26","date_gmt":"2022-11-21T04:20:26","guid":{"rendered":"https:\/\/esbozodeportivo.com\/?p=801"},"modified":"2022-11-21T04:23:39","modified_gmt":"2022-11-21T04:23:39","slug":"mexico-gana-medalla-de-bronce-en-el-mundial-de-gimnasia-de-trampolin","status":"publish","type":"post","link":"https:\/\/esbozodeportivo.com\/index.php\/2022\/11\/21\/mexico-gana-medalla-de-bronce-en-el-mundial-de-gimnasia-de-trampolin\/","title":{"rendered":"M\u00e9xico gana medalla de bronce en el Mundial de Gimnasia de Trampol\u00edn"},"content":{"rendered":"<p style=\"background: white; margin: 12.0pt 0cm .0001pt 0cm;\">(CONADE).- La dupla nacional, conformada por Dafne Carolina Navarro Loza y Mariola Garc\u00eda Garc\u00eda, hicieron historia la ma\u00f1ana de este s\u00e1bado al ganar la medalla de bronce en la prueba de sincronizado, durante su participaci\u00f3n en la edici\u00f3n 36 del Campeonato Mundial de Gimnasia de Trampol\u00edn, que se lleva a cabo en Sof\u00eda, Bulgaria.<\/p>\n<p style=\"background: white; margin: 12.0pt 0cm .0001pt 0cm;\">Con una calificaci\u00f3n de 45.260, las mexicanas subieron en el tercer lugar de la prueba, solo por detr\u00e1s de Jap\u00f3n, que registr\u00f3 50.590; seguido por Francia, con 46.140, naciones que complementaron el cuadro de honor.<\/p>\n<style>\/*! elementor - v3.8.1 - 13-11-2022 *\/\n.elementor-widget-image{text-align:center}.elementor-widget-image a{display:inline-block}.elementor-widget-image a img[src$=\".svg\"]{width:48px}.elementor-widget-image img{vertical-align:middle;display:inline-block}<\/style>\n<p>\t\t\t\t\t\t\t\t\t\t\t\t<img decoding=\"async\" width=\"640\" height=\"374\" src=\"https:\/\/esbozodeportivo.com\/wp-content\/uploads\/2022\/11\/Ginmasia-Ritmica.jpg\" alt=\"\" loading=\"lazy\" srcset=\"https:\/\/esbozodeportivo.com\/wp-content\/uploads\/2022\/11\/Ginmasia-Ritmica.jpg 650w, https:\/\/esbozodeportivo.com\/wp-content\/uploads\/2022\/11\/Ginmasia-Ritmica-300x175.jpg 300w\" sizes=\"auto, (max-width: 640px) 100vw, 640px\" \/>\t\t\t\t\t\t\t\t\t\t\t\t\t\t\t<\/p>\n<p>\u201cEl objetivo se cumpli\u00f3 hasta de m\u00e1s, por lo menos yo ven\u00eda con expectativas de poder disfrutar m\u00e1s que nada de esta competencia, la primera juntas, acoplarnos, ver qu\u00e9 onda; la verdad ten\u00eda muchas ganas de una final, y cuando nuestra final se logr\u00f3, fue un objetivo s\u00faper mega logrado\u201d.<\/p>\n<p>\u201cEstoy muy contenta con esta medalla, estoy como en shock, sigo sin poder creerlo, no puedo creer que esto est\u00e9 pasando. Mi primera medalla mundial, espero que sea la primera de muchas\u201d, comparti\u00f3 la veracruzana Mariola Garc\u00eda, a la Comisi\u00f3n Nacional de Cultura F\u00edsica y Deporte (CONADE).<\/p>\n<p>La medalla de bronce signific\u00f3 la segunda presea para el pa\u00eds en su historia, luego del tercer lugar que obtuvo, tambi\u00e9n Dafne Navarro, pero a lado de la neoleonesa Melissa Flores, en San Petersburgo 2018.<\/p>\n<p>\t\t\t\t\t\t\t\t\t\t\t\t\t\t\t<img decoding=\"async\" width=\"640\" height=\"481\" src=\"https:\/\/esbozodeportivo.com\/wp-content\/uploads\/2022\/11\/Ginmasia-Ritmica-3-1024x769.jpg\" alt=\"\" loading=\"lazy\" srcset=\"https:\/\/esbozodeportivo.com\/wp-content\/uploads\/2022\/11\/Ginmasia-Ritmica-3-1024x769.jpg 1024w, https:\/\/esbozodeportivo.com\/wp-content\/uploads\/2022\/11\/Ginmasia-Ritmica-3-300x225.jpg 300w, https:\/\/esbozodeportivo.com\/wp-content\/uploads\/2022\/11\/Ginmasia-Ritmica-3-768x577.jpg 768w, https:\/\/esbozodeportivo.com\/wp-content\/uploads\/2022\/11\/Ginmasia-Ritmica-3.jpg 1080w\" sizes=\"auto, (max-width: 640px) 100vw, 640px\" \/>\t\t\t\t\t\t\t\t\t\t\t\t\t\t\t<\/p>\n<p style=\"background: white; margin: 12.0pt 0cm .0001pt 0cm;\">Para llegar a la final en trampol\u00edn sincronizado, la ol\u00edmpica en Tokio 2020 y la medallista en Cali-Valle 2021, entrenaron en Canad\u00e1, m\u00e1s de un mes, bajo las \u00f3rdenes del entrenador ol\u00edmpico Dave Ross, donde perfeccionaron su rutina y pulieron los aspectos t\u00e9cnicos.<\/p>\n<p style=\"background: white; margin: 12.0pt 0cm .0001pt 0cm;\">\u201cTom\u00f3 demasiado trabajo, tuvimos la fortuna de trabajar juntas, estar ah\u00ed acopl\u00e1ndonos; todo ese trabajo dio este resultado\u201d, coment\u00f3.<\/p>\n<p>\t\t\t\t\t\t\t\t\t\t\t\t\t\t\t<img decoding=\"async\" width=\"640\" height=\"483\" src=\"https:\/\/esbozodeportivo.com\/wp-content\/uploads\/2022\/11\/Ginmasia-Ritmica-2-1024x772.jpg\" alt=\"\" loading=\"lazy\" srcset=\"https:\/\/esbozodeportivo.com\/wp-content\/uploads\/2022\/11\/Ginmasia-Ritmica-2-1024x772.jpg 1024w, https:\/\/esbozodeportivo.com\/wp-content\/uploads\/2022\/11\/Ginmasia-Ritmica-2-300x226.jpg 300w, https:\/\/esbozodeportivo.com\/wp-content\/uploads\/2022\/11\/Ginmasia-Ritmica-2-768x579.jpg 768w, https:\/\/esbozodeportivo.com\/wp-content\/uploads\/2022\/11\/Ginmasia-Ritmica-2.jpg 1080w\" sizes=\"auto, (max-width: 640px) 100vw, 640px\" \/>\t\t\t\t\t\t\t\t\t\t\t\t\t\t\t<\/p>\n<p style=\"background: white; margin: 12.0pt 0cm .0001pt 0cm;\">Con este resultado, finaliza M\u00e9xico su participaci\u00f3n en la justa del orbe, que cerr\u00f3 este d\u00eda de actividades con la entrega de las medallas en sincronizado, individual y all around por equipos.<\/p>\n<p>\t\t\t\t\t\t\t\t\t\t\t\t\t\t\t<img decoding=\"async\" width=\"640\" height=\"483\" src=\"https:\/\/esbozodeportivo.com\/wp-content\/uploads\/2022\/11\/Ginmasia-Ritmica-1-1024x772.jpg\" alt=\"\" loading=\"lazy\" srcset=\"https:\/\/esbozodeportivo.com\/wp-content\/uploads\/2022\/11\/Ginmasia-Ritmica-1-1024x772.jpg 1024w, https:\/\/esbozodeportivo.com\/wp-content\/uploads\/2022\/11\/Ginmasia-Ritmica-1-300x226.jpg 300w, https:\/\/esbozodeportivo.com\/wp-content\/uploads\/2022\/11\/Ginmasia-Ritmica-1-768x579.jpg 768w, https:\/\/esbozodeportivo.com\/wp-content\/uploads\/2022\/11\/Ginmasia-Ritmica-1.jpg 1080w\" sizes=\"auto, (max-width: 640px) 100vw, 640px\" \/>\t\t\t\t\t\t\t\t\t\t\t\t\t\t\t<\/p>\n<p>(Fotos: CONADE)<\/p>\n","protected":false},"excerpt":{"rendered":"<p>(CONADE).- La dupla nacional, conformada por Dafne Carolina Navarro Loza y Mariola Garc\u00eda Garc\u00eda, hicieron<\/p>\n","protected":false},"author":2,"featured_media":0,"comment_status":"open","ping_status":"open","sticky":false,"template":"","format":"standard","meta":{"_jetpack_memberships_contains_paid_content":false,"footnotes":""},"categories":[5],"tags":[],"class_list":["post-801","post","type-post","status-publish","format-standard","hentry","category-amateur"],"yoast_head":"<!-- This site is optimized with the Yoast SEO plugin v25.7 - https:\/\/yoast.com\/wordpress\/plugins\/seo\/ -->\n<title>M\u00e9xico gana medalla de bronce en el Mundial de Gimnasia de Trampol\u00edn - Esbozo Deportivo<\/title>\n<meta name=\"robots\" content=\"index, follow, max-snippet:-1, max-image-preview:large, max-video-preview:-1\" \/>\n<link rel=\"canonical\" href=\"https:\/\/esbozodeportivo.com\/index.php\/2022\/11\/21\/mexico-gana-medalla-de-bronce-en-el-mundial-de-gimnasia-de-trampolin\/\" \/>\n<meta property=\"og:locale\" content=\"es_MX\" \/>\n<meta property=\"og:type\" content=\"article\" \/>\n<meta property=\"og:title\" content=\"M\u00e9xico gana medalla de bronce en el Mundial de Gimnasia de Trampol\u00edn - Esbozo Deportivo\" \/>\n<meta property=\"og:description\" content=\"(CONADE).- La dupla nacional, conformada por Dafne Carolina Navarro Loza y Mariola Garc\u00eda Garc\u00eda, hicieron\" \/>\n<meta property=\"og:url\" content=\"https:\/\/esbozodeportivo.com\/index.php\/2022\/11\/21\/mexico-gana-medalla-de-bronce-en-el-mundial-de-gimnasia-de-trampolin\/\" \/>\n<meta property=\"og:site_name\" content=\"Esbozo Deportivo\" \/>\n<meta property=\"article:published_time\" content=\"2022-11-21T04:20:26+00:00\" \/>\n<meta property=\"article:modified_time\" content=\"2022-11-21T04:23:39+00:00\" \/>\n<meta property=\"og:image\" content=\"https:\/\/esbozodeportivo.com\/wp-content\/uploads\/2022\/11\/Ginmasia-Ritmica.jpg\" \/>\n<meta name=\"author\" content=\"Javier De La Cruz\" \/>\n<meta name=\"twitter:card\" content=\"summary_large_image\" \/>\n<meta name=\"twitter:label1\" content=\"Escrito por\" \/>\n\t<meta name=\"twitter:data1\" content=\"Javier De La Cruz\" \/>\n\t<meta name=\"twitter:label2\" content=\"Tiempo de lectura\" \/>\n\t<meta name=\"twitter:data2\" content=\"2 minutos\" \/>\n<script type=\"application\/ld+json\" class=\"yoast-schema-graph\">{\"@context\":\"https:\/\/schema.org\",\"@graph\":[{\"@type\":\"Article\",\"@id\":\"https:\/\/esbozodeportivo.com\/index.php\/2022\/11\/21\/mexico-gana-medalla-de-bronce-en-el-mundial-de-gimnasia-de-trampolin\/#article\",\"isPartOf\":{\"@id\":\"https:\/\/esbozodeportivo.com\/index.php\/2022\/11\/21\/mexico-gana-medalla-de-bronce-en-el-mundial-de-gimnasia-de-trampolin\/\"},\"author\":{\"name\":\"Javier De La Cruz\",\"@id\":\"https:\/\/esbozodeportivo.com\/#\/schema\/person\/7277119c98823aec37bbb84e125efd44\"},\"headline\":\"M\u00e9xico gana medalla de bronce en el Mundial de Gimnasia de Trampol\u00edn\",\"datePublished\":\"2022-11-21T04:20:26+00:00\",\"dateModified\":\"2022-11-21T04:23:39+00:00\",\"mainEntityOfPage\":{\"@id\":\"https:\/\/esbozodeportivo.com\/index.php\/2022\/11\/21\/mexico-gana-medalla-de-bronce-en-el-mundial-de-gimnasia-de-trampolin\/\"},\"wordCount\":355,\"commentCount\":0,\"publisher\":{\"@id\":\"https:\/\/esbozodeportivo.com\/#organization\"},\"image\":{\"@id\":\"https:\/\/esbozodeportivo.com\/index.php\/2022\/11\/21\/mexico-gana-medalla-de-bronce-en-el-mundial-de-gimnasia-de-trampolin\/#primaryimage\"},\"thumbnailUrl\":\"https:\/\/esbozodeportivo.com\/wp-content\/uploads\/2022\/11\/Ginmasia-Ritmica.jpg\",\"articleSection\":[\"Amateur\"],\"inLanguage\":\"es\",\"potentialAction\":[{\"@type\":\"CommentAction\",\"name\":\"Comment\",\"target\":[\"https:\/\/esbozodeportivo.com\/index.php\/2022\/11\/21\/mexico-gana-medalla-de-bronce-en-el-mundial-de-gimnasia-de-trampolin\/#respond\"]}]},{\"@type\":\"WebPage\",\"@id\":\"https:\/\/esbozodeportivo.com\/index.php\/2022\/11\/21\/mexico-gana-medalla-de-bronce-en-el-mundial-de-gimnasia-de-trampolin\/\",\"url\":\"https:\/\/esbozodeportivo.com\/index.php\/2022\/11\/21\/mexico-gana-medalla-de-bronce-en-el-mundial-de-gimnasia-de-trampolin\/\",\"name\":\"M\u00e9xico gana medalla de bronce en el Mundial de Gimnasia de Trampol\u00edn - Esbozo Deportivo\",\"isPartOf\":{\"@id\":\"https:\/\/esbozodeportivo.com\/#website\"},\"primaryImageOfPage\":{\"@id\":\"https:\/\/esbozodeportivo.com\/index.php\/2022\/11\/21\/mexico-gana-medalla-de-bronce-en-el-mundial-de-gimnasia-de-trampolin\/#primaryimage\"},\"image\":{\"@id\":\"https:\/\/esbozodeportivo.com\/index.php\/2022\/11\/21\/mexico-gana-medalla-de-bronce-en-el-mundial-de-gimnasia-de-trampolin\/#primaryimage\"},\"thumbnailUrl\":\"https:\/\/esbozodeportivo.com\/wp-content\/uploads\/2022\/11\/Ginmasia-Ritmica.jpg\",\"datePublished\":\"2022-11-21T04:20:26+00:00\",\"dateModified\":\"2022-11-21T04:23:39+00:00\",\"breadcrumb\":{\"@id\":\"https:\/\/esbozodeportivo.com\/index.php\/2022\/11\/21\/mexico-gana-medalla-de-bronce-en-el-mundial-de-gimnasia-de-trampolin\/#breadcrumb\"},\"inLanguage\":\"es\",\"potentialAction\":[{\"@type\":\"ReadAction\",\"target\":[\"https:\/\/esbozodeportivo.com\/index.php\/2022\/11\/21\/mexico-gana-medalla-de-bronce-en-el-mundial-de-gimnasia-de-trampolin\/\"]}]},{\"@type\":\"ImageObject\",\"inLanguage\":\"es\",\"@id\":\"https:\/\/esbozodeportivo.com\/index.php\/2022\/11\/21\/mexico-gana-medalla-de-bronce-en-el-mundial-de-gimnasia-de-trampolin\/#primaryimage\",\"url\":\"https:\/\/esbozodeportivo.com\/wp-content\/uploads\/2022\/11\/Ginmasia-Ritmica.jpg\",\"contentUrl\":\"https:\/\/esbozodeportivo.com\/wp-content\/uploads\/2022\/11\/Ginmasia-Ritmica.jpg\",\"width\":650,\"height\":380},{\"@type\":\"BreadcrumbList\",\"@id\":\"https:\/\/esbozodeportivo.com\/index.php\/2022\/11\/21\/mexico-gana-medalla-de-bronce-en-el-mundial-de-gimnasia-de-trampolin\/#breadcrumb\",\"itemListElement\":[{\"@type\":\"ListItem\",\"position\":1,\"name\":\"Inicio\",\"item\":\"https:\/\/esbozodeportivo.com\/\"},{\"@type\":\"ListItem\",\"position\":2,\"name\":\"M\u00e9xico gana medalla de bronce en el Mundial de Gimnasia de Trampol\u00edn\"}]},{\"@type\":\"WebSite\",\"@id\":\"https:\/\/esbozodeportivo.com\/#website\",\"url\":\"https:\/\/esbozodeportivo.com\/\",\"name\":\"Esbozo Deportivo\",\"description\":\"Lo m\u00e1s importante del Deporte\",\"publisher\":{\"@id\":\"https:\/\/esbozodeportivo.com\/#organization\"},\"potentialAction\":[{\"@type\":\"SearchAction\",\"target\":{\"@type\":\"EntryPoint\",\"urlTemplate\":\"https:\/\/esbozodeportivo.com\/?s={search_term_string}\"},\"query-input\":{\"@type\":\"PropertyValueSpecification\",\"valueRequired\":true,\"valueName\":\"search_term_string\"}}],\"inLanguage\":\"es\"},{\"@type\":\"Organization\",\"@id\":\"https:\/\/esbozodeportivo.com\/#organization\",\"name\":\"Esbozo Deportivo\",\"url\":\"https:\/\/esbozodeportivo.com\/\",\"logo\":{\"@type\":\"ImageObject\",\"inLanguage\":\"es\",\"@id\":\"https:\/\/esbozodeportivo.com\/#\/schema\/logo\/image\/\",\"url\":\"https:\/\/esbozodeportivo.com\/wp-content\/uploads\/2022\/08\/cropped-Logo-Esbozo-Web-2.png\",\"contentUrl\":\"https:\/\/esbozodeportivo.com\/wp-content\/uploads\/2022\/08\/cropped-Logo-Esbozo-Web-2.png\",\"width\":180,\"height\":50,\"caption\":\"Esbozo Deportivo\"},\"image\":{\"@id\":\"https:\/\/esbozodeportivo.com\/#\/schema\/logo\/image\/\"}},{\"@type\":\"Person\",\"@id\":\"https:\/\/esbozodeportivo.com\/#\/schema\/person\/7277119c98823aec37bbb84e125efd44\",\"name\":\"Javier De La Cruz\",\"image\":{\"@type\":\"ImageObject\",\"inLanguage\":\"es\",\"@id\":\"https:\/\/esbozodeportivo.com\/#\/schema\/person\/image\/\",\"url\":\"https:\/\/secure.gravatar.com\/avatar\/366235a56d20f1a6e8e3d0b295897639357bea880470ddf261d17bb0bc052eb1?s=96&d=mm&r=g\",\"contentUrl\":\"https:\/\/secure.gravatar.com\/avatar\/366235a56d20f1a6e8e3d0b295897639357bea880470ddf261d17bb0bc052eb1?s=96&d=mm&r=g\",\"caption\":\"Javier De La Cruz\"},\"url\":\"https:\/\/esbozodeportivo.com\/index.php\/author\/javier-de-la-cruz-de-la-cruz\/\"}]}<\/script>\n<!-- \/ Yoast SEO plugin. -->","yoast_head_json":{"title":"M\u00e9xico gana medalla de bronce en el Mundial de Gimnasia de Trampol\u00edn - Esbozo Deportivo","robots":{"index":"index","follow":"follow","max-snippet":"max-snippet:-1","max-image-preview":"max-image-preview:large","max-video-preview":"max-video-preview:-1"},"canonical":"https:\/\/esbozodeportivo.com\/index.php\/2022\/11\/21\/mexico-gana-medalla-de-bronce-en-el-mundial-de-gimnasia-de-trampolin\/","og_locale":"es_MX","og_type":"article","og_title":"M\u00e9xico gana medalla de bronce en el Mundial de Gimnasia de Trampol\u00edn - Esbozo Deportivo","og_description":"(CONADE).- La dupla nacional, conformada por Dafne Carolina Navarro Loza y Mariola Garc\u00eda Garc\u00eda, hicieron","og_url":"https:\/\/esbozodeportivo.com\/index.php\/2022\/11\/21\/mexico-gana-medalla-de-bronce-en-el-mundial-de-gimnasia-de-trampolin\/","og_site_name":"Esbozo Deportivo","article_published_time":"2022-11-21T04:20:26+00:00","article_modified_time":"2022-11-21T04:23:39+00:00","og_image":[{"url":"https:\/\/esbozodeportivo.com\/wp-content\/uploads\/2022\/11\/Ginmasia-Ritmica.jpg","type":"","width":"","height":""}],"author":"Javier De La Cruz","twitter_card":"summary_large_image","twitter_misc":{"Escrito por":"Javier De La Cruz","Tiempo de lectura":"2 minutos"},"schema":{"@context":"https:\/\/schema.org","@graph":[{"@type":"Article","@id":"https:\/\/esbozodeportivo.com\/index.php\/2022\/11\/21\/mexico-gana-medalla-de-bronce-en-el-mundial-de-gimnasia-de-trampolin\/#article","isPartOf":{"@id":"https:\/\/esbozodeportivo.com\/index.php\/2022\/11\/21\/mexico-gana-medalla-de-bronce-en-el-mundial-de-gimnasia-de-trampolin\/"},"author":{"name":"Javier De La Cruz","@id":"https:\/\/esbozodeportivo.com\/#\/schema\/person\/7277119c98823aec37bbb84e125efd44"},"headline":"M\u00e9xico gana medalla de bronce en el Mundial de Gimnasia de Trampol\u00edn","datePublished":"2022-11-21T04:20:26+00:00","dateModified":"2022-11-21T04:23:39+00:00","mainEntityOfPage":{"@id":"https:\/\/esbozodeportivo.com\/index.php\/2022\/11\/21\/mexico-gana-medalla-de-bronce-en-el-mundial-de-gimnasia-de-trampolin\/"},"wordCount":355,"commentCount":0,"publisher":{"@id":"https:\/\/esbozodeportivo.com\/#organization"},"image":{"@id":"https:\/\/esbozodeportivo.com\/index.php\/2022\/11\/21\/mexico-gana-medalla-de-bronce-en-el-mundial-de-gimnasia-de-trampolin\/#primaryimage"},"thumbnailUrl":"https:\/\/esbozodeportivo.com\/wp-content\/uploads\/2022\/11\/Ginmasia-Ritmica.jpg","articleSection":["Amateur"],"inLanguage":"es","potentialAction":[{"@type":"CommentAction","name":"Comment","target":["https:\/\/esbozodeportivo.com\/index.php\/2022\/11\/21\/mexico-gana-medalla-de-bronce-en-el-mundial-de-gimnasia-de-trampolin\/#respond"]}]},{"@type":"WebPage","@id":"https:\/\/esbozodeportivo.com\/index.php\/2022\/11\/21\/mexico-gana-medalla-de-bronce-en-el-mundial-de-gimnasia-de-trampolin\/","url":"https:\/\/esbozodeportivo.com\/index.php\/2022\/11\/21\/mexico-gana-medalla-de-bronce-en-el-mundial-de-gimnasia-de-trampolin\/","name":"M\u00e9xico gana medalla de bronce en el Mundial de Gimnasia de Trampol\u00edn - Esbozo Deportivo","isPartOf":{"@id":"https:\/\/esbozodeportivo.com\/#website"},"primaryImageOfPage":{"@id":"https:\/\/esbozodeportivo.com\/index.php\/2022\/11\/21\/mexico-gana-medalla-de-bronce-en-el-mundial-de-gimnasia-de-trampolin\/#primaryimage"},"image":{"@id":"https:\/\/esbozodeportivo.com\/index.php\/2022\/11\/21\/mexico-gana-medalla-de-bronce-en-el-mundial-de-gimnasia-de-trampolin\/#primaryimage"},"thumbnailUrl":"https:\/\/esbozodeportivo.com\/wp-content\/uploads\/2022\/11\/Ginmasia-Ritmica.jpg","datePublished":"2022-11-21T04:20:26+00:00","dateModified":"2022-11-21T04:23:39+00:00","breadcrumb":{"@id":"https:\/\/esbozodeportivo.com\/index.php\/2022\/11\/21\/mexico-gana-medalla-de-bronce-en-el-mundial-de-gimnasia-de-trampolin\/#breadcrumb"},"inLanguage":"es","potentialAction":[{"@type":"ReadAction","target":["https:\/\/esbozodeportivo.com\/index.php\/2022\/11\/21\/mexico-gana-medalla-de-bronce-en-el-mundial-de-gimnasia-de-trampolin\/"]}]},{"@type":"ImageObject","inLanguage":"es","@id":"https:\/\/esbozodeportivo.com\/index.php\/2022\/11\/21\/mexico-gana-medalla-de-bronce-en-el-mundial-de-gimnasia-de-trampolin\/#primaryimage","url":"https:\/\/esbozodeportivo.com\/wp-content\/uploads\/2022\/11\/Ginmasia-Ritmica.jpg","contentUrl":"https:\/\/esbozodeportivo.com\/wp-content\/uploads\/2022\/11\/Ginmasia-Ritmica.jpg","width":650,"height":380},{"@type":"BreadcrumbList","@id":"https:\/\/esbozodeportivo.com\/index.php\/2022\/11\/21\/mexico-gana-medalla-de-bronce-en-el-mundial-de-gimnasia-de-trampolin\/#breadcrumb","itemListElement":[{"@type":"ListItem","position":1,"name":"Inicio","item":"https:\/\/esbozodeportivo.com\/"},{"@type":"ListItem","position":2,"name":"M\u00e9xico gana medalla de bronce en el Mundial de Gimnasia de Trampol\u00edn"}]},{"@type":"WebSite","@id":"https:\/\/esbozodeportivo.com\/#website","url":"https:\/\/esbozodeportivo.com\/","name":"Esbozo Deportivo","description":"Lo m\u00e1s importante del Deporte","publisher":{"@id":"https:\/\/esbozodeportivo.com\/#organization"},"potentialAction":[{"@type":"SearchAction","target":{"@type":"EntryPoint","urlTemplate":"https:\/\/esbozodeportivo.com\/?s={search_term_string}"},"query-input":{"@type":"PropertyValueSpecification","valueRequired":true,"valueName":"search_term_string"}}],"inLanguage":"es"},{"@type":"Organization","@id":"https:\/\/esbozodeportivo.com\/#organization","name":"Esbozo Deportivo","url":"https:\/\/esbozodeportivo.com\/","logo":{"@type":"ImageObject","inLanguage":"es","@id":"https:\/\/esbozodeportivo.com\/#\/schema\/logo\/image\/","url":"https:\/\/esbozodeportivo.com\/wp-content\/uploads\/2022\/08\/cropped-Logo-Esbozo-Web-2.png","contentUrl":"https:\/\/esbozodeportivo.com\/wp-content\/uploads\/2022\/08\/cropped-Logo-Esbozo-Web-2.png","width":180,"height":50,"caption":"Esbozo Deportivo"},"image":{"@id":"https:\/\/esbozodeportivo.com\/#\/schema\/logo\/image\/"}},{"@type":"Person","@id":"https:\/\/esbozodeportivo.com\/#\/schema\/person\/7277119c98823aec37bbb84e125efd44","name":"Javier De La Cruz","image":{"@type":"ImageObject","inLanguage":"es","@id":"https:\/\/esbozodeportivo.com\/#\/schema\/person\/image\/","url":"https:\/\/secure.gravatar.com\/avatar\/366235a56d20f1a6e8e3d0b295897639357bea880470ddf261d17bb0bc052eb1?s=96&d=mm&r=g","contentUrl":"https:\/\/secure.gravatar.com\/avatar\/366235a56d20f1a6e8e3d0b295897639357bea880470ddf261d17bb0bc052eb1?s=96&d=mm&r=g","caption":"Javier De La Cruz"},"url":"https:\/\/esbozodeportivo.com\/index.php\/author\/javier-de-la-cruz-de-la-cruz\/"}]}},"jetpack_featured_media_url":"","jetpack_sharing_enabled":true,"_links":{"self":[{"href":"https:\/\/esbozodeportivo.com\/index.php\/wp-json\/wp\/v2\/posts\/801","targetHints":{"allow":["GET"]}}],"collection":[{"href":"https:\/\/esbozodeportivo.com\/index.php\/wp-json\/wp\/v2\/posts"}],"about":[{"href":"https:\/\/esbozodeportivo.com\/index.php\/wp-json\/wp\/v2\/types\/post"}],"author":[{"embeddable":true,"href":"https:\/\/esbozodeportivo.com\/index.php\/wp-json\/wp\/v2\/users\/2"}],"replies":[{"embeddable":true,"href":"https:\/\/esbozodeportivo.com\/index.php\/wp-json\/wp\/v2\/comments?post=801"}],"version-history":[{"count":4,"href":"https:\/\/esbozodeportivo.com\/index.php\/wp-json\/wp\/v2\/posts\/801\/revisions"}],"predecessor-version":[{"id":809,"href":"https:\/\/esbozodeportivo.com\/index.php\/wp-json\/wp\/v2\/posts\/801\/revisions\/809"}],"wp:attachment":[{"href":"https:\/\/esbozodeportivo.com\/index.php\/wp-json\/wp\/v2\/media?parent=801"}],"wp:term":[{"taxonomy":"category","embeddable":true,"href":"https:\/\/esbozodeportivo.com\/index.php\/wp-json\/wp\/v2\/categories?post=801"},{"taxonomy":"post_tag","embeddable":true,"href":"https:\/\/esbozodeportivo.com\/index.php\/wp-json\/wp\/v2\/tags?post=801"}],"curies":[{"name":"wp","href":"https:\/\/api.w.org\/{rel}","templated":true}]}}