{"id":8020,"date":"2025-06-19T02:26:46","date_gmt":"2025-06-19T08:26:46","guid":{"rendered":"https:\/\/esbozodeportivo.com\/?p=8020"},"modified":"2025-06-19T02:26:47","modified_gmt":"2025-06-19T08:26:47","slug":"la-guerra-del-litio-nuevo-libro-de-jesus-lemus","status":"publish","type":"post","link":"https:\/\/esbozodeportivo.com\/index.php\/2025\/06\/19\/la-guerra-del-litio-nuevo-libro-de-jesus-lemus\/","title":{"rendered":"La Guerra del Litio nuevo libro de Jes\u00fas Lemus"},"content":{"rendered":"\n<p>(Foto: esbozodeportivo)<\/p>\n\n\n\n<p>La noche de este martes en la librer\u00eda <strong>El P\u00e9ndulo<\/strong>, de la colonia <strong>Roma<\/strong>, se llev\u00f3 a cabo la presentaci\u00f3n del libro <strong>\u201cLa Guerra del Litio<\/strong>\u201d, la m\u00e1s reciente investigaci\u00f3n period\u00edstica de <strong>Jes\u00fas Lemus<\/strong>, que fue publicada por la editorial Grijalbo. El autor estuvo secundado por los tambi\u00e9n periodistas <strong>Jos\u00e9 Luis Montenegro<\/strong> y <strong>Ricardo Ravelo<\/strong>, quienes expusieron sus puntos de vistas a decenas de asistentes que se dieron cita.<\/p>\n\n\n\n<p><strong>\u201cLa Guerra de Litio<\/strong>, relata y exhibe la manera en que las empresas nacionales e internacionales, son capaces de hacer para extraer el tan apreciado metal para el beneficio de algunas personas involucradas en el saqueo del mismo\u201d, manifest\u00f3 <strong>Lemus.<\/strong> &nbsp;<\/p>\n\n\n\n<p>En noviembre de <strong>2019<\/strong>, en los l\u00edmites de <strong>Sonora y Durango<\/strong>, zona rica en <strong>Litio<\/strong> tambi\u00e9n conocido como <strong>\u201coro blanco\u201d,<\/strong> se vivi\u00f3 una de las peores masacres, seis miembros de la familia <strong>LeBar\u00f3n,<\/strong> fueron asesinados entre los que se encontraban mujeres y ni\u00f1os.<\/p>\n\n\n\n<figure class=\"wp-block-image size-large\"><img loading=\"lazy\" decoding=\"async\" width=\"771\" height=\"1024\" src=\"https:\/\/esbozodeportivo.com\/wp-content\/uploads\/2025\/06\/Libro-1-771x1024.png\" alt=\"\" class=\"wp-image-8033\" srcset=\"https:\/\/esbozodeportivo.com\/wp-content\/uploads\/2025\/06\/Libro-1-771x1024.png 771w, https:\/\/esbozodeportivo.com\/wp-content\/uploads\/2025\/06\/Libro-1-226x300.png 226w, https:\/\/esbozodeportivo.com\/wp-content\/uploads\/2025\/06\/Libro-1-768x1021.png 768w, https:\/\/esbozodeportivo.com\/wp-content\/uploads\/2025\/06\/Libro-1-1156x1536.png 1156w, https:\/\/esbozodeportivo.com\/wp-content\/uploads\/2025\/06\/Libro-1-1024x1361.png 1024w, https:\/\/esbozodeportivo.com\/wp-content\/uploads\/2025\/06\/Libro-1.png 1204w\" sizes=\"auto, (max-width: 771px) 100vw, 771px\" \/><\/figure>\n\n\n\n<p>(Foto: esbozodeportivo) <\/p>\n\n\n\n<p>De dicha masacre <strong>Jes\u00fas Lemus,<\/strong> parte para trazar una l\u00ednea de investigaci\u00f3n que revela la posible colusi\u00f3n entre empresas mineras, narcotr\u00e1fico, gobierno, pol\u00edticos y fuerzas policiales del estado.<\/p>\n\n\n\n<p>Por su parte los periodistas <strong>Jos\u00e9 Luis Montenegro<\/strong> y <strong>Ricardo Ravelo,<\/strong> destacaron el extraordinario trabajo realizado por <strong>Lemus<\/strong>, al tocar un tema crucial que podr\u00eda tener consecuencias muy graves en un futuro para nuestro pa\u00eds.<\/p>\n\n\n\n<p>El periodista <strong>Jes\u00fas Lemus<\/strong>, quien estuvo privado de su libertad en el sexenio de <strong>Felipe Calder\u00f3n<\/strong>, es autor de otros libros como <strong>Los Malditos, Tierra sin Dios, El Licenciado, El Fiscal Imperial<\/strong>, entre otros.<\/p>\n\n\n\n<p>El libro ya se encuentra a la venta desde el <strong>6 de mayo<\/strong>, en varias librer\u00edas de la Rep\u00fablica Mexicana.<\/p>\n\n\n\n<figure class=\"wp-block-image size-large\"><img loading=\"lazy\" decoding=\"async\" width=\"1024\" height=\"771\" src=\"https:\/\/esbozodeportivo.com\/wp-content\/uploads\/2025\/06\/Libro-2-1024x771.png\" alt=\"\" class=\"wp-image-8034\" srcset=\"https:\/\/esbozodeportivo.com\/wp-content\/uploads\/2025\/06\/Libro-2-1024x771.png 1024w, https:\/\/esbozodeportivo.com\/wp-content\/uploads\/2025\/06\/Libro-2-300x226.png 300w, https:\/\/esbozodeportivo.com\/wp-content\/uploads\/2025\/06\/Libro-2-768x578.png 768w, https:\/\/esbozodeportivo.com\/wp-content\/uploads\/2025\/06\/Libro-2-1536x1156.png 1536w, https:\/\/esbozodeportivo.com\/wp-content\/uploads\/2025\/06\/Libro-2.png 1600w\" sizes=\"auto, (max-width: 1024px) 100vw, 1024px\" \/><\/figure>\n\n\n\n<p>(Foto: esbozodeportivo) <\/p>\n\n\n\n<p><\/p>\n","protected":false},"excerpt":{"rendered":"<p>(Foto: esbozodeportivo) La noche de este martes en la librer\u00eda El P\u00e9ndulo, de la colonia<\/p>\n","protected":false},"author":4,"featured_media":8035,"comment_status":"closed","ping_status":"open","sticky":false,"template":"","format":"standard","meta":{"_jetpack_memberships_contains_paid_content":false,"footnotes":""},"categories":[49],"tags":[],"class_list":["post-8020","post","type-post","status-publish","format-standard","has-post-thumbnail","hentry","category-cultura"],"yoast_head":"<!-- This site is optimized with the Yoast SEO plugin v25.7 - https:\/\/yoast.com\/wordpress\/plugins\/seo\/ -->\n<title>La Guerra del Litio nuevo libro de Jes\u00fas Lemus - Esbozo Deportivo<\/title>\n<meta name=\"description\" content=\"La noche de este martes en la librer\u00eda El P\u00e9ndulo, de la colonia Roma, se llev\u00f3 a cabo la presentaci\u00f3n del libro \u201cLa Guerra del Litio\u201d, la m\u00e1s reciente investigaci\u00f3n period\u00edstica de Jes\u00fas Lemus, que fue publicada por la editorial Grijalbo. El autor estuvo secundado por los tambi\u00e9n periodistas Jos\u00e9 Luis Montenegro y Ricardo Ravelo, quienes expusieron sus puntos de vistas a decenas de asistentes que se dieron cita.\" \/>\n<meta name=\"robots\" content=\"index, follow, max-snippet:-1, max-image-preview:large, max-video-preview:-1\" \/>\n<link rel=\"canonical\" href=\"https:\/\/esbozodeportivo.com\/index.php\/2025\/06\/19\/la-guerra-del-litio-nuevo-libro-de-jesus-lemus\/\" \/>\n<meta property=\"og:locale\" content=\"es_MX\" \/>\n<meta property=\"og:type\" content=\"article\" \/>\n<meta property=\"og:title\" content=\"La Guerra del Litio nuevo libro de Jes\u00fas Lemus - Esbozo Deportivo\" \/>\n<meta property=\"og:description\" content=\"La noche de este martes en la librer\u00eda El P\u00e9ndulo, de la colonia Roma, se llev\u00f3 a cabo la presentaci\u00f3n del libro \u201cLa Guerra del Litio\u201d, la m\u00e1s reciente investigaci\u00f3n period\u00edstica de Jes\u00fas Lemus, que fue publicada por la editorial Grijalbo. El autor estuvo secundado por los tambi\u00e9n periodistas Jos\u00e9 Luis Montenegro y Ricardo Ravelo, quienes expusieron sus puntos de vistas a decenas de asistentes que se dieron cita.\" \/>\n<meta property=\"og:url\" content=\"https:\/\/esbozodeportivo.com\/index.php\/2025\/06\/19\/la-guerra-del-litio-nuevo-libro-de-jesus-lemus\/\" \/>\n<meta property=\"og:site_name\" content=\"Esbozo Deportivo\" \/>\n<meta property=\"article:published_time\" content=\"2025-06-19T08:26:46+00:00\" \/>\n<meta property=\"article:modified_time\" content=\"2025-06-19T08:26:47+00:00\" \/>\n<meta property=\"og:image\" content=\"https:\/\/esbozodeportivo.com\/wp-content\/uploads\/2025\/06\/Libro-1024x771.png\" \/>\n\t<meta property=\"og:image:width\" content=\"1024\" \/>\n\t<meta property=\"og:image:height\" content=\"771\" \/>\n\t<meta property=\"og:image:type\" content=\"image\/png\" \/>\n<meta name=\"author\" content=\"Redacci\u00f3n\" \/>\n<meta name=\"twitter:card\" content=\"summary_large_image\" \/>\n<meta name=\"twitter:label1\" content=\"Escrito por\" \/>\n\t<meta name=\"twitter:data1\" content=\"Redacci\u00f3n\" \/>\n\t<meta name=\"twitter:label2\" content=\"Tiempo de lectura\" \/>\n\t<meta name=\"twitter:data2\" content=\"2 minutos\" \/>\n<script type=\"application\/ld+json\" class=\"yoast-schema-graph\">{\"@context\":\"https:\/\/schema.org\",\"@graph\":[{\"@type\":\"Article\",\"@id\":\"https:\/\/esbozodeportivo.com\/index.php\/2025\/06\/19\/la-guerra-del-litio-nuevo-libro-de-jesus-lemus\/#article\",\"isPartOf\":{\"@id\":\"https:\/\/esbozodeportivo.com\/index.php\/2025\/06\/19\/la-guerra-del-litio-nuevo-libro-de-jesus-lemus\/\"},\"author\":{\"name\":\"Redacci\u00f3n\",\"@id\":\"https:\/\/esbozodeportivo.com\/#\/schema\/person\/0f6df9196dfe6740dd0bb31bae50d374\"},\"headline\":\"La Guerra del Litio nuevo libro de Jes\u00fas Lemus\",\"datePublished\":\"2025-06-19T08:26:46+00:00\",\"dateModified\":\"2025-06-19T08:26:47+00:00\",\"mainEntityOfPage\":{\"@id\":\"https:\/\/esbozodeportivo.com\/index.php\/2025\/06\/19\/la-guerra-del-litio-nuevo-libro-de-jesus-lemus\/\"},\"wordCount\":308,\"publisher\":{\"@id\":\"https:\/\/esbozodeportivo.com\/#organization\"},\"image\":{\"@id\":\"https:\/\/esbozodeportivo.com\/index.php\/2025\/06\/19\/la-guerra-del-litio-nuevo-libro-de-jesus-lemus\/#primaryimage\"},\"thumbnailUrl\":\"https:\/\/esbozodeportivo.com\/wp-content\/uploads\/2025\/06\/Libro.png\",\"articleSection\":[\"Cultura\"],\"inLanguage\":\"es\"},{\"@type\":\"WebPage\",\"@id\":\"https:\/\/esbozodeportivo.com\/index.php\/2025\/06\/19\/la-guerra-del-litio-nuevo-libro-de-jesus-lemus\/\",\"url\":\"https:\/\/esbozodeportivo.com\/index.php\/2025\/06\/19\/la-guerra-del-litio-nuevo-libro-de-jesus-lemus\/\",\"name\":\"La Guerra del Litio nuevo libro de Jes\u00fas Lemus - Esbozo Deportivo\",\"isPartOf\":{\"@id\":\"https:\/\/esbozodeportivo.com\/#website\"},\"primaryImageOfPage\":{\"@id\":\"https:\/\/esbozodeportivo.com\/index.php\/2025\/06\/19\/la-guerra-del-litio-nuevo-libro-de-jesus-lemus\/#primaryimage\"},\"image\":{\"@id\":\"https:\/\/esbozodeportivo.com\/index.php\/2025\/06\/19\/la-guerra-del-litio-nuevo-libro-de-jesus-lemus\/#primaryimage\"},\"thumbnailUrl\":\"https:\/\/esbozodeportivo.com\/wp-content\/uploads\/2025\/06\/Libro.png\",\"datePublished\":\"2025-06-19T08:26:46+00:00\",\"dateModified\":\"2025-06-19T08:26:47+00:00\",\"description\":\"La noche de este martes en la librer\u00eda El P\u00e9ndulo, de la colonia Roma, se llev\u00f3 a cabo la presentaci\u00f3n del libro \u201cLa Guerra del Litio\u201d, la m\u00e1s reciente investigaci\u00f3n period\u00edstica de Jes\u00fas Lemus, que fue publicada por la editorial Grijalbo. El autor estuvo secundado por los tambi\u00e9n periodistas Jos\u00e9 Luis Montenegro y Ricardo Ravelo, quienes expusieron sus puntos de vistas a decenas de asistentes que se dieron cita.\",\"breadcrumb\":{\"@id\":\"https:\/\/esbozodeportivo.com\/index.php\/2025\/06\/19\/la-guerra-del-litio-nuevo-libro-de-jesus-lemus\/#breadcrumb\"},\"inLanguage\":\"es\",\"potentialAction\":[{\"@type\":\"ReadAction\",\"target\":[\"https:\/\/esbozodeportivo.com\/index.php\/2025\/06\/19\/la-guerra-del-litio-nuevo-libro-de-jesus-lemus\/\"]}]},{\"@type\":\"ImageObject\",\"inLanguage\":\"es\",\"@id\":\"https:\/\/esbozodeportivo.com\/index.php\/2025\/06\/19\/la-guerra-del-litio-nuevo-libro-de-jesus-lemus\/#primaryimage\",\"url\":\"https:\/\/esbozodeportivo.com\/wp-content\/uploads\/2025\/06\/Libro.png\",\"contentUrl\":\"https:\/\/esbozodeportivo.com\/wp-content\/uploads\/2025\/06\/Libro.png\",\"width\":1600,\"height\":1204},{\"@type\":\"BreadcrumbList\",\"@id\":\"https:\/\/esbozodeportivo.com\/index.php\/2025\/06\/19\/la-guerra-del-litio-nuevo-libro-de-jesus-lemus\/#breadcrumb\",\"itemListElement\":[{\"@type\":\"ListItem\",\"position\":1,\"name\":\"Inicio\",\"item\":\"https:\/\/esbozodeportivo.com\/\"},{\"@type\":\"ListItem\",\"position\":2,\"name\":\"La Guerra del Litio nuevo libro de Jes\u00fas Lemus\"}]},{\"@type\":\"WebSite\",\"@id\":\"https:\/\/esbozodeportivo.com\/#website\",\"url\":\"https:\/\/esbozodeportivo.com\/\",\"name\":\"Esbozo Deportivo\",\"description\":\"Lo m\u00e1s importante del Deporte\",\"publisher\":{\"@id\":\"https:\/\/esbozodeportivo.com\/#organization\"},\"potentialAction\":[{\"@type\":\"SearchAction\",\"target\":{\"@type\":\"EntryPoint\",\"urlTemplate\":\"https:\/\/esbozodeportivo.com\/?s={search_term_string}\"},\"query-input\":{\"@type\":\"PropertyValueSpecification\",\"valueRequired\":true,\"valueName\":\"search_term_string\"}}],\"inLanguage\":\"es\"},{\"@type\":\"Organization\",\"@id\":\"https:\/\/esbozodeportivo.com\/#organization\",\"name\":\"Esbozo Deportivo\",\"url\":\"https:\/\/esbozodeportivo.com\/\",\"logo\":{\"@type\":\"ImageObject\",\"inLanguage\":\"es\",\"@id\":\"https:\/\/esbozodeportivo.com\/#\/schema\/logo\/image\/\",\"url\":\"https:\/\/esbozodeportivo.com\/wp-content\/uploads\/2022\/08\/cropped-Logo-Esbozo-Web-2.png\",\"contentUrl\":\"https:\/\/esbozodeportivo.com\/wp-content\/uploads\/2022\/08\/cropped-Logo-Esbozo-Web-2.png\",\"width\":180,\"height\":50,\"caption\":\"Esbozo Deportivo\"},\"image\":{\"@id\":\"https:\/\/esbozodeportivo.com\/#\/schema\/logo\/image\/\"}},{\"@type\":\"Person\",\"@id\":\"https:\/\/esbozodeportivo.com\/#\/schema\/person\/0f6df9196dfe6740dd0bb31bae50d374\",\"name\":\"Redacci\u00f3n\",\"image\":{\"@type\":\"ImageObject\",\"inLanguage\":\"es\",\"@id\":\"https:\/\/esbozodeportivo.com\/#\/schema\/person\/image\/\",\"url\":\"https:\/\/secure.gravatar.com\/avatar\/f55268a89c3b418f2ef172ff52ab0d09b3e653c58de29539fe329fb93d78ebf3?s=96&d=mm&r=g\",\"contentUrl\":\"https:\/\/secure.gravatar.com\/avatar\/f55268a89c3b418f2ef172ff52ab0d09b3e653c58de29539fe329fb93d78ebf3?s=96&d=mm&r=g\",\"caption\":\"Redacci\u00f3n\"},\"url\":\"https:\/\/esbozodeportivo.com\/index.php\/author\/redaccion\/\"}]}<\/script>\n<!-- \/ Yoast SEO plugin. -->","yoast_head_json":{"title":"La Guerra del Litio nuevo libro de Jes\u00fas Lemus - Esbozo Deportivo","description":"La noche de este martes en la librer\u00eda El P\u00e9ndulo, de la colonia Roma, se llev\u00f3 a cabo la presentaci\u00f3n del libro \u201cLa Guerra del Litio\u201d, la m\u00e1s reciente investigaci\u00f3n period\u00edstica de Jes\u00fas Lemus, que fue publicada por la editorial Grijalbo. El autor estuvo secundado por los tambi\u00e9n periodistas Jos\u00e9 Luis Montenegro y Ricardo Ravelo, quienes expusieron sus puntos de vistas a decenas de asistentes que se dieron cita.","robots":{"index":"index","follow":"follow","max-snippet":"max-snippet:-1","max-image-preview":"max-image-preview:large","max-video-preview":"max-video-preview:-1"},"canonical":"https:\/\/esbozodeportivo.com\/index.php\/2025\/06\/19\/la-guerra-del-litio-nuevo-libro-de-jesus-lemus\/","og_locale":"es_MX","og_type":"article","og_title":"La Guerra del Litio nuevo libro de Jes\u00fas Lemus - Esbozo Deportivo","og_description":"La noche de este martes en la librer\u00eda El P\u00e9ndulo, de la colonia Roma, se llev\u00f3 a cabo la presentaci\u00f3n del libro \u201cLa Guerra del Litio\u201d, la m\u00e1s reciente investigaci\u00f3n period\u00edstica de Jes\u00fas Lemus, que fue publicada por la editorial Grijalbo. El autor estuvo secundado por los tambi\u00e9n periodistas Jos\u00e9 Luis Montenegro y Ricardo Ravelo, quienes expusieron sus puntos de vistas a decenas de asistentes que se dieron cita.","og_url":"https:\/\/esbozodeportivo.com\/index.php\/2025\/06\/19\/la-guerra-del-litio-nuevo-libro-de-jesus-lemus\/","og_site_name":"Esbozo Deportivo","article_published_time":"2025-06-19T08:26:46+00:00","article_modified_time":"2025-06-19T08:26:47+00:00","og_image":[{"width":1024,"height":771,"url":"https:\/\/esbozodeportivo.com\/wp-content\/uploads\/2025\/06\/Libro-1024x771.png","type":"image\/png"}],"author":"Redacci\u00f3n","twitter_card":"summary_large_image","twitter_misc":{"Escrito por":"Redacci\u00f3n","Tiempo de lectura":"2 minutos"},"schema":{"@context":"https:\/\/schema.org","@graph":[{"@type":"Article","@id":"https:\/\/esbozodeportivo.com\/index.php\/2025\/06\/19\/la-guerra-del-litio-nuevo-libro-de-jesus-lemus\/#article","isPartOf":{"@id":"https:\/\/esbozodeportivo.com\/index.php\/2025\/06\/19\/la-guerra-del-litio-nuevo-libro-de-jesus-lemus\/"},"author":{"name":"Redacci\u00f3n","@id":"https:\/\/esbozodeportivo.com\/#\/schema\/person\/0f6df9196dfe6740dd0bb31bae50d374"},"headline":"La Guerra del Litio nuevo libro de Jes\u00fas Lemus","datePublished":"2025-06-19T08:26:46+00:00","dateModified":"2025-06-19T08:26:47+00:00","mainEntityOfPage":{"@id":"https:\/\/esbozodeportivo.com\/index.php\/2025\/06\/19\/la-guerra-del-litio-nuevo-libro-de-jesus-lemus\/"},"wordCount":308,"publisher":{"@id":"https:\/\/esbozodeportivo.com\/#organization"},"image":{"@id":"https:\/\/esbozodeportivo.com\/index.php\/2025\/06\/19\/la-guerra-del-litio-nuevo-libro-de-jesus-lemus\/#primaryimage"},"thumbnailUrl":"https:\/\/esbozodeportivo.com\/wp-content\/uploads\/2025\/06\/Libro.png","articleSection":["Cultura"],"inLanguage":"es"},{"@type":"WebPage","@id":"https:\/\/esbozodeportivo.com\/index.php\/2025\/06\/19\/la-guerra-del-litio-nuevo-libro-de-jesus-lemus\/","url":"https:\/\/esbozodeportivo.com\/index.php\/2025\/06\/19\/la-guerra-del-litio-nuevo-libro-de-jesus-lemus\/","name":"La Guerra del Litio nuevo libro de Jes\u00fas Lemus - Esbozo Deportivo","isPartOf":{"@id":"https:\/\/esbozodeportivo.com\/#website"},"primaryImageOfPage":{"@id":"https:\/\/esbozodeportivo.com\/index.php\/2025\/06\/19\/la-guerra-del-litio-nuevo-libro-de-jesus-lemus\/#primaryimage"},"image":{"@id":"https:\/\/esbozodeportivo.com\/index.php\/2025\/06\/19\/la-guerra-del-litio-nuevo-libro-de-jesus-lemus\/#primaryimage"},"thumbnailUrl":"https:\/\/esbozodeportivo.com\/wp-content\/uploads\/2025\/06\/Libro.png","datePublished":"2025-06-19T08:26:46+00:00","dateModified":"2025-06-19T08:26:47+00:00","description":"La noche de este martes en la librer\u00eda El P\u00e9ndulo, de la colonia Roma, se llev\u00f3 a cabo la presentaci\u00f3n del libro \u201cLa Guerra del Litio\u201d, la m\u00e1s reciente investigaci\u00f3n period\u00edstica de Jes\u00fas Lemus, que fue publicada por la editorial Grijalbo. El autor estuvo secundado por los tambi\u00e9n periodistas Jos\u00e9 Luis Montenegro y Ricardo Ravelo, quienes expusieron sus puntos de vistas a decenas de asistentes que se dieron cita.","breadcrumb":{"@id":"https:\/\/esbozodeportivo.com\/index.php\/2025\/06\/19\/la-guerra-del-litio-nuevo-libro-de-jesus-lemus\/#breadcrumb"},"inLanguage":"es","potentialAction":[{"@type":"ReadAction","target":["https:\/\/esbozodeportivo.com\/index.php\/2025\/06\/19\/la-guerra-del-litio-nuevo-libro-de-jesus-lemus\/"]}]},{"@type":"ImageObject","inLanguage":"es","@id":"https:\/\/esbozodeportivo.com\/index.php\/2025\/06\/19\/la-guerra-del-litio-nuevo-libro-de-jesus-lemus\/#primaryimage","url":"https:\/\/esbozodeportivo.com\/wp-content\/uploads\/2025\/06\/Libro.png","contentUrl":"https:\/\/esbozodeportivo.com\/wp-content\/uploads\/2025\/06\/Libro.png","width":1600,"height":1204},{"@type":"BreadcrumbList","@id":"https:\/\/esbozodeportivo.com\/index.php\/2025\/06\/19\/la-guerra-del-litio-nuevo-libro-de-jesus-lemus\/#breadcrumb","itemListElement":[{"@type":"ListItem","position":1,"name":"Inicio","item":"https:\/\/esbozodeportivo.com\/"},{"@type":"ListItem","position":2,"name":"La Guerra del Litio nuevo libro de Jes\u00fas Lemus"}]},{"@type":"WebSite","@id":"https:\/\/esbozodeportivo.com\/#website","url":"https:\/\/esbozodeportivo.com\/","name":"Esbozo Deportivo","description":"Lo m\u00e1s importante del Deporte","publisher":{"@id":"https:\/\/esbozodeportivo.com\/#organization"},"potentialAction":[{"@type":"SearchAction","target":{"@type":"EntryPoint","urlTemplate":"https:\/\/esbozodeportivo.com\/?s={search_term_string}"},"query-input":{"@type":"PropertyValueSpecification","valueRequired":true,"valueName":"search_term_string"}}],"inLanguage":"es"},{"@type":"Organization","@id":"https:\/\/esbozodeportivo.com\/#organization","name":"Esbozo Deportivo","url":"https:\/\/esbozodeportivo.com\/","logo":{"@type":"ImageObject","inLanguage":"es","@id":"https:\/\/esbozodeportivo.com\/#\/schema\/logo\/image\/","url":"https:\/\/esbozodeportivo.com\/wp-content\/uploads\/2022\/08\/cropped-Logo-Esbozo-Web-2.png","contentUrl":"https:\/\/esbozodeportivo.com\/wp-content\/uploads\/2022\/08\/cropped-Logo-Esbozo-Web-2.png","width":180,"height":50,"caption":"Esbozo Deportivo"},"image":{"@id":"https:\/\/esbozodeportivo.com\/#\/schema\/logo\/image\/"}},{"@type":"Person","@id":"https:\/\/esbozodeportivo.com\/#\/schema\/person\/0f6df9196dfe6740dd0bb31bae50d374","name":"Redacci\u00f3n","image":{"@type":"ImageObject","inLanguage":"es","@id":"https:\/\/esbozodeportivo.com\/#\/schema\/person\/image\/","url":"https:\/\/secure.gravatar.com\/avatar\/f55268a89c3b418f2ef172ff52ab0d09b3e653c58de29539fe329fb93d78ebf3?s=96&d=mm&r=g","contentUrl":"https:\/\/secure.gravatar.com\/avatar\/f55268a89c3b418f2ef172ff52ab0d09b3e653c58de29539fe329fb93d78ebf3?s=96&d=mm&r=g","caption":"Redacci\u00f3n"},"url":"https:\/\/esbozodeportivo.com\/index.php\/author\/redaccion\/"}]}},"jetpack_featured_media_url":"https:\/\/esbozodeportivo.com\/wp-content\/uploads\/2025\/06\/Libro.png","jetpack_sharing_enabled":true,"_links":{"self":[{"href":"https:\/\/esbozodeportivo.com\/index.php\/wp-json\/wp\/v2\/posts\/8020","targetHints":{"allow":["GET"]}}],"collection":[{"href":"https:\/\/esbozodeportivo.com\/index.php\/wp-json\/wp\/v2\/posts"}],"about":[{"href":"https:\/\/esbozodeportivo.com\/index.php\/wp-json\/wp\/v2\/types\/post"}],"author":[{"embeddable":true,"href":"https:\/\/esbozodeportivo.com\/index.php\/wp-json\/wp\/v2\/users\/4"}],"replies":[{"embeddable":true,"href":"https:\/\/esbozodeportivo.com\/index.php\/wp-json\/wp\/v2\/comments?post=8020"}],"version-history":[{"count":1,"href":"https:\/\/esbozodeportivo.com\/index.php\/wp-json\/wp\/v2\/posts\/8020\/revisions"}],"predecessor-version":[{"id":8036,"href":"https:\/\/esbozodeportivo.com\/index.php\/wp-json\/wp\/v2\/posts\/8020\/revisions\/8036"}],"wp:featuredmedia":[{"embeddable":true,"href":"https:\/\/esbozodeportivo.com\/index.php\/wp-json\/wp\/v2\/media\/8035"}],"wp:attachment":[{"href":"https:\/\/esbozodeportivo.com\/index.php\/wp-json\/wp\/v2\/media?parent=8020"}],"wp:term":[{"taxonomy":"category","embeddable":true,"href":"https:\/\/esbozodeportivo.com\/index.php\/wp-json\/wp\/v2\/categories?post=8020"},{"taxonomy":"post_tag","embeddable":true,"href":"https:\/\/esbozodeportivo.com\/index.php\/wp-json\/wp\/v2\/tags?post=8020"}],"curies":[{"name":"wp","href":"https:\/\/api.w.org\/{rel}","templated":true}]}}