{"id":8039,"date":"2025-06-19T23:31:17","date_gmt":"2025-06-20T05:31:17","guid":{"rendered":"https:\/\/esbozodeportivo.com\/?p=8039"},"modified":"2025-06-19T23:31:18","modified_gmt":"2025-06-20T05:31:18","slug":"por-gastroenteritis-hospitalizan-a-mbappe","status":"publish","type":"post","link":"https:\/\/esbozodeportivo.com\/index.php\/2025\/06\/19\/por-gastroenteritis-hospitalizan-a-mbappe\/","title":{"rendered":"Por gastroenteritis, hospitalizan a Mbapp\u00e9"},"content":{"rendered":"\n<p>(Foto: Agencias) <\/p>\n\n\n\n<ul class=\"wp-block-list\">\n<li><strong>El delantero del Real Madrid, Kylian Mbapp\u00e9, fue hospitalizado con un caso agudo de gastroenteritis, inform\u00f3 el jueves el club espa\u00f1ol.<\/strong><\/li>\n<\/ul>\n\n\n\n<p>El jugador campe\u00f3n del mundo se perdi\u00f3 el partido inaugural del <strong>Madrid<\/strong> en el <strong>Mundial de Clubes<\/strong> el mi\u00e9rcoles contra el <strong>Al Hilal<\/strong> saud\u00ed en Miami debido a una fiebre.<\/p>\n\n\n\n<p>El entrenador <strong>Xabi Alonso<\/strong> expres\u00f3 tras el partido del mi\u00e9rcoles que esperaba que el internacional franc\u00e9s estuviera disponible para el pr\u00f3ximo partido del domingo contra <strong>Pachuca<\/strong>. Sin embargo, su hospitalizaci\u00f3n genera dudas sobre el papel que podr\u00eda desempe\u00f1ar en el torneo de un mes de duraci\u00f3n en <strong>Estados Unidos.<\/strong><\/p>\n\n\n\n<p>La ausencia de <strong>Mbapp\u00e9<\/strong> es un golpe para el torneo, que el presidente de la <strong>FIFA<\/strong>, <strong>Gianni Infantino<\/strong> espera se convierta en uno de los eventos de \u00e9lite en el f\u00fatbol y compita en popularidad y valor con competiciones como la <strong>Liga de Campeones <\/strong>y la <strong>Premier League<\/strong>. Despu\u00e9s de <strong>Lionel Messi, Mbapp\u00e9<\/strong> es posiblemente la m\u00e1xima estrella, adem\u00e1s de que el <strong>Madrid<\/strong> es uno de los favoritos para levantar el trofeo en la edici\u00f3n inaugural del torneo.<\/p>\n\n\n\n<p>Pero la multitud de m\u00e1s de <strong>62.000<\/strong> personas que se dieron cita en el estadio Hard Rock se perdi\u00f3 la rara oportunidad de verlo en persona en los <strong>Estados Unidos<\/strong> debido a que no estuvo disponible para el sorprendente empate del mi\u00e9rcoles 1-1 del <strong>Madrid<\/strong> contra el <strong>Al Hilal.<\/strong><\/p>\n\n\n\n<p>La gastroenteritis tambi\u00e9n se conoce como gripe estomacal y los s\u00edntomas pueden incluir v\u00f3mito y diarrea.<\/p>\n\n\n\n<p>La hospitalizaci\u00f3n de <strong>Mbapp\u00e9<\/strong> se produce casi exactamente un a\u00f1o despu\u00e9s de que se fractur\u00f3 la nariz en el Campeonato Europeo y tuviera que usar una m\u00e1scara facial para seguir jugando en el torneo.<\/p>\n\n\n\n<p><\/p>\n","protected":false},"excerpt":{"rendered":"<p>(Foto: Agencias) El jugador campe\u00f3n del mundo se perdi\u00f3 el partido inaugural del Madrid en<\/p>\n","protected":false},"author":4,"featured_media":8046,"comment_status":"closed","ping_status":"open","sticky":false,"template":"","format":"standard","meta":{"_jetpack_memberships_contains_paid_content":false,"footnotes":""},"categories":[76],"tags":[],"class_list":["post-8039","post","type-post","status-publish","format-standard","has-post-thumbnail","hentry","category-mundial-de-clubes"],"yoast_head":"<!-- This site is optimized with the Yoast SEO plugin v25.7 - https:\/\/yoast.com\/wordpress\/plugins\/seo\/ -->\n<title>Por gastroenteritis, hospitalizan a Mbapp\u00e9 - Esbozo Deportivo<\/title>\n<meta name=\"description\" content=\"El entrenador Xabi Alonso expres\u00f3 tras el partido del mi\u00e9rcoles que esperaba que el internacional franc\u00e9s estuviera disponible para el pr\u00f3ximo partido del domingo contra Pachuca. Sin embargo, su hospitalizaci\u00f3n genera dudas sobre el papel que podr\u00eda desempe\u00f1ar en el torneo de un mes de duraci\u00f3n en Estados Unidos.\" \/>\n<meta name=\"robots\" content=\"index, follow, max-snippet:-1, max-image-preview:large, max-video-preview:-1\" \/>\n<link rel=\"canonical\" href=\"https:\/\/esbozodeportivo.com\/index.php\/2025\/06\/19\/por-gastroenteritis-hospitalizan-a-mbappe\/\" \/>\n<meta property=\"og:locale\" content=\"es_MX\" \/>\n<meta property=\"og:type\" content=\"article\" \/>\n<meta property=\"og:title\" content=\"Por gastroenteritis, hospitalizan a Mbapp\u00e9 - Esbozo Deportivo\" \/>\n<meta property=\"og:description\" content=\"El entrenador Xabi Alonso expres\u00f3 tras el partido del mi\u00e9rcoles que esperaba que el internacional franc\u00e9s estuviera disponible para el pr\u00f3ximo partido del domingo contra Pachuca. Sin embargo, su hospitalizaci\u00f3n genera dudas sobre el papel que podr\u00eda desempe\u00f1ar en el torneo de un mes de duraci\u00f3n en Estados Unidos.\" \/>\n<meta property=\"og:url\" content=\"https:\/\/esbozodeportivo.com\/index.php\/2025\/06\/19\/por-gastroenteritis-hospitalizan-a-mbappe\/\" \/>\n<meta property=\"og:site_name\" content=\"Esbozo Deportivo\" \/>\n<meta property=\"article:published_time\" content=\"2025-06-20T05:31:17+00:00\" \/>\n<meta property=\"article:modified_time\" content=\"2025-06-20T05:31:18+00:00\" \/>\n<meta property=\"og:image\" content=\"https:\/\/esbozodeportivo.com\/wp-content\/uploads\/2025\/06\/Mundial.png\" \/>\n\t<meta property=\"og:image:width\" content=\"980\" \/>\n\t<meta property=\"og:image:height\" content=\"653\" \/>\n\t<meta property=\"og:image:type\" content=\"image\/png\" \/>\n<meta name=\"author\" content=\"Redacci\u00f3n\" \/>\n<meta name=\"twitter:card\" content=\"summary_large_image\" \/>\n<meta name=\"twitter:label1\" content=\"Escrito por\" \/>\n\t<meta name=\"twitter:data1\" content=\"Redacci\u00f3n\" \/>\n\t<meta name=\"twitter:label2\" content=\"Tiempo de lectura\" \/>\n\t<meta name=\"twitter:data2\" content=\"2 minutos\" \/>\n<script type=\"application\/ld+json\" class=\"yoast-schema-graph\">{\"@context\":\"https:\/\/schema.org\",\"@graph\":[{\"@type\":\"Article\",\"@id\":\"https:\/\/esbozodeportivo.com\/index.php\/2025\/06\/19\/por-gastroenteritis-hospitalizan-a-mbappe\/#article\",\"isPartOf\":{\"@id\":\"https:\/\/esbozodeportivo.com\/index.php\/2025\/06\/19\/por-gastroenteritis-hospitalizan-a-mbappe\/\"},\"author\":{\"name\":\"Redacci\u00f3n\",\"@id\":\"https:\/\/esbozodeportivo.com\/#\/schema\/person\/0f6df9196dfe6740dd0bb31bae50d374\"},\"headline\":\"Por gastroenteritis, hospitalizan a Mbapp\u00e9\",\"datePublished\":\"2025-06-20T05:31:17+00:00\",\"dateModified\":\"2025-06-20T05:31:18+00:00\",\"mainEntityOfPage\":{\"@id\":\"https:\/\/esbozodeportivo.com\/index.php\/2025\/06\/19\/por-gastroenteritis-hospitalizan-a-mbappe\/\"},\"wordCount\":307,\"publisher\":{\"@id\":\"https:\/\/esbozodeportivo.com\/#organization\"},\"image\":{\"@id\":\"https:\/\/esbozodeportivo.com\/index.php\/2025\/06\/19\/por-gastroenteritis-hospitalizan-a-mbappe\/#primaryimage\"},\"thumbnailUrl\":\"https:\/\/esbozodeportivo.com\/wp-content\/uploads\/2025\/06\/Mundial.png\",\"articleSection\":[\"Mundial de Clubes\"],\"inLanguage\":\"es\"},{\"@type\":\"WebPage\",\"@id\":\"https:\/\/esbozodeportivo.com\/index.php\/2025\/06\/19\/por-gastroenteritis-hospitalizan-a-mbappe\/\",\"url\":\"https:\/\/esbozodeportivo.com\/index.php\/2025\/06\/19\/por-gastroenteritis-hospitalizan-a-mbappe\/\",\"name\":\"Por gastroenteritis, hospitalizan a Mbapp\u00e9 - Esbozo Deportivo\",\"isPartOf\":{\"@id\":\"https:\/\/esbozodeportivo.com\/#website\"},\"primaryImageOfPage\":{\"@id\":\"https:\/\/esbozodeportivo.com\/index.php\/2025\/06\/19\/por-gastroenteritis-hospitalizan-a-mbappe\/#primaryimage\"},\"image\":{\"@id\":\"https:\/\/esbozodeportivo.com\/index.php\/2025\/06\/19\/por-gastroenteritis-hospitalizan-a-mbappe\/#primaryimage\"},\"thumbnailUrl\":\"https:\/\/esbozodeportivo.com\/wp-content\/uploads\/2025\/06\/Mundial.png\",\"datePublished\":\"2025-06-20T05:31:17+00:00\",\"dateModified\":\"2025-06-20T05:31:18+00:00\",\"description\":\"El entrenador Xabi Alonso expres\u00f3 tras el partido del mi\u00e9rcoles que esperaba que el internacional franc\u00e9s estuviera disponible para el pr\u00f3ximo partido del domingo contra Pachuca. Sin embargo, su hospitalizaci\u00f3n genera dudas sobre el papel que podr\u00eda desempe\u00f1ar en el torneo de un mes de duraci\u00f3n en Estados Unidos.\",\"breadcrumb\":{\"@id\":\"https:\/\/esbozodeportivo.com\/index.php\/2025\/06\/19\/por-gastroenteritis-hospitalizan-a-mbappe\/#breadcrumb\"},\"inLanguage\":\"es\",\"potentialAction\":[{\"@type\":\"ReadAction\",\"target\":[\"https:\/\/esbozodeportivo.com\/index.php\/2025\/06\/19\/por-gastroenteritis-hospitalizan-a-mbappe\/\"]}]},{\"@type\":\"ImageObject\",\"inLanguage\":\"es\",\"@id\":\"https:\/\/esbozodeportivo.com\/index.php\/2025\/06\/19\/por-gastroenteritis-hospitalizan-a-mbappe\/#primaryimage\",\"url\":\"https:\/\/esbozodeportivo.com\/wp-content\/uploads\/2025\/06\/Mundial.png\",\"contentUrl\":\"https:\/\/esbozodeportivo.com\/wp-content\/uploads\/2025\/06\/Mundial.png\",\"width\":980,\"height\":653},{\"@type\":\"BreadcrumbList\",\"@id\":\"https:\/\/esbozodeportivo.com\/index.php\/2025\/06\/19\/por-gastroenteritis-hospitalizan-a-mbappe\/#breadcrumb\",\"itemListElement\":[{\"@type\":\"ListItem\",\"position\":1,\"name\":\"Inicio\",\"item\":\"https:\/\/esbozodeportivo.com\/\"},{\"@type\":\"ListItem\",\"position\":2,\"name\":\"Por gastroenteritis, hospitalizan a Mbapp\u00e9\"}]},{\"@type\":\"WebSite\",\"@id\":\"https:\/\/esbozodeportivo.com\/#website\",\"url\":\"https:\/\/esbozodeportivo.com\/\",\"name\":\"Esbozo Deportivo\",\"description\":\"Lo m\u00e1s importante del Deporte\",\"publisher\":{\"@id\":\"https:\/\/esbozodeportivo.com\/#organization\"},\"potentialAction\":[{\"@type\":\"SearchAction\",\"target\":{\"@type\":\"EntryPoint\",\"urlTemplate\":\"https:\/\/esbozodeportivo.com\/?s={search_term_string}\"},\"query-input\":{\"@type\":\"PropertyValueSpecification\",\"valueRequired\":true,\"valueName\":\"search_term_string\"}}],\"inLanguage\":\"es\"},{\"@type\":\"Organization\",\"@id\":\"https:\/\/esbozodeportivo.com\/#organization\",\"name\":\"Esbozo Deportivo\",\"url\":\"https:\/\/esbozodeportivo.com\/\",\"logo\":{\"@type\":\"ImageObject\",\"inLanguage\":\"es\",\"@id\":\"https:\/\/esbozodeportivo.com\/#\/schema\/logo\/image\/\",\"url\":\"https:\/\/esbozodeportivo.com\/wp-content\/uploads\/2022\/08\/cropped-Logo-Esbozo-Web-2.png\",\"contentUrl\":\"https:\/\/esbozodeportivo.com\/wp-content\/uploads\/2022\/08\/cropped-Logo-Esbozo-Web-2.png\",\"width\":180,\"height\":50,\"caption\":\"Esbozo Deportivo\"},\"image\":{\"@id\":\"https:\/\/esbozodeportivo.com\/#\/schema\/logo\/image\/\"}},{\"@type\":\"Person\",\"@id\":\"https:\/\/esbozodeportivo.com\/#\/schema\/person\/0f6df9196dfe6740dd0bb31bae50d374\",\"name\":\"Redacci\u00f3n\",\"image\":{\"@type\":\"ImageObject\",\"inLanguage\":\"es\",\"@id\":\"https:\/\/esbozodeportivo.com\/#\/schema\/person\/image\/\",\"url\":\"https:\/\/secure.gravatar.com\/avatar\/f55268a89c3b418f2ef172ff52ab0d09b3e653c58de29539fe329fb93d78ebf3?s=96&d=mm&r=g\",\"contentUrl\":\"https:\/\/secure.gravatar.com\/avatar\/f55268a89c3b418f2ef172ff52ab0d09b3e653c58de29539fe329fb93d78ebf3?s=96&d=mm&r=g\",\"caption\":\"Redacci\u00f3n\"},\"url\":\"https:\/\/esbozodeportivo.com\/index.php\/author\/redaccion\/\"}]}<\/script>\n<!-- \/ Yoast SEO plugin. -->","yoast_head_json":{"title":"Por gastroenteritis, hospitalizan a Mbapp\u00e9 - Esbozo Deportivo","description":"El entrenador Xabi Alonso expres\u00f3 tras el partido del mi\u00e9rcoles que esperaba que el internacional franc\u00e9s estuviera disponible para el pr\u00f3ximo partido del domingo contra Pachuca. Sin embargo, su hospitalizaci\u00f3n genera dudas sobre el papel que podr\u00eda desempe\u00f1ar en el torneo de un mes de duraci\u00f3n en Estados Unidos.","robots":{"index":"index","follow":"follow","max-snippet":"max-snippet:-1","max-image-preview":"max-image-preview:large","max-video-preview":"max-video-preview:-1"},"canonical":"https:\/\/esbozodeportivo.com\/index.php\/2025\/06\/19\/por-gastroenteritis-hospitalizan-a-mbappe\/","og_locale":"es_MX","og_type":"article","og_title":"Por gastroenteritis, hospitalizan a Mbapp\u00e9 - Esbozo Deportivo","og_description":"El entrenador Xabi Alonso expres\u00f3 tras el partido del mi\u00e9rcoles que esperaba que el internacional franc\u00e9s estuviera disponible para el pr\u00f3ximo partido del domingo contra Pachuca. Sin embargo, su hospitalizaci\u00f3n genera dudas sobre el papel que podr\u00eda desempe\u00f1ar en el torneo de un mes de duraci\u00f3n en Estados Unidos.","og_url":"https:\/\/esbozodeportivo.com\/index.php\/2025\/06\/19\/por-gastroenteritis-hospitalizan-a-mbappe\/","og_site_name":"Esbozo Deportivo","article_published_time":"2025-06-20T05:31:17+00:00","article_modified_time":"2025-06-20T05:31:18+00:00","og_image":[{"width":980,"height":653,"url":"https:\/\/esbozodeportivo.com\/wp-content\/uploads\/2025\/06\/Mundial.png","type":"image\/png"}],"author":"Redacci\u00f3n","twitter_card":"summary_large_image","twitter_misc":{"Escrito por":"Redacci\u00f3n","Tiempo de lectura":"2 minutos"},"schema":{"@context":"https:\/\/schema.org","@graph":[{"@type":"Article","@id":"https:\/\/esbozodeportivo.com\/index.php\/2025\/06\/19\/por-gastroenteritis-hospitalizan-a-mbappe\/#article","isPartOf":{"@id":"https:\/\/esbozodeportivo.com\/index.php\/2025\/06\/19\/por-gastroenteritis-hospitalizan-a-mbappe\/"},"author":{"name":"Redacci\u00f3n","@id":"https:\/\/esbozodeportivo.com\/#\/schema\/person\/0f6df9196dfe6740dd0bb31bae50d374"},"headline":"Por gastroenteritis, hospitalizan a Mbapp\u00e9","datePublished":"2025-06-20T05:31:17+00:00","dateModified":"2025-06-20T05:31:18+00:00","mainEntityOfPage":{"@id":"https:\/\/esbozodeportivo.com\/index.php\/2025\/06\/19\/por-gastroenteritis-hospitalizan-a-mbappe\/"},"wordCount":307,"publisher":{"@id":"https:\/\/esbozodeportivo.com\/#organization"},"image":{"@id":"https:\/\/esbozodeportivo.com\/index.php\/2025\/06\/19\/por-gastroenteritis-hospitalizan-a-mbappe\/#primaryimage"},"thumbnailUrl":"https:\/\/esbozodeportivo.com\/wp-content\/uploads\/2025\/06\/Mundial.png","articleSection":["Mundial de Clubes"],"inLanguage":"es"},{"@type":"WebPage","@id":"https:\/\/esbozodeportivo.com\/index.php\/2025\/06\/19\/por-gastroenteritis-hospitalizan-a-mbappe\/","url":"https:\/\/esbozodeportivo.com\/index.php\/2025\/06\/19\/por-gastroenteritis-hospitalizan-a-mbappe\/","name":"Por gastroenteritis, hospitalizan a Mbapp\u00e9 - Esbozo Deportivo","isPartOf":{"@id":"https:\/\/esbozodeportivo.com\/#website"},"primaryImageOfPage":{"@id":"https:\/\/esbozodeportivo.com\/index.php\/2025\/06\/19\/por-gastroenteritis-hospitalizan-a-mbappe\/#primaryimage"},"image":{"@id":"https:\/\/esbozodeportivo.com\/index.php\/2025\/06\/19\/por-gastroenteritis-hospitalizan-a-mbappe\/#primaryimage"},"thumbnailUrl":"https:\/\/esbozodeportivo.com\/wp-content\/uploads\/2025\/06\/Mundial.png","datePublished":"2025-06-20T05:31:17+00:00","dateModified":"2025-06-20T05:31:18+00:00","description":"El entrenador Xabi Alonso expres\u00f3 tras el partido del mi\u00e9rcoles que esperaba que el internacional franc\u00e9s estuviera disponible para el pr\u00f3ximo partido del domingo contra Pachuca. Sin embargo, su hospitalizaci\u00f3n genera dudas sobre el papel que podr\u00eda desempe\u00f1ar en el torneo de un mes de duraci\u00f3n en Estados Unidos.","breadcrumb":{"@id":"https:\/\/esbozodeportivo.com\/index.php\/2025\/06\/19\/por-gastroenteritis-hospitalizan-a-mbappe\/#breadcrumb"},"inLanguage":"es","potentialAction":[{"@type":"ReadAction","target":["https:\/\/esbozodeportivo.com\/index.php\/2025\/06\/19\/por-gastroenteritis-hospitalizan-a-mbappe\/"]}]},{"@type":"ImageObject","inLanguage":"es","@id":"https:\/\/esbozodeportivo.com\/index.php\/2025\/06\/19\/por-gastroenteritis-hospitalizan-a-mbappe\/#primaryimage","url":"https:\/\/esbozodeportivo.com\/wp-content\/uploads\/2025\/06\/Mundial.png","contentUrl":"https:\/\/esbozodeportivo.com\/wp-content\/uploads\/2025\/06\/Mundial.png","width":980,"height":653},{"@type":"BreadcrumbList","@id":"https:\/\/esbozodeportivo.com\/index.php\/2025\/06\/19\/por-gastroenteritis-hospitalizan-a-mbappe\/#breadcrumb","itemListElement":[{"@type":"ListItem","position":1,"name":"Inicio","item":"https:\/\/esbozodeportivo.com\/"},{"@type":"ListItem","position":2,"name":"Por gastroenteritis, hospitalizan a Mbapp\u00e9"}]},{"@type":"WebSite","@id":"https:\/\/esbozodeportivo.com\/#website","url":"https:\/\/esbozodeportivo.com\/","name":"Esbozo Deportivo","description":"Lo m\u00e1s importante del Deporte","publisher":{"@id":"https:\/\/esbozodeportivo.com\/#organization"},"potentialAction":[{"@type":"SearchAction","target":{"@type":"EntryPoint","urlTemplate":"https:\/\/esbozodeportivo.com\/?s={search_term_string}"},"query-input":{"@type":"PropertyValueSpecification","valueRequired":true,"valueName":"search_term_string"}}],"inLanguage":"es"},{"@type":"Organization","@id":"https:\/\/esbozodeportivo.com\/#organization","name":"Esbozo Deportivo","url":"https:\/\/esbozodeportivo.com\/","logo":{"@type":"ImageObject","inLanguage":"es","@id":"https:\/\/esbozodeportivo.com\/#\/schema\/logo\/image\/","url":"https:\/\/esbozodeportivo.com\/wp-content\/uploads\/2022\/08\/cropped-Logo-Esbozo-Web-2.png","contentUrl":"https:\/\/esbozodeportivo.com\/wp-content\/uploads\/2022\/08\/cropped-Logo-Esbozo-Web-2.png","width":180,"height":50,"caption":"Esbozo Deportivo"},"image":{"@id":"https:\/\/esbozodeportivo.com\/#\/schema\/logo\/image\/"}},{"@type":"Person","@id":"https:\/\/esbozodeportivo.com\/#\/schema\/person\/0f6df9196dfe6740dd0bb31bae50d374","name":"Redacci\u00f3n","image":{"@type":"ImageObject","inLanguage":"es","@id":"https:\/\/esbozodeportivo.com\/#\/schema\/person\/image\/","url":"https:\/\/secure.gravatar.com\/avatar\/f55268a89c3b418f2ef172ff52ab0d09b3e653c58de29539fe329fb93d78ebf3?s=96&d=mm&r=g","contentUrl":"https:\/\/secure.gravatar.com\/avatar\/f55268a89c3b418f2ef172ff52ab0d09b3e653c58de29539fe329fb93d78ebf3?s=96&d=mm&r=g","caption":"Redacci\u00f3n"},"url":"https:\/\/esbozodeportivo.com\/index.php\/author\/redaccion\/"}]}},"jetpack_featured_media_url":"https:\/\/esbozodeportivo.com\/wp-content\/uploads\/2025\/06\/Mundial.png","jetpack_sharing_enabled":true,"_links":{"self":[{"href":"https:\/\/esbozodeportivo.com\/index.php\/wp-json\/wp\/v2\/posts\/8039","targetHints":{"allow":["GET"]}}],"collection":[{"href":"https:\/\/esbozodeportivo.com\/index.php\/wp-json\/wp\/v2\/posts"}],"about":[{"href":"https:\/\/esbozodeportivo.com\/index.php\/wp-json\/wp\/v2\/types\/post"}],"author":[{"embeddable":true,"href":"https:\/\/esbozodeportivo.com\/index.php\/wp-json\/wp\/v2\/users\/4"}],"replies":[{"embeddable":true,"href":"https:\/\/esbozodeportivo.com\/index.php\/wp-json\/wp\/v2\/comments?post=8039"}],"version-history":[{"count":1,"href":"https:\/\/esbozodeportivo.com\/index.php\/wp-json\/wp\/v2\/posts\/8039\/revisions"}],"predecessor-version":[{"id":8052,"href":"https:\/\/esbozodeportivo.com\/index.php\/wp-json\/wp\/v2\/posts\/8039\/revisions\/8052"}],"wp:featuredmedia":[{"embeddable":true,"href":"https:\/\/esbozodeportivo.com\/index.php\/wp-json\/wp\/v2\/media\/8046"}],"wp:attachment":[{"href":"https:\/\/esbozodeportivo.com\/index.php\/wp-json\/wp\/v2\/media?parent=8039"}],"wp:term":[{"taxonomy":"category","embeddable":true,"href":"https:\/\/esbozodeportivo.com\/index.php\/wp-json\/wp\/v2\/categories?post=8039"},{"taxonomy":"post_tag","embeddable":true,"href":"https:\/\/esbozodeportivo.com\/index.php\/wp-json\/wp\/v2\/tags?post=8039"}],"curies":[{"name":"wp","href":"https:\/\/api.w.org\/{rel}","templated":true}]}}