{"id":83,"date":"2022-08-06T05:30:34","date_gmt":"2022-08-06T05:30:34","guid":{"rendered":"https:\/\/esbozodeportivo.com\/?p=83"},"modified":"2022-08-09T01:30:47","modified_gmt":"2022-08-09T01:30:47","slug":"oro-para-mexico-en-10-mil-metros-en-el-mundial-de-atletismo","status":"publish","type":"post","link":"https:\/\/esbozodeportivo.com\/index.php\/2022\/08\/06\/oro-para-mexico-en-10-mil-metros-en-el-mundial-de-atletismo\/","title":{"rendered":"Oro para M\u00e9xico en 10 mil metros en el Mundial de Atletismo"},"content":{"rendered":"<p>(CONADE).- La primera medalla para M\u00e9xico en el Campeonato Mundial de Atletismo Sub-20 Cali 2022 lleg\u00f3 este viernes por la v\u00eda de Karla Ximena Serrano Olivares, quien conquist\u00f3 la presea de oro en la prueba 10 mil metros marcha femenil tras cronometrar un tiempo de 46:24.35, lo que signific\u00f3 su mejor marca personal.<\/p>\n<p>Serrano Olivares, atleta michoacana y pupila del entrenador Ignacio Zamudio Cruz, protagoniz\u00f3 un final muy cerrado al arrebatarle la cima del podio a Ai Ooyama en los \u00faltimos metros del recorrido, pues con una diferencia de nueve cent\u00e9simas, la japonesa se qued\u00f3 con la plata al finalizar en 46:24.44, mientras que el podio lo complet\u00f3 la japonesa Ayane Yanai con 46:43.07.<\/p>\n<style>\/*! elementor - v3.6.8 - 27-07-2022 *\/\n.elementor-widget-image{text-align:center}.elementor-widget-image a{display:inline-block}.elementor-widget-image a img[src$=\".svg\"]{width:48px}.elementor-widget-image img{vertical-align:middle;display:inline-block}<\/style>\n<p>\t\t\t\t\t\t\t\t\t\t\t\t<img decoding=\"async\" width=\"640\" height=\"374\" src=\"https:\/\/esbozodeportivo.com\/wp-content\/uploads\/2022\/08\/Oro-Mexico1.jpeg\" alt=\"\" loading=\"lazy\" srcset=\"https:\/\/esbozodeportivo.com\/wp-content\/uploads\/2022\/08\/Oro-Mexico1.jpeg 742w, https:\/\/esbozodeportivo.com\/wp-content\/uploads\/2022\/08\/Oro-Mexico1-300x175.jpeg 300w\" sizes=\"auto, (max-width: 640px) 100vw, 640px\" \/>\t\t\t\t\t\t\t\t\t\t\t\t\t\t\t<\/p>\n<p>\u201cSent\u00ed que nos pod\u00edan alcanzar m\u00e1s competidoras, jal\u00e9 y al final de alg\u00fan lugar sali\u00f3 ese cierre; estoy muy feliz, es algo que tiene mi equipo que hace que seamos unas campeonas, cada uno tiene su actitud y al igual que todos siempre queremos ganar, en M\u00e9xico estamos acostumbrados y venir a otro lugar, es mucho m\u00e1s orgullo cargar con todo el pa\u00eds apoy\u00e1ndonos\u201d, destac\u00f3 en entrevista con la Federaci\u00f3n Mexicana de Asociaciones de Atletismo (FMAA).<\/p>\n<p>Para Ximena Serrano, de 18 a\u00f1os, el Mundial de Cali 2022 signific\u00f3 su primera aparici\u00f3n en un certamen de esta magnitud, donde figur\u00f3 como una fuerte contendiente ante las asi\u00e1ticas que lideraban la prueba que se disput\u00f3 en el Estadio Pascual Guerrero y la cual reuni\u00f3 a 41 atletas.<\/p>\n<p>\t\t\t\t\t\t\t\t\t\t\t\t\t\t\t<img decoding=\"async\" width=\"640\" height=\"375\" src=\"https:\/\/esbozodeportivo.com\/wp-content\/uploads\/2022\/08\/Oro-Mexico.jpeg\" alt=\"\" loading=\"lazy\" srcset=\"https:\/\/esbozodeportivo.com\/wp-content\/uploads\/2022\/08\/Oro-Mexico.jpeg 831w, https:\/\/esbozodeportivo.com\/wp-content\/uploads\/2022\/08\/Oro-Mexico-300x176.jpeg 300w, https:\/\/esbozodeportivo.com\/wp-content\/uploads\/2022\/08\/Oro-Mexico-768x450.jpeg 768w\" sizes=\"auto, (max-width: 640px) 100vw, 640px\" \/>\t\t\t\t\t\t\t\t\t\t\t\t\t\t\t<\/p>\n<p>La marchista se convierte en la tercera campeona mundial juvenil que M\u00e9xico tiene de manera consecutiva bajo la direcci\u00f3n del entrenador Zamudio Cruz, tras lo logrado por Sof\u00eda Ramos en Nairobi 2021 y Alegna Gonz\u00e1lez en Tampere 2018.<\/p>\n<p>\t\t\t\t\t\t\t\t\t\t\t\t\t\t\t<img decoding=\"async\" width=\"640\" height=\"406\" src=\"https:\/\/esbozodeportivo.com\/wp-content\/uploads\/2022\/08\/Oro-Mexico2.jpeg\" alt=\"\" loading=\"lazy\" srcset=\"https:\/\/esbozodeportivo.com\/wp-content\/uploads\/2022\/08\/Oro-Mexico2.jpeg 945w, https:\/\/esbozodeportivo.com\/wp-content\/uploads\/2022\/08\/Oro-Mexico2-300x190.jpeg 300w, https:\/\/esbozodeportivo.com\/wp-content\/uploads\/2022\/08\/Oro-Mexico2-768x488.jpeg 768w\" sizes=\"auto, (max-width: 640px) 100vw, 640px\" \/>\t\t\t\t\t\t\t\t\t\t\t\t\t\t\t<\/p>\n<p>(Fotos: CONADE)<\/p>\n","protected":false},"excerpt":{"rendered":"<p>(CONADE).- La primera medalla para M\u00e9xico en el Campeonato Mundial de Atletismo Sub-20 Cali 2022<\/p>\n","protected":false},"author":2,"featured_media":0,"comment_status":"open","ping_status":"open","sticky":false,"template":"","format":"standard","meta":{"_jetpack_memberships_contains_paid_content":false,"footnotes":""},"categories":[5,1],"tags":[],"class_list":["post-83","post","type-post","status-publish","format-standard","hentry","category-amateur","category-uncategorized"],"yoast_head":"<!-- This site is optimized with the Yoast SEO plugin v25.7 - https:\/\/yoast.com\/wordpress\/plugins\/seo\/ -->\n<title>Oro para M\u00e9xico en 10 mil metros en el Mundial de Atletismo - Esbozo Deportivo<\/title>\n<meta name=\"robots\" content=\"index, follow, max-snippet:-1, max-image-preview:large, max-video-preview:-1\" \/>\n<link rel=\"canonical\" href=\"https:\/\/esbozodeportivo.com\/index.php\/2022\/08\/06\/oro-para-mexico-en-10-mil-metros-en-el-mundial-de-atletismo\/\" \/>\n<meta property=\"og:locale\" content=\"es_MX\" \/>\n<meta property=\"og:type\" content=\"article\" \/>\n<meta property=\"og:title\" content=\"Oro para M\u00e9xico en 10 mil metros en el Mundial de Atletismo - Esbozo Deportivo\" \/>\n<meta property=\"og:description\" content=\"(CONADE).- La primera medalla para M\u00e9xico en el Campeonato Mundial de Atletismo Sub-20 Cali 2022\" \/>\n<meta property=\"og:url\" content=\"https:\/\/esbozodeportivo.com\/index.php\/2022\/08\/06\/oro-para-mexico-en-10-mil-metros-en-el-mundial-de-atletismo\/\" \/>\n<meta property=\"og:site_name\" content=\"Esbozo Deportivo\" \/>\n<meta property=\"article:published_time\" content=\"2022-08-06T05:30:34+00:00\" \/>\n<meta property=\"article:modified_time\" content=\"2022-08-09T01:30:47+00:00\" \/>\n<meta property=\"og:image\" content=\"https:\/\/esbozodeportivo.com\/wp-content\/uploads\/2022\/08\/Oro-Mexico1.jpeg\" \/>\n<meta name=\"author\" content=\"Javier De La Cruz\" \/>\n<meta name=\"twitter:card\" content=\"summary_large_image\" \/>\n<meta name=\"twitter:label1\" content=\"Escrito por\" \/>\n\t<meta name=\"twitter:data1\" content=\"Javier De La Cruz\" \/>\n\t<meta name=\"twitter:label2\" content=\"Tiempo de lectura\" \/>\n\t<meta name=\"twitter:data2\" content=\"1 minuto\" \/>\n<script type=\"application\/ld+json\" class=\"yoast-schema-graph\">{\"@context\":\"https:\/\/schema.org\",\"@graph\":[{\"@type\":\"Article\",\"@id\":\"https:\/\/esbozodeportivo.com\/index.php\/2022\/08\/06\/oro-para-mexico-en-10-mil-metros-en-el-mundial-de-atletismo\/#article\",\"isPartOf\":{\"@id\":\"https:\/\/esbozodeportivo.com\/index.php\/2022\/08\/06\/oro-para-mexico-en-10-mil-metros-en-el-mundial-de-atletismo\/\"},\"author\":{\"name\":\"Javier De La Cruz\",\"@id\":\"https:\/\/esbozodeportivo.com\/#\/schema\/person\/7277119c98823aec37bbb84e125efd44\"},\"headline\":\"Oro para M\u00e9xico en 10 mil metros en el Mundial de Atletismo\",\"datePublished\":\"2022-08-06T05:30:34+00:00\",\"dateModified\":\"2022-08-09T01:30:47+00:00\",\"mainEntityOfPage\":{\"@id\":\"https:\/\/esbozodeportivo.com\/index.php\/2022\/08\/06\/oro-para-mexico-en-10-mil-metros-en-el-mundial-de-atletismo\/\"},\"wordCount\":300,\"commentCount\":0,\"publisher\":{\"@id\":\"https:\/\/esbozodeportivo.com\/#organization\"},\"image\":{\"@id\":\"https:\/\/esbozodeportivo.com\/index.php\/2022\/08\/06\/oro-para-mexico-en-10-mil-metros-en-el-mundial-de-atletismo\/#primaryimage\"},\"thumbnailUrl\":\"https:\/\/esbozodeportivo.com\/wp-content\/uploads\/2022\/08\/Oro-Mexico1.jpeg\",\"articleSection\":[\"Amateur\",\"Uncategorized\"],\"inLanguage\":\"es\",\"potentialAction\":[{\"@type\":\"CommentAction\",\"name\":\"Comment\",\"target\":[\"https:\/\/esbozodeportivo.com\/index.php\/2022\/08\/06\/oro-para-mexico-en-10-mil-metros-en-el-mundial-de-atletismo\/#respond\"]}]},{\"@type\":\"WebPage\",\"@id\":\"https:\/\/esbozodeportivo.com\/index.php\/2022\/08\/06\/oro-para-mexico-en-10-mil-metros-en-el-mundial-de-atletismo\/\",\"url\":\"https:\/\/esbozodeportivo.com\/index.php\/2022\/08\/06\/oro-para-mexico-en-10-mil-metros-en-el-mundial-de-atletismo\/\",\"name\":\"Oro para M\u00e9xico en 10 mil metros en el Mundial de Atletismo - Esbozo Deportivo\",\"isPartOf\":{\"@id\":\"https:\/\/esbozodeportivo.com\/#website\"},\"primaryImageOfPage\":{\"@id\":\"https:\/\/esbozodeportivo.com\/index.php\/2022\/08\/06\/oro-para-mexico-en-10-mil-metros-en-el-mundial-de-atletismo\/#primaryimage\"},\"image\":{\"@id\":\"https:\/\/esbozodeportivo.com\/index.php\/2022\/08\/06\/oro-para-mexico-en-10-mil-metros-en-el-mundial-de-atletismo\/#primaryimage\"},\"thumbnailUrl\":\"https:\/\/esbozodeportivo.com\/wp-content\/uploads\/2022\/08\/Oro-Mexico1.jpeg\",\"datePublished\":\"2022-08-06T05:30:34+00:00\",\"dateModified\":\"2022-08-09T01:30:47+00:00\",\"breadcrumb\":{\"@id\":\"https:\/\/esbozodeportivo.com\/index.php\/2022\/08\/06\/oro-para-mexico-en-10-mil-metros-en-el-mundial-de-atletismo\/#breadcrumb\"},\"inLanguage\":\"es\",\"potentialAction\":[{\"@type\":\"ReadAction\",\"target\":[\"https:\/\/esbozodeportivo.com\/index.php\/2022\/08\/06\/oro-para-mexico-en-10-mil-metros-en-el-mundial-de-atletismo\/\"]}]},{\"@type\":\"ImageObject\",\"inLanguage\":\"es\",\"@id\":\"https:\/\/esbozodeportivo.com\/index.php\/2022\/08\/06\/oro-para-mexico-en-10-mil-metros-en-el-mundial-de-atletismo\/#primaryimage\",\"url\":\"https:\/\/esbozodeportivo.com\/wp-content\/uploads\/2022\/08\/Oro-Mexico1.jpeg\",\"contentUrl\":\"https:\/\/esbozodeportivo.com\/wp-content\/uploads\/2022\/08\/Oro-Mexico1.jpeg\",\"width\":742,\"height\":434},{\"@type\":\"BreadcrumbList\",\"@id\":\"https:\/\/esbozodeportivo.com\/index.php\/2022\/08\/06\/oro-para-mexico-en-10-mil-metros-en-el-mundial-de-atletismo\/#breadcrumb\",\"itemListElement\":[{\"@type\":\"ListItem\",\"position\":1,\"name\":\"Inicio\",\"item\":\"https:\/\/esbozodeportivo.com\/\"},{\"@type\":\"ListItem\",\"position\":2,\"name\":\"Oro para M\u00e9xico en 10 mil metros en el Mundial de Atletismo\"}]},{\"@type\":\"WebSite\",\"@id\":\"https:\/\/esbozodeportivo.com\/#website\",\"url\":\"https:\/\/esbozodeportivo.com\/\",\"name\":\"Esbozo Deportivo\",\"description\":\"Lo m\u00e1s importante del Deporte\",\"publisher\":{\"@id\":\"https:\/\/esbozodeportivo.com\/#organization\"},\"potentialAction\":[{\"@type\":\"SearchAction\",\"target\":{\"@type\":\"EntryPoint\",\"urlTemplate\":\"https:\/\/esbozodeportivo.com\/?s={search_term_string}\"},\"query-input\":{\"@type\":\"PropertyValueSpecification\",\"valueRequired\":true,\"valueName\":\"search_term_string\"}}],\"inLanguage\":\"es\"},{\"@type\":\"Organization\",\"@id\":\"https:\/\/esbozodeportivo.com\/#organization\",\"name\":\"Esbozo Deportivo\",\"url\":\"https:\/\/esbozodeportivo.com\/\",\"logo\":{\"@type\":\"ImageObject\",\"inLanguage\":\"es\",\"@id\":\"https:\/\/esbozodeportivo.com\/#\/schema\/logo\/image\/\",\"url\":\"https:\/\/esbozodeportivo.com\/wp-content\/uploads\/2022\/08\/cropped-Logo-Esbozo-Web-2.png\",\"contentUrl\":\"https:\/\/esbozodeportivo.com\/wp-content\/uploads\/2022\/08\/cropped-Logo-Esbozo-Web-2.png\",\"width\":180,\"height\":50,\"caption\":\"Esbozo Deportivo\"},\"image\":{\"@id\":\"https:\/\/esbozodeportivo.com\/#\/schema\/logo\/image\/\"}},{\"@type\":\"Person\",\"@id\":\"https:\/\/esbozodeportivo.com\/#\/schema\/person\/7277119c98823aec37bbb84e125efd44\",\"name\":\"Javier De La Cruz\",\"image\":{\"@type\":\"ImageObject\",\"inLanguage\":\"es\",\"@id\":\"https:\/\/esbozodeportivo.com\/#\/schema\/person\/image\/\",\"url\":\"https:\/\/secure.gravatar.com\/avatar\/366235a56d20f1a6e8e3d0b295897639357bea880470ddf261d17bb0bc052eb1?s=96&d=mm&r=g\",\"contentUrl\":\"https:\/\/secure.gravatar.com\/avatar\/366235a56d20f1a6e8e3d0b295897639357bea880470ddf261d17bb0bc052eb1?s=96&d=mm&r=g\",\"caption\":\"Javier De La Cruz\"},\"url\":\"https:\/\/esbozodeportivo.com\/index.php\/author\/javier-de-la-cruz-de-la-cruz\/\"}]}<\/script>\n<!-- \/ Yoast SEO plugin. -->","yoast_head_json":{"title":"Oro para M\u00e9xico en 10 mil metros en el Mundial de Atletismo - Esbozo Deportivo","robots":{"index":"index","follow":"follow","max-snippet":"max-snippet:-1","max-image-preview":"max-image-preview:large","max-video-preview":"max-video-preview:-1"},"canonical":"https:\/\/esbozodeportivo.com\/index.php\/2022\/08\/06\/oro-para-mexico-en-10-mil-metros-en-el-mundial-de-atletismo\/","og_locale":"es_MX","og_type":"article","og_title":"Oro para M\u00e9xico en 10 mil metros en el Mundial de Atletismo - Esbozo Deportivo","og_description":"(CONADE).- La primera medalla para M\u00e9xico en el Campeonato Mundial de Atletismo Sub-20 Cali 2022","og_url":"https:\/\/esbozodeportivo.com\/index.php\/2022\/08\/06\/oro-para-mexico-en-10-mil-metros-en-el-mundial-de-atletismo\/","og_site_name":"Esbozo Deportivo","article_published_time":"2022-08-06T05:30:34+00:00","article_modified_time":"2022-08-09T01:30:47+00:00","og_image":[{"url":"https:\/\/esbozodeportivo.com\/wp-content\/uploads\/2022\/08\/Oro-Mexico1.jpeg","type":"","width":"","height":""}],"author":"Javier De La Cruz","twitter_card":"summary_large_image","twitter_misc":{"Escrito por":"Javier De La Cruz","Tiempo de lectura":"1 minuto"},"schema":{"@context":"https:\/\/schema.org","@graph":[{"@type":"Article","@id":"https:\/\/esbozodeportivo.com\/index.php\/2022\/08\/06\/oro-para-mexico-en-10-mil-metros-en-el-mundial-de-atletismo\/#article","isPartOf":{"@id":"https:\/\/esbozodeportivo.com\/index.php\/2022\/08\/06\/oro-para-mexico-en-10-mil-metros-en-el-mundial-de-atletismo\/"},"author":{"name":"Javier De La Cruz","@id":"https:\/\/esbozodeportivo.com\/#\/schema\/person\/7277119c98823aec37bbb84e125efd44"},"headline":"Oro para M\u00e9xico en 10 mil metros en el Mundial de Atletismo","datePublished":"2022-08-06T05:30:34+00:00","dateModified":"2022-08-09T01:30:47+00:00","mainEntityOfPage":{"@id":"https:\/\/esbozodeportivo.com\/index.php\/2022\/08\/06\/oro-para-mexico-en-10-mil-metros-en-el-mundial-de-atletismo\/"},"wordCount":300,"commentCount":0,"publisher":{"@id":"https:\/\/esbozodeportivo.com\/#organization"},"image":{"@id":"https:\/\/esbozodeportivo.com\/index.php\/2022\/08\/06\/oro-para-mexico-en-10-mil-metros-en-el-mundial-de-atletismo\/#primaryimage"},"thumbnailUrl":"https:\/\/esbozodeportivo.com\/wp-content\/uploads\/2022\/08\/Oro-Mexico1.jpeg","articleSection":["Amateur","Uncategorized"],"inLanguage":"es","potentialAction":[{"@type":"CommentAction","name":"Comment","target":["https:\/\/esbozodeportivo.com\/index.php\/2022\/08\/06\/oro-para-mexico-en-10-mil-metros-en-el-mundial-de-atletismo\/#respond"]}]},{"@type":"WebPage","@id":"https:\/\/esbozodeportivo.com\/index.php\/2022\/08\/06\/oro-para-mexico-en-10-mil-metros-en-el-mundial-de-atletismo\/","url":"https:\/\/esbozodeportivo.com\/index.php\/2022\/08\/06\/oro-para-mexico-en-10-mil-metros-en-el-mundial-de-atletismo\/","name":"Oro para M\u00e9xico en 10 mil metros en el Mundial de Atletismo - Esbozo Deportivo","isPartOf":{"@id":"https:\/\/esbozodeportivo.com\/#website"},"primaryImageOfPage":{"@id":"https:\/\/esbozodeportivo.com\/index.php\/2022\/08\/06\/oro-para-mexico-en-10-mil-metros-en-el-mundial-de-atletismo\/#primaryimage"},"image":{"@id":"https:\/\/esbozodeportivo.com\/index.php\/2022\/08\/06\/oro-para-mexico-en-10-mil-metros-en-el-mundial-de-atletismo\/#primaryimage"},"thumbnailUrl":"https:\/\/esbozodeportivo.com\/wp-content\/uploads\/2022\/08\/Oro-Mexico1.jpeg","datePublished":"2022-08-06T05:30:34+00:00","dateModified":"2022-08-09T01:30:47+00:00","breadcrumb":{"@id":"https:\/\/esbozodeportivo.com\/index.php\/2022\/08\/06\/oro-para-mexico-en-10-mil-metros-en-el-mundial-de-atletismo\/#breadcrumb"},"inLanguage":"es","potentialAction":[{"@type":"ReadAction","target":["https:\/\/esbozodeportivo.com\/index.php\/2022\/08\/06\/oro-para-mexico-en-10-mil-metros-en-el-mundial-de-atletismo\/"]}]},{"@type":"ImageObject","inLanguage":"es","@id":"https:\/\/esbozodeportivo.com\/index.php\/2022\/08\/06\/oro-para-mexico-en-10-mil-metros-en-el-mundial-de-atletismo\/#primaryimage","url":"https:\/\/esbozodeportivo.com\/wp-content\/uploads\/2022\/08\/Oro-Mexico1.jpeg","contentUrl":"https:\/\/esbozodeportivo.com\/wp-content\/uploads\/2022\/08\/Oro-Mexico1.jpeg","width":742,"height":434},{"@type":"BreadcrumbList","@id":"https:\/\/esbozodeportivo.com\/index.php\/2022\/08\/06\/oro-para-mexico-en-10-mil-metros-en-el-mundial-de-atletismo\/#breadcrumb","itemListElement":[{"@type":"ListItem","position":1,"name":"Inicio","item":"https:\/\/esbozodeportivo.com\/"},{"@type":"ListItem","position":2,"name":"Oro para M\u00e9xico en 10 mil metros en el Mundial de Atletismo"}]},{"@type":"WebSite","@id":"https:\/\/esbozodeportivo.com\/#website","url":"https:\/\/esbozodeportivo.com\/","name":"Esbozo Deportivo","description":"Lo m\u00e1s importante del Deporte","publisher":{"@id":"https:\/\/esbozodeportivo.com\/#organization"},"potentialAction":[{"@type":"SearchAction","target":{"@type":"EntryPoint","urlTemplate":"https:\/\/esbozodeportivo.com\/?s={search_term_string}"},"query-input":{"@type":"PropertyValueSpecification","valueRequired":true,"valueName":"search_term_string"}}],"inLanguage":"es"},{"@type":"Organization","@id":"https:\/\/esbozodeportivo.com\/#organization","name":"Esbozo Deportivo","url":"https:\/\/esbozodeportivo.com\/","logo":{"@type":"ImageObject","inLanguage":"es","@id":"https:\/\/esbozodeportivo.com\/#\/schema\/logo\/image\/","url":"https:\/\/esbozodeportivo.com\/wp-content\/uploads\/2022\/08\/cropped-Logo-Esbozo-Web-2.png","contentUrl":"https:\/\/esbozodeportivo.com\/wp-content\/uploads\/2022\/08\/cropped-Logo-Esbozo-Web-2.png","width":180,"height":50,"caption":"Esbozo Deportivo"},"image":{"@id":"https:\/\/esbozodeportivo.com\/#\/schema\/logo\/image\/"}},{"@type":"Person","@id":"https:\/\/esbozodeportivo.com\/#\/schema\/person\/7277119c98823aec37bbb84e125efd44","name":"Javier De La Cruz","image":{"@type":"ImageObject","inLanguage":"es","@id":"https:\/\/esbozodeportivo.com\/#\/schema\/person\/image\/","url":"https:\/\/secure.gravatar.com\/avatar\/366235a56d20f1a6e8e3d0b295897639357bea880470ddf261d17bb0bc052eb1?s=96&d=mm&r=g","contentUrl":"https:\/\/secure.gravatar.com\/avatar\/366235a56d20f1a6e8e3d0b295897639357bea880470ddf261d17bb0bc052eb1?s=96&d=mm&r=g","caption":"Javier De La Cruz"},"url":"https:\/\/esbozodeportivo.com\/index.php\/author\/javier-de-la-cruz-de-la-cruz\/"}]}},"jetpack_featured_media_url":"","jetpack_sharing_enabled":true,"_links":{"self":[{"href":"https:\/\/esbozodeportivo.com\/index.php\/wp-json\/wp\/v2\/posts\/83","targetHints":{"allow":["GET"]}}],"collection":[{"href":"https:\/\/esbozodeportivo.com\/index.php\/wp-json\/wp\/v2\/posts"}],"about":[{"href":"https:\/\/esbozodeportivo.com\/index.php\/wp-json\/wp\/v2\/types\/post"}],"author":[{"embeddable":true,"href":"https:\/\/esbozodeportivo.com\/index.php\/wp-json\/wp\/v2\/users\/2"}],"replies":[{"embeddable":true,"href":"https:\/\/esbozodeportivo.com\/index.php\/wp-json\/wp\/v2\/comments?post=83"}],"version-history":[{"count":4,"href":"https:\/\/esbozodeportivo.com\/index.php\/wp-json\/wp\/v2\/posts\/83\/revisions"}],"predecessor-version":[{"id":90,"href":"https:\/\/esbozodeportivo.com\/index.php\/wp-json\/wp\/v2\/posts\/83\/revisions\/90"}],"wp:attachment":[{"href":"https:\/\/esbozodeportivo.com\/index.php\/wp-json\/wp\/v2\/media?parent=83"}],"wp:term":[{"taxonomy":"category","embeddable":true,"href":"https:\/\/esbozodeportivo.com\/index.php\/wp-json\/wp\/v2\/categories?post=83"},{"taxonomy":"post_tag","embeddable":true,"href":"https:\/\/esbozodeportivo.com\/index.php\/wp-json\/wp\/v2\/tags?post=83"}],"curies":[{"name":"wp","href":"https:\/\/api.w.org\/{rel}","templated":true}]}}