{"id":8439,"date":"2025-07-14T00:29:34","date_gmt":"2025-07-14T06:29:34","guid":{"rendered":"https:\/\/esbozodeportivo.com\/?p=8439"},"modified":"2025-07-14T00:29:35","modified_gmt":"2025-07-14T06:29:35","slug":"uganda-se-lleva-la-media-maraton-cdmx-2025","status":"publish","type":"post","link":"https:\/\/esbozodeportivo.com\/index.php\/2025\/07\/14\/uganda-se-lleva-la-media-maraton-cdmx-2025\/","title":{"rendered":"Uganda se lleva la Media Marat\u00f3n CDMX 2025"},"content":{"rendered":"\n<p>Martin Magengo Kiprotich, de Uganda, fue el ganador de la Media Marat\u00f3n Ciudad de M\u00e9xico BBVA 2025, en su XVII edici\u00f3n, con un tiempo registrado de 1:03:22, mientras que los Kenianos, Edwin Kiprop Kiptoo y Leonard Kipkoech Langa, respectivamente ocuparon el segundo y tercer lugar con un tiempo de 1:03:28 y 1:05:49. En la categor\u00eda varonil.<\/p>\n\n\n\n<p>En la categor\u00eda femenil las Kenianas dominaron el evento al hacer el 1-2, Marion Jepkonga Kibor, fue la primera en cruzar la meta con un tiempo de1:12:48; a su vez su compatriota Daizy Jemutai Rutto, lo hizo en segundo lugar con un tiempo de 1:15:36; mientras que la mejor mexicana fue Kathia Mirell Garc\u00eda Barrios, al llegar en la tercera posici\u00f3n con un registro de 1:19:19.<\/p>\n\n\n\n<p>La Torre del Caballito fue testigo del disparo de salida de los m\u00e1s de 30 mil corredores que se dieron cita desde las cinco de la ma\u00f1ana para recorrer 21 kil\u00f3metros por Paseo de la Reforma. La meta fue el emblem\u00e1tico \u00c1ngel de la Independencia.<\/p>\n\n\n\n<p><\/p>\n","protected":false},"excerpt":{"rendered":"<p>Martin Magengo Kiprotich, de Uganda, fue el ganador de la Media Marat\u00f3n Ciudad de M\u00e9xico<\/p>\n","protected":false},"author":4,"featured_media":8440,"comment_status":"closed","ping_status":"open","sticky":false,"template":"","format":"standard","meta":{"_jetpack_memberships_contains_paid_content":false,"footnotes":""},"categories":[56],"tags":[],"class_list":["post-8439","post","type-post","status-publish","format-standard","has-post-thumbnail","hentry","category-media-maraton"],"yoast_head":"<!-- This site is optimized with the Yoast SEO plugin v25.7 - https:\/\/yoast.com\/wordpress\/plugins\/seo\/ -->\n<title>Uganda se lleva la Media Marat\u00f3n CDMX 2025 - Esbozo Deportivo<\/title>\n<meta name=\"description\" content=\"Martin Magengo Kiprotich, de Uganda, fue el ganador de la Media Marat\u00f3n Ciudad de M\u00e9xico BBVA 2025, en su XVII edici\u00f3n, con un tiempo registrado de 1:03:22, mientras que los Kenianos, Edwin Kiprop Kiptoo y Leonard Kipkoech Langa, respectivamente ocuparon el segundo y tercer lugar con un tiempo de 1:03:28 y 1:05:49. En la categor\u00eda varonil.\" \/>\n<meta name=\"robots\" content=\"index, follow, max-snippet:-1, max-image-preview:large, max-video-preview:-1\" \/>\n<link rel=\"canonical\" href=\"https:\/\/esbozodeportivo.com\/index.php\/2025\/07\/14\/uganda-se-lleva-la-media-maraton-cdmx-2025\/\" \/>\n<meta property=\"og:locale\" content=\"es_MX\" \/>\n<meta property=\"og:type\" content=\"article\" \/>\n<meta property=\"og:title\" content=\"Uganda se lleva la Media Marat\u00f3n CDMX 2025 - Esbozo Deportivo\" \/>\n<meta property=\"og:description\" content=\"Martin Magengo Kiprotich, de Uganda, fue el ganador de la Media Marat\u00f3n Ciudad de M\u00e9xico BBVA 2025, en su XVII edici\u00f3n, con un tiempo registrado de 1:03:22, mientras que los Kenianos, Edwin Kiprop Kiptoo y Leonard Kipkoech Langa, respectivamente ocuparon el segundo y tercer lugar con un tiempo de 1:03:28 y 1:05:49. En la categor\u00eda varonil.\" \/>\n<meta property=\"og:url\" content=\"https:\/\/esbozodeportivo.com\/index.php\/2025\/07\/14\/uganda-se-lleva-la-media-maraton-cdmx-2025\/\" \/>\n<meta property=\"og:site_name\" content=\"Esbozo Deportivo\" \/>\n<meta property=\"article:published_time\" content=\"2025-07-14T06:29:34+00:00\" \/>\n<meta property=\"article:modified_time\" content=\"2025-07-14T06:29:35+00:00\" \/>\n<meta property=\"og:image\" content=\"https:\/\/esbozodeportivo.com\/wp-content\/uploads\/2025\/07\/Maraton-.jpg\" \/>\n\t<meta property=\"og:image:width\" content=\"960\" \/>\n\t<meta property=\"og:image:height\" content=\"444\" \/>\n\t<meta property=\"og:image:type\" content=\"image\/jpeg\" \/>\n<meta name=\"author\" content=\"Redacci\u00f3n\" \/>\n<meta name=\"twitter:card\" content=\"summary_large_image\" \/>\n<meta name=\"twitter:label1\" content=\"Escrito por\" \/>\n\t<meta name=\"twitter:data1\" content=\"Redacci\u00f3n\" \/>\n\t<meta name=\"twitter:label2\" content=\"Tiempo de lectura\" \/>\n\t<meta name=\"twitter:data2\" content=\"1 minuto\" \/>\n<script type=\"application\/ld+json\" class=\"yoast-schema-graph\">{\"@context\":\"https:\/\/schema.org\",\"@graph\":[{\"@type\":\"Article\",\"@id\":\"https:\/\/esbozodeportivo.com\/index.php\/2025\/07\/14\/uganda-se-lleva-la-media-maraton-cdmx-2025\/#article\",\"isPartOf\":{\"@id\":\"https:\/\/esbozodeportivo.com\/index.php\/2025\/07\/14\/uganda-se-lleva-la-media-maraton-cdmx-2025\/\"},\"author\":{\"name\":\"Redacci\u00f3n\",\"@id\":\"https:\/\/esbozodeportivo.com\/#\/schema\/person\/0f6df9196dfe6740dd0bb31bae50d374\"},\"headline\":\"Uganda se lleva la Media Marat\u00f3n CDMX 2025\",\"datePublished\":\"2025-07-14T06:29:34+00:00\",\"dateModified\":\"2025-07-14T06:29:35+00:00\",\"mainEntityOfPage\":{\"@id\":\"https:\/\/esbozodeportivo.com\/index.php\/2025\/07\/14\/uganda-se-lleva-la-media-maraton-cdmx-2025\/\"},\"wordCount\":178,\"publisher\":{\"@id\":\"https:\/\/esbozodeportivo.com\/#organization\"},\"image\":{\"@id\":\"https:\/\/esbozodeportivo.com\/index.php\/2025\/07\/14\/uganda-se-lleva-la-media-maraton-cdmx-2025\/#primaryimage\"},\"thumbnailUrl\":\"https:\/\/esbozodeportivo.com\/wp-content\/uploads\/2025\/07\/Maraton-.jpg\",\"articleSection\":[\"Media Marat\u00f3n\"],\"inLanguage\":\"es\"},{\"@type\":\"WebPage\",\"@id\":\"https:\/\/esbozodeportivo.com\/index.php\/2025\/07\/14\/uganda-se-lleva-la-media-maraton-cdmx-2025\/\",\"url\":\"https:\/\/esbozodeportivo.com\/index.php\/2025\/07\/14\/uganda-se-lleva-la-media-maraton-cdmx-2025\/\",\"name\":\"Uganda se lleva la Media Marat\u00f3n CDMX 2025 - Esbozo Deportivo\",\"isPartOf\":{\"@id\":\"https:\/\/esbozodeportivo.com\/#website\"},\"primaryImageOfPage\":{\"@id\":\"https:\/\/esbozodeportivo.com\/index.php\/2025\/07\/14\/uganda-se-lleva-la-media-maraton-cdmx-2025\/#primaryimage\"},\"image\":{\"@id\":\"https:\/\/esbozodeportivo.com\/index.php\/2025\/07\/14\/uganda-se-lleva-la-media-maraton-cdmx-2025\/#primaryimage\"},\"thumbnailUrl\":\"https:\/\/esbozodeportivo.com\/wp-content\/uploads\/2025\/07\/Maraton-.jpg\",\"datePublished\":\"2025-07-14T06:29:34+00:00\",\"dateModified\":\"2025-07-14T06:29:35+00:00\",\"description\":\"Martin Magengo Kiprotich, de Uganda, fue el ganador de la Media Marat\u00f3n Ciudad de M\u00e9xico BBVA 2025, en su XVII edici\u00f3n, con un tiempo registrado de 1:03:22, mientras que los Kenianos, Edwin Kiprop Kiptoo y Leonard Kipkoech Langa, respectivamente ocuparon el segundo y tercer lugar con un tiempo de 1:03:28 y 1:05:49. En la categor\u00eda varonil.\",\"breadcrumb\":{\"@id\":\"https:\/\/esbozodeportivo.com\/index.php\/2025\/07\/14\/uganda-se-lleva-la-media-maraton-cdmx-2025\/#breadcrumb\"},\"inLanguage\":\"es\",\"potentialAction\":[{\"@type\":\"ReadAction\",\"target\":[\"https:\/\/esbozodeportivo.com\/index.php\/2025\/07\/14\/uganda-se-lleva-la-media-maraton-cdmx-2025\/\"]}]},{\"@type\":\"ImageObject\",\"inLanguage\":\"es\",\"@id\":\"https:\/\/esbozodeportivo.com\/index.php\/2025\/07\/14\/uganda-se-lleva-la-media-maraton-cdmx-2025\/#primaryimage\",\"url\":\"https:\/\/esbozodeportivo.com\/wp-content\/uploads\/2025\/07\/Maraton-.jpg\",\"contentUrl\":\"https:\/\/esbozodeportivo.com\/wp-content\/uploads\/2025\/07\/Maraton-.jpg\",\"width\":960,\"height\":444},{\"@type\":\"BreadcrumbList\",\"@id\":\"https:\/\/esbozodeportivo.com\/index.php\/2025\/07\/14\/uganda-se-lleva-la-media-maraton-cdmx-2025\/#breadcrumb\",\"itemListElement\":[{\"@type\":\"ListItem\",\"position\":1,\"name\":\"Inicio\",\"item\":\"https:\/\/esbozodeportivo.com\/\"},{\"@type\":\"ListItem\",\"position\":2,\"name\":\"Uganda se lleva la Media Marat\u00f3n CDMX 2025\"}]},{\"@type\":\"WebSite\",\"@id\":\"https:\/\/esbozodeportivo.com\/#website\",\"url\":\"https:\/\/esbozodeportivo.com\/\",\"name\":\"Esbozo Deportivo\",\"description\":\"Lo m\u00e1s importante del Deporte\",\"publisher\":{\"@id\":\"https:\/\/esbozodeportivo.com\/#organization\"},\"potentialAction\":[{\"@type\":\"SearchAction\",\"target\":{\"@type\":\"EntryPoint\",\"urlTemplate\":\"https:\/\/esbozodeportivo.com\/?s={search_term_string}\"},\"query-input\":{\"@type\":\"PropertyValueSpecification\",\"valueRequired\":true,\"valueName\":\"search_term_string\"}}],\"inLanguage\":\"es\"},{\"@type\":\"Organization\",\"@id\":\"https:\/\/esbozodeportivo.com\/#organization\",\"name\":\"Esbozo Deportivo\",\"url\":\"https:\/\/esbozodeportivo.com\/\",\"logo\":{\"@type\":\"ImageObject\",\"inLanguage\":\"es\",\"@id\":\"https:\/\/esbozodeportivo.com\/#\/schema\/logo\/image\/\",\"url\":\"https:\/\/esbozodeportivo.com\/wp-content\/uploads\/2022\/08\/cropped-Logo-Esbozo-Web-2.png\",\"contentUrl\":\"https:\/\/esbozodeportivo.com\/wp-content\/uploads\/2022\/08\/cropped-Logo-Esbozo-Web-2.png\",\"width\":180,\"height\":50,\"caption\":\"Esbozo Deportivo\"},\"image\":{\"@id\":\"https:\/\/esbozodeportivo.com\/#\/schema\/logo\/image\/\"}},{\"@type\":\"Person\",\"@id\":\"https:\/\/esbozodeportivo.com\/#\/schema\/person\/0f6df9196dfe6740dd0bb31bae50d374\",\"name\":\"Redacci\u00f3n\",\"image\":{\"@type\":\"ImageObject\",\"inLanguage\":\"es\",\"@id\":\"https:\/\/esbozodeportivo.com\/#\/schema\/person\/image\/\",\"url\":\"https:\/\/secure.gravatar.com\/avatar\/f55268a89c3b418f2ef172ff52ab0d09b3e653c58de29539fe329fb93d78ebf3?s=96&d=mm&r=g\",\"contentUrl\":\"https:\/\/secure.gravatar.com\/avatar\/f55268a89c3b418f2ef172ff52ab0d09b3e653c58de29539fe329fb93d78ebf3?s=96&d=mm&r=g\",\"caption\":\"Redacci\u00f3n\"},\"url\":\"https:\/\/esbozodeportivo.com\/index.php\/author\/redaccion\/\"}]}<\/script>\n<!-- \/ Yoast SEO plugin. -->","yoast_head_json":{"title":"Uganda se lleva la Media Marat\u00f3n CDMX 2025 - Esbozo Deportivo","description":"Martin Magengo Kiprotich, de Uganda, fue el ganador de la Media Marat\u00f3n Ciudad de M\u00e9xico BBVA 2025, en su XVII edici\u00f3n, con un tiempo registrado de 1:03:22, mientras que los Kenianos, Edwin Kiprop Kiptoo y Leonard Kipkoech Langa, respectivamente ocuparon el segundo y tercer lugar con un tiempo de 1:03:28 y 1:05:49. En la categor\u00eda varonil.","robots":{"index":"index","follow":"follow","max-snippet":"max-snippet:-1","max-image-preview":"max-image-preview:large","max-video-preview":"max-video-preview:-1"},"canonical":"https:\/\/esbozodeportivo.com\/index.php\/2025\/07\/14\/uganda-se-lleva-la-media-maraton-cdmx-2025\/","og_locale":"es_MX","og_type":"article","og_title":"Uganda se lleva la Media Marat\u00f3n CDMX 2025 - Esbozo Deportivo","og_description":"Martin Magengo Kiprotich, de Uganda, fue el ganador de la Media Marat\u00f3n Ciudad de M\u00e9xico BBVA 2025, en su XVII edici\u00f3n, con un tiempo registrado de 1:03:22, mientras que los Kenianos, Edwin Kiprop Kiptoo y Leonard Kipkoech Langa, respectivamente ocuparon el segundo y tercer lugar con un tiempo de 1:03:28 y 1:05:49. En la categor\u00eda varonil.","og_url":"https:\/\/esbozodeportivo.com\/index.php\/2025\/07\/14\/uganda-se-lleva-la-media-maraton-cdmx-2025\/","og_site_name":"Esbozo Deportivo","article_published_time":"2025-07-14T06:29:34+00:00","article_modified_time":"2025-07-14T06:29:35+00:00","og_image":[{"width":960,"height":444,"url":"https:\/\/esbozodeportivo.com\/wp-content\/uploads\/2025\/07\/Maraton-.jpg","type":"image\/jpeg"}],"author":"Redacci\u00f3n","twitter_card":"summary_large_image","twitter_misc":{"Escrito por":"Redacci\u00f3n","Tiempo de lectura":"1 minuto"},"schema":{"@context":"https:\/\/schema.org","@graph":[{"@type":"Article","@id":"https:\/\/esbozodeportivo.com\/index.php\/2025\/07\/14\/uganda-se-lleva-la-media-maraton-cdmx-2025\/#article","isPartOf":{"@id":"https:\/\/esbozodeportivo.com\/index.php\/2025\/07\/14\/uganda-se-lleva-la-media-maraton-cdmx-2025\/"},"author":{"name":"Redacci\u00f3n","@id":"https:\/\/esbozodeportivo.com\/#\/schema\/person\/0f6df9196dfe6740dd0bb31bae50d374"},"headline":"Uganda se lleva la Media Marat\u00f3n CDMX 2025","datePublished":"2025-07-14T06:29:34+00:00","dateModified":"2025-07-14T06:29:35+00:00","mainEntityOfPage":{"@id":"https:\/\/esbozodeportivo.com\/index.php\/2025\/07\/14\/uganda-se-lleva-la-media-maraton-cdmx-2025\/"},"wordCount":178,"publisher":{"@id":"https:\/\/esbozodeportivo.com\/#organization"},"image":{"@id":"https:\/\/esbozodeportivo.com\/index.php\/2025\/07\/14\/uganda-se-lleva-la-media-maraton-cdmx-2025\/#primaryimage"},"thumbnailUrl":"https:\/\/esbozodeportivo.com\/wp-content\/uploads\/2025\/07\/Maraton-.jpg","articleSection":["Media Marat\u00f3n"],"inLanguage":"es"},{"@type":"WebPage","@id":"https:\/\/esbozodeportivo.com\/index.php\/2025\/07\/14\/uganda-se-lleva-la-media-maraton-cdmx-2025\/","url":"https:\/\/esbozodeportivo.com\/index.php\/2025\/07\/14\/uganda-se-lleva-la-media-maraton-cdmx-2025\/","name":"Uganda se lleva la Media Marat\u00f3n CDMX 2025 - Esbozo Deportivo","isPartOf":{"@id":"https:\/\/esbozodeportivo.com\/#website"},"primaryImageOfPage":{"@id":"https:\/\/esbozodeportivo.com\/index.php\/2025\/07\/14\/uganda-se-lleva-la-media-maraton-cdmx-2025\/#primaryimage"},"image":{"@id":"https:\/\/esbozodeportivo.com\/index.php\/2025\/07\/14\/uganda-se-lleva-la-media-maraton-cdmx-2025\/#primaryimage"},"thumbnailUrl":"https:\/\/esbozodeportivo.com\/wp-content\/uploads\/2025\/07\/Maraton-.jpg","datePublished":"2025-07-14T06:29:34+00:00","dateModified":"2025-07-14T06:29:35+00:00","description":"Martin Magengo Kiprotich, de Uganda, fue el ganador de la Media Marat\u00f3n Ciudad de M\u00e9xico BBVA 2025, en su XVII edici\u00f3n, con un tiempo registrado de 1:03:22, mientras que los Kenianos, Edwin Kiprop Kiptoo y Leonard Kipkoech Langa, respectivamente ocuparon el segundo y tercer lugar con un tiempo de 1:03:28 y 1:05:49. En la categor\u00eda varonil.","breadcrumb":{"@id":"https:\/\/esbozodeportivo.com\/index.php\/2025\/07\/14\/uganda-se-lleva-la-media-maraton-cdmx-2025\/#breadcrumb"},"inLanguage":"es","potentialAction":[{"@type":"ReadAction","target":["https:\/\/esbozodeportivo.com\/index.php\/2025\/07\/14\/uganda-se-lleva-la-media-maraton-cdmx-2025\/"]}]},{"@type":"ImageObject","inLanguage":"es","@id":"https:\/\/esbozodeportivo.com\/index.php\/2025\/07\/14\/uganda-se-lleva-la-media-maraton-cdmx-2025\/#primaryimage","url":"https:\/\/esbozodeportivo.com\/wp-content\/uploads\/2025\/07\/Maraton-.jpg","contentUrl":"https:\/\/esbozodeportivo.com\/wp-content\/uploads\/2025\/07\/Maraton-.jpg","width":960,"height":444},{"@type":"BreadcrumbList","@id":"https:\/\/esbozodeportivo.com\/index.php\/2025\/07\/14\/uganda-se-lleva-la-media-maraton-cdmx-2025\/#breadcrumb","itemListElement":[{"@type":"ListItem","position":1,"name":"Inicio","item":"https:\/\/esbozodeportivo.com\/"},{"@type":"ListItem","position":2,"name":"Uganda se lleva la Media Marat\u00f3n CDMX 2025"}]},{"@type":"WebSite","@id":"https:\/\/esbozodeportivo.com\/#website","url":"https:\/\/esbozodeportivo.com\/","name":"Esbozo Deportivo","description":"Lo m\u00e1s importante del Deporte","publisher":{"@id":"https:\/\/esbozodeportivo.com\/#organization"},"potentialAction":[{"@type":"SearchAction","target":{"@type":"EntryPoint","urlTemplate":"https:\/\/esbozodeportivo.com\/?s={search_term_string}"},"query-input":{"@type":"PropertyValueSpecification","valueRequired":true,"valueName":"search_term_string"}}],"inLanguage":"es"},{"@type":"Organization","@id":"https:\/\/esbozodeportivo.com\/#organization","name":"Esbozo Deportivo","url":"https:\/\/esbozodeportivo.com\/","logo":{"@type":"ImageObject","inLanguage":"es","@id":"https:\/\/esbozodeportivo.com\/#\/schema\/logo\/image\/","url":"https:\/\/esbozodeportivo.com\/wp-content\/uploads\/2022\/08\/cropped-Logo-Esbozo-Web-2.png","contentUrl":"https:\/\/esbozodeportivo.com\/wp-content\/uploads\/2022\/08\/cropped-Logo-Esbozo-Web-2.png","width":180,"height":50,"caption":"Esbozo Deportivo"},"image":{"@id":"https:\/\/esbozodeportivo.com\/#\/schema\/logo\/image\/"}},{"@type":"Person","@id":"https:\/\/esbozodeportivo.com\/#\/schema\/person\/0f6df9196dfe6740dd0bb31bae50d374","name":"Redacci\u00f3n","image":{"@type":"ImageObject","inLanguage":"es","@id":"https:\/\/esbozodeportivo.com\/#\/schema\/person\/image\/","url":"https:\/\/secure.gravatar.com\/avatar\/f55268a89c3b418f2ef172ff52ab0d09b3e653c58de29539fe329fb93d78ebf3?s=96&d=mm&r=g","contentUrl":"https:\/\/secure.gravatar.com\/avatar\/f55268a89c3b418f2ef172ff52ab0d09b3e653c58de29539fe329fb93d78ebf3?s=96&d=mm&r=g","caption":"Redacci\u00f3n"},"url":"https:\/\/esbozodeportivo.com\/index.php\/author\/redaccion\/"}]}},"jetpack_featured_media_url":"https:\/\/esbozodeportivo.com\/wp-content\/uploads\/2025\/07\/Maraton-.jpg","jetpack_sharing_enabled":true,"_links":{"self":[{"href":"https:\/\/esbozodeportivo.com\/index.php\/wp-json\/wp\/v2\/posts\/8439","targetHints":{"allow":["GET"]}}],"collection":[{"href":"https:\/\/esbozodeportivo.com\/index.php\/wp-json\/wp\/v2\/posts"}],"about":[{"href":"https:\/\/esbozodeportivo.com\/index.php\/wp-json\/wp\/v2\/types\/post"}],"author":[{"embeddable":true,"href":"https:\/\/esbozodeportivo.com\/index.php\/wp-json\/wp\/v2\/users\/4"}],"replies":[{"embeddable":true,"href":"https:\/\/esbozodeportivo.com\/index.php\/wp-json\/wp\/v2\/comments?post=8439"}],"version-history":[{"count":1,"href":"https:\/\/esbozodeportivo.com\/index.php\/wp-json\/wp\/v2\/posts\/8439\/revisions"}],"predecessor-version":[{"id":8441,"href":"https:\/\/esbozodeportivo.com\/index.php\/wp-json\/wp\/v2\/posts\/8439\/revisions\/8441"}],"wp:featuredmedia":[{"embeddable":true,"href":"https:\/\/esbozodeportivo.com\/index.php\/wp-json\/wp\/v2\/media\/8440"}],"wp:attachment":[{"href":"https:\/\/esbozodeportivo.com\/index.php\/wp-json\/wp\/v2\/media?parent=8439"}],"wp:term":[{"taxonomy":"category","embeddable":true,"href":"https:\/\/esbozodeportivo.com\/index.php\/wp-json\/wp\/v2\/categories?post=8439"},{"taxonomy":"post_tag","embeddable":true,"href":"https:\/\/esbozodeportivo.com\/index.php\/wp-json\/wp\/v2\/tags?post=8439"}],"curies":[{"name":"wp","href":"https:\/\/api.w.org\/{rel}","templated":true}]}}