{"id":8475,"date":"2025-07-16T23:40:40","date_gmt":"2025-07-17T05:40:40","guid":{"rendered":"https:\/\/esbozodeportivo.com\/?p=8475"},"modified":"2025-07-16T23:40:41","modified_gmt":"2025-07-17T05:40:41","slug":"pogacar-sufrio-una-caida","status":"publish","type":"post","link":"https:\/\/esbozodeportivo.com\/index.php\/2025\/07\/16\/pogacar-sufrio-una-caida\/","title":{"rendered":"Pogacar sufri\u00f3 una ca\u00edda"},"content":{"rendered":"\n<p>(Foto: Agencias) <\/p>\n\n\n\n<p>El noruego <strong>Jonas Abrahamsen<\/strong> atac\u00f3 desde el inicio para llevarse el mi\u00e9rcoles la 11ma etapa del <strong>Tour de Francia<\/strong>, cuyo favorito <strong>Tadej Pogacar<\/strong> sufri\u00f3 una ca\u00edda cerca de la meta.<\/p>\n\n\n\n<p><strong>Pogacar<\/strong>, tres veces campe\u00f3n de la ronda gala, se cay\u00f3 cuando quedaban 3,9 kil\u00f3metros. Sus rivales por la clasificaci\u00f3n general redujeron la velocidad para que el esloveno pudiera volver a subirse a su bicicleta y reunirse con ellos. Poga\u010dar, quien pudo volver a colocar la cadena en su bicicleta, que no sufri\u00f3 m\u00e1s da\u00f1os, les agradeci\u00f3 por esperar.<\/p>\n\n\n\n<p>\u201cTodo bien, todo bien\u201d, dijo <strong>Poga\u010dar<\/strong> por la radio del equipo UAE Team Emirates XRG. \u201cMi respeto al pelot\u00f3n, respeto a todos\u201d.<\/p>\n\n\n\n<p><strong>Abrahamsen<\/strong> venci\u00f3 al suizo <strong>Mauro Schmid<\/strong> en un final de foto en un sprint despu\u00e9s de que el belga-holand\u00e9s <strong>Mathieu<\/strong> van der <strong>Poel<\/strong> hiciera un esfuerzo tard\u00edo para alcanzarlos. Fue la primera victoria de etapa del noruego en el Tour y la primera en esta carrera para su equipo, el Uno-X Mobility.<\/p>\n\n\n\n<p>\u201cEstaba llorando en el hospital porque (pens\u00e9) que me perd\u00eda el <strong>Tour de Francia\u201d,<\/strong> dijo <strong>Abrahamsen<\/strong>, de 29 a\u00f1os. \u201cPero al d\u00eda siguiente estaba en el entrenador en casa y esperaba poder ir al <strong>Tour de Francia<\/strong> y cada d\u00eda hice todo lo posible para regresar y aqu\u00ed estoy en el <strong>Tour de Francia<\/strong>, ganar una etapa es incre\u00edble\u201d.<\/p>\n\n\n\n<p><strong>Van<\/strong> der <strong>Poel <\/strong>qued\u00f3 tercero, siete segundos detr\u00e1s. El grupo de la clasificaci\u00f3n general, que inclu\u00eda a <strong>Pogacar<\/strong> y al portador del maillot amarillo <strong>Ben Healy<\/strong>, termin\u00f3 3:28 atr\u00e1s.<\/p>\n\n\n\n<p><strong>Healy,<\/strong> apenas el cuarto irland\u00e9s en llevar el maillot amarillo, todav\u00eda lidera por 29 segundos sobre <strong>Pogacar.<\/strong><\/p>\n\n\n\n<p>Despu\u00e9s del primer d\u00eda de descanso el martes, la etapa del mi\u00e9rcoles fue un circuito de 156,8 kil\u00f3metros desde Tolosa de regreso a la \u201c<strong>Ciudad Rosa<\/strong>\u201d del sur con vistas a los Pirineos. Se esperaba que favoreciera a los sprinters, aunque hab\u00eda una dificultad al final con una inclinaci\u00f3n del 20% en la C\u00f4te de Pech David antes de la meta.<\/p>\n\n\n\n<p><strong>Abrahamsen<\/strong> atac\u00f3 cuando quedaban 155 kil\u00f3metros y fue acompa\u00f1ado por <strong>Schmid y Davide Ballerini,<\/strong> lo que provoc\u00f3 ataques persistentes de ciclistas como Van der <strong>Poel, Wout <\/strong>van <strong>Aert y Victor Campenaerts<\/strong>. Finalmente, todos sus esfuerzos fueron en vano.<\/p>\n\n\n\n<p>\u201cEs una etapa loca, chicos\u201d, fue la advertencia del equipo <strong>Decathlon AG2R La Mondiale<\/strong> a sus corredores por la radio. \u201cUna etapa loca. Mant\u00e9nganse enfocados\u201d.<\/p>\n\n\n\n<p><\/p>\n","protected":false},"excerpt":{"rendered":"<p>(Foto: Agencias) El noruego Jonas Abrahamsen atac\u00f3 desde el inicio para llevarse el mi\u00e9rcoles la<\/p>\n","protected":false},"author":4,"featured_media":8470,"comment_status":"closed","ping_status":"open","sticky":false,"template":"","format":"standard","meta":{"_jetpack_memberships_contains_paid_content":false,"footnotes":""},"categories":[70],"tags":[],"class_list":["post-8475","post","type-post","status-publish","format-standard","has-post-thumbnail","hentry","category-tour-de-francia"],"yoast_head":"<!-- This site is optimized with the Yoast SEO plugin v25.7 - https:\/\/yoast.com\/wordpress\/plugins\/seo\/ -->\n<title>Pogacar sufri\u00f3 una ca\u00edda - Esbozo Deportivo<\/title>\n<meta name=\"description\" content=\"El noruego Jonas Abrahamsen atac\u00f3 desde el inicio para llevarse el mi\u00e9rcoles la 11ma etapa del Tour de Francia, cuyo favorito Tadej Pogacar sufri\u00f3 una ca\u00edda cerca de la meta.\" \/>\n<meta name=\"robots\" content=\"index, follow, max-snippet:-1, max-image-preview:large, max-video-preview:-1\" \/>\n<link rel=\"canonical\" href=\"https:\/\/esbozodeportivo.com\/index.php\/2025\/07\/16\/pogacar-sufrio-una-caida\/\" \/>\n<meta property=\"og:locale\" content=\"es_MX\" \/>\n<meta property=\"og:type\" content=\"article\" \/>\n<meta property=\"og:title\" content=\"Pogacar sufri\u00f3 una ca\u00edda - Esbozo Deportivo\" \/>\n<meta property=\"og:description\" content=\"El noruego Jonas Abrahamsen atac\u00f3 desde el inicio para llevarse el mi\u00e9rcoles la 11ma etapa del Tour de Francia, cuyo favorito Tadej Pogacar sufri\u00f3 una ca\u00edda cerca de la meta.\" \/>\n<meta property=\"og:url\" content=\"https:\/\/esbozodeportivo.com\/index.php\/2025\/07\/16\/pogacar-sufrio-una-caida\/\" \/>\n<meta property=\"og:site_name\" content=\"Esbozo Deportivo\" \/>\n<meta property=\"article:published_time\" content=\"2025-07-17T05:40:40+00:00\" \/>\n<meta property=\"article:modified_time\" content=\"2025-07-17T05:40:41+00:00\" \/>\n<meta property=\"og:image\" content=\"https:\/\/esbozodeportivo.com\/wp-content\/uploads\/2025\/07\/Ciclismo-5.jpg\" \/>\n\t<meta property=\"og:image:width\" content=\"1440\" \/>\n\t<meta property=\"og:image:height\" content=\"960\" \/>\n\t<meta property=\"og:image:type\" content=\"image\/jpeg\" \/>\n<meta name=\"author\" content=\"Redacci\u00f3n\" \/>\n<meta name=\"twitter:card\" content=\"summary_large_image\" \/>\n<meta name=\"twitter:label1\" content=\"Escrito por\" \/>\n\t<meta name=\"twitter:data1\" content=\"Redacci\u00f3n\" \/>\n\t<meta name=\"twitter:label2\" content=\"Tiempo de lectura\" \/>\n\t<meta name=\"twitter:data2\" content=\"3 minutos\" \/>\n<script type=\"application\/ld+json\" class=\"yoast-schema-graph\">{\"@context\":\"https:\/\/schema.org\",\"@graph\":[{\"@type\":\"Article\",\"@id\":\"https:\/\/esbozodeportivo.com\/index.php\/2025\/07\/16\/pogacar-sufrio-una-caida\/#article\",\"isPartOf\":{\"@id\":\"https:\/\/esbozodeportivo.com\/index.php\/2025\/07\/16\/pogacar-sufrio-una-caida\/\"},\"author\":{\"name\":\"Redacci\u00f3n\",\"@id\":\"https:\/\/esbozodeportivo.com\/#\/schema\/person\/0f6df9196dfe6740dd0bb31bae50d374\"},\"headline\":\"Pogacar sufri\u00f3 una ca\u00edda\",\"datePublished\":\"2025-07-17T05:40:40+00:00\",\"dateModified\":\"2025-07-17T05:40:41+00:00\",\"mainEntityOfPage\":{\"@id\":\"https:\/\/esbozodeportivo.com\/index.php\/2025\/07\/16\/pogacar-sufrio-una-caida\/\"},\"wordCount\":426,\"publisher\":{\"@id\":\"https:\/\/esbozodeportivo.com\/#organization\"},\"image\":{\"@id\":\"https:\/\/esbozodeportivo.com\/index.php\/2025\/07\/16\/pogacar-sufrio-una-caida\/#primaryimage\"},\"thumbnailUrl\":\"https:\/\/esbozodeportivo.com\/wp-content\/uploads\/2025\/07\/Ciclismo-5.jpg\",\"articleSection\":[\"Tour de Francia\"],\"inLanguage\":\"es\"},{\"@type\":\"WebPage\",\"@id\":\"https:\/\/esbozodeportivo.com\/index.php\/2025\/07\/16\/pogacar-sufrio-una-caida\/\",\"url\":\"https:\/\/esbozodeportivo.com\/index.php\/2025\/07\/16\/pogacar-sufrio-una-caida\/\",\"name\":\"Pogacar sufri\u00f3 una ca\u00edda - Esbozo Deportivo\",\"isPartOf\":{\"@id\":\"https:\/\/esbozodeportivo.com\/#website\"},\"primaryImageOfPage\":{\"@id\":\"https:\/\/esbozodeportivo.com\/index.php\/2025\/07\/16\/pogacar-sufrio-una-caida\/#primaryimage\"},\"image\":{\"@id\":\"https:\/\/esbozodeportivo.com\/index.php\/2025\/07\/16\/pogacar-sufrio-una-caida\/#primaryimage\"},\"thumbnailUrl\":\"https:\/\/esbozodeportivo.com\/wp-content\/uploads\/2025\/07\/Ciclismo-5.jpg\",\"datePublished\":\"2025-07-17T05:40:40+00:00\",\"dateModified\":\"2025-07-17T05:40:41+00:00\",\"description\":\"El noruego Jonas Abrahamsen atac\u00f3 desde el inicio para llevarse el mi\u00e9rcoles la 11ma etapa del Tour de Francia, cuyo favorito Tadej Pogacar sufri\u00f3 una ca\u00edda cerca de la meta.\",\"breadcrumb\":{\"@id\":\"https:\/\/esbozodeportivo.com\/index.php\/2025\/07\/16\/pogacar-sufrio-una-caida\/#breadcrumb\"},\"inLanguage\":\"es\",\"potentialAction\":[{\"@type\":\"ReadAction\",\"target\":[\"https:\/\/esbozodeportivo.com\/index.php\/2025\/07\/16\/pogacar-sufrio-una-caida\/\"]}]},{\"@type\":\"ImageObject\",\"inLanguage\":\"es\",\"@id\":\"https:\/\/esbozodeportivo.com\/index.php\/2025\/07\/16\/pogacar-sufrio-una-caida\/#primaryimage\",\"url\":\"https:\/\/esbozodeportivo.com\/wp-content\/uploads\/2025\/07\/Ciclismo-5.jpg\",\"contentUrl\":\"https:\/\/esbozodeportivo.com\/wp-content\/uploads\/2025\/07\/Ciclismo-5.jpg\",\"width\":1440,\"height\":960},{\"@type\":\"BreadcrumbList\",\"@id\":\"https:\/\/esbozodeportivo.com\/index.php\/2025\/07\/16\/pogacar-sufrio-una-caida\/#breadcrumb\",\"itemListElement\":[{\"@type\":\"ListItem\",\"position\":1,\"name\":\"Inicio\",\"item\":\"https:\/\/esbozodeportivo.com\/\"},{\"@type\":\"ListItem\",\"position\":2,\"name\":\"Pogacar sufri\u00f3 una ca\u00edda\"}]},{\"@type\":\"WebSite\",\"@id\":\"https:\/\/esbozodeportivo.com\/#website\",\"url\":\"https:\/\/esbozodeportivo.com\/\",\"name\":\"Esbozo Deportivo\",\"description\":\"Lo m\u00e1s importante del Deporte\",\"publisher\":{\"@id\":\"https:\/\/esbozodeportivo.com\/#organization\"},\"potentialAction\":[{\"@type\":\"SearchAction\",\"target\":{\"@type\":\"EntryPoint\",\"urlTemplate\":\"https:\/\/esbozodeportivo.com\/?s={search_term_string}\"},\"query-input\":{\"@type\":\"PropertyValueSpecification\",\"valueRequired\":true,\"valueName\":\"search_term_string\"}}],\"inLanguage\":\"es\"},{\"@type\":\"Organization\",\"@id\":\"https:\/\/esbozodeportivo.com\/#organization\",\"name\":\"Esbozo Deportivo\",\"url\":\"https:\/\/esbozodeportivo.com\/\",\"logo\":{\"@type\":\"ImageObject\",\"inLanguage\":\"es\",\"@id\":\"https:\/\/esbozodeportivo.com\/#\/schema\/logo\/image\/\",\"url\":\"https:\/\/esbozodeportivo.com\/wp-content\/uploads\/2022\/08\/cropped-Logo-Esbozo-Web-2.png\",\"contentUrl\":\"https:\/\/esbozodeportivo.com\/wp-content\/uploads\/2022\/08\/cropped-Logo-Esbozo-Web-2.png\",\"width\":180,\"height\":50,\"caption\":\"Esbozo Deportivo\"},\"image\":{\"@id\":\"https:\/\/esbozodeportivo.com\/#\/schema\/logo\/image\/\"}},{\"@type\":\"Person\",\"@id\":\"https:\/\/esbozodeportivo.com\/#\/schema\/person\/0f6df9196dfe6740dd0bb31bae50d374\",\"name\":\"Redacci\u00f3n\",\"image\":{\"@type\":\"ImageObject\",\"inLanguage\":\"es\",\"@id\":\"https:\/\/esbozodeportivo.com\/#\/schema\/person\/image\/\",\"url\":\"https:\/\/secure.gravatar.com\/avatar\/f55268a89c3b418f2ef172ff52ab0d09b3e653c58de29539fe329fb93d78ebf3?s=96&d=mm&r=g\",\"contentUrl\":\"https:\/\/secure.gravatar.com\/avatar\/f55268a89c3b418f2ef172ff52ab0d09b3e653c58de29539fe329fb93d78ebf3?s=96&d=mm&r=g\",\"caption\":\"Redacci\u00f3n\"},\"url\":\"https:\/\/esbozodeportivo.com\/index.php\/author\/redaccion\/\"}]}<\/script>\n<!-- \/ Yoast SEO plugin. -->","yoast_head_json":{"title":"Pogacar sufri\u00f3 una ca\u00edda - Esbozo Deportivo","description":"El noruego Jonas Abrahamsen atac\u00f3 desde el inicio para llevarse el mi\u00e9rcoles la 11ma etapa del Tour de Francia, cuyo favorito Tadej Pogacar sufri\u00f3 una ca\u00edda cerca de la meta.","robots":{"index":"index","follow":"follow","max-snippet":"max-snippet:-1","max-image-preview":"max-image-preview:large","max-video-preview":"max-video-preview:-1"},"canonical":"https:\/\/esbozodeportivo.com\/index.php\/2025\/07\/16\/pogacar-sufrio-una-caida\/","og_locale":"es_MX","og_type":"article","og_title":"Pogacar sufri\u00f3 una ca\u00edda - Esbozo Deportivo","og_description":"El noruego Jonas Abrahamsen atac\u00f3 desde el inicio para llevarse el mi\u00e9rcoles la 11ma etapa del Tour de Francia, cuyo favorito Tadej Pogacar sufri\u00f3 una ca\u00edda cerca de la meta.","og_url":"https:\/\/esbozodeportivo.com\/index.php\/2025\/07\/16\/pogacar-sufrio-una-caida\/","og_site_name":"Esbozo Deportivo","article_published_time":"2025-07-17T05:40:40+00:00","article_modified_time":"2025-07-17T05:40:41+00:00","og_image":[{"width":1440,"height":960,"url":"https:\/\/esbozodeportivo.com\/wp-content\/uploads\/2025\/07\/Ciclismo-5.jpg","type":"image\/jpeg"}],"author":"Redacci\u00f3n","twitter_card":"summary_large_image","twitter_misc":{"Escrito por":"Redacci\u00f3n","Tiempo de lectura":"3 minutos"},"schema":{"@context":"https:\/\/schema.org","@graph":[{"@type":"Article","@id":"https:\/\/esbozodeportivo.com\/index.php\/2025\/07\/16\/pogacar-sufrio-una-caida\/#article","isPartOf":{"@id":"https:\/\/esbozodeportivo.com\/index.php\/2025\/07\/16\/pogacar-sufrio-una-caida\/"},"author":{"name":"Redacci\u00f3n","@id":"https:\/\/esbozodeportivo.com\/#\/schema\/person\/0f6df9196dfe6740dd0bb31bae50d374"},"headline":"Pogacar sufri\u00f3 una ca\u00edda","datePublished":"2025-07-17T05:40:40+00:00","dateModified":"2025-07-17T05:40:41+00:00","mainEntityOfPage":{"@id":"https:\/\/esbozodeportivo.com\/index.php\/2025\/07\/16\/pogacar-sufrio-una-caida\/"},"wordCount":426,"publisher":{"@id":"https:\/\/esbozodeportivo.com\/#organization"},"image":{"@id":"https:\/\/esbozodeportivo.com\/index.php\/2025\/07\/16\/pogacar-sufrio-una-caida\/#primaryimage"},"thumbnailUrl":"https:\/\/esbozodeportivo.com\/wp-content\/uploads\/2025\/07\/Ciclismo-5.jpg","articleSection":["Tour de Francia"],"inLanguage":"es"},{"@type":"WebPage","@id":"https:\/\/esbozodeportivo.com\/index.php\/2025\/07\/16\/pogacar-sufrio-una-caida\/","url":"https:\/\/esbozodeportivo.com\/index.php\/2025\/07\/16\/pogacar-sufrio-una-caida\/","name":"Pogacar sufri\u00f3 una ca\u00edda - Esbozo Deportivo","isPartOf":{"@id":"https:\/\/esbozodeportivo.com\/#website"},"primaryImageOfPage":{"@id":"https:\/\/esbozodeportivo.com\/index.php\/2025\/07\/16\/pogacar-sufrio-una-caida\/#primaryimage"},"image":{"@id":"https:\/\/esbozodeportivo.com\/index.php\/2025\/07\/16\/pogacar-sufrio-una-caida\/#primaryimage"},"thumbnailUrl":"https:\/\/esbozodeportivo.com\/wp-content\/uploads\/2025\/07\/Ciclismo-5.jpg","datePublished":"2025-07-17T05:40:40+00:00","dateModified":"2025-07-17T05:40:41+00:00","description":"El noruego Jonas Abrahamsen atac\u00f3 desde el inicio para llevarse el mi\u00e9rcoles la 11ma etapa del Tour de Francia, cuyo favorito Tadej Pogacar sufri\u00f3 una ca\u00edda cerca de la meta.","breadcrumb":{"@id":"https:\/\/esbozodeportivo.com\/index.php\/2025\/07\/16\/pogacar-sufrio-una-caida\/#breadcrumb"},"inLanguage":"es","potentialAction":[{"@type":"ReadAction","target":["https:\/\/esbozodeportivo.com\/index.php\/2025\/07\/16\/pogacar-sufrio-una-caida\/"]}]},{"@type":"ImageObject","inLanguage":"es","@id":"https:\/\/esbozodeportivo.com\/index.php\/2025\/07\/16\/pogacar-sufrio-una-caida\/#primaryimage","url":"https:\/\/esbozodeportivo.com\/wp-content\/uploads\/2025\/07\/Ciclismo-5.jpg","contentUrl":"https:\/\/esbozodeportivo.com\/wp-content\/uploads\/2025\/07\/Ciclismo-5.jpg","width":1440,"height":960},{"@type":"BreadcrumbList","@id":"https:\/\/esbozodeportivo.com\/index.php\/2025\/07\/16\/pogacar-sufrio-una-caida\/#breadcrumb","itemListElement":[{"@type":"ListItem","position":1,"name":"Inicio","item":"https:\/\/esbozodeportivo.com\/"},{"@type":"ListItem","position":2,"name":"Pogacar sufri\u00f3 una ca\u00edda"}]},{"@type":"WebSite","@id":"https:\/\/esbozodeportivo.com\/#website","url":"https:\/\/esbozodeportivo.com\/","name":"Esbozo Deportivo","description":"Lo m\u00e1s importante del Deporte","publisher":{"@id":"https:\/\/esbozodeportivo.com\/#organization"},"potentialAction":[{"@type":"SearchAction","target":{"@type":"EntryPoint","urlTemplate":"https:\/\/esbozodeportivo.com\/?s={search_term_string}"},"query-input":{"@type":"PropertyValueSpecification","valueRequired":true,"valueName":"search_term_string"}}],"inLanguage":"es"},{"@type":"Organization","@id":"https:\/\/esbozodeportivo.com\/#organization","name":"Esbozo Deportivo","url":"https:\/\/esbozodeportivo.com\/","logo":{"@type":"ImageObject","inLanguage":"es","@id":"https:\/\/esbozodeportivo.com\/#\/schema\/logo\/image\/","url":"https:\/\/esbozodeportivo.com\/wp-content\/uploads\/2022\/08\/cropped-Logo-Esbozo-Web-2.png","contentUrl":"https:\/\/esbozodeportivo.com\/wp-content\/uploads\/2022\/08\/cropped-Logo-Esbozo-Web-2.png","width":180,"height":50,"caption":"Esbozo Deportivo"},"image":{"@id":"https:\/\/esbozodeportivo.com\/#\/schema\/logo\/image\/"}},{"@type":"Person","@id":"https:\/\/esbozodeportivo.com\/#\/schema\/person\/0f6df9196dfe6740dd0bb31bae50d374","name":"Redacci\u00f3n","image":{"@type":"ImageObject","inLanguage":"es","@id":"https:\/\/esbozodeportivo.com\/#\/schema\/person\/image\/","url":"https:\/\/secure.gravatar.com\/avatar\/f55268a89c3b418f2ef172ff52ab0d09b3e653c58de29539fe329fb93d78ebf3?s=96&d=mm&r=g","contentUrl":"https:\/\/secure.gravatar.com\/avatar\/f55268a89c3b418f2ef172ff52ab0d09b3e653c58de29539fe329fb93d78ebf3?s=96&d=mm&r=g","caption":"Redacci\u00f3n"},"url":"https:\/\/esbozodeportivo.com\/index.php\/author\/redaccion\/"}]}},"jetpack_featured_media_url":"https:\/\/esbozodeportivo.com\/wp-content\/uploads\/2025\/07\/Ciclismo-5.jpg","jetpack_sharing_enabled":true,"_links":{"self":[{"href":"https:\/\/esbozodeportivo.com\/index.php\/wp-json\/wp\/v2\/posts\/8475","targetHints":{"allow":["GET"]}}],"collection":[{"href":"https:\/\/esbozodeportivo.com\/index.php\/wp-json\/wp\/v2\/posts"}],"about":[{"href":"https:\/\/esbozodeportivo.com\/index.php\/wp-json\/wp\/v2\/types\/post"}],"author":[{"embeddable":true,"href":"https:\/\/esbozodeportivo.com\/index.php\/wp-json\/wp\/v2\/users\/4"}],"replies":[{"embeddable":true,"href":"https:\/\/esbozodeportivo.com\/index.php\/wp-json\/wp\/v2\/comments?post=8475"}],"version-history":[{"count":1,"href":"https:\/\/esbozodeportivo.com\/index.php\/wp-json\/wp\/v2\/posts\/8475\/revisions"}],"predecessor-version":[{"id":8476,"href":"https:\/\/esbozodeportivo.com\/index.php\/wp-json\/wp\/v2\/posts\/8475\/revisions\/8476"}],"wp:featuredmedia":[{"embeddable":true,"href":"https:\/\/esbozodeportivo.com\/index.php\/wp-json\/wp\/v2\/media\/8470"}],"wp:attachment":[{"href":"https:\/\/esbozodeportivo.com\/index.php\/wp-json\/wp\/v2\/media?parent=8475"}],"wp:term":[{"taxonomy":"category","embeddable":true,"href":"https:\/\/esbozodeportivo.com\/index.php\/wp-json\/wp\/v2\/categories?post=8475"},{"taxonomy":"post_tag","embeddable":true,"href":"https:\/\/esbozodeportivo.com\/index.php\/wp-json\/wp\/v2\/tags?post=8475"}],"curies":[{"name":"wp","href":"https:\/\/api.w.org\/{rel}","templated":true}]}}