{"id":8477,"date":"2025-07-16T23:42:39","date_gmt":"2025-07-17T05:42:39","guid":{"rendered":"https:\/\/esbozodeportivo.com\/?p=8477"},"modified":"2025-07-16T23:42:40","modified_gmt":"2025-07-17T05:42:40","slug":"mundial-de-aguas-abiertas-inicia-el-27-de-julio","status":"publish","type":"post","link":"https:\/\/esbozodeportivo.com\/index.php\/2025\/07\/16\/mundial-de-aguas-abiertas-inicia-el-27-de-julio\/","title":{"rendered":"Mundial de Aguas Abiertas inicia el 27 de julio"},"content":{"rendered":"\n<p>(Foto: Agencias) <\/p>\n\n\n\n<p>La competencia de aguas abiertas en el <strong>Campeonato Mundial de Nataci\u00f3n<\/strong> se llev\u00f3 a cabo el mi\u00e9rcoles despu\u00e9s de dos aplazamientos debido a los problemas de la calidad del agua en Sentosa, el \u00e1rea insular en la costa.<\/p>\n\n\n\n<p>El alem\u00e1n <strong>Florian Wellbrock<\/strong> gan\u00f3 la carrera masculina de diez kil\u00f3metros con un tiempo de 1 hora, 59 minutos y 55.50 segundos. El italiano Gregorio Paltrinieri lleg\u00f3 casi cuatro segundos detr\u00e1s para quedar en el segundo lugar. El australiano <strong>Kyle Lee<\/strong> complet\u00f3 el podio con 2:00.10.30.<\/p>\n\n\n\n<p><strong>Wellbrock <\/strong>obtuvo el oro en los <strong>Juegos Ol\u00edmpicos de Tokio<\/strong> en la carrera de 10 kil\u00f3metros y fue medallista de bronce en esas justas de verano en los 1.500 metros en piscina. Este es su octavo oro en los mundiales.<\/p>\n\n\n\n<p>La australiana <strong>Moesha Johnson <\/strong>se llev\u00f3 la victoria en la carrera femenina de 10 kil\u00f3metros con un registro de 2:07.51.30. La italiana <strong>Ginevra Taddeucci<\/strong> obtuvo la plata con 2:07.55.70, y el bronce fue para la monegasca <strong>Lisa Pou<\/strong> con 2:07.57.50.<\/p>\n\n\n\n<p><strong>Johnson<\/strong> fue medallista de plata en este evento hace un a\u00f1o en los <strong>Juegos Ol\u00edmpicos de Par\u00eds<\/strong>. Tambi\u00e9n obtuvo el oro en los mundiales de <strong>Doha 2024<\/strong> y fue medallista de bronce hace dos a\u00f1os en <strong>Fukuoka, Jap\u00f3n<\/strong>.<\/p>\n\n\n\n<p>El programa de nataci\u00f3n en aguas abiertas hab\u00eda sido inicialmente programado para comenzar el martes.<\/p>\n\n\n\n<p>Los organizadores del evento dijeron que las muestras de calidad del agua tomadas el martes por la tarde mostraron \u201cuna mejora significativa con niveles de E. coli que caen entre los rangos de bueno y excelente\u201d seg\u00fan las regulaciones establecidas por el organismo rector World Aquatics.<\/p>\n\n\n\n<p>La <strong>Cl\u00ednica Mayo<\/strong> ha se\u00f1alado que \u201clas bacterias E. coli normalmente viven en los intestinos de personas y animales sanos. La mayor\u00eda de los tipos de E. coli son inofensivos o causan diarrea relativamente breve\u201d.<\/p>\n\n\n\n<p>Indic\u00f3 que algunas cepas pueden causar \u201ccalambres estomacales severos, diarrea con sangre y v\u00f3mitos\u201d. La exposici\u00f3n a menudo proviene de agua contaminada que puede contener desechos humanos y animales.<\/p>\n\n\n\n<p>Los eventos de aguas abiertas en el r\u00edo <strong>Sena<\/strong> en los <strong>Juegos Ol\u00edmpicos de Par\u00eds<\/strong> del a\u00f1o pasado fueron una causa constante de preocupaci\u00f3n. Los <strong>Juegos Ol\u00edmpicos de Tokio <\/strong>tambi\u00e9n tuvieron problemas en 2021 debido al agua caliente en una bah\u00eda poco profunda y problemas de contaminaci\u00f3n relacionados.<\/p>\n\n\n\n<p>La contaminaci\u00f3n del agua fue un problema importante en los <strong>Juegos Ol\u00edmpicos de R\u00edo de Janeiro<\/strong>, donde los niveles de contaminaci\u00f3n eran a menudo altos en la playa de <strong>Copacabana<\/strong>, el lugar para la nataci\u00f3n de larga distancia, y en la <strong>Bah\u00eda de Guanabara<\/strong>, el lugar para la vela.<\/p>\n\n\n\n<p>Otras carreras de aguas abiertas en <strong>Singapur<\/strong> est\u00e1n programadas para el viernes, s\u00e1bado y domingo.<\/p>\n\n\n\n<p>La competencia de waterpolo en los mundiales se lleva a cabo en un recinto cerrado.<\/p>\n\n\n\n<p>El evento principal de los campeonatos son ocho d\u00edas de competencia de nataci\u00f3n en piscina, que comienza el <strong>27 de julio.<\/strong><\/p>\n\n\n\n<p><\/p>\n","protected":false},"excerpt":{"rendered":"<p>(Foto: Agencias) La competencia de aguas abiertas en el Campeonato Mundial de Nataci\u00f3n se llev\u00f3<\/p>\n","protected":false},"author":4,"featured_media":8468,"comment_status":"closed","ping_status":"open","sticky":false,"template":"","format":"standard","meta":{"_jetpack_memberships_contains_paid_content":false,"footnotes":""},"categories":[5],"tags":[],"class_list":["post-8477","post","type-post","status-publish","format-standard","has-post-thumbnail","hentry","category-amateur"],"yoast_head":"<!-- This site is optimized with the Yoast SEO plugin v25.7 - https:\/\/yoast.com\/wordpress\/plugins\/seo\/ -->\n<title>Mundial de Aguas Abiertas inicia el 27 de julio - Esbozo Deportivo<\/title>\n<meta name=\"description\" content=\"La competencia de aguas abiertas en el Campeonato Mundial de Nataci\u00f3n se llev\u00f3 a cabo el mi\u00e9rcoles despu\u00e9s de dos aplazamientos debido a los problemas de la calidad del agua en Sentosa, el \u00e1rea insular en la costa.\" \/>\n<meta name=\"robots\" content=\"index, follow, max-snippet:-1, max-image-preview:large, max-video-preview:-1\" \/>\n<link rel=\"canonical\" href=\"https:\/\/esbozodeportivo.com\/index.php\/2025\/07\/16\/mundial-de-aguas-abiertas-inicia-el-27-de-julio\/\" \/>\n<meta property=\"og:locale\" content=\"es_MX\" \/>\n<meta property=\"og:type\" content=\"article\" \/>\n<meta property=\"og:title\" content=\"Mundial de Aguas Abiertas inicia el 27 de julio - Esbozo Deportivo\" \/>\n<meta property=\"og:description\" content=\"La competencia de aguas abiertas en el Campeonato Mundial de Nataci\u00f3n se llev\u00f3 a cabo el mi\u00e9rcoles despu\u00e9s de dos aplazamientos debido a los problemas de la calidad del agua en Sentosa, el \u00e1rea insular en la costa.\" \/>\n<meta property=\"og:url\" content=\"https:\/\/esbozodeportivo.com\/index.php\/2025\/07\/16\/mundial-de-aguas-abiertas-inicia-el-27-de-julio\/\" \/>\n<meta property=\"og:site_name\" content=\"Esbozo Deportivo\" \/>\n<meta property=\"article:published_time\" content=\"2025-07-17T05:42:39+00:00\" \/>\n<meta property=\"article:modified_time\" content=\"2025-07-17T05:42:40+00:00\" \/>\n<meta property=\"og:image\" content=\"https:\/\/esbozodeportivo.com\/wp-content\/uploads\/2025\/07\/Aguas-abiertas-1.jpg\" \/>\n\t<meta property=\"og:image:width\" content=\"1440\" \/>\n\t<meta property=\"og:image:height\" content=\"960\" \/>\n\t<meta property=\"og:image:type\" content=\"image\/jpeg\" \/>\n<meta name=\"author\" content=\"Redacci\u00f3n\" \/>\n<meta name=\"twitter:card\" content=\"summary_large_image\" \/>\n<meta name=\"twitter:label1\" content=\"Escrito por\" \/>\n\t<meta name=\"twitter:data1\" content=\"Redacci\u00f3n\" \/>\n\t<meta name=\"twitter:label2\" content=\"Tiempo de lectura\" \/>\n\t<meta name=\"twitter:data2\" content=\"3 minutos\" \/>\n<script type=\"application\/ld+json\" class=\"yoast-schema-graph\">{\"@context\":\"https:\/\/schema.org\",\"@graph\":[{\"@type\":\"Article\",\"@id\":\"https:\/\/esbozodeportivo.com\/index.php\/2025\/07\/16\/mundial-de-aguas-abiertas-inicia-el-27-de-julio\/#article\",\"isPartOf\":{\"@id\":\"https:\/\/esbozodeportivo.com\/index.php\/2025\/07\/16\/mundial-de-aguas-abiertas-inicia-el-27-de-julio\/\"},\"author\":{\"name\":\"Redacci\u00f3n\",\"@id\":\"https:\/\/esbozodeportivo.com\/#\/schema\/person\/0f6df9196dfe6740dd0bb31bae50d374\"},\"headline\":\"Mundial de Aguas Abiertas inicia el 27 de julio\",\"datePublished\":\"2025-07-17T05:42:39+00:00\",\"dateModified\":\"2025-07-17T05:42:40+00:00\",\"mainEntityOfPage\":{\"@id\":\"https:\/\/esbozodeportivo.com\/index.php\/2025\/07\/16\/mundial-de-aguas-abiertas-inicia-el-27-de-julio\/\"},\"wordCount\":514,\"publisher\":{\"@id\":\"https:\/\/esbozodeportivo.com\/#organization\"},\"image\":{\"@id\":\"https:\/\/esbozodeportivo.com\/index.php\/2025\/07\/16\/mundial-de-aguas-abiertas-inicia-el-27-de-julio\/#primaryimage\"},\"thumbnailUrl\":\"https:\/\/esbozodeportivo.com\/wp-content\/uploads\/2025\/07\/Aguas-abiertas-1.jpg\",\"articleSection\":[\"Amateur\"],\"inLanguage\":\"es\"},{\"@type\":\"WebPage\",\"@id\":\"https:\/\/esbozodeportivo.com\/index.php\/2025\/07\/16\/mundial-de-aguas-abiertas-inicia-el-27-de-julio\/\",\"url\":\"https:\/\/esbozodeportivo.com\/index.php\/2025\/07\/16\/mundial-de-aguas-abiertas-inicia-el-27-de-julio\/\",\"name\":\"Mundial de Aguas Abiertas inicia el 27 de julio - Esbozo Deportivo\",\"isPartOf\":{\"@id\":\"https:\/\/esbozodeportivo.com\/#website\"},\"primaryImageOfPage\":{\"@id\":\"https:\/\/esbozodeportivo.com\/index.php\/2025\/07\/16\/mundial-de-aguas-abiertas-inicia-el-27-de-julio\/#primaryimage\"},\"image\":{\"@id\":\"https:\/\/esbozodeportivo.com\/index.php\/2025\/07\/16\/mundial-de-aguas-abiertas-inicia-el-27-de-julio\/#primaryimage\"},\"thumbnailUrl\":\"https:\/\/esbozodeportivo.com\/wp-content\/uploads\/2025\/07\/Aguas-abiertas-1.jpg\",\"datePublished\":\"2025-07-17T05:42:39+00:00\",\"dateModified\":\"2025-07-17T05:42:40+00:00\",\"description\":\"La competencia de aguas abiertas en el Campeonato Mundial de Nataci\u00f3n se llev\u00f3 a cabo el mi\u00e9rcoles despu\u00e9s de dos aplazamientos debido a los problemas de la calidad del agua en Sentosa, el \u00e1rea insular en la costa.\",\"breadcrumb\":{\"@id\":\"https:\/\/esbozodeportivo.com\/index.php\/2025\/07\/16\/mundial-de-aguas-abiertas-inicia-el-27-de-julio\/#breadcrumb\"},\"inLanguage\":\"es\",\"potentialAction\":[{\"@type\":\"ReadAction\",\"target\":[\"https:\/\/esbozodeportivo.com\/index.php\/2025\/07\/16\/mundial-de-aguas-abiertas-inicia-el-27-de-julio\/\"]}]},{\"@type\":\"ImageObject\",\"inLanguage\":\"es\",\"@id\":\"https:\/\/esbozodeportivo.com\/index.php\/2025\/07\/16\/mundial-de-aguas-abiertas-inicia-el-27-de-julio\/#primaryimage\",\"url\":\"https:\/\/esbozodeportivo.com\/wp-content\/uploads\/2025\/07\/Aguas-abiertas-1.jpg\",\"contentUrl\":\"https:\/\/esbozodeportivo.com\/wp-content\/uploads\/2025\/07\/Aguas-abiertas-1.jpg\",\"width\":1440,\"height\":960},{\"@type\":\"BreadcrumbList\",\"@id\":\"https:\/\/esbozodeportivo.com\/index.php\/2025\/07\/16\/mundial-de-aguas-abiertas-inicia-el-27-de-julio\/#breadcrumb\",\"itemListElement\":[{\"@type\":\"ListItem\",\"position\":1,\"name\":\"Inicio\",\"item\":\"https:\/\/esbozodeportivo.com\/\"},{\"@type\":\"ListItem\",\"position\":2,\"name\":\"Mundial de Aguas Abiertas inicia el 27 de julio\"}]},{\"@type\":\"WebSite\",\"@id\":\"https:\/\/esbozodeportivo.com\/#website\",\"url\":\"https:\/\/esbozodeportivo.com\/\",\"name\":\"Esbozo Deportivo\",\"description\":\"Lo m\u00e1s importante del Deporte\",\"publisher\":{\"@id\":\"https:\/\/esbozodeportivo.com\/#organization\"},\"potentialAction\":[{\"@type\":\"SearchAction\",\"target\":{\"@type\":\"EntryPoint\",\"urlTemplate\":\"https:\/\/esbozodeportivo.com\/?s={search_term_string}\"},\"query-input\":{\"@type\":\"PropertyValueSpecification\",\"valueRequired\":true,\"valueName\":\"search_term_string\"}}],\"inLanguage\":\"es\"},{\"@type\":\"Organization\",\"@id\":\"https:\/\/esbozodeportivo.com\/#organization\",\"name\":\"Esbozo Deportivo\",\"url\":\"https:\/\/esbozodeportivo.com\/\",\"logo\":{\"@type\":\"ImageObject\",\"inLanguage\":\"es\",\"@id\":\"https:\/\/esbozodeportivo.com\/#\/schema\/logo\/image\/\",\"url\":\"https:\/\/esbozodeportivo.com\/wp-content\/uploads\/2022\/08\/cropped-Logo-Esbozo-Web-2.png\",\"contentUrl\":\"https:\/\/esbozodeportivo.com\/wp-content\/uploads\/2022\/08\/cropped-Logo-Esbozo-Web-2.png\",\"width\":180,\"height\":50,\"caption\":\"Esbozo Deportivo\"},\"image\":{\"@id\":\"https:\/\/esbozodeportivo.com\/#\/schema\/logo\/image\/\"}},{\"@type\":\"Person\",\"@id\":\"https:\/\/esbozodeportivo.com\/#\/schema\/person\/0f6df9196dfe6740dd0bb31bae50d374\",\"name\":\"Redacci\u00f3n\",\"image\":{\"@type\":\"ImageObject\",\"inLanguage\":\"es\",\"@id\":\"https:\/\/esbozodeportivo.com\/#\/schema\/person\/image\/\",\"url\":\"https:\/\/secure.gravatar.com\/avatar\/f55268a89c3b418f2ef172ff52ab0d09b3e653c58de29539fe329fb93d78ebf3?s=96&d=mm&r=g\",\"contentUrl\":\"https:\/\/secure.gravatar.com\/avatar\/f55268a89c3b418f2ef172ff52ab0d09b3e653c58de29539fe329fb93d78ebf3?s=96&d=mm&r=g\",\"caption\":\"Redacci\u00f3n\"},\"url\":\"https:\/\/esbozodeportivo.com\/index.php\/author\/redaccion\/\"}]}<\/script>\n<!-- \/ Yoast SEO plugin. -->","yoast_head_json":{"title":"Mundial de Aguas Abiertas inicia el 27 de julio - Esbozo Deportivo","description":"La competencia de aguas abiertas en el Campeonato Mundial de Nataci\u00f3n se llev\u00f3 a cabo el mi\u00e9rcoles despu\u00e9s de dos aplazamientos debido a los problemas de la calidad del agua en Sentosa, el \u00e1rea insular en la costa.","robots":{"index":"index","follow":"follow","max-snippet":"max-snippet:-1","max-image-preview":"max-image-preview:large","max-video-preview":"max-video-preview:-1"},"canonical":"https:\/\/esbozodeportivo.com\/index.php\/2025\/07\/16\/mundial-de-aguas-abiertas-inicia-el-27-de-julio\/","og_locale":"es_MX","og_type":"article","og_title":"Mundial de Aguas Abiertas inicia el 27 de julio - Esbozo Deportivo","og_description":"La competencia de aguas abiertas en el Campeonato Mundial de Nataci\u00f3n se llev\u00f3 a cabo el mi\u00e9rcoles despu\u00e9s de dos aplazamientos debido a los problemas de la calidad del agua en Sentosa, el \u00e1rea insular en la costa.","og_url":"https:\/\/esbozodeportivo.com\/index.php\/2025\/07\/16\/mundial-de-aguas-abiertas-inicia-el-27-de-julio\/","og_site_name":"Esbozo Deportivo","article_published_time":"2025-07-17T05:42:39+00:00","article_modified_time":"2025-07-17T05:42:40+00:00","og_image":[{"width":1440,"height":960,"url":"https:\/\/esbozodeportivo.com\/wp-content\/uploads\/2025\/07\/Aguas-abiertas-1.jpg","type":"image\/jpeg"}],"author":"Redacci\u00f3n","twitter_card":"summary_large_image","twitter_misc":{"Escrito por":"Redacci\u00f3n","Tiempo de lectura":"3 minutos"},"schema":{"@context":"https:\/\/schema.org","@graph":[{"@type":"Article","@id":"https:\/\/esbozodeportivo.com\/index.php\/2025\/07\/16\/mundial-de-aguas-abiertas-inicia-el-27-de-julio\/#article","isPartOf":{"@id":"https:\/\/esbozodeportivo.com\/index.php\/2025\/07\/16\/mundial-de-aguas-abiertas-inicia-el-27-de-julio\/"},"author":{"name":"Redacci\u00f3n","@id":"https:\/\/esbozodeportivo.com\/#\/schema\/person\/0f6df9196dfe6740dd0bb31bae50d374"},"headline":"Mundial de Aguas Abiertas inicia el 27 de julio","datePublished":"2025-07-17T05:42:39+00:00","dateModified":"2025-07-17T05:42:40+00:00","mainEntityOfPage":{"@id":"https:\/\/esbozodeportivo.com\/index.php\/2025\/07\/16\/mundial-de-aguas-abiertas-inicia-el-27-de-julio\/"},"wordCount":514,"publisher":{"@id":"https:\/\/esbozodeportivo.com\/#organization"},"image":{"@id":"https:\/\/esbozodeportivo.com\/index.php\/2025\/07\/16\/mundial-de-aguas-abiertas-inicia-el-27-de-julio\/#primaryimage"},"thumbnailUrl":"https:\/\/esbozodeportivo.com\/wp-content\/uploads\/2025\/07\/Aguas-abiertas-1.jpg","articleSection":["Amateur"],"inLanguage":"es"},{"@type":"WebPage","@id":"https:\/\/esbozodeportivo.com\/index.php\/2025\/07\/16\/mundial-de-aguas-abiertas-inicia-el-27-de-julio\/","url":"https:\/\/esbozodeportivo.com\/index.php\/2025\/07\/16\/mundial-de-aguas-abiertas-inicia-el-27-de-julio\/","name":"Mundial de Aguas Abiertas inicia el 27 de julio - Esbozo Deportivo","isPartOf":{"@id":"https:\/\/esbozodeportivo.com\/#website"},"primaryImageOfPage":{"@id":"https:\/\/esbozodeportivo.com\/index.php\/2025\/07\/16\/mundial-de-aguas-abiertas-inicia-el-27-de-julio\/#primaryimage"},"image":{"@id":"https:\/\/esbozodeportivo.com\/index.php\/2025\/07\/16\/mundial-de-aguas-abiertas-inicia-el-27-de-julio\/#primaryimage"},"thumbnailUrl":"https:\/\/esbozodeportivo.com\/wp-content\/uploads\/2025\/07\/Aguas-abiertas-1.jpg","datePublished":"2025-07-17T05:42:39+00:00","dateModified":"2025-07-17T05:42:40+00:00","description":"La competencia de aguas abiertas en el Campeonato Mundial de Nataci\u00f3n se llev\u00f3 a cabo el mi\u00e9rcoles despu\u00e9s de dos aplazamientos debido a los problemas de la calidad del agua en Sentosa, el \u00e1rea insular en la costa.","breadcrumb":{"@id":"https:\/\/esbozodeportivo.com\/index.php\/2025\/07\/16\/mundial-de-aguas-abiertas-inicia-el-27-de-julio\/#breadcrumb"},"inLanguage":"es","potentialAction":[{"@type":"ReadAction","target":["https:\/\/esbozodeportivo.com\/index.php\/2025\/07\/16\/mundial-de-aguas-abiertas-inicia-el-27-de-julio\/"]}]},{"@type":"ImageObject","inLanguage":"es","@id":"https:\/\/esbozodeportivo.com\/index.php\/2025\/07\/16\/mundial-de-aguas-abiertas-inicia-el-27-de-julio\/#primaryimage","url":"https:\/\/esbozodeportivo.com\/wp-content\/uploads\/2025\/07\/Aguas-abiertas-1.jpg","contentUrl":"https:\/\/esbozodeportivo.com\/wp-content\/uploads\/2025\/07\/Aguas-abiertas-1.jpg","width":1440,"height":960},{"@type":"BreadcrumbList","@id":"https:\/\/esbozodeportivo.com\/index.php\/2025\/07\/16\/mundial-de-aguas-abiertas-inicia-el-27-de-julio\/#breadcrumb","itemListElement":[{"@type":"ListItem","position":1,"name":"Inicio","item":"https:\/\/esbozodeportivo.com\/"},{"@type":"ListItem","position":2,"name":"Mundial de Aguas Abiertas inicia el 27 de julio"}]},{"@type":"WebSite","@id":"https:\/\/esbozodeportivo.com\/#website","url":"https:\/\/esbozodeportivo.com\/","name":"Esbozo Deportivo","description":"Lo m\u00e1s importante del Deporte","publisher":{"@id":"https:\/\/esbozodeportivo.com\/#organization"},"potentialAction":[{"@type":"SearchAction","target":{"@type":"EntryPoint","urlTemplate":"https:\/\/esbozodeportivo.com\/?s={search_term_string}"},"query-input":{"@type":"PropertyValueSpecification","valueRequired":true,"valueName":"search_term_string"}}],"inLanguage":"es"},{"@type":"Organization","@id":"https:\/\/esbozodeportivo.com\/#organization","name":"Esbozo Deportivo","url":"https:\/\/esbozodeportivo.com\/","logo":{"@type":"ImageObject","inLanguage":"es","@id":"https:\/\/esbozodeportivo.com\/#\/schema\/logo\/image\/","url":"https:\/\/esbozodeportivo.com\/wp-content\/uploads\/2022\/08\/cropped-Logo-Esbozo-Web-2.png","contentUrl":"https:\/\/esbozodeportivo.com\/wp-content\/uploads\/2022\/08\/cropped-Logo-Esbozo-Web-2.png","width":180,"height":50,"caption":"Esbozo Deportivo"},"image":{"@id":"https:\/\/esbozodeportivo.com\/#\/schema\/logo\/image\/"}},{"@type":"Person","@id":"https:\/\/esbozodeportivo.com\/#\/schema\/person\/0f6df9196dfe6740dd0bb31bae50d374","name":"Redacci\u00f3n","image":{"@type":"ImageObject","inLanguage":"es","@id":"https:\/\/esbozodeportivo.com\/#\/schema\/person\/image\/","url":"https:\/\/secure.gravatar.com\/avatar\/f55268a89c3b418f2ef172ff52ab0d09b3e653c58de29539fe329fb93d78ebf3?s=96&d=mm&r=g","contentUrl":"https:\/\/secure.gravatar.com\/avatar\/f55268a89c3b418f2ef172ff52ab0d09b3e653c58de29539fe329fb93d78ebf3?s=96&d=mm&r=g","caption":"Redacci\u00f3n"},"url":"https:\/\/esbozodeportivo.com\/index.php\/author\/redaccion\/"}]}},"jetpack_featured_media_url":"https:\/\/esbozodeportivo.com\/wp-content\/uploads\/2025\/07\/Aguas-abiertas-1.jpg","jetpack_sharing_enabled":true,"_links":{"self":[{"href":"https:\/\/esbozodeportivo.com\/index.php\/wp-json\/wp\/v2\/posts\/8477","targetHints":{"allow":["GET"]}}],"collection":[{"href":"https:\/\/esbozodeportivo.com\/index.php\/wp-json\/wp\/v2\/posts"}],"about":[{"href":"https:\/\/esbozodeportivo.com\/index.php\/wp-json\/wp\/v2\/types\/post"}],"author":[{"embeddable":true,"href":"https:\/\/esbozodeportivo.com\/index.php\/wp-json\/wp\/v2\/users\/4"}],"replies":[{"embeddable":true,"href":"https:\/\/esbozodeportivo.com\/index.php\/wp-json\/wp\/v2\/comments?post=8477"}],"version-history":[{"count":1,"href":"https:\/\/esbozodeportivo.com\/index.php\/wp-json\/wp\/v2\/posts\/8477\/revisions"}],"predecessor-version":[{"id":8478,"href":"https:\/\/esbozodeportivo.com\/index.php\/wp-json\/wp\/v2\/posts\/8477\/revisions\/8478"}],"wp:featuredmedia":[{"embeddable":true,"href":"https:\/\/esbozodeportivo.com\/index.php\/wp-json\/wp\/v2\/media\/8468"}],"wp:attachment":[{"href":"https:\/\/esbozodeportivo.com\/index.php\/wp-json\/wp\/v2\/media?parent=8477"}],"wp:term":[{"taxonomy":"category","embeddable":true,"href":"https:\/\/esbozodeportivo.com\/index.php\/wp-json\/wp\/v2\/categories?post=8477"},{"taxonomy":"post_tag","embeddable":true,"href":"https:\/\/esbozodeportivo.com\/index.php\/wp-json\/wp\/v2\/tags?post=8477"}],"curies":[{"name":"wp","href":"https:\/\/api.w.org\/{rel}","templated":true}]}}