{"id":8547,"date":"2025-07-21T22:45:01","date_gmt":"2025-07-22T04:45:01","guid":{"rendered":"https:\/\/esbozodeportivo.com\/?p=8547"},"modified":"2025-07-21T22:45:02","modified_gmt":"2025-07-22T04:45:02","slug":"marcus-rashford-llega-al-barcelona","status":"publish","type":"post","link":"https:\/\/esbozodeportivo.com\/index.php\/2025\/07\/21\/marcus-rashford-llega-al-barcelona\/","title":{"rendered":"Marcus Rashford llega al Barcelona"},"content":{"rendered":"\n<p>(Foto: Agencias) <\/p>\n\n\n\n<p>La ya impresionante delantera del <strong>Barcelona<\/strong> est\u00e1 a punto de reforzarse con la firma de <strong>Marcus Rashford.<\/strong><\/p>\n\n\n\n<p><strong>Rashford <\/strong>se encuentra en <strong>Barcelona<\/strong> para completar un acuerdo de cesi\u00f3n del Manchester United, seg\u00fan inform\u00f3 el lunes a The Associated Press una persona con conocimiento de la operaci\u00f3n.<\/p>\n\n\n\n<p>La persona declin\u00f3 ser identificada porque no estaba autorizada para hablar p\u00fablicamente sobre el tema.<\/p>\n\n\n\n<p>El acuerdo de pr\u00e9stamo le dar\u00eda al delantero ingl\u00e9s de 27 a\u00f1os, una vez considerado entre los mejores talentos de <strong>Europa<\/strong>, la oportunidad de reflotar una carrera que se estanc\u00f3 en los \u00faltimos a\u00f1os tras perder protagonismo en el United y terminar la temporada pasada cedido en el <strong>Aston Villa.<\/strong><\/p>\n\n\n\n<p>Los medios espa\u00f1oles informaron que el acuerdo de pr\u00e9stamo por un a\u00f1o con el <strong>United<\/strong> le dar\u00eda al Barcelona una opci\u00f3n de compra de <strong>Rashford<\/strong> por unos 30 millones de euros (35 millones de d\u00f3lares).<\/p>\n\n\n\n<p>El Bar\u00e7a presumi\u00f3 del mejor ataque en el f\u00fatbol espa\u00f1ol y uno de los m\u00e1s prol\u00edficos de toda Europa la temporada pasada, pero buscaba a\u00f1adir otra pieza a la delantera para acompa\u00f1ar a la joven estrella <strong>Lamine Yamal, Raphinha<\/strong> y al veterano <strong>Robert Lewandowski<\/strong>.<\/p>\n\n\n\n<p><strong>Rashford<\/strong> ha pasado casi toda su carrera en el <strong>United<\/strong>, anotando 138 goles en 429 partidos. Gan\u00f3 cinco trofeos importantes, incluidos dos <strong>Copa FA<\/strong> y <strong>la Liga Europa.<\/strong><\/p>\n\n\n\n<p>Sin embargo, le cost\u00f3 mantener de manera consistente las expectativas que lo rodearon cuando irrumpi\u00f3 en la escena como adolescente en 2016. En sus dos \u00faltimas temporadas en el <strong>United<\/strong> anot\u00f3 un total de 15 goles y a\u00f1adi\u00f3 otros cuatro en 17 partidos con el <strong>Villa.<\/strong> Los azulgranas conquistaron el t\u00edtulo de La Liga con 102 goles, 24 m\u00e1s que el subcampe\u00f3n <strong>Real Madrid<\/strong>. El club catal\u00e1n tambi\u00e9n lider\u00f3 la Liga de Campeones en goles con 43, cinco m\u00e1s que el campe\u00f3n <strong>Paris Saint-Germain<\/strong>, antes de ser eliminado por el <strong>Inter de Mil\u00e1n<\/strong> en las semifinales.<\/p>\n\n\n\n<p><\/p>\n","protected":false},"excerpt":{"rendered":"<p>(Foto: Agencias) La ya impresionante delantera del Barcelona est\u00e1 a punto de reforzarse con la<\/p>\n","protected":false},"author":4,"featured_media":8542,"comment_status":"closed","ping_status":"open","sticky":false,"template":"","format":"standard","meta":{"_jetpack_memberships_contains_paid_content":false,"footnotes":""},"categories":[43],"tags":[],"class_list":["post-8547","post","type-post","status-publish","format-standard","has-post-thumbnail","hentry","category-futbol-espanol"],"yoast_head":"<!-- This site is optimized with the Yoast SEO plugin v25.7 - https:\/\/yoast.com\/wordpress\/plugins\/seo\/ -->\n<title>Marcus Rashford llega al Barcelona - Esbozo Deportivo<\/title>\n<meta name=\"description\" content=\"La ya impresionante delantera del Barcelona est\u00e1 a punto de reforzarse con la firma de Marcus Rashford.\" \/>\n<meta name=\"robots\" content=\"index, follow, max-snippet:-1, max-image-preview:large, max-video-preview:-1\" \/>\n<link rel=\"canonical\" href=\"https:\/\/esbozodeportivo.com\/index.php\/2025\/07\/21\/marcus-rashford-llega-al-barcelona\/\" \/>\n<meta property=\"og:locale\" content=\"es_MX\" \/>\n<meta property=\"og:type\" content=\"article\" \/>\n<meta property=\"og:title\" content=\"Marcus Rashford llega al Barcelona - Esbozo Deportivo\" \/>\n<meta property=\"og:description\" content=\"La ya impresionante delantera del Barcelona est\u00e1 a punto de reforzarse con la firma de Marcus Rashford.\" \/>\n<meta property=\"og:url\" content=\"https:\/\/esbozodeportivo.com\/index.php\/2025\/07\/21\/marcus-rashford-llega-al-barcelona\/\" \/>\n<meta property=\"og:site_name\" content=\"Esbozo Deportivo\" \/>\n<meta property=\"article:published_time\" content=\"2025-07-22T04:45:01+00:00\" \/>\n<meta property=\"article:modified_time\" content=\"2025-07-22T04:45:02+00:00\" \/>\n<meta property=\"og:image\" content=\"https:\/\/esbozodeportivo.com\/wp-content\/uploads\/2025\/07\/Barcelona.jpg\" \/>\n\t<meta property=\"og:image:width\" content=\"980\" \/>\n\t<meta property=\"og:image:height\" content=\"653\" \/>\n\t<meta property=\"og:image:type\" content=\"image\/jpeg\" \/>\n<meta name=\"author\" content=\"Redacci\u00f3n\" \/>\n<meta name=\"twitter:card\" content=\"summary_large_image\" \/>\n<meta name=\"twitter:label1\" content=\"Escrito por\" \/>\n\t<meta name=\"twitter:data1\" content=\"Redacci\u00f3n\" \/>\n\t<meta name=\"twitter:label2\" content=\"Tiempo de lectura\" \/>\n\t<meta name=\"twitter:data2\" content=\"2 minutos\" \/>\n<script type=\"application\/ld+json\" class=\"yoast-schema-graph\">{\"@context\":\"https:\/\/schema.org\",\"@graph\":[{\"@type\":\"Article\",\"@id\":\"https:\/\/esbozodeportivo.com\/index.php\/2025\/07\/21\/marcus-rashford-llega-al-barcelona\/#article\",\"isPartOf\":{\"@id\":\"https:\/\/esbozodeportivo.com\/index.php\/2025\/07\/21\/marcus-rashford-llega-al-barcelona\/\"},\"author\":{\"name\":\"Redacci\u00f3n\",\"@id\":\"https:\/\/esbozodeportivo.com\/#\/schema\/person\/0f6df9196dfe6740dd0bb31bae50d374\"},\"headline\":\"Marcus Rashford llega al Barcelona\",\"datePublished\":\"2025-07-22T04:45:01+00:00\",\"dateModified\":\"2025-07-22T04:45:02+00:00\",\"mainEntityOfPage\":{\"@id\":\"https:\/\/esbozodeportivo.com\/index.php\/2025\/07\/21\/marcus-rashford-llega-al-barcelona\/\"},\"wordCount\":341,\"publisher\":{\"@id\":\"https:\/\/esbozodeportivo.com\/#organization\"},\"image\":{\"@id\":\"https:\/\/esbozodeportivo.com\/index.php\/2025\/07\/21\/marcus-rashford-llega-al-barcelona\/#primaryimage\"},\"thumbnailUrl\":\"https:\/\/esbozodeportivo.com\/wp-content\/uploads\/2025\/07\/Barcelona.jpg\",\"articleSection\":[\"Futbol Espa\u00f1ol\"],\"inLanguage\":\"es\"},{\"@type\":\"WebPage\",\"@id\":\"https:\/\/esbozodeportivo.com\/index.php\/2025\/07\/21\/marcus-rashford-llega-al-barcelona\/\",\"url\":\"https:\/\/esbozodeportivo.com\/index.php\/2025\/07\/21\/marcus-rashford-llega-al-barcelona\/\",\"name\":\"Marcus Rashford llega al Barcelona - Esbozo Deportivo\",\"isPartOf\":{\"@id\":\"https:\/\/esbozodeportivo.com\/#website\"},\"primaryImageOfPage\":{\"@id\":\"https:\/\/esbozodeportivo.com\/index.php\/2025\/07\/21\/marcus-rashford-llega-al-barcelona\/#primaryimage\"},\"image\":{\"@id\":\"https:\/\/esbozodeportivo.com\/index.php\/2025\/07\/21\/marcus-rashford-llega-al-barcelona\/#primaryimage\"},\"thumbnailUrl\":\"https:\/\/esbozodeportivo.com\/wp-content\/uploads\/2025\/07\/Barcelona.jpg\",\"datePublished\":\"2025-07-22T04:45:01+00:00\",\"dateModified\":\"2025-07-22T04:45:02+00:00\",\"description\":\"La ya impresionante delantera del Barcelona est\u00e1 a punto de reforzarse con la firma de Marcus Rashford.\",\"breadcrumb\":{\"@id\":\"https:\/\/esbozodeportivo.com\/index.php\/2025\/07\/21\/marcus-rashford-llega-al-barcelona\/#breadcrumb\"},\"inLanguage\":\"es\",\"potentialAction\":[{\"@type\":\"ReadAction\",\"target\":[\"https:\/\/esbozodeportivo.com\/index.php\/2025\/07\/21\/marcus-rashford-llega-al-barcelona\/\"]}]},{\"@type\":\"ImageObject\",\"inLanguage\":\"es\",\"@id\":\"https:\/\/esbozodeportivo.com\/index.php\/2025\/07\/21\/marcus-rashford-llega-al-barcelona\/#primaryimage\",\"url\":\"https:\/\/esbozodeportivo.com\/wp-content\/uploads\/2025\/07\/Barcelona.jpg\",\"contentUrl\":\"https:\/\/esbozodeportivo.com\/wp-content\/uploads\/2025\/07\/Barcelona.jpg\",\"width\":980,\"height\":653},{\"@type\":\"BreadcrumbList\",\"@id\":\"https:\/\/esbozodeportivo.com\/index.php\/2025\/07\/21\/marcus-rashford-llega-al-barcelona\/#breadcrumb\",\"itemListElement\":[{\"@type\":\"ListItem\",\"position\":1,\"name\":\"Inicio\",\"item\":\"https:\/\/esbozodeportivo.com\/\"},{\"@type\":\"ListItem\",\"position\":2,\"name\":\"Marcus Rashford llega al Barcelona\"}]},{\"@type\":\"WebSite\",\"@id\":\"https:\/\/esbozodeportivo.com\/#website\",\"url\":\"https:\/\/esbozodeportivo.com\/\",\"name\":\"Esbozo Deportivo\",\"description\":\"Lo m\u00e1s importante del Deporte\",\"publisher\":{\"@id\":\"https:\/\/esbozodeportivo.com\/#organization\"},\"potentialAction\":[{\"@type\":\"SearchAction\",\"target\":{\"@type\":\"EntryPoint\",\"urlTemplate\":\"https:\/\/esbozodeportivo.com\/?s={search_term_string}\"},\"query-input\":{\"@type\":\"PropertyValueSpecification\",\"valueRequired\":true,\"valueName\":\"search_term_string\"}}],\"inLanguage\":\"es\"},{\"@type\":\"Organization\",\"@id\":\"https:\/\/esbozodeportivo.com\/#organization\",\"name\":\"Esbozo Deportivo\",\"url\":\"https:\/\/esbozodeportivo.com\/\",\"logo\":{\"@type\":\"ImageObject\",\"inLanguage\":\"es\",\"@id\":\"https:\/\/esbozodeportivo.com\/#\/schema\/logo\/image\/\",\"url\":\"https:\/\/esbozodeportivo.com\/wp-content\/uploads\/2022\/08\/cropped-Logo-Esbozo-Web-2.png\",\"contentUrl\":\"https:\/\/esbozodeportivo.com\/wp-content\/uploads\/2022\/08\/cropped-Logo-Esbozo-Web-2.png\",\"width\":180,\"height\":50,\"caption\":\"Esbozo Deportivo\"},\"image\":{\"@id\":\"https:\/\/esbozodeportivo.com\/#\/schema\/logo\/image\/\"}},{\"@type\":\"Person\",\"@id\":\"https:\/\/esbozodeportivo.com\/#\/schema\/person\/0f6df9196dfe6740dd0bb31bae50d374\",\"name\":\"Redacci\u00f3n\",\"image\":{\"@type\":\"ImageObject\",\"inLanguage\":\"es\",\"@id\":\"https:\/\/esbozodeportivo.com\/#\/schema\/person\/image\/\",\"url\":\"https:\/\/secure.gravatar.com\/avatar\/f55268a89c3b418f2ef172ff52ab0d09b3e653c58de29539fe329fb93d78ebf3?s=96&d=mm&r=g\",\"contentUrl\":\"https:\/\/secure.gravatar.com\/avatar\/f55268a89c3b418f2ef172ff52ab0d09b3e653c58de29539fe329fb93d78ebf3?s=96&d=mm&r=g\",\"caption\":\"Redacci\u00f3n\"},\"url\":\"https:\/\/esbozodeportivo.com\/index.php\/author\/redaccion\/\"}]}<\/script>\n<!-- \/ Yoast SEO plugin. -->","yoast_head_json":{"title":"Marcus Rashford llega al Barcelona - Esbozo Deportivo","description":"La ya impresionante delantera del Barcelona est\u00e1 a punto de reforzarse con la firma de Marcus Rashford.","robots":{"index":"index","follow":"follow","max-snippet":"max-snippet:-1","max-image-preview":"max-image-preview:large","max-video-preview":"max-video-preview:-1"},"canonical":"https:\/\/esbozodeportivo.com\/index.php\/2025\/07\/21\/marcus-rashford-llega-al-barcelona\/","og_locale":"es_MX","og_type":"article","og_title":"Marcus Rashford llega al Barcelona - Esbozo Deportivo","og_description":"La ya impresionante delantera del Barcelona est\u00e1 a punto de reforzarse con la firma de Marcus Rashford.","og_url":"https:\/\/esbozodeportivo.com\/index.php\/2025\/07\/21\/marcus-rashford-llega-al-barcelona\/","og_site_name":"Esbozo Deportivo","article_published_time":"2025-07-22T04:45:01+00:00","article_modified_time":"2025-07-22T04:45:02+00:00","og_image":[{"width":980,"height":653,"url":"https:\/\/esbozodeportivo.com\/wp-content\/uploads\/2025\/07\/Barcelona.jpg","type":"image\/jpeg"}],"author":"Redacci\u00f3n","twitter_card":"summary_large_image","twitter_misc":{"Escrito por":"Redacci\u00f3n","Tiempo de lectura":"2 minutos"},"schema":{"@context":"https:\/\/schema.org","@graph":[{"@type":"Article","@id":"https:\/\/esbozodeportivo.com\/index.php\/2025\/07\/21\/marcus-rashford-llega-al-barcelona\/#article","isPartOf":{"@id":"https:\/\/esbozodeportivo.com\/index.php\/2025\/07\/21\/marcus-rashford-llega-al-barcelona\/"},"author":{"name":"Redacci\u00f3n","@id":"https:\/\/esbozodeportivo.com\/#\/schema\/person\/0f6df9196dfe6740dd0bb31bae50d374"},"headline":"Marcus Rashford llega al Barcelona","datePublished":"2025-07-22T04:45:01+00:00","dateModified":"2025-07-22T04:45:02+00:00","mainEntityOfPage":{"@id":"https:\/\/esbozodeportivo.com\/index.php\/2025\/07\/21\/marcus-rashford-llega-al-barcelona\/"},"wordCount":341,"publisher":{"@id":"https:\/\/esbozodeportivo.com\/#organization"},"image":{"@id":"https:\/\/esbozodeportivo.com\/index.php\/2025\/07\/21\/marcus-rashford-llega-al-barcelona\/#primaryimage"},"thumbnailUrl":"https:\/\/esbozodeportivo.com\/wp-content\/uploads\/2025\/07\/Barcelona.jpg","articleSection":["Futbol Espa\u00f1ol"],"inLanguage":"es"},{"@type":"WebPage","@id":"https:\/\/esbozodeportivo.com\/index.php\/2025\/07\/21\/marcus-rashford-llega-al-barcelona\/","url":"https:\/\/esbozodeportivo.com\/index.php\/2025\/07\/21\/marcus-rashford-llega-al-barcelona\/","name":"Marcus Rashford llega al Barcelona - Esbozo Deportivo","isPartOf":{"@id":"https:\/\/esbozodeportivo.com\/#website"},"primaryImageOfPage":{"@id":"https:\/\/esbozodeportivo.com\/index.php\/2025\/07\/21\/marcus-rashford-llega-al-barcelona\/#primaryimage"},"image":{"@id":"https:\/\/esbozodeportivo.com\/index.php\/2025\/07\/21\/marcus-rashford-llega-al-barcelona\/#primaryimage"},"thumbnailUrl":"https:\/\/esbozodeportivo.com\/wp-content\/uploads\/2025\/07\/Barcelona.jpg","datePublished":"2025-07-22T04:45:01+00:00","dateModified":"2025-07-22T04:45:02+00:00","description":"La ya impresionante delantera del Barcelona est\u00e1 a punto de reforzarse con la firma de Marcus Rashford.","breadcrumb":{"@id":"https:\/\/esbozodeportivo.com\/index.php\/2025\/07\/21\/marcus-rashford-llega-al-barcelona\/#breadcrumb"},"inLanguage":"es","potentialAction":[{"@type":"ReadAction","target":["https:\/\/esbozodeportivo.com\/index.php\/2025\/07\/21\/marcus-rashford-llega-al-barcelona\/"]}]},{"@type":"ImageObject","inLanguage":"es","@id":"https:\/\/esbozodeportivo.com\/index.php\/2025\/07\/21\/marcus-rashford-llega-al-barcelona\/#primaryimage","url":"https:\/\/esbozodeportivo.com\/wp-content\/uploads\/2025\/07\/Barcelona.jpg","contentUrl":"https:\/\/esbozodeportivo.com\/wp-content\/uploads\/2025\/07\/Barcelona.jpg","width":980,"height":653},{"@type":"BreadcrumbList","@id":"https:\/\/esbozodeportivo.com\/index.php\/2025\/07\/21\/marcus-rashford-llega-al-barcelona\/#breadcrumb","itemListElement":[{"@type":"ListItem","position":1,"name":"Inicio","item":"https:\/\/esbozodeportivo.com\/"},{"@type":"ListItem","position":2,"name":"Marcus Rashford llega al Barcelona"}]},{"@type":"WebSite","@id":"https:\/\/esbozodeportivo.com\/#website","url":"https:\/\/esbozodeportivo.com\/","name":"Esbozo Deportivo","description":"Lo m\u00e1s importante del Deporte","publisher":{"@id":"https:\/\/esbozodeportivo.com\/#organization"},"potentialAction":[{"@type":"SearchAction","target":{"@type":"EntryPoint","urlTemplate":"https:\/\/esbozodeportivo.com\/?s={search_term_string}"},"query-input":{"@type":"PropertyValueSpecification","valueRequired":true,"valueName":"search_term_string"}}],"inLanguage":"es"},{"@type":"Organization","@id":"https:\/\/esbozodeportivo.com\/#organization","name":"Esbozo Deportivo","url":"https:\/\/esbozodeportivo.com\/","logo":{"@type":"ImageObject","inLanguage":"es","@id":"https:\/\/esbozodeportivo.com\/#\/schema\/logo\/image\/","url":"https:\/\/esbozodeportivo.com\/wp-content\/uploads\/2022\/08\/cropped-Logo-Esbozo-Web-2.png","contentUrl":"https:\/\/esbozodeportivo.com\/wp-content\/uploads\/2022\/08\/cropped-Logo-Esbozo-Web-2.png","width":180,"height":50,"caption":"Esbozo Deportivo"},"image":{"@id":"https:\/\/esbozodeportivo.com\/#\/schema\/logo\/image\/"}},{"@type":"Person","@id":"https:\/\/esbozodeportivo.com\/#\/schema\/person\/0f6df9196dfe6740dd0bb31bae50d374","name":"Redacci\u00f3n","image":{"@type":"ImageObject","inLanguage":"es","@id":"https:\/\/esbozodeportivo.com\/#\/schema\/person\/image\/","url":"https:\/\/secure.gravatar.com\/avatar\/f55268a89c3b418f2ef172ff52ab0d09b3e653c58de29539fe329fb93d78ebf3?s=96&d=mm&r=g","contentUrl":"https:\/\/secure.gravatar.com\/avatar\/f55268a89c3b418f2ef172ff52ab0d09b3e653c58de29539fe329fb93d78ebf3?s=96&d=mm&r=g","caption":"Redacci\u00f3n"},"url":"https:\/\/esbozodeportivo.com\/index.php\/author\/redaccion\/"}]}},"jetpack_featured_media_url":"https:\/\/esbozodeportivo.com\/wp-content\/uploads\/2025\/07\/Barcelona.jpg","jetpack_sharing_enabled":true,"_links":{"self":[{"href":"https:\/\/esbozodeportivo.com\/index.php\/wp-json\/wp\/v2\/posts\/8547","targetHints":{"allow":["GET"]}}],"collection":[{"href":"https:\/\/esbozodeportivo.com\/index.php\/wp-json\/wp\/v2\/posts"}],"about":[{"href":"https:\/\/esbozodeportivo.com\/index.php\/wp-json\/wp\/v2\/types\/post"}],"author":[{"embeddable":true,"href":"https:\/\/esbozodeportivo.com\/index.php\/wp-json\/wp\/v2\/users\/4"}],"replies":[{"embeddable":true,"href":"https:\/\/esbozodeportivo.com\/index.php\/wp-json\/wp\/v2\/comments?post=8547"}],"version-history":[{"count":1,"href":"https:\/\/esbozodeportivo.com\/index.php\/wp-json\/wp\/v2\/posts\/8547\/revisions"}],"predecessor-version":[{"id":8548,"href":"https:\/\/esbozodeportivo.com\/index.php\/wp-json\/wp\/v2\/posts\/8547\/revisions\/8548"}],"wp:featuredmedia":[{"embeddable":true,"href":"https:\/\/esbozodeportivo.com\/index.php\/wp-json\/wp\/v2\/media\/8542"}],"wp:attachment":[{"href":"https:\/\/esbozodeportivo.com\/index.php\/wp-json\/wp\/v2\/media?parent=8547"}],"wp:term":[{"taxonomy":"category","embeddable":true,"href":"https:\/\/esbozodeportivo.com\/index.php\/wp-json\/wp\/v2\/categories?post=8547"},{"taxonomy":"post_tag","embeddable":true,"href":"https:\/\/esbozodeportivo.com\/index.php\/wp-json\/wp\/v2\/tags?post=8547"}],"curies":[{"name":"wp","href":"https:\/\/api.w.org\/{rel}","templated":true}]}}