{"id":8556,"date":"2025-07-22T21:31:32","date_gmt":"2025-07-23T03:31:32","guid":{"rendered":"https:\/\/esbozodeportivo.com\/?p=8556"},"modified":"2025-07-22T21:31:33","modified_gmt":"2025-07-23T03:31:33","slug":"antorcha-se-presentara-en-la-visita-de-la-jefa-de-gobierno-clara-brugada-a-mixquic","status":"publish","type":"post","link":"https:\/\/esbozodeportivo.com\/index.php\/2025\/07\/22\/antorcha-se-presentara-en-la-visita-de-la-jefa-de-gobierno-clara-brugada-a-mixquic\/","title":{"rendered":"Antorcha\u00a0 Se Presentar\u00e1 En La Visita De La Jefa De Gobierno, Clara Brugada, A Mixquic"},"content":{"rendered":"\n<p><strong>*Este mi\u00e9rcoles 23 de julio a las 5:00 pm.<\/strong><\/p>\n\n\n\n<p>Numerosa comisi\u00f3n de antorchistas se presentar\u00e1 en la asamblea informativa que la jefa de Gobierno<strong>, Clara Brugada<\/strong>, llevar\u00e1 a cabo el pr\u00f3ximo mi\u00e9rcoles 23 de julio, en la plaza <strong>Ju\u00e1rez de San Andr\u00e9s Mixquic<\/strong>, a las 5:00 pm, para atender inquietudes de la poblaci\u00f3n.<\/p>\n\n\n\n<p>&nbsp;\u201cEn esta visita, <strong>Antorcha <\/strong>solicitar\u00e1 a la gobernante de la ciudad su intervenci\u00f3n por la problem\u00e1tica que se padece, debido a la cerraz\u00f3n de la alcaldesa de Tl\u00e1huac, <strong>Berenice Hern\u00e1ndez<\/strong>, quien no quiere permitir que el INVI construya vivienda para familias pobres de esta demarcaci\u00f3n, y en contraste, se construye una zona residencial\u201d, inform\u00f3 <strong>Jonathan San Juan<\/strong>, l\u00edder del <strong>Movimiento Antorchista <\/strong>en esta zona.<\/p>\n\n\n\n<p>Cabe se\u00f1alar que los antorchistas despu\u00e9s de realizar una manifestaci\u00f3n pac\u00edfica por las principales calles de Tl\u00e1huac, mantienen un plant\u00f3n permanente en la explanada de las oficinas de esta alcald\u00eda, para protestar por la negativa de <strong>Hern\u00e1ndez Calder\u00f3n<\/strong> a que familias del predio Buena Suerte puedan contar con una vivienda digna. Hasta el momento han sido ignorados por la edil y su cabildo, incluso mantienen cerradas las puertas de este recinto de gobierno y acordonadas con vallas met\u00e1licas.<\/p>\n\n\n\n<figure class=\"wp-block-image size-large\"><img loading=\"lazy\" decoding=\"async\" width=\"1024\" height=\"576\" src=\"https:\/\/esbozodeportivo.com\/wp-content\/uploads\/2025\/07\/Antorcha1-1-1024x576.jpg\" alt=\"\" class=\"wp-image-8558\" srcset=\"https:\/\/esbozodeportivo.com\/wp-content\/uploads\/2025\/07\/Antorcha1-1-1024x576.jpg 1024w, https:\/\/esbozodeportivo.com\/wp-content\/uploads\/2025\/07\/Antorcha1-1-300x169.jpg 300w, https:\/\/esbozodeportivo.com\/wp-content\/uploads\/2025\/07\/Antorcha1-1-768x432.jpg 768w, https:\/\/esbozodeportivo.com\/wp-content\/uploads\/2025\/07\/Antorcha1-1-1536x864.jpg 1536w, https:\/\/esbozodeportivo.com\/wp-content\/uploads\/2025\/07\/Antorcha1-1.jpg 1600w\" sizes=\"auto, (max-width: 1024px) 100vw, 1024px\" \/><\/figure>\n\n\n\n<p><strong>Jonathan San Juan<\/strong> asegur\u00f3 que el acercamiento que tendr\u00e1n ma\u00f1ana con la <strong>jefa de Gobierno<\/strong> ser\u00e1 de manera pac\u00edfica y respetuosa, pero s\u00ed con toda la exigencia para que haga un llamado en\u00e9rgico a la alcaldesa de <strong>Tl\u00e1huac,<\/strong> quien en contraste con la negativa de que se pueda construir vivienda popular en su territorio, permite que en la avenida Guillermo Prieto inmobiliarias construyan una zona residencial, cuyas casas costar\u00e1n arriba de los 5 millones de pesos.<\/p>\n\n\n\n<p>Asegur\u00f3 que esta acci\u00f3n s\u00f3lo demuestra que en <strong>Tl\u00e1huac<\/strong> se gobierna para los ricos y a los pobres en los hechos se les hace a un lado, a pesar del repetido discurso tan convincente que luego repite la alcaldesa, en donde asegura que su prioridad son los pobres.<\/p>\n\n\n\n<p>Dijo que esperan ser atendidos por la jefa de Gobierno, <strong>Clara Brugada<\/strong>, pues ante esto no solamente est\u00e1 en juego la firma de la mandataria de <strong>Tl\u00e1huac<\/strong> para su consentimiento, sino la propia seguridad de los habitantes del predio Buena Suerte, quienes viven en condiciones de hacinamiento y de constantes inundaciones.<\/p>\n\n\n\n<p><\/p>\n\n\n\n<figure class=\"wp-block-image size-large\"><img loading=\"lazy\" decoding=\"async\" width=\"1024\" height=\"576\" src=\"https:\/\/esbozodeportivo.com\/wp-content\/uploads\/2025\/07\/Antorcha2-1-1024x576.jpg\" alt=\"\" class=\"wp-image-8559\" srcset=\"https:\/\/esbozodeportivo.com\/wp-content\/uploads\/2025\/07\/Antorcha2-1-1024x576.jpg 1024w, https:\/\/esbozodeportivo.com\/wp-content\/uploads\/2025\/07\/Antorcha2-1-300x169.jpg 300w, https:\/\/esbozodeportivo.com\/wp-content\/uploads\/2025\/07\/Antorcha2-1-768x432.jpg 768w, https:\/\/esbozodeportivo.com\/wp-content\/uploads\/2025\/07\/Antorcha2-1-1536x864.jpg 1536w, https:\/\/esbozodeportivo.com\/wp-content\/uploads\/2025\/07\/Antorcha2-1.jpg 1600w\" sizes=\"auto, (max-width: 1024px) 100vw, 1024px\" \/><\/figure>\n\n\n\n<figure class=\"wp-block-image size-large\"><img loading=\"lazy\" decoding=\"async\" width=\"1024\" height=\"576\" src=\"https:\/\/esbozodeportivo.com\/wp-content\/uploads\/2025\/07\/Antorcha4-1-1024x576.jpg\" alt=\"\" class=\"wp-image-8561\" srcset=\"https:\/\/esbozodeportivo.com\/wp-content\/uploads\/2025\/07\/Antorcha4-1-1024x576.jpg 1024w, https:\/\/esbozodeportivo.com\/wp-content\/uploads\/2025\/07\/Antorcha4-1-300x169.jpg 300w, https:\/\/esbozodeportivo.com\/wp-content\/uploads\/2025\/07\/Antorcha4-1-768x432.jpg 768w, https:\/\/esbozodeportivo.com\/wp-content\/uploads\/2025\/07\/Antorcha4-1-1536x864.jpg 1536w, https:\/\/esbozodeportivo.com\/wp-content\/uploads\/2025\/07\/Antorcha4-1.jpg 1600w\" sizes=\"auto, (max-width: 1024px) 100vw, 1024px\" \/><\/figure>\n\n\n\n<p><\/p>\n","protected":false},"excerpt":{"rendered":"<p>*Este mi\u00e9rcoles 23 de julio a las 5:00 pm. Numerosa comisi\u00f3n de antorchistas se presentar\u00e1<\/p>\n","protected":false},"author":4,"featured_media":8557,"comment_status":"closed","ping_status":"open","sticky":false,"template":"","format":"standard","meta":{"_jetpack_memberships_contains_paid_content":false,"footnotes":""},"categories":[36],"tags":[],"class_list":["post-8556","post","type-post","status-publish","format-standard","has-post-thumbnail","hentry","category-nacional"],"yoast_head":"<!-- This site is optimized with the Yoast SEO plugin v25.7 - https:\/\/yoast.com\/wordpress\/plugins\/seo\/ -->\n<title>Antorcha\u00a0 Se Presentar\u00e1 En La Visita De La Jefa De Gobierno, Clara Brugada, A Mixquic - Esbozo Deportivo<\/title>\n<meta name=\"description\" content=\"Numerosa comisi\u00f3n de antorchistas se presentar\u00e1 en la asamblea informativa que la jefa de Gobierno, Clara Brugada, llevar\u00e1 a cabo el pr\u00f3ximo mi\u00e9rcoles 23 de julio, en la plaza Ju\u00e1rez de San Andr\u00e9s Mixquic, a las 5:00 pm, para atender inquietudes de la poblaci\u00f3n.\" \/>\n<meta name=\"robots\" content=\"index, follow, max-snippet:-1, max-image-preview:large, max-video-preview:-1\" \/>\n<link rel=\"canonical\" href=\"https:\/\/esbozodeportivo.com\/index.php\/2025\/07\/22\/antorcha-se-presentara-en-la-visita-de-la-jefa-de-gobierno-clara-brugada-a-mixquic\/\" \/>\n<meta property=\"og:locale\" content=\"es_MX\" \/>\n<meta property=\"og:type\" content=\"article\" \/>\n<meta property=\"og:title\" content=\"Antorcha\u00a0 Se Presentar\u00e1 En La Visita De La Jefa De Gobierno, Clara Brugada, A Mixquic - Esbozo Deportivo\" \/>\n<meta property=\"og:description\" content=\"Numerosa comisi\u00f3n de antorchistas se presentar\u00e1 en la asamblea informativa que la jefa de Gobierno, Clara Brugada, llevar\u00e1 a cabo el pr\u00f3ximo mi\u00e9rcoles 23 de julio, en la plaza Ju\u00e1rez de San Andr\u00e9s Mixquic, a las 5:00 pm, para atender inquietudes de la poblaci\u00f3n.\" \/>\n<meta property=\"og:url\" content=\"https:\/\/esbozodeportivo.com\/index.php\/2025\/07\/22\/antorcha-se-presentara-en-la-visita-de-la-jefa-de-gobierno-clara-brugada-a-mixquic\/\" \/>\n<meta property=\"og:site_name\" content=\"Esbozo Deportivo\" \/>\n<meta property=\"article:published_time\" content=\"2025-07-23T03:31:32+00:00\" \/>\n<meta property=\"article:modified_time\" content=\"2025-07-23T03:31:33+00:00\" \/>\n<meta property=\"og:image\" content=\"https:\/\/esbozodeportivo.com\/wp-content\/uploads\/2025\/07\/Antorcha-1.jpg\" \/>\n\t<meta property=\"og:image:width\" content=\"1600\" \/>\n\t<meta property=\"og:image:height\" content=\"900\" \/>\n\t<meta property=\"og:image:type\" content=\"image\/jpeg\" \/>\n<meta name=\"author\" content=\"Redacci\u00f3n\" \/>\n<meta name=\"twitter:card\" content=\"summary_large_image\" \/>\n<meta name=\"twitter:label1\" content=\"Escrito por\" \/>\n\t<meta name=\"twitter:data1\" content=\"Redacci\u00f3n\" \/>\n\t<meta name=\"twitter:label2\" content=\"Tiempo de lectura\" \/>\n\t<meta name=\"twitter:data2\" content=\"3 minutos\" \/>\n<script type=\"application\/ld+json\" class=\"yoast-schema-graph\">{\"@context\":\"https:\/\/schema.org\",\"@graph\":[{\"@type\":\"Article\",\"@id\":\"https:\/\/esbozodeportivo.com\/index.php\/2025\/07\/22\/antorcha-se-presentara-en-la-visita-de-la-jefa-de-gobierno-clara-brugada-a-mixquic\/#article\",\"isPartOf\":{\"@id\":\"https:\/\/esbozodeportivo.com\/index.php\/2025\/07\/22\/antorcha-se-presentara-en-la-visita-de-la-jefa-de-gobierno-clara-brugada-a-mixquic\/\"},\"author\":{\"name\":\"Redacci\u00f3n\",\"@id\":\"https:\/\/esbozodeportivo.com\/#\/schema\/person\/0f6df9196dfe6740dd0bb31bae50d374\"},\"headline\":\"Antorcha\u00a0 Se Presentar\u00e1 En La Visita De La Jefa De Gobierno, Clara Brugada, A Mixquic\",\"datePublished\":\"2025-07-23T03:31:32+00:00\",\"dateModified\":\"2025-07-23T03:31:33+00:00\",\"mainEntityOfPage\":{\"@id\":\"https:\/\/esbozodeportivo.com\/index.php\/2025\/07\/22\/antorcha-se-presentara-en-la-visita-de-la-jefa-de-gobierno-clara-brugada-a-mixquic\/\"},\"wordCount\":415,\"publisher\":{\"@id\":\"https:\/\/esbozodeportivo.com\/#organization\"},\"image\":{\"@id\":\"https:\/\/esbozodeportivo.com\/index.php\/2025\/07\/22\/antorcha-se-presentara-en-la-visita-de-la-jefa-de-gobierno-clara-brugada-a-mixquic\/#primaryimage\"},\"thumbnailUrl\":\"https:\/\/esbozodeportivo.com\/wp-content\/uploads\/2025\/07\/Antorcha-1.jpg\",\"articleSection\":[\"Nacional\"],\"inLanguage\":\"es\"},{\"@type\":\"WebPage\",\"@id\":\"https:\/\/esbozodeportivo.com\/index.php\/2025\/07\/22\/antorcha-se-presentara-en-la-visita-de-la-jefa-de-gobierno-clara-brugada-a-mixquic\/\",\"url\":\"https:\/\/esbozodeportivo.com\/index.php\/2025\/07\/22\/antorcha-se-presentara-en-la-visita-de-la-jefa-de-gobierno-clara-brugada-a-mixquic\/\",\"name\":\"Antorcha\u00a0 Se Presentar\u00e1 En La Visita De La Jefa De Gobierno, Clara Brugada, A Mixquic - Esbozo Deportivo\",\"isPartOf\":{\"@id\":\"https:\/\/esbozodeportivo.com\/#website\"},\"primaryImageOfPage\":{\"@id\":\"https:\/\/esbozodeportivo.com\/index.php\/2025\/07\/22\/antorcha-se-presentara-en-la-visita-de-la-jefa-de-gobierno-clara-brugada-a-mixquic\/#primaryimage\"},\"image\":{\"@id\":\"https:\/\/esbozodeportivo.com\/index.php\/2025\/07\/22\/antorcha-se-presentara-en-la-visita-de-la-jefa-de-gobierno-clara-brugada-a-mixquic\/#primaryimage\"},\"thumbnailUrl\":\"https:\/\/esbozodeportivo.com\/wp-content\/uploads\/2025\/07\/Antorcha-1.jpg\",\"datePublished\":\"2025-07-23T03:31:32+00:00\",\"dateModified\":\"2025-07-23T03:31:33+00:00\",\"description\":\"Numerosa comisi\u00f3n de antorchistas se presentar\u00e1 en la asamblea informativa que la jefa de Gobierno, Clara Brugada, llevar\u00e1 a cabo el pr\u00f3ximo mi\u00e9rcoles 23 de julio, en la plaza Ju\u00e1rez de San Andr\u00e9s Mixquic, a las 5:00 pm, para atender inquietudes de la poblaci\u00f3n.\",\"breadcrumb\":{\"@id\":\"https:\/\/esbozodeportivo.com\/index.php\/2025\/07\/22\/antorcha-se-presentara-en-la-visita-de-la-jefa-de-gobierno-clara-brugada-a-mixquic\/#breadcrumb\"},\"inLanguage\":\"es\",\"potentialAction\":[{\"@type\":\"ReadAction\",\"target\":[\"https:\/\/esbozodeportivo.com\/index.php\/2025\/07\/22\/antorcha-se-presentara-en-la-visita-de-la-jefa-de-gobierno-clara-brugada-a-mixquic\/\"]}]},{\"@type\":\"ImageObject\",\"inLanguage\":\"es\",\"@id\":\"https:\/\/esbozodeportivo.com\/index.php\/2025\/07\/22\/antorcha-se-presentara-en-la-visita-de-la-jefa-de-gobierno-clara-brugada-a-mixquic\/#primaryimage\",\"url\":\"https:\/\/esbozodeportivo.com\/wp-content\/uploads\/2025\/07\/Antorcha-1.jpg\",\"contentUrl\":\"https:\/\/esbozodeportivo.com\/wp-content\/uploads\/2025\/07\/Antorcha-1.jpg\",\"width\":1600,\"height\":900},{\"@type\":\"BreadcrumbList\",\"@id\":\"https:\/\/esbozodeportivo.com\/index.php\/2025\/07\/22\/antorcha-se-presentara-en-la-visita-de-la-jefa-de-gobierno-clara-brugada-a-mixquic\/#breadcrumb\",\"itemListElement\":[{\"@type\":\"ListItem\",\"position\":1,\"name\":\"Inicio\",\"item\":\"https:\/\/esbozodeportivo.com\/\"},{\"@type\":\"ListItem\",\"position\":2,\"name\":\"Antorcha\u00a0 Se Presentar\u00e1 En La Visita De La Jefa De Gobierno, Clara Brugada, A Mixquic\"}]},{\"@type\":\"WebSite\",\"@id\":\"https:\/\/esbozodeportivo.com\/#website\",\"url\":\"https:\/\/esbozodeportivo.com\/\",\"name\":\"Esbozo Deportivo\",\"description\":\"Lo m\u00e1s importante del Deporte\",\"publisher\":{\"@id\":\"https:\/\/esbozodeportivo.com\/#organization\"},\"potentialAction\":[{\"@type\":\"SearchAction\",\"target\":{\"@type\":\"EntryPoint\",\"urlTemplate\":\"https:\/\/esbozodeportivo.com\/?s={search_term_string}\"},\"query-input\":{\"@type\":\"PropertyValueSpecification\",\"valueRequired\":true,\"valueName\":\"search_term_string\"}}],\"inLanguage\":\"es\"},{\"@type\":\"Organization\",\"@id\":\"https:\/\/esbozodeportivo.com\/#organization\",\"name\":\"Esbozo Deportivo\",\"url\":\"https:\/\/esbozodeportivo.com\/\",\"logo\":{\"@type\":\"ImageObject\",\"inLanguage\":\"es\",\"@id\":\"https:\/\/esbozodeportivo.com\/#\/schema\/logo\/image\/\",\"url\":\"https:\/\/esbozodeportivo.com\/wp-content\/uploads\/2022\/08\/cropped-Logo-Esbozo-Web-2.png\",\"contentUrl\":\"https:\/\/esbozodeportivo.com\/wp-content\/uploads\/2022\/08\/cropped-Logo-Esbozo-Web-2.png\",\"width\":180,\"height\":50,\"caption\":\"Esbozo Deportivo\"},\"image\":{\"@id\":\"https:\/\/esbozodeportivo.com\/#\/schema\/logo\/image\/\"}},{\"@type\":\"Person\",\"@id\":\"https:\/\/esbozodeportivo.com\/#\/schema\/person\/0f6df9196dfe6740dd0bb31bae50d374\",\"name\":\"Redacci\u00f3n\",\"image\":{\"@type\":\"ImageObject\",\"inLanguage\":\"es\",\"@id\":\"https:\/\/esbozodeportivo.com\/#\/schema\/person\/image\/\",\"url\":\"https:\/\/secure.gravatar.com\/avatar\/f55268a89c3b418f2ef172ff52ab0d09b3e653c58de29539fe329fb93d78ebf3?s=96&d=mm&r=g\",\"contentUrl\":\"https:\/\/secure.gravatar.com\/avatar\/f55268a89c3b418f2ef172ff52ab0d09b3e653c58de29539fe329fb93d78ebf3?s=96&d=mm&r=g\",\"caption\":\"Redacci\u00f3n\"},\"url\":\"https:\/\/esbozodeportivo.com\/index.php\/author\/redaccion\/\"}]}<\/script>\n<!-- \/ Yoast SEO plugin. -->","yoast_head_json":{"title":"Antorcha\u00a0 Se Presentar\u00e1 En La Visita De La Jefa De Gobierno, Clara Brugada, A Mixquic - Esbozo Deportivo","description":"Numerosa comisi\u00f3n de antorchistas se presentar\u00e1 en la asamblea informativa que la jefa de Gobierno, Clara Brugada, llevar\u00e1 a cabo el pr\u00f3ximo mi\u00e9rcoles 23 de julio, en la plaza Ju\u00e1rez de San Andr\u00e9s Mixquic, a las 5:00 pm, para atender inquietudes de la poblaci\u00f3n.","robots":{"index":"index","follow":"follow","max-snippet":"max-snippet:-1","max-image-preview":"max-image-preview:large","max-video-preview":"max-video-preview:-1"},"canonical":"https:\/\/esbozodeportivo.com\/index.php\/2025\/07\/22\/antorcha-se-presentara-en-la-visita-de-la-jefa-de-gobierno-clara-brugada-a-mixquic\/","og_locale":"es_MX","og_type":"article","og_title":"Antorcha\u00a0 Se Presentar\u00e1 En La Visita De La Jefa De Gobierno, Clara Brugada, A Mixquic - Esbozo Deportivo","og_description":"Numerosa comisi\u00f3n de antorchistas se presentar\u00e1 en la asamblea informativa que la jefa de Gobierno, Clara Brugada, llevar\u00e1 a cabo el pr\u00f3ximo mi\u00e9rcoles 23 de julio, en la plaza Ju\u00e1rez de San Andr\u00e9s Mixquic, a las 5:00 pm, para atender inquietudes de la poblaci\u00f3n.","og_url":"https:\/\/esbozodeportivo.com\/index.php\/2025\/07\/22\/antorcha-se-presentara-en-la-visita-de-la-jefa-de-gobierno-clara-brugada-a-mixquic\/","og_site_name":"Esbozo Deportivo","article_published_time":"2025-07-23T03:31:32+00:00","article_modified_time":"2025-07-23T03:31:33+00:00","og_image":[{"width":1600,"height":900,"url":"https:\/\/esbozodeportivo.com\/wp-content\/uploads\/2025\/07\/Antorcha-1.jpg","type":"image\/jpeg"}],"author":"Redacci\u00f3n","twitter_card":"summary_large_image","twitter_misc":{"Escrito por":"Redacci\u00f3n","Tiempo de lectura":"3 minutos"},"schema":{"@context":"https:\/\/schema.org","@graph":[{"@type":"Article","@id":"https:\/\/esbozodeportivo.com\/index.php\/2025\/07\/22\/antorcha-se-presentara-en-la-visita-de-la-jefa-de-gobierno-clara-brugada-a-mixquic\/#article","isPartOf":{"@id":"https:\/\/esbozodeportivo.com\/index.php\/2025\/07\/22\/antorcha-se-presentara-en-la-visita-de-la-jefa-de-gobierno-clara-brugada-a-mixquic\/"},"author":{"name":"Redacci\u00f3n","@id":"https:\/\/esbozodeportivo.com\/#\/schema\/person\/0f6df9196dfe6740dd0bb31bae50d374"},"headline":"Antorcha\u00a0 Se Presentar\u00e1 En La Visita De La Jefa De Gobierno, Clara Brugada, A Mixquic","datePublished":"2025-07-23T03:31:32+00:00","dateModified":"2025-07-23T03:31:33+00:00","mainEntityOfPage":{"@id":"https:\/\/esbozodeportivo.com\/index.php\/2025\/07\/22\/antorcha-se-presentara-en-la-visita-de-la-jefa-de-gobierno-clara-brugada-a-mixquic\/"},"wordCount":415,"publisher":{"@id":"https:\/\/esbozodeportivo.com\/#organization"},"image":{"@id":"https:\/\/esbozodeportivo.com\/index.php\/2025\/07\/22\/antorcha-se-presentara-en-la-visita-de-la-jefa-de-gobierno-clara-brugada-a-mixquic\/#primaryimage"},"thumbnailUrl":"https:\/\/esbozodeportivo.com\/wp-content\/uploads\/2025\/07\/Antorcha-1.jpg","articleSection":["Nacional"],"inLanguage":"es"},{"@type":"WebPage","@id":"https:\/\/esbozodeportivo.com\/index.php\/2025\/07\/22\/antorcha-se-presentara-en-la-visita-de-la-jefa-de-gobierno-clara-brugada-a-mixquic\/","url":"https:\/\/esbozodeportivo.com\/index.php\/2025\/07\/22\/antorcha-se-presentara-en-la-visita-de-la-jefa-de-gobierno-clara-brugada-a-mixquic\/","name":"Antorcha\u00a0 Se Presentar\u00e1 En La Visita De La Jefa De Gobierno, Clara Brugada, A Mixquic - Esbozo Deportivo","isPartOf":{"@id":"https:\/\/esbozodeportivo.com\/#website"},"primaryImageOfPage":{"@id":"https:\/\/esbozodeportivo.com\/index.php\/2025\/07\/22\/antorcha-se-presentara-en-la-visita-de-la-jefa-de-gobierno-clara-brugada-a-mixquic\/#primaryimage"},"image":{"@id":"https:\/\/esbozodeportivo.com\/index.php\/2025\/07\/22\/antorcha-se-presentara-en-la-visita-de-la-jefa-de-gobierno-clara-brugada-a-mixquic\/#primaryimage"},"thumbnailUrl":"https:\/\/esbozodeportivo.com\/wp-content\/uploads\/2025\/07\/Antorcha-1.jpg","datePublished":"2025-07-23T03:31:32+00:00","dateModified":"2025-07-23T03:31:33+00:00","description":"Numerosa comisi\u00f3n de antorchistas se presentar\u00e1 en la asamblea informativa que la jefa de Gobierno, Clara Brugada, llevar\u00e1 a cabo el pr\u00f3ximo mi\u00e9rcoles 23 de julio, en la plaza Ju\u00e1rez de San Andr\u00e9s Mixquic, a las 5:00 pm, para atender inquietudes de la poblaci\u00f3n.","breadcrumb":{"@id":"https:\/\/esbozodeportivo.com\/index.php\/2025\/07\/22\/antorcha-se-presentara-en-la-visita-de-la-jefa-de-gobierno-clara-brugada-a-mixquic\/#breadcrumb"},"inLanguage":"es","potentialAction":[{"@type":"ReadAction","target":["https:\/\/esbozodeportivo.com\/index.php\/2025\/07\/22\/antorcha-se-presentara-en-la-visita-de-la-jefa-de-gobierno-clara-brugada-a-mixquic\/"]}]},{"@type":"ImageObject","inLanguage":"es","@id":"https:\/\/esbozodeportivo.com\/index.php\/2025\/07\/22\/antorcha-se-presentara-en-la-visita-de-la-jefa-de-gobierno-clara-brugada-a-mixquic\/#primaryimage","url":"https:\/\/esbozodeportivo.com\/wp-content\/uploads\/2025\/07\/Antorcha-1.jpg","contentUrl":"https:\/\/esbozodeportivo.com\/wp-content\/uploads\/2025\/07\/Antorcha-1.jpg","width":1600,"height":900},{"@type":"BreadcrumbList","@id":"https:\/\/esbozodeportivo.com\/index.php\/2025\/07\/22\/antorcha-se-presentara-en-la-visita-de-la-jefa-de-gobierno-clara-brugada-a-mixquic\/#breadcrumb","itemListElement":[{"@type":"ListItem","position":1,"name":"Inicio","item":"https:\/\/esbozodeportivo.com\/"},{"@type":"ListItem","position":2,"name":"Antorcha\u00a0 Se Presentar\u00e1 En La Visita De La Jefa De Gobierno, Clara Brugada, A Mixquic"}]},{"@type":"WebSite","@id":"https:\/\/esbozodeportivo.com\/#website","url":"https:\/\/esbozodeportivo.com\/","name":"Esbozo Deportivo","description":"Lo m\u00e1s importante del Deporte","publisher":{"@id":"https:\/\/esbozodeportivo.com\/#organization"},"potentialAction":[{"@type":"SearchAction","target":{"@type":"EntryPoint","urlTemplate":"https:\/\/esbozodeportivo.com\/?s={search_term_string}"},"query-input":{"@type":"PropertyValueSpecification","valueRequired":true,"valueName":"search_term_string"}}],"inLanguage":"es"},{"@type":"Organization","@id":"https:\/\/esbozodeportivo.com\/#organization","name":"Esbozo Deportivo","url":"https:\/\/esbozodeportivo.com\/","logo":{"@type":"ImageObject","inLanguage":"es","@id":"https:\/\/esbozodeportivo.com\/#\/schema\/logo\/image\/","url":"https:\/\/esbozodeportivo.com\/wp-content\/uploads\/2022\/08\/cropped-Logo-Esbozo-Web-2.png","contentUrl":"https:\/\/esbozodeportivo.com\/wp-content\/uploads\/2022\/08\/cropped-Logo-Esbozo-Web-2.png","width":180,"height":50,"caption":"Esbozo Deportivo"},"image":{"@id":"https:\/\/esbozodeportivo.com\/#\/schema\/logo\/image\/"}},{"@type":"Person","@id":"https:\/\/esbozodeportivo.com\/#\/schema\/person\/0f6df9196dfe6740dd0bb31bae50d374","name":"Redacci\u00f3n","image":{"@type":"ImageObject","inLanguage":"es","@id":"https:\/\/esbozodeportivo.com\/#\/schema\/person\/image\/","url":"https:\/\/secure.gravatar.com\/avatar\/f55268a89c3b418f2ef172ff52ab0d09b3e653c58de29539fe329fb93d78ebf3?s=96&d=mm&r=g","contentUrl":"https:\/\/secure.gravatar.com\/avatar\/f55268a89c3b418f2ef172ff52ab0d09b3e653c58de29539fe329fb93d78ebf3?s=96&d=mm&r=g","caption":"Redacci\u00f3n"},"url":"https:\/\/esbozodeportivo.com\/index.php\/author\/redaccion\/"}]}},"jetpack_featured_media_url":"https:\/\/esbozodeportivo.com\/wp-content\/uploads\/2025\/07\/Antorcha-1.jpg","jetpack_sharing_enabled":true,"_links":{"self":[{"href":"https:\/\/esbozodeportivo.com\/index.php\/wp-json\/wp\/v2\/posts\/8556","targetHints":{"allow":["GET"]}}],"collection":[{"href":"https:\/\/esbozodeportivo.com\/index.php\/wp-json\/wp\/v2\/posts"}],"about":[{"href":"https:\/\/esbozodeportivo.com\/index.php\/wp-json\/wp\/v2\/types\/post"}],"author":[{"embeddable":true,"href":"https:\/\/esbozodeportivo.com\/index.php\/wp-json\/wp\/v2\/users\/4"}],"replies":[{"embeddable":true,"href":"https:\/\/esbozodeportivo.com\/index.php\/wp-json\/wp\/v2\/comments?post=8556"}],"version-history":[{"count":1,"href":"https:\/\/esbozodeportivo.com\/index.php\/wp-json\/wp\/v2\/posts\/8556\/revisions"}],"predecessor-version":[{"id":8563,"href":"https:\/\/esbozodeportivo.com\/index.php\/wp-json\/wp\/v2\/posts\/8556\/revisions\/8563"}],"wp:featuredmedia":[{"embeddable":true,"href":"https:\/\/esbozodeportivo.com\/index.php\/wp-json\/wp\/v2\/media\/8557"}],"wp:attachment":[{"href":"https:\/\/esbozodeportivo.com\/index.php\/wp-json\/wp\/v2\/media?parent=8556"}],"wp:term":[{"taxonomy":"category","embeddable":true,"href":"https:\/\/esbozodeportivo.com\/index.php\/wp-json\/wp\/v2\/categories?post=8556"},{"taxonomy":"post_tag","embeddable":true,"href":"https:\/\/esbozodeportivo.com\/index.php\/wp-json\/wp\/v2\/tags?post=8556"}],"curies":[{"name":"wp","href":"https:\/\/api.w.org\/{rel}","templated":true}]}}