{"id":8587,"date":"2025-07-22T23:43:45","date_gmt":"2025-07-23T05:43:45","guid":{"rendered":"https:\/\/esbozodeportivo.com\/?p=8587"},"modified":"2025-07-22T23:43:46","modified_gmt":"2025-07-23T05:43:46","slug":"peintre-primer-frances-que-gana-una-etapa","status":"publish","type":"post","link":"https:\/\/esbozodeportivo.com\/index.php\/2025\/07\/22\/peintre-primer-frances-que-gana-una-etapa\/","title":{"rendered":"Peintre, primer franc\u00e9s que gana una etapa"},"content":{"rendered":"\n<p>(Foto: Agencias) <\/p>\n\n\n\n<p><strong>Valentin Paret-Peintre<\/strong> emergi\u00f3 victorioso en el <strong>Mont Ventoux<\/strong> para convertirse el martes en el primer corredor local que gana una etapa en el <strong>Tour de Francia<\/strong> este a\u00f1o, mientras que Tadej Poga\u010dar consolid\u00f3 su liderato en la clasificaci\u00f3n general.<\/p>\n\n\n\n<p><strong>Paret-Peintre<\/strong> super\u00f3 con lo justo al previo l\u00edder <strong>Ben Healy<\/strong> en un embalaje hacia la meta situada en la cima de la m\u00edtica monta\u00f1a conocida como la \u201cBestia de Provenza\u201d.<\/p>\n\n\n\n<p>El colombiano <strong>Santiago Buitrago<\/strong> figur\u00f3 tercero, cuatro segundos detr\u00e1s, por delante del belga <strong>Ilan Van Wilde<\/strong>, compa\u00f1ero de equipo de <strong>Paret-Peintre. Poga\u010dar<\/strong> entr\u00f3 quinto tras resistir los repetidos ataques de <strong>Jonas Vingegaard<\/strong>, cruzando la meta con una diferencia de dos segundos sobre su principal rival.<\/p>\n\n\n\n<p><strong>Poga\u010dar<\/strong> ampli\u00f3 su ventaja general <strong>a 4 minutos y 15 segundos<\/strong> sobre el dan\u00e9s. Vingegaard gan\u00f3 las ediciones del <strong>Tour en 2022 y 2023<\/strong>, pero parece impotente para impedir que el esloveno logre su cuarto t\u00edtulo de la ronda gala cuando la carrera termine el pr\u00f3ximo fin de semana en Par\u00eds.<\/p>\n\n\n\n<p>Despu\u00e9s del segundo d\u00eda de descanso del Tour el lunes, la 16ta etapa llev\u00f3 a los corredores en una ruta de 171,5 kil\u00f3metros desde Montpellier \u2014en el sur de <strong>Francia<\/strong>\u2014 en un largo recorrido plano hasta que llegaron a la brutal subida del <strong>Ventoux<\/strong>.<\/p>\n\n\n\n<p><strong>Mathieu van der Poel<\/strong>, quien hab\u00eda sido tercero en la clasificaci\u00f3n por puntos, se retir\u00f3 antes de la etapa del martes luego que el neerland\u00e9s fue diagnosticado con una neumon\u00eda.<\/p>\n\n\n\n<p>El belga <strong>Wout van Aert<\/strong>, el \u00faltimo ganador cuando la ruta pas\u00f3 por <strong>Ventoux<\/strong> en 2021, atac\u00f3 desde el principio, provocando respuestas del italiano <strong>Jonathan Milan<\/strong>, el espa\u00f1ol <strong>Iv\u00e1n Romeo<\/strong> y otros.<\/p>\n\n\n\n<figure class=\"wp-block-image size-large\"><img loading=\"lazy\" decoding=\"async\" width=\"1024\" height=\"683\" src=\"https:\/\/esbozodeportivo.com\/wp-content\/uploads\/2025\/07\/Ciclismo1-1-1024x683.jpg\" alt=\"\" class=\"wp-image-8579\" srcset=\"https:\/\/esbozodeportivo.com\/wp-content\/uploads\/2025\/07\/Ciclismo1-1-1024x683.jpg 1024w, https:\/\/esbozodeportivo.com\/wp-content\/uploads\/2025\/07\/Ciclismo1-1-300x200.jpg 300w, https:\/\/esbozodeportivo.com\/wp-content\/uploads\/2025\/07\/Ciclismo1-1-768x512.jpg 768w, https:\/\/esbozodeportivo.com\/wp-content\/uploads\/2025\/07\/Ciclismo1-1.jpg 1440w\" sizes=\"auto, (max-width: 1024px) 100vw, 1024px\" \/><\/figure>\n\n\n\n<p>(Foto: Agencias) <\/p>\n\n\n\n<p>Seis estaban en la delantera cuando llegaron a <strong>Bedoin<\/strong> en la base. Apenas quedaban 22 kil\u00f3metros, pero se hicieron fueron m\u00e1s exigentes a partir de los 15,7 kil\u00f3metros a una inclinaci\u00f3n del 8,8% desde <strong>Saint-Esteve<\/strong> hasta la meta.<\/p>\n\n\n\n<p>El irland\u00e9s <strong>Healy<\/strong>, en un grupo de perseguidores, super\u00f3 al franc\u00e9s <strong>Julian Alaphilippe <\/strong>al mismo tiempo que <strong>Vingegaard <\/strong>lanz\u00f3 su primer embate. Atac\u00f3 de nuevo, luego otra vez, pero <strong>Poga\u010dar<\/strong> se mantuvo tenazmente en su rueda. La brecha se estaba cerrando sobre el espa\u00f1ol <strong>Enric<\/strong> Mas en la delantera.<\/p>\n\n\n\n<p><strong>Vingegaard<\/strong> recibi\u00f3 apoyo cuando alcanz\u00f3 al belga <strong>Victor Campenaerts<\/strong>, su compa\u00f1ero en el equipo <strong>Visma-Lease a Bike<\/strong>, pero <strong>Healy<\/strong> avanz\u00f3 m\u00e1s r\u00e1pido frente a ellos y desplaz\u00f3 a Mas de la delantera con 3,7 kil\u00f3metros por recorrer. <strong>Paret-Peintre<\/strong> lo sigui\u00f3 y fue ayudado por Van Wilder, su compa\u00f1ero en el equipo <strong>Soudal\u2013Quick-Step<\/strong>, para terminar justo por delante de <strong>Healy<\/strong>.<\/p>\n\n\n\n<p><strong>Vingegaard<\/strong> atac\u00f3 de nuevo, pero no pudo deshacerse de <strong>Poga\u010dar<\/strong>, quien atac\u00f3 a dos kil\u00f3metros del final para darle a su rival otro golpe desmoralizador.<\/p>\n\n\n\n<p>El mejor latinoamericano en la clasificaci\u00f3n general es el colombiano <strong>Jhonatan Narv\u00e1ez<\/strong>, compa\u00f1ero de <strong>Poga\u010dar<\/strong> en el UAE <strong>Team Emirates-XRG<\/strong>, a 52:04 minutos.<\/p>\n\n\n\n<p><\/p>\n","protected":false},"excerpt":{"rendered":"<p>(Foto: Agencias) Valentin Paret-Peintre emergi\u00f3 victorioso en el Mont Ventoux para convertirse el martes en<\/p>\n","protected":false},"author":4,"featured_media":8578,"comment_status":"closed","ping_status":"open","sticky":false,"template":"","format":"standard","meta":{"_jetpack_memberships_contains_paid_content":false,"footnotes":""},"categories":[70],"tags":[],"class_list":["post-8587","post","type-post","status-publish","format-standard","has-post-thumbnail","hentry","category-tour-de-francia"],"yoast_head":"<!-- This site is optimized with the Yoast SEO plugin v25.7 - https:\/\/yoast.com\/wordpress\/plugins\/seo\/ -->\n<title>Peintre, primer franc\u00e9s que gana una etapa - Esbozo Deportivo<\/title>\n<meta name=\"description\" content=\"Valentin Paret-Peintre emergi\u00f3 victorioso en el Mont Ventoux para convertirse el martes en el primer corredor local que gana una etapa en el Tour de Francia este a\u00f1o, mientras que Tadej Poga\u010dar consolid\u00f3 su liderato en la clasificaci\u00f3n general.\" \/>\n<meta name=\"robots\" content=\"index, follow, max-snippet:-1, max-image-preview:large, max-video-preview:-1\" \/>\n<link rel=\"canonical\" href=\"https:\/\/esbozodeportivo.com\/index.php\/2025\/07\/22\/peintre-primer-frances-que-gana-una-etapa\/\" \/>\n<meta property=\"og:locale\" content=\"es_MX\" \/>\n<meta property=\"og:type\" content=\"article\" \/>\n<meta property=\"og:title\" content=\"Peintre, primer franc\u00e9s que gana una etapa - Esbozo Deportivo\" \/>\n<meta property=\"og:description\" content=\"Valentin Paret-Peintre emergi\u00f3 victorioso en el Mont Ventoux para convertirse el martes en el primer corredor local que gana una etapa en el Tour de Francia este a\u00f1o, mientras que Tadej Poga\u010dar consolid\u00f3 su liderato en la clasificaci\u00f3n general.\" \/>\n<meta property=\"og:url\" content=\"https:\/\/esbozodeportivo.com\/index.php\/2025\/07\/22\/peintre-primer-frances-que-gana-una-etapa\/\" \/>\n<meta property=\"og:site_name\" content=\"Esbozo Deportivo\" \/>\n<meta property=\"article:published_time\" content=\"2025-07-23T05:43:45+00:00\" \/>\n<meta property=\"article:modified_time\" content=\"2025-07-23T05:43:46+00:00\" \/>\n<meta property=\"og:image\" content=\"https:\/\/esbozodeportivo.com\/wp-content\/uploads\/2025\/07\/Ciclismo-8.jpg\" \/>\n\t<meta property=\"og:image:width\" content=\"980\" \/>\n\t<meta property=\"og:image:height\" content=\"653\" \/>\n\t<meta property=\"og:image:type\" content=\"image\/jpeg\" \/>\n<meta name=\"author\" content=\"Redacci\u00f3n\" \/>\n<meta name=\"twitter:card\" content=\"summary_large_image\" \/>\n<meta name=\"twitter:label1\" content=\"Escrito por\" \/>\n\t<meta name=\"twitter:data1\" content=\"Redacci\u00f3n\" \/>\n\t<meta name=\"twitter:label2\" content=\"Tiempo de lectura\" \/>\n\t<meta name=\"twitter:data2\" content=\"3 minutos\" \/>\n<script type=\"application\/ld+json\" class=\"yoast-schema-graph\">{\"@context\":\"https:\/\/schema.org\",\"@graph\":[{\"@type\":\"Article\",\"@id\":\"https:\/\/esbozodeportivo.com\/index.php\/2025\/07\/22\/peintre-primer-frances-que-gana-una-etapa\/#article\",\"isPartOf\":{\"@id\":\"https:\/\/esbozodeportivo.com\/index.php\/2025\/07\/22\/peintre-primer-frances-que-gana-una-etapa\/\"},\"author\":{\"name\":\"Redacci\u00f3n\",\"@id\":\"https:\/\/esbozodeportivo.com\/#\/schema\/person\/0f6df9196dfe6740dd0bb31bae50d374\"},\"headline\":\"Peintre, primer franc\u00e9s que gana una etapa\",\"datePublished\":\"2025-07-23T05:43:45+00:00\",\"dateModified\":\"2025-07-23T05:43:46+00:00\",\"mainEntityOfPage\":{\"@id\":\"https:\/\/esbozodeportivo.com\/index.php\/2025\/07\/22\/peintre-primer-frances-que-gana-una-etapa\/\"},\"wordCount\":509,\"publisher\":{\"@id\":\"https:\/\/esbozodeportivo.com\/#organization\"},\"image\":{\"@id\":\"https:\/\/esbozodeportivo.com\/index.php\/2025\/07\/22\/peintre-primer-frances-que-gana-una-etapa\/#primaryimage\"},\"thumbnailUrl\":\"https:\/\/esbozodeportivo.com\/wp-content\/uploads\/2025\/07\/Ciclismo-8.jpg\",\"articleSection\":[\"Tour de Francia\"],\"inLanguage\":\"es\"},{\"@type\":\"WebPage\",\"@id\":\"https:\/\/esbozodeportivo.com\/index.php\/2025\/07\/22\/peintre-primer-frances-que-gana-una-etapa\/\",\"url\":\"https:\/\/esbozodeportivo.com\/index.php\/2025\/07\/22\/peintre-primer-frances-que-gana-una-etapa\/\",\"name\":\"Peintre, primer franc\u00e9s que gana una etapa - Esbozo Deportivo\",\"isPartOf\":{\"@id\":\"https:\/\/esbozodeportivo.com\/#website\"},\"primaryImageOfPage\":{\"@id\":\"https:\/\/esbozodeportivo.com\/index.php\/2025\/07\/22\/peintre-primer-frances-que-gana-una-etapa\/#primaryimage\"},\"image\":{\"@id\":\"https:\/\/esbozodeportivo.com\/index.php\/2025\/07\/22\/peintre-primer-frances-que-gana-una-etapa\/#primaryimage\"},\"thumbnailUrl\":\"https:\/\/esbozodeportivo.com\/wp-content\/uploads\/2025\/07\/Ciclismo-8.jpg\",\"datePublished\":\"2025-07-23T05:43:45+00:00\",\"dateModified\":\"2025-07-23T05:43:46+00:00\",\"description\":\"Valentin Paret-Peintre emergi\u00f3 victorioso en el Mont Ventoux para convertirse el martes en el primer corredor local que gana una etapa en el Tour de Francia este a\u00f1o, mientras que Tadej Poga\u010dar consolid\u00f3 su liderato en la clasificaci\u00f3n general.\",\"breadcrumb\":{\"@id\":\"https:\/\/esbozodeportivo.com\/index.php\/2025\/07\/22\/peintre-primer-frances-que-gana-una-etapa\/#breadcrumb\"},\"inLanguage\":\"es\",\"potentialAction\":[{\"@type\":\"ReadAction\",\"target\":[\"https:\/\/esbozodeportivo.com\/index.php\/2025\/07\/22\/peintre-primer-frances-que-gana-una-etapa\/\"]}]},{\"@type\":\"ImageObject\",\"inLanguage\":\"es\",\"@id\":\"https:\/\/esbozodeportivo.com\/index.php\/2025\/07\/22\/peintre-primer-frances-que-gana-una-etapa\/#primaryimage\",\"url\":\"https:\/\/esbozodeportivo.com\/wp-content\/uploads\/2025\/07\/Ciclismo-8.jpg\",\"contentUrl\":\"https:\/\/esbozodeportivo.com\/wp-content\/uploads\/2025\/07\/Ciclismo-8.jpg\",\"width\":980,\"height\":653},{\"@type\":\"BreadcrumbList\",\"@id\":\"https:\/\/esbozodeportivo.com\/index.php\/2025\/07\/22\/peintre-primer-frances-que-gana-una-etapa\/#breadcrumb\",\"itemListElement\":[{\"@type\":\"ListItem\",\"position\":1,\"name\":\"Inicio\",\"item\":\"https:\/\/esbozodeportivo.com\/\"},{\"@type\":\"ListItem\",\"position\":2,\"name\":\"Peintre, primer franc\u00e9s que gana una etapa\"}]},{\"@type\":\"WebSite\",\"@id\":\"https:\/\/esbozodeportivo.com\/#website\",\"url\":\"https:\/\/esbozodeportivo.com\/\",\"name\":\"Esbozo Deportivo\",\"description\":\"Lo m\u00e1s importante del Deporte\",\"publisher\":{\"@id\":\"https:\/\/esbozodeportivo.com\/#organization\"},\"potentialAction\":[{\"@type\":\"SearchAction\",\"target\":{\"@type\":\"EntryPoint\",\"urlTemplate\":\"https:\/\/esbozodeportivo.com\/?s={search_term_string}\"},\"query-input\":{\"@type\":\"PropertyValueSpecification\",\"valueRequired\":true,\"valueName\":\"search_term_string\"}}],\"inLanguage\":\"es\"},{\"@type\":\"Organization\",\"@id\":\"https:\/\/esbozodeportivo.com\/#organization\",\"name\":\"Esbozo Deportivo\",\"url\":\"https:\/\/esbozodeportivo.com\/\",\"logo\":{\"@type\":\"ImageObject\",\"inLanguage\":\"es\",\"@id\":\"https:\/\/esbozodeportivo.com\/#\/schema\/logo\/image\/\",\"url\":\"https:\/\/esbozodeportivo.com\/wp-content\/uploads\/2022\/08\/cropped-Logo-Esbozo-Web-2.png\",\"contentUrl\":\"https:\/\/esbozodeportivo.com\/wp-content\/uploads\/2022\/08\/cropped-Logo-Esbozo-Web-2.png\",\"width\":180,\"height\":50,\"caption\":\"Esbozo Deportivo\"},\"image\":{\"@id\":\"https:\/\/esbozodeportivo.com\/#\/schema\/logo\/image\/\"}},{\"@type\":\"Person\",\"@id\":\"https:\/\/esbozodeportivo.com\/#\/schema\/person\/0f6df9196dfe6740dd0bb31bae50d374\",\"name\":\"Redacci\u00f3n\",\"image\":{\"@type\":\"ImageObject\",\"inLanguage\":\"es\",\"@id\":\"https:\/\/esbozodeportivo.com\/#\/schema\/person\/image\/\",\"url\":\"https:\/\/secure.gravatar.com\/avatar\/f55268a89c3b418f2ef172ff52ab0d09b3e653c58de29539fe329fb93d78ebf3?s=96&d=mm&r=g\",\"contentUrl\":\"https:\/\/secure.gravatar.com\/avatar\/f55268a89c3b418f2ef172ff52ab0d09b3e653c58de29539fe329fb93d78ebf3?s=96&d=mm&r=g\",\"caption\":\"Redacci\u00f3n\"},\"url\":\"https:\/\/esbozodeportivo.com\/index.php\/author\/redaccion\/\"}]}<\/script>\n<!-- \/ Yoast SEO plugin. -->","yoast_head_json":{"title":"Peintre, primer franc\u00e9s que gana una etapa - Esbozo Deportivo","description":"Valentin Paret-Peintre emergi\u00f3 victorioso en el Mont Ventoux para convertirse el martes en el primer corredor local que gana una etapa en el Tour de Francia este a\u00f1o, mientras que Tadej Poga\u010dar consolid\u00f3 su liderato en la clasificaci\u00f3n general.","robots":{"index":"index","follow":"follow","max-snippet":"max-snippet:-1","max-image-preview":"max-image-preview:large","max-video-preview":"max-video-preview:-1"},"canonical":"https:\/\/esbozodeportivo.com\/index.php\/2025\/07\/22\/peintre-primer-frances-que-gana-una-etapa\/","og_locale":"es_MX","og_type":"article","og_title":"Peintre, primer franc\u00e9s que gana una etapa - Esbozo Deportivo","og_description":"Valentin Paret-Peintre emergi\u00f3 victorioso en el Mont Ventoux para convertirse el martes en el primer corredor local que gana una etapa en el Tour de Francia este a\u00f1o, mientras que Tadej Poga\u010dar consolid\u00f3 su liderato en la clasificaci\u00f3n general.","og_url":"https:\/\/esbozodeportivo.com\/index.php\/2025\/07\/22\/peintre-primer-frances-que-gana-una-etapa\/","og_site_name":"Esbozo Deportivo","article_published_time":"2025-07-23T05:43:45+00:00","article_modified_time":"2025-07-23T05:43:46+00:00","og_image":[{"width":980,"height":653,"url":"https:\/\/esbozodeportivo.com\/wp-content\/uploads\/2025\/07\/Ciclismo-8.jpg","type":"image\/jpeg"}],"author":"Redacci\u00f3n","twitter_card":"summary_large_image","twitter_misc":{"Escrito por":"Redacci\u00f3n","Tiempo de lectura":"3 minutos"},"schema":{"@context":"https:\/\/schema.org","@graph":[{"@type":"Article","@id":"https:\/\/esbozodeportivo.com\/index.php\/2025\/07\/22\/peintre-primer-frances-que-gana-una-etapa\/#article","isPartOf":{"@id":"https:\/\/esbozodeportivo.com\/index.php\/2025\/07\/22\/peintre-primer-frances-que-gana-una-etapa\/"},"author":{"name":"Redacci\u00f3n","@id":"https:\/\/esbozodeportivo.com\/#\/schema\/person\/0f6df9196dfe6740dd0bb31bae50d374"},"headline":"Peintre, primer franc\u00e9s que gana una etapa","datePublished":"2025-07-23T05:43:45+00:00","dateModified":"2025-07-23T05:43:46+00:00","mainEntityOfPage":{"@id":"https:\/\/esbozodeportivo.com\/index.php\/2025\/07\/22\/peintre-primer-frances-que-gana-una-etapa\/"},"wordCount":509,"publisher":{"@id":"https:\/\/esbozodeportivo.com\/#organization"},"image":{"@id":"https:\/\/esbozodeportivo.com\/index.php\/2025\/07\/22\/peintre-primer-frances-que-gana-una-etapa\/#primaryimage"},"thumbnailUrl":"https:\/\/esbozodeportivo.com\/wp-content\/uploads\/2025\/07\/Ciclismo-8.jpg","articleSection":["Tour de Francia"],"inLanguage":"es"},{"@type":"WebPage","@id":"https:\/\/esbozodeportivo.com\/index.php\/2025\/07\/22\/peintre-primer-frances-que-gana-una-etapa\/","url":"https:\/\/esbozodeportivo.com\/index.php\/2025\/07\/22\/peintre-primer-frances-que-gana-una-etapa\/","name":"Peintre, primer franc\u00e9s que gana una etapa - Esbozo Deportivo","isPartOf":{"@id":"https:\/\/esbozodeportivo.com\/#website"},"primaryImageOfPage":{"@id":"https:\/\/esbozodeportivo.com\/index.php\/2025\/07\/22\/peintre-primer-frances-que-gana-una-etapa\/#primaryimage"},"image":{"@id":"https:\/\/esbozodeportivo.com\/index.php\/2025\/07\/22\/peintre-primer-frances-que-gana-una-etapa\/#primaryimage"},"thumbnailUrl":"https:\/\/esbozodeportivo.com\/wp-content\/uploads\/2025\/07\/Ciclismo-8.jpg","datePublished":"2025-07-23T05:43:45+00:00","dateModified":"2025-07-23T05:43:46+00:00","description":"Valentin Paret-Peintre emergi\u00f3 victorioso en el Mont Ventoux para convertirse el martes en el primer corredor local que gana una etapa en el Tour de Francia este a\u00f1o, mientras que Tadej Poga\u010dar consolid\u00f3 su liderato en la clasificaci\u00f3n general.","breadcrumb":{"@id":"https:\/\/esbozodeportivo.com\/index.php\/2025\/07\/22\/peintre-primer-frances-que-gana-una-etapa\/#breadcrumb"},"inLanguage":"es","potentialAction":[{"@type":"ReadAction","target":["https:\/\/esbozodeportivo.com\/index.php\/2025\/07\/22\/peintre-primer-frances-que-gana-una-etapa\/"]}]},{"@type":"ImageObject","inLanguage":"es","@id":"https:\/\/esbozodeportivo.com\/index.php\/2025\/07\/22\/peintre-primer-frances-que-gana-una-etapa\/#primaryimage","url":"https:\/\/esbozodeportivo.com\/wp-content\/uploads\/2025\/07\/Ciclismo-8.jpg","contentUrl":"https:\/\/esbozodeportivo.com\/wp-content\/uploads\/2025\/07\/Ciclismo-8.jpg","width":980,"height":653},{"@type":"BreadcrumbList","@id":"https:\/\/esbozodeportivo.com\/index.php\/2025\/07\/22\/peintre-primer-frances-que-gana-una-etapa\/#breadcrumb","itemListElement":[{"@type":"ListItem","position":1,"name":"Inicio","item":"https:\/\/esbozodeportivo.com\/"},{"@type":"ListItem","position":2,"name":"Peintre, primer franc\u00e9s que gana una etapa"}]},{"@type":"WebSite","@id":"https:\/\/esbozodeportivo.com\/#website","url":"https:\/\/esbozodeportivo.com\/","name":"Esbozo Deportivo","description":"Lo m\u00e1s importante del Deporte","publisher":{"@id":"https:\/\/esbozodeportivo.com\/#organization"},"potentialAction":[{"@type":"SearchAction","target":{"@type":"EntryPoint","urlTemplate":"https:\/\/esbozodeportivo.com\/?s={search_term_string}"},"query-input":{"@type":"PropertyValueSpecification","valueRequired":true,"valueName":"search_term_string"}}],"inLanguage":"es"},{"@type":"Organization","@id":"https:\/\/esbozodeportivo.com\/#organization","name":"Esbozo Deportivo","url":"https:\/\/esbozodeportivo.com\/","logo":{"@type":"ImageObject","inLanguage":"es","@id":"https:\/\/esbozodeportivo.com\/#\/schema\/logo\/image\/","url":"https:\/\/esbozodeportivo.com\/wp-content\/uploads\/2022\/08\/cropped-Logo-Esbozo-Web-2.png","contentUrl":"https:\/\/esbozodeportivo.com\/wp-content\/uploads\/2022\/08\/cropped-Logo-Esbozo-Web-2.png","width":180,"height":50,"caption":"Esbozo Deportivo"},"image":{"@id":"https:\/\/esbozodeportivo.com\/#\/schema\/logo\/image\/"}},{"@type":"Person","@id":"https:\/\/esbozodeportivo.com\/#\/schema\/person\/0f6df9196dfe6740dd0bb31bae50d374","name":"Redacci\u00f3n","image":{"@type":"ImageObject","inLanguage":"es","@id":"https:\/\/esbozodeportivo.com\/#\/schema\/person\/image\/","url":"https:\/\/secure.gravatar.com\/avatar\/f55268a89c3b418f2ef172ff52ab0d09b3e653c58de29539fe329fb93d78ebf3?s=96&d=mm&r=g","contentUrl":"https:\/\/secure.gravatar.com\/avatar\/f55268a89c3b418f2ef172ff52ab0d09b3e653c58de29539fe329fb93d78ebf3?s=96&d=mm&r=g","caption":"Redacci\u00f3n"},"url":"https:\/\/esbozodeportivo.com\/index.php\/author\/redaccion\/"}]}},"jetpack_featured_media_url":"https:\/\/esbozodeportivo.com\/wp-content\/uploads\/2025\/07\/Ciclismo-8.jpg","jetpack_sharing_enabled":true,"_links":{"self":[{"href":"https:\/\/esbozodeportivo.com\/index.php\/wp-json\/wp\/v2\/posts\/8587","targetHints":{"allow":["GET"]}}],"collection":[{"href":"https:\/\/esbozodeportivo.com\/index.php\/wp-json\/wp\/v2\/posts"}],"about":[{"href":"https:\/\/esbozodeportivo.com\/index.php\/wp-json\/wp\/v2\/types\/post"}],"author":[{"embeddable":true,"href":"https:\/\/esbozodeportivo.com\/index.php\/wp-json\/wp\/v2\/users\/4"}],"replies":[{"embeddable":true,"href":"https:\/\/esbozodeportivo.com\/index.php\/wp-json\/wp\/v2\/comments?post=8587"}],"version-history":[{"count":1,"href":"https:\/\/esbozodeportivo.com\/index.php\/wp-json\/wp\/v2\/posts\/8587\/revisions"}],"predecessor-version":[{"id":8588,"href":"https:\/\/esbozodeportivo.com\/index.php\/wp-json\/wp\/v2\/posts\/8587\/revisions\/8588"}],"wp:featuredmedia":[{"embeddable":true,"href":"https:\/\/esbozodeportivo.com\/index.php\/wp-json\/wp\/v2\/media\/8578"}],"wp:attachment":[{"href":"https:\/\/esbozodeportivo.com\/index.php\/wp-json\/wp\/v2\/media?parent=8587"}],"wp:term":[{"taxonomy":"category","embeddable":true,"href":"https:\/\/esbozodeportivo.com\/index.php\/wp-json\/wp\/v2\/categories?post=8587"},{"taxonomy":"post_tag","embeddable":true,"href":"https:\/\/esbozodeportivo.com\/index.php\/wp-json\/wp\/v2\/tags?post=8587"}],"curies":[{"name":"wp","href":"https:\/\/api.w.org\/{rel}","templated":true}]}}