{"id":8683,"date":"2025-07-27T00:08:58","date_gmt":"2025-07-27T06:08:58","guid":{"rendered":"https:\/\/esbozodeportivo.com\/?p=8683"},"modified":"2025-07-27T00:08:59","modified_gmt":"2025-07-27T06:08:59","slug":"michoacan-se-prepara-para-recibir-a-embajadores-de-america-latina-en-un-foro-que-redefinira-el-futuro-del-comercio-y-el-turismo","status":"publish","type":"post","link":"https:\/\/esbozodeportivo.com\/index.php\/2025\/07\/27\/michoacan-se-prepara-para-recibir-a-embajadores-de-america-latina-en-un-foro-que-redefinira-el-futuro-del-comercio-y-el-turismo\/","title":{"rendered":"Michoac\u00e1n se prepara para recibir a embajadores de Am\u00e9rica Latina en un foro que redefinir\u00e1 el futuro del comercio y el turismo"},"content":{"rendered":"\n<p>(Foto: Cortes\u00eda) <\/p>\n\n\n\n<p><strong>* Morelia, P\u00e1tzcuaro y Huiramba ser\u00e1n escenario del Foro Internacional de Desarrollo Sustentable 2025, con la participaci\u00f3n confirmada de m\u00e1s de 10 embajadores y altos funcionarios diplom\u00e1ticos<\/strong><\/p>\n\n\n\n<p>Con la presencia confirmada hasta hoy de m\u00e1s de diez embajadores y ministros consejeros de Am\u00e9rica Latina y el Caribe, el Foro Internacional de Desarrollo Sustentable 2025: Di\u00e1logos por un Comercio y un Turismo Transformador toma forma como uno de los encuentros m\u00e1s relevantes del a\u00f1o en materia de cooperaci\u00f3n regional, diplomacia ambiental y transformaci\u00f3n econ\u00f3mica desde lo local.<\/p>\n\n\n\n<p>Del 1 al 3 de agosto, las ciudades de Morelia, P\u00e1tzcuaro y Huiramba en Michoac\u00e1n ser\u00e1n la sede de un foro que reunir\u00e1 a l\u00edderes diplom\u00e1ticos, expertos en desarrollo, representantes comunitarios y organismos internacionales, quienes durante tres d\u00edas sostendr\u00e1n encuentros estrat\u00e9gicos para construir una visi\u00f3n compartida de desarrollo econ\u00f3mico que respete los l\u00edmites del planeta, los derechos humanos y las culturas originarias.<\/p>\n\n\n\n<p>El foro, impulsado por la Embajada de Panam\u00e1 en M\u00e9xico, el Grupo de Am\u00e9rica Latina y el Caribe (GRULAC), el Gobierno de Michoac\u00e1n, la Fundaci\u00f3n Desarrollo Sustentable y Cambio Clim\u00e1tico y la Coordinaci\u00f3n Nacional de Organizaciones de la Sociedad Civil,contar\u00e1 con la participaci\u00f3n activa de los embajadores de Rep\u00fablica Dominicana, Guatemala, Costa Rica, Colombia, Venezuela, Jamaica, Chile, Cuba y Panam\u00e1, entre otros altos representantes, quienes ya han confirmado su presencia junto a sus acompa\u00f1antes diplom\u00e1ticos.<\/p>\n\n\n\n<p>Una de las mesas centrales del evento se titula \u201cDi\u00e1logos por un Comercio y Turismo Transformador\u201d y ser\u00e1 moderada por Omar Guadarrama Cedillo, presidente de la Fundaci\u00f3n Desarrollo Sustentable y Cambio Clim\u00e1tico. En ella, los diplom\u00e1ticos intercambiar\u00e1n visiones sobre c\u00f3mo reconfigurar el papel del turismo y el comercio en tiempos de crisis clim\u00e1tica, desigualdad social y transformaciones geopol\u00edticas.<\/p>\n\n\n\n<p>Otra mesa de trabajo, \u201cDesarrollo Econ\u00f3mico en Municipios: Principales Estrategias Internacionales\u201d, estar\u00e1 integrada por el ministro consejero de la Embajada de Panam\u00e1, Erick Cajar Grimas; un representante del Gobierno del Estado de Michoac\u00e1n, Omar Guadarrama Cedillo y ser\u00e1 moderada por Guadalupe S\u00e1nchez Gama, secretaria general de la fundaci\u00f3n.<\/p>\n\n\n\n<p>La sede principal ser\u00e1 Casa Michoac\u00e1n en Morelia, donde se desarrollar\u00e1n las sesiones inaugurales y diplom\u00e1ticas, mientras que P\u00e1tzcuaro y Huiramba ofrecer\u00e1n espacios para recorridos culturales, actividades comunitarias y exposiciones de econom\u00eda circular, turismo regenerativo y comercio justo. Estas localidades, emblem\u00e1ticas por su riqueza natural y cultural, fueron seleccionadas por su papel en la defensa del agua, la biodiversidad y el patrimonio vivo de la regi\u00f3n.<\/p>\n\n\n\n<p>\u201cEl foro no es un evento m\u00e1s. Es una plataforma de articulaci\u00f3n internacional para pasar del discurso a la acci\u00f3n, y de la promesa al compromiso\u201d, ha reiterado Omar Guadarrama, quien tambi\u00e9n subraya que los objetivos del foro se alinean con la Agenda 2030, el Acuerdo de Par\u00eds y las metas de regeneraci\u00f3n social y ambiental que urge implementar desde ya.<\/p>\n\n\n\n<p>La presencia de diplom\u00e1ticos de alto nivel, entre ellos los embajadores Abraham Mart\u00ednez Montilla (Panam\u00e1), Juan Bol\u00edvar D\u00edaz (Rep\u00fablica Dominicana), Marcos Rodr\u00edguez (Cuba), Pablo Heriberto Abarca (Costa Rica), Carlos Fernando Garc\u00eda (Colombia), Stella Marina Lugo (Venezuela) y Julia Elizabeth Hyatt (Jamaica), posiciona al foro como un nodo clave para la diplomacia ambiental en la regi\u00f3n.<\/p>\n\n\n\n<p>Michoac\u00e1n se convierte as\u00ed en el epicentro de una conversaci\u00f3n urgente: c\u00f3mo construir econom\u00edas locales resilientes, ecol\u00f3gicamente responsables y culturalmente arraigadas, sin repetir los errores del pasado. El agua, la biodiversidad, los saberes ancestrales, la innovaci\u00f3n verde y el papel de las comunidades ser\u00e1n protagonistas de este encuentro que busca redefinir el futuro del desarrollo desde Am\u00e9rica Latina y el Caribe.<\/p>\n\n\n\n<p>La invitaci\u00f3n est\u00e1 abierta a empresarios, estudiantes, autoridades locales, organizaciones civiles y al p\u00fablico en general y el acceso ser\u00e1 gratuito para que todos los comprometidos con la sustentabilidad y la lucha contra el cambio clim\u00e1tico se acerquen y comiencen a actuar, porque el futuro se construye desde hoy, con di\u00e1logo, cooperaci\u00f3n y acci\u00f3n compartida.<\/p>\n\n\n\n<p><\/p>\n","protected":false},"excerpt":{"rendered":"<p>(Foto: Cortes\u00eda) * Morelia, P\u00e1tzcuaro y Huiramba ser\u00e1n escenario del Foro Internacional de Desarrollo Sustentable<\/p>\n","protected":false},"author":4,"featured_media":8684,"comment_status":"closed","ping_status":"open","sticky":false,"template":"","format":"standard","meta":{"_jetpack_memberships_contains_paid_content":false,"footnotes":""},"categories":[36],"tags":[],"class_list":["post-8683","post","type-post","status-publish","format-standard","has-post-thumbnail","hentry","category-nacional"],"yoast_head":"<!-- This site is optimized with the Yoast SEO plugin v25.7 - https:\/\/yoast.com\/wordpress\/plugins\/seo\/ -->\n<title>Michoac\u00e1n se prepara para recibir a embajadores de Am\u00e9rica Latina en un foro que redefinir\u00e1 el futuro del comercio y el turismo - Esbozo Deportivo<\/title>\n<meta name=\"description\" content=\"Con la presencia confirmada hasta hoy de m\u00e1s de diez embajadores y ministros consejeros de Am\u00e9rica Latina y el Caribe, el Foro Internacional de Desarrollo Sustentable 2025: Di\u00e1logos por un Comercio y un Turismo Transformador toma forma como uno de los encuentros m\u00e1s relevantes del a\u00f1o en materia de cooperaci\u00f3n regional, diplomacia ambiental y transformaci\u00f3n econ\u00f3mica desde lo local.\" \/>\n<meta name=\"robots\" content=\"index, follow, max-snippet:-1, max-image-preview:large, max-video-preview:-1\" \/>\n<link rel=\"canonical\" href=\"https:\/\/esbozodeportivo.com\/index.php\/2025\/07\/27\/michoacan-se-prepara-para-recibir-a-embajadores-de-america-latina-en-un-foro-que-redefinira-el-futuro-del-comercio-y-el-turismo\/\" \/>\n<meta property=\"og:locale\" content=\"es_MX\" \/>\n<meta property=\"og:type\" content=\"article\" \/>\n<meta property=\"og:title\" content=\"Michoac\u00e1n se prepara para recibir a embajadores de Am\u00e9rica Latina en un foro que redefinir\u00e1 el futuro del comercio y el turismo - Esbozo Deportivo\" \/>\n<meta property=\"og:description\" content=\"Con la presencia confirmada hasta hoy de m\u00e1s de diez embajadores y ministros consejeros de Am\u00e9rica Latina y el Caribe, el Foro Internacional de Desarrollo Sustentable 2025: Di\u00e1logos por un Comercio y un Turismo Transformador toma forma como uno de los encuentros m\u00e1s relevantes del a\u00f1o en materia de cooperaci\u00f3n regional, diplomacia ambiental y transformaci\u00f3n econ\u00f3mica desde lo local.\" \/>\n<meta property=\"og:url\" content=\"https:\/\/esbozodeportivo.com\/index.php\/2025\/07\/27\/michoacan-se-prepara-para-recibir-a-embajadores-de-america-latina-en-un-foro-que-redefinira-el-futuro-del-comercio-y-el-turismo\/\" \/>\n<meta property=\"og:site_name\" content=\"Esbozo Deportivo\" \/>\n<meta property=\"article:published_time\" content=\"2025-07-27T06:08:58+00:00\" \/>\n<meta property=\"article:modified_time\" content=\"2025-07-27T06:08:59+00:00\" \/>\n<meta property=\"og:image\" content=\"https:\/\/esbozodeportivo.com\/wp-content\/uploads\/2025\/07\/664.jpg\" \/>\n\t<meta property=\"og:image:width\" content=\"1280\" \/>\n\t<meta property=\"og:image:height\" content=\"607\" \/>\n\t<meta property=\"og:image:type\" content=\"image\/jpeg\" \/>\n<meta name=\"author\" content=\"Redacci\u00f3n\" \/>\n<meta name=\"twitter:card\" content=\"summary_large_image\" \/>\n<meta name=\"twitter:label1\" content=\"Escrito por\" \/>\n\t<meta name=\"twitter:data1\" content=\"Redacci\u00f3n\" \/>\n\t<meta name=\"twitter:label2\" content=\"Tiempo de lectura\" \/>\n\t<meta name=\"twitter:data2\" content=\"4 minutos\" \/>\n<script type=\"application\/ld+json\" class=\"yoast-schema-graph\">{\"@context\":\"https:\/\/schema.org\",\"@graph\":[{\"@type\":\"Article\",\"@id\":\"https:\/\/esbozodeportivo.com\/index.php\/2025\/07\/27\/michoacan-se-prepara-para-recibir-a-embajadores-de-america-latina-en-un-foro-que-redefinira-el-futuro-del-comercio-y-el-turismo\/#article\",\"isPartOf\":{\"@id\":\"https:\/\/esbozodeportivo.com\/index.php\/2025\/07\/27\/michoacan-se-prepara-para-recibir-a-embajadores-de-america-latina-en-un-foro-que-redefinira-el-futuro-del-comercio-y-el-turismo\/\"},\"author\":{\"name\":\"Redacci\u00f3n\",\"@id\":\"https:\/\/esbozodeportivo.com\/#\/schema\/person\/0f6df9196dfe6740dd0bb31bae50d374\"},\"headline\":\"Michoac\u00e1n se prepara para recibir a embajadores de Am\u00e9rica Latina en un foro que redefinir\u00e1 el futuro del comercio y el turismo\",\"datePublished\":\"2025-07-27T06:08:58+00:00\",\"dateModified\":\"2025-07-27T06:08:59+00:00\",\"mainEntityOfPage\":{\"@id\":\"https:\/\/esbozodeportivo.com\/index.php\/2025\/07\/27\/michoacan-se-prepara-para-recibir-a-embajadores-de-america-latina-en-un-foro-que-redefinira-el-futuro-del-comercio-y-el-turismo\/\"},\"wordCount\":730,\"publisher\":{\"@id\":\"https:\/\/esbozodeportivo.com\/#organization\"},\"image\":{\"@id\":\"https:\/\/esbozodeportivo.com\/index.php\/2025\/07\/27\/michoacan-se-prepara-para-recibir-a-embajadores-de-america-latina-en-un-foro-que-redefinira-el-futuro-del-comercio-y-el-turismo\/#primaryimage\"},\"thumbnailUrl\":\"https:\/\/esbozodeportivo.com\/wp-content\/uploads\/2025\/07\/664.jpg\",\"articleSection\":[\"Nacional\"],\"inLanguage\":\"es\"},{\"@type\":\"WebPage\",\"@id\":\"https:\/\/esbozodeportivo.com\/index.php\/2025\/07\/27\/michoacan-se-prepara-para-recibir-a-embajadores-de-america-latina-en-un-foro-que-redefinira-el-futuro-del-comercio-y-el-turismo\/\",\"url\":\"https:\/\/esbozodeportivo.com\/index.php\/2025\/07\/27\/michoacan-se-prepara-para-recibir-a-embajadores-de-america-latina-en-un-foro-que-redefinira-el-futuro-del-comercio-y-el-turismo\/\",\"name\":\"Michoac\u00e1n se prepara para recibir a embajadores de Am\u00e9rica Latina en un foro que redefinir\u00e1 el futuro del comercio y el turismo - Esbozo Deportivo\",\"isPartOf\":{\"@id\":\"https:\/\/esbozodeportivo.com\/#website\"},\"primaryImageOfPage\":{\"@id\":\"https:\/\/esbozodeportivo.com\/index.php\/2025\/07\/27\/michoacan-se-prepara-para-recibir-a-embajadores-de-america-latina-en-un-foro-que-redefinira-el-futuro-del-comercio-y-el-turismo\/#primaryimage\"},\"image\":{\"@id\":\"https:\/\/esbozodeportivo.com\/index.php\/2025\/07\/27\/michoacan-se-prepara-para-recibir-a-embajadores-de-america-latina-en-un-foro-que-redefinira-el-futuro-del-comercio-y-el-turismo\/#primaryimage\"},\"thumbnailUrl\":\"https:\/\/esbozodeportivo.com\/wp-content\/uploads\/2025\/07\/664.jpg\",\"datePublished\":\"2025-07-27T06:08:58+00:00\",\"dateModified\":\"2025-07-27T06:08:59+00:00\",\"description\":\"Con la presencia confirmada hasta hoy de m\u00e1s de diez embajadores y ministros consejeros de Am\u00e9rica Latina y el Caribe, el Foro Internacional de Desarrollo Sustentable 2025: Di\u00e1logos por un Comercio y un Turismo Transformador toma forma como uno de los encuentros m\u00e1s relevantes del a\u00f1o en materia de cooperaci\u00f3n regional, diplomacia ambiental y transformaci\u00f3n econ\u00f3mica desde lo local.\",\"breadcrumb\":{\"@id\":\"https:\/\/esbozodeportivo.com\/index.php\/2025\/07\/27\/michoacan-se-prepara-para-recibir-a-embajadores-de-america-latina-en-un-foro-que-redefinira-el-futuro-del-comercio-y-el-turismo\/#breadcrumb\"},\"inLanguage\":\"es\",\"potentialAction\":[{\"@type\":\"ReadAction\",\"target\":[\"https:\/\/esbozodeportivo.com\/index.php\/2025\/07\/27\/michoacan-se-prepara-para-recibir-a-embajadores-de-america-latina-en-un-foro-que-redefinira-el-futuro-del-comercio-y-el-turismo\/\"]}]},{\"@type\":\"ImageObject\",\"inLanguage\":\"es\",\"@id\":\"https:\/\/esbozodeportivo.com\/index.php\/2025\/07\/27\/michoacan-se-prepara-para-recibir-a-embajadores-de-america-latina-en-un-foro-que-redefinira-el-futuro-del-comercio-y-el-turismo\/#primaryimage\",\"url\":\"https:\/\/esbozodeportivo.com\/wp-content\/uploads\/2025\/07\/664.jpg\",\"contentUrl\":\"https:\/\/esbozodeportivo.com\/wp-content\/uploads\/2025\/07\/664.jpg\",\"width\":1280,\"height\":607},{\"@type\":\"BreadcrumbList\",\"@id\":\"https:\/\/esbozodeportivo.com\/index.php\/2025\/07\/27\/michoacan-se-prepara-para-recibir-a-embajadores-de-america-latina-en-un-foro-que-redefinira-el-futuro-del-comercio-y-el-turismo\/#breadcrumb\",\"itemListElement\":[{\"@type\":\"ListItem\",\"position\":1,\"name\":\"Inicio\",\"item\":\"https:\/\/esbozodeportivo.com\/\"},{\"@type\":\"ListItem\",\"position\":2,\"name\":\"Michoac\u00e1n se prepara para recibir a embajadores de Am\u00e9rica Latina en un foro que redefinir\u00e1 el futuro del comercio y el turismo\"}]},{\"@type\":\"WebSite\",\"@id\":\"https:\/\/esbozodeportivo.com\/#website\",\"url\":\"https:\/\/esbozodeportivo.com\/\",\"name\":\"Esbozo Deportivo\",\"description\":\"Lo m\u00e1s importante del Deporte\",\"publisher\":{\"@id\":\"https:\/\/esbozodeportivo.com\/#organization\"},\"potentialAction\":[{\"@type\":\"SearchAction\",\"target\":{\"@type\":\"EntryPoint\",\"urlTemplate\":\"https:\/\/esbozodeportivo.com\/?s={search_term_string}\"},\"query-input\":{\"@type\":\"PropertyValueSpecification\",\"valueRequired\":true,\"valueName\":\"search_term_string\"}}],\"inLanguage\":\"es\"},{\"@type\":\"Organization\",\"@id\":\"https:\/\/esbozodeportivo.com\/#organization\",\"name\":\"Esbozo Deportivo\",\"url\":\"https:\/\/esbozodeportivo.com\/\",\"logo\":{\"@type\":\"ImageObject\",\"inLanguage\":\"es\",\"@id\":\"https:\/\/esbozodeportivo.com\/#\/schema\/logo\/image\/\",\"url\":\"https:\/\/esbozodeportivo.com\/wp-content\/uploads\/2022\/08\/cropped-Logo-Esbozo-Web-2.png\",\"contentUrl\":\"https:\/\/esbozodeportivo.com\/wp-content\/uploads\/2022\/08\/cropped-Logo-Esbozo-Web-2.png\",\"width\":180,\"height\":50,\"caption\":\"Esbozo Deportivo\"},\"image\":{\"@id\":\"https:\/\/esbozodeportivo.com\/#\/schema\/logo\/image\/\"}},{\"@type\":\"Person\",\"@id\":\"https:\/\/esbozodeportivo.com\/#\/schema\/person\/0f6df9196dfe6740dd0bb31bae50d374\",\"name\":\"Redacci\u00f3n\",\"image\":{\"@type\":\"ImageObject\",\"inLanguage\":\"es\",\"@id\":\"https:\/\/esbozodeportivo.com\/#\/schema\/person\/image\/\",\"url\":\"https:\/\/secure.gravatar.com\/avatar\/f55268a89c3b418f2ef172ff52ab0d09b3e653c58de29539fe329fb93d78ebf3?s=96&d=mm&r=g\",\"contentUrl\":\"https:\/\/secure.gravatar.com\/avatar\/f55268a89c3b418f2ef172ff52ab0d09b3e653c58de29539fe329fb93d78ebf3?s=96&d=mm&r=g\",\"caption\":\"Redacci\u00f3n\"},\"url\":\"https:\/\/esbozodeportivo.com\/index.php\/author\/redaccion\/\"}]}<\/script>\n<!-- \/ Yoast SEO plugin. -->","yoast_head_json":{"title":"Michoac\u00e1n se prepara para recibir a embajadores de Am\u00e9rica Latina en un foro que redefinir\u00e1 el futuro del comercio y el turismo - Esbozo Deportivo","description":"Con la presencia confirmada hasta hoy de m\u00e1s de diez embajadores y ministros consejeros de Am\u00e9rica Latina y el Caribe, el Foro Internacional de Desarrollo Sustentable 2025: Di\u00e1logos por un Comercio y un Turismo Transformador toma forma como uno de los encuentros m\u00e1s relevantes del a\u00f1o en materia de cooperaci\u00f3n regional, diplomacia ambiental y transformaci\u00f3n econ\u00f3mica desde lo local.","robots":{"index":"index","follow":"follow","max-snippet":"max-snippet:-1","max-image-preview":"max-image-preview:large","max-video-preview":"max-video-preview:-1"},"canonical":"https:\/\/esbozodeportivo.com\/index.php\/2025\/07\/27\/michoacan-se-prepara-para-recibir-a-embajadores-de-america-latina-en-un-foro-que-redefinira-el-futuro-del-comercio-y-el-turismo\/","og_locale":"es_MX","og_type":"article","og_title":"Michoac\u00e1n se prepara para recibir a embajadores de Am\u00e9rica Latina en un foro que redefinir\u00e1 el futuro del comercio y el turismo - Esbozo Deportivo","og_description":"Con la presencia confirmada hasta hoy de m\u00e1s de diez embajadores y ministros consejeros de Am\u00e9rica Latina y el Caribe, el Foro Internacional de Desarrollo Sustentable 2025: Di\u00e1logos por un Comercio y un Turismo Transformador toma forma como uno de los encuentros m\u00e1s relevantes del a\u00f1o en materia de cooperaci\u00f3n regional, diplomacia ambiental y transformaci\u00f3n econ\u00f3mica desde lo local.","og_url":"https:\/\/esbozodeportivo.com\/index.php\/2025\/07\/27\/michoacan-se-prepara-para-recibir-a-embajadores-de-america-latina-en-un-foro-que-redefinira-el-futuro-del-comercio-y-el-turismo\/","og_site_name":"Esbozo Deportivo","article_published_time":"2025-07-27T06:08:58+00:00","article_modified_time":"2025-07-27T06:08:59+00:00","og_image":[{"width":1280,"height":607,"url":"https:\/\/esbozodeportivo.com\/wp-content\/uploads\/2025\/07\/664.jpg","type":"image\/jpeg"}],"author":"Redacci\u00f3n","twitter_card":"summary_large_image","twitter_misc":{"Escrito por":"Redacci\u00f3n","Tiempo de lectura":"4 minutos"},"schema":{"@context":"https:\/\/schema.org","@graph":[{"@type":"Article","@id":"https:\/\/esbozodeportivo.com\/index.php\/2025\/07\/27\/michoacan-se-prepara-para-recibir-a-embajadores-de-america-latina-en-un-foro-que-redefinira-el-futuro-del-comercio-y-el-turismo\/#article","isPartOf":{"@id":"https:\/\/esbozodeportivo.com\/index.php\/2025\/07\/27\/michoacan-se-prepara-para-recibir-a-embajadores-de-america-latina-en-un-foro-que-redefinira-el-futuro-del-comercio-y-el-turismo\/"},"author":{"name":"Redacci\u00f3n","@id":"https:\/\/esbozodeportivo.com\/#\/schema\/person\/0f6df9196dfe6740dd0bb31bae50d374"},"headline":"Michoac\u00e1n se prepara para recibir a embajadores de Am\u00e9rica Latina en un foro que redefinir\u00e1 el futuro del comercio y el turismo","datePublished":"2025-07-27T06:08:58+00:00","dateModified":"2025-07-27T06:08:59+00:00","mainEntityOfPage":{"@id":"https:\/\/esbozodeportivo.com\/index.php\/2025\/07\/27\/michoacan-se-prepara-para-recibir-a-embajadores-de-america-latina-en-un-foro-que-redefinira-el-futuro-del-comercio-y-el-turismo\/"},"wordCount":730,"publisher":{"@id":"https:\/\/esbozodeportivo.com\/#organization"},"image":{"@id":"https:\/\/esbozodeportivo.com\/index.php\/2025\/07\/27\/michoacan-se-prepara-para-recibir-a-embajadores-de-america-latina-en-un-foro-que-redefinira-el-futuro-del-comercio-y-el-turismo\/#primaryimage"},"thumbnailUrl":"https:\/\/esbozodeportivo.com\/wp-content\/uploads\/2025\/07\/664.jpg","articleSection":["Nacional"],"inLanguage":"es"},{"@type":"WebPage","@id":"https:\/\/esbozodeportivo.com\/index.php\/2025\/07\/27\/michoacan-se-prepara-para-recibir-a-embajadores-de-america-latina-en-un-foro-que-redefinira-el-futuro-del-comercio-y-el-turismo\/","url":"https:\/\/esbozodeportivo.com\/index.php\/2025\/07\/27\/michoacan-se-prepara-para-recibir-a-embajadores-de-america-latina-en-un-foro-que-redefinira-el-futuro-del-comercio-y-el-turismo\/","name":"Michoac\u00e1n se prepara para recibir a embajadores de Am\u00e9rica Latina en un foro que redefinir\u00e1 el futuro del comercio y el turismo - Esbozo Deportivo","isPartOf":{"@id":"https:\/\/esbozodeportivo.com\/#website"},"primaryImageOfPage":{"@id":"https:\/\/esbozodeportivo.com\/index.php\/2025\/07\/27\/michoacan-se-prepara-para-recibir-a-embajadores-de-america-latina-en-un-foro-que-redefinira-el-futuro-del-comercio-y-el-turismo\/#primaryimage"},"image":{"@id":"https:\/\/esbozodeportivo.com\/index.php\/2025\/07\/27\/michoacan-se-prepara-para-recibir-a-embajadores-de-america-latina-en-un-foro-que-redefinira-el-futuro-del-comercio-y-el-turismo\/#primaryimage"},"thumbnailUrl":"https:\/\/esbozodeportivo.com\/wp-content\/uploads\/2025\/07\/664.jpg","datePublished":"2025-07-27T06:08:58+00:00","dateModified":"2025-07-27T06:08:59+00:00","description":"Con la presencia confirmada hasta hoy de m\u00e1s de diez embajadores y ministros consejeros de Am\u00e9rica Latina y el Caribe, el Foro Internacional de Desarrollo Sustentable 2025: Di\u00e1logos por un Comercio y un Turismo Transformador toma forma como uno de los encuentros m\u00e1s relevantes del a\u00f1o en materia de cooperaci\u00f3n regional, diplomacia ambiental y transformaci\u00f3n econ\u00f3mica desde lo local.","breadcrumb":{"@id":"https:\/\/esbozodeportivo.com\/index.php\/2025\/07\/27\/michoacan-se-prepara-para-recibir-a-embajadores-de-america-latina-en-un-foro-que-redefinira-el-futuro-del-comercio-y-el-turismo\/#breadcrumb"},"inLanguage":"es","potentialAction":[{"@type":"ReadAction","target":["https:\/\/esbozodeportivo.com\/index.php\/2025\/07\/27\/michoacan-se-prepara-para-recibir-a-embajadores-de-america-latina-en-un-foro-que-redefinira-el-futuro-del-comercio-y-el-turismo\/"]}]},{"@type":"ImageObject","inLanguage":"es","@id":"https:\/\/esbozodeportivo.com\/index.php\/2025\/07\/27\/michoacan-se-prepara-para-recibir-a-embajadores-de-america-latina-en-un-foro-que-redefinira-el-futuro-del-comercio-y-el-turismo\/#primaryimage","url":"https:\/\/esbozodeportivo.com\/wp-content\/uploads\/2025\/07\/664.jpg","contentUrl":"https:\/\/esbozodeportivo.com\/wp-content\/uploads\/2025\/07\/664.jpg","width":1280,"height":607},{"@type":"BreadcrumbList","@id":"https:\/\/esbozodeportivo.com\/index.php\/2025\/07\/27\/michoacan-se-prepara-para-recibir-a-embajadores-de-america-latina-en-un-foro-que-redefinira-el-futuro-del-comercio-y-el-turismo\/#breadcrumb","itemListElement":[{"@type":"ListItem","position":1,"name":"Inicio","item":"https:\/\/esbozodeportivo.com\/"},{"@type":"ListItem","position":2,"name":"Michoac\u00e1n se prepara para recibir a embajadores de Am\u00e9rica Latina en un foro que redefinir\u00e1 el futuro del comercio y el turismo"}]},{"@type":"WebSite","@id":"https:\/\/esbozodeportivo.com\/#website","url":"https:\/\/esbozodeportivo.com\/","name":"Esbozo Deportivo","description":"Lo m\u00e1s importante del Deporte","publisher":{"@id":"https:\/\/esbozodeportivo.com\/#organization"},"potentialAction":[{"@type":"SearchAction","target":{"@type":"EntryPoint","urlTemplate":"https:\/\/esbozodeportivo.com\/?s={search_term_string}"},"query-input":{"@type":"PropertyValueSpecification","valueRequired":true,"valueName":"search_term_string"}}],"inLanguage":"es"},{"@type":"Organization","@id":"https:\/\/esbozodeportivo.com\/#organization","name":"Esbozo Deportivo","url":"https:\/\/esbozodeportivo.com\/","logo":{"@type":"ImageObject","inLanguage":"es","@id":"https:\/\/esbozodeportivo.com\/#\/schema\/logo\/image\/","url":"https:\/\/esbozodeportivo.com\/wp-content\/uploads\/2022\/08\/cropped-Logo-Esbozo-Web-2.png","contentUrl":"https:\/\/esbozodeportivo.com\/wp-content\/uploads\/2022\/08\/cropped-Logo-Esbozo-Web-2.png","width":180,"height":50,"caption":"Esbozo Deportivo"},"image":{"@id":"https:\/\/esbozodeportivo.com\/#\/schema\/logo\/image\/"}},{"@type":"Person","@id":"https:\/\/esbozodeportivo.com\/#\/schema\/person\/0f6df9196dfe6740dd0bb31bae50d374","name":"Redacci\u00f3n","image":{"@type":"ImageObject","inLanguage":"es","@id":"https:\/\/esbozodeportivo.com\/#\/schema\/person\/image\/","url":"https:\/\/secure.gravatar.com\/avatar\/f55268a89c3b418f2ef172ff52ab0d09b3e653c58de29539fe329fb93d78ebf3?s=96&d=mm&r=g","contentUrl":"https:\/\/secure.gravatar.com\/avatar\/f55268a89c3b418f2ef172ff52ab0d09b3e653c58de29539fe329fb93d78ebf3?s=96&d=mm&r=g","caption":"Redacci\u00f3n"},"url":"https:\/\/esbozodeportivo.com\/index.php\/author\/redaccion\/"}]}},"jetpack_featured_media_url":"https:\/\/esbozodeportivo.com\/wp-content\/uploads\/2025\/07\/664.jpg","jetpack_sharing_enabled":true,"_links":{"self":[{"href":"https:\/\/esbozodeportivo.com\/index.php\/wp-json\/wp\/v2\/posts\/8683","targetHints":{"allow":["GET"]}}],"collection":[{"href":"https:\/\/esbozodeportivo.com\/index.php\/wp-json\/wp\/v2\/posts"}],"about":[{"href":"https:\/\/esbozodeportivo.com\/index.php\/wp-json\/wp\/v2\/types\/post"}],"author":[{"embeddable":true,"href":"https:\/\/esbozodeportivo.com\/index.php\/wp-json\/wp\/v2\/users\/4"}],"replies":[{"embeddable":true,"href":"https:\/\/esbozodeportivo.com\/index.php\/wp-json\/wp\/v2\/comments?post=8683"}],"version-history":[{"count":1,"href":"https:\/\/esbozodeportivo.com\/index.php\/wp-json\/wp\/v2\/posts\/8683\/revisions"}],"predecessor-version":[{"id":8685,"href":"https:\/\/esbozodeportivo.com\/index.php\/wp-json\/wp\/v2\/posts\/8683\/revisions\/8685"}],"wp:featuredmedia":[{"embeddable":true,"href":"https:\/\/esbozodeportivo.com\/index.php\/wp-json\/wp\/v2\/media\/8684"}],"wp:attachment":[{"href":"https:\/\/esbozodeportivo.com\/index.php\/wp-json\/wp\/v2\/media?parent=8683"}],"wp:term":[{"taxonomy":"category","embeddable":true,"href":"https:\/\/esbozodeportivo.com\/index.php\/wp-json\/wp\/v2\/categories?post=8683"},{"taxonomy":"post_tag","embeddable":true,"href":"https:\/\/esbozodeportivo.com\/index.php\/wp-json\/wp\/v2\/tags?post=8683"}],"curies":[{"name":"wp","href":"https:\/\/api.w.org\/{rel}","templated":true}]}}