{"id":8696,"date":"2025-07-27T20:41:27","date_gmt":"2025-07-28T02:41:27","guid":{"rendered":"https:\/\/esbozodeportivo.com\/?p=8696"},"modified":"2025-07-27T20:41:27","modified_gmt":"2025-07-28T02:41:27","slug":"piastri-gana-el-gp-de-belgica-de-formula-1","status":"publish","type":"post","link":"https:\/\/esbozodeportivo.com\/index.php\/2025\/07\/27\/piastri-gana-el-gp-de-belgica-de-formula-1\/","title":{"rendered":"Piastri gana el GP de B\u00e9lgica de F\u00f3rmula 1"},"content":{"rendered":"\n<p>(Foto: Agencias) <\/p>\n\n\n\n<p><strong>Oscar Piastri<\/strong> super\u00f3 a su compa\u00f1ero de equipo en <strong>McLaren <\/strong>y rival por el t\u00edtulo, <strong>Lando Norris<\/strong>, para ganar el domingo el <strong>Gran Premio de B\u00e9lgica de F\u00f3rmula 1<\/strong>, despu\u00e9s de que una fuerte lluvia retrasara el inicio.<\/p>\n\n\n\n<p><strong>Piastri <\/strong>adelant\u00f3 a su compa\u00f1ero de equipo y rival por el t\u00edtulo, <strong>Norris<\/strong>, en la primera vuelta de carrera despu\u00e9s de que el coche de seguridad entrara en los pits en la vuelta 4, tras un retraso en el inicio de m\u00e1s de una hora.<\/p>\n\n\n\n<p>\u201cSab\u00eda que iba a intentar acelerar un poco menos de lo que lo hizo <strong>Lando <\/strong>y tratar de mantenerlo\u201d, dijo <strong>Piastri<\/strong>, admitiendo que su coche se sent\u00eda \u201canimado\u201d al asumir el riesgo extra en la empinada curva de <strong>Eau Rouge.<\/strong><\/p>\n\n\n\n<p><strong>Norris<\/strong> sugiri\u00f3 por radio que estaba teniendo problemas con la bater\u00eda que le proporcionaba energ\u00eda el\u00e9ctrica. El director ejecutivo de <strong>McLaren, Zak Brown<\/strong>, dijo a la emisora Sky Sports que hab\u00eda \u201cun peque\u00f1o problema de bater\u00eda que tenemos que revisar\u201d.<\/p>\n\n\n\n<p><strong>Norris <\/strong>redujo la ventaja de <strong>Piastri<\/strong> hacia el final de la carrera, pero el australiano se mantuvo con neum\u00e1ticos desgastados y <strong>Norris<\/strong> no pudo acercarse lo suficiente para desafiarlo.<\/p>\n\n\n\n<p><strong>Charles Leclerc<\/strong> fue tercero para <strong>Ferrari<\/strong> despu\u00e9s de mantener a <strong>Max Verstappen<\/strong> de Red Bull detr\u00e1s de \u00e9l durante toda la carrera.<\/p>\n\n\n\n<p><strong>Piastri <\/strong>extendi\u00f3 su ventaja en el campeonato sobre <strong>Norris<\/strong> de nueve a 16 puntos y le neg\u00f3 a su compa\u00f1ero de equipo brit\u00e1nico una tercera victoria consecutiva en un <strong>Gran Premio<\/strong>.<\/p>\n\n\n\n<p>Fue el segundo d\u00eda consecutivo en que <strong>Piastri<\/strong> contuvo a <strong>Norris<\/strong> despu\u00e9s de quedar en segundo lugar por delante de su compa\u00f1ero de equipo en el sprint del s\u00e1bado, ganado por <strong>Max Verstappen.<\/strong><\/p>\n\n\n\n<p>Excepto por el clima, el adelantamiento de <strong>Piastri a Norris<\/strong> fue casi una copia del adelantamiento de <strong>Verstappen a Piastri<\/strong> en la primera vuelta desde la segunda posici\u00f3n en la parrilla en el sprint.<\/p>\n\n\n\n<p><strong>Piastri<\/strong> se hab\u00eda sentido decepcionado por clasificar segundo para el Gran Premio detr\u00e1s de <strong>Norris,<\/strong> pero \u201cresulta que empezar segundo, no es tan malo despu\u00e9s de todo\u201d, dijo.<\/p>\n\n\n\n<p><strong>Piastri<\/strong> consigui\u00f3 su sexta victoria de la temporada y es el primer piloto de McLaren en ganar el <strong>Gran Premio de B\u00e9lgica<\/strong> desde <strong>Jenson Button<\/strong> en 2012.<\/p>\n\n\n\n<p>A diferencia de la emocionante y ca\u00f3tica \u00faltima carrera en <strong>Gran Breta\u00f1a,<\/strong> no hubo lluvia significativa despu\u00e9s de que la carrera finalmente comenz\u00f3, convirti\u00e9ndose en gran medida una procesi\u00f3n despu\u00e9s de algunos ataques tempranos en la pista a\u00fan mojada. La mayor\u00eda de los contendientes clave cambiaron a neum\u00e1ticos secos aproximadamente al mismo tiempo y no tuvieron que detenerse de nuevo.<\/p>\n\n\n\n<p>En el primer <strong>Gran Premio de Red Bull<\/strong> desde el despido de Christian Horner como director del equipo, <strong>Verstappen<\/strong> fall\u00f3 en un intento de superar a <strong>Leclerc<\/strong> al principio y pas\u00f3 el resto de la carrera detr\u00e1s del piloto de <strong>Ferrari <\/strong>en su camino al cuarto lugar.<\/p>\n\n\n\n<p><strong>George Russell<\/strong> fue quinto para <strong>Mercedes<\/strong> despu\u00e9s de un adelantamiento temprano a <strong>Alex Albon<\/strong>, quien termin\u00f3 sexto para <strong>Williams<\/strong> despu\u00e9s de contener a <strong>Lewis Hamilton de Ferrari<\/strong>, quien fue s\u00e9ptimo.<\/p>\n\n\n\n<p>El siete veces campe\u00f3n comenz\u00f3 en el puesto 18 y <strong>Hamilton<\/strong> se abri\u00f3 paso en la pista mojada al principio, pero luego perdi\u00f3 impulso. <strong>Liam Lawson<\/strong> fue octavo para <strong>Racing Bulls<\/strong>, con <strong>Gabriel Bortoleto de Sauber<\/strong> noveno y <strong>Pierre Gasly d\u00e9cimo para Alpine.<\/strong><\/p>\n\n\n\n<p><\/p>\n","protected":false},"excerpt":{"rendered":"<p>(Foto: Agencias) Oscar Piastri super\u00f3 a su compa\u00f1ero de equipo en McLaren y rival por<\/p>\n","protected":false},"author":4,"featured_media":8693,"comment_status":"closed","ping_status":"open","sticky":false,"template":"","format":"standard","meta":{"_jetpack_memberships_contains_paid_content":false,"footnotes":""},"categories":[44],"tags":[],"class_list":["post-8696","post","type-post","status-publish","format-standard","has-post-thumbnail","hentry","category-formula-1"],"yoast_head":"<!-- This site is optimized with the Yoast SEO plugin v25.7 - https:\/\/yoast.com\/wordpress\/plugins\/seo\/ -->\n<title>Piastri gana el GP de B\u00e9lgica de F\u00f3rmula 1 - Esbozo Deportivo<\/title>\n<meta name=\"description\" content=\"Oscar Piastri super\u00f3 a su compa\u00f1ero de equipo en McLaren y rival por el t\u00edtulo, Lando Norris, para ganar el domingo el Gran Premio de B\u00e9lgica de F\u00f3rmula 1, despu\u00e9s de que una fuerte lluvia retrasara el inicio.\" \/>\n<meta name=\"robots\" content=\"index, follow, max-snippet:-1, max-image-preview:large, max-video-preview:-1\" \/>\n<link rel=\"canonical\" href=\"https:\/\/esbozodeportivo.com\/index.php\/2025\/07\/27\/piastri-gana-el-gp-de-belgica-de-formula-1\/\" \/>\n<meta property=\"og:locale\" content=\"es_MX\" \/>\n<meta property=\"og:type\" content=\"article\" \/>\n<meta property=\"og:title\" content=\"Piastri gana el GP de B\u00e9lgica de F\u00f3rmula 1 - Esbozo Deportivo\" \/>\n<meta property=\"og:description\" content=\"Oscar Piastri super\u00f3 a su compa\u00f1ero de equipo en McLaren y rival por el t\u00edtulo, Lando Norris, para ganar el domingo el Gran Premio de B\u00e9lgica de F\u00f3rmula 1, despu\u00e9s de que una fuerte lluvia retrasara el inicio.\" \/>\n<meta property=\"og:url\" content=\"https:\/\/esbozodeportivo.com\/index.php\/2025\/07\/27\/piastri-gana-el-gp-de-belgica-de-formula-1\/\" \/>\n<meta property=\"og:site_name\" content=\"Esbozo Deportivo\" \/>\n<meta property=\"article:published_time\" content=\"2025-07-28T02:41:27+00:00\" \/>\n<meta property=\"og:image\" content=\"https:\/\/esbozodeportivo.com\/wp-content\/uploads\/2025\/07\/Formula-1-1.jpg\" \/>\n\t<meta property=\"og:image:width\" content=\"1440\" \/>\n\t<meta property=\"og:image:height\" content=\"960\" \/>\n\t<meta property=\"og:image:type\" content=\"image\/jpeg\" \/>\n<meta name=\"author\" content=\"Redacci\u00f3n\" \/>\n<meta name=\"twitter:card\" content=\"summary_large_image\" \/>\n<meta name=\"twitter:label1\" content=\"Escrito por\" \/>\n\t<meta name=\"twitter:data1\" content=\"Redacci\u00f3n\" \/>\n\t<meta name=\"twitter:label2\" content=\"Tiempo de lectura\" \/>\n\t<meta name=\"twitter:data2\" content=\"3 minutos\" \/>\n<script type=\"application\/ld+json\" class=\"yoast-schema-graph\">{\"@context\":\"https:\/\/schema.org\",\"@graph\":[{\"@type\":\"Article\",\"@id\":\"https:\/\/esbozodeportivo.com\/index.php\/2025\/07\/27\/piastri-gana-el-gp-de-belgica-de-formula-1\/#article\",\"isPartOf\":{\"@id\":\"https:\/\/esbozodeportivo.com\/index.php\/2025\/07\/27\/piastri-gana-el-gp-de-belgica-de-formula-1\/\"},\"author\":{\"name\":\"Redacci\u00f3n\",\"@id\":\"https:\/\/esbozodeportivo.com\/#\/schema\/person\/0f6df9196dfe6740dd0bb31bae50d374\"},\"headline\":\"Piastri gana el GP de B\u00e9lgica de F\u00f3rmula 1\",\"datePublished\":\"2025-07-28T02:41:27+00:00\",\"mainEntityOfPage\":{\"@id\":\"https:\/\/esbozodeportivo.com\/index.php\/2025\/07\/27\/piastri-gana-el-gp-de-belgica-de-formula-1\/\"},\"wordCount\":600,\"publisher\":{\"@id\":\"https:\/\/esbozodeportivo.com\/#organization\"},\"image\":{\"@id\":\"https:\/\/esbozodeportivo.com\/index.php\/2025\/07\/27\/piastri-gana-el-gp-de-belgica-de-formula-1\/#primaryimage\"},\"thumbnailUrl\":\"https:\/\/esbozodeportivo.com\/wp-content\/uploads\/2025\/07\/Formula-1-1.jpg\",\"articleSection\":[\"F\u00f3rmula 1\"],\"inLanguage\":\"es\"},{\"@type\":\"WebPage\",\"@id\":\"https:\/\/esbozodeportivo.com\/index.php\/2025\/07\/27\/piastri-gana-el-gp-de-belgica-de-formula-1\/\",\"url\":\"https:\/\/esbozodeportivo.com\/index.php\/2025\/07\/27\/piastri-gana-el-gp-de-belgica-de-formula-1\/\",\"name\":\"Piastri gana el GP de B\u00e9lgica de F\u00f3rmula 1 - Esbozo Deportivo\",\"isPartOf\":{\"@id\":\"https:\/\/esbozodeportivo.com\/#website\"},\"primaryImageOfPage\":{\"@id\":\"https:\/\/esbozodeportivo.com\/index.php\/2025\/07\/27\/piastri-gana-el-gp-de-belgica-de-formula-1\/#primaryimage\"},\"image\":{\"@id\":\"https:\/\/esbozodeportivo.com\/index.php\/2025\/07\/27\/piastri-gana-el-gp-de-belgica-de-formula-1\/#primaryimage\"},\"thumbnailUrl\":\"https:\/\/esbozodeportivo.com\/wp-content\/uploads\/2025\/07\/Formula-1-1.jpg\",\"datePublished\":\"2025-07-28T02:41:27+00:00\",\"description\":\"Oscar Piastri super\u00f3 a su compa\u00f1ero de equipo en McLaren y rival por el t\u00edtulo, Lando Norris, para ganar el domingo el Gran Premio de B\u00e9lgica de F\u00f3rmula 1, despu\u00e9s de que una fuerte lluvia retrasara el inicio.\",\"breadcrumb\":{\"@id\":\"https:\/\/esbozodeportivo.com\/index.php\/2025\/07\/27\/piastri-gana-el-gp-de-belgica-de-formula-1\/#breadcrumb\"},\"inLanguage\":\"es\",\"potentialAction\":[{\"@type\":\"ReadAction\",\"target\":[\"https:\/\/esbozodeportivo.com\/index.php\/2025\/07\/27\/piastri-gana-el-gp-de-belgica-de-formula-1\/\"]}]},{\"@type\":\"ImageObject\",\"inLanguage\":\"es\",\"@id\":\"https:\/\/esbozodeportivo.com\/index.php\/2025\/07\/27\/piastri-gana-el-gp-de-belgica-de-formula-1\/#primaryimage\",\"url\":\"https:\/\/esbozodeportivo.com\/wp-content\/uploads\/2025\/07\/Formula-1-1.jpg\",\"contentUrl\":\"https:\/\/esbozodeportivo.com\/wp-content\/uploads\/2025\/07\/Formula-1-1.jpg\",\"width\":1440,\"height\":960},{\"@type\":\"BreadcrumbList\",\"@id\":\"https:\/\/esbozodeportivo.com\/index.php\/2025\/07\/27\/piastri-gana-el-gp-de-belgica-de-formula-1\/#breadcrumb\",\"itemListElement\":[{\"@type\":\"ListItem\",\"position\":1,\"name\":\"Inicio\",\"item\":\"https:\/\/esbozodeportivo.com\/\"},{\"@type\":\"ListItem\",\"position\":2,\"name\":\"Piastri gana el GP de B\u00e9lgica de F\u00f3rmula 1\"}]},{\"@type\":\"WebSite\",\"@id\":\"https:\/\/esbozodeportivo.com\/#website\",\"url\":\"https:\/\/esbozodeportivo.com\/\",\"name\":\"Esbozo Deportivo\",\"description\":\"Lo m\u00e1s importante del Deporte\",\"publisher\":{\"@id\":\"https:\/\/esbozodeportivo.com\/#organization\"},\"potentialAction\":[{\"@type\":\"SearchAction\",\"target\":{\"@type\":\"EntryPoint\",\"urlTemplate\":\"https:\/\/esbozodeportivo.com\/?s={search_term_string}\"},\"query-input\":{\"@type\":\"PropertyValueSpecification\",\"valueRequired\":true,\"valueName\":\"search_term_string\"}}],\"inLanguage\":\"es\"},{\"@type\":\"Organization\",\"@id\":\"https:\/\/esbozodeportivo.com\/#organization\",\"name\":\"Esbozo Deportivo\",\"url\":\"https:\/\/esbozodeportivo.com\/\",\"logo\":{\"@type\":\"ImageObject\",\"inLanguage\":\"es\",\"@id\":\"https:\/\/esbozodeportivo.com\/#\/schema\/logo\/image\/\",\"url\":\"https:\/\/esbozodeportivo.com\/wp-content\/uploads\/2022\/08\/cropped-Logo-Esbozo-Web-2.png\",\"contentUrl\":\"https:\/\/esbozodeportivo.com\/wp-content\/uploads\/2022\/08\/cropped-Logo-Esbozo-Web-2.png\",\"width\":180,\"height\":50,\"caption\":\"Esbozo Deportivo\"},\"image\":{\"@id\":\"https:\/\/esbozodeportivo.com\/#\/schema\/logo\/image\/\"}},{\"@type\":\"Person\",\"@id\":\"https:\/\/esbozodeportivo.com\/#\/schema\/person\/0f6df9196dfe6740dd0bb31bae50d374\",\"name\":\"Redacci\u00f3n\",\"image\":{\"@type\":\"ImageObject\",\"inLanguage\":\"es\",\"@id\":\"https:\/\/esbozodeportivo.com\/#\/schema\/person\/image\/\",\"url\":\"https:\/\/secure.gravatar.com\/avatar\/f55268a89c3b418f2ef172ff52ab0d09b3e653c58de29539fe329fb93d78ebf3?s=96&d=mm&r=g\",\"contentUrl\":\"https:\/\/secure.gravatar.com\/avatar\/f55268a89c3b418f2ef172ff52ab0d09b3e653c58de29539fe329fb93d78ebf3?s=96&d=mm&r=g\",\"caption\":\"Redacci\u00f3n\"},\"url\":\"https:\/\/esbozodeportivo.com\/index.php\/author\/redaccion\/\"}]}<\/script>\n<!-- \/ Yoast SEO plugin. -->","yoast_head_json":{"title":"Piastri gana el GP de B\u00e9lgica de F\u00f3rmula 1 - Esbozo Deportivo","description":"Oscar Piastri super\u00f3 a su compa\u00f1ero de equipo en McLaren y rival por el t\u00edtulo, Lando Norris, para ganar el domingo el Gran Premio de B\u00e9lgica de F\u00f3rmula 1, despu\u00e9s de que una fuerte lluvia retrasara el inicio.","robots":{"index":"index","follow":"follow","max-snippet":"max-snippet:-1","max-image-preview":"max-image-preview:large","max-video-preview":"max-video-preview:-1"},"canonical":"https:\/\/esbozodeportivo.com\/index.php\/2025\/07\/27\/piastri-gana-el-gp-de-belgica-de-formula-1\/","og_locale":"es_MX","og_type":"article","og_title":"Piastri gana el GP de B\u00e9lgica de F\u00f3rmula 1 - Esbozo Deportivo","og_description":"Oscar Piastri super\u00f3 a su compa\u00f1ero de equipo en McLaren y rival por el t\u00edtulo, Lando Norris, para ganar el domingo el Gran Premio de B\u00e9lgica de F\u00f3rmula 1, despu\u00e9s de que una fuerte lluvia retrasara el inicio.","og_url":"https:\/\/esbozodeportivo.com\/index.php\/2025\/07\/27\/piastri-gana-el-gp-de-belgica-de-formula-1\/","og_site_name":"Esbozo Deportivo","article_published_time":"2025-07-28T02:41:27+00:00","og_image":[{"width":1440,"height":960,"url":"https:\/\/esbozodeportivo.com\/wp-content\/uploads\/2025\/07\/Formula-1-1.jpg","type":"image\/jpeg"}],"author":"Redacci\u00f3n","twitter_card":"summary_large_image","twitter_misc":{"Escrito por":"Redacci\u00f3n","Tiempo de lectura":"3 minutos"},"schema":{"@context":"https:\/\/schema.org","@graph":[{"@type":"Article","@id":"https:\/\/esbozodeportivo.com\/index.php\/2025\/07\/27\/piastri-gana-el-gp-de-belgica-de-formula-1\/#article","isPartOf":{"@id":"https:\/\/esbozodeportivo.com\/index.php\/2025\/07\/27\/piastri-gana-el-gp-de-belgica-de-formula-1\/"},"author":{"name":"Redacci\u00f3n","@id":"https:\/\/esbozodeportivo.com\/#\/schema\/person\/0f6df9196dfe6740dd0bb31bae50d374"},"headline":"Piastri gana el GP de B\u00e9lgica de F\u00f3rmula 1","datePublished":"2025-07-28T02:41:27+00:00","mainEntityOfPage":{"@id":"https:\/\/esbozodeportivo.com\/index.php\/2025\/07\/27\/piastri-gana-el-gp-de-belgica-de-formula-1\/"},"wordCount":600,"publisher":{"@id":"https:\/\/esbozodeportivo.com\/#organization"},"image":{"@id":"https:\/\/esbozodeportivo.com\/index.php\/2025\/07\/27\/piastri-gana-el-gp-de-belgica-de-formula-1\/#primaryimage"},"thumbnailUrl":"https:\/\/esbozodeportivo.com\/wp-content\/uploads\/2025\/07\/Formula-1-1.jpg","articleSection":["F\u00f3rmula 1"],"inLanguage":"es"},{"@type":"WebPage","@id":"https:\/\/esbozodeportivo.com\/index.php\/2025\/07\/27\/piastri-gana-el-gp-de-belgica-de-formula-1\/","url":"https:\/\/esbozodeportivo.com\/index.php\/2025\/07\/27\/piastri-gana-el-gp-de-belgica-de-formula-1\/","name":"Piastri gana el GP de B\u00e9lgica de F\u00f3rmula 1 - Esbozo Deportivo","isPartOf":{"@id":"https:\/\/esbozodeportivo.com\/#website"},"primaryImageOfPage":{"@id":"https:\/\/esbozodeportivo.com\/index.php\/2025\/07\/27\/piastri-gana-el-gp-de-belgica-de-formula-1\/#primaryimage"},"image":{"@id":"https:\/\/esbozodeportivo.com\/index.php\/2025\/07\/27\/piastri-gana-el-gp-de-belgica-de-formula-1\/#primaryimage"},"thumbnailUrl":"https:\/\/esbozodeportivo.com\/wp-content\/uploads\/2025\/07\/Formula-1-1.jpg","datePublished":"2025-07-28T02:41:27+00:00","description":"Oscar Piastri super\u00f3 a su compa\u00f1ero de equipo en McLaren y rival por el t\u00edtulo, Lando Norris, para ganar el domingo el Gran Premio de B\u00e9lgica de F\u00f3rmula 1, despu\u00e9s de que una fuerte lluvia retrasara el inicio.","breadcrumb":{"@id":"https:\/\/esbozodeportivo.com\/index.php\/2025\/07\/27\/piastri-gana-el-gp-de-belgica-de-formula-1\/#breadcrumb"},"inLanguage":"es","potentialAction":[{"@type":"ReadAction","target":["https:\/\/esbozodeportivo.com\/index.php\/2025\/07\/27\/piastri-gana-el-gp-de-belgica-de-formula-1\/"]}]},{"@type":"ImageObject","inLanguage":"es","@id":"https:\/\/esbozodeportivo.com\/index.php\/2025\/07\/27\/piastri-gana-el-gp-de-belgica-de-formula-1\/#primaryimage","url":"https:\/\/esbozodeportivo.com\/wp-content\/uploads\/2025\/07\/Formula-1-1.jpg","contentUrl":"https:\/\/esbozodeportivo.com\/wp-content\/uploads\/2025\/07\/Formula-1-1.jpg","width":1440,"height":960},{"@type":"BreadcrumbList","@id":"https:\/\/esbozodeportivo.com\/index.php\/2025\/07\/27\/piastri-gana-el-gp-de-belgica-de-formula-1\/#breadcrumb","itemListElement":[{"@type":"ListItem","position":1,"name":"Inicio","item":"https:\/\/esbozodeportivo.com\/"},{"@type":"ListItem","position":2,"name":"Piastri gana el GP de B\u00e9lgica de F\u00f3rmula 1"}]},{"@type":"WebSite","@id":"https:\/\/esbozodeportivo.com\/#website","url":"https:\/\/esbozodeportivo.com\/","name":"Esbozo Deportivo","description":"Lo m\u00e1s importante del Deporte","publisher":{"@id":"https:\/\/esbozodeportivo.com\/#organization"},"potentialAction":[{"@type":"SearchAction","target":{"@type":"EntryPoint","urlTemplate":"https:\/\/esbozodeportivo.com\/?s={search_term_string}"},"query-input":{"@type":"PropertyValueSpecification","valueRequired":true,"valueName":"search_term_string"}}],"inLanguage":"es"},{"@type":"Organization","@id":"https:\/\/esbozodeportivo.com\/#organization","name":"Esbozo Deportivo","url":"https:\/\/esbozodeportivo.com\/","logo":{"@type":"ImageObject","inLanguage":"es","@id":"https:\/\/esbozodeportivo.com\/#\/schema\/logo\/image\/","url":"https:\/\/esbozodeportivo.com\/wp-content\/uploads\/2022\/08\/cropped-Logo-Esbozo-Web-2.png","contentUrl":"https:\/\/esbozodeportivo.com\/wp-content\/uploads\/2022\/08\/cropped-Logo-Esbozo-Web-2.png","width":180,"height":50,"caption":"Esbozo Deportivo"},"image":{"@id":"https:\/\/esbozodeportivo.com\/#\/schema\/logo\/image\/"}},{"@type":"Person","@id":"https:\/\/esbozodeportivo.com\/#\/schema\/person\/0f6df9196dfe6740dd0bb31bae50d374","name":"Redacci\u00f3n","image":{"@type":"ImageObject","inLanguage":"es","@id":"https:\/\/esbozodeportivo.com\/#\/schema\/person\/image\/","url":"https:\/\/secure.gravatar.com\/avatar\/f55268a89c3b418f2ef172ff52ab0d09b3e653c58de29539fe329fb93d78ebf3?s=96&d=mm&r=g","contentUrl":"https:\/\/secure.gravatar.com\/avatar\/f55268a89c3b418f2ef172ff52ab0d09b3e653c58de29539fe329fb93d78ebf3?s=96&d=mm&r=g","caption":"Redacci\u00f3n"},"url":"https:\/\/esbozodeportivo.com\/index.php\/author\/redaccion\/"}]}},"jetpack_featured_media_url":"https:\/\/esbozodeportivo.com\/wp-content\/uploads\/2025\/07\/Formula-1-1.jpg","jetpack_sharing_enabled":true,"_links":{"self":[{"href":"https:\/\/esbozodeportivo.com\/index.php\/wp-json\/wp\/v2\/posts\/8696","targetHints":{"allow":["GET"]}}],"collection":[{"href":"https:\/\/esbozodeportivo.com\/index.php\/wp-json\/wp\/v2\/posts"}],"about":[{"href":"https:\/\/esbozodeportivo.com\/index.php\/wp-json\/wp\/v2\/types\/post"}],"author":[{"embeddable":true,"href":"https:\/\/esbozodeportivo.com\/index.php\/wp-json\/wp\/v2\/users\/4"}],"replies":[{"embeddable":true,"href":"https:\/\/esbozodeportivo.com\/index.php\/wp-json\/wp\/v2\/comments?post=8696"}],"version-history":[{"count":1,"href":"https:\/\/esbozodeportivo.com\/index.php\/wp-json\/wp\/v2\/posts\/8696\/revisions"}],"predecessor-version":[{"id":8697,"href":"https:\/\/esbozodeportivo.com\/index.php\/wp-json\/wp\/v2\/posts\/8696\/revisions\/8697"}],"wp:featuredmedia":[{"embeddable":true,"href":"https:\/\/esbozodeportivo.com\/index.php\/wp-json\/wp\/v2\/media\/8693"}],"wp:attachment":[{"href":"https:\/\/esbozodeportivo.com\/index.php\/wp-json\/wp\/v2\/media?parent=8696"}],"wp:term":[{"taxonomy":"category","embeddable":true,"href":"https:\/\/esbozodeportivo.com\/index.php\/wp-json\/wp\/v2\/categories?post=8696"},{"taxonomy":"post_tag","embeddable":true,"href":"https:\/\/esbozodeportivo.com\/index.php\/wp-json\/wp\/v2\/tags?post=8696"}],"curies":[{"name":"wp","href":"https:\/\/api.w.org\/{rel}","templated":true}]}}