{"id":8805,"date":"2025-07-31T00:01:03","date_gmt":"2025-07-31T06:01:03","guid":{"rendered":"https:\/\/esbozodeportivo.com\/?p=8805"},"modified":"2025-07-31T00:01:04","modified_gmt":"2025-07-31T06:01:04","slug":"leones-cargadores-abren-la-pretemporada","status":"publish","type":"post","link":"https:\/\/esbozodeportivo.com\/index.php\/2025\/07\/31\/leones-cargadores-abren-la-pretemporada\/","title":{"rendered":"Leones-Cargadores abren la pretemporada"},"content":{"rendered":"\n<p>(Foto: Agencias) <\/p>\n\n\n\n<p>Los <strong>Leones de Detroit<\/strong> se quedaron muy cortos la temporada pasada al ser eliminados en los playoffs despu\u00e9s de la mejor temporada regular en la historia de la franquicia.<\/p>\n\n\n\n<p>Todav\u00eda tienen un equipo cargado de talento y muchos asuntos pendientes.<\/p>\n\n\n\n<p>Los <strong>Leones<\/strong> seguir\u00e1n intentando gana su primer t\u00edtulo de <strong>Super Bowl<\/strong> cuando enfrenten a los <strong>Cargadores de Los \u00c1ngeles<\/strong> el jueves en el juego del Sal\u00f3n de la Fama, que abre el calendario de pretemporada de la <strong>NFL.<\/strong><\/p>\n\n\n\n<p>Los Cargadores tambi\u00e9n vienen de una temporada que termin\u00f3 con una derrota en su primer duelo de playoffs, contra los <strong>Texanos<\/strong>. Pero la sensaci\u00f3n fue completamente distinta despu\u00e9s de que <strong>Jim Harbaugh<\/strong> ayud\u00f3 al equipo a mejorar por seis victorias lo que hicieron un a\u00f1o antes.<\/p>\n\n\n\n<p><strong>Harbaugh<\/strong>, quien llev\u00f3 a <strong>Michigan<\/strong> a un campeonato nacional antes de irse a la <strong>NFL<\/strong>, llev\u00f3 a los <strong>49ers de San Francisco al Super Bowl<\/strong> en su segunda temporada en 2012.<\/p>\n\n\n\n<p>\u00bfPuede hacerlo de nuevo con los <strong>Chargers<\/strong>? El equipo angelino no han ganado ning\u00fan t\u00edtulo desde el campeonato de la AFL en 1963.<\/p>\n\n\n\n<p><strong>Jared Goff, Amon-Ra St. Brown<\/strong>, <strong>Jahmyr Gibbs<\/strong>, <strong>David Montgomery, Penei Sewell<\/strong> y el resto de la ofensiva estelar de <strong>Detroit<\/strong> no ver\u00e1n acci\u00f3n contra <strong>Los \u00c1ngeles. Hendon Hooker y Kyle Allen,<\/strong> que pelean por ser el suplente de <strong>Jared Goff,<\/strong> tendr\u00e1n minutos como quarterbacks para los <strong>Lions<\/strong>.<\/p>\n\n\n\n<p><strong>Justin Herbert<\/strong> y los veteranos de los <strong>Chargers <\/strong>tambi\u00e9n observar\u00e1n desde la l\u00ednea lateral. <strong>Trey Lance<\/strong> ser\u00e1 el mariscal de campo titular. <strong>Lance<\/strong>, la tercera selecci\u00f3n general del draft del 2021, est\u00e1 en su tercer equipo despu\u00e9s de pasar por <strong>San Francisco y Dallas.<\/strong><\/p>\n\n\n\n<p>El novato <strong>DJ Uiagalelei<\/strong>, quien firm\u00f3 con los <strong>Chargers<\/strong> como agente libre no reclutado, disputar\u00e1 la segunda mitad. El veterano <strong>Taylor Heinicke<\/strong> servir\u00e1 como el tercer mariscal de campo de emergencia.<\/p>\n\n\n\n<p>Detroit debutar\u00e1 a sus dos coordinadores. <strong>John Morton<\/strong> reemplaz\u00f3 a <strong>Ben Johnson<\/strong> como coordinador ofensivo despu\u00e9s de que se fue a <strong>Chicago<\/strong>. El coordinador defensivo <strong>Kelvin Sheppard<\/strong> asumi\u00f3 el cargo de <strong>Aaron Glenn<\/strong>, quien se convirti\u00f3 en el entrenador de los <strong>Jets de Nueva York<\/strong>.<\/p>\n\n\n\n<p><\/p>\n","protected":false},"excerpt":{"rendered":"<p>(Foto: Agencias) Los Leones de Detroit se quedaron muy cortos la temporada pasada al ser<\/p>\n","protected":false},"author":4,"featured_media":8793,"comment_status":"closed","ping_status":"open","sticky":false,"template":"","format":"standard","meta":{"_jetpack_memberships_contains_paid_content":false,"footnotes":""},"categories":[6],"tags":[],"class_list":["post-8805","post","type-post","status-publish","format-standard","has-post-thumbnail","hentry","category-nfl"],"yoast_head":"<!-- This site is optimized with the Yoast SEO plugin v25.7 - https:\/\/yoast.com\/wordpress\/plugins\/seo\/ -->\n<title>Leones-Cargadores abren la pretemporada - Esbozo Deportivo<\/title>\n<meta name=\"description\" content=\"Los Leones de Detroit se quedaron muy cortos la temporada pasada al ser eliminados en los playoffs despu\u00e9s de la mejor temporada regular en la historia de la franquicia.\" \/>\n<meta name=\"robots\" content=\"index, follow, max-snippet:-1, max-image-preview:large, max-video-preview:-1\" \/>\n<link rel=\"canonical\" href=\"https:\/\/esbozodeportivo.com\/index.php\/2025\/07\/31\/leones-cargadores-abren-la-pretemporada\/\" \/>\n<meta property=\"og:locale\" content=\"es_MX\" \/>\n<meta property=\"og:type\" content=\"article\" \/>\n<meta property=\"og:title\" content=\"Leones-Cargadores abren la pretemporada - Esbozo Deportivo\" \/>\n<meta property=\"og:description\" content=\"Los Leones de Detroit se quedaron muy cortos la temporada pasada al ser eliminados en los playoffs despu\u00e9s de la mejor temporada regular en la historia de la franquicia.\" \/>\n<meta property=\"og:url\" content=\"https:\/\/esbozodeportivo.com\/index.php\/2025\/07\/31\/leones-cargadores-abren-la-pretemporada\/\" \/>\n<meta property=\"og:site_name\" content=\"Esbozo Deportivo\" \/>\n<meta property=\"article:published_time\" content=\"2025-07-31T06:01:03+00:00\" \/>\n<meta property=\"article:modified_time\" content=\"2025-07-31T06:01:04+00:00\" \/>\n<meta property=\"og:image\" content=\"https:\/\/esbozodeportivo.com\/wp-content\/uploads\/2025\/07\/NFL-7.jpg\" \/>\n\t<meta property=\"og:image:width\" content=\"1440\" \/>\n\t<meta property=\"og:image:height\" content=\"960\" \/>\n\t<meta property=\"og:image:type\" content=\"image\/jpeg\" \/>\n<meta name=\"author\" content=\"Redacci\u00f3n\" \/>\n<meta name=\"twitter:card\" content=\"summary_large_image\" \/>\n<meta name=\"twitter:label1\" content=\"Escrito por\" \/>\n\t<meta name=\"twitter:data1\" content=\"Redacci\u00f3n\" \/>\n\t<meta name=\"twitter:label2\" content=\"Tiempo de lectura\" \/>\n\t<meta name=\"twitter:data2\" content=\"2 minutos\" \/>\n<script type=\"application\/ld+json\" class=\"yoast-schema-graph\">{\"@context\":\"https:\/\/schema.org\",\"@graph\":[{\"@type\":\"Article\",\"@id\":\"https:\/\/esbozodeportivo.com\/index.php\/2025\/07\/31\/leones-cargadores-abren-la-pretemporada\/#article\",\"isPartOf\":{\"@id\":\"https:\/\/esbozodeportivo.com\/index.php\/2025\/07\/31\/leones-cargadores-abren-la-pretemporada\/\"},\"author\":{\"name\":\"Redacci\u00f3n\",\"@id\":\"https:\/\/esbozodeportivo.com\/#\/schema\/person\/0f6df9196dfe6740dd0bb31bae50d374\"},\"headline\":\"Leones-Cargadores abren la pretemporada\",\"datePublished\":\"2025-07-31T06:01:03+00:00\",\"dateModified\":\"2025-07-31T06:01:04+00:00\",\"mainEntityOfPage\":{\"@id\":\"https:\/\/esbozodeportivo.com\/index.php\/2025\/07\/31\/leones-cargadores-abren-la-pretemporada\/\"},\"wordCount\":368,\"publisher\":{\"@id\":\"https:\/\/esbozodeportivo.com\/#organization\"},\"image\":{\"@id\":\"https:\/\/esbozodeportivo.com\/index.php\/2025\/07\/31\/leones-cargadores-abren-la-pretemporada\/#primaryimage\"},\"thumbnailUrl\":\"https:\/\/esbozodeportivo.com\/wp-content\/uploads\/2025\/07\/NFL-7.jpg\",\"articleSection\":[\"NFL\"],\"inLanguage\":\"es\"},{\"@type\":\"WebPage\",\"@id\":\"https:\/\/esbozodeportivo.com\/index.php\/2025\/07\/31\/leones-cargadores-abren-la-pretemporada\/\",\"url\":\"https:\/\/esbozodeportivo.com\/index.php\/2025\/07\/31\/leones-cargadores-abren-la-pretemporada\/\",\"name\":\"Leones-Cargadores abren la pretemporada - Esbozo Deportivo\",\"isPartOf\":{\"@id\":\"https:\/\/esbozodeportivo.com\/#website\"},\"primaryImageOfPage\":{\"@id\":\"https:\/\/esbozodeportivo.com\/index.php\/2025\/07\/31\/leones-cargadores-abren-la-pretemporada\/#primaryimage\"},\"image\":{\"@id\":\"https:\/\/esbozodeportivo.com\/index.php\/2025\/07\/31\/leones-cargadores-abren-la-pretemporada\/#primaryimage\"},\"thumbnailUrl\":\"https:\/\/esbozodeportivo.com\/wp-content\/uploads\/2025\/07\/NFL-7.jpg\",\"datePublished\":\"2025-07-31T06:01:03+00:00\",\"dateModified\":\"2025-07-31T06:01:04+00:00\",\"description\":\"Los Leones de Detroit se quedaron muy cortos la temporada pasada al ser eliminados en los playoffs despu\u00e9s de la mejor temporada regular en la historia de la franquicia.\",\"breadcrumb\":{\"@id\":\"https:\/\/esbozodeportivo.com\/index.php\/2025\/07\/31\/leones-cargadores-abren-la-pretemporada\/#breadcrumb\"},\"inLanguage\":\"es\",\"potentialAction\":[{\"@type\":\"ReadAction\",\"target\":[\"https:\/\/esbozodeportivo.com\/index.php\/2025\/07\/31\/leones-cargadores-abren-la-pretemporada\/\"]}]},{\"@type\":\"ImageObject\",\"inLanguage\":\"es\",\"@id\":\"https:\/\/esbozodeportivo.com\/index.php\/2025\/07\/31\/leones-cargadores-abren-la-pretemporada\/#primaryimage\",\"url\":\"https:\/\/esbozodeportivo.com\/wp-content\/uploads\/2025\/07\/NFL-7.jpg\",\"contentUrl\":\"https:\/\/esbozodeportivo.com\/wp-content\/uploads\/2025\/07\/NFL-7.jpg\",\"width\":1440,\"height\":960},{\"@type\":\"BreadcrumbList\",\"@id\":\"https:\/\/esbozodeportivo.com\/index.php\/2025\/07\/31\/leones-cargadores-abren-la-pretemporada\/#breadcrumb\",\"itemListElement\":[{\"@type\":\"ListItem\",\"position\":1,\"name\":\"Inicio\",\"item\":\"https:\/\/esbozodeportivo.com\/\"},{\"@type\":\"ListItem\",\"position\":2,\"name\":\"Leones-Cargadores abren la pretemporada\"}]},{\"@type\":\"WebSite\",\"@id\":\"https:\/\/esbozodeportivo.com\/#website\",\"url\":\"https:\/\/esbozodeportivo.com\/\",\"name\":\"Esbozo Deportivo\",\"description\":\"Lo m\u00e1s importante del Deporte\",\"publisher\":{\"@id\":\"https:\/\/esbozodeportivo.com\/#organization\"},\"potentialAction\":[{\"@type\":\"SearchAction\",\"target\":{\"@type\":\"EntryPoint\",\"urlTemplate\":\"https:\/\/esbozodeportivo.com\/?s={search_term_string}\"},\"query-input\":{\"@type\":\"PropertyValueSpecification\",\"valueRequired\":true,\"valueName\":\"search_term_string\"}}],\"inLanguage\":\"es\"},{\"@type\":\"Organization\",\"@id\":\"https:\/\/esbozodeportivo.com\/#organization\",\"name\":\"Esbozo Deportivo\",\"url\":\"https:\/\/esbozodeportivo.com\/\",\"logo\":{\"@type\":\"ImageObject\",\"inLanguage\":\"es\",\"@id\":\"https:\/\/esbozodeportivo.com\/#\/schema\/logo\/image\/\",\"url\":\"https:\/\/esbozodeportivo.com\/wp-content\/uploads\/2022\/08\/cropped-Logo-Esbozo-Web-2.png\",\"contentUrl\":\"https:\/\/esbozodeportivo.com\/wp-content\/uploads\/2022\/08\/cropped-Logo-Esbozo-Web-2.png\",\"width\":180,\"height\":50,\"caption\":\"Esbozo Deportivo\"},\"image\":{\"@id\":\"https:\/\/esbozodeportivo.com\/#\/schema\/logo\/image\/\"}},{\"@type\":\"Person\",\"@id\":\"https:\/\/esbozodeportivo.com\/#\/schema\/person\/0f6df9196dfe6740dd0bb31bae50d374\",\"name\":\"Redacci\u00f3n\",\"image\":{\"@type\":\"ImageObject\",\"inLanguage\":\"es\",\"@id\":\"https:\/\/esbozodeportivo.com\/#\/schema\/person\/image\/\",\"url\":\"https:\/\/secure.gravatar.com\/avatar\/f55268a89c3b418f2ef172ff52ab0d09b3e653c58de29539fe329fb93d78ebf3?s=96&d=mm&r=g\",\"contentUrl\":\"https:\/\/secure.gravatar.com\/avatar\/f55268a89c3b418f2ef172ff52ab0d09b3e653c58de29539fe329fb93d78ebf3?s=96&d=mm&r=g\",\"caption\":\"Redacci\u00f3n\"},\"url\":\"https:\/\/esbozodeportivo.com\/index.php\/author\/redaccion\/\"}]}<\/script>\n<!-- \/ Yoast SEO plugin. -->","yoast_head_json":{"title":"Leones-Cargadores abren la pretemporada - Esbozo Deportivo","description":"Los Leones de Detroit se quedaron muy cortos la temporada pasada al ser eliminados en los playoffs despu\u00e9s de la mejor temporada regular en la historia de la franquicia.","robots":{"index":"index","follow":"follow","max-snippet":"max-snippet:-1","max-image-preview":"max-image-preview:large","max-video-preview":"max-video-preview:-1"},"canonical":"https:\/\/esbozodeportivo.com\/index.php\/2025\/07\/31\/leones-cargadores-abren-la-pretemporada\/","og_locale":"es_MX","og_type":"article","og_title":"Leones-Cargadores abren la pretemporada - Esbozo Deportivo","og_description":"Los Leones de Detroit se quedaron muy cortos la temporada pasada al ser eliminados en los playoffs despu\u00e9s de la mejor temporada regular en la historia de la franquicia.","og_url":"https:\/\/esbozodeportivo.com\/index.php\/2025\/07\/31\/leones-cargadores-abren-la-pretemporada\/","og_site_name":"Esbozo Deportivo","article_published_time":"2025-07-31T06:01:03+00:00","article_modified_time":"2025-07-31T06:01:04+00:00","og_image":[{"width":1440,"height":960,"url":"https:\/\/esbozodeportivo.com\/wp-content\/uploads\/2025\/07\/NFL-7.jpg","type":"image\/jpeg"}],"author":"Redacci\u00f3n","twitter_card":"summary_large_image","twitter_misc":{"Escrito por":"Redacci\u00f3n","Tiempo de lectura":"2 minutos"},"schema":{"@context":"https:\/\/schema.org","@graph":[{"@type":"Article","@id":"https:\/\/esbozodeportivo.com\/index.php\/2025\/07\/31\/leones-cargadores-abren-la-pretemporada\/#article","isPartOf":{"@id":"https:\/\/esbozodeportivo.com\/index.php\/2025\/07\/31\/leones-cargadores-abren-la-pretemporada\/"},"author":{"name":"Redacci\u00f3n","@id":"https:\/\/esbozodeportivo.com\/#\/schema\/person\/0f6df9196dfe6740dd0bb31bae50d374"},"headline":"Leones-Cargadores abren la pretemporada","datePublished":"2025-07-31T06:01:03+00:00","dateModified":"2025-07-31T06:01:04+00:00","mainEntityOfPage":{"@id":"https:\/\/esbozodeportivo.com\/index.php\/2025\/07\/31\/leones-cargadores-abren-la-pretemporada\/"},"wordCount":368,"publisher":{"@id":"https:\/\/esbozodeportivo.com\/#organization"},"image":{"@id":"https:\/\/esbozodeportivo.com\/index.php\/2025\/07\/31\/leones-cargadores-abren-la-pretemporada\/#primaryimage"},"thumbnailUrl":"https:\/\/esbozodeportivo.com\/wp-content\/uploads\/2025\/07\/NFL-7.jpg","articleSection":["NFL"],"inLanguage":"es"},{"@type":"WebPage","@id":"https:\/\/esbozodeportivo.com\/index.php\/2025\/07\/31\/leones-cargadores-abren-la-pretemporada\/","url":"https:\/\/esbozodeportivo.com\/index.php\/2025\/07\/31\/leones-cargadores-abren-la-pretemporada\/","name":"Leones-Cargadores abren la pretemporada - Esbozo Deportivo","isPartOf":{"@id":"https:\/\/esbozodeportivo.com\/#website"},"primaryImageOfPage":{"@id":"https:\/\/esbozodeportivo.com\/index.php\/2025\/07\/31\/leones-cargadores-abren-la-pretemporada\/#primaryimage"},"image":{"@id":"https:\/\/esbozodeportivo.com\/index.php\/2025\/07\/31\/leones-cargadores-abren-la-pretemporada\/#primaryimage"},"thumbnailUrl":"https:\/\/esbozodeportivo.com\/wp-content\/uploads\/2025\/07\/NFL-7.jpg","datePublished":"2025-07-31T06:01:03+00:00","dateModified":"2025-07-31T06:01:04+00:00","description":"Los Leones de Detroit se quedaron muy cortos la temporada pasada al ser eliminados en los playoffs despu\u00e9s de la mejor temporada regular en la historia de la franquicia.","breadcrumb":{"@id":"https:\/\/esbozodeportivo.com\/index.php\/2025\/07\/31\/leones-cargadores-abren-la-pretemporada\/#breadcrumb"},"inLanguage":"es","potentialAction":[{"@type":"ReadAction","target":["https:\/\/esbozodeportivo.com\/index.php\/2025\/07\/31\/leones-cargadores-abren-la-pretemporada\/"]}]},{"@type":"ImageObject","inLanguage":"es","@id":"https:\/\/esbozodeportivo.com\/index.php\/2025\/07\/31\/leones-cargadores-abren-la-pretemporada\/#primaryimage","url":"https:\/\/esbozodeportivo.com\/wp-content\/uploads\/2025\/07\/NFL-7.jpg","contentUrl":"https:\/\/esbozodeportivo.com\/wp-content\/uploads\/2025\/07\/NFL-7.jpg","width":1440,"height":960},{"@type":"BreadcrumbList","@id":"https:\/\/esbozodeportivo.com\/index.php\/2025\/07\/31\/leones-cargadores-abren-la-pretemporada\/#breadcrumb","itemListElement":[{"@type":"ListItem","position":1,"name":"Inicio","item":"https:\/\/esbozodeportivo.com\/"},{"@type":"ListItem","position":2,"name":"Leones-Cargadores abren la pretemporada"}]},{"@type":"WebSite","@id":"https:\/\/esbozodeportivo.com\/#website","url":"https:\/\/esbozodeportivo.com\/","name":"Esbozo Deportivo","description":"Lo m\u00e1s importante del Deporte","publisher":{"@id":"https:\/\/esbozodeportivo.com\/#organization"},"potentialAction":[{"@type":"SearchAction","target":{"@type":"EntryPoint","urlTemplate":"https:\/\/esbozodeportivo.com\/?s={search_term_string}"},"query-input":{"@type":"PropertyValueSpecification","valueRequired":true,"valueName":"search_term_string"}}],"inLanguage":"es"},{"@type":"Organization","@id":"https:\/\/esbozodeportivo.com\/#organization","name":"Esbozo Deportivo","url":"https:\/\/esbozodeportivo.com\/","logo":{"@type":"ImageObject","inLanguage":"es","@id":"https:\/\/esbozodeportivo.com\/#\/schema\/logo\/image\/","url":"https:\/\/esbozodeportivo.com\/wp-content\/uploads\/2022\/08\/cropped-Logo-Esbozo-Web-2.png","contentUrl":"https:\/\/esbozodeportivo.com\/wp-content\/uploads\/2022\/08\/cropped-Logo-Esbozo-Web-2.png","width":180,"height":50,"caption":"Esbozo Deportivo"},"image":{"@id":"https:\/\/esbozodeportivo.com\/#\/schema\/logo\/image\/"}},{"@type":"Person","@id":"https:\/\/esbozodeportivo.com\/#\/schema\/person\/0f6df9196dfe6740dd0bb31bae50d374","name":"Redacci\u00f3n","image":{"@type":"ImageObject","inLanguage":"es","@id":"https:\/\/esbozodeportivo.com\/#\/schema\/person\/image\/","url":"https:\/\/secure.gravatar.com\/avatar\/f55268a89c3b418f2ef172ff52ab0d09b3e653c58de29539fe329fb93d78ebf3?s=96&d=mm&r=g","contentUrl":"https:\/\/secure.gravatar.com\/avatar\/f55268a89c3b418f2ef172ff52ab0d09b3e653c58de29539fe329fb93d78ebf3?s=96&d=mm&r=g","caption":"Redacci\u00f3n"},"url":"https:\/\/esbozodeportivo.com\/index.php\/author\/redaccion\/"}]}},"jetpack_featured_media_url":"https:\/\/esbozodeportivo.com\/wp-content\/uploads\/2025\/07\/NFL-7.jpg","jetpack_sharing_enabled":true,"_links":{"self":[{"href":"https:\/\/esbozodeportivo.com\/index.php\/wp-json\/wp\/v2\/posts\/8805","targetHints":{"allow":["GET"]}}],"collection":[{"href":"https:\/\/esbozodeportivo.com\/index.php\/wp-json\/wp\/v2\/posts"}],"about":[{"href":"https:\/\/esbozodeportivo.com\/index.php\/wp-json\/wp\/v2\/types\/post"}],"author":[{"embeddable":true,"href":"https:\/\/esbozodeportivo.com\/index.php\/wp-json\/wp\/v2\/users\/4"}],"replies":[{"embeddable":true,"href":"https:\/\/esbozodeportivo.com\/index.php\/wp-json\/wp\/v2\/comments?post=8805"}],"version-history":[{"count":1,"href":"https:\/\/esbozodeportivo.com\/index.php\/wp-json\/wp\/v2\/posts\/8805\/revisions"}],"predecessor-version":[{"id":8806,"href":"https:\/\/esbozodeportivo.com\/index.php\/wp-json\/wp\/v2\/posts\/8805\/revisions\/8806"}],"wp:featuredmedia":[{"embeddable":true,"href":"https:\/\/esbozodeportivo.com\/index.php\/wp-json\/wp\/v2\/media\/8793"}],"wp:attachment":[{"href":"https:\/\/esbozodeportivo.com\/index.php\/wp-json\/wp\/v2\/media?parent=8805"}],"wp:term":[{"taxonomy":"category","embeddable":true,"href":"https:\/\/esbozodeportivo.com\/index.php\/wp-json\/wp\/v2\/categories?post=8805"},{"taxonomy":"post_tag","embeddable":true,"href":"https:\/\/esbozodeportivo.com\/index.php\/wp-json\/wp\/v2\/tags?post=8805"}],"curies":[{"name":"wp","href":"https:\/\/api.w.org\/{rel}","templated":true}]}}