{"id":8837,"date":"2025-07-31T22:01:05","date_gmt":"2025-08-01T04:01:05","guid":{"rendered":"https:\/\/esbozodeportivo.com\/?p=8837"},"modified":"2025-07-31T22:01:05","modified_gmt":"2025-08-01T04:01:05","slug":"marchand-gana-su-segunda-aurea","status":"publish","type":"post","link":"https:\/\/esbozodeportivo.com\/index.php\/2025\/07\/31\/marchand-gana-su-segunda-aurea\/","title":{"rendered":"Marchand gana su segunda aurea"},"content":{"rendered":"\n<p>(Foto: Agencias) <\/p>\n\n\n\n<p><strong>L\u00e9on Marchand<\/strong> se adjudic\u00f3 el jueves la medalla de oro en los <strong>200 metros<\/strong> combinados en el campeonato mundial de nataci\u00f3n, aunque el franc\u00e9s se qued\u00f3 con las ganas de romper el r\u00e9cord mundial que hab\u00eda fijado 24 horas antes.<\/p>\n\n\n\n<p><strong>El podio en Singapur tuvo un toque de Texas.<\/strong><\/p>\n\n\n\n<p>La presea de plata fue para el estadounidense <strong>Shaine Casas y el Hubert K\u00f3s<\/strong> obtuvo el bronce. Los tres, de tres pa\u00edses distintos, entrenan bajo la tutela del estadounidense <strong>Bob Bowman en la Universidad de Texas en Austin.<\/strong><\/p>\n\n\n\n<p><strong>Bowman<\/strong> es famoso, por supuesto, por entrenar al legendario estadounidense <strong>Michael Phelps.<\/strong><\/p>\n\n\n\n<p><strong>Marchand,<\/strong> quien pulveriz\u00f3 el r\u00e9cord mundial de los 200 combinados en las semifinales, casi lo hace de nuevo al terminar con un tiempo de 1 minuto, 53.68 segundos. Eso fue apenas por debajo de su registro del mi\u00e9rcoles de 1:52.69.<\/p>\n\n\n\n<p>Ambos tiempos superaron la antigua marca de 1:54.00 establecida hace 14 a\u00f1os por el estadounidense <strong>Ryan Lochte.<\/strong><\/p>\n\n\n\n<p><strong>Marchand<\/strong> acapar\u00f3 cuatro medallas de oro individuales hace un a\u00f1o en los <strong>Juegos Ol\u00edmpicos de Par\u00eds<\/strong>, pero \u00fanicamente est\u00e1 compitiendo por dos oros individuales en <strong>Singapur.<\/strong><\/p>\n\n\n\n<p>Ya posee el r\u00e9cord de los <strong>400 combinados de 4:02.50<\/strong> desde el <strong>Mundial de 2023<\/strong>. Ese podr\u00eda caer el domingo, en el octavo y \u00faltimo d\u00eda.<\/p>\n\n\n\n<p><\/p>\n","protected":false},"excerpt":{"rendered":"<p>(Foto: Agencias) L\u00e9on Marchand se adjudic\u00f3 el jueves la medalla de oro en los 200<\/p>\n","protected":false},"author":4,"featured_media":8830,"comment_status":"closed","ping_status":"open","sticky":false,"template":"","format":"standard","meta":{"_jetpack_memberships_contains_paid_content":false,"footnotes":""},"categories":[29],"tags":[],"class_list":["post-8837","post","type-post","status-publish","format-standard","has-post-thumbnail","hentry","category-agua-plataforma"],"yoast_head":"<!-- This site is optimized with the Yoast SEO plugin v25.7 - https:\/\/yoast.com\/wordpress\/plugins\/seo\/ -->\n<title>Marchand gana su segunda aurea - Esbozo Deportivo<\/title>\n<meta name=\"description\" content=\"L\u00e9on Marchand se adjudic\u00f3 el jueves la medalla de oro en los 200 metros combinados en el campeonato mundial de nataci\u00f3n, aunque el franc\u00e9s se qued\u00f3 con las ganas de romper el r\u00e9cord mundial que hab\u00eda fijado 24 horas antes.\" \/>\n<meta name=\"robots\" content=\"index, follow, max-snippet:-1, max-image-preview:large, max-video-preview:-1\" \/>\n<link rel=\"canonical\" href=\"https:\/\/esbozodeportivo.com\/index.php\/2025\/07\/31\/marchand-gana-su-segunda-aurea\/\" \/>\n<meta property=\"og:locale\" content=\"es_MX\" \/>\n<meta property=\"og:type\" content=\"article\" \/>\n<meta property=\"og:title\" content=\"Marchand gana su segunda aurea - Esbozo Deportivo\" \/>\n<meta property=\"og:description\" content=\"L\u00e9on Marchand se adjudic\u00f3 el jueves la medalla de oro en los 200 metros combinados en el campeonato mundial de nataci\u00f3n, aunque el franc\u00e9s se qued\u00f3 con las ganas de romper el r\u00e9cord mundial que hab\u00eda fijado 24 horas antes.\" \/>\n<meta property=\"og:url\" content=\"https:\/\/esbozodeportivo.com\/index.php\/2025\/07\/31\/marchand-gana-su-segunda-aurea\/\" \/>\n<meta property=\"og:site_name\" content=\"Esbozo Deportivo\" \/>\n<meta property=\"article:published_time\" content=\"2025-08-01T04:01:05+00:00\" \/>\n<meta property=\"og:image\" content=\"https:\/\/esbozodeportivo.com\/wp-content\/uploads\/2025\/07\/Natacion-5.jpg\" \/>\n\t<meta property=\"og:image:width\" content=\"980\" \/>\n\t<meta property=\"og:image:height\" content=\"653\" \/>\n\t<meta property=\"og:image:type\" content=\"image\/jpeg\" \/>\n<meta name=\"author\" content=\"Redacci\u00f3n\" \/>\n<meta name=\"twitter:card\" content=\"summary_large_image\" \/>\n<meta name=\"twitter:label1\" content=\"Escrito por\" \/>\n\t<meta name=\"twitter:data1\" content=\"Redacci\u00f3n\" \/>\n\t<meta name=\"twitter:label2\" content=\"Tiempo de lectura\" \/>\n\t<meta name=\"twitter:data2\" content=\"2 minutos\" \/>\n<script type=\"application\/ld+json\" class=\"yoast-schema-graph\">{\"@context\":\"https:\/\/schema.org\",\"@graph\":[{\"@type\":\"Article\",\"@id\":\"https:\/\/esbozodeportivo.com\/index.php\/2025\/07\/31\/marchand-gana-su-segunda-aurea\/#article\",\"isPartOf\":{\"@id\":\"https:\/\/esbozodeportivo.com\/index.php\/2025\/07\/31\/marchand-gana-su-segunda-aurea\/\"},\"author\":{\"name\":\"Redacci\u00f3n\",\"@id\":\"https:\/\/esbozodeportivo.com\/#\/schema\/person\/0f6df9196dfe6740dd0bb31bae50d374\"},\"headline\":\"Marchand gana su segunda aurea\",\"datePublished\":\"2025-08-01T04:01:05+00:00\",\"mainEntityOfPage\":{\"@id\":\"https:\/\/esbozodeportivo.com\/index.php\/2025\/07\/31\/marchand-gana-su-segunda-aurea\/\"},\"wordCount\":220,\"publisher\":{\"@id\":\"https:\/\/esbozodeportivo.com\/#organization\"},\"image\":{\"@id\":\"https:\/\/esbozodeportivo.com\/index.php\/2025\/07\/31\/marchand-gana-su-segunda-aurea\/#primaryimage\"},\"thumbnailUrl\":\"https:\/\/esbozodeportivo.com\/wp-content\/uploads\/2025\/07\/Natacion-5.jpg\",\"articleSection\":[\"Nataci\u00f3n\"],\"inLanguage\":\"es\"},{\"@type\":\"WebPage\",\"@id\":\"https:\/\/esbozodeportivo.com\/index.php\/2025\/07\/31\/marchand-gana-su-segunda-aurea\/\",\"url\":\"https:\/\/esbozodeportivo.com\/index.php\/2025\/07\/31\/marchand-gana-su-segunda-aurea\/\",\"name\":\"Marchand gana su segunda aurea - Esbozo Deportivo\",\"isPartOf\":{\"@id\":\"https:\/\/esbozodeportivo.com\/#website\"},\"primaryImageOfPage\":{\"@id\":\"https:\/\/esbozodeportivo.com\/index.php\/2025\/07\/31\/marchand-gana-su-segunda-aurea\/#primaryimage\"},\"image\":{\"@id\":\"https:\/\/esbozodeportivo.com\/index.php\/2025\/07\/31\/marchand-gana-su-segunda-aurea\/#primaryimage\"},\"thumbnailUrl\":\"https:\/\/esbozodeportivo.com\/wp-content\/uploads\/2025\/07\/Natacion-5.jpg\",\"datePublished\":\"2025-08-01T04:01:05+00:00\",\"description\":\"L\u00e9on Marchand se adjudic\u00f3 el jueves la medalla de oro en los 200 metros combinados en el campeonato mundial de nataci\u00f3n, aunque el franc\u00e9s se qued\u00f3 con las ganas de romper el r\u00e9cord mundial que hab\u00eda fijado 24 horas antes.\",\"breadcrumb\":{\"@id\":\"https:\/\/esbozodeportivo.com\/index.php\/2025\/07\/31\/marchand-gana-su-segunda-aurea\/#breadcrumb\"},\"inLanguage\":\"es\",\"potentialAction\":[{\"@type\":\"ReadAction\",\"target\":[\"https:\/\/esbozodeportivo.com\/index.php\/2025\/07\/31\/marchand-gana-su-segunda-aurea\/\"]}]},{\"@type\":\"ImageObject\",\"inLanguage\":\"es\",\"@id\":\"https:\/\/esbozodeportivo.com\/index.php\/2025\/07\/31\/marchand-gana-su-segunda-aurea\/#primaryimage\",\"url\":\"https:\/\/esbozodeportivo.com\/wp-content\/uploads\/2025\/07\/Natacion-5.jpg\",\"contentUrl\":\"https:\/\/esbozodeportivo.com\/wp-content\/uploads\/2025\/07\/Natacion-5.jpg\",\"width\":980,\"height\":653},{\"@type\":\"BreadcrumbList\",\"@id\":\"https:\/\/esbozodeportivo.com\/index.php\/2025\/07\/31\/marchand-gana-su-segunda-aurea\/#breadcrumb\",\"itemListElement\":[{\"@type\":\"ListItem\",\"position\":1,\"name\":\"Inicio\",\"item\":\"https:\/\/esbozodeportivo.com\/\"},{\"@type\":\"ListItem\",\"position\":2,\"name\":\"Marchand gana su segunda aurea\"}]},{\"@type\":\"WebSite\",\"@id\":\"https:\/\/esbozodeportivo.com\/#website\",\"url\":\"https:\/\/esbozodeportivo.com\/\",\"name\":\"Esbozo Deportivo\",\"description\":\"Lo m\u00e1s importante del Deporte\",\"publisher\":{\"@id\":\"https:\/\/esbozodeportivo.com\/#organization\"},\"potentialAction\":[{\"@type\":\"SearchAction\",\"target\":{\"@type\":\"EntryPoint\",\"urlTemplate\":\"https:\/\/esbozodeportivo.com\/?s={search_term_string}\"},\"query-input\":{\"@type\":\"PropertyValueSpecification\",\"valueRequired\":true,\"valueName\":\"search_term_string\"}}],\"inLanguage\":\"es\"},{\"@type\":\"Organization\",\"@id\":\"https:\/\/esbozodeportivo.com\/#organization\",\"name\":\"Esbozo Deportivo\",\"url\":\"https:\/\/esbozodeportivo.com\/\",\"logo\":{\"@type\":\"ImageObject\",\"inLanguage\":\"es\",\"@id\":\"https:\/\/esbozodeportivo.com\/#\/schema\/logo\/image\/\",\"url\":\"https:\/\/esbozodeportivo.com\/wp-content\/uploads\/2022\/08\/cropped-Logo-Esbozo-Web-2.png\",\"contentUrl\":\"https:\/\/esbozodeportivo.com\/wp-content\/uploads\/2022\/08\/cropped-Logo-Esbozo-Web-2.png\",\"width\":180,\"height\":50,\"caption\":\"Esbozo Deportivo\"},\"image\":{\"@id\":\"https:\/\/esbozodeportivo.com\/#\/schema\/logo\/image\/\"}},{\"@type\":\"Person\",\"@id\":\"https:\/\/esbozodeportivo.com\/#\/schema\/person\/0f6df9196dfe6740dd0bb31bae50d374\",\"name\":\"Redacci\u00f3n\",\"image\":{\"@type\":\"ImageObject\",\"inLanguage\":\"es\",\"@id\":\"https:\/\/esbozodeportivo.com\/#\/schema\/person\/image\/\",\"url\":\"https:\/\/secure.gravatar.com\/avatar\/f55268a89c3b418f2ef172ff52ab0d09b3e653c58de29539fe329fb93d78ebf3?s=96&d=mm&r=g\",\"contentUrl\":\"https:\/\/secure.gravatar.com\/avatar\/f55268a89c3b418f2ef172ff52ab0d09b3e653c58de29539fe329fb93d78ebf3?s=96&d=mm&r=g\",\"caption\":\"Redacci\u00f3n\"},\"url\":\"https:\/\/esbozodeportivo.com\/index.php\/author\/redaccion\/\"}]}<\/script>\n<!-- \/ Yoast SEO plugin. -->","yoast_head_json":{"title":"Marchand gana su segunda aurea - Esbozo Deportivo","description":"L\u00e9on Marchand se adjudic\u00f3 el jueves la medalla de oro en los 200 metros combinados en el campeonato mundial de nataci\u00f3n, aunque el franc\u00e9s se qued\u00f3 con las ganas de romper el r\u00e9cord mundial que hab\u00eda fijado 24 horas antes.","robots":{"index":"index","follow":"follow","max-snippet":"max-snippet:-1","max-image-preview":"max-image-preview:large","max-video-preview":"max-video-preview:-1"},"canonical":"https:\/\/esbozodeportivo.com\/index.php\/2025\/07\/31\/marchand-gana-su-segunda-aurea\/","og_locale":"es_MX","og_type":"article","og_title":"Marchand gana su segunda aurea - Esbozo Deportivo","og_description":"L\u00e9on Marchand se adjudic\u00f3 el jueves la medalla de oro en los 200 metros combinados en el campeonato mundial de nataci\u00f3n, aunque el franc\u00e9s se qued\u00f3 con las ganas de romper el r\u00e9cord mundial que hab\u00eda fijado 24 horas antes.","og_url":"https:\/\/esbozodeportivo.com\/index.php\/2025\/07\/31\/marchand-gana-su-segunda-aurea\/","og_site_name":"Esbozo Deportivo","article_published_time":"2025-08-01T04:01:05+00:00","og_image":[{"width":980,"height":653,"url":"https:\/\/esbozodeportivo.com\/wp-content\/uploads\/2025\/07\/Natacion-5.jpg","type":"image\/jpeg"}],"author":"Redacci\u00f3n","twitter_card":"summary_large_image","twitter_misc":{"Escrito por":"Redacci\u00f3n","Tiempo de lectura":"2 minutos"},"schema":{"@context":"https:\/\/schema.org","@graph":[{"@type":"Article","@id":"https:\/\/esbozodeportivo.com\/index.php\/2025\/07\/31\/marchand-gana-su-segunda-aurea\/#article","isPartOf":{"@id":"https:\/\/esbozodeportivo.com\/index.php\/2025\/07\/31\/marchand-gana-su-segunda-aurea\/"},"author":{"name":"Redacci\u00f3n","@id":"https:\/\/esbozodeportivo.com\/#\/schema\/person\/0f6df9196dfe6740dd0bb31bae50d374"},"headline":"Marchand gana su segunda aurea","datePublished":"2025-08-01T04:01:05+00:00","mainEntityOfPage":{"@id":"https:\/\/esbozodeportivo.com\/index.php\/2025\/07\/31\/marchand-gana-su-segunda-aurea\/"},"wordCount":220,"publisher":{"@id":"https:\/\/esbozodeportivo.com\/#organization"},"image":{"@id":"https:\/\/esbozodeportivo.com\/index.php\/2025\/07\/31\/marchand-gana-su-segunda-aurea\/#primaryimage"},"thumbnailUrl":"https:\/\/esbozodeportivo.com\/wp-content\/uploads\/2025\/07\/Natacion-5.jpg","articleSection":["Nataci\u00f3n"],"inLanguage":"es"},{"@type":"WebPage","@id":"https:\/\/esbozodeportivo.com\/index.php\/2025\/07\/31\/marchand-gana-su-segunda-aurea\/","url":"https:\/\/esbozodeportivo.com\/index.php\/2025\/07\/31\/marchand-gana-su-segunda-aurea\/","name":"Marchand gana su segunda aurea - Esbozo Deportivo","isPartOf":{"@id":"https:\/\/esbozodeportivo.com\/#website"},"primaryImageOfPage":{"@id":"https:\/\/esbozodeportivo.com\/index.php\/2025\/07\/31\/marchand-gana-su-segunda-aurea\/#primaryimage"},"image":{"@id":"https:\/\/esbozodeportivo.com\/index.php\/2025\/07\/31\/marchand-gana-su-segunda-aurea\/#primaryimage"},"thumbnailUrl":"https:\/\/esbozodeportivo.com\/wp-content\/uploads\/2025\/07\/Natacion-5.jpg","datePublished":"2025-08-01T04:01:05+00:00","description":"L\u00e9on Marchand se adjudic\u00f3 el jueves la medalla de oro en los 200 metros combinados en el campeonato mundial de nataci\u00f3n, aunque el franc\u00e9s se qued\u00f3 con las ganas de romper el r\u00e9cord mundial que hab\u00eda fijado 24 horas antes.","breadcrumb":{"@id":"https:\/\/esbozodeportivo.com\/index.php\/2025\/07\/31\/marchand-gana-su-segunda-aurea\/#breadcrumb"},"inLanguage":"es","potentialAction":[{"@type":"ReadAction","target":["https:\/\/esbozodeportivo.com\/index.php\/2025\/07\/31\/marchand-gana-su-segunda-aurea\/"]}]},{"@type":"ImageObject","inLanguage":"es","@id":"https:\/\/esbozodeportivo.com\/index.php\/2025\/07\/31\/marchand-gana-su-segunda-aurea\/#primaryimage","url":"https:\/\/esbozodeportivo.com\/wp-content\/uploads\/2025\/07\/Natacion-5.jpg","contentUrl":"https:\/\/esbozodeportivo.com\/wp-content\/uploads\/2025\/07\/Natacion-5.jpg","width":980,"height":653},{"@type":"BreadcrumbList","@id":"https:\/\/esbozodeportivo.com\/index.php\/2025\/07\/31\/marchand-gana-su-segunda-aurea\/#breadcrumb","itemListElement":[{"@type":"ListItem","position":1,"name":"Inicio","item":"https:\/\/esbozodeportivo.com\/"},{"@type":"ListItem","position":2,"name":"Marchand gana su segunda aurea"}]},{"@type":"WebSite","@id":"https:\/\/esbozodeportivo.com\/#website","url":"https:\/\/esbozodeportivo.com\/","name":"Esbozo Deportivo","description":"Lo m\u00e1s importante del Deporte","publisher":{"@id":"https:\/\/esbozodeportivo.com\/#organization"},"potentialAction":[{"@type":"SearchAction","target":{"@type":"EntryPoint","urlTemplate":"https:\/\/esbozodeportivo.com\/?s={search_term_string}"},"query-input":{"@type":"PropertyValueSpecification","valueRequired":true,"valueName":"search_term_string"}}],"inLanguage":"es"},{"@type":"Organization","@id":"https:\/\/esbozodeportivo.com\/#organization","name":"Esbozo Deportivo","url":"https:\/\/esbozodeportivo.com\/","logo":{"@type":"ImageObject","inLanguage":"es","@id":"https:\/\/esbozodeportivo.com\/#\/schema\/logo\/image\/","url":"https:\/\/esbozodeportivo.com\/wp-content\/uploads\/2022\/08\/cropped-Logo-Esbozo-Web-2.png","contentUrl":"https:\/\/esbozodeportivo.com\/wp-content\/uploads\/2022\/08\/cropped-Logo-Esbozo-Web-2.png","width":180,"height":50,"caption":"Esbozo Deportivo"},"image":{"@id":"https:\/\/esbozodeportivo.com\/#\/schema\/logo\/image\/"}},{"@type":"Person","@id":"https:\/\/esbozodeportivo.com\/#\/schema\/person\/0f6df9196dfe6740dd0bb31bae50d374","name":"Redacci\u00f3n","image":{"@type":"ImageObject","inLanguage":"es","@id":"https:\/\/esbozodeportivo.com\/#\/schema\/person\/image\/","url":"https:\/\/secure.gravatar.com\/avatar\/f55268a89c3b418f2ef172ff52ab0d09b3e653c58de29539fe329fb93d78ebf3?s=96&d=mm&r=g","contentUrl":"https:\/\/secure.gravatar.com\/avatar\/f55268a89c3b418f2ef172ff52ab0d09b3e653c58de29539fe329fb93d78ebf3?s=96&d=mm&r=g","caption":"Redacci\u00f3n"},"url":"https:\/\/esbozodeportivo.com\/index.php\/author\/redaccion\/"}]}},"jetpack_featured_media_url":"https:\/\/esbozodeportivo.com\/wp-content\/uploads\/2025\/07\/Natacion-5.jpg","jetpack_sharing_enabled":true,"_links":{"self":[{"href":"https:\/\/esbozodeportivo.com\/index.php\/wp-json\/wp\/v2\/posts\/8837","targetHints":{"allow":["GET"]}}],"collection":[{"href":"https:\/\/esbozodeportivo.com\/index.php\/wp-json\/wp\/v2\/posts"}],"about":[{"href":"https:\/\/esbozodeportivo.com\/index.php\/wp-json\/wp\/v2\/types\/post"}],"author":[{"embeddable":true,"href":"https:\/\/esbozodeportivo.com\/index.php\/wp-json\/wp\/v2\/users\/4"}],"replies":[{"embeddable":true,"href":"https:\/\/esbozodeportivo.com\/index.php\/wp-json\/wp\/v2\/comments?post=8837"}],"version-history":[{"count":1,"href":"https:\/\/esbozodeportivo.com\/index.php\/wp-json\/wp\/v2\/posts\/8837\/revisions"}],"predecessor-version":[{"id":8838,"href":"https:\/\/esbozodeportivo.com\/index.php\/wp-json\/wp\/v2\/posts\/8837\/revisions\/8838"}],"wp:featuredmedia":[{"embeddable":true,"href":"https:\/\/esbozodeportivo.com\/index.php\/wp-json\/wp\/v2\/media\/8830"}],"wp:attachment":[{"href":"https:\/\/esbozodeportivo.com\/index.php\/wp-json\/wp\/v2\/media?parent=8837"}],"wp:term":[{"taxonomy":"category","embeddable":true,"href":"https:\/\/esbozodeportivo.com\/index.php\/wp-json\/wp\/v2\/categories?post=8837"},{"taxonomy":"post_tag","embeddable":true,"href":"https:\/\/esbozodeportivo.com\/index.php\/wp-json\/wp\/v2\/tags?post=8837"}],"curies":[{"name":"wp","href":"https:\/\/api.w.org\/{rel}","templated":true}]}}