{"id":8922,"date":"2025-08-05T23:51:09","date_gmt":"2025-08-06T05:51:09","guid":{"rendered":"https:\/\/esbozodeportivo.com\/?p=8922"},"modified":"2025-08-05T23:51:10","modified_gmt":"2025-08-06T05:51:10","slug":"gira-profesional-mexicana-en-el-club-campestre-de-la-ciudad-de-mexico","status":"publish","type":"post","link":"https:\/\/esbozodeportivo.com\/index.php\/2025\/08\/05\/gira-profesional-mexicana-en-el-club-campestre-de-la-ciudad-de-mexico\/","title":{"rendered":"Gira Profesional Mexicana, en el Club Campestre de la Ciudad de M\u00e9xico"},"content":{"rendered":"\n<p><strong>Jos\u00e9 Crist\u00f3bal Islas campe\u00f3n defensor (Foto: Cortes\u00eda) <\/strong><\/p>\n\n\n\n<ul class=\"wp-block-list\">\n<li><em>El Mexico City Open II contar\u00e1 con un field de 81 jugadores y repartir\u00e1 una bolsa de un mill\u00f3n 800 mil pesos<\/em><\/li>\n\n\n\n<li><em>El campe\u00f3n defensor es el mexicano Jos\u00e9 Crist\u00f3bal Islas<\/em><\/li>\n\n\n\n<li><em>Paricipan jugadores de la talla de Jos\u00e9 de Jes\u00fas Rodr\u00edguez (M\u00e9x), Jos\u00e9 Toledo (Gua) y Alexandre Rocha (Bra) entre otros<\/em><\/li>\n<\/ul>\n\n\n\n<p>CIUDAD DE M\u00c9XICO (5 de agosto 2025).- Con una ceremonia encabezada por el presidente de la <strong>Federaci\u00f3n Mexicana de Golf (FMG)<\/strong>, <strong>Lic. Andr\u00e9s Jurado Rivera Torres<\/strong>, este martes se inaugur\u00f3 oficialmente el <strong>Mexico City Open II<\/strong>, evento que marca el arranque de la octava temporada de la <strong>Gira Profesional Mexicana (GPM)<\/strong>, \u00fanico circuito profesional en el pa\u00eds que reparte puntos para el <strong>Official World Golf Ranking (OWGR)<\/strong>.<\/p>\n\n\n\n<p>Del 6 al 8 de agosto, 81 jugadores competir\u00e1n en el desafiante campo del <strong>Club Campestre de la Ciudad de M\u00e9xico (CCCM)<\/strong>, por una bolsa de un mill\u00f3n 800 mil pesos, en un evento que re\u00fane a los mejores exponentes del golf profesional nacional y destacados nombres del extranjero.<\/p>\n\n\n\n<p>&#8220;Es un honor que la Gira Profesional Mexicana comience una nueva temporada en esta sede de tanta tradici\u00f3n. Este torneo representa el compromiso continuo con el crecimiento del golf mexicano&#8221;, coment\u00f3 Andr\u00e9s Jurado Rivera Torres, presidente de la FMG, durante la ceremonia de apertura.<\/p>\n\n\n\n<figure class=\"wp-block-image size-large\"><img loading=\"lazy\" decoding=\"async\" width=\"1024\" height=\"682\" src=\"https:\/\/esbozodeportivo.com\/wp-content\/uploads\/2025\/08\/Golf-gira1-1024x682.jpg\" alt=\"\" class=\"wp-image-8924\" srcset=\"https:\/\/esbozodeportivo.com\/wp-content\/uploads\/2025\/08\/Golf-gira1-1024x682.jpg 1024w, https:\/\/esbozodeportivo.com\/wp-content\/uploads\/2025\/08\/Golf-gira1-300x200.jpg 300w, https:\/\/esbozodeportivo.com\/wp-content\/uploads\/2025\/08\/Golf-gira1-768x512.jpg 768w, https:\/\/esbozodeportivo.com\/wp-content\/uploads\/2025\/08\/Golf-gira1-1536x1023.jpg 1536w, https:\/\/esbozodeportivo.com\/wp-content\/uploads\/2025\/08\/Golf-gira1.jpg 1600w\" sizes=\"auto, (max-width: 1024px) 100vw, 1024px\" \/><\/figure>\n\n\n\n<p><strong>Camar\u00f3n Rodr\u00edguez (Foto: Cortes\u00eda) <\/strong><\/p>\n\n\n\n<p>Durante la inauguraci\u00f3n estuvieron presentes: <strong>Carlos Moreno<\/strong>, Vicepresidente de la FMG; el Ing. <strong>Fernando Poo<\/strong>, Vicepresidente del Consejo de Administraci\u00f3n del Club Campestre de la Ciudad de M\u00e9xico; <strong>Jos\u00e9 Miguel Estevez<\/strong>, en representaci\u00f3n del comisionado de la GPM, <strong>Jos\u00e9 Miguel Bejos<\/strong>; <strong>Juli\u00e1n Valenciana<\/strong>, director de golf del CCCM; y <strong>Alejandro Quiroz<\/strong>, director de la GPM, quien destac\u00f3:<\/p>\n\n\n\n<p>&#8220;Arrancar una nueva temporada en una sede como el Club Campestre de la Ciudad de M\u00e9xico es motivo de orgullo. El Mexico City Open II representa el nivel de profesionalismo y compromiso que hemos construido en la Gira Profesional Mexicana. Agradecemos al club por su hospitalidad y estamos listos para una gran semana de golf.&#8221;<\/p>\n\n\n\n<p>Por su parte Jos\u00e9 Miguel Estevez coment\u00f3: \u201cPara la gira y sus profesionales es sin duda un gran honor dar inicio a esta nueva temporada en uno de los clubes con m\u00e1s prestigio e historia del pa\u00eds, adem\u00e1s de ser el mas antiguo, este a\u00f1o celebran sus 120 a\u00f1os de existencia! Muchas felicidades\u201d.<\/p>\n\n\n\n<figure class=\"wp-block-image size-large\"><img loading=\"lazy\" decoding=\"async\" width=\"1024\" height=\"682\" src=\"https:\/\/esbozodeportivo.com\/wp-content\/uploads\/2025\/08\/Golf-gira2-1024x682.jpg\" alt=\"\" class=\"wp-image-8925\" srcset=\"https:\/\/esbozodeportivo.com\/wp-content\/uploads\/2025\/08\/Golf-gira2-1024x682.jpg 1024w, https:\/\/esbozodeportivo.com\/wp-content\/uploads\/2025\/08\/Golf-gira2-300x200.jpg 300w, https:\/\/esbozodeportivo.com\/wp-content\/uploads\/2025\/08\/Golf-gira2-768x512.jpg 768w, https:\/\/esbozodeportivo.com\/wp-content\/uploads\/2025\/08\/Golf-gira2-1536x1023.jpg 1536w, https:\/\/esbozodeportivo.com\/wp-content\/uploads\/2025\/08\/Golf-gira2.jpg 1600w\" sizes=\"auto, (max-width: 1024px) 100vw, 1024px\" \/><\/figure>\n\n\n\n<p><strong>Jos\u00e9 Toledo de Guatemala (Foto: Cortes\u00eda) <\/strong><\/p>\n\n\n\n<p>Entre los protagonistas se encuentra <strong>Jos\u00e9 Crist\u00f3bal Islas<\/strong>, campe\u00f3n defensor del Mexico City Open, quien regresa motivado: \u201cMe encanta este campo. Ganar aqu\u00ed el a\u00f1o pasado fue muy especial, y vengo con el objetivo de repetir. S\u00e9 que el field est\u00e1 muy fuerte, pero estoy preparado\u201d, declar\u00f3 el golfista hidalguense.<\/p>\n\n\n\n<p>Tambi\u00e9n destaca la participaci\u00f3n de <strong>Jos\u00e9 de Jes\u00fas \u201cCamar\u00f3n\u201d Rodr\u00edguez<\/strong>, m\u00e1ximo ganador en la historia de la GPM con 11 t\u00edtulos. \u201cSiempre es un reto iniciar la temporada, pero es aqu\u00ed donde se marcan las bases para lo que viene. Estoy emocionado de competir con lo mejor del pa\u00eds y jugadores internacionales\u201d, expres\u00f3 el veterano profesional.<\/p>\n\n\n\n<p>El torneo contar\u00e1 con presencia internacional de alto nivel, incluyendo al brasile\u00f1o <strong>Alexandre Rocha<\/strong>, al guatemalteco <strong>Jos\u00e9 Toledo<\/strong> y al colombiano <strong>Juan Camilo Vesga<\/strong>, todos con experiencia en circuitos internacionales y motivados por obtener un lugar en la cima del leaderboard esta semana.<\/p>\n\n\n\n<figure class=\"wp-block-image size-large\"><img loading=\"lazy\" decoding=\"async\" width=\"1024\" height=\"682\" src=\"https:\/\/esbozodeportivo.com\/wp-content\/uploads\/2025\/08\/Golf-gira3-1024x682.jpg\" alt=\"\" class=\"wp-image-8926\" srcset=\"https:\/\/esbozodeportivo.com\/wp-content\/uploads\/2025\/08\/Golf-gira3-1024x682.jpg 1024w, https:\/\/esbozodeportivo.com\/wp-content\/uploads\/2025\/08\/Golf-gira3-300x200.jpg 300w, https:\/\/esbozodeportivo.com\/wp-content\/uploads\/2025\/08\/Golf-gira3-768x512.jpg 768w, https:\/\/esbozodeportivo.com\/wp-content\/uploads\/2025\/08\/Golf-gira3-1536x1023.jpg 1536w, https:\/\/esbozodeportivo.com\/wp-content\/uploads\/2025\/08\/Golf-gira3.jpg 1600w\" sizes=\"auto, (max-width: 1024px) 100vw, 1024px\" \/><\/figure>\n\n\n\n<p><strong>Santiago de la Fuente (Foto: Cortes\u00eda) <\/strong><\/p>\n\n\n\n<p>La GPM continuar\u00e1 recorriendo diferentes sedes a lo largo del pa\u00eds durante su temporada 2025-26, reafirmando su posici\u00f3n como plataforma clave en el desarrollo del golf latinoamericano. Este evento representa tambi\u00e9n una oportunidad para que j\u00f3venes promesas y jugadores consolidados sumen puntos importantes en el ranking mundial.<\/p>\n\n\n\n<p>El Mexico City Open II promete emociones desde la primera ronda, con un campo en perfectas condiciones, una sede hist\u00f3rica y un field competitivo. La acci\u00f3n arranca este mi\u00e9rcoles, y se espera una gran respuesta del p\u00fablico capitalino.<\/p>\n\n\n\n<p><strong>ProAm<\/strong><\/p>\n\n\n\n<p>Como parte de las actividades previas al arranque oficial del Mexico City Open II, se llev\u00f3 a cabo el tradicional ProAm, una jornada de convivencia entre profesionales y aficionados en el espectacular campo del Club Campestre de la Ciudad de M\u00e9xico.<\/p>\n\n\n\n<p>El equipo campe\u00f3n de la competencia fue el encabezado por el profesional argentino <strong>Mauro Baez<\/strong>, acompa\u00f1ado por los aficionados Carlos V\u00e1zquez del Mercado, Leopoldo Leyva, Francisco Canal y Fabi\u00e1n Espriu. En segundo lugar finalizaron Enrique Gonz\u00e1lez, Julio Riviera, Jorge Santiago Landa y Alberto Villa, liderados por el profesional <strong>Luis Felipe Torres<\/strong>.<\/p>\n\n\n\n<p>La tercera posici\u00f3n fue para el equipo del venezolano <strong>Jorge Garc\u00eda<\/strong>, quien hizo equipo con Maribel Saracho, Mar\u00eda Jos\u00e9 Gazca, Juan Pablo Silva y Emilia Silva, completando as\u00ed una jornada exitosa de integraci\u00f3n y competencia.<\/p>\n\n\n\n<figure class=\"wp-block-image size-large\"><img loading=\"lazy\" decoding=\"async\" width=\"1024\" height=\"682\" src=\"https:\/\/esbozodeportivo.com\/wp-content\/uploads\/2025\/08\/Golf-gira4-1024x682.jpg\" alt=\"\" class=\"wp-image-8927\" srcset=\"https:\/\/esbozodeportivo.com\/wp-content\/uploads\/2025\/08\/Golf-gira4-1024x682.jpg 1024w, https:\/\/esbozodeportivo.com\/wp-content\/uploads\/2025\/08\/Golf-gira4-300x200.jpg 300w, https:\/\/esbozodeportivo.com\/wp-content\/uploads\/2025\/08\/Golf-gira4-768x512.jpg 768w, https:\/\/esbozodeportivo.com\/wp-content\/uploads\/2025\/08\/Golf-gira4-1536x1023.jpg 1536w, https:\/\/esbozodeportivo.com\/wp-content\/uploads\/2025\/08\/Golf-gira4.jpg 1600w\" sizes=\"auto, (max-width: 1024px) 100vw, 1024px\" \/><\/figure>\n\n\n\n<p><strong>Andr\u00e9s Jurado presidente de la FMG (Foto: Cortes\u00eda) <\/strong><\/p>\n\n\n\n<p><strong>Campeones Temporada 2024-25 Gira Profesional Mexicana<\/strong><\/p>\n\n\n\n<p>1&nbsp;&nbsp;&nbsp;&nbsp;&nbsp;&nbsp;&nbsp;&nbsp;&nbsp; CCCM&nbsp;&nbsp;&nbsp;&nbsp;&nbsp;&nbsp;&nbsp;&nbsp;&nbsp;&nbsp;&nbsp;&nbsp;&nbsp;&nbsp;&nbsp;&nbsp;&nbsp;&nbsp;&nbsp;&nbsp;&nbsp;&nbsp;&nbsp;&nbsp; Jos\u00e9 Crist\u00f3bal Islas (M\u00e9x)&nbsp;&nbsp;&nbsp;&nbsp;&nbsp;&nbsp;&nbsp;&nbsp;&nbsp;&nbsp;&nbsp;&nbsp;&nbsp;&nbsp;&nbsp;&nbsp;&nbsp;&nbsp;&nbsp;&nbsp;&nbsp;&nbsp;&nbsp;&nbsp;&nbsp;&nbsp;&nbsp;&nbsp;&nbsp;&nbsp;&nbsp;&nbsp;&nbsp;&nbsp;&nbsp;&nbsp;&nbsp;&nbsp;&nbsp;&nbsp; 202, -11*1<\/p>\n\n\n\n<p>2&nbsp;&nbsp;&nbsp;&nbsp;&nbsp;&nbsp;&nbsp;&nbsp;&nbsp; Amanali&nbsp;&nbsp;&nbsp;&nbsp;&nbsp;&nbsp;&nbsp;&nbsp;&nbsp;&nbsp;&nbsp;&nbsp;&nbsp;&nbsp;&nbsp;&nbsp;&nbsp;&nbsp;&nbsp;&nbsp;&nbsp; Jos\u00e9 Crist\u00f3bal Islas (M\u00e9x)&nbsp;&nbsp;&nbsp;&nbsp;&nbsp;&nbsp;&nbsp;&nbsp;&nbsp;&nbsp;&nbsp;&nbsp;&nbsp;&nbsp;&nbsp;&nbsp;&nbsp;&nbsp;&nbsp;&nbsp;&nbsp;&nbsp;&nbsp;&nbsp;&nbsp;&nbsp;&nbsp;&nbsp;&nbsp;&nbsp;&nbsp;&nbsp;&nbsp;&nbsp;&nbsp;&nbsp;&nbsp;&nbsp;&nbsp;&nbsp; 201, -15<\/p>\n\n\n\n<p>3&nbsp;&nbsp;&nbsp;&nbsp;&nbsp;&nbsp;&nbsp;&nbsp;&nbsp; Campestre de Le\u00f3n&nbsp;&nbsp;&nbsp; Ra\u00fal Pereda (M\u00e9x)&nbsp;&nbsp;&nbsp;&nbsp;&nbsp;&nbsp;&nbsp;&nbsp;&nbsp;&nbsp;&nbsp;&nbsp;&nbsp;&nbsp;&nbsp;&nbsp;&nbsp;&nbsp;&nbsp;&nbsp;&nbsp;&nbsp;&nbsp;&nbsp;&nbsp;&nbsp;&nbsp;&nbsp;&nbsp;&nbsp;&nbsp;&nbsp;&nbsp;&nbsp;&nbsp;&nbsp;&nbsp;&nbsp;&nbsp;&nbsp;&nbsp;&nbsp;&nbsp;&nbsp;&nbsp;&nbsp;&nbsp;&nbsp;&nbsp;&nbsp;&nbsp; 200, -16*2<\/p>\n\n\n\n<p>4&nbsp;&nbsp;&nbsp;&nbsp;&nbsp;&nbsp;&nbsp;&nbsp;&nbsp; CG Valle Alto&nbsp;&nbsp;&nbsp;&nbsp;&nbsp;&nbsp;&nbsp;&nbsp;&nbsp;&nbsp;&nbsp;&nbsp;&nbsp; Joel Thelen (EU)&nbsp;&nbsp;&nbsp;&nbsp;&nbsp;&nbsp;&nbsp;&nbsp;&nbsp;&nbsp;&nbsp;&nbsp;&nbsp;&nbsp;&nbsp;&nbsp;&nbsp;&nbsp;&nbsp;&nbsp;&nbsp;&nbsp;&nbsp;&nbsp;&nbsp;&nbsp;&nbsp;&nbsp;&nbsp;&nbsp;&nbsp;&nbsp;&nbsp;&nbsp;&nbsp;&nbsp;&nbsp;&nbsp;&nbsp;&nbsp;&nbsp;&nbsp;&nbsp;&nbsp;&nbsp;&nbsp;&nbsp;&nbsp;&nbsp;&nbsp;&nbsp;&nbsp;&nbsp;&nbsp;&nbsp; 197, -16<\/p>\n\n\n\n<p>5&nbsp;&nbsp;&nbsp;&nbsp;&nbsp;&nbsp;&nbsp;&nbsp;&nbsp; Yucat\u00e1n CC&nbsp;&nbsp;&nbsp;&nbsp;&nbsp;&nbsp;&nbsp;&nbsp;&nbsp;&nbsp;&nbsp;&nbsp;&nbsp;&nbsp;&nbsp;&nbsp; Joel Thelen (EU)&nbsp;&nbsp;&nbsp;&nbsp;&nbsp;&nbsp;&nbsp;&nbsp;&nbsp;&nbsp;&nbsp;&nbsp;&nbsp;&nbsp;&nbsp;&nbsp;&nbsp;&nbsp;&nbsp;&nbsp;&nbsp;&nbsp;&nbsp;&nbsp;&nbsp;&nbsp;&nbsp;&nbsp;&nbsp;&nbsp;&nbsp;&nbsp;&nbsp;&nbsp;&nbsp;&nbsp;&nbsp;&nbsp;&nbsp;&nbsp;&nbsp;&nbsp;&nbsp;&nbsp;&nbsp;&nbsp;&nbsp;&nbsp;&nbsp;&nbsp;&nbsp;&nbsp;&nbsp;&nbsp;&nbsp; 206, -6<\/p>\n\n\n\n<p>6&nbsp;&nbsp;&nbsp;&nbsp;&nbsp;&nbsp;&nbsp;&nbsp;&nbsp; El Encanto CC&nbsp;&nbsp;&nbsp;&nbsp;&nbsp;&nbsp;&nbsp;&nbsp;&nbsp;&nbsp;&nbsp;&nbsp; Felipe \u00c1lvarez (Col)&nbsp;&nbsp;&nbsp;&nbsp;&nbsp;&nbsp;&nbsp;&nbsp;&nbsp;&nbsp;&nbsp;&nbsp;&nbsp;&nbsp;&nbsp;&nbsp;&nbsp;&nbsp;&nbsp;&nbsp;&nbsp;&nbsp;&nbsp;&nbsp;&nbsp;&nbsp;&nbsp;&nbsp;&nbsp;&nbsp;&nbsp;&nbsp;&nbsp;&nbsp;&nbsp;&nbsp;&nbsp;&nbsp;&nbsp;&nbsp;&nbsp;&nbsp;&nbsp;&nbsp;&nbsp;&nbsp;&nbsp;&nbsp;&nbsp;&nbsp; 209, -7<\/p>\n\n\n\n<p>7&nbsp;&nbsp;&nbsp;&nbsp;&nbsp;&nbsp;&nbsp;&nbsp;&nbsp; CG Chapultepec&nbsp;&nbsp;&nbsp;&nbsp;&nbsp;&nbsp;&nbsp;&nbsp;&nbsp; Luis Gerardo Garza (M\u00e9x)&nbsp;&nbsp;&nbsp;&nbsp;&nbsp;&nbsp;&nbsp;&nbsp;&nbsp;&nbsp;&nbsp;&nbsp;&nbsp;&nbsp;&nbsp;&nbsp;&nbsp;&nbsp;&nbsp;&nbsp;&nbsp;&nbsp;&nbsp;&nbsp;&nbsp;&nbsp;&nbsp;&nbsp;&nbsp;&nbsp;&nbsp;&nbsp;&nbsp;&nbsp;&nbsp;&nbsp;&nbsp;&nbsp;&nbsp;&nbsp; 204,-12<\/p>\n\n\n\n<p>8&nbsp;&nbsp;&nbsp;&nbsp;&nbsp;&nbsp;&nbsp;&nbsp;&nbsp; Campestre Puebla&nbsp;&nbsp;&nbsp;&nbsp;&nbsp; Luis Gerardo Garza (M\u00e9x)&nbsp;&nbsp;&nbsp;&nbsp;&nbsp;&nbsp;&nbsp;&nbsp;&nbsp;&nbsp;&nbsp;&nbsp;&nbsp;&nbsp;&nbsp;&nbsp;&nbsp;&nbsp;&nbsp;&nbsp;&nbsp;&nbsp;&nbsp;&nbsp;&nbsp;&nbsp;&nbsp;&nbsp;&nbsp;&nbsp;&nbsp;&nbsp;&nbsp;&nbsp;&nbsp;&nbsp;&nbsp;&nbsp;&nbsp;&nbsp; 194, -22<\/p>\n\n\n\n<p>9&nbsp;&nbsp;&nbsp;&nbsp;&nbsp;&nbsp;&nbsp;&nbsp;&nbsp; El Campanario&nbsp;&nbsp;&nbsp;&nbsp;&nbsp;&nbsp;&nbsp;&nbsp;&nbsp;&nbsp;&nbsp;&nbsp;&nbsp;&nbsp;&nbsp;&nbsp;&nbsp;&nbsp;&nbsp;&nbsp;&nbsp;&nbsp; Jos\u00e9 de Jes\u00fas Rodr\u00edguez (M\u00e9x)&nbsp;&nbsp;&nbsp;&nbsp;&nbsp;&nbsp;&nbsp;&nbsp;&nbsp;&nbsp;&nbsp;&nbsp;&nbsp;&nbsp;&nbsp;&nbsp;&nbsp;&nbsp;&nbsp;&nbsp;&nbsp;&nbsp;&nbsp;&nbsp;&nbsp;&nbsp;&nbsp;&nbsp;&nbsp;&nbsp;&nbsp;&nbsp;&nbsp; 203, -13<\/p>\n\n\n\n<p>10&nbsp;&nbsp;&nbsp;&nbsp;&nbsp;&nbsp;&nbsp; Ventanas Sn. Miguel&nbsp; Joel Thelen (EU)&nbsp;&nbsp;&nbsp;&nbsp;&nbsp;&nbsp;&nbsp;&nbsp;&nbsp;&nbsp;&nbsp;&nbsp;&nbsp;&nbsp;&nbsp;&nbsp;&nbsp;&nbsp;&nbsp;&nbsp;&nbsp;&nbsp;&nbsp;&nbsp;&nbsp;&nbsp;&nbsp;&nbsp;&nbsp;&nbsp;&nbsp;&nbsp;&nbsp;&nbsp;&nbsp;&nbsp;&nbsp;&nbsp;&nbsp;&nbsp;&nbsp;&nbsp;&nbsp;&nbsp;&nbsp;&nbsp;&nbsp;&nbsp;&nbsp;&nbsp;&nbsp;&nbsp;&nbsp;&nbsp;&nbsp; 264, -16<\/p>\n\n\n\n<p>*1&nbsp;&nbsp;&nbsp;&nbsp;&nbsp;&nbsp;&nbsp; Dos hoyos de desempate contra Luis Gerardo Garza (M\u00e9xico)<\/p>\n\n\n\n<p>*2&nbsp;&nbsp;&nbsp;&nbsp;&nbsp;&nbsp;&nbsp; Un hoyo de desempate contra Alexandre Rocha (Brasil)<\/p>\n\n\n\n<p><\/p>\n","protected":false},"excerpt":{"rendered":"<p>Jos\u00e9 Crist\u00f3bal Islas campe\u00f3n defensor (Foto: Cortes\u00eda) CIUDAD DE M\u00c9XICO (5 de agosto 2025).- Con<\/p>\n","protected":false},"author":4,"featured_media":8923,"comment_status":"closed","ping_status":"open","sticky":false,"template":"","format":"standard","meta":{"_jetpack_memberships_contains_paid_content":false,"footnotes":""},"categories":[83],"tags":[],"class_list":["post-8922","post","type-post","status-publish","format-standard","has-post-thumbnail","hentry","category-federacion-mexicana-de-golf"],"yoast_head":"<!-- This site is optimized with the Yoast SEO plugin v25.7 - https:\/\/yoast.com\/wordpress\/plugins\/seo\/ -->\n<title>Gira Profesional Mexicana, en el Club Campestre de la Ciudad de M\u00e9xico - Esbozo Deportivo<\/title>\n<meta name=\"description\" content=\"CIUDAD DE M\u00c9XICO (5 de agosto 2025).- Con una ceremonia encabezada por el presidente de la Federaci\u00f3n Mexicana de Golf (FMG), Lic. Andr\u00e9s Jurado Rivera Torres, este martes se inaugur\u00f3 oficialmente el Mexico City Open II, evento que marca el arranque de la octava temporada de la Gira Profesional Mexicana (GPM), \u00fanico circuito profesional en el pa\u00eds que reparte puntos para el Official World Golf Ranking (OWGR).\" \/>\n<meta name=\"robots\" content=\"index, follow, max-snippet:-1, max-image-preview:large, max-video-preview:-1\" \/>\n<link rel=\"canonical\" href=\"https:\/\/esbozodeportivo.com\/index.php\/2025\/08\/05\/gira-profesional-mexicana-en-el-club-campestre-de-la-ciudad-de-mexico\/\" \/>\n<meta property=\"og:locale\" content=\"es_MX\" \/>\n<meta property=\"og:type\" content=\"article\" \/>\n<meta property=\"og:title\" content=\"Gira Profesional Mexicana, en el Club Campestre de la Ciudad de M\u00e9xico - Esbozo Deportivo\" \/>\n<meta property=\"og:description\" content=\"CIUDAD DE M\u00c9XICO (5 de agosto 2025).- Con una ceremonia encabezada por el presidente de la Federaci\u00f3n Mexicana de Golf (FMG), Lic. Andr\u00e9s Jurado Rivera Torres, este martes se inaugur\u00f3 oficialmente el Mexico City Open II, evento que marca el arranque de la octava temporada de la Gira Profesional Mexicana (GPM), \u00fanico circuito profesional en el pa\u00eds que reparte puntos para el Official World Golf Ranking (OWGR).\" \/>\n<meta property=\"og:url\" content=\"https:\/\/esbozodeportivo.com\/index.php\/2025\/08\/05\/gira-profesional-mexicana-en-el-club-campestre-de-la-ciudad-de-mexico\/\" \/>\n<meta property=\"og:site_name\" content=\"Esbozo Deportivo\" \/>\n<meta property=\"article:published_time\" content=\"2025-08-06T05:51:09+00:00\" \/>\n<meta property=\"article:modified_time\" content=\"2025-08-06T05:51:10+00:00\" \/>\n<meta property=\"og:image\" content=\"https:\/\/esbozodeportivo.com\/wp-content\/uploads\/2025\/08\/Golf-gira.jpg\" \/>\n\t<meta property=\"og:image:width\" content=\"1600\" \/>\n\t<meta property=\"og:image:height\" content=\"1066\" \/>\n\t<meta property=\"og:image:type\" content=\"image\/jpeg\" \/>\n<meta name=\"author\" content=\"Redacci\u00f3n\" \/>\n<meta name=\"twitter:card\" content=\"summary_large_image\" \/>\n<meta name=\"twitter:label1\" content=\"Escrito por\" \/>\n\t<meta name=\"twitter:data1\" content=\"Redacci\u00f3n\" \/>\n\t<meta name=\"twitter:label2\" content=\"Tiempo de lectura\" \/>\n\t<meta name=\"twitter:data2\" content=\"6 minutos\" \/>\n<script type=\"application\/ld+json\" class=\"yoast-schema-graph\">{\"@context\":\"https:\/\/schema.org\",\"@graph\":[{\"@type\":\"Article\",\"@id\":\"https:\/\/esbozodeportivo.com\/index.php\/2025\/08\/05\/gira-profesional-mexicana-en-el-club-campestre-de-la-ciudad-de-mexico\/#article\",\"isPartOf\":{\"@id\":\"https:\/\/esbozodeportivo.com\/index.php\/2025\/08\/05\/gira-profesional-mexicana-en-el-club-campestre-de-la-ciudad-de-mexico\/\"},\"author\":{\"name\":\"Redacci\u00f3n\",\"@id\":\"https:\/\/esbozodeportivo.com\/#\/schema\/person\/0f6df9196dfe6740dd0bb31bae50d374\"},\"headline\":\"Gira Profesional Mexicana, en el Club Campestre de la Ciudad de M\u00e9xico\",\"datePublished\":\"2025-08-06T05:51:09+00:00\",\"dateModified\":\"2025-08-06T05:51:10+00:00\",\"mainEntityOfPage\":{\"@id\":\"https:\/\/esbozodeportivo.com\/index.php\/2025\/08\/05\/gira-profesional-mexicana-en-el-club-campestre-de-la-ciudad-de-mexico\/\"},\"wordCount\":1632,\"publisher\":{\"@id\":\"https:\/\/esbozodeportivo.com\/#organization\"},\"image\":{\"@id\":\"https:\/\/esbozodeportivo.com\/index.php\/2025\/08\/05\/gira-profesional-mexicana-en-el-club-campestre-de-la-ciudad-de-mexico\/#primaryimage\"},\"thumbnailUrl\":\"https:\/\/esbozodeportivo.com\/wp-content\/uploads\/2025\/08\/Golf-gira.jpg\",\"articleSection\":[\"Federaci\u00f3n Mexicana de Golf\"],\"inLanguage\":\"es\"},{\"@type\":\"WebPage\",\"@id\":\"https:\/\/esbozodeportivo.com\/index.php\/2025\/08\/05\/gira-profesional-mexicana-en-el-club-campestre-de-la-ciudad-de-mexico\/\",\"url\":\"https:\/\/esbozodeportivo.com\/index.php\/2025\/08\/05\/gira-profesional-mexicana-en-el-club-campestre-de-la-ciudad-de-mexico\/\",\"name\":\"Gira Profesional Mexicana, en el Club Campestre de la Ciudad de M\u00e9xico - Esbozo Deportivo\",\"isPartOf\":{\"@id\":\"https:\/\/esbozodeportivo.com\/#website\"},\"primaryImageOfPage\":{\"@id\":\"https:\/\/esbozodeportivo.com\/index.php\/2025\/08\/05\/gira-profesional-mexicana-en-el-club-campestre-de-la-ciudad-de-mexico\/#primaryimage\"},\"image\":{\"@id\":\"https:\/\/esbozodeportivo.com\/index.php\/2025\/08\/05\/gira-profesional-mexicana-en-el-club-campestre-de-la-ciudad-de-mexico\/#primaryimage\"},\"thumbnailUrl\":\"https:\/\/esbozodeportivo.com\/wp-content\/uploads\/2025\/08\/Golf-gira.jpg\",\"datePublished\":\"2025-08-06T05:51:09+00:00\",\"dateModified\":\"2025-08-06T05:51:10+00:00\",\"description\":\"CIUDAD DE M\u00c9XICO (5 de agosto 2025).- Con una ceremonia encabezada por el presidente de la Federaci\u00f3n Mexicana de Golf (FMG), Lic. Andr\u00e9s Jurado Rivera Torres, este martes se inaugur\u00f3 oficialmente el Mexico City Open II, evento que marca el arranque de la octava temporada de la Gira Profesional Mexicana (GPM), \u00fanico circuito profesional en el pa\u00eds que reparte puntos para el Official World Golf Ranking (OWGR).\",\"breadcrumb\":{\"@id\":\"https:\/\/esbozodeportivo.com\/index.php\/2025\/08\/05\/gira-profesional-mexicana-en-el-club-campestre-de-la-ciudad-de-mexico\/#breadcrumb\"},\"inLanguage\":\"es\",\"potentialAction\":[{\"@type\":\"ReadAction\",\"target\":[\"https:\/\/esbozodeportivo.com\/index.php\/2025\/08\/05\/gira-profesional-mexicana-en-el-club-campestre-de-la-ciudad-de-mexico\/\"]}]},{\"@type\":\"ImageObject\",\"inLanguage\":\"es\",\"@id\":\"https:\/\/esbozodeportivo.com\/index.php\/2025\/08\/05\/gira-profesional-mexicana-en-el-club-campestre-de-la-ciudad-de-mexico\/#primaryimage\",\"url\":\"https:\/\/esbozodeportivo.com\/wp-content\/uploads\/2025\/08\/Golf-gira.jpg\",\"contentUrl\":\"https:\/\/esbozodeportivo.com\/wp-content\/uploads\/2025\/08\/Golf-gira.jpg\",\"width\":1600,\"height\":1066},{\"@type\":\"BreadcrumbList\",\"@id\":\"https:\/\/esbozodeportivo.com\/index.php\/2025\/08\/05\/gira-profesional-mexicana-en-el-club-campestre-de-la-ciudad-de-mexico\/#breadcrumb\",\"itemListElement\":[{\"@type\":\"ListItem\",\"position\":1,\"name\":\"Inicio\",\"item\":\"https:\/\/esbozodeportivo.com\/\"},{\"@type\":\"ListItem\",\"position\":2,\"name\":\"Gira Profesional Mexicana, en el Club Campestre de la Ciudad de M\u00e9xico\"}]},{\"@type\":\"WebSite\",\"@id\":\"https:\/\/esbozodeportivo.com\/#website\",\"url\":\"https:\/\/esbozodeportivo.com\/\",\"name\":\"Esbozo Deportivo\",\"description\":\"Lo m\u00e1s importante del Deporte\",\"publisher\":{\"@id\":\"https:\/\/esbozodeportivo.com\/#organization\"},\"potentialAction\":[{\"@type\":\"SearchAction\",\"target\":{\"@type\":\"EntryPoint\",\"urlTemplate\":\"https:\/\/esbozodeportivo.com\/?s={search_term_string}\"},\"query-input\":{\"@type\":\"PropertyValueSpecification\",\"valueRequired\":true,\"valueName\":\"search_term_string\"}}],\"inLanguage\":\"es\"},{\"@type\":\"Organization\",\"@id\":\"https:\/\/esbozodeportivo.com\/#organization\",\"name\":\"Esbozo Deportivo\",\"url\":\"https:\/\/esbozodeportivo.com\/\",\"logo\":{\"@type\":\"ImageObject\",\"inLanguage\":\"es\",\"@id\":\"https:\/\/esbozodeportivo.com\/#\/schema\/logo\/image\/\",\"url\":\"https:\/\/esbozodeportivo.com\/wp-content\/uploads\/2022\/08\/cropped-Logo-Esbozo-Web-2.png\",\"contentUrl\":\"https:\/\/esbozodeportivo.com\/wp-content\/uploads\/2022\/08\/cropped-Logo-Esbozo-Web-2.png\",\"width\":180,\"height\":50,\"caption\":\"Esbozo Deportivo\"},\"image\":{\"@id\":\"https:\/\/esbozodeportivo.com\/#\/schema\/logo\/image\/\"}},{\"@type\":\"Person\",\"@id\":\"https:\/\/esbozodeportivo.com\/#\/schema\/person\/0f6df9196dfe6740dd0bb31bae50d374\",\"name\":\"Redacci\u00f3n\",\"image\":{\"@type\":\"ImageObject\",\"inLanguage\":\"es\",\"@id\":\"https:\/\/esbozodeportivo.com\/#\/schema\/person\/image\/\",\"url\":\"https:\/\/secure.gravatar.com\/avatar\/f55268a89c3b418f2ef172ff52ab0d09b3e653c58de29539fe329fb93d78ebf3?s=96&d=mm&r=g\",\"contentUrl\":\"https:\/\/secure.gravatar.com\/avatar\/f55268a89c3b418f2ef172ff52ab0d09b3e653c58de29539fe329fb93d78ebf3?s=96&d=mm&r=g\",\"caption\":\"Redacci\u00f3n\"},\"url\":\"https:\/\/esbozodeportivo.com\/index.php\/author\/redaccion\/\"}]}<\/script>\n<!-- \/ Yoast SEO plugin. -->","yoast_head_json":{"title":"Gira Profesional Mexicana, en el Club Campestre de la Ciudad de M\u00e9xico - Esbozo Deportivo","description":"CIUDAD DE M\u00c9XICO (5 de agosto 2025).- Con una ceremonia encabezada por el presidente de la Federaci\u00f3n Mexicana de Golf (FMG), Lic. Andr\u00e9s Jurado Rivera Torres, este martes se inaugur\u00f3 oficialmente el Mexico City Open II, evento que marca el arranque de la octava temporada de la Gira Profesional Mexicana (GPM), \u00fanico circuito profesional en el pa\u00eds que reparte puntos para el Official World Golf Ranking (OWGR).","robots":{"index":"index","follow":"follow","max-snippet":"max-snippet:-1","max-image-preview":"max-image-preview:large","max-video-preview":"max-video-preview:-1"},"canonical":"https:\/\/esbozodeportivo.com\/index.php\/2025\/08\/05\/gira-profesional-mexicana-en-el-club-campestre-de-la-ciudad-de-mexico\/","og_locale":"es_MX","og_type":"article","og_title":"Gira Profesional Mexicana, en el Club Campestre de la Ciudad de M\u00e9xico - Esbozo Deportivo","og_description":"CIUDAD DE M\u00c9XICO (5 de agosto 2025).- Con una ceremonia encabezada por el presidente de la Federaci\u00f3n Mexicana de Golf (FMG), Lic. Andr\u00e9s Jurado Rivera Torres, este martes se inaugur\u00f3 oficialmente el Mexico City Open II, evento que marca el arranque de la octava temporada de la Gira Profesional Mexicana (GPM), \u00fanico circuito profesional en el pa\u00eds que reparte puntos para el Official World Golf Ranking (OWGR).","og_url":"https:\/\/esbozodeportivo.com\/index.php\/2025\/08\/05\/gira-profesional-mexicana-en-el-club-campestre-de-la-ciudad-de-mexico\/","og_site_name":"Esbozo Deportivo","article_published_time":"2025-08-06T05:51:09+00:00","article_modified_time":"2025-08-06T05:51:10+00:00","og_image":[{"width":1600,"height":1066,"url":"https:\/\/esbozodeportivo.com\/wp-content\/uploads\/2025\/08\/Golf-gira.jpg","type":"image\/jpeg"}],"author":"Redacci\u00f3n","twitter_card":"summary_large_image","twitter_misc":{"Escrito por":"Redacci\u00f3n","Tiempo de lectura":"6 minutos"},"schema":{"@context":"https:\/\/schema.org","@graph":[{"@type":"Article","@id":"https:\/\/esbozodeportivo.com\/index.php\/2025\/08\/05\/gira-profesional-mexicana-en-el-club-campestre-de-la-ciudad-de-mexico\/#article","isPartOf":{"@id":"https:\/\/esbozodeportivo.com\/index.php\/2025\/08\/05\/gira-profesional-mexicana-en-el-club-campestre-de-la-ciudad-de-mexico\/"},"author":{"name":"Redacci\u00f3n","@id":"https:\/\/esbozodeportivo.com\/#\/schema\/person\/0f6df9196dfe6740dd0bb31bae50d374"},"headline":"Gira Profesional Mexicana, en el Club Campestre de la Ciudad de M\u00e9xico","datePublished":"2025-08-06T05:51:09+00:00","dateModified":"2025-08-06T05:51:10+00:00","mainEntityOfPage":{"@id":"https:\/\/esbozodeportivo.com\/index.php\/2025\/08\/05\/gira-profesional-mexicana-en-el-club-campestre-de-la-ciudad-de-mexico\/"},"wordCount":1632,"publisher":{"@id":"https:\/\/esbozodeportivo.com\/#organization"},"image":{"@id":"https:\/\/esbozodeportivo.com\/index.php\/2025\/08\/05\/gira-profesional-mexicana-en-el-club-campestre-de-la-ciudad-de-mexico\/#primaryimage"},"thumbnailUrl":"https:\/\/esbozodeportivo.com\/wp-content\/uploads\/2025\/08\/Golf-gira.jpg","articleSection":["Federaci\u00f3n Mexicana de Golf"],"inLanguage":"es"},{"@type":"WebPage","@id":"https:\/\/esbozodeportivo.com\/index.php\/2025\/08\/05\/gira-profesional-mexicana-en-el-club-campestre-de-la-ciudad-de-mexico\/","url":"https:\/\/esbozodeportivo.com\/index.php\/2025\/08\/05\/gira-profesional-mexicana-en-el-club-campestre-de-la-ciudad-de-mexico\/","name":"Gira Profesional Mexicana, en el Club Campestre de la Ciudad de M\u00e9xico - Esbozo Deportivo","isPartOf":{"@id":"https:\/\/esbozodeportivo.com\/#website"},"primaryImageOfPage":{"@id":"https:\/\/esbozodeportivo.com\/index.php\/2025\/08\/05\/gira-profesional-mexicana-en-el-club-campestre-de-la-ciudad-de-mexico\/#primaryimage"},"image":{"@id":"https:\/\/esbozodeportivo.com\/index.php\/2025\/08\/05\/gira-profesional-mexicana-en-el-club-campestre-de-la-ciudad-de-mexico\/#primaryimage"},"thumbnailUrl":"https:\/\/esbozodeportivo.com\/wp-content\/uploads\/2025\/08\/Golf-gira.jpg","datePublished":"2025-08-06T05:51:09+00:00","dateModified":"2025-08-06T05:51:10+00:00","description":"CIUDAD DE M\u00c9XICO (5 de agosto 2025).- Con una ceremonia encabezada por el presidente de la Federaci\u00f3n Mexicana de Golf (FMG), Lic. Andr\u00e9s Jurado Rivera Torres, este martes se inaugur\u00f3 oficialmente el Mexico City Open II, evento que marca el arranque de la octava temporada de la Gira Profesional Mexicana (GPM), \u00fanico circuito profesional en el pa\u00eds que reparte puntos para el Official World Golf Ranking (OWGR).","breadcrumb":{"@id":"https:\/\/esbozodeportivo.com\/index.php\/2025\/08\/05\/gira-profesional-mexicana-en-el-club-campestre-de-la-ciudad-de-mexico\/#breadcrumb"},"inLanguage":"es","potentialAction":[{"@type":"ReadAction","target":["https:\/\/esbozodeportivo.com\/index.php\/2025\/08\/05\/gira-profesional-mexicana-en-el-club-campestre-de-la-ciudad-de-mexico\/"]}]},{"@type":"ImageObject","inLanguage":"es","@id":"https:\/\/esbozodeportivo.com\/index.php\/2025\/08\/05\/gira-profesional-mexicana-en-el-club-campestre-de-la-ciudad-de-mexico\/#primaryimage","url":"https:\/\/esbozodeportivo.com\/wp-content\/uploads\/2025\/08\/Golf-gira.jpg","contentUrl":"https:\/\/esbozodeportivo.com\/wp-content\/uploads\/2025\/08\/Golf-gira.jpg","width":1600,"height":1066},{"@type":"BreadcrumbList","@id":"https:\/\/esbozodeportivo.com\/index.php\/2025\/08\/05\/gira-profesional-mexicana-en-el-club-campestre-de-la-ciudad-de-mexico\/#breadcrumb","itemListElement":[{"@type":"ListItem","position":1,"name":"Inicio","item":"https:\/\/esbozodeportivo.com\/"},{"@type":"ListItem","position":2,"name":"Gira Profesional Mexicana, en el Club Campestre de la Ciudad de M\u00e9xico"}]},{"@type":"WebSite","@id":"https:\/\/esbozodeportivo.com\/#website","url":"https:\/\/esbozodeportivo.com\/","name":"Esbozo Deportivo","description":"Lo m\u00e1s importante del Deporte","publisher":{"@id":"https:\/\/esbozodeportivo.com\/#organization"},"potentialAction":[{"@type":"SearchAction","target":{"@type":"EntryPoint","urlTemplate":"https:\/\/esbozodeportivo.com\/?s={search_term_string}"},"query-input":{"@type":"PropertyValueSpecification","valueRequired":true,"valueName":"search_term_string"}}],"inLanguage":"es"},{"@type":"Organization","@id":"https:\/\/esbozodeportivo.com\/#organization","name":"Esbozo Deportivo","url":"https:\/\/esbozodeportivo.com\/","logo":{"@type":"ImageObject","inLanguage":"es","@id":"https:\/\/esbozodeportivo.com\/#\/schema\/logo\/image\/","url":"https:\/\/esbozodeportivo.com\/wp-content\/uploads\/2022\/08\/cropped-Logo-Esbozo-Web-2.png","contentUrl":"https:\/\/esbozodeportivo.com\/wp-content\/uploads\/2022\/08\/cropped-Logo-Esbozo-Web-2.png","width":180,"height":50,"caption":"Esbozo Deportivo"},"image":{"@id":"https:\/\/esbozodeportivo.com\/#\/schema\/logo\/image\/"}},{"@type":"Person","@id":"https:\/\/esbozodeportivo.com\/#\/schema\/person\/0f6df9196dfe6740dd0bb31bae50d374","name":"Redacci\u00f3n","image":{"@type":"ImageObject","inLanguage":"es","@id":"https:\/\/esbozodeportivo.com\/#\/schema\/person\/image\/","url":"https:\/\/secure.gravatar.com\/avatar\/f55268a89c3b418f2ef172ff52ab0d09b3e653c58de29539fe329fb93d78ebf3?s=96&d=mm&r=g","contentUrl":"https:\/\/secure.gravatar.com\/avatar\/f55268a89c3b418f2ef172ff52ab0d09b3e653c58de29539fe329fb93d78ebf3?s=96&d=mm&r=g","caption":"Redacci\u00f3n"},"url":"https:\/\/esbozodeportivo.com\/index.php\/author\/redaccion\/"}]}},"jetpack_featured_media_url":"https:\/\/esbozodeportivo.com\/wp-content\/uploads\/2025\/08\/Golf-gira.jpg","jetpack_sharing_enabled":true,"_links":{"self":[{"href":"https:\/\/esbozodeportivo.com\/index.php\/wp-json\/wp\/v2\/posts\/8922","targetHints":{"allow":["GET"]}}],"collection":[{"href":"https:\/\/esbozodeportivo.com\/index.php\/wp-json\/wp\/v2\/posts"}],"about":[{"href":"https:\/\/esbozodeportivo.com\/index.php\/wp-json\/wp\/v2\/types\/post"}],"author":[{"embeddable":true,"href":"https:\/\/esbozodeportivo.com\/index.php\/wp-json\/wp\/v2\/users\/4"}],"replies":[{"embeddable":true,"href":"https:\/\/esbozodeportivo.com\/index.php\/wp-json\/wp\/v2\/comments?post=8922"}],"version-history":[{"count":1,"href":"https:\/\/esbozodeportivo.com\/index.php\/wp-json\/wp\/v2\/posts\/8922\/revisions"}],"predecessor-version":[{"id":8928,"href":"https:\/\/esbozodeportivo.com\/index.php\/wp-json\/wp\/v2\/posts\/8922\/revisions\/8928"}],"wp:featuredmedia":[{"embeddable":true,"href":"https:\/\/esbozodeportivo.com\/index.php\/wp-json\/wp\/v2\/media\/8923"}],"wp:attachment":[{"href":"https:\/\/esbozodeportivo.com\/index.php\/wp-json\/wp\/v2\/media?parent=8922"}],"wp:term":[{"taxonomy":"category","embeddable":true,"href":"https:\/\/esbozodeportivo.com\/index.php\/wp-json\/wp\/v2\/categories?post=8922"},{"taxonomy":"post_tag","embeddable":true,"href":"https:\/\/esbozodeportivo.com\/index.php\/wp-json\/wp\/v2\/tags?post=8922"}],"curies":[{"name":"wp","href":"https:\/\/api.w.org\/{rel}","templated":true}]}}