{"id":8929,"date":"2025-08-06T19:31:11","date_gmt":"2025-08-07T01:31:11","guid":{"rendered":"https:\/\/esbozodeportivo.com\/?p=8929"},"modified":"2025-08-06T19:31:11","modified_gmt":"2025-08-07T01:31:11","slug":"jose-cristobal-islas-7-encabeza-la-clasificacion-el-inicio-de-la-octava-temporada-de-la-gira-profesional-mexicana-gpm","status":"publish","type":"post","link":"https:\/\/esbozodeportivo.com\/index.php\/2025\/08\/06\/jose-cristobal-islas-7-encabeza-la-clasificacion-el-inicio-de-la-octava-temporada-de-la-gira-profesional-mexicana-gpm\/","title":{"rendered":"Jos\u00e9 Crist\u00f3bal Islas (-7) encabeza la clasificaci\u00f3n el inicio de la octava temporada de la Gira Profesional Mexicana (GPM)"},"content":{"rendered":"\n<p><strong>Jos\u00e9 Crist\u00f3bal Islas l\u00edder (Foto: Cortes\u00eda) <\/strong><\/p>\n\n\n\n<ul class=\"wp-block-list\">\n<li><strong><em>El Mexico City Open II cuenta con un field de 81 jugadores entre ellos 22 extranjeros representando a 10 pa\u00edses<\/em><\/strong><\/li>\n\n\n\n<li><strong><em>En segundo lugar est\u00e1 Santiago de la Fuente<\/em><\/strong><\/li>\n\n\n\n<li><strong><em>Paricipan jugadores de la talla de Jos\u00e9 de Jes\u00fas Rodr\u00edguez (M\u00e9x), Jos\u00e9 Toledo (Gua) y Alexandre Rocha (Bra) entre otros<\/em><\/strong><\/li>\n<\/ul>\n\n\n\n<p>CIUDAD DE M\u00c9XICO (6 de agosto 2025).- Con una espectacular ronda de 64 golpes, siete bajo par, el mexicano <strong>Jos\u00e9 Crist\u00f3bal Islas<\/strong> se coloc\u00f3 como l\u00edder absoluto del <strong>Mexico City Open II<\/strong>, torneo que marca el inicio de la temporada 2025-26 de la <strong>Gira Profesional Mexicana (GPM)<\/strong>, en el hist\u00f3rico <strong>Club Campestre de la Ciudad de M\u00e9xico (CCCM)<\/strong>.<\/p>\n\n\n\n<p>\u201cSal\u00ed muy concentrado desde el primer hoyo. Conozco bien este campo y me trae buenos recuerdos. El a\u00f1o pasado ganar aqu\u00ed fue algo muy especial y hoy confirm\u00e9 que estoy en un gran momento\u201d, declar\u00f3 el golfista hidalguense, campe\u00f3n defensor del torneo. \u201cTodav\u00eda queda mucho golf por jugar, pero este inicio me llena de confianza para lo que viene.\u201d<\/p>\n\n\n\n<p>En la segunda posici\u00f3n, con 65 impactos (-6), se ubica el tambi\u00e9n mexicano <strong>Santiago de la Fuente<\/strong>, quien tuvo una ronda s\u00f3lida y con apenas un bogey. Mientras tanto, el argentino <strong>Aram Yenidjeian<\/strong> se coloc\u00f3 en el tercer sitio, tras firmar una tarjeta de 66 golpes (-5), en una jornada que mostr\u00f3 un alto nivel competitivo desde el inicio.<\/p>\n\n\n\n<figure class=\"wp-block-image size-large\"><img loading=\"lazy\" decoding=\"async\" width=\"1024\" height=\"682\" src=\"https:\/\/esbozodeportivo.com\/wp-content\/uploads\/2025\/08\/Golf-miercoles1-1024x682.jpg\" alt=\"\" class=\"wp-image-8931\" srcset=\"https:\/\/esbozodeportivo.com\/wp-content\/uploads\/2025\/08\/Golf-miercoles1-1024x682.jpg 1024w, https:\/\/esbozodeportivo.com\/wp-content\/uploads\/2025\/08\/Golf-miercoles1-300x200.jpg 300w, https:\/\/esbozodeportivo.com\/wp-content\/uploads\/2025\/08\/Golf-miercoles1-768x512.jpg 768w, https:\/\/esbozodeportivo.com\/wp-content\/uploads\/2025\/08\/Golf-miercoles1-1536x1023.jpg 1536w, https:\/\/esbozodeportivo.com\/wp-content\/uploads\/2025\/08\/Golf-miercoles1.jpg 1600w\" sizes=\"auto, (max-width: 1024px) 100vw, 1024px\" \/><\/figure>\n\n\n\n<p><strong>Aram Yenidjeian de Argentina (Foto: Cortes\u00eda) <\/strong><\/p>\n\n\n\n<p>\u201cHoy jugu\u00e9 con mucha paciencia, aprovech\u00e9 las oportunidades que me dio el campo y me mantuve firme cuando las cosas no sal\u00edan perfectas. Estoy contento con el resultado y motivado para seguir peleando por el t\u00edtulo\u201d, coment\u00f3 De la Fuente tras firmar su tarjeta.<\/p>\n\n\n\n<p>Por su parte Aram Yenidjeian coment\u00f3: \u201c\u201cEl campo est\u00e1 en condiciones espectaculares y exige estar muy fino desde el tee. Me sent\u00ed c\u00f3modo con el putt y eso fue clave para hacer birdies. Queda mucho torneo por delante, pero este arranque es un gran paso\u201d.<\/p>\n\n\n\n<p>El torneo re\u00fane a 81 jugadores, incluyendo figuras nacionales como <strong>Jos\u00e9 de Jes\u00fas \u201cCamar\u00f3n\u201d Rodr\u00edguez<\/strong>, m\u00e1ximo ganador en la historia de la GPM, as\u00ed como a destacados golfistas internacionales como <strong>Alexandre Rocha<\/strong> (BRA), <strong>Jos\u00e9 Toledo<\/strong> (GUA) y <strong>Juan Camilo Vesga (COL)<\/strong>.<\/p>\n\n\n\n<p>Organizado por la GPM, el Mexico City Open II reparte una bolsa de un mill\u00f3n 800 mil pesos y forma parte del calendario oficial que otorga puntos para el <strong>Official World Golf Ranking (OWGR).<\/strong><\/p>\n\n\n\n<figure class=\"wp-block-image size-large\"><img loading=\"lazy\" decoding=\"async\" width=\"1024\" height=\"682\" src=\"https:\/\/esbozodeportivo.com\/wp-content\/uploads\/2025\/08\/Golf-miercoles2-1024x682.jpg\" alt=\"\" class=\"wp-image-8932\" srcset=\"https:\/\/esbozodeportivo.com\/wp-content\/uploads\/2025\/08\/Golf-miercoles2-1024x682.jpg 1024w, https:\/\/esbozodeportivo.com\/wp-content\/uploads\/2025\/08\/Golf-miercoles2-300x200.jpg 300w, https:\/\/esbozodeportivo.com\/wp-content\/uploads\/2025\/08\/Golf-miercoles2-768x512.jpg 768w, https:\/\/esbozodeportivo.com\/wp-content\/uploads\/2025\/08\/Golf-miercoles2-1536x1023.jpg 1536w, https:\/\/esbozodeportivo.com\/wp-content\/uploads\/2025\/08\/Golf-miercoles2.jpg 1600w\" sizes=\"auto, (max-width: 1024px) 100vw, 1024px\" \/><\/figure>\n\n\n\n<p><strong>Alex Rocha de Brasil (Foto: Cortes\u00eda) <\/strong><\/p>\n\n\n\n<p>Las actividades contin\u00faan este jueves con la segunda ronda, donde los jugadores buscar\u00e1n mantenerse en la pelea por el t\u00edtulo en uno de los campos m\u00e1s tradicionales y exigentes del pa\u00eds.<\/p>\n\n\n\n<p>Resultados completos:<\/p>\n\n\n\n<figure class=\"wp-block-image size-full\"><img loading=\"lazy\" decoding=\"async\" width=\"921\" height=\"470\" src=\"https:\/\/esbozodeportivo.com\/wp-content\/uploads\/2025\/08\/image.png\" alt=\"\" class=\"wp-image-8933\" srcset=\"https:\/\/esbozodeportivo.com\/wp-content\/uploads\/2025\/08\/image.png 921w, https:\/\/esbozodeportivo.com\/wp-content\/uploads\/2025\/08\/image-300x153.png 300w, https:\/\/esbozodeportivo.com\/wp-content\/uploads\/2025\/08\/image-768x392.png 768w\" sizes=\"auto, (max-width: 921px) 100vw, 921px\" \/><\/figure>\n\n\n\n<p><strong>ProAm<\/strong><\/p>\n\n\n\n<p>Como parte de las actividades previas al arranque oficial del Mexico City Open II, ayer se llev\u00f3 a cabo el tradicional ProAm, una jornada de convivencia entre profesionales y aficionados en el espectacular campo del Club Campestre de la Ciudad de M\u00e9xico.<\/p>\n\n\n\n<p>El equipo campe\u00f3n de la competencia fue el encabezado por el profesional argentino <strong>Mauro Baez<\/strong>, acompa\u00f1ado por los aficionados Carlos V\u00e1zquez del Mercado, Leopoldo Leyva, Francisco Canal y Fabi\u00e1n Espriu. En segundo lugar finalizaron Enrique Gonz\u00e1lez, Julio Riviera, Jorge Santiago Landa y Alberto Villa, liderados por el profesional <strong>Luis Felipe Torres<\/strong>.<\/p>\n\n\n\n<p>La tercera posici\u00f3n fue para el equipo del venezolano <strong>Jorge Garc\u00eda<\/strong>, quien hizo equipo con Maribel Saracho, Mar\u00eda Jos\u00e9 Gazca, Juan Pablo Silva y Emilia Silva, completando as\u00ed una jornada exitosa de integraci\u00f3n y competencia.<\/p>\n\n\n\n<p><strong>Campeones Temporada 2024-25 Gira Profesional Mexicana<\/strong><\/p>\n\n\n\n<p>1&nbsp;&nbsp;&nbsp;&nbsp;&nbsp;&nbsp;&nbsp;&nbsp;&nbsp; CCCM&nbsp;&nbsp;&nbsp;&nbsp;&nbsp;&nbsp;&nbsp;&nbsp;&nbsp;&nbsp;&nbsp;&nbsp;&nbsp;&nbsp;&nbsp;&nbsp;&nbsp;&nbsp;&nbsp;&nbsp;&nbsp;&nbsp;&nbsp;&nbsp; Jos\u00e9 Crist\u00f3bal Islas (M\u00e9x)&nbsp;&nbsp;&nbsp;&nbsp;&nbsp;&nbsp;&nbsp;&nbsp;&nbsp;&nbsp;&nbsp;&nbsp;&nbsp;&nbsp;&nbsp;&nbsp;&nbsp;&nbsp;&nbsp;&nbsp;&nbsp;&nbsp;&nbsp;&nbsp;&nbsp;&nbsp;&nbsp;&nbsp;&nbsp;&nbsp;&nbsp;&nbsp;&nbsp;&nbsp;&nbsp;&nbsp;&nbsp;&nbsp;&nbsp;&nbsp; 202, -11*1<\/p>\n\n\n\n<p>2&nbsp;&nbsp;&nbsp;&nbsp;&nbsp;&nbsp;&nbsp;&nbsp;&nbsp; Amanali&nbsp;&nbsp;&nbsp;&nbsp;&nbsp;&nbsp;&nbsp;&nbsp;&nbsp;&nbsp;&nbsp;&nbsp;&nbsp;&nbsp;&nbsp;&nbsp;&nbsp;&nbsp;&nbsp;&nbsp;&nbsp; Jos\u00e9 Crist\u00f3bal Islas (M\u00e9x)&nbsp;&nbsp;&nbsp;&nbsp;&nbsp;&nbsp;&nbsp;&nbsp;&nbsp;&nbsp;&nbsp;&nbsp;&nbsp;&nbsp;&nbsp;&nbsp;&nbsp;&nbsp;&nbsp;&nbsp;&nbsp;&nbsp;&nbsp;&nbsp;&nbsp;&nbsp;&nbsp;&nbsp;&nbsp;&nbsp;&nbsp;&nbsp;&nbsp;&nbsp;&nbsp;&nbsp;&nbsp;&nbsp;&nbsp;&nbsp; 201, -15<\/p>\n\n\n\n<p>3&nbsp;&nbsp;&nbsp;&nbsp;&nbsp;&nbsp;&nbsp;&nbsp;&nbsp; Campestre de Le\u00f3n&nbsp;&nbsp;&nbsp; Ra\u00fal Pereda (M\u00e9x)&nbsp;&nbsp;&nbsp;&nbsp;&nbsp;&nbsp;&nbsp;&nbsp;&nbsp;&nbsp;&nbsp;&nbsp;&nbsp;&nbsp;&nbsp;&nbsp;&nbsp;&nbsp;&nbsp;&nbsp;&nbsp;&nbsp;&nbsp;&nbsp;&nbsp;&nbsp;&nbsp;&nbsp;&nbsp;&nbsp;&nbsp;&nbsp;&nbsp;&nbsp;&nbsp;&nbsp;&nbsp;&nbsp;&nbsp;&nbsp;&nbsp;&nbsp;&nbsp;&nbsp;&nbsp;&nbsp;&nbsp;&nbsp;&nbsp;&nbsp;&nbsp; 200, -16*2<\/p>\n\n\n\n<p>4&nbsp;&nbsp;&nbsp;&nbsp;&nbsp;&nbsp;&nbsp;&nbsp;&nbsp; CG Valle Alto&nbsp;&nbsp;&nbsp;&nbsp;&nbsp;&nbsp;&nbsp;&nbsp;&nbsp;&nbsp;&nbsp;&nbsp;&nbsp; Joel Thelen (EU)&nbsp;&nbsp;&nbsp;&nbsp;&nbsp;&nbsp;&nbsp;&nbsp;&nbsp;&nbsp;&nbsp;&nbsp;&nbsp;&nbsp;&nbsp;&nbsp;&nbsp;&nbsp;&nbsp;&nbsp;&nbsp;&nbsp;&nbsp;&nbsp;&nbsp;&nbsp;&nbsp;&nbsp;&nbsp;&nbsp;&nbsp;&nbsp;&nbsp;&nbsp;&nbsp;&nbsp;&nbsp;&nbsp;&nbsp;&nbsp;&nbsp;&nbsp;&nbsp;&nbsp;&nbsp;&nbsp;&nbsp;&nbsp;&nbsp;&nbsp;&nbsp;&nbsp;&nbsp;&nbsp;&nbsp; 197, -16<\/p>\n\n\n\n<p>5&nbsp;&nbsp;&nbsp;&nbsp;&nbsp;&nbsp;&nbsp;&nbsp;&nbsp; Yucat\u00e1n CC&nbsp;&nbsp;&nbsp;&nbsp;&nbsp;&nbsp;&nbsp;&nbsp;&nbsp;&nbsp;&nbsp;&nbsp;&nbsp;&nbsp;&nbsp;&nbsp; Joel Thelen (EU)&nbsp;&nbsp;&nbsp;&nbsp;&nbsp;&nbsp;&nbsp;&nbsp;&nbsp;&nbsp;&nbsp;&nbsp;&nbsp;&nbsp;&nbsp;&nbsp;&nbsp;&nbsp;&nbsp;&nbsp;&nbsp;&nbsp;&nbsp;&nbsp;&nbsp;&nbsp;&nbsp;&nbsp;&nbsp;&nbsp;&nbsp;&nbsp;&nbsp;&nbsp;&nbsp;&nbsp;&nbsp;&nbsp;&nbsp;&nbsp;&nbsp;&nbsp;&nbsp;&nbsp;&nbsp;&nbsp;&nbsp;&nbsp;&nbsp;&nbsp;&nbsp;&nbsp;&nbsp;&nbsp;&nbsp; 206, -6<\/p>\n\n\n\n<p>6&nbsp;&nbsp;&nbsp;&nbsp;&nbsp;&nbsp;&nbsp;&nbsp;&nbsp; El Encanto CC&nbsp;&nbsp;&nbsp;&nbsp;&nbsp;&nbsp;&nbsp;&nbsp;&nbsp;&nbsp;&nbsp;&nbsp; Felipe \u00c1lvarez (Col)&nbsp;&nbsp;&nbsp;&nbsp;&nbsp;&nbsp;&nbsp;&nbsp;&nbsp;&nbsp;&nbsp;&nbsp;&nbsp;&nbsp;&nbsp;&nbsp;&nbsp;&nbsp;&nbsp;&nbsp;&nbsp;&nbsp;&nbsp;&nbsp;&nbsp;&nbsp;&nbsp;&nbsp;&nbsp;&nbsp;&nbsp;&nbsp;&nbsp;&nbsp;&nbsp;&nbsp;&nbsp;&nbsp;&nbsp;&nbsp;&nbsp;&nbsp;&nbsp;&nbsp;&nbsp;&nbsp;&nbsp;&nbsp;&nbsp;&nbsp; 209, -7<\/p>\n\n\n\n<p>7&nbsp;&nbsp;&nbsp;&nbsp;&nbsp;&nbsp;&nbsp;&nbsp;&nbsp; CG Chapultepec&nbsp;&nbsp;&nbsp;&nbsp;&nbsp;&nbsp;&nbsp;&nbsp;&nbsp; Luis Gerardo Garza (M\u00e9x)&nbsp;&nbsp;&nbsp;&nbsp;&nbsp;&nbsp;&nbsp;&nbsp;&nbsp;&nbsp;&nbsp;&nbsp;&nbsp;&nbsp;&nbsp;&nbsp;&nbsp;&nbsp;&nbsp;&nbsp;&nbsp;&nbsp;&nbsp;&nbsp;&nbsp;&nbsp;&nbsp;&nbsp;&nbsp;&nbsp;&nbsp;&nbsp;&nbsp;&nbsp;&nbsp;&nbsp;&nbsp;&nbsp;&nbsp;&nbsp; 204,-12<\/p>\n\n\n\n<p>8&nbsp;&nbsp;&nbsp;&nbsp;&nbsp;&nbsp;&nbsp;&nbsp;&nbsp; Campestre Puebla&nbsp;&nbsp;&nbsp;&nbsp;&nbsp; Luis Gerardo Garza (M\u00e9x)&nbsp;&nbsp;&nbsp;&nbsp;&nbsp;&nbsp;&nbsp;&nbsp;&nbsp;&nbsp;&nbsp;&nbsp;&nbsp;&nbsp;&nbsp;&nbsp;&nbsp;&nbsp;&nbsp;&nbsp;&nbsp;&nbsp;&nbsp;&nbsp;&nbsp;&nbsp;&nbsp;&nbsp;&nbsp;&nbsp;&nbsp;&nbsp;&nbsp;&nbsp;&nbsp;&nbsp;&nbsp;&nbsp;&nbsp;&nbsp; 194, -22<\/p>\n\n\n\n<p>9&nbsp;&nbsp;&nbsp;&nbsp;&nbsp;&nbsp;&nbsp;&nbsp;&nbsp; El Campanario&nbsp;&nbsp;&nbsp;&nbsp;&nbsp;&nbsp;&nbsp;&nbsp;&nbsp;&nbsp;&nbsp;&nbsp;&nbsp;&nbsp;&nbsp;&nbsp;&nbsp;&nbsp;&nbsp;&nbsp;&nbsp;&nbsp; Jos\u00e9 de Jes\u00fas Rodr\u00edguez (M\u00e9x)&nbsp;&nbsp;&nbsp;&nbsp;&nbsp;&nbsp;&nbsp;&nbsp;&nbsp;&nbsp;&nbsp;&nbsp;&nbsp;&nbsp;&nbsp;&nbsp;&nbsp;&nbsp;&nbsp;&nbsp;&nbsp;&nbsp;&nbsp;&nbsp;&nbsp;&nbsp;&nbsp;&nbsp;&nbsp;&nbsp;&nbsp;&nbsp;&nbsp; 203, -13<\/p>\n\n\n\n<p>10&nbsp;&nbsp;&nbsp;&nbsp;&nbsp;&nbsp;&nbsp; Ventanas Sn. Miguel&nbsp; Joel Thelen (EU)&nbsp;&nbsp;&nbsp;&nbsp;&nbsp;&nbsp;&nbsp;&nbsp;&nbsp;&nbsp;&nbsp;&nbsp;&nbsp;&nbsp;&nbsp;&nbsp;&nbsp;&nbsp;&nbsp;&nbsp;&nbsp;&nbsp;&nbsp;&nbsp;&nbsp;&nbsp;&nbsp;&nbsp;&nbsp;&nbsp;&nbsp;&nbsp;&nbsp;&nbsp;&nbsp;&nbsp;&nbsp;&nbsp;&nbsp;&nbsp;&nbsp;&nbsp;&nbsp;&nbsp;&nbsp;&nbsp;&nbsp;&nbsp;&nbsp;&nbsp;&nbsp;&nbsp;&nbsp;&nbsp;&nbsp; 264, -16<\/p>\n\n\n\n<p>*1&nbsp;&nbsp;&nbsp;&nbsp;&nbsp;&nbsp;&nbsp; Dos hoyos de desempate contra Luis Gerardo Garza (M\u00e9xico)<\/p>\n\n\n\n<p>*2&nbsp;&nbsp;&nbsp;&nbsp;&nbsp;&nbsp;&nbsp; Un hoyo de desempate contra Alexandre Rocha (Brasil)<\/p>\n\n\n\n<p>Instagram: @giragolfmx<\/p>\n\n\n\n<p>Facebook: Gira de Golf Profesional<\/p>\n\n\n\n<p>X: @giragolfmx<\/p>\n\n\n\n<p>#GiraGolfMX #Acci\u00f3nSocial #GPM #GolfYComunidad<\/p>\n\n\n\n<p><\/p>\n","protected":false},"excerpt":{"rendered":"<p>Jos\u00e9 Crist\u00f3bal Islas l\u00edder (Foto: Cortes\u00eda) CIUDAD DE M\u00c9XICO (6 de agosto 2025).- Con una<\/p>\n","protected":false},"author":4,"featured_media":8930,"comment_status":"closed","ping_status":"open","sticky":false,"template":"","format":"standard","meta":{"_jetpack_memberships_contains_paid_content":false,"footnotes":""},"categories":[83],"tags":[],"class_list":["post-8929","post","type-post","status-publish","format-standard","has-post-thumbnail","hentry","category-federacion-mexicana-de-golf"],"yoast_head":"<!-- This site is optimized with the Yoast SEO plugin v25.7 - https:\/\/yoast.com\/wordpress\/plugins\/seo\/ -->\n<title>Jos\u00e9 Crist\u00f3bal Islas (-7) encabeza la clasificaci\u00f3n el inicio de la octava temporada de la Gira Profesional Mexicana (GPM) - Esbozo Deportivo<\/title>\n<meta name=\"description\" content=\"CIUDAD DE M\u00c9XICO (6 de agosto 2025).- Con una espectacular ronda de 64 golpes, siete bajo par, el mexicano Jos\u00e9 Crist\u00f3bal Islas se coloc\u00f3 como l\u00edder absoluto del Mexico City Open II, torneo que marca el inicio de la temporada 2025-26 de la Gira Profesional Mexicana (GPM), en el hist\u00f3rico Club Campestre de la Ciudad de M\u00e9xico (CCCM).\" \/>\n<meta name=\"robots\" content=\"index, follow, max-snippet:-1, max-image-preview:large, max-video-preview:-1\" \/>\n<link rel=\"canonical\" href=\"https:\/\/esbozodeportivo.com\/index.php\/2025\/08\/06\/jose-cristobal-islas-7-encabeza-la-clasificacion-el-inicio-de-la-octava-temporada-de-la-gira-profesional-mexicana-gpm\/\" \/>\n<meta property=\"og:locale\" content=\"es_MX\" \/>\n<meta property=\"og:type\" content=\"article\" \/>\n<meta property=\"og:title\" content=\"Jos\u00e9 Crist\u00f3bal Islas (-7) encabeza la clasificaci\u00f3n el inicio de la octava temporada de la Gira Profesional Mexicana (GPM) - Esbozo Deportivo\" \/>\n<meta property=\"og:description\" content=\"CIUDAD DE M\u00c9XICO (6 de agosto 2025).- Con una espectacular ronda de 64 golpes, siete bajo par, el mexicano Jos\u00e9 Crist\u00f3bal Islas se coloc\u00f3 como l\u00edder absoluto del Mexico City Open II, torneo que marca el inicio de la temporada 2025-26 de la Gira Profesional Mexicana (GPM), en el hist\u00f3rico Club Campestre de la Ciudad de M\u00e9xico (CCCM).\" \/>\n<meta property=\"og:url\" content=\"https:\/\/esbozodeportivo.com\/index.php\/2025\/08\/06\/jose-cristobal-islas-7-encabeza-la-clasificacion-el-inicio-de-la-octava-temporada-de-la-gira-profesional-mexicana-gpm\/\" \/>\n<meta property=\"og:site_name\" content=\"Esbozo Deportivo\" \/>\n<meta property=\"article:published_time\" content=\"2025-08-07T01:31:11+00:00\" \/>\n<meta property=\"og:image\" content=\"https:\/\/esbozodeportivo.com\/wp-content\/uploads\/2025\/08\/Golf-miercoles.jpg\" \/>\n\t<meta property=\"og:image:width\" content=\"1600\" \/>\n\t<meta property=\"og:image:height\" content=\"1066\" \/>\n\t<meta property=\"og:image:type\" content=\"image\/jpeg\" \/>\n<meta name=\"author\" content=\"Redacci\u00f3n\" \/>\n<meta name=\"twitter:card\" content=\"summary_large_image\" \/>\n<meta name=\"twitter:label1\" content=\"Escrito por\" \/>\n\t<meta name=\"twitter:data1\" content=\"Redacci\u00f3n\" \/>\n\t<meta name=\"twitter:label2\" content=\"Tiempo de lectura\" \/>\n\t<meta name=\"twitter:data2\" content=\"4 minutos\" \/>\n<script type=\"application\/ld+json\" class=\"yoast-schema-graph\">{\"@context\":\"https:\/\/schema.org\",\"@graph\":[{\"@type\":\"Article\",\"@id\":\"https:\/\/esbozodeportivo.com\/index.php\/2025\/08\/06\/jose-cristobal-islas-7-encabeza-la-clasificacion-el-inicio-de-la-octava-temporada-de-la-gira-profesional-mexicana-gpm\/#article\",\"isPartOf\":{\"@id\":\"https:\/\/esbozodeportivo.com\/index.php\/2025\/08\/06\/jose-cristobal-islas-7-encabeza-la-clasificacion-el-inicio-de-la-octava-temporada-de-la-gira-profesional-mexicana-gpm\/\"},\"author\":{\"name\":\"Redacci\u00f3n\",\"@id\":\"https:\/\/esbozodeportivo.com\/#\/schema\/person\/0f6df9196dfe6740dd0bb31bae50d374\"},\"headline\":\"Jos\u00e9 Crist\u00f3bal Islas (-7) encabeza la clasificaci\u00f3n el inicio de la octava temporada de la Gira Profesional Mexicana (GPM)\",\"datePublished\":\"2025-08-07T01:31:11+00:00\",\"mainEntityOfPage\":{\"@id\":\"https:\/\/esbozodeportivo.com\/index.php\/2025\/08\/06\/jose-cristobal-islas-7-encabeza-la-clasificacion-el-inicio-de-la-octava-temporada-de-la-gira-profesional-mexicana-gpm\/\"},\"wordCount\":1430,\"publisher\":{\"@id\":\"https:\/\/esbozodeportivo.com\/#organization\"},\"image\":{\"@id\":\"https:\/\/esbozodeportivo.com\/index.php\/2025\/08\/06\/jose-cristobal-islas-7-encabeza-la-clasificacion-el-inicio-de-la-octava-temporada-de-la-gira-profesional-mexicana-gpm\/#primaryimage\"},\"thumbnailUrl\":\"https:\/\/esbozodeportivo.com\/wp-content\/uploads\/2025\/08\/Golf-miercoles.jpg\",\"articleSection\":[\"Federaci\u00f3n Mexicana de Golf\"],\"inLanguage\":\"es\"},{\"@type\":\"WebPage\",\"@id\":\"https:\/\/esbozodeportivo.com\/index.php\/2025\/08\/06\/jose-cristobal-islas-7-encabeza-la-clasificacion-el-inicio-de-la-octava-temporada-de-la-gira-profesional-mexicana-gpm\/\",\"url\":\"https:\/\/esbozodeportivo.com\/index.php\/2025\/08\/06\/jose-cristobal-islas-7-encabeza-la-clasificacion-el-inicio-de-la-octava-temporada-de-la-gira-profesional-mexicana-gpm\/\",\"name\":\"Jos\u00e9 Crist\u00f3bal Islas (-7) encabeza la clasificaci\u00f3n el inicio de la octava temporada de la Gira Profesional Mexicana (GPM) - Esbozo Deportivo\",\"isPartOf\":{\"@id\":\"https:\/\/esbozodeportivo.com\/#website\"},\"primaryImageOfPage\":{\"@id\":\"https:\/\/esbozodeportivo.com\/index.php\/2025\/08\/06\/jose-cristobal-islas-7-encabeza-la-clasificacion-el-inicio-de-la-octava-temporada-de-la-gira-profesional-mexicana-gpm\/#primaryimage\"},\"image\":{\"@id\":\"https:\/\/esbozodeportivo.com\/index.php\/2025\/08\/06\/jose-cristobal-islas-7-encabeza-la-clasificacion-el-inicio-de-la-octava-temporada-de-la-gira-profesional-mexicana-gpm\/#primaryimage\"},\"thumbnailUrl\":\"https:\/\/esbozodeportivo.com\/wp-content\/uploads\/2025\/08\/Golf-miercoles.jpg\",\"datePublished\":\"2025-08-07T01:31:11+00:00\",\"description\":\"CIUDAD DE M\u00c9XICO (6 de agosto 2025).- Con una espectacular ronda de 64 golpes, siete bajo par, el mexicano Jos\u00e9 Crist\u00f3bal Islas se coloc\u00f3 como l\u00edder absoluto del Mexico City Open II, torneo que marca el inicio de la temporada 2025-26 de la Gira Profesional Mexicana (GPM), en el hist\u00f3rico Club Campestre de la Ciudad de M\u00e9xico (CCCM).\",\"breadcrumb\":{\"@id\":\"https:\/\/esbozodeportivo.com\/index.php\/2025\/08\/06\/jose-cristobal-islas-7-encabeza-la-clasificacion-el-inicio-de-la-octava-temporada-de-la-gira-profesional-mexicana-gpm\/#breadcrumb\"},\"inLanguage\":\"es\",\"potentialAction\":[{\"@type\":\"ReadAction\",\"target\":[\"https:\/\/esbozodeportivo.com\/index.php\/2025\/08\/06\/jose-cristobal-islas-7-encabeza-la-clasificacion-el-inicio-de-la-octava-temporada-de-la-gira-profesional-mexicana-gpm\/\"]}]},{\"@type\":\"ImageObject\",\"inLanguage\":\"es\",\"@id\":\"https:\/\/esbozodeportivo.com\/index.php\/2025\/08\/06\/jose-cristobal-islas-7-encabeza-la-clasificacion-el-inicio-de-la-octava-temporada-de-la-gira-profesional-mexicana-gpm\/#primaryimage\",\"url\":\"https:\/\/esbozodeportivo.com\/wp-content\/uploads\/2025\/08\/Golf-miercoles.jpg\",\"contentUrl\":\"https:\/\/esbozodeportivo.com\/wp-content\/uploads\/2025\/08\/Golf-miercoles.jpg\",\"width\":1600,\"height\":1066},{\"@type\":\"BreadcrumbList\",\"@id\":\"https:\/\/esbozodeportivo.com\/index.php\/2025\/08\/06\/jose-cristobal-islas-7-encabeza-la-clasificacion-el-inicio-de-la-octava-temporada-de-la-gira-profesional-mexicana-gpm\/#breadcrumb\",\"itemListElement\":[{\"@type\":\"ListItem\",\"position\":1,\"name\":\"Inicio\",\"item\":\"https:\/\/esbozodeportivo.com\/\"},{\"@type\":\"ListItem\",\"position\":2,\"name\":\"Jos\u00e9 Crist\u00f3bal Islas (-7) encabeza la clasificaci\u00f3n el inicio de la octava temporada de la Gira Profesional Mexicana (GPM)\"}]},{\"@type\":\"WebSite\",\"@id\":\"https:\/\/esbozodeportivo.com\/#website\",\"url\":\"https:\/\/esbozodeportivo.com\/\",\"name\":\"Esbozo Deportivo\",\"description\":\"Lo m\u00e1s importante del Deporte\",\"publisher\":{\"@id\":\"https:\/\/esbozodeportivo.com\/#organization\"},\"potentialAction\":[{\"@type\":\"SearchAction\",\"target\":{\"@type\":\"EntryPoint\",\"urlTemplate\":\"https:\/\/esbozodeportivo.com\/?s={search_term_string}\"},\"query-input\":{\"@type\":\"PropertyValueSpecification\",\"valueRequired\":true,\"valueName\":\"search_term_string\"}}],\"inLanguage\":\"es\"},{\"@type\":\"Organization\",\"@id\":\"https:\/\/esbozodeportivo.com\/#organization\",\"name\":\"Esbozo Deportivo\",\"url\":\"https:\/\/esbozodeportivo.com\/\",\"logo\":{\"@type\":\"ImageObject\",\"inLanguage\":\"es\",\"@id\":\"https:\/\/esbozodeportivo.com\/#\/schema\/logo\/image\/\",\"url\":\"https:\/\/esbozodeportivo.com\/wp-content\/uploads\/2022\/08\/cropped-Logo-Esbozo-Web-2.png\",\"contentUrl\":\"https:\/\/esbozodeportivo.com\/wp-content\/uploads\/2022\/08\/cropped-Logo-Esbozo-Web-2.png\",\"width\":180,\"height\":50,\"caption\":\"Esbozo Deportivo\"},\"image\":{\"@id\":\"https:\/\/esbozodeportivo.com\/#\/schema\/logo\/image\/\"}},{\"@type\":\"Person\",\"@id\":\"https:\/\/esbozodeportivo.com\/#\/schema\/person\/0f6df9196dfe6740dd0bb31bae50d374\",\"name\":\"Redacci\u00f3n\",\"image\":{\"@type\":\"ImageObject\",\"inLanguage\":\"es\",\"@id\":\"https:\/\/esbozodeportivo.com\/#\/schema\/person\/image\/\",\"url\":\"https:\/\/secure.gravatar.com\/avatar\/f55268a89c3b418f2ef172ff52ab0d09b3e653c58de29539fe329fb93d78ebf3?s=96&d=mm&r=g\",\"contentUrl\":\"https:\/\/secure.gravatar.com\/avatar\/f55268a89c3b418f2ef172ff52ab0d09b3e653c58de29539fe329fb93d78ebf3?s=96&d=mm&r=g\",\"caption\":\"Redacci\u00f3n\"},\"url\":\"https:\/\/esbozodeportivo.com\/index.php\/author\/redaccion\/\"}]}<\/script>\n<!-- \/ Yoast SEO plugin. -->","yoast_head_json":{"title":"Jos\u00e9 Crist\u00f3bal Islas (-7) encabeza la clasificaci\u00f3n el inicio de la octava temporada de la Gira Profesional Mexicana (GPM) - Esbozo Deportivo","description":"CIUDAD DE M\u00c9XICO (6 de agosto 2025).- Con una espectacular ronda de 64 golpes, siete bajo par, el mexicano Jos\u00e9 Crist\u00f3bal Islas se coloc\u00f3 como l\u00edder absoluto del Mexico City Open II, torneo que marca el inicio de la temporada 2025-26 de la Gira Profesional Mexicana (GPM), en el hist\u00f3rico Club Campestre de la Ciudad de M\u00e9xico (CCCM).","robots":{"index":"index","follow":"follow","max-snippet":"max-snippet:-1","max-image-preview":"max-image-preview:large","max-video-preview":"max-video-preview:-1"},"canonical":"https:\/\/esbozodeportivo.com\/index.php\/2025\/08\/06\/jose-cristobal-islas-7-encabeza-la-clasificacion-el-inicio-de-la-octava-temporada-de-la-gira-profesional-mexicana-gpm\/","og_locale":"es_MX","og_type":"article","og_title":"Jos\u00e9 Crist\u00f3bal Islas (-7) encabeza la clasificaci\u00f3n el inicio de la octava temporada de la Gira Profesional Mexicana (GPM) - Esbozo Deportivo","og_description":"CIUDAD DE M\u00c9XICO (6 de agosto 2025).- Con una espectacular ronda de 64 golpes, siete bajo par, el mexicano Jos\u00e9 Crist\u00f3bal Islas se coloc\u00f3 como l\u00edder absoluto del Mexico City Open II, torneo que marca el inicio de la temporada 2025-26 de la Gira Profesional Mexicana (GPM), en el hist\u00f3rico Club Campestre de la Ciudad de M\u00e9xico (CCCM).","og_url":"https:\/\/esbozodeportivo.com\/index.php\/2025\/08\/06\/jose-cristobal-islas-7-encabeza-la-clasificacion-el-inicio-de-la-octava-temporada-de-la-gira-profesional-mexicana-gpm\/","og_site_name":"Esbozo Deportivo","article_published_time":"2025-08-07T01:31:11+00:00","og_image":[{"width":1600,"height":1066,"url":"https:\/\/esbozodeportivo.com\/wp-content\/uploads\/2025\/08\/Golf-miercoles.jpg","type":"image\/jpeg"}],"author":"Redacci\u00f3n","twitter_card":"summary_large_image","twitter_misc":{"Escrito por":"Redacci\u00f3n","Tiempo de lectura":"4 minutos"},"schema":{"@context":"https:\/\/schema.org","@graph":[{"@type":"Article","@id":"https:\/\/esbozodeportivo.com\/index.php\/2025\/08\/06\/jose-cristobal-islas-7-encabeza-la-clasificacion-el-inicio-de-la-octava-temporada-de-la-gira-profesional-mexicana-gpm\/#article","isPartOf":{"@id":"https:\/\/esbozodeportivo.com\/index.php\/2025\/08\/06\/jose-cristobal-islas-7-encabeza-la-clasificacion-el-inicio-de-la-octava-temporada-de-la-gira-profesional-mexicana-gpm\/"},"author":{"name":"Redacci\u00f3n","@id":"https:\/\/esbozodeportivo.com\/#\/schema\/person\/0f6df9196dfe6740dd0bb31bae50d374"},"headline":"Jos\u00e9 Crist\u00f3bal Islas (-7) encabeza la clasificaci\u00f3n el inicio de la octava temporada de la Gira Profesional Mexicana (GPM)","datePublished":"2025-08-07T01:31:11+00:00","mainEntityOfPage":{"@id":"https:\/\/esbozodeportivo.com\/index.php\/2025\/08\/06\/jose-cristobal-islas-7-encabeza-la-clasificacion-el-inicio-de-la-octava-temporada-de-la-gira-profesional-mexicana-gpm\/"},"wordCount":1430,"publisher":{"@id":"https:\/\/esbozodeportivo.com\/#organization"},"image":{"@id":"https:\/\/esbozodeportivo.com\/index.php\/2025\/08\/06\/jose-cristobal-islas-7-encabeza-la-clasificacion-el-inicio-de-la-octava-temporada-de-la-gira-profesional-mexicana-gpm\/#primaryimage"},"thumbnailUrl":"https:\/\/esbozodeportivo.com\/wp-content\/uploads\/2025\/08\/Golf-miercoles.jpg","articleSection":["Federaci\u00f3n Mexicana de Golf"],"inLanguage":"es"},{"@type":"WebPage","@id":"https:\/\/esbozodeportivo.com\/index.php\/2025\/08\/06\/jose-cristobal-islas-7-encabeza-la-clasificacion-el-inicio-de-la-octava-temporada-de-la-gira-profesional-mexicana-gpm\/","url":"https:\/\/esbozodeportivo.com\/index.php\/2025\/08\/06\/jose-cristobal-islas-7-encabeza-la-clasificacion-el-inicio-de-la-octava-temporada-de-la-gira-profesional-mexicana-gpm\/","name":"Jos\u00e9 Crist\u00f3bal Islas (-7) encabeza la clasificaci\u00f3n el inicio de la octava temporada de la Gira Profesional Mexicana (GPM) - Esbozo Deportivo","isPartOf":{"@id":"https:\/\/esbozodeportivo.com\/#website"},"primaryImageOfPage":{"@id":"https:\/\/esbozodeportivo.com\/index.php\/2025\/08\/06\/jose-cristobal-islas-7-encabeza-la-clasificacion-el-inicio-de-la-octava-temporada-de-la-gira-profesional-mexicana-gpm\/#primaryimage"},"image":{"@id":"https:\/\/esbozodeportivo.com\/index.php\/2025\/08\/06\/jose-cristobal-islas-7-encabeza-la-clasificacion-el-inicio-de-la-octava-temporada-de-la-gira-profesional-mexicana-gpm\/#primaryimage"},"thumbnailUrl":"https:\/\/esbozodeportivo.com\/wp-content\/uploads\/2025\/08\/Golf-miercoles.jpg","datePublished":"2025-08-07T01:31:11+00:00","description":"CIUDAD DE M\u00c9XICO (6 de agosto 2025).- Con una espectacular ronda de 64 golpes, siete bajo par, el mexicano Jos\u00e9 Crist\u00f3bal Islas se coloc\u00f3 como l\u00edder absoluto del Mexico City Open II, torneo que marca el inicio de la temporada 2025-26 de la Gira Profesional Mexicana (GPM), en el hist\u00f3rico Club Campestre de la Ciudad de M\u00e9xico (CCCM).","breadcrumb":{"@id":"https:\/\/esbozodeportivo.com\/index.php\/2025\/08\/06\/jose-cristobal-islas-7-encabeza-la-clasificacion-el-inicio-de-la-octava-temporada-de-la-gira-profesional-mexicana-gpm\/#breadcrumb"},"inLanguage":"es","potentialAction":[{"@type":"ReadAction","target":["https:\/\/esbozodeportivo.com\/index.php\/2025\/08\/06\/jose-cristobal-islas-7-encabeza-la-clasificacion-el-inicio-de-la-octava-temporada-de-la-gira-profesional-mexicana-gpm\/"]}]},{"@type":"ImageObject","inLanguage":"es","@id":"https:\/\/esbozodeportivo.com\/index.php\/2025\/08\/06\/jose-cristobal-islas-7-encabeza-la-clasificacion-el-inicio-de-la-octava-temporada-de-la-gira-profesional-mexicana-gpm\/#primaryimage","url":"https:\/\/esbozodeportivo.com\/wp-content\/uploads\/2025\/08\/Golf-miercoles.jpg","contentUrl":"https:\/\/esbozodeportivo.com\/wp-content\/uploads\/2025\/08\/Golf-miercoles.jpg","width":1600,"height":1066},{"@type":"BreadcrumbList","@id":"https:\/\/esbozodeportivo.com\/index.php\/2025\/08\/06\/jose-cristobal-islas-7-encabeza-la-clasificacion-el-inicio-de-la-octava-temporada-de-la-gira-profesional-mexicana-gpm\/#breadcrumb","itemListElement":[{"@type":"ListItem","position":1,"name":"Inicio","item":"https:\/\/esbozodeportivo.com\/"},{"@type":"ListItem","position":2,"name":"Jos\u00e9 Crist\u00f3bal Islas (-7) encabeza la clasificaci\u00f3n el inicio de la octava temporada de la Gira Profesional Mexicana (GPM)"}]},{"@type":"WebSite","@id":"https:\/\/esbozodeportivo.com\/#website","url":"https:\/\/esbozodeportivo.com\/","name":"Esbozo Deportivo","description":"Lo m\u00e1s importante del Deporte","publisher":{"@id":"https:\/\/esbozodeportivo.com\/#organization"},"potentialAction":[{"@type":"SearchAction","target":{"@type":"EntryPoint","urlTemplate":"https:\/\/esbozodeportivo.com\/?s={search_term_string}"},"query-input":{"@type":"PropertyValueSpecification","valueRequired":true,"valueName":"search_term_string"}}],"inLanguage":"es"},{"@type":"Organization","@id":"https:\/\/esbozodeportivo.com\/#organization","name":"Esbozo Deportivo","url":"https:\/\/esbozodeportivo.com\/","logo":{"@type":"ImageObject","inLanguage":"es","@id":"https:\/\/esbozodeportivo.com\/#\/schema\/logo\/image\/","url":"https:\/\/esbozodeportivo.com\/wp-content\/uploads\/2022\/08\/cropped-Logo-Esbozo-Web-2.png","contentUrl":"https:\/\/esbozodeportivo.com\/wp-content\/uploads\/2022\/08\/cropped-Logo-Esbozo-Web-2.png","width":180,"height":50,"caption":"Esbozo Deportivo"},"image":{"@id":"https:\/\/esbozodeportivo.com\/#\/schema\/logo\/image\/"}},{"@type":"Person","@id":"https:\/\/esbozodeportivo.com\/#\/schema\/person\/0f6df9196dfe6740dd0bb31bae50d374","name":"Redacci\u00f3n","image":{"@type":"ImageObject","inLanguage":"es","@id":"https:\/\/esbozodeportivo.com\/#\/schema\/person\/image\/","url":"https:\/\/secure.gravatar.com\/avatar\/f55268a89c3b418f2ef172ff52ab0d09b3e653c58de29539fe329fb93d78ebf3?s=96&d=mm&r=g","contentUrl":"https:\/\/secure.gravatar.com\/avatar\/f55268a89c3b418f2ef172ff52ab0d09b3e653c58de29539fe329fb93d78ebf3?s=96&d=mm&r=g","caption":"Redacci\u00f3n"},"url":"https:\/\/esbozodeportivo.com\/index.php\/author\/redaccion\/"}]}},"jetpack_featured_media_url":"https:\/\/esbozodeportivo.com\/wp-content\/uploads\/2025\/08\/Golf-miercoles.jpg","jetpack_sharing_enabled":true,"_links":{"self":[{"href":"https:\/\/esbozodeportivo.com\/index.php\/wp-json\/wp\/v2\/posts\/8929","targetHints":{"allow":["GET"]}}],"collection":[{"href":"https:\/\/esbozodeportivo.com\/index.php\/wp-json\/wp\/v2\/posts"}],"about":[{"href":"https:\/\/esbozodeportivo.com\/index.php\/wp-json\/wp\/v2\/types\/post"}],"author":[{"embeddable":true,"href":"https:\/\/esbozodeportivo.com\/index.php\/wp-json\/wp\/v2\/users\/4"}],"replies":[{"embeddable":true,"href":"https:\/\/esbozodeportivo.com\/index.php\/wp-json\/wp\/v2\/comments?post=8929"}],"version-history":[{"count":1,"href":"https:\/\/esbozodeportivo.com\/index.php\/wp-json\/wp\/v2\/posts\/8929\/revisions"}],"predecessor-version":[{"id":8934,"href":"https:\/\/esbozodeportivo.com\/index.php\/wp-json\/wp\/v2\/posts\/8929\/revisions\/8934"}],"wp:featuredmedia":[{"embeddable":true,"href":"https:\/\/esbozodeportivo.com\/index.php\/wp-json\/wp\/v2\/media\/8930"}],"wp:attachment":[{"href":"https:\/\/esbozodeportivo.com\/index.php\/wp-json\/wp\/v2\/media?parent=8929"}],"wp:term":[{"taxonomy":"category","embeddable":true,"href":"https:\/\/esbozodeportivo.com\/index.php\/wp-json\/wp\/v2\/categories?post=8929"},{"taxonomy":"post_tag","embeddable":true,"href":"https:\/\/esbozodeportivo.com\/index.php\/wp-json\/wp\/v2\/tags?post=8929"}],"curies":[{"name":"wp","href":"https:\/\/api.w.org\/{rel}","templated":true}]}}