{"id":893,"date":"2022-12-10T01:11:07","date_gmt":"2022-12-10T01:11:07","guid":{"rendered":"https:\/\/esbozodeportivo.com\/?p=893"},"modified":"2022-12-10T01:13:49","modified_gmt":"2022-12-10T01:13:49","slug":"plata-y-bronce-para-mexico-en-el-campeonato-mundial-de-pesas","status":"publish","type":"post","link":"https:\/\/esbozodeportivo.com\/index.php\/2022\/12\/10\/plata-y-bronce-para-mexico-en-el-campeonato-mundial-de-pesas\/","title":{"rendered":"Plata y bronce para M\u00e9xico en el Campeonato Mundial de pesas"},"content":{"rendered":"<p style=\"background: white; margin: 12.0pt 0cm .0001pt 0cm;\">(CONADE).- La selecci\u00f3n mexicana de levantamiento de pesas contin\u00faa con paso firme su participaci\u00f3n en el Campeonato Mundial de la disciplina, que se realiza en Bogot\u00e1, Colombia, primer evento clasificatorio a los Juegos Ol\u00edmpicos Par\u00eds 2024, y donde la ol\u00edmpica en Tokio 2020 Ana Gabriela L\u00f3pez Ferrer, se convirti\u00f3 en la figura del equipo, al ganar dos medallas en los 55 kilogramos.\u00a0\u00a0<\/p>\n<p style=\"background: white; margin: 12.0pt 0cm .0001pt 0cm;\">Durante el tercer d\u00eda de competencias en la Gran Carpa Am\u00e9ricas Corferias, en la ciudad colombiana, Ana Ferrer, ejecut\u00f3 un levantamiento perfecto que le vali\u00f3 el segundo lugar en arranque, con marca de 90 kilos, quinto sitio en envi\u00f3n, con registro de 108 kilos, y el tercer sitio en el total de la divisi\u00f3n, con 198 kilos, resultado que le dio al pa\u00eds las dos primeras preseas del Mundial.<\/p>\n<style>\/*! elementor - v3.9.0 - 06-12-2022 *\/\n.elementor-widget-image{text-align:center}.elementor-widget-image a{display:inline-block}.elementor-widget-image a img[src$=\".svg\"]{width:48px}.elementor-widget-image img{vertical-align:middle;display:inline-block}<\/style>\n<p>\t\t\t\t\t\t\t\t\t\t\t\t<img decoding=\"async\" width=\"640\" height=\"480\" src=\"https:\/\/esbozodeportivo.com\/wp-content\/uploads\/2022\/12\/Pesas.jpeg\" alt=\"\" loading=\"lazy\" srcset=\"https:\/\/esbozodeportivo.com\/wp-content\/uploads\/2022\/12\/Pesas.jpeg 1024w, https:\/\/esbozodeportivo.com\/wp-content\/uploads\/2022\/12\/Pesas-300x225.jpeg 300w, https:\/\/esbozodeportivo.com\/wp-content\/uploads\/2022\/12\/Pesas-768x576.jpeg 768w\" sizes=\"auto, (max-width: 640px) 100vw, 640px\" \/>\t\t\t\t\t\t\t\t\t\t\t\t\t\t\t<\/p>\n<p style=\"background: white; margin: 12.0pt 0cm .0001pt 0cm;\">El puesto de honor fue para la campeona ol\u00edmpica en Tokio 2020 Hidilyn D\u00edaz, de Filipinas, con marcas de 93 kilos, en arranque; 114 kilos en envi\u00f3n, y 207 kilos en el total; el podio lo completo Rosalba Morales, de Colombia, con 89 kilos en arranque; 110 kilos en envi\u00f3n, y 199 kilos en el total.<\/p>\n<p style=\"background: white; margin: 12.0pt 0cm .0001pt 0cm;\">Irene Esmeralda Borregos Palacios, cerr\u00f3 su actuaci\u00f3n en los 55 kilogramos en el d\u00e9cimo sitio, con marcas de 85 kilos en arranque; 105 kilos en envi\u00f3n, y 190 kilos en el acumulado de la divisi\u00f3n.\u00a0<\/p>\n<p style=\"background: white; margin: 12.0pt 0cm .0001pt 0cm;\">En m\u00e1s resultados de la jornada, V\u00edctor Badur G\u00fc\u00e9mez Cel, finaliz\u00f3 su participaci\u00f3n en el lugar 18 de los 61 kilogramos, con resultados de 120 kilos en arranque; 151 kilos en envi\u00f3n, y 271 kilos en el total.\u00a0<\/p>\n<p>\t\t\t\t\t\t\t\t\t\t\t\t\t\t\t<img decoding=\"async\" width=\"640\" height=\"853\" src=\"https:\/\/esbozodeportivo.com\/wp-content\/uploads\/2022\/12\/Pesas-1.jpeg\" alt=\"\" loading=\"lazy\" srcset=\"https:\/\/esbozodeportivo.com\/wp-content\/uploads\/2022\/12\/Pesas-1.jpeg 768w, https:\/\/esbozodeportivo.com\/wp-content\/uploads\/2022\/12\/Pesas-1-225x300.jpeg 225w\" sizes=\"auto, (max-width: 640px) 100vw, 640px\" \/>\t\t\t\t\t\t\t\t\t\t\t\t\t\t\t<\/p>\n<p style=\"background: white; margin: 12.0pt 0cm .0001pt 0cm;\">(Fotos: Conade)<\/p>\n","protected":false},"excerpt":{"rendered":"<p>(CONADE).- La selecci\u00f3n mexicana de levantamiento de pesas contin\u00faa con paso firme su participaci\u00f3n en<\/p>\n","protected":false},"author":2,"featured_media":0,"comment_status":"open","ping_status":"open","sticky":false,"template":"","format":"standard","meta":{"_jetpack_memberships_contains_paid_content":false,"footnotes":""},"categories":[5],"tags":[],"class_list":["post-893","post","type-post","status-publish","format-standard","hentry","category-amateur"],"yoast_head":"<!-- This site is optimized with the Yoast SEO plugin v25.7 - https:\/\/yoast.com\/wordpress\/plugins\/seo\/ -->\n<title>Plata y bronce para M\u00e9xico en el Campeonato Mundial de pesas - Esbozo Deportivo<\/title>\n<meta name=\"robots\" content=\"index, follow, max-snippet:-1, max-image-preview:large, max-video-preview:-1\" \/>\n<link rel=\"canonical\" href=\"https:\/\/esbozodeportivo.com\/index.php\/2022\/12\/10\/plata-y-bronce-para-mexico-en-el-campeonato-mundial-de-pesas\/\" \/>\n<meta property=\"og:locale\" content=\"es_MX\" \/>\n<meta property=\"og:type\" content=\"article\" \/>\n<meta property=\"og:title\" content=\"Plata y bronce para M\u00e9xico en el Campeonato Mundial de pesas - Esbozo Deportivo\" \/>\n<meta property=\"og:description\" content=\"(CONADE).- La selecci\u00f3n mexicana de levantamiento de pesas contin\u00faa con paso firme su participaci\u00f3n en\" \/>\n<meta property=\"og:url\" content=\"https:\/\/esbozodeportivo.com\/index.php\/2022\/12\/10\/plata-y-bronce-para-mexico-en-el-campeonato-mundial-de-pesas\/\" \/>\n<meta property=\"og:site_name\" content=\"Esbozo Deportivo\" \/>\n<meta property=\"article:published_time\" content=\"2022-12-10T01:11:07+00:00\" \/>\n<meta property=\"article:modified_time\" content=\"2022-12-10T01:13:49+00:00\" \/>\n<meta property=\"og:image\" content=\"https:\/\/esbozodeportivo.com\/wp-content\/uploads\/2022\/12\/Pesas.jpeg\" \/>\n<meta name=\"author\" content=\"Javier De La Cruz\" \/>\n<meta name=\"twitter:card\" content=\"summary_large_image\" \/>\n<meta name=\"twitter:label1\" content=\"Escrito por\" \/>\n\t<meta name=\"twitter:data1\" content=\"Javier De La Cruz\" \/>\n\t<meta name=\"twitter:label2\" content=\"Tiempo de lectura\" \/>\n\t<meta name=\"twitter:data2\" content=\"1 minuto\" \/>\n<script type=\"application\/ld+json\" class=\"yoast-schema-graph\">{\"@context\":\"https:\/\/schema.org\",\"@graph\":[{\"@type\":\"Article\",\"@id\":\"https:\/\/esbozodeportivo.com\/index.php\/2022\/12\/10\/plata-y-bronce-para-mexico-en-el-campeonato-mundial-de-pesas\/#article\",\"isPartOf\":{\"@id\":\"https:\/\/esbozodeportivo.com\/index.php\/2022\/12\/10\/plata-y-bronce-para-mexico-en-el-campeonato-mundial-de-pesas\/\"},\"author\":{\"name\":\"Javier De La Cruz\",\"@id\":\"https:\/\/esbozodeportivo.com\/#\/schema\/person\/7277119c98823aec37bbb84e125efd44\"},\"headline\":\"Plata y bronce para M\u00e9xico en el Campeonato Mundial de pesas\",\"datePublished\":\"2022-12-10T01:11:07+00:00\",\"dateModified\":\"2022-12-10T01:13:49+00:00\",\"mainEntityOfPage\":{\"@id\":\"https:\/\/esbozodeportivo.com\/index.php\/2022\/12\/10\/plata-y-bronce-para-mexico-en-el-campeonato-mundial-de-pesas\/\"},\"wordCount\":278,\"commentCount\":0,\"publisher\":{\"@id\":\"https:\/\/esbozodeportivo.com\/#organization\"},\"image\":{\"@id\":\"https:\/\/esbozodeportivo.com\/index.php\/2022\/12\/10\/plata-y-bronce-para-mexico-en-el-campeonato-mundial-de-pesas\/#primaryimage\"},\"thumbnailUrl\":\"https:\/\/esbozodeportivo.com\/wp-content\/uploads\/2022\/12\/Pesas.jpeg\",\"articleSection\":[\"Amateur\"],\"inLanguage\":\"es\",\"potentialAction\":[{\"@type\":\"CommentAction\",\"name\":\"Comment\",\"target\":[\"https:\/\/esbozodeportivo.com\/index.php\/2022\/12\/10\/plata-y-bronce-para-mexico-en-el-campeonato-mundial-de-pesas\/#respond\"]}]},{\"@type\":\"WebPage\",\"@id\":\"https:\/\/esbozodeportivo.com\/index.php\/2022\/12\/10\/plata-y-bronce-para-mexico-en-el-campeonato-mundial-de-pesas\/\",\"url\":\"https:\/\/esbozodeportivo.com\/index.php\/2022\/12\/10\/plata-y-bronce-para-mexico-en-el-campeonato-mundial-de-pesas\/\",\"name\":\"Plata y bronce para M\u00e9xico en el Campeonato Mundial de pesas - Esbozo Deportivo\",\"isPartOf\":{\"@id\":\"https:\/\/esbozodeportivo.com\/#website\"},\"primaryImageOfPage\":{\"@id\":\"https:\/\/esbozodeportivo.com\/index.php\/2022\/12\/10\/plata-y-bronce-para-mexico-en-el-campeonato-mundial-de-pesas\/#primaryimage\"},\"image\":{\"@id\":\"https:\/\/esbozodeportivo.com\/index.php\/2022\/12\/10\/plata-y-bronce-para-mexico-en-el-campeonato-mundial-de-pesas\/#primaryimage\"},\"thumbnailUrl\":\"https:\/\/esbozodeportivo.com\/wp-content\/uploads\/2022\/12\/Pesas.jpeg\",\"datePublished\":\"2022-12-10T01:11:07+00:00\",\"dateModified\":\"2022-12-10T01:13:49+00:00\",\"breadcrumb\":{\"@id\":\"https:\/\/esbozodeportivo.com\/index.php\/2022\/12\/10\/plata-y-bronce-para-mexico-en-el-campeonato-mundial-de-pesas\/#breadcrumb\"},\"inLanguage\":\"es\",\"potentialAction\":[{\"@type\":\"ReadAction\",\"target\":[\"https:\/\/esbozodeportivo.com\/index.php\/2022\/12\/10\/plata-y-bronce-para-mexico-en-el-campeonato-mundial-de-pesas\/\"]}]},{\"@type\":\"ImageObject\",\"inLanguage\":\"es\",\"@id\":\"https:\/\/esbozodeportivo.com\/index.php\/2022\/12\/10\/plata-y-bronce-para-mexico-en-el-campeonato-mundial-de-pesas\/#primaryimage\",\"url\":\"https:\/\/esbozodeportivo.com\/wp-content\/uploads\/2022\/12\/Pesas.jpeg\",\"contentUrl\":\"https:\/\/esbozodeportivo.com\/wp-content\/uploads\/2022\/12\/Pesas.jpeg\",\"width\":1024,\"height\":768},{\"@type\":\"BreadcrumbList\",\"@id\":\"https:\/\/esbozodeportivo.com\/index.php\/2022\/12\/10\/plata-y-bronce-para-mexico-en-el-campeonato-mundial-de-pesas\/#breadcrumb\",\"itemListElement\":[{\"@type\":\"ListItem\",\"position\":1,\"name\":\"Inicio\",\"item\":\"https:\/\/esbozodeportivo.com\/\"},{\"@type\":\"ListItem\",\"position\":2,\"name\":\"Plata y bronce para M\u00e9xico en el Campeonato Mundial de pesas\"}]},{\"@type\":\"WebSite\",\"@id\":\"https:\/\/esbozodeportivo.com\/#website\",\"url\":\"https:\/\/esbozodeportivo.com\/\",\"name\":\"Esbozo Deportivo\",\"description\":\"Lo m\u00e1s importante del Deporte\",\"publisher\":{\"@id\":\"https:\/\/esbozodeportivo.com\/#organization\"},\"potentialAction\":[{\"@type\":\"SearchAction\",\"target\":{\"@type\":\"EntryPoint\",\"urlTemplate\":\"https:\/\/esbozodeportivo.com\/?s={search_term_string}\"},\"query-input\":{\"@type\":\"PropertyValueSpecification\",\"valueRequired\":true,\"valueName\":\"search_term_string\"}}],\"inLanguage\":\"es\"},{\"@type\":\"Organization\",\"@id\":\"https:\/\/esbozodeportivo.com\/#organization\",\"name\":\"Esbozo Deportivo\",\"url\":\"https:\/\/esbozodeportivo.com\/\",\"logo\":{\"@type\":\"ImageObject\",\"inLanguage\":\"es\",\"@id\":\"https:\/\/esbozodeportivo.com\/#\/schema\/logo\/image\/\",\"url\":\"https:\/\/esbozodeportivo.com\/wp-content\/uploads\/2022\/08\/cropped-Logo-Esbozo-Web-2.png\",\"contentUrl\":\"https:\/\/esbozodeportivo.com\/wp-content\/uploads\/2022\/08\/cropped-Logo-Esbozo-Web-2.png\",\"width\":180,\"height\":50,\"caption\":\"Esbozo Deportivo\"},\"image\":{\"@id\":\"https:\/\/esbozodeportivo.com\/#\/schema\/logo\/image\/\"}},{\"@type\":\"Person\",\"@id\":\"https:\/\/esbozodeportivo.com\/#\/schema\/person\/7277119c98823aec37bbb84e125efd44\",\"name\":\"Javier De La Cruz\",\"image\":{\"@type\":\"ImageObject\",\"inLanguage\":\"es\",\"@id\":\"https:\/\/esbozodeportivo.com\/#\/schema\/person\/image\/\",\"url\":\"https:\/\/secure.gravatar.com\/avatar\/366235a56d20f1a6e8e3d0b295897639357bea880470ddf261d17bb0bc052eb1?s=96&d=mm&r=g\",\"contentUrl\":\"https:\/\/secure.gravatar.com\/avatar\/366235a56d20f1a6e8e3d0b295897639357bea880470ddf261d17bb0bc052eb1?s=96&d=mm&r=g\",\"caption\":\"Javier De La Cruz\"},\"url\":\"https:\/\/esbozodeportivo.com\/index.php\/author\/javier-de-la-cruz-de-la-cruz\/\"}]}<\/script>\n<!-- \/ Yoast SEO plugin. -->","yoast_head_json":{"title":"Plata y bronce para M\u00e9xico en el Campeonato Mundial de pesas - Esbozo Deportivo","robots":{"index":"index","follow":"follow","max-snippet":"max-snippet:-1","max-image-preview":"max-image-preview:large","max-video-preview":"max-video-preview:-1"},"canonical":"https:\/\/esbozodeportivo.com\/index.php\/2022\/12\/10\/plata-y-bronce-para-mexico-en-el-campeonato-mundial-de-pesas\/","og_locale":"es_MX","og_type":"article","og_title":"Plata y bronce para M\u00e9xico en el Campeonato Mundial de pesas - Esbozo Deportivo","og_description":"(CONADE).- La selecci\u00f3n mexicana de levantamiento de pesas contin\u00faa con paso firme su participaci\u00f3n en","og_url":"https:\/\/esbozodeportivo.com\/index.php\/2022\/12\/10\/plata-y-bronce-para-mexico-en-el-campeonato-mundial-de-pesas\/","og_site_name":"Esbozo Deportivo","article_published_time":"2022-12-10T01:11:07+00:00","article_modified_time":"2022-12-10T01:13:49+00:00","og_image":[{"url":"https:\/\/esbozodeportivo.com\/wp-content\/uploads\/2022\/12\/Pesas.jpeg","type":"","width":"","height":""}],"author":"Javier De La Cruz","twitter_card":"summary_large_image","twitter_misc":{"Escrito por":"Javier De La Cruz","Tiempo de lectura":"1 minuto"},"schema":{"@context":"https:\/\/schema.org","@graph":[{"@type":"Article","@id":"https:\/\/esbozodeportivo.com\/index.php\/2022\/12\/10\/plata-y-bronce-para-mexico-en-el-campeonato-mundial-de-pesas\/#article","isPartOf":{"@id":"https:\/\/esbozodeportivo.com\/index.php\/2022\/12\/10\/plata-y-bronce-para-mexico-en-el-campeonato-mundial-de-pesas\/"},"author":{"name":"Javier De La Cruz","@id":"https:\/\/esbozodeportivo.com\/#\/schema\/person\/7277119c98823aec37bbb84e125efd44"},"headline":"Plata y bronce para M\u00e9xico en el Campeonato Mundial de pesas","datePublished":"2022-12-10T01:11:07+00:00","dateModified":"2022-12-10T01:13:49+00:00","mainEntityOfPage":{"@id":"https:\/\/esbozodeportivo.com\/index.php\/2022\/12\/10\/plata-y-bronce-para-mexico-en-el-campeonato-mundial-de-pesas\/"},"wordCount":278,"commentCount":0,"publisher":{"@id":"https:\/\/esbozodeportivo.com\/#organization"},"image":{"@id":"https:\/\/esbozodeportivo.com\/index.php\/2022\/12\/10\/plata-y-bronce-para-mexico-en-el-campeonato-mundial-de-pesas\/#primaryimage"},"thumbnailUrl":"https:\/\/esbozodeportivo.com\/wp-content\/uploads\/2022\/12\/Pesas.jpeg","articleSection":["Amateur"],"inLanguage":"es","potentialAction":[{"@type":"CommentAction","name":"Comment","target":["https:\/\/esbozodeportivo.com\/index.php\/2022\/12\/10\/plata-y-bronce-para-mexico-en-el-campeonato-mundial-de-pesas\/#respond"]}]},{"@type":"WebPage","@id":"https:\/\/esbozodeportivo.com\/index.php\/2022\/12\/10\/plata-y-bronce-para-mexico-en-el-campeonato-mundial-de-pesas\/","url":"https:\/\/esbozodeportivo.com\/index.php\/2022\/12\/10\/plata-y-bronce-para-mexico-en-el-campeonato-mundial-de-pesas\/","name":"Plata y bronce para M\u00e9xico en el Campeonato Mundial de pesas - Esbozo Deportivo","isPartOf":{"@id":"https:\/\/esbozodeportivo.com\/#website"},"primaryImageOfPage":{"@id":"https:\/\/esbozodeportivo.com\/index.php\/2022\/12\/10\/plata-y-bronce-para-mexico-en-el-campeonato-mundial-de-pesas\/#primaryimage"},"image":{"@id":"https:\/\/esbozodeportivo.com\/index.php\/2022\/12\/10\/plata-y-bronce-para-mexico-en-el-campeonato-mundial-de-pesas\/#primaryimage"},"thumbnailUrl":"https:\/\/esbozodeportivo.com\/wp-content\/uploads\/2022\/12\/Pesas.jpeg","datePublished":"2022-12-10T01:11:07+00:00","dateModified":"2022-12-10T01:13:49+00:00","breadcrumb":{"@id":"https:\/\/esbozodeportivo.com\/index.php\/2022\/12\/10\/plata-y-bronce-para-mexico-en-el-campeonato-mundial-de-pesas\/#breadcrumb"},"inLanguage":"es","potentialAction":[{"@type":"ReadAction","target":["https:\/\/esbozodeportivo.com\/index.php\/2022\/12\/10\/plata-y-bronce-para-mexico-en-el-campeonato-mundial-de-pesas\/"]}]},{"@type":"ImageObject","inLanguage":"es","@id":"https:\/\/esbozodeportivo.com\/index.php\/2022\/12\/10\/plata-y-bronce-para-mexico-en-el-campeonato-mundial-de-pesas\/#primaryimage","url":"https:\/\/esbozodeportivo.com\/wp-content\/uploads\/2022\/12\/Pesas.jpeg","contentUrl":"https:\/\/esbozodeportivo.com\/wp-content\/uploads\/2022\/12\/Pesas.jpeg","width":1024,"height":768},{"@type":"BreadcrumbList","@id":"https:\/\/esbozodeportivo.com\/index.php\/2022\/12\/10\/plata-y-bronce-para-mexico-en-el-campeonato-mundial-de-pesas\/#breadcrumb","itemListElement":[{"@type":"ListItem","position":1,"name":"Inicio","item":"https:\/\/esbozodeportivo.com\/"},{"@type":"ListItem","position":2,"name":"Plata y bronce para M\u00e9xico en el Campeonato Mundial de pesas"}]},{"@type":"WebSite","@id":"https:\/\/esbozodeportivo.com\/#website","url":"https:\/\/esbozodeportivo.com\/","name":"Esbozo Deportivo","description":"Lo m\u00e1s importante del Deporte","publisher":{"@id":"https:\/\/esbozodeportivo.com\/#organization"},"potentialAction":[{"@type":"SearchAction","target":{"@type":"EntryPoint","urlTemplate":"https:\/\/esbozodeportivo.com\/?s={search_term_string}"},"query-input":{"@type":"PropertyValueSpecification","valueRequired":true,"valueName":"search_term_string"}}],"inLanguage":"es"},{"@type":"Organization","@id":"https:\/\/esbozodeportivo.com\/#organization","name":"Esbozo Deportivo","url":"https:\/\/esbozodeportivo.com\/","logo":{"@type":"ImageObject","inLanguage":"es","@id":"https:\/\/esbozodeportivo.com\/#\/schema\/logo\/image\/","url":"https:\/\/esbozodeportivo.com\/wp-content\/uploads\/2022\/08\/cropped-Logo-Esbozo-Web-2.png","contentUrl":"https:\/\/esbozodeportivo.com\/wp-content\/uploads\/2022\/08\/cropped-Logo-Esbozo-Web-2.png","width":180,"height":50,"caption":"Esbozo Deportivo"},"image":{"@id":"https:\/\/esbozodeportivo.com\/#\/schema\/logo\/image\/"}},{"@type":"Person","@id":"https:\/\/esbozodeportivo.com\/#\/schema\/person\/7277119c98823aec37bbb84e125efd44","name":"Javier De La Cruz","image":{"@type":"ImageObject","inLanguage":"es","@id":"https:\/\/esbozodeportivo.com\/#\/schema\/person\/image\/","url":"https:\/\/secure.gravatar.com\/avatar\/366235a56d20f1a6e8e3d0b295897639357bea880470ddf261d17bb0bc052eb1?s=96&d=mm&r=g","contentUrl":"https:\/\/secure.gravatar.com\/avatar\/366235a56d20f1a6e8e3d0b295897639357bea880470ddf261d17bb0bc052eb1?s=96&d=mm&r=g","caption":"Javier De La Cruz"},"url":"https:\/\/esbozodeportivo.com\/index.php\/author\/javier-de-la-cruz-de-la-cruz\/"}]}},"jetpack_featured_media_url":"","jetpack_sharing_enabled":true,"_links":{"self":[{"href":"https:\/\/esbozodeportivo.com\/index.php\/wp-json\/wp\/v2\/posts\/893","targetHints":{"allow":["GET"]}}],"collection":[{"href":"https:\/\/esbozodeportivo.com\/index.php\/wp-json\/wp\/v2\/posts"}],"about":[{"href":"https:\/\/esbozodeportivo.com\/index.php\/wp-json\/wp\/v2\/types\/post"}],"author":[{"embeddable":true,"href":"https:\/\/esbozodeportivo.com\/index.php\/wp-json\/wp\/v2\/users\/2"}],"replies":[{"embeddable":true,"href":"https:\/\/esbozodeportivo.com\/index.php\/wp-json\/wp\/v2\/comments?post=893"}],"version-history":[{"count":4,"href":"https:\/\/esbozodeportivo.com\/index.php\/wp-json\/wp\/v2\/posts\/893\/revisions"}],"predecessor-version":[{"id":899,"href":"https:\/\/esbozodeportivo.com\/index.php\/wp-json\/wp\/v2\/posts\/893\/revisions\/899"}],"wp:attachment":[{"href":"https:\/\/esbozodeportivo.com\/index.php\/wp-json\/wp\/v2\/media?parent=893"}],"wp:term":[{"taxonomy":"category","embeddable":true,"href":"https:\/\/esbozodeportivo.com\/index.php\/wp-json\/wp\/v2\/categories?post=893"},{"taxonomy":"post_tag","embeddable":true,"href":"https:\/\/esbozodeportivo.com\/index.php\/wp-json\/wp\/v2\/tags?post=893"}],"curies":[{"name":"wp","href":"https:\/\/api.w.org\/{rel}","templated":true}]}}