{"id":901,"date":"2023-01-19T00:36:16","date_gmt":"2023-01-19T00:36:16","guid":{"rendered":"https:\/\/esbozodeportivo.com\/?p=901"},"modified":"2023-01-19T00:43:14","modified_gmt":"2023-01-19T00:43:14","slug":"paralimpicos-regresan-a-los-entrenamientos","status":"publish","type":"post","link":"https:\/\/esbozodeportivo.com\/index.php\/2023\/01\/19\/paralimpicos-regresan-a-los-entrenamientos\/","title":{"rendered":"Paral\u00edmpicos regresan a los entrenamientos"},"content":{"rendered":"<style>\/*! elementor - v3.10.1 - 17-01-2023 *\/\n.elementor-widget-image{text-align:center}.elementor-widget-image a{display:inline-block}.elementor-widget-image a img[src$=\".svg\"]{width:48px}.elementor-widget-image img{vertical-align:middle;display:inline-block}<\/style>\n<p>\t\t\t\t\t\t\t\t\t\t\t\t<img decoding=\"async\" width=\"640\" height=\"449\" src=\"https:\/\/esbozodeportivo.com\/wp-content\/uploads\/2023\/01\/Paralimpicos1-1024x718.jpeg\" alt=\"\" loading=\"lazy\" srcset=\"https:\/\/esbozodeportivo.com\/wp-content\/uploads\/2023\/01\/Paralimpicos1-1024x718.jpeg 1024w, https:\/\/esbozodeportivo.com\/wp-content\/uploads\/2023\/01\/Paralimpicos1-300x210.jpeg 300w, https:\/\/esbozodeportivo.com\/wp-content\/uploads\/2023\/01\/Paralimpicos1-768x538.jpeg 768w, https:\/\/esbozodeportivo.com\/wp-content\/uploads\/2023\/01\/Paralimpicos1.jpeg 1280w\" sizes=\"auto, (max-width: 640px) 100vw, 640px\" \/>\t\t\t\t\t\t\t\t\t\t\t\t\t\t\t<\/p>\n<p>(Foto: Conade)\u00a0<\/p>\n<p style=\"background: white; margin: 12.0pt 0cm 12.0pt 0cm;\">(Conade)<strong>.<\/strong>&#8211; Los medallistas de los Juegos Paral\u00edmpicos Tokio 2020, entre los que se encuentran Amalia P\u00e9rez de para powerlifting, Diego L\u00f3pez y \u00c1ngel Camacho de para nataci\u00f3n, as\u00ed como, Gloria Zarza y Rosa Guerrero de para atletismo, lideran a la preselecci\u00f3n nacional de deporte adaptado, que regres\u00f3 a sus entrenamientos en el Centro Paral\u00edmpico Mexicano (CEPAMEX), para preparar sus compromisos internacionales de este a\u00f1o.<\/p>\n<p style=\"background: white; margin: 12.0pt 0cm 12.0pt 0cm;\">Las disciplinas que ya retomaron sus concentraciones deportivas en el complejo perteneciente a la Comisi\u00f3n Nacional de Cultura F\u00edsica y Deporte (CONADE), son: para nataci\u00f3n, para atletismo, para powerlifting, golbol, para tiro con arco y para ciclismo.<\/p>\n<p>\t\t\t\t\t\t\t\t\t\t\t\t\t\t\t<img decoding=\"async\" width=\"640\" height=\"418\" src=\"https:\/\/esbozodeportivo.com\/wp-content\/uploads\/2023\/01\/Paralimpicos3-1024x669.jpeg\" alt=\"\" loading=\"lazy\" srcset=\"https:\/\/esbozodeportivo.com\/wp-content\/uploads\/2023\/01\/Paralimpicos3-1024x669.jpeg 1024w, https:\/\/esbozodeportivo.com\/wp-content\/uploads\/2023\/01\/Paralimpicos3-300x196.jpeg 300w, https:\/\/esbozodeportivo.com\/wp-content\/uploads\/2023\/01\/Paralimpicos3-768x502.jpeg 768w, https:\/\/esbozodeportivo.com\/wp-content\/uploads\/2023\/01\/Paralimpicos3.jpeg 1280w\" sizes=\"auto, (max-width: 640px) 100vw, 640px\" \/>\t\t\t\t\t\t\t\t\t\t\t\t\t\t\t<\/p>\n<p>(Foto: Conade)<\/p>\n<p>Este a\u00f1o el deporte adaptado mexicano tendr\u00e1 agenda llena, ya que se llevar\u00e1n a cabo varios campeonatos del orbe, los cuales ser\u00e1n primordiales en los procesos de clasificaci\u00f3n a los Juegos Paral\u00edmpicos Par\u00eds 2024; adem\u00e1s de Grand Prix, Series Mundiales y Parapanamericanos.<\/p>\n<p>El Campeonato Mundial de Para Atletismo est\u00e1 programado para el mes de julio, en Par\u00eds, Francia; el Mundial de Para Nataci\u00f3n ser\u00e1 del 31 de julio al 6 de agosto en Manchester, Reino Unido y el Mundial de Para Powerlifting se efectuar\u00e1 del 23 al 30 de agosto, en Dub\u00e1i, Emiratos \u00c1rabes.<\/p>\n<p>Adem\u00e1s, del 17 al 26 de noviembre se realizar\u00e1n los Juegos Parapanamericanos Santiago de Chile 2023, justa cuatrienal que tambi\u00e9n repartir\u00e1 plazas, en algunas disciplinas, a Par\u00eds 2024.\u00a0<\/p>\n<p>\t\t\t\t\t\t\t\t\t\t\t\t\t\t\t<img decoding=\"async\" width=\"640\" height=\"434\" src=\"https:\/\/esbozodeportivo.com\/wp-content\/uploads\/2023\/01\/Paralimpicos2-1024x694.jpeg\" alt=\"\" loading=\"lazy\" srcset=\"https:\/\/esbozodeportivo.com\/wp-content\/uploads\/2023\/01\/Paralimpicos2-1024x694.jpeg 1024w, https:\/\/esbozodeportivo.com\/wp-content\/uploads\/2023\/01\/Paralimpicos2-300x203.jpeg 300w, https:\/\/esbozodeportivo.com\/wp-content\/uploads\/2023\/01\/Paralimpicos2-768x520.jpeg 768w, https:\/\/esbozodeportivo.com\/wp-content\/uploads\/2023\/01\/Paralimpicos2.jpeg 1280w\" sizes=\"auto, (max-width: 640px) 100vw, 640px\" \/>\t\t\t\t\t\t\t\t\t\t\t\t\t\t\t<\/p>\n<p>(Foto: Conade)<\/p>\n<p style=\"background: white; margin: 12.0pt 0cm 12.0pt 0cm;\">Mientras que, del 2 al 12 de junio se efectuar\u00e1n los Juegos Parapanamericanos Juveniles, en Bogot\u00e1, Colombia, certamen para el cual est\u00e1 a punto de concluir el proceso de selecci\u00f3n nacional.<\/p>\n<p style=\"background: white; margin: 12.0pt 0cm 12.0pt 0cm;\">M\u00e9xico figura en el calendario internacional, con el Grand Prix de Para Atletismo 2023, que se llevar\u00e1 a cabo del 27 al 29 de abril, en Monterrey, Nuevo Le\u00f3n y la Serie Mundial de Para Nataci\u00f3n 2023, del 5 al 8 de octubre, en Tijuana, Baja California, ambas justas se llevar\u00e1n a cabo nuestro pa\u00eds por segunda ocasi\u00f3n consecutiva.<\/p>\n<p>\t\t\t\t\t\t\t\t\t\t\t\t\t\t\t<img decoding=\"async\" width=\"640\" height=\"939\" src=\"https:\/\/esbozodeportivo.com\/wp-content\/uploads\/2023\/01\/Paralimpicos-698x1024.jpeg\" alt=\"\" loading=\"lazy\" srcset=\"https:\/\/esbozodeportivo.com\/wp-content\/uploads\/2023\/01\/Paralimpicos-698x1024.jpeg 698w, https:\/\/esbozodeportivo.com\/wp-content\/uploads\/2023\/01\/Paralimpicos-204x300.jpeg 204w, https:\/\/esbozodeportivo.com\/wp-content\/uploads\/2023\/01\/Paralimpicos-768x1127.jpeg 768w, https:\/\/esbozodeportivo.com\/wp-content\/uploads\/2023\/01\/Paralimpicos.jpeg 872w\" sizes=\"auto, (max-width: 640px) 100vw, 640px\" \/>\t\t\t\t\t\t\t\t\t\t\t\t\t\t\t<\/p>\n<p>(Foto: Conade)<\/p>\n","protected":false},"excerpt":{"rendered":"<p>(Foto: Conade)\u00a0 (Conade).&#8211; Los medallistas de los Juegos Paral\u00edmpicos Tokio 2020, entre los que se<\/p>\n","protected":false},"author":2,"featured_media":0,"comment_status":"open","ping_status":"open","sticky":false,"template":"","format":"standard","meta":{"_jetpack_memberships_contains_paid_content":false,"footnotes":""},"categories":[5],"tags":[],"class_list":["post-901","post","type-post","status-publish","format-standard","hentry","category-amateur"],"yoast_head":"<!-- This site is optimized with the Yoast SEO plugin v25.7 - https:\/\/yoast.com\/wordpress\/plugins\/seo\/ -->\n<title>Paral\u00edmpicos regresan a los entrenamientos - Esbozo Deportivo<\/title>\n<meta name=\"robots\" content=\"index, follow, max-snippet:-1, max-image-preview:large, max-video-preview:-1\" \/>\n<link rel=\"canonical\" href=\"https:\/\/esbozodeportivo.com\/index.php\/2023\/01\/19\/paralimpicos-regresan-a-los-entrenamientos\/\" \/>\n<meta property=\"og:locale\" content=\"es_MX\" \/>\n<meta property=\"og:type\" content=\"article\" \/>\n<meta property=\"og:title\" content=\"Paral\u00edmpicos regresan a los entrenamientos - Esbozo Deportivo\" \/>\n<meta property=\"og:description\" content=\"(Foto: Conade)\u00a0 (Conade).&#8211; Los medallistas de los Juegos Paral\u00edmpicos Tokio 2020, entre los que se\" \/>\n<meta property=\"og:url\" content=\"https:\/\/esbozodeportivo.com\/index.php\/2023\/01\/19\/paralimpicos-regresan-a-los-entrenamientos\/\" \/>\n<meta property=\"og:site_name\" content=\"Esbozo Deportivo\" \/>\n<meta property=\"article:published_time\" content=\"2023-01-19T00:36:16+00:00\" \/>\n<meta property=\"article:modified_time\" content=\"2023-01-19T00:43:14+00:00\" \/>\n<meta property=\"og:image\" content=\"https:\/\/esbozodeportivo.com\/wp-content\/uploads\/2023\/01\/Paralimpicos1-1024x718.jpeg\" \/>\n<meta name=\"author\" content=\"Javier De La Cruz\" \/>\n<meta name=\"twitter:card\" content=\"summary_large_image\" \/>\n<meta name=\"twitter:label1\" content=\"Escrito por\" \/>\n\t<meta name=\"twitter:data1\" content=\"Javier De La Cruz\" \/>\n\t<meta name=\"twitter:label2\" content=\"Tiempo de lectura\" \/>\n\t<meta name=\"twitter:data2\" content=\"2 minutos\" \/>\n<script type=\"application\/ld+json\" class=\"yoast-schema-graph\">{\"@context\":\"https:\/\/schema.org\",\"@graph\":[{\"@type\":\"Article\",\"@id\":\"https:\/\/esbozodeportivo.com\/index.php\/2023\/01\/19\/paralimpicos-regresan-a-los-entrenamientos\/#article\",\"isPartOf\":{\"@id\":\"https:\/\/esbozodeportivo.com\/index.php\/2023\/01\/19\/paralimpicos-regresan-a-los-entrenamientos\/\"},\"author\":{\"name\":\"Javier De La Cruz\",\"@id\":\"https:\/\/esbozodeportivo.com\/#\/schema\/person\/7277119c98823aec37bbb84e125efd44\"},\"headline\":\"Paral\u00edmpicos regresan a los entrenamientos\",\"datePublished\":\"2023-01-19T00:36:16+00:00\",\"dateModified\":\"2023-01-19T00:43:14+00:00\",\"mainEntityOfPage\":{\"@id\":\"https:\/\/esbozodeportivo.com\/index.php\/2023\/01\/19\/paralimpicos-regresan-a-los-entrenamientos\/\"},\"wordCount\":342,\"commentCount\":0,\"publisher\":{\"@id\":\"https:\/\/esbozodeportivo.com\/#organization\"},\"image\":{\"@id\":\"https:\/\/esbozodeportivo.com\/index.php\/2023\/01\/19\/paralimpicos-regresan-a-los-entrenamientos\/#primaryimage\"},\"thumbnailUrl\":\"https:\/\/esbozodeportivo.com\/wp-content\/uploads\/2023\/01\/Paralimpicos1-1024x718.jpeg\",\"articleSection\":[\"Amateur\"],\"inLanguage\":\"es\",\"potentialAction\":[{\"@type\":\"CommentAction\",\"name\":\"Comment\",\"target\":[\"https:\/\/esbozodeportivo.com\/index.php\/2023\/01\/19\/paralimpicos-regresan-a-los-entrenamientos\/#respond\"]}]},{\"@type\":\"WebPage\",\"@id\":\"https:\/\/esbozodeportivo.com\/index.php\/2023\/01\/19\/paralimpicos-regresan-a-los-entrenamientos\/\",\"url\":\"https:\/\/esbozodeportivo.com\/index.php\/2023\/01\/19\/paralimpicos-regresan-a-los-entrenamientos\/\",\"name\":\"Paral\u00edmpicos regresan a los entrenamientos - Esbozo Deportivo\",\"isPartOf\":{\"@id\":\"https:\/\/esbozodeportivo.com\/#website\"},\"primaryImageOfPage\":{\"@id\":\"https:\/\/esbozodeportivo.com\/index.php\/2023\/01\/19\/paralimpicos-regresan-a-los-entrenamientos\/#primaryimage\"},\"image\":{\"@id\":\"https:\/\/esbozodeportivo.com\/index.php\/2023\/01\/19\/paralimpicos-regresan-a-los-entrenamientos\/#primaryimage\"},\"thumbnailUrl\":\"https:\/\/esbozodeportivo.com\/wp-content\/uploads\/2023\/01\/Paralimpicos1-1024x718.jpeg\",\"datePublished\":\"2023-01-19T00:36:16+00:00\",\"dateModified\":\"2023-01-19T00:43:14+00:00\",\"breadcrumb\":{\"@id\":\"https:\/\/esbozodeportivo.com\/index.php\/2023\/01\/19\/paralimpicos-regresan-a-los-entrenamientos\/#breadcrumb\"},\"inLanguage\":\"es\",\"potentialAction\":[{\"@type\":\"ReadAction\",\"target\":[\"https:\/\/esbozodeportivo.com\/index.php\/2023\/01\/19\/paralimpicos-regresan-a-los-entrenamientos\/\"]}]},{\"@type\":\"ImageObject\",\"inLanguage\":\"es\",\"@id\":\"https:\/\/esbozodeportivo.com\/index.php\/2023\/01\/19\/paralimpicos-regresan-a-los-entrenamientos\/#primaryimage\",\"url\":\"https:\/\/esbozodeportivo.com\/wp-content\/uploads\/2023\/01\/Paralimpicos1-1024x718.jpeg\",\"contentUrl\":\"https:\/\/esbozodeportivo.com\/wp-content\/uploads\/2023\/01\/Paralimpicos1-1024x718.jpeg\"},{\"@type\":\"BreadcrumbList\",\"@id\":\"https:\/\/esbozodeportivo.com\/index.php\/2023\/01\/19\/paralimpicos-regresan-a-los-entrenamientos\/#breadcrumb\",\"itemListElement\":[{\"@type\":\"ListItem\",\"position\":1,\"name\":\"Inicio\",\"item\":\"https:\/\/esbozodeportivo.com\/\"},{\"@type\":\"ListItem\",\"position\":2,\"name\":\"Paral\u00edmpicos regresan a los entrenamientos\"}]},{\"@type\":\"WebSite\",\"@id\":\"https:\/\/esbozodeportivo.com\/#website\",\"url\":\"https:\/\/esbozodeportivo.com\/\",\"name\":\"Esbozo Deportivo\",\"description\":\"Lo m\u00e1s importante del Deporte\",\"publisher\":{\"@id\":\"https:\/\/esbozodeportivo.com\/#organization\"},\"potentialAction\":[{\"@type\":\"SearchAction\",\"target\":{\"@type\":\"EntryPoint\",\"urlTemplate\":\"https:\/\/esbozodeportivo.com\/?s={search_term_string}\"},\"query-input\":{\"@type\":\"PropertyValueSpecification\",\"valueRequired\":true,\"valueName\":\"search_term_string\"}}],\"inLanguage\":\"es\"},{\"@type\":\"Organization\",\"@id\":\"https:\/\/esbozodeportivo.com\/#organization\",\"name\":\"Esbozo Deportivo\",\"url\":\"https:\/\/esbozodeportivo.com\/\",\"logo\":{\"@type\":\"ImageObject\",\"inLanguage\":\"es\",\"@id\":\"https:\/\/esbozodeportivo.com\/#\/schema\/logo\/image\/\",\"url\":\"https:\/\/esbozodeportivo.com\/wp-content\/uploads\/2022\/08\/cropped-Logo-Esbozo-Web-2.png\",\"contentUrl\":\"https:\/\/esbozodeportivo.com\/wp-content\/uploads\/2022\/08\/cropped-Logo-Esbozo-Web-2.png\",\"width\":180,\"height\":50,\"caption\":\"Esbozo Deportivo\"},\"image\":{\"@id\":\"https:\/\/esbozodeportivo.com\/#\/schema\/logo\/image\/\"}},{\"@type\":\"Person\",\"@id\":\"https:\/\/esbozodeportivo.com\/#\/schema\/person\/7277119c98823aec37bbb84e125efd44\",\"name\":\"Javier De La Cruz\",\"image\":{\"@type\":\"ImageObject\",\"inLanguage\":\"es\",\"@id\":\"https:\/\/esbozodeportivo.com\/#\/schema\/person\/image\/\",\"url\":\"https:\/\/secure.gravatar.com\/avatar\/366235a56d20f1a6e8e3d0b295897639357bea880470ddf261d17bb0bc052eb1?s=96&d=mm&r=g\",\"contentUrl\":\"https:\/\/secure.gravatar.com\/avatar\/366235a56d20f1a6e8e3d0b295897639357bea880470ddf261d17bb0bc052eb1?s=96&d=mm&r=g\",\"caption\":\"Javier De La Cruz\"},\"url\":\"https:\/\/esbozodeportivo.com\/index.php\/author\/javier-de-la-cruz-de-la-cruz\/\"}]}<\/script>\n<!-- \/ Yoast SEO plugin. -->","yoast_head_json":{"title":"Paral\u00edmpicos regresan a los entrenamientos - Esbozo Deportivo","robots":{"index":"index","follow":"follow","max-snippet":"max-snippet:-1","max-image-preview":"max-image-preview:large","max-video-preview":"max-video-preview:-1"},"canonical":"https:\/\/esbozodeportivo.com\/index.php\/2023\/01\/19\/paralimpicos-regresan-a-los-entrenamientos\/","og_locale":"es_MX","og_type":"article","og_title":"Paral\u00edmpicos regresan a los entrenamientos - Esbozo Deportivo","og_description":"(Foto: Conade)\u00a0 (Conade).&#8211; Los medallistas de los Juegos Paral\u00edmpicos Tokio 2020, entre los que se","og_url":"https:\/\/esbozodeportivo.com\/index.php\/2023\/01\/19\/paralimpicos-regresan-a-los-entrenamientos\/","og_site_name":"Esbozo Deportivo","article_published_time":"2023-01-19T00:36:16+00:00","article_modified_time":"2023-01-19T00:43:14+00:00","og_image":[{"url":"https:\/\/esbozodeportivo.com\/wp-content\/uploads\/2023\/01\/Paralimpicos1-1024x718.jpeg","type":"","width":"","height":""}],"author":"Javier De La Cruz","twitter_card":"summary_large_image","twitter_misc":{"Escrito por":"Javier De La Cruz","Tiempo de lectura":"2 minutos"},"schema":{"@context":"https:\/\/schema.org","@graph":[{"@type":"Article","@id":"https:\/\/esbozodeportivo.com\/index.php\/2023\/01\/19\/paralimpicos-regresan-a-los-entrenamientos\/#article","isPartOf":{"@id":"https:\/\/esbozodeportivo.com\/index.php\/2023\/01\/19\/paralimpicos-regresan-a-los-entrenamientos\/"},"author":{"name":"Javier De La Cruz","@id":"https:\/\/esbozodeportivo.com\/#\/schema\/person\/7277119c98823aec37bbb84e125efd44"},"headline":"Paral\u00edmpicos regresan a los entrenamientos","datePublished":"2023-01-19T00:36:16+00:00","dateModified":"2023-01-19T00:43:14+00:00","mainEntityOfPage":{"@id":"https:\/\/esbozodeportivo.com\/index.php\/2023\/01\/19\/paralimpicos-regresan-a-los-entrenamientos\/"},"wordCount":342,"commentCount":0,"publisher":{"@id":"https:\/\/esbozodeportivo.com\/#organization"},"image":{"@id":"https:\/\/esbozodeportivo.com\/index.php\/2023\/01\/19\/paralimpicos-regresan-a-los-entrenamientos\/#primaryimage"},"thumbnailUrl":"https:\/\/esbozodeportivo.com\/wp-content\/uploads\/2023\/01\/Paralimpicos1-1024x718.jpeg","articleSection":["Amateur"],"inLanguage":"es","potentialAction":[{"@type":"CommentAction","name":"Comment","target":["https:\/\/esbozodeportivo.com\/index.php\/2023\/01\/19\/paralimpicos-regresan-a-los-entrenamientos\/#respond"]}]},{"@type":"WebPage","@id":"https:\/\/esbozodeportivo.com\/index.php\/2023\/01\/19\/paralimpicos-regresan-a-los-entrenamientos\/","url":"https:\/\/esbozodeportivo.com\/index.php\/2023\/01\/19\/paralimpicos-regresan-a-los-entrenamientos\/","name":"Paral\u00edmpicos regresan a los entrenamientos - Esbozo Deportivo","isPartOf":{"@id":"https:\/\/esbozodeportivo.com\/#website"},"primaryImageOfPage":{"@id":"https:\/\/esbozodeportivo.com\/index.php\/2023\/01\/19\/paralimpicos-regresan-a-los-entrenamientos\/#primaryimage"},"image":{"@id":"https:\/\/esbozodeportivo.com\/index.php\/2023\/01\/19\/paralimpicos-regresan-a-los-entrenamientos\/#primaryimage"},"thumbnailUrl":"https:\/\/esbozodeportivo.com\/wp-content\/uploads\/2023\/01\/Paralimpicos1-1024x718.jpeg","datePublished":"2023-01-19T00:36:16+00:00","dateModified":"2023-01-19T00:43:14+00:00","breadcrumb":{"@id":"https:\/\/esbozodeportivo.com\/index.php\/2023\/01\/19\/paralimpicos-regresan-a-los-entrenamientos\/#breadcrumb"},"inLanguage":"es","potentialAction":[{"@type":"ReadAction","target":["https:\/\/esbozodeportivo.com\/index.php\/2023\/01\/19\/paralimpicos-regresan-a-los-entrenamientos\/"]}]},{"@type":"ImageObject","inLanguage":"es","@id":"https:\/\/esbozodeportivo.com\/index.php\/2023\/01\/19\/paralimpicos-regresan-a-los-entrenamientos\/#primaryimage","url":"https:\/\/esbozodeportivo.com\/wp-content\/uploads\/2023\/01\/Paralimpicos1-1024x718.jpeg","contentUrl":"https:\/\/esbozodeportivo.com\/wp-content\/uploads\/2023\/01\/Paralimpicos1-1024x718.jpeg"},{"@type":"BreadcrumbList","@id":"https:\/\/esbozodeportivo.com\/index.php\/2023\/01\/19\/paralimpicos-regresan-a-los-entrenamientos\/#breadcrumb","itemListElement":[{"@type":"ListItem","position":1,"name":"Inicio","item":"https:\/\/esbozodeportivo.com\/"},{"@type":"ListItem","position":2,"name":"Paral\u00edmpicos regresan a los entrenamientos"}]},{"@type":"WebSite","@id":"https:\/\/esbozodeportivo.com\/#website","url":"https:\/\/esbozodeportivo.com\/","name":"Esbozo Deportivo","description":"Lo m\u00e1s importante del Deporte","publisher":{"@id":"https:\/\/esbozodeportivo.com\/#organization"},"potentialAction":[{"@type":"SearchAction","target":{"@type":"EntryPoint","urlTemplate":"https:\/\/esbozodeportivo.com\/?s={search_term_string}"},"query-input":{"@type":"PropertyValueSpecification","valueRequired":true,"valueName":"search_term_string"}}],"inLanguage":"es"},{"@type":"Organization","@id":"https:\/\/esbozodeportivo.com\/#organization","name":"Esbozo Deportivo","url":"https:\/\/esbozodeportivo.com\/","logo":{"@type":"ImageObject","inLanguage":"es","@id":"https:\/\/esbozodeportivo.com\/#\/schema\/logo\/image\/","url":"https:\/\/esbozodeportivo.com\/wp-content\/uploads\/2022\/08\/cropped-Logo-Esbozo-Web-2.png","contentUrl":"https:\/\/esbozodeportivo.com\/wp-content\/uploads\/2022\/08\/cropped-Logo-Esbozo-Web-2.png","width":180,"height":50,"caption":"Esbozo Deportivo"},"image":{"@id":"https:\/\/esbozodeportivo.com\/#\/schema\/logo\/image\/"}},{"@type":"Person","@id":"https:\/\/esbozodeportivo.com\/#\/schema\/person\/7277119c98823aec37bbb84e125efd44","name":"Javier De La Cruz","image":{"@type":"ImageObject","inLanguage":"es","@id":"https:\/\/esbozodeportivo.com\/#\/schema\/person\/image\/","url":"https:\/\/secure.gravatar.com\/avatar\/366235a56d20f1a6e8e3d0b295897639357bea880470ddf261d17bb0bc052eb1?s=96&d=mm&r=g","contentUrl":"https:\/\/secure.gravatar.com\/avatar\/366235a56d20f1a6e8e3d0b295897639357bea880470ddf261d17bb0bc052eb1?s=96&d=mm&r=g","caption":"Javier De La Cruz"},"url":"https:\/\/esbozodeportivo.com\/index.php\/author\/javier-de-la-cruz-de-la-cruz\/"}]}},"jetpack_featured_media_url":"","jetpack_sharing_enabled":true,"_links":{"self":[{"href":"https:\/\/esbozodeportivo.com\/index.php\/wp-json\/wp\/v2\/posts\/901","targetHints":{"allow":["GET"]}}],"collection":[{"href":"https:\/\/esbozodeportivo.com\/index.php\/wp-json\/wp\/v2\/posts"}],"about":[{"href":"https:\/\/esbozodeportivo.com\/index.php\/wp-json\/wp\/v2\/types\/post"}],"author":[{"embeddable":true,"href":"https:\/\/esbozodeportivo.com\/index.php\/wp-json\/wp\/v2\/users\/2"}],"replies":[{"embeddable":true,"href":"https:\/\/esbozodeportivo.com\/index.php\/wp-json\/wp\/v2\/comments?post=901"}],"version-history":[{"count":4,"href":"https:\/\/esbozodeportivo.com\/index.php\/wp-json\/wp\/v2\/posts\/901\/revisions"}],"predecessor-version":[{"id":909,"href":"https:\/\/esbozodeportivo.com\/index.php\/wp-json\/wp\/v2\/posts\/901\/revisions\/909"}],"wp:attachment":[{"href":"https:\/\/esbozodeportivo.com\/index.php\/wp-json\/wp\/v2\/media?parent=901"}],"wp:term":[{"taxonomy":"category","embeddable":true,"href":"https:\/\/esbozodeportivo.com\/index.php\/wp-json\/wp\/v2\/categories?post=901"},{"taxonomy":"post_tag","embeddable":true,"href":"https:\/\/esbozodeportivo.com\/index.php\/wp-json\/wp\/v2\/tags?post=901"}],"curies":[{"name":"wp","href":"https:\/\/api.w.org\/{rel}","templated":true}]}}