{"id":9011,"date":"2025-08-15T00:08:52","date_gmt":"2025-08-15T06:08:52","guid":{"rendered":"https:\/\/esbozodeportivo.com\/?p=9011"},"modified":"2025-08-15T00:08:54","modified_gmt":"2025-08-15T06:08:54","slug":"el-ciclista-richardson-establece-record-mundial","status":"publish","type":"post","link":"https:\/\/esbozodeportivo.com\/index.php\/2025\/08\/15\/el-ciclista-richardson-establece-record-mundial\/","title":{"rendered":"El ciclista Richardson establece r\u00e9cord mundial"},"content":{"rendered":"\n<p>(Foto: Agencias) <\/p>\n\n\n\n<p>El brit\u00e1nico <strong>Matt Richardson<\/strong> estableci\u00f3 el <strong>r\u00e9cord mundial<\/strong> en la prueba de <strong>200 metros de velocidad<\/strong>, convirti\u00e9ndose en el primer ciclista que rebaja la barrera de los 9 segundos.<\/p>\n\n\n\n<p><strong>Richardso<\/strong>n, quien gan\u00f3 tres medallas para <strong>Australia<\/strong> en los <strong>Juegos Ol\u00edmpicos de Par\u00eds <\/strong>antes de cambiarse a <strong>Gran Breta\u00f1a<\/strong>, cronometr\u00f3 8.941 segundos en el <strong>Vel\u00f3dromo de Konya<\/strong>.<\/p>\n\n\n\n<p><strong>Matt,<\/strong> de 26 a\u00f1os, rompi\u00f3 el r\u00e9cord del neerland\u00e9s <strong>Harrie Lavreysen<\/strong> (9.088) establecido en <strong>Par\u00eds<\/strong> el verano pasado.<\/p>\n\n\n\n<p><strong>Richardson<\/strong>, nacido en <strong>Inglaterra<\/strong>, gan\u00f3 dos medallas de plata el verano pasado, en sprint individual y keirin, as\u00ed como un bronce en sprint por equipos.<\/p>\n\n\n\n<p>Adem\u00e1s, el brit\u00e1nico <strong>Will Bjergfelt<\/strong> un r\u00e9cord mundial en el <strong>C5 UCI Hour Record<\/strong> al cubrir 51.471 kil\u00f3metros en 60 minutos. Se convirti\u00f3 en el primer paraciclista en romper tambi\u00e9n la barrera de los 50 kil\u00f3metros.<\/p>\n\n\n\n<p><\/p>\n","protected":false},"excerpt":{"rendered":"<p>(Foto: Agencias) El brit\u00e1nico Matt Richardson estableci\u00f3 el r\u00e9cord mundial en la prueba de 200<\/p>\n","protected":false},"author":4,"featured_media":9012,"comment_status":"closed","ping_status":"open","sticky":false,"template":"","format":"standard","meta":{"_jetpack_memberships_contains_paid_content":false,"footnotes":""},"categories":[10],"tags":[],"class_list":["post-9011","post","type-post","status-publish","format-standard","has-post-thumbnail","hentry","category-ciclismo"],"yoast_head":"<!-- This site is optimized with the Yoast SEO plugin v25.7 - https:\/\/yoast.com\/wordpress\/plugins\/seo\/ -->\n<title>El ciclista Richardson establece r\u00e9cord mundial - Esbozo Deportivo<\/title>\n<meta name=\"description\" content=\"El brit\u00e1nico Matt Richardson estableci\u00f3 el r\u00e9cord mundial en la prueba de 200 metros de velocidad, convirti\u00e9ndose en el primer ciclista que rebaja la barrera de los 9 segundos.\" \/>\n<meta name=\"robots\" content=\"index, follow, max-snippet:-1, max-image-preview:large, max-video-preview:-1\" \/>\n<link rel=\"canonical\" href=\"https:\/\/esbozodeportivo.com\/index.php\/2025\/08\/15\/el-ciclista-richardson-establece-record-mundial\/\" \/>\n<meta property=\"og:locale\" content=\"es_MX\" \/>\n<meta property=\"og:type\" content=\"article\" \/>\n<meta property=\"og:title\" content=\"El ciclista Richardson establece r\u00e9cord mundial - Esbozo Deportivo\" \/>\n<meta property=\"og:description\" content=\"El brit\u00e1nico Matt Richardson estableci\u00f3 el r\u00e9cord mundial en la prueba de 200 metros de velocidad, convirti\u00e9ndose en el primer ciclista que rebaja la barrera de los 9 segundos.\" \/>\n<meta property=\"og:url\" content=\"https:\/\/esbozodeportivo.com\/index.php\/2025\/08\/15\/el-ciclista-richardson-establece-record-mundial\/\" \/>\n<meta property=\"og:site_name\" content=\"Esbozo Deportivo\" \/>\n<meta property=\"article:published_time\" content=\"2025-08-15T06:08:52+00:00\" \/>\n<meta property=\"article:modified_time\" content=\"2025-08-15T06:08:54+00:00\" \/>\n<meta property=\"og:image\" content=\"https:\/\/esbozodeportivo.com\/wp-content\/uploads\/2025\/08\/deporte.jpg\" \/>\n\t<meta property=\"og:image:width\" content=\"634\" \/>\n\t<meta property=\"og:image:height\" content=\"405\" \/>\n\t<meta property=\"og:image:type\" content=\"image\/jpeg\" \/>\n<meta name=\"author\" content=\"Redacci\u00f3n\" \/>\n<meta name=\"twitter:card\" content=\"summary_large_image\" \/>\n<meta name=\"twitter:label1\" content=\"Escrito por\" \/>\n\t<meta name=\"twitter:data1\" content=\"Redacci\u00f3n\" \/>\n\t<meta name=\"twitter:label2\" content=\"Tiempo de lectura\" \/>\n\t<meta name=\"twitter:data2\" content=\"1 minuto\" \/>\n<script type=\"application\/ld+json\" class=\"yoast-schema-graph\">{\"@context\":\"https:\/\/schema.org\",\"@graph\":[{\"@type\":\"Article\",\"@id\":\"https:\/\/esbozodeportivo.com\/index.php\/2025\/08\/15\/el-ciclista-richardson-establece-record-mundial\/#article\",\"isPartOf\":{\"@id\":\"https:\/\/esbozodeportivo.com\/index.php\/2025\/08\/15\/el-ciclista-richardson-establece-record-mundial\/\"},\"author\":{\"name\":\"Redacci\u00f3n\",\"@id\":\"https:\/\/esbozodeportivo.com\/#\/schema\/person\/0f6df9196dfe6740dd0bb31bae50d374\"},\"headline\":\"El ciclista Richardson establece r\u00e9cord mundial\",\"datePublished\":\"2025-08-15T06:08:52+00:00\",\"dateModified\":\"2025-08-15T06:08:54+00:00\",\"mainEntityOfPage\":{\"@id\":\"https:\/\/esbozodeportivo.com\/index.php\/2025\/08\/15\/el-ciclista-richardson-establece-record-mundial\/\"},\"wordCount\":153,\"publisher\":{\"@id\":\"https:\/\/esbozodeportivo.com\/#organization\"},\"image\":{\"@id\":\"https:\/\/esbozodeportivo.com\/index.php\/2025\/08\/15\/el-ciclista-richardson-establece-record-mundial\/#primaryimage\"},\"thumbnailUrl\":\"https:\/\/esbozodeportivo.com\/wp-content\/uploads\/2025\/08\/deporte.jpg\",\"articleSection\":[\"Ciclismo\"],\"inLanguage\":\"es\"},{\"@type\":\"WebPage\",\"@id\":\"https:\/\/esbozodeportivo.com\/index.php\/2025\/08\/15\/el-ciclista-richardson-establece-record-mundial\/\",\"url\":\"https:\/\/esbozodeportivo.com\/index.php\/2025\/08\/15\/el-ciclista-richardson-establece-record-mundial\/\",\"name\":\"El ciclista Richardson establece r\u00e9cord mundial - Esbozo Deportivo\",\"isPartOf\":{\"@id\":\"https:\/\/esbozodeportivo.com\/#website\"},\"primaryImageOfPage\":{\"@id\":\"https:\/\/esbozodeportivo.com\/index.php\/2025\/08\/15\/el-ciclista-richardson-establece-record-mundial\/#primaryimage\"},\"image\":{\"@id\":\"https:\/\/esbozodeportivo.com\/index.php\/2025\/08\/15\/el-ciclista-richardson-establece-record-mundial\/#primaryimage\"},\"thumbnailUrl\":\"https:\/\/esbozodeportivo.com\/wp-content\/uploads\/2025\/08\/deporte.jpg\",\"datePublished\":\"2025-08-15T06:08:52+00:00\",\"dateModified\":\"2025-08-15T06:08:54+00:00\",\"description\":\"El brit\u00e1nico Matt Richardson estableci\u00f3 el r\u00e9cord mundial en la prueba de 200 metros de velocidad, convirti\u00e9ndose en el primer ciclista que rebaja la barrera de los 9 segundos.\",\"breadcrumb\":{\"@id\":\"https:\/\/esbozodeportivo.com\/index.php\/2025\/08\/15\/el-ciclista-richardson-establece-record-mundial\/#breadcrumb\"},\"inLanguage\":\"es\",\"potentialAction\":[{\"@type\":\"ReadAction\",\"target\":[\"https:\/\/esbozodeportivo.com\/index.php\/2025\/08\/15\/el-ciclista-richardson-establece-record-mundial\/\"]}]},{\"@type\":\"ImageObject\",\"inLanguage\":\"es\",\"@id\":\"https:\/\/esbozodeportivo.com\/index.php\/2025\/08\/15\/el-ciclista-richardson-establece-record-mundial\/#primaryimage\",\"url\":\"https:\/\/esbozodeportivo.com\/wp-content\/uploads\/2025\/08\/deporte.jpg\",\"contentUrl\":\"https:\/\/esbozodeportivo.com\/wp-content\/uploads\/2025\/08\/deporte.jpg\",\"width\":634,\"height\":405},{\"@type\":\"BreadcrumbList\",\"@id\":\"https:\/\/esbozodeportivo.com\/index.php\/2025\/08\/15\/el-ciclista-richardson-establece-record-mundial\/#breadcrumb\",\"itemListElement\":[{\"@type\":\"ListItem\",\"position\":1,\"name\":\"Inicio\",\"item\":\"https:\/\/esbozodeportivo.com\/\"},{\"@type\":\"ListItem\",\"position\":2,\"name\":\"El ciclista Richardson establece r\u00e9cord mundial\"}]},{\"@type\":\"WebSite\",\"@id\":\"https:\/\/esbozodeportivo.com\/#website\",\"url\":\"https:\/\/esbozodeportivo.com\/\",\"name\":\"Esbozo Deportivo\",\"description\":\"Lo m\u00e1s importante del Deporte\",\"publisher\":{\"@id\":\"https:\/\/esbozodeportivo.com\/#organization\"},\"potentialAction\":[{\"@type\":\"SearchAction\",\"target\":{\"@type\":\"EntryPoint\",\"urlTemplate\":\"https:\/\/esbozodeportivo.com\/?s={search_term_string}\"},\"query-input\":{\"@type\":\"PropertyValueSpecification\",\"valueRequired\":true,\"valueName\":\"search_term_string\"}}],\"inLanguage\":\"es\"},{\"@type\":\"Organization\",\"@id\":\"https:\/\/esbozodeportivo.com\/#organization\",\"name\":\"Esbozo Deportivo\",\"url\":\"https:\/\/esbozodeportivo.com\/\",\"logo\":{\"@type\":\"ImageObject\",\"inLanguage\":\"es\",\"@id\":\"https:\/\/esbozodeportivo.com\/#\/schema\/logo\/image\/\",\"url\":\"https:\/\/esbozodeportivo.com\/wp-content\/uploads\/2022\/08\/cropped-Logo-Esbozo-Web-2.png\",\"contentUrl\":\"https:\/\/esbozodeportivo.com\/wp-content\/uploads\/2022\/08\/cropped-Logo-Esbozo-Web-2.png\",\"width\":180,\"height\":50,\"caption\":\"Esbozo Deportivo\"},\"image\":{\"@id\":\"https:\/\/esbozodeportivo.com\/#\/schema\/logo\/image\/\"}},{\"@type\":\"Person\",\"@id\":\"https:\/\/esbozodeportivo.com\/#\/schema\/person\/0f6df9196dfe6740dd0bb31bae50d374\",\"name\":\"Redacci\u00f3n\",\"image\":{\"@type\":\"ImageObject\",\"inLanguage\":\"es\",\"@id\":\"https:\/\/esbozodeportivo.com\/#\/schema\/person\/image\/\",\"url\":\"https:\/\/secure.gravatar.com\/avatar\/f55268a89c3b418f2ef172ff52ab0d09b3e653c58de29539fe329fb93d78ebf3?s=96&d=mm&r=g\",\"contentUrl\":\"https:\/\/secure.gravatar.com\/avatar\/f55268a89c3b418f2ef172ff52ab0d09b3e653c58de29539fe329fb93d78ebf3?s=96&d=mm&r=g\",\"caption\":\"Redacci\u00f3n\"},\"url\":\"https:\/\/esbozodeportivo.com\/index.php\/author\/redaccion\/\"}]}<\/script>\n<!-- \/ Yoast SEO plugin. -->","yoast_head_json":{"title":"El ciclista Richardson establece r\u00e9cord mundial - Esbozo Deportivo","description":"El brit\u00e1nico Matt Richardson estableci\u00f3 el r\u00e9cord mundial en la prueba de 200 metros de velocidad, convirti\u00e9ndose en el primer ciclista que rebaja la barrera de los 9 segundos.","robots":{"index":"index","follow":"follow","max-snippet":"max-snippet:-1","max-image-preview":"max-image-preview:large","max-video-preview":"max-video-preview:-1"},"canonical":"https:\/\/esbozodeportivo.com\/index.php\/2025\/08\/15\/el-ciclista-richardson-establece-record-mundial\/","og_locale":"es_MX","og_type":"article","og_title":"El ciclista Richardson establece r\u00e9cord mundial - Esbozo Deportivo","og_description":"El brit\u00e1nico Matt Richardson estableci\u00f3 el r\u00e9cord mundial en la prueba de 200 metros de velocidad, convirti\u00e9ndose en el primer ciclista que rebaja la barrera de los 9 segundos.","og_url":"https:\/\/esbozodeportivo.com\/index.php\/2025\/08\/15\/el-ciclista-richardson-establece-record-mundial\/","og_site_name":"Esbozo Deportivo","article_published_time":"2025-08-15T06:08:52+00:00","article_modified_time":"2025-08-15T06:08:54+00:00","og_image":[{"width":634,"height":405,"url":"https:\/\/esbozodeportivo.com\/wp-content\/uploads\/2025\/08\/deporte.jpg","type":"image\/jpeg"}],"author":"Redacci\u00f3n","twitter_card":"summary_large_image","twitter_misc":{"Escrito por":"Redacci\u00f3n","Tiempo de lectura":"1 minuto"},"schema":{"@context":"https:\/\/schema.org","@graph":[{"@type":"Article","@id":"https:\/\/esbozodeportivo.com\/index.php\/2025\/08\/15\/el-ciclista-richardson-establece-record-mundial\/#article","isPartOf":{"@id":"https:\/\/esbozodeportivo.com\/index.php\/2025\/08\/15\/el-ciclista-richardson-establece-record-mundial\/"},"author":{"name":"Redacci\u00f3n","@id":"https:\/\/esbozodeportivo.com\/#\/schema\/person\/0f6df9196dfe6740dd0bb31bae50d374"},"headline":"El ciclista Richardson establece r\u00e9cord mundial","datePublished":"2025-08-15T06:08:52+00:00","dateModified":"2025-08-15T06:08:54+00:00","mainEntityOfPage":{"@id":"https:\/\/esbozodeportivo.com\/index.php\/2025\/08\/15\/el-ciclista-richardson-establece-record-mundial\/"},"wordCount":153,"publisher":{"@id":"https:\/\/esbozodeportivo.com\/#organization"},"image":{"@id":"https:\/\/esbozodeportivo.com\/index.php\/2025\/08\/15\/el-ciclista-richardson-establece-record-mundial\/#primaryimage"},"thumbnailUrl":"https:\/\/esbozodeportivo.com\/wp-content\/uploads\/2025\/08\/deporte.jpg","articleSection":["Ciclismo"],"inLanguage":"es"},{"@type":"WebPage","@id":"https:\/\/esbozodeportivo.com\/index.php\/2025\/08\/15\/el-ciclista-richardson-establece-record-mundial\/","url":"https:\/\/esbozodeportivo.com\/index.php\/2025\/08\/15\/el-ciclista-richardson-establece-record-mundial\/","name":"El ciclista Richardson establece r\u00e9cord mundial - Esbozo Deportivo","isPartOf":{"@id":"https:\/\/esbozodeportivo.com\/#website"},"primaryImageOfPage":{"@id":"https:\/\/esbozodeportivo.com\/index.php\/2025\/08\/15\/el-ciclista-richardson-establece-record-mundial\/#primaryimage"},"image":{"@id":"https:\/\/esbozodeportivo.com\/index.php\/2025\/08\/15\/el-ciclista-richardson-establece-record-mundial\/#primaryimage"},"thumbnailUrl":"https:\/\/esbozodeportivo.com\/wp-content\/uploads\/2025\/08\/deporte.jpg","datePublished":"2025-08-15T06:08:52+00:00","dateModified":"2025-08-15T06:08:54+00:00","description":"El brit\u00e1nico Matt Richardson estableci\u00f3 el r\u00e9cord mundial en la prueba de 200 metros de velocidad, convirti\u00e9ndose en el primer ciclista que rebaja la barrera de los 9 segundos.","breadcrumb":{"@id":"https:\/\/esbozodeportivo.com\/index.php\/2025\/08\/15\/el-ciclista-richardson-establece-record-mundial\/#breadcrumb"},"inLanguage":"es","potentialAction":[{"@type":"ReadAction","target":["https:\/\/esbozodeportivo.com\/index.php\/2025\/08\/15\/el-ciclista-richardson-establece-record-mundial\/"]}]},{"@type":"ImageObject","inLanguage":"es","@id":"https:\/\/esbozodeportivo.com\/index.php\/2025\/08\/15\/el-ciclista-richardson-establece-record-mundial\/#primaryimage","url":"https:\/\/esbozodeportivo.com\/wp-content\/uploads\/2025\/08\/deporte.jpg","contentUrl":"https:\/\/esbozodeportivo.com\/wp-content\/uploads\/2025\/08\/deporte.jpg","width":634,"height":405},{"@type":"BreadcrumbList","@id":"https:\/\/esbozodeportivo.com\/index.php\/2025\/08\/15\/el-ciclista-richardson-establece-record-mundial\/#breadcrumb","itemListElement":[{"@type":"ListItem","position":1,"name":"Inicio","item":"https:\/\/esbozodeportivo.com\/"},{"@type":"ListItem","position":2,"name":"El ciclista Richardson establece r\u00e9cord mundial"}]},{"@type":"WebSite","@id":"https:\/\/esbozodeportivo.com\/#website","url":"https:\/\/esbozodeportivo.com\/","name":"Esbozo Deportivo","description":"Lo m\u00e1s importante del Deporte","publisher":{"@id":"https:\/\/esbozodeportivo.com\/#organization"},"potentialAction":[{"@type":"SearchAction","target":{"@type":"EntryPoint","urlTemplate":"https:\/\/esbozodeportivo.com\/?s={search_term_string}"},"query-input":{"@type":"PropertyValueSpecification","valueRequired":true,"valueName":"search_term_string"}}],"inLanguage":"es"},{"@type":"Organization","@id":"https:\/\/esbozodeportivo.com\/#organization","name":"Esbozo Deportivo","url":"https:\/\/esbozodeportivo.com\/","logo":{"@type":"ImageObject","inLanguage":"es","@id":"https:\/\/esbozodeportivo.com\/#\/schema\/logo\/image\/","url":"https:\/\/esbozodeportivo.com\/wp-content\/uploads\/2022\/08\/cropped-Logo-Esbozo-Web-2.png","contentUrl":"https:\/\/esbozodeportivo.com\/wp-content\/uploads\/2022\/08\/cropped-Logo-Esbozo-Web-2.png","width":180,"height":50,"caption":"Esbozo Deportivo"},"image":{"@id":"https:\/\/esbozodeportivo.com\/#\/schema\/logo\/image\/"}},{"@type":"Person","@id":"https:\/\/esbozodeportivo.com\/#\/schema\/person\/0f6df9196dfe6740dd0bb31bae50d374","name":"Redacci\u00f3n","image":{"@type":"ImageObject","inLanguage":"es","@id":"https:\/\/esbozodeportivo.com\/#\/schema\/person\/image\/","url":"https:\/\/secure.gravatar.com\/avatar\/f55268a89c3b418f2ef172ff52ab0d09b3e653c58de29539fe329fb93d78ebf3?s=96&d=mm&r=g","contentUrl":"https:\/\/secure.gravatar.com\/avatar\/f55268a89c3b418f2ef172ff52ab0d09b3e653c58de29539fe329fb93d78ebf3?s=96&d=mm&r=g","caption":"Redacci\u00f3n"},"url":"https:\/\/esbozodeportivo.com\/index.php\/author\/redaccion\/"}]}},"jetpack_featured_media_url":"https:\/\/esbozodeportivo.com\/wp-content\/uploads\/2025\/08\/deporte.jpg","jetpack_sharing_enabled":true,"_links":{"self":[{"href":"https:\/\/esbozodeportivo.com\/index.php\/wp-json\/wp\/v2\/posts\/9011","targetHints":{"allow":["GET"]}}],"collection":[{"href":"https:\/\/esbozodeportivo.com\/index.php\/wp-json\/wp\/v2\/posts"}],"about":[{"href":"https:\/\/esbozodeportivo.com\/index.php\/wp-json\/wp\/v2\/types\/post"}],"author":[{"embeddable":true,"href":"https:\/\/esbozodeportivo.com\/index.php\/wp-json\/wp\/v2\/users\/4"}],"replies":[{"embeddable":true,"href":"https:\/\/esbozodeportivo.com\/index.php\/wp-json\/wp\/v2\/comments?post=9011"}],"version-history":[{"count":1,"href":"https:\/\/esbozodeportivo.com\/index.php\/wp-json\/wp\/v2\/posts\/9011\/revisions"}],"predecessor-version":[{"id":9017,"href":"https:\/\/esbozodeportivo.com\/index.php\/wp-json\/wp\/v2\/posts\/9011\/revisions\/9017"}],"wp:featuredmedia":[{"embeddable":true,"href":"https:\/\/esbozodeportivo.com\/index.php\/wp-json\/wp\/v2\/media\/9012"}],"wp:attachment":[{"href":"https:\/\/esbozodeportivo.com\/index.php\/wp-json\/wp\/v2\/media?parent=9011"}],"wp:term":[{"taxonomy":"category","embeddable":true,"href":"https:\/\/esbozodeportivo.com\/index.php\/wp-json\/wp\/v2\/categories?post=9011"},{"taxonomy":"post_tag","embeddable":true,"href":"https:\/\/esbozodeportivo.com\/index.php\/wp-json\/wp\/v2\/tags?post=9011"}],"curies":[{"name":"wp","href":"https:\/\/api.w.org\/{rel}","templated":true}]}}