{"id":9018,"date":"2025-08-15T00:10:43","date_gmt":"2025-08-15T06:10:43","guid":{"rendered":"https:\/\/esbozodeportivo.com\/?p=9018"},"modified":"2025-08-15T00:10:44","modified_gmt":"2025-08-15T06:10:44","slug":"la-cantante-karol-g-estara-en-inicio-de-temporada-de-la-nfl","status":"publish","type":"post","link":"https:\/\/esbozodeportivo.com\/index.php\/2025\/08\/15\/la-cantante-karol-g-estara-en-inicio-de-temporada-de-la-nfl\/","title":{"rendered":"La cantante Karol G estar\u00e1 en inicio de temporada de la NFL"},"content":{"rendered":"\n<p>(Foto; Agencias) <\/p>\n\n\n\n<p>\u00bfReunir a los fan\u00e1ticos del f\u00fatbol, <strong>Brasil y Karol G<\/strong> para una experiencia de una noche? Esa es una f\u00f3rmula ganadora.<\/p>\n\n\n\n<p>La m\u00fasica galardonada con un <strong>Grammy<\/strong> encabezar\u00e1 un espect\u00e1culo de medio tiempo durante la primera transmisi\u00f3n exclusiva de la <strong>NFL<\/strong> en YouTube el pr\u00f3ximo mes, que se podr\u00e1 ver en vivo desde el <strong>Arena Corinthians<\/strong> en <strong>S\u00e3o Paulo, Brasil<\/strong>, el 5 de septiembre. Ese es el enfrentamiento de la semana uno de la <strong>NFL<\/strong> entre los <strong>Chargers de Los Angeles<\/strong> y los <strong>Chiefs de Kansas City<\/strong>, ganadores de la AFC.<\/p>\n\n\n\n<p>\u201cEste a\u00f1o ha sido verdaderamente gratificante, y el momento de esta oportunidad \u2014 ser parte de un hito tan importante como la primera transmisi\u00f3n en vivo de la <strong>NFL<\/strong> en YouTube \u2014 es perfecto. Con mi \u00faltimo \u00e1lbum \u2018Tropicoqueta\u2019, me propuse representar las muchas facetas de mi cultura latina, algo por lo que siento una gran pasi\u00f3n en todo lo que hago. Estoy emocionada de llevar esa misma energ\u00eda y orgullo a este escenario global y honrada de continuar elevando la cultura latina en una plataforma tan monumental\u201d, se\u00f1al\u00f3 la cantante en una declaraci\u00f3n escrita exclusiva.<\/p>\n\n\n\n<p>Es una combinaci\u00f3n natural. <strong>Karol G<\/strong> es una superestrella global, el f\u00fatbol americano est\u00e1 creciendo en popularidad en todo el mundo, y muchos de los mel\u00f3manos m\u00e1s fervientes del mundo llaman a <strong>Brasil <\/strong>su hogar \u2014 es una de las muchas razones por las que <strong>\u201cCome to Brazil\u201d (Ven a Brasil)<\/strong> se ha convertido en un meme constante, una expresi\u00f3n de tres palabras que representa la m\u00e1xima expresi\u00f3n de fanatismo.<\/p>\n\n\n\n<p><strong>Tim Tubito<\/strong>, director senior de presentaci\u00f3n de juegos globales y entretenimiento en la <strong>NFL<\/strong>, expres\u00f3: \u201cNuestro objetivo es resaltar la emoci\u00f3n y el esp\u00edritu americano de la <strong>NF<\/strong>L, pero hacerlo de manera reflexiva que se adapte a las culturas, pr\u00e1cticas y tradiciones locales.\u201d<\/p>\n\n\n\n<p>Agreg\u00f3 que contratar a <strong>Karol G<\/strong> \u201cno solo entusiasma a nuestros fan\u00e1ticos y rinde homenaje a su cultura en <strong>Sudam\u00e9rica,<\/strong> sino que tiene un impacto a escala global. Esperamos que todos nuestros fan\u00e1ticos est\u00e9n listos para una celebraci\u00f3n hist\u00f3rica\u201d.<\/p>\n\n\n\n<p>El juego se transmitir\u00e1 de forma gratuita para los fans de todo el mundo, exclusivamente a trav\u00e9s de YouTube y YouTube TV. Comienza a las <strong>5:00 p.m.<\/strong> Pac\u00edfico <strong>\/ 8:00 p.m<\/strong>. Este \/ <strong>9:00 p.m.<\/strong> de Brasil. Un show previo comienza una hora antes.<\/p>\n\n\n\n<p><strong>Angela Courtin<\/strong>, vicepresidenta de marketing deportivo y de entretenimiento en YouTube, afirm\u00f3 en un comunicado: \u201cPara celebrar este momento, estamos encantados de que la superestrella global <strong>Karol G<\/strong> act\u00fae durante nuestro espect\u00e1culo de medio tiempo. El juego y la actuaci\u00f3n se transmitir\u00e1n en todo el mundo de forma gratuita en YouTube, combinando el fanatismo del deporte y la m\u00fasica para un momento cultural \u00e9pico\u201d.<\/p>\n\n\n\n<p><\/p>\n","protected":false},"excerpt":{"rendered":"<p>(Foto; Agencias) \u00bfReunir a los fan\u00e1ticos del f\u00fatbol, Brasil y Karol G para una experiencia<\/p>\n","protected":false},"author":4,"featured_media":9014,"comment_status":"closed","ping_status":"open","sticky":false,"template":"","format":"standard","meta":{"_jetpack_memberships_contains_paid_content":false,"footnotes":""},"categories":[6],"tags":[],"class_list":["post-9018","post","type-post","status-publish","format-standard","has-post-thumbnail","hentry","category-nfl"],"yoast_head":"<!-- This site is optimized with the Yoast SEO plugin v25.7 - https:\/\/yoast.com\/wordpress\/plugins\/seo\/ -->\n<title>La cantante Karol G estar\u00e1 en inicio de temporada de la NFL - Esbozo Deportivo<\/title>\n<meta name=\"description\" content=\"La m\u00fasica galardonada con un Grammy encabezar\u00e1 un espect\u00e1culo de medio tiempo durante la primera transmisi\u00f3n exclusiva de la NFL en YouTube el pr\u00f3ximo mes, que se podr\u00e1 ver en vivo desde el Arena Corinthians en S\u00e3o Paulo, Brasil, el 5 de septiembre. Ese es el enfrentamiento de la semana uno de la NFL entre los Chargers de Los Angeles y los Chiefs de Kansas City, ganadores de la AFC.\" \/>\n<meta name=\"robots\" content=\"index, follow, max-snippet:-1, max-image-preview:large, max-video-preview:-1\" \/>\n<link rel=\"canonical\" href=\"https:\/\/esbozodeportivo.com\/index.php\/2025\/08\/15\/la-cantante-karol-g-estara-en-inicio-de-temporada-de-la-nfl\/\" \/>\n<meta property=\"og:locale\" content=\"es_MX\" \/>\n<meta property=\"og:type\" content=\"article\" \/>\n<meta property=\"og:title\" content=\"La cantante Karol G estar\u00e1 en inicio de temporada de la NFL - Esbozo Deportivo\" \/>\n<meta property=\"og:description\" content=\"La m\u00fasica galardonada con un Grammy encabezar\u00e1 un espect\u00e1culo de medio tiempo durante la primera transmisi\u00f3n exclusiva de la NFL en YouTube el pr\u00f3ximo mes, que se podr\u00e1 ver en vivo desde el Arena Corinthians en S\u00e3o Paulo, Brasil, el 5 de septiembre. Ese es el enfrentamiento de la semana uno de la NFL entre los Chargers de Los Angeles y los Chiefs de Kansas City, ganadores de la AFC.\" \/>\n<meta property=\"og:url\" content=\"https:\/\/esbozodeportivo.com\/index.php\/2025\/08\/15\/la-cantante-karol-g-estara-en-inicio-de-temporada-de-la-nfl\/\" \/>\n<meta property=\"og:site_name\" content=\"Esbozo Deportivo\" \/>\n<meta property=\"article:published_time\" content=\"2025-08-15T06:10:43+00:00\" \/>\n<meta property=\"article:modified_time\" content=\"2025-08-15T06:10:44+00:00\" \/>\n<meta property=\"og:image\" content=\"https:\/\/esbozodeportivo.com\/wp-content\/uploads\/2025\/08\/Karol.jpg\" \/>\n\t<meta property=\"og:image:width\" content=\"1120\" \/>\n\t<meta property=\"og:image:height\" content=\"581\" \/>\n\t<meta property=\"og:image:type\" content=\"image\/jpeg\" \/>\n<meta name=\"author\" content=\"Redacci\u00f3n\" \/>\n<meta name=\"twitter:card\" content=\"summary_large_image\" \/>\n<meta name=\"twitter:label1\" content=\"Escrito por\" \/>\n\t<meta name=\"twitter:data1\" content=\"Redacci\u00f3n\" \/>\n\t<meta name=\"twitter:label2\" content=\"Tiempo de lectura\" \/>\n\t<meta name=\"twitter:data2\" content=\"3 minutos\" \/>\n<script type=\"application\/ld+json\" class=\"yoast-schema-graph\">{\"@context\":\"https:\/\/schema.org\",\"@graph\":[{\"@type\":\"Article\",\"@id\":\"https:\/\/esbozodeportivo.com\/index.php\/2025\/08\/15\/la-cantante-karol-g-estara-en-inicio-de-temporada-de-la-nfl\/#article\",\"isPartOf\":{\"@id\":\"https:\/\/esbozodeportivo.com\/index.php\/2025\/08\/15\/la-cantante-karol-g-estara-en-inicio-de-temporada-de-la-nfl\/\"},\"author\":{\"name\":\"Redacci\u00f3n\",\"@id\":\"https:\/\/esbozodeportivo.com\/#\/schema\/person\/0f6df9196dfe6740dd0bb31bae50d374\"},\"headline\":\"La cantante Karol G estar\u00e1 en inicio de temporada de la NFL\",\"datePublished\":\"2025-08-15T06:10:43+00:00\",\"dateModified\":\"2025-08-15T06:10:44+00:00\",\"mainEntityOfPage\":{\"@id\":\"https:\/\/esbozodeportivo.com\/index.php\/2025\/08\/15\/la-cantante-karol-g-estara-en-inicio-de-temporada-de-la-nfl\/\"},\"wordCount\":493,\"publisher\":{\"@id\":\"https:\/\/esbozodeportivo.com\/#organization\"},\"image\":{\"@id\":\"https:\/\/esbozodeportivo.com\/index.php\/2025\/08\/15\/la-cantante-karol-g-estara-en-inicio-de-temporada-de-la-nfl\/#primaryimage\"},\"thumbnailUrl\":\"https:\/\/esbozodeportivo.com\/wp-content\/uploads\/2025\/08\/Karol.jpg\",\"articleSection\":[\"NFL\"],\"inLanguage\":\"es\"},{\"@type\":\"WebPage\",\"@id\":\"https:\/\/esbozodeportivo.com\/index.php\/2025\/08\/15\/la-cantante-karol-g-estara-en-inicio-de-temporada-de-la-nfl\/\",\"url\":\"https:\/\/esbozodeportivo.com\/index.php\/2025\/08\/15\/la-cantante-karol-g-estara-en-inicio-de-temporada-de-la-nfl\/\",\"name\":\"La cantante Karol G estar\u00e1 en inicio de temporada de la NFL - Esbozo Deportivo\",\"isPartOf\":{\"@id\":\"https:\/\/esbozodeportivo.com\/#website\"},\"primaryImageOfPage\":{\"@id\":\"https:\/\/esbozodeportivo.com\/index.php\/2025\/08\/15\/la-cantante-karol-g-estara-en-inicio-de-temporada-de-la-nfl\/#primaryimage\"},\"image\":{\"@id\":\"https:\/\/esbozodeportivo.com\/index.php\/2025\/08\/15\/la-cantante-karol-g-estara-en-inicio-de-temporada-de-la-nfl\/#primaryimage\"},\"thumbnailUrl\":\"https:\/\/esbozodeportivo.com\/wp-content\/uploads\/2025\/08\/Karol.jpg\",\"datePublished\":\"2025-08-15T06:10:43+00:00\",\"dateModified\":\"2025-08-15T06:10:44+00:00\",\"description\":\"La m\u00fasica galardonada con un Grammy encabezar\u00e1 un espect\u00e1culo de medio tiempo durante la primera transmisi\u00f3n exclusiva de la NFL en YouTube el pr\u00f3ximo mes, que se podr\u00e1 ver en vivo desde el Arena Corinthians en S\u00e3o Paulo, Brasil, el 5 de septiembre. Ese es el enfrentamiento de la semana uno de la NFL entre los Chargers de Los Angeles y los Chiefs de Kansas City, ganadores de la AFC.\",\"breadcrumb\":{\"@id\":\"https:\/\/esbozodeportivo.com\/index.php\/2025\/08\/15\/la-cantante-karol-g-estara-en-inicio-de-temporada-de-la-nfl\/#breadcrumb\"},\"inLanguage\":\"es\",\"potentialAction\":[{\"@type\":\"ReadAction\",\"target\":[\"https:\/\/esbozodeportivo.com\/index.php\/2025\/08\/15\/la-cantante-karol-g-estara-en-inicio-de-temporada-de-la-nfl\/\"]}]},{\"@type\":\"ImageObject\",\"inLanguage\":\"es\",\"@id\":\"https:\/\/esbozodeportivo.com\/index.php\/2025\/08\/15\/la-cantante-karol-g-estara-en-inicio-de-temporada-de-la-nfl\/#primaryimage\",\"url\":\"https:\/\/esbozodeportivo.com\/wp-content\/uploads\/2025\/08\/Karol.jpg\",\"contentUrl\":\"https:\/\/esbozodeportivo.com\/wp-content\/uploads\/2025\/08\/Karol.jpg\",\"width\":1120,\"height\":581},{\"@type\":\"BreadcrumbList\",\"@id\":\"https:\/\/esbozodeportivo.com\/index.php\/2025\/08\/15\/la-cantante-karol-g-estara-en-inicio-de-temporada-de-la-nfl\/#breadcrumb\",\"itemListElement\":[{\"@type\":\"ListItem\",\"position\":1,\"name\":\"Inicio\",\"item\":\"https:\/\/esbozodeportivo.com\/\"},{\"@type\":\"ListItem\",\"position\":2,\"name\":\"La cantante Karol G estar\u00e1 en inicio de temporada de la NFL\"}]},{\"@type\":\"WebSite\",\"@id\":\"https:\/\/esbozodeportivo.com\/#website\",\"url\":\"https:\/\/esbozodeportivo.com\/\",\"name\":\"Esbozo Deportivo\",\"description\":\"Lo m\u00e1s importante del Deporte\",\"publisher\":{\"@id\":\"https:\/\/esbozodeportivo.com\/#organization\"},\"potentialAction\":[{\"@type\":\"SearchAction\",\"target\":{\"@type\":\"EntryPoint\",\"urlTemplate\":\"https:\/\/esbozodeportivo.com\/?s={search_term_string}\"},\"query-input\":{\"@type\":\"PropertyValueSpecification\",\"valueRequired\":true,\"valueName\":\"search_term_string\"}}],\"inLanguage\":\"es\"},{\"@type\":\"Organization\",\"@id\":\"https:\/\/esbozodeportivo.com\/#organization\",\"name\":\"Esbozo Deportivo\",\"url\":\"https:\/\/esbozodeportivo.com\/\",\"logo\":{\"@type\":\"ImageObject\",\"inLanguage\":\"es\",\"@id\":\"https:\/\/esbozodeportivo.com\/#\/schema\/logo\/image\/\",\"url\":\"https:\/\/esbozodeportivo.com\/wp-content\/uploads\/2022\/08\/cropped-Logo-Esbozo-Web-2.png\",\"contentUrl\":\"https:\/\/esbozodeportivo.com\/wp-content\/uploads\/2022\/08\/cropped-Logo-Esbozo-Web-2.png\",\"width\":180,\"height\":50,\"caption\":\"Esbozo Deportivo\"},\"image\":{\"@id\":\"https:\/\/esbozodeportivo.com\/#\/schema\/logo\/image\/\"}},{\"@type\":\"Person\",\"@id\":\"https:\/\/esbozodeportivo.com\/#\/schema\/person\/0f6df9196dfe6740dd0bb31bae50d374\",\"name\":\"Redacci\u00f3n\",\"image\":{\"@type\":\"ImageObject\",\"inLanguage\":\"es\",\"@id\":\"https:\/\/esbozodeportivo.com\/#\/schema\/person\/image\/\",\"url\":\"https:\/\/secure.gravatar.com\/avatar\/f55268a89c3b418f2ef172ff52ab0d09b3e653c58de29539fe329fb93d78ebf3?s=96&d=mm&r=g\",\"contentUrl\":\"https:\/\/secure.gravatar.com\/avatar\/f55268a89c3b418f2ef172ff52ab0d09b3e653c58de29539fe329fb93d78ebf3?s=96&d=mm&r=g\",\"caption\":\"Redacci\u00f3n\"},\"url\":\"https:\/\/esbozodeportivo.com\/index.php\/author\/redaccion\/\"}]}<\/script>\n<!-- \/ Yoast SEO plugin. -->","yoast_head_json":{"title":"La cantante Karol G estar\u00e1 en inicio de temporada de la NFL - Esbozo Deportivo","description":"La m\u00fasica galardonada con un Grammy encabezar\u00e1 un espect\u00e1culo de medio tiempo durante la primera transmisi\u00f3n exclusiva de la NFL en YouTube el pr\u00f3ximo mes, que se podr\u00e1 ver en vivo desde el Arena Corinthians en S\u00e3o Paulo, Brasil, el 5 de septiembre. Ese es el enfrentamiento de la semana uno de la NFL entre los Chargers de Los Angeles y los Chiefs de Kansas City, ganadores de la AFC.","robots":{"index":"index","follow":"follow","max-snippet":"max-snippet:-1","max-image-preview":"max-image-preview:large","max-video-preview":"max-video-preview:-1"},"canonical":"https:\/\/esbozodeportivo.com\/index.php\/2025\/08\/15\/la-cantante-karol-g-estara-en-inicio-de-temporada-de-la-nfl\/","og_locale":"es_MX","og_type":"article","og_title":"La cantante Karol G estar\u00e1 en inicio de temporada de la NFL - Esbozo Deportivo","og_description":"La m\u00fasica galardonada con un Grammy encabezar\u00e1 un espect\u00e1culo de medio tiempo durante la primera transmisi\u00f3n exclusiva de la NFL en YouTube el pr\u00f3ximo mes, que se podr\u00e1 ver en vivo desde el Arena Corinthians en S\u00e3o Paulo, Brasil, el 5 de septiembre. Ese es el enfrentamiento de la semana uno de la NFL entre los Chargers de Los Angeles y los Chiefs de Kansas City, ganadores de la AFC.","og_url":"https:\/\/esbozodeportivo.com\/index.php\/2025\/08\/15\/la-cantante-karol-g-estara-en-inicio-de-temporada-de-la-nfl\/","og_site_name":"Esbozo Deportivo","article_published_time":"2025-08-15T06:10:43+00:00","article_modified_time":"2025-08-15T06:10:44+00:00","og_image":[{"width":1120,"height":581,"url":"https:\/\/esbozodeportivo.com\/wp-content\/uploads\/2025\/08\/Karol.jpg","type":"image\/jpeg"}],"author":"Redacci\u00f3n","twitter_card":"summary_large_image","twitter_misc":{"Escrito por":"Redacci\u00f3n","Tiempo de lectura":"3 minutos"},"schema":{"@context":"https:\/\/schema.org","@graph":[{"@type":"Article","@id":"https:\/\/esbozodeportivo.com\/index.php\/2025\/08\/15\/la-cantante-karol-g-estara-en-inicio-de-temporada-de-la-nfl\/#article","isPartOf":{"@id":"https:\/\/esbozodeportivo.com\/index.php\/2025\/08\/15\/la-cantante-karol-g-estara-en-inicio-de-temporada-de-la-nfl\/"},"author":{"name":"Redacci\u00f3n","@id":"https:\/\/esbozodeportivo.com\/#\/schema\/person\/0f6df9196dfe6740dd0bb31bae50d374"},"headline":"La cantante Karol G estar\u00e1 en inicio de temporada de la NFL","datePublished":"2025-08-15T06:10:43+00:00","dateModified":"2025-08-15T06:10:44+00:00","mainEntityOfPage":{"@id":"https:\/\/esbozodeportivo.com\/index.php\/2025\/08\/15\/la-cantante-karol-g-estara-en-inicio-de-temporada-de-la-nfl\/"},"wordCount":493,"publisher":{"@id":"https:\/\/esbozodeportivo.com\/#organization"},"image":{"@id":"https:\/\/esbozodeportivo.com\/index.php\/2025\/08\/15\/la-cantante-karol-g-estara-en-inicio-de-temporada-de-la-nfl\/#primaryimage"},"thumbnailUrl":"https:\/\/esbozodeportivo.com\/wp-content\/uploads\/2025\/08\/Karol.jpg","articleSection":["NFL"],"inLanguage":"es"},{"@type":"WebPage","@id":"https:\/\/esbozodeportivo.com\/index.php\/2025\/08\/15\/la-cantante-karol-g-estara-en-inicio-de-temporada-de-la-nfl\/","url":"https:\/\/esbozodeportivo.com\/index.php\/2025\/08\/15\/la-cantante-karol-g-estara-en-inicio-de-temporada-de-la-nfl\/","name":"La cantante Karol G estar\u00e1 en inicio de temporada de la NFL - Esbozo Deportivo","isPartOf":{"@id":"https:\/\/esbozodeportivo.com\/#website"},"primaryImageOfPage":{"@id":"https:\/\/esbozodeportivo.com\/index.php\/2025\/08\/15\/la-cantante-karol-g-estara-en-inicio-de-temporada-de-la-nfl\/#primaryimage"},"image":{"@id":"https:\/\/esbozodeportivo.com\/index.php\/2025\/08\/15\/la-cantante-karol-g-estara-en-inicio-de-temporada-de-la-nfl\/#primaryimage"},"thumbnailUrl":"https:\/\/esbozodeportivo.com\/wp-content\/uploads\/2025\/08\/Karol.jpg","datePublished":"2025-08-15T06:10:43+00:00","dateModified":"2025-08-15T06:10:44+00:00","description":"La m\u00fasica galardonada con un Grammy encabezar\u00e1 un espect\u00e1culo de medio tiempo durante la primera transmisi\u00f3n exclusiva de la NFL en YouTube el pr\u00f3ximo mes, que se podr\u00e1 ver en vivo desde el Arena Corinthians en S\u00e3o Paulo, Brasil, el 5 de septiembre. Ese es el enfrentamiento de la semana uno de la NFL entre los Chargers de Los Angeles y los Chiefs de Kansas City, ganadores de la AFC.","breadcrumb":{"@id":"https:\/\/esbozodeportivo.com\/index.php\/2025\/08\/15\/la-cantante-karol-g-estara-en-inicio-de-temporada-de-la-nfl\/#breadcrumb"},"inLanguage":"es","potentialAction":[{"@type":"ReadAction","target":["https:\/\/esbozodeportivo.com\/index.php\/2025\/08\/15\/la-cantante-karol-g-estara-en-inicio-de-temporada-de-la-nfl\/"]}]},{"@type":"ImageObject","inLanguage":"es","@id":"https:\/\/esbozodeportivo.com\/index.php\/2025\/08\/15\/la-cantante-karol-g-estara-en-inicio-de-temporada-de-la-nfl\/#primaryimage","url":"https:\/\/esbozodeportivo.com\/wp-content\/uploads\/2025\/08\/Karol.jpg","contentUrl":"https:\/\/esbozodeportivo.com\/wp-content\/uploads\/2025\/08\/Karol.jpg","width":1120,"height":581},{"@type":"BreadcrumbList","@id":"https:\/\/esbozodeportivo.com\/index.php\/2025\/08\/15\/la-cantante-karol-g-estara-en-inicio-de-temporada-de-la-nfl\/#breadcrumb","itemListElement":[{"@type":"ListItem","position":1,"name":"Inicio","item":"https:\/\/esbozodeportivo.com\/"},{"@type":"ListItem","position":2,"name":"La cantante Karol G estar\u00e1 en inicio de temporada de la NFL"}]},{"@type":"WebSite","@id":"https:\/\/esbozodeportivo.com\/#website","url":"https:\/\/esbozodeportivo.com\/","name":"Esbozo Deportivo","description":"Lo m\u00e1s importante del Deporte","publisher":{"@id":"https:\/\/esbozodeportivo.com\/#organization"},"potentialAction":[{"@type":"SearchAction","target":{"@type":"EntryPoint","urlTemplate":"https:\/\/esbozodeportivo.com\/?s={search_term_string}"},"query-input":{"@type":"PropertyValueSpecification","valueRequired":true,"valueName":"search_term_string"}}],"inLanguage":"es"},{"@type":"Organization","@id":"https:\/\/esbozodeportivo.com\/#organization","name":"Esbozo Deportivo","url":"https:\/\/esbozodeportivo.com\/","logo":{"@type":"ImageObject","inLanguage":"es","@id":"https:\/\/esbozodeportivo.com\/#\/schema\/logo\/image\/","url":"https:\/\/esbozodeportivo.com\/wp-content\/uploads\/2022\/08\/cropped-Logo-Esbozo-Web-2.png","contentUrl":"https:\/\/esbozodeportivo.com\/wp-content\/uploads\/2022\/08\/cropped-Logo-Esbozo-Web-2.png","width":180,"height":50,"caption":"Esbozo Deportivo"},"image":{"@id":"https:\/\/esbozodeportivo.com\/#\/schema\/logo\/image\/"}},{"@type":"Person","@id":"https:\/\/esbozodeportivo.com\/#\/schema\/person\/0f6df9196dfe6740dd0bb31bae50d374","name":"Redacci\u00f3n","image":{"@type":"ImageObject","inLanguage":"es","@id":"https:\/\/esbozodeportivo.com\/#\/schema\/person\/image\/","url":"https:\/\/secure.gravatar.com\/avatar\/f55268a89c3b418f2ef172ff52ab0d09b3e653c58de29539fe329fb93d78ebf3?s=96&d=mm&r=g","contentUrl":"https:\/\/secure.gravatar.com\/avatar\/f55268a89c3b418f2ef172ff52ab0d09b3e653c58de29539fe329fb93d78ebf3?s=96&d=mm&r=g","caption":"Redacci\u00f3n"},"url":"https:\/\/esbozodeportivo.com\/index.php\/author\/redaccion\/"}]}},"jetpack_featured_media_url":"https:\/\/esbozodeportivo.com\/wp-content\/uploads\/2025\/08\/Karol.jpg","jetpack_sharing_enabled":true,"_links":{"self":[{"href":"https:\/\/esbozodeportivo.com\/index.php\/wp-json\/wp\/v2\/posts\/9018","targetHints":{"allow":["GET"]}}],"collection":[{"href":"https:\/\/esbozodeportivo.com\/index.php\/wp-json\/wp\/v2\/posts"}],"about":[{"href":"https:\/\/esbozodeportivo.com\/index.php\/wp-json\/wp\/v2\/types\/post"}],"author":[{"embeddable":true,"href":"https:\/\/esbozodeportivo.com\/index.php\/wp-json\/wp\/v2\/users\/4"}],"replies":[{"embeddable":true,"href":"https:\/\/esbozodeportivo.com\/index.php\/wp-json\/wp\/v2\/comments?post=9018"}],"version-history":[{"count":1,"href":"https:\/\/esbozodeportivo.com\/index.php\/wp-json\/wp\/v2\/posts\/9018\/revisions"}],"predecessor-version":[{"id":9019,"href":"https:\/\/esbozodeportivo.com\/index.php\/wp-json\/wp\/v2\/posts\/9018\/revisions\/9019"}],"wp:featuredmedia":[{"embeddable":true,"href":"https:\/\/esbozodeportivo.com\/index.php\/wp-json\/wp\/v2\/media\/9014"}],"wp:attachment":[{"href":"https:\/\/esbozodeportivo.com\/index.php\/wp-json\/wp\/v2\/media?parent=9018"}],"wp:term":[{"taxonomy":"category","embeddable":true,"href":"https:\/\/esbozodeportivo.com\/index.php\/wp-json\/wp\/v2\/categories?post=9018"},{"taxonomy":"post_tag","embeddable":true,"href":"https:\/\/esbozodeportivo.com\/index.php\/wp-json\/wp\/v2\/tags?post=9018"}],"curies":[{"name":"wp","href":"https:\/\/api.w.org\/{rel}","templated":true}]}}