{"id":9020,"date":"2025-08-15T00:12:36","date_gmt":"2025-08-15T06:12:36","guid":{"rendered":"https:\/\/esbozodeportivo.com\/?p=9020"},"modified":"2025-08-15T00:12:37","modified_gmt":"2025-08-15T06:12:37","slug":"pat-riley-sera-homenajeado-por-los-lakers","status":"publish","type":"post","link":"https:\/\/esbozodeportivo.com\/index.php\/2025\/08\/15\/pat-riley-sera-homenajeado-por-los-lakers\/","title":{"rendered":"Pat Riley, ser\u00e1 homenajeado por los Lakers"},"content":{"rendered":"\n<p>(Foto: Agencias) <\/p>\n\n\n\n<p>Los <strong>Lakers de Los \u00c1ngeles<\/strong> develar\u00e1 una estatua del exentrenador <strong>Pat Riley <\/strong>el <strong>22 de febrero<\/strong>, cuando el miembro del Sal\u00f3n de la Fama se una a las leyendas del equipo como <strong>Kareem Abdul-Jabbar, Magic Johnson y Kobe Bryant<\/strong> en bronce fuera de su arena en el centro de la ciudad.<\/p>\n\n\n\n<p><strong>Riley <\/strong>entren\u00f3 a los <strong>Lakers<\/strong> desde 1981 hasta 1990 durante la era \u201cShowtime\u201d del equipo y gan\u00f3 cuatro campeonatos de la <strong>NBA<\/strong> (1982, 1985, 1987, 1988). Lider\u00f3 a los <strong>Lakers<\/strong> a trav\u00e9s de una de las eras m\u00e1s importantes para cualquier equipo en la historia de la <strong>NBA<\/strong>. Con <strong>Johnson y Abdul-Jabbar<\/strong> liderando un emocionante plantel con una innovadora ofensiva de contraataque, los <strong>Lakers<\/strong> lograron un r\u00e9cord de 533-194 (.733) durante el mandato de <strong>Riley<\/strong> y sumaron 102 victorias en playoffs en nueve temporadas.<\/p>\n\n\n\n<p>Los <strong>Lakers<\/strong> ganaron al menos 50 juegos en cada una de sus nueve temporadas como entrenador y ganaron al menos 60 juegos en cinco temporadas consecutivas. Fue nombrado Entrenador del A\u00f1o de la <strong>NBA<\/strong> con los <strong>Lakers<\/strong> en 1989-90.<\/p>\n\n\n\n<p>Jug\u00f3 para <strong>Los \u00c1ngeles<\/strong> desde 1970 hasta 1975, y fue comentarista del equipo antes de convertirse en asistente de <strong>Paul Westhead<\/strong> en 1979. <strong>Riley<\/strong> fue parte del equipo de 1971-72 que gan\u00f3 un r\u00e9cord de liga de 33 juegos consecutivos y gan\u00f3 el campeonato de la <strong>NBA.<\/strong><\/p>\n\n\n\n<p><strong>Riley,<\/strong> de 80 a\u00f1os, tambi\u00e9n entren\u00f3 a los <strong>Knicks de Nueva York<\/strong> y al <strong>Heat de Miami.<\/strong> Gan\u00f3 otro campeonato como entrenador con el Heat en 2006 y ahora se desempe\u00f1a como presidente del equipo.<\/p>\n\n\n\n<p>La temporada pasada, el <strong>Hea<\/strong>t nombr\u00f3 la cancha de su arena en el centro de la ciudad en honor a <strong>Riley<\/strong> en una ceremonia a la que asistieron muchos de sus exjugadores.<\/p>\n\n\n\n<p><strong>Riley <\/strong>se convertir\u00e1 en la octava luminaria de los <strong>Lakers<\/strong> en ser honrada con una estatua en <strong>Star Plaza<\/strong>, que se ha convertido en una atracci\u00f3n tur\u00edstica popular para los fan\u00e1ticos de la franquicia de fama mundial. Los otros son <strong>Abdul-Jabbar, Johnson, Bryant, Elgin Baylor, Jerry West, Shaquille O\u2019Neal<\/strong> y el comentarista <strong>Chick Hearn.<\/strong><\/p>\n\n\n\n<p><\/p>\n","protected":false},"excerpt":{"rendered":"<p>(Foto: Agencias) Los Lakers de Los \u00c1ngeles develar\u00e1 una estatua del exentrenador Pat Riley el<\/p>\n","protected":false},"author":4,"featured_media":9015,"comment_status":"closed","ping_status":"open","sticky":false,"template":"","format":"standard","meta":{"_jetpack_memberships_contains_paid_content":false,"footnotes":""},"categories":[21],"tags":[],"class_list":["post-9020","post","type-post","status-publish","format-standard","has-post-thumbnail","hentry","category-baloncesto"],"yoast_head":"<!-- This site is optimized with the Yoast SEO plugin v25.7 - https:\/\/yoast.com\/wordpress\/plugins\/seo\/ -->\n<title>Pat Riley, ser\u00e1 homenajeado por los Lakers - Esbozo Deportivo<\/title>\n<meta name=\"description\" content=\"Los Lakers de Los \u00c1ngeles develar\u00e1 una estatua del exentrenador Pat Riley el 22 de febrero, cuando el miembro del Sal\u00f3n de la Fama se una a las leyendas del equipo como Kareem Abdul-Jabbar, Magic Johnson y Kobe Bryant en bronce fuera de su arena en el centro de la ciudad.\" \/>\n<meta name=\"robots\" content=\"index, follow, max-snippet:-1, max-image-preview:large, max-video-preview:-1\" \/>\n<link rel=\"canonical\" href=\"https:\/\/esbozodeportivo.com\/index.php\/2025\/08\/15\/pat-riley-sera-homenajeado-por-los-lakers\/\" \/>\n<meta property=\"og:locale\" content=\"es_MX\" \/>\n<meta property=\"og:type\" content=\"article\" \/>\n<meta property=\"og:title\" content=\"Pat Riley, ser\u00e1 homenajeado por los Lakers - Esbozo Deportivo\" \/>\n<meta property=\"og:description\" content=\"Los Lakers de Los \u00c1ngeles develar\u00e1 una estatua del exentrenador Pat Riley el 22 de febrero, cuando el miembro del Sal\u00f3n de la Fama se una a las leyendas del equipo como Kareem Abdul-Jabbar, Magic Johnson y Kobe Bryant en bronce fuera de su arena en el centro de la ciudad.\" \/>\n<meta property=\"og:url\" content=\"https:\/\/esbozodeportivo.com\/index.php\/2025\/08\/15\/pat-riley-sera-homenajeado-por-los-lakers\/\" \/>\n<meta property=\"og:site_name\" content=\"Esbozo Deportivo\" \/>\n<meta property=\"article:published_time\" content=\"2025-08-15T06:12:36+00:00\" \/>\n<meta property=\"article:modified_time\" content=\"2025-08-15T06:12:37+00:00\" \/>\n<meta property=\"og:image\" content=\"https:\/\/esbozodeportivo.com\/wp-content\/uploads\/2025\/08\/NBA.jpg\" \/>\n\t<meta property=\"og:image:width\" content=\"928\" \/>\n\t<meta property=\"og:image:height\" content=\"522\" \/>\n\t<meta property=\"og:image:type\" content=\"image\/jpeg\" \/>\n<meta name=\"author\" content=\"Redacci\u00f3n\" \/>\n<meta name=\"twitter:card\" content=\"summary_large_image\" \/>\n<meta name=\"twitter:label1\" content=\"Escrito por\" \/>\n\t<meta name=\"twitter:data1\" content=\"Redacci\u00f3n\" \/>\n\t<meta name=\"twitter:label2\" content=\"Tiempo de lectura\" \/>\n\t<meta name=\"twitter:data2\" content=\"2 minutos\" \/>\n<script type=\"application\/ld+json\" class=\"yoast-schema-graph\">{\"@context\":\"https:\/\/schema.org\",\"@graph\":[{\"@type\":\"Article\",\"@id\":\"https:\/\/esbozodeportivo.com\/index.php\/2025\/08\/15\/pat-riley-sera-homenajeado-por-los-lakers\/#article\",\"isPartOf\":{\"@id\":\"https:\/\/esbozodeportivo.com\/index.php\/2025\/08\/15\/pat-riley-sera-homenajeado-por-los-lakers\/\"},\"author\":{\"name\":\"Redacci\u00f3n\",\"@id\":\"https:\/\/esbozodeportivo.com\/#\/schema\/person\/0f6df9196dfe6740dd0bb31bae50d374\"},\"headline\":\"Pat Riley, ser\u00e1 homenajeado por los Lakers\",\"datePublished\":\"2025-08-15T06:12:36+00:00\",\"dateModified\":\"2025-08-15T06:12:37+00:00\",\"mainEntityOfPage\":{\"@id\":\"https:\/\/esbozodeportivo.com\/index.php\/2025\/08\/15\/pat-riley-sera-homenajeado-por-los-lakers\/\"},\"wordCount\":347,\"publisher\":{\"@id\":\"https:\/\/esbozodeportivo.com\/#organization\"},\"image\":{\"@id\":\"https:\/\/esbozodeportivo.com\/index.php\/2025\/08\/15\/pat-riley-sera-homenajeado-por-los-lakers\/#primaryimage\"},\"thumbnailUrl\":\"https:\/\/esbozodeportivo.com\/wp-content\/uploads\/2025\/08\/NBA.jpg\",\"articleSection\":[\"NBA\"],\"inLanguage\":\"es\"},{\"@type\":\"WebPage\",\"@id\":\"https:\/\/esbozodeportivo.com\/index.php\/2025\/08\/15\/pat-riley-sera-homenajeado-por-los-lakers\/\",\"url\":\"https:\/\/esbozodeportivo.com\/index.php\/2025\/08\/15\/pat-riley-sera-homenajeado-por-los-lakers\/\",\"name\":\"Pat Riley, ser\u00e1 homenajeado por los Lakers - Esbozo Deportivo\",\"isPartOf\":{\"@id\":\"https:\/\/esbozodeportivo.com\/#website\"},\"primaryImageOfPage\":{\"@id\":\"https:\/\/esbozodeportivo.com\/index.php\/2025\/08\/15\/pat-riley-sera-homenajeado-por-los-lakers\/#primaryimage\"},\"image\":{\"@id\":\"https:\/\/esbozodeportivo.com\/index.php\/2025\/08\/15\/pat-riley-sera-homenajeado-por-los-lakers\/#primaryimage\"},\"thumbnailUrl\":\"https:\/\/esbozodeportivo.com\/wp-content\/uploads\/2025\/08\/NBA.jpg\",\"datePublished\":\"2025-08-15T06:12:36+00:00\",\"dateModified\":\"2025-08-15T06:12:37+00:00\",\"description\":\"Los Lakers de Los \u00c1ngeles develar\u00e1 una estatua del exentrenador Pat Riley el 22 de febrero, cuando el miembro del Sal\u00f3n de la Fama se una a las leyendas del equipo como Kareem Abdul-Jabbar, Magic Johnson y Kobe Bryant en bronce fuera de su arena en el centro de la ciudad.\",\"breadcrumb\":{\"@id\":\"https:\/\/esbozodeportivo.com\/index.php\/2025\/08\/15\/pat-riley-sera-homenajeado-por-los-lakers\/#breadcrumb\"},\"inLanguage\":\"es\",\"potentialAction\":[{\"@type\":\"ReadAction\",\"target\":[\"https:\/\/esbozodeportivo.com\/index.php\/2025\/08\/15\/pat-riley-sera-homenajeado-por-los-lakers\/\"]}]},{\"@type\":\"ImageObject\",\"inLanguage\":\"es\",\"@id\":\"https:\/\/esbozodeportivo.com\/index.php\/2025\/08\/15\/pat-riley-sera-homenajeado-por-los-lakers\/#primaryimage\",\"url\":\"https:\/\/esbozodeportivo.com\/wp-content\/uploads\/2025\/08\/NBA.jpg\",\"contentUrl\":\"https:\/\/esbozodeportivo.com\/wp-content\/uploads\/2025\/08\/NBA.jpg\",\"width\":928,\"height\":522},{\"@type\":\"BreadcrumbList\",\"@id\":\"https:\/\/esbozodeportivo.com\/index.php\/2025\/08\/15\/pat-riley-sera-homenajeado-por-los-lakers\/#breadcrumb\",\"itemListElement\":[{\"@type\":\"ListItem\",\"position\":1,\"name\":\"Inicio\",\"item\":\"https:\/\/esbozodeportivo.com\/\"},{\"@type\":\"ListItem\",\"position\":2,\"name\":\"Pat Riley, ser\u00e1 homenajeado por los Lakers\"}]},{\"@type\":\"WebSite\",\"@id\":\"https:\/\/esbozodeportivo.com\/#website\",\"url\":\"https:\/\/esbozodeportivo.com\/\",\"name\":\"Esbozo Deportivo\",\"description\":\"Lo m\u00e1s importante del Deporte\",\"publisher\":{\"@id\":\"https:\/\/esbozodeportivo.com\/#organization\"},\"potentialAction\":[{\"@type\":\"SearchAction\",\"target\":{\"@type\":\"EntryPoint\",\"urlTemplate\":\"https:\/\/esbozodeportivo.com\/?s={search_term_string}\"},\"query-input\":{\"@type\":\"PropertyValueSpecification\",\"valueRequired\":true,\"valueName\":\"search_term_string\"}}],\"inLanguage\":\"es\"},{\"@type\":\"Organization\",\"@id\":\"https:\/\/esbozodeportivo.com\/#organization\",\"name\":\"Esbozo Deportivo\",\"url\":\"https:\/\/esbozodeportivo.com\/\",\"logo\":{\"@type\":\"ImageObject\",\"inLanguage\":\"es\",\"@id\":\"https:\/\/esbozodeportivo.com\/#\/schema\/logo\/image\/\",\"url\":\"https:\/\/esbozodeportivo.com\/wp-content\/uploads\/2022\/08\/cropped-Logo-Esbozo-Web-2.png\",\"contentUrl\":\"https:\/\/esbozodeportivo.com\/wp-content\/uploads\/2022\/08\/cropped-Logo-Esbozo-Web-2.png\",\"width\":180,\"height\":50,\"caption\":\"Esbozo Deportivo\"},\"image\":{\"@id\":\"https:\/\/esbozodeportivo.com\/#\/schema\/logo\/image\/\"}},{\"@type\":\"Person\",\"@id\":\"https:\/\/esbozodeportivo.com\/#\/schema\/person\/0f6df9196dfe6740dd0bb31bae50d374\",\"name\":\"Redacci\u00f3n\",\"image\":{\"@type\":\"ImageObject\",\"inLanguage\":\"es\",\"@id\":\"https:\/\/esbozodeportivo.com\/#\/schema\/person\/image\/\",\"url\":\"https:\/\/secure.gravatar.com\/avatar\/f55268a89c3b418f2ef172ff52ab0d09b3e653c58de29539fe329fb93d78ebf3?s=96&d=mm&r=g\",\"contentUrl\":\"https:\/\/secure.gravatar.com\/avatar\/f55268a89c3b418f2ef172ff52ab0d09b3e653c58de29539fe329fb93d78ebf3?s=96&d=mm&r=g\",\"caption\":\"Redacci\u00f3n\"},\"url\":\"https:\/\/esbozodeportivo.com\/index.php\/author\/redaccion\/\"}]}<\/script>\n<!-- \/ Yoast SEO plugin. -->","yoast_head_json":{"title":"Pat Riley, ser\u00e1 homenajeado por los Lakers - Esbozo Deportivo","description":"Los Lakers de Los \u00c1ngeles develar\u00e1 una estatua del exentrenador Pat Riley el 22 de febrero, cuando el miembro del Sal\u00f3n de la Fama se una a las leyendas del equipo como Kareem Abdul-Jabbar, Magic Johnson y Kobe Bryant en bronce fuera de su arena en el centro de la ciudad.","robots":{"index":"index","follow":"follow","max-snippet":"max-snippet:-1","max-image-preview":"max-image-preview:large","max-video-preview":"max-video-preview:-1"},"canonical":"https:\/\/esbozodeportivo.com\/index.php\/2025\/08\/15\/pat-riley-sera-homenajeado-por-los-lakers\/","og_locale":"es_MX","og_type":"article","og_title":"Pat Riley, ser\u00e1 homenajeado por los Lakers - Esbozo Deportivo","og_description":"Los Lakers de Los \u00c1ngeles develar\u00e1 una estatua del exentrenador Pat Riley el 22 de febrero, cuando el miembro del Sal\u00f3n de la Fama se una a las leyendas del equipo como Kareem Abdul-Jabbar, Magic Johnson y Kobe Bryant en bronce fuera de su arena en el centro de la ciudad.","og_url":"https:\/\/esbozodeportivo.com\/index.php\/2025\/08\/15\/pat-riley-sera-homenajeado-por-los-lakers\/","og_site_name":"Esbozo Deportivo","article_published_time":"2025-08-15T06:12:36+00:00","article_modified_time":"2025-08-15T06:12:37+00:00","og_image":[{"width":928,"height":522,"url":"https:\/\/esbozodeportivo.com\/wp-content\/uploads\/2025\/08\/NBA.jpg","type":"image\/jpeg"}],"author":"Redacci\u00f3n","twitter_card":"summary_large_image","twitter_misc":{"Escrito por":"Redacci\u00f3n","Tiempo de lectura":"2 minutos"},"schema":{"@context":"https:\/\/schema.org","@graph":[{"@type":"Article","@id":"https:\/\/esbozodeportivo.com\/index.php\/2025\/08\/15\/pat-riley-sera-homenajeado-por-los-lakers\/#article","isPartOf":{"@id":"https:\/\/esbozodeportivo.com\/index.php\/2025\/08\/15\/pat-riley-sera-homenajeado-por-los-lakers\/"},"author":{"name":"Redacci\u00f3n","@id":"https:\/\/esbozodeportivo.com\/#\/schema\/person\/0f6df9196dfe6740dd0bb31bae50d374"},"headline":"Pat Riley, ser\u00e1 homenajeado por los Lakers","datePublished":"2025-08-15T06:12:36+00:00","dateModified":"2025-08-15T06:12:37+00:00","mainEntityOfPage":{"@id":"https:\/\/esbozodeportivo.com\/index.php\/2025\/08\/15\/pat-riley-sera-homenajeado-por-los-lakers\/"},"wordCount":347,"publisher":{"@id":"https:\/\/esbozodeportivo.com\/#organization"},"image":{"@id":"https:\/\/esbozodeportivo.com\/index.php\/2025\/08\/15\/pat-riley-sera-homenajeado-por-los-lakers\/#primaryimage"},"thumbnailUrl":"https:\/\/esbozodeportivo.com\/wp-content\/uploads\/2025\/08\/NBA.jpg","articleSection":["NBA"],"inLanguage":"es"},{"@type":"WebPage","@id":"https:\/\/esbozodeportivo.com\/index.php\/2025\/08\/15\/pat-riley-sera-homenajeado-por-los-lakers\/","url":"https:\/\/esbozodeportivo.com\/index.php\/2025\/08\/15\/pat-riley-sera-homenajeado-por-los-lakers\/","name":"Pat Riley, ser\u00e1 homenajeado por los Lakers - Esbozo Deportivo","isPartOf":{"@id":"https:\/\/esbozodeportivo.com\/#website"},"primaryImageOfPage":{"@id":"https:\/\/esbozodeportivo.com\/index.php\/2025\/08\/15\/pat-riley-sera-homenajeado-por-los-lakers\/#primaryimage"},"image":{"@id":"https:\/\/esbozodeportivo.com\/index.php\/2025\/08\/15\/pat-riley-sera-homenajeado-por-los-lakers\/#primaryimage"},"thumbnailUrl":"https:\/\/esbozodeportivo.com\/wp-content\/uploads\/2025\/08\/NBA.jpg","datePublished":"2025-08-15T06:12:36+00:00","dateModified":"2025-08-15T06:12:37+00:00","description":"Los Lakers de Los \u00c1ngeles develar\u00e1 una estatua del exentrenador Pat Riley el 22 de febrero, cuando el miembro del Sal\u00f3n de la Fama se una a las leyendas del equipo como Kareem Abdul-Jabbar, Magic Johnson y Kobe Bryant en bronce fuera de su arena en el centro de la ciudad.","breadcrumb":{"@id":"https:\/\/esbozodeportivo.com\/index.php\/2025\/08\/15\/pat-riley-sera-homenajeado-por-los-lakers\/#breadcrumb"},"inLanguage":"es","potentialAction":[{"@type":"ReadAction","target":["https:\/\/esbozodeportivo.com\/index.php\/2025\/08\/15\/pat-riley-sera-homenajeado-por-los-lakers\/"]}]},{"@type":"ImageObject","inLanguage":"es","@id":"https:\/\/esbozodeportivo.com\/index.php\/2025\/08\/15\/pat-riley-sera-homenajeado-por-los-lakers\/#primaryimage","url":"https:\/\/esbozodeportivo.com\/wp-content\/uploads\/2025\/08\/NBA.jpg","contentUrl":"https:\/\/esbozodeportivo.com\/wp-content\/uploads\/2025\/08\/NBA.jpg","width":928,"height":522},{"@type":"BreadcrumbList","@id":"https:\/\/esbozodeportivo.com\/index.php\/2025\/08\/15\/pat-riley-sera-homenajeado-por-los-lakers\/#breadcrumb","itemListElement":[{"@type":"ListItem","position":1,"name":"Inicio","item":"https:\/\/esbozodeportivo.com\/"},{"@type":"ListItem","position":2,"name":"Pat Riley, ser\u00e1 homenajeado por los Lakers"}]},{"@type":"WebSite","@id":"https:\/\/esbozodeportivo.com\/#website","url":"https:\/\/esbozodeportivo.com\/","name":"Esbozo Deportivo","description":"Lo m\u00e1s importante del Deporte","publisher":{"@id":"https:\/\/esbozodeportivo.com\/#organization"},"potentialAction":[{"@type":"SearchAction","target":{"@type":"EntryPoint","urlTemplate":"https:\/\/esbozodeportivo.com\/?s={search_term_string}"},"query-input":{"@type":"PropertyValueSpecification","valueRequired":true,"valueName":"search_term_string"}}],"inLanguage":"es"},{"@type":"Organization","@id":"https:\/\/esbozodeportivo.com\/#organization","name":"Esbozo Deportivo","url":"https:\/\/esbozodeportivo.com\/","logo":{"@type":"ImageObject","inLanguage":"es","@id":"https:\/\/esbozodeportivo.com\/#\/schema\/logo\/image\/","url":"https:\/\/esbozodeportivo.com\/wp-content\/uploads\/2022\/08\/cropped-Logo-Esbozo-Web-2.png","contentUrl":"https:\/\/esbozodeportivo.com\/wp-content\/uploads\/2022\/08\/cropped-Logo-Esbozo-Web-2.png","width":180,"height":50,"caption":"Esbozo Deportivo"},"image":{"@id":"https:\/\/esbozodeportivo.com\/#\/schema\/logo\/image\/"}},{"@type":"Person","@id":"https:\/\/esbozodeportivo.com\/#\/schema\/person\/0f6df9196dfe6740dd0bb31bae50d374","name":"Redacci\u00f3n","image":{"@type":"ImageObject","inLanguage":"es","@id":"https:\/\/esbozodeportivo.com\/#\/schema\/person\/image\/","url":"https:\/\/secure.gravatar.com\/avatar\/f55268a89c3b418f2ef172ff52ab0d09b3e653c58de29539fe329fb93d78ebf3?s=96&d=mm&r=g","contentUrl":"https:\/\/secure.gravatar.com\/avatar\/f55268a89c3b418f2ef172ff52ab0d09b3e653c58de29539fe329fb93d78ebf3?s=96&d=mm&r=g","caption":"Redacci\u00f3n"},"url":"https:\/\/esbozodeportivo.com\/index.php\/author\/redaccion\/"}]}},"jetpack_featured_media_url":"https:\/\/esbozodeportivo.com\/wp-content\/uploads\/2025\/08\/NBA.jpg","jetpack_sharing_enabled":true,"_links":{"self":[{"href":"https:\/\/esbozodeportivo.com\/index.php\/wp-json\/wp\/v2\/posts\/9020","targetHints":{"allow":["GET"]}}],"collection":[{"href":"https:\/\/esbozodeportivo.com\/index.php\/wp-json\/wp\/v2\/posts"}],"about":[{"href":"https:\/\/esbozodeportivo.com\/index.php\/wp-json\/wp\/v2\/types\/post"}],"author":[{"embeddable":true,"href":"https:\/\/esbozodeportivo.com\/index.php\/wp-json\/wp\/v2\/users\/4"}],"replies":[{"embeddable":true,"href":"https:\/\/esbozodeportivo.com\/index.php\/wp-json\/wp\/v2\/comments?post=9020"}],"version-history":[{"count":1,"href":"https:\/\/esbozodeportivo.com\/index.php\/wp-json\/wp\/v2\/posts\/9020\/revisions"}],"predecessor-version":[{"id":9021,"href":"https:\/\/esbozodeportivo.com\/index.php\/wp-json\/wp\/v2\/posts\/9020\/revisions\/9021"}],"wp:featuredmedia":[{"embeddable":true,"href":"https:\/\/esbozodeportivo.com\/index.php\/wp-json\/wp\/v2\/media\/9015"}],"wp:attachment":[{"href":"https:\/\/esbozodeportivo.com\/index.php\/wp-json\/wp\/v2\/media?parent=9020"}],"wp:term":[{"taxonomy":"category","embeddable":true,"href":"https:\/\/esbozodeportivo.com\/index.php\/wp-json\/wp\/v2\/categories?post=9020"},{"taxonomy":"post_tag","embeddable":true,"href":"https:\/\/esbozodeportivo.com\/index.php\/wp-json\/wp\/v2\/tags?post=9020"}],"curies":[{"name":"wp","href":"https:\/\/api.w.org\/{rel}","templated":true}]}}