{"id":9024,"date":"2025-08-15T00:17:27","date_gmt":"2025-08-15T06:17:27","guid":{"rendered":"https:\/\/esbozodeportivo.com\/?p=9024"},"modified":"2025-08-15T00:17:28","modified_gmt":"2025-08-15T06:17:28","slug":"estadios-tendran-nombres-de-marcas-en-la-28","status":"publish","type":"post","link":"https:\/\/esbozodeportivo.com\/index.php\/2025\/08\/15\/estadios-tendran-nombres-de-marcas-en-la-28\/","title":{"rendered":"Estadios tendr\u00e1n nombres de marcas en LA 28"},"content":{"rendered":"\n<p>(Foto: Agencias) <\/p>\n\n\n\n<p>Los organizadores de los <strong>Juegos Ol\u00edmpicos de Los \u00c1ngeles<\/strong> vender\u00e1n los derechos sobre el nombre de algunos de sus recintos en acuerdos que se espera aporten varios millones de d\u00f3lares a las justas de verano de 2028, rompiendo as\u00ed la pol\u00edtica largamente sacrosanta del <strong>Comit\u00e9 Ol\u00edmpico Internacional<\/strong> de mantener los nombres de marcas fuera de sus arenas y estadios.<\/p>\n\n\n\n<p>El comit\u00e9 organizador anunci\u00f3 el hist\u00f3rico acuerdo el jueves al indicar que ya hab\u00eda contratos en vigor con dos de sus socios fundadores: <strong>Honda<\/strong>, due\u00f1o de los derechos de nombre para la arena en Anaheim que albergar\u00e1 el voleibol, y Comcast, que tendr\u00e1 su nombre en el recinto temporal que acoger\u00e1 el squash.<\/p>\n\n\n\n<p><strong>Casey Wasserman<\/strong>, presidente y <strong>CEO de LA28<\/strong>, afirm\u00f3 que los ingresos de los acuerdos superan lo que est\u00e1 en el actual presupuesto de <strong>6.900 millones<\/strong> de d\u00f3lares de <strong>Los \u00c1ngeles.<\/strong><\/p>\n\n\n\n<p>Describi\u00f3 el convenio como el tipo de acuerdo que cambia paradigmas y que <strong>Los \u00c1ngeles <\/strong>necesita m\u00e1s que otras ciudades anfitrionas porque, como es t\u00edpico en los <strong>Juegos Ol\u00edmpicos<\/strong> organizados por <strong>Estados Unidos<\/strong>, el costo principal de estas justas no est\u00e1 respaldado por fondos gubernamentales.<\/p>\n\n\n\n<p>\u201cSomos una empresa privada responsable de llevar a cabo estos juegos\u201d, dijo <strong>Wasserman<\/strong> en una entrevista con The Associated Press. \u201cEs mi trabajo presionar. Eso no significa que vayamos a ganar cada vez que presionemos, pero es nuestro trabajo siempre presionar porque nuestro contexto es bastante \u00fanico\u201d.<\/p>\n\n\n\n<p><strong>Wasserman<\/strong> dijo que tambi\u00e9n dedic\u00f3 tiempo a explicar a los miembros del COI c\u00f3mo los nombres de arenas y estadios son parte del l\u00e9xico en los deportes estadounidenses.<\/p>\n\n\n\n<p>\u201cLa gente conoce \u2018<strong>Crypto\u2019<\/strong> como <strong>\u2018Crypto\u2019<\/strong>, no lo conocen como \u2018la arena de gimnasia del centro\u2019\u201d, dijo <strong>Wasserman<\/strong> sobre el feudo de los <strong>Lakers<\/strong>, la <strong>Crypto.<\/strong>com Arena, que albergar\u00e1 gimnasia y boxeo en 2028.<\/p>\n\n\n\n<p>Podr\u00edan estar disponibles derechos para hasta 19 recintos temporales. Los patrocinadores m\u00e1s grandes del <strong>COI<\/strong>, llamados patrocinadores TOP, tendr\u00e1n la primera oportunidad de participar en los acuerdos. <strong>Wasserman<\/strong> dijo que no se renombrar\u00e1 ning\u00fan recinto, por lo que, por ejemplo, si los organizadores no llegan a un acuerdo con SoFi (ceremonias de apertura y clausura, nataci\u00f3n) o Intuit (baloncesto), ning\u00fan otro patrocinador podr\u00e1 poner su nombre en la arena.<\/p>\n\n\n\n<p>No se incluyen en este nuevo arreglo el <strong>Coliseo de Los \u00c1ngeles<\/strong>, el <strong>Rose Bowl<\/strong> y el <strong>Dodger Stadium<\/strong>, algunos de los recintos m\u00e1s ic\u00f3nicos de una ciudad que alberg\u00f3 los <strong>Juegos Ol\u00edmpicos en 1932 y 1984<\/strong>. Los organizadores dijeron que las reglas del <strong>COI<\/strong> que proh\u00edben la publicidad en el campo de juego seguir\u00e1n aplic\u00e1ndose.<\/p>\n\n\n\n<p>El acuerdo se suma a una lista creciente de adaptaciones impulsadas para <strong>Los \u00c1ngeles,<\/strong> que una vez m\u00e1s est\u00e1 lista para remodelar la marca ol\u00edmpica, de manera similar a como lo hizo en 1984.<\/p>\n\n\n\n<p>En 2017, la ciudad estaba compitiendo por los <strong>Juegos Ol\u00edmpicos de 2024<\/strong> contra <strong>Par\u00eds<\/strong>, pero acord\u00f3 en su lugar albergar los <strong>Juegos de 2028<\/strong>. Fue parte de un proceso de licitaci\u00f3n entonces inaudito que rescat\u00f3 al <strong>COI<\/strong> de la realidad de que las ciudades se estaban volviendo reacias a absorber el costo y el esfuerzo de postularse y albergar los <strong>Juegos de Verano<\/strong>.<\/p>\n\n\n\n<p>Los observadores ol\u00edmpicos consideraron que el regreso del s\u00f3ftbol y el b\u00e9isbol para 2028, junto con la introducci\u00f3n del f\u00fatbol bandera (con ayuda de la NFL) como cambios que quiz\u00e1s \u00fanicamente <strong>Los \u00c1ngeles<\/strong> podr\u00eda haber logrado.<\/p>\n\n\n\n<p><strong>Los \u00c1ngeles<\/strong> tambi\u00e9n har\u00e1 un cambio importante en la programaci\u00f3n de los <strong>Juegos Ol\u00edmpicos<\/strong>: el atletismo qued\u00f3 agendado para la semana de apertura de las justas y la nataci\u00f3n al final.<\/p>\n\n\n\n<p><strong>Wasserman<\/strong> dijo que la posici\u00f3n del comit\u00e9 organizador como entidad privada juega un papel importante en su relaci\u00f3n con el <strong>COI.<\/strong><\/p>\n\n\n\n<p>\u201cDedicamos el tiempo, hacemos el trabajo, presentamos el argumento y no nos conformamos con un \u2018no\u2019, porque no tenemos ese lujo\u201d, afirm\u00f3.<\/p>\n\n\n\n<p><\/p>\n","protected":false},"excerpt":{"rendered":"<p>(Foto: Agencias) Los organizadores de los Juegos Ol\u00edmpicos de Los \u00c1ngeles vender\u00e1n los derechos sobre<\/p>\n","protected":false},"author":4,"featured_media":9013,"comment_status":"closed","ping_status":"open","sticky":false,"template":"","format":"standard","meta":{"_jetpack_memberships_contains_paid_content":false,"footnotes":""},"categories":[99],"tags":[],"class_list":["post-9024","post","type-post","status-publish","format-standard","has-post-thumbnail","hentry","category-juegos-olimpicos-los-angeles"],"yoast_head":"<!-- This site is optimized with the Yoast SEO plugin v25.7 - https:\/\/yoast.com\/wordpress\/plugins\/seo\/ -->\n<title>Estadios tendr\u00e1n nombres de marcas en LA 28 - Esbozo Deportivo<\/title>\n<meta name=\"description\" content=\"Los organizadores de los Juegos Ol\u00edmpicos de Los \u00c1ngeles vender\u00e1n los derechos sobre el nombre de algunos de sus recintos en acuerdos que se espera aporten varios millones de d\u00f3lares a las justas de verano de 2028, rompiendo as\u00ed la pol\u00edtica largamente sacrosanta del Comit\u00e9 Ol\u00edmpico Internacional de mantener los nombres de marcas fuera de sus arenas y estadios.\" \/>\n<meta name=\"robots\" content=\"index, follow, max-snippet:-1, max-image-preview:large, max-video-preview:-1\" \/>\n<link rel=\"canonical\" href=\"https:\/\/esbozodeportivo.com\/index.php\/2025\/08\/15\/estadios-tendran-nombres-de-marcas-en-la-28\/\" \/>\n<meta property=\"og:locale\" content=\"es_MX\" \/>\n<meta property=\"og:type\" content=\"article\" \/>\n<meta property=\"og:title\" content=\"Estadios tendr\u00e1n nombres de marcas en LA 28 - Esbozo Deportivo\" \/>\n<meta property=\"og:description\" content=\"Los organizadores de los Juegos Ol\u00edmpicos de Los \u00c1ngeles vender\u00e1n los derechos sobre el nombre de algunos de sus recintos en acuerdos que se espera aporten varios millones de d\u00f3lares a las justas de verano de 2028, rompiendo as\u00ed la pol\u00edtica largamente sacrosanta del Comit\u00e9 Ol\u00edmpico Internacional de mantener los nombres de marcas fuera de sus arenas y estadios.\" \/>\n<meta property=\"og:url\" content=\"https:\/\/esbozodeportivo.com\/index.php\/2025\/08\/15\/estadios-tendran-nombres-de-marcas-en-la-28\/\" \/>\n<meta property=\"og:site_name\" content=\"Esbozo Deportivo\" \/>\n<meta property=\"article:published_time\" content=\"2025-08-15T06:17:27+00:00\" \/>\n<meta property=\"article:modified_time\" content=\"2025-08-15T06:17:28+00:00\" \/>\n<meta property=\"og:image\" content=\"https:\/\/esbozodeportivo.com\/wp-content\/uploads\/2025\/08\/Juegos-Olimpicos.jpg\" \/>\n\t<meta property=\"og:image:width\" content=\"980\" \/>\n\t<meta property=\"og:image:height\" content=\"653\" \/>\n\t<meta property=\"og:image:type\" content=\"image\/jpeg\" \/>\n<meta name=\"author\" content=\"Redacci\u00f3n\" \/>\n<meta name=\"twitter:card\" content=\"summary_large_image\" \/>\n<meta name=\"twitter:label1\" content=\"Escrito por\" \/>\n\t<meta name=\"twitter:data1\" content=\"Redacci\u00f3n\" \/>\n\t<meta name=\"twitter:label2\" content=\"Tiempo de lectura\" \/>\n\t<meta name=\"twitter:data2\" content=\"4 minutos\" \/>\n<script type=\"application\/ld+json\" class=\"yoast-schema-graph\">{\"@context\":\"https:\/\/schema.org\",\"@graph\":[{\"@type\":\"Article\",\"@id\":\"https:\/\/esbozodeportivo.com\/index.php\/2025\/08\/15\/estadios-tendran-nombres-de-marcas-en-la-28\/#article\",\"isPartOf\":{\"@id\":\"https:\/\/esbozodeportivo.com\/index.php\/2025\/08\/15\/estadios-tendran-nombres-de-marcas-en-la-28\/\"},\"author\":{\"name\":\"Redacci\u00f3n\",\"@id\":\"https:\/\/esbozodeportivo.com\/#\/schema\/person\/0f6df9196dfe6740dd0bb31bae50d374\"},\"headline\":\"Estadios tendr\u00e1n nombres de marcas en LA 28\",\"datePublished\":\"2025-08-15T06:17:27+00:00\",\"dateModified\":\"2025-08-15T06:17:28+00:00\",\"mainEntityOfPage\":{\"@id\":\"https:\/\/esbozodeportivo.com\/index.php\/2025\/08\/15\/estadios-tendran-nombres-de-marcas-en-la-28\/\"},\"wordCount\":673,\"publisher\":{\"@id\":\"https:\/\/esbozodeportivo.com\/#organization\"},\"image\":{\"@id\":\"https:\/\/esbozodeportivo.com\/index.php\/2025\/08\/15\/estadios-tendran-nombres-de-marcas-en-la-28\/#primaryimage\"},\"thumbnailUrl\":\"https:\/\/esbozodeportivo.com\/wp-content\/uploads\/2025\/08\/Juegos-Olimpicos.jpg\",\"articleSection\":[\"Juegos Ol\u00edmpicos Los \u00c1ngeles\"],\"inLanguage\":\"es\"},{\"@type\":\"WebPage\",\"@id\":\"https:\/\/esbozodeportivo.com\/index.php\/2025\/08\/15\/estadios-tendran-nombres-de-marcas-en-la-28\/\",\"url\":\"https:\/\/esbozodeportivo.com\/index.php\/2025\/08\/15\/estadios-tendran-nombres-de-marcas-en-la-28\/\",\"name\":\"Estadios tendr\u00e1n nombres de marcas en LA 28 - Esbozo Deportivo\",\"isPartOf\":{\"@id\":\"https:\/\/esbozodeportivo.com\/#website\"},\"primaryImageOfPage\":{\"@id\":\"https:\/\/esbozodeportivo.com\/index.php\/2025\/08\/15\/estadios-tendran-nombres-de-marcas-en-la-28\/#primaryimage\"},\"image\":{\"@id\":\"https:\/\/esbozodeportivo.com\/index.php\/2025\/08\/15\/estadios-tendran-nombres-de-marcas-en-la-28\/#primaryimage\"},\"thumbnailUrl\":\"https:\/\/esbozodeportivo.com\/wp-content\/uploads\/2025\/08\/Juegos-Olimpicos.jpg\",\"datePublished\":\"2025-08-15T06:17:27+00:00\",\"dateModified\":\"2025-08-15T06:17:28+00:00\",\"description\":\"Los organizadores de los Juegos Ol\u00edmpicos de Los \u00c1ngeles vender\u00e1n los derechos sobre el nombre de algunos de sus recintos en acuerdos que se espera aporten varios millones de d\u00f3lares a las justas de verano de 2028, rompiendo as\u00ed la pol\u00edtica largamente sacrosanta del Comit\u00e9 Ol\u00edmpico Internacional de mantener los nombres de marcas fuera de sus arenas y estadios.\",\"breadcrumb\":{\"@id\":\"https:\/\/esbozodeportivo.com\/index.php\/2025\/08\/15\/estadios-tendran-nombres-de-marcas-en-la-28\/#breadcrumb\"},\"inLanguage\":\"es\",\"potentialAction\":[{\"@type\":\"ReadAction\",\"target\":[\"https:\/\/esbozodeportivo.com\/index.php\/2025\/08\/15\/estadios-tendran-nombres-de-marcas-en-la-28\/\"]}]},{\"@type\":\"ImageObject\",\"inLanguage\":\"es\",\"@id\":\"https:\/\/esbozodeportivo.com\/index.php\/2025\/08\/15\/estadios-tendran-nombres-de-marcas-en-la-28\/#primaryimage\",\"url\":\"https:\/\/esbozodeportivo.com\/wp-content\/uploads\/2025\/08\/Juegos-Olimpicos.jpg\",\"contentUrl\":\"https:\/\/esbozodeportivo.com\/wp-content\/uploads\/2025\/08\/Juegos-Olimpicos.jpg\",\"width\":980,\"height\":653},{\"@type\":\"BreadcrumbList\",\"@id\":\"https:\/\/esbozodeportivo.com\/index.php\/2025\/08\/15\/estadios-tendran-nombres-de-marcas-en-la-28\/#breadcrumb\",\"itemListElement\":[{\"@type\":\"ListItem\",\"position\":1,\"name\":\"Inicio\",\"item\":\"https:\/\/esbozodeportivo.com\/\"},{\"@type\":\"ListItem\",\"position\":2,\"name\":\"Estadios tendr\u00e1n nombres de marcas en LA 28\"}]},{\"@type\":\"WebSite\",\"@id\":\"https:\/\/esbozodeportivo.com\/#website\",\"url\":\"https:\/\/esbozodeportivo.com\/\",\"name\":\"Esbozo Deportivo\",\"description\":\"Lo m\u00e1s importante del Deporte\",\"publisher\":{\"@id\":\"https:\/\/esbozodeportivo.com\/#organization\"},\"potentialAction\":[{\"@type\":\"SearchAction\",\"target\":{\"@type\":\"EntryPoint\",\"urlTemplate\":\"https:\/\/esbozodeportivo.com\/?s={search_term_string}\"},\"query-input\":{\"@type\":\"PropertyValueSpecification\",\"valueRequired\":true,\"valueName\":\"search_term_string\"}}],\"inLanguage\":\"es\"},{\"@type\":\"Organization\",\"@id\":\"https:\/\/esbozodeportivo.com\/#organization\",\"name\":\"Esbozo Deportivo\",\"url\":\"https:\/\/esbozodeportivo.com\/\",\"logo\":{\"@type\":\"ImageObject\",\"inLanguage\":\"es\",\"@id\":\"https:\/\/esbozodeportivo.com\/#\/schema\/logo\/image\/\",\"url\":\"https:\/\/esbozodeportivo.com\/wp-content\/uploads\/2022\/08\/cropped-Logo-Esbozo-Web-2.png\",\"contentUrl\":\"https:\/\/esbozodeportivo.com\/wp-content\/uploads\/2022\/08\/cropped-Logo-Esbozo-Web-2.png\",\"width\":180,\"height\":50,\"caption\":\"Esbozo Deportivo\"},\"image\":{\"@id\":\"https:\/\/esbozodeportivo.com\/#\/schema\/logo\/image\/\"}},{\"@type\":\"Person\",\"@id\":\"https:\/\/esbozodeportivo.com\/#\/schema\/person\/0f6df9196dfe6740dd0bb31bae50d374\",\"name\":\"Redacci\u00f3n\",\"image\":{\"@type\":\"ImageObject\",\"inLanguage\":\"es\",\"@id\":\"https:\/\/esbozodeportivo.com\/#\/schema\/person\/image\/\",\"url\":\"https:\/\/secure.gravatar.com\/avatar\/f55268a89c3b418f2ef172ff52ab0d09b3e653c58de29539fe329fb93d78ebf3?s=96&d=mm&r=g\",\"contentUrl\":\"https:\/\/secure.gravatar.com\/avatar\/f55268a89c3b418f2ef172ff52ab0d09b3e653c58de29539fe329fb93d78ebf3?s=96&d=mm&r=g\",\"caption\":\"Redacci\u00f3n\"},\"url\":\"https:\/\/esbozodeportivo.com\/index.php\/author\/redaccion\/\"}]}<\/script>\n<!-- \/ Yoast SEO plugin. -->","yoast_head_json":{"title":"Estadios tendr\u00e1n nombres de marcas en LA 28 - Esbozo Deportivo","description":"Los organizadores de los Juegos Ol\u00edmpicos de Los \u00c1ngeles vender\u00e1n los derechos sobre el nombre de algunos de sus recintos en acuerdos que se espera aporten varios millones de d\u00f3lares a las justas de verano de 2028, rompiendo as\u00ed la pol\u00edtica largamente sacrosanta del Comit\u00e9 Ol\u00edmpico Internacional de mantener los nombres de marcas fuera de sus arenas y estadios.","robots":{"index":"index","follow":"follow","max-snippet":"max-snippet:-1","max-image-preview":"max-image-preview:large","max-video-preview":"max-video-preview:-1"},"canonical":"https:\/\/esbozodeportivo.com\/index.php\/2025\/08\/15\/estadios-tendran-nombres-de-marcas-en-la-28\/","og_locale":"es_MX","og_type":"article","og_title":"Estadios tendr\u00e1n nombres de marcas en LA 28 - Esbozo Deportivo","og_description":"Los organizadores de los Juegos Ol\u00edmpicos de Los \u00c1ngeles vender\u00e1n los derechos sobre el nombre de algunos de sus recintos en acuerdos que se espera aporten varios millones de d\u00f3lares a las justas de verano de 2028, rompiendo as\u00ed la pol\u00edtica largamente sacrosanta del Comit\u00e9 Ol\u00edmpico Internacional de mantener los nombres de marcas fuera de sus arenas y estadios.","og_url":"https:\/\/esbozodeportivo.com\/index.php\/2025\/08\/15\/estadios-tendran-nombres-de-marcas-en-la-28\/","og_site_name":"Esbozo Deportivo","article_published_time":"2025-08-15T06:17:27+00:00","article_modified_time":"2025-08-15T06:17:28+00:00","og_image":[{"width":980,"height":653,"url":"https:\/\/esbozodeportivo.com\/wp-content\/uploads\/2025\/08\/Juegos-Olimpicos.jpg","type":"image\/jpeg"}],"author":"Redacci\u00f3n","twitter_card":"summary_large_image","twitter_misc":{"Escrito por":"Redacci\u00f3n","Tiempo de lectura":"4 minutos"},"schema":{"@context":"https:\/\/schema.org","@graph":[{"@type":"Article","@id":"https:\/\/esbozodeportivo.com\/index.php\/2025\/08\/15\/estadios-tendran-nombres-de-marcas-en-la-28\/#article","isPartOf":{"@id":"https:\/\/esbozodeportivo.com\/index.php\/2025\/08\/15\/estadios-tendran-nombres-de-marcas-en-la-28\/"},"author":{"name":"Redacci\u00f3n","@id":"https:\/\/esbozodeportivo.com\/#\/schema\/person\/0f6df9196dfe6740dd0bb31bae50d374"},"headline":"Estadios tendr\u00e1n nombres de marcas en LA 28","datePublished":"2025-08-15T06:17:27+00:00","dateModified":"2025-08-15T06:17:28+00:00","mainEntityOfPage":{"@id":"https:\/\/esbozodeportivo.com\/index.php\/2025\/08\/15\/estadios-tendran-nombres-de-marcas-en-la-28\/"},"wordCount":673,"publisher":{"@id":"https:\/\/esbozodeportivo.com\/#organization"},"image":{"@id":"https:\/\/esbozodeportivo.com\/index.php\/2025\/08\/15\/estadios-tendran-nombres-de-marcas-en-la-28\/#primaryimage"},"thumbnailUrl":"https:\/\/esbozodeportivo.com\/wp-content\/uploads\/2025\/08\/Juegos-Olimpicos.jpg","articleSection":["Juegos Ol\u00edmpicos Los \u00c1ngeles"],"inLanguage":"es"},{"@type":"WebPage","@id":"https:\/\/esbozodeportivo.com\/index.php\/2025\/08\/15\/estadios-tendran-nombres-de-marcas-en-la-28\/","url":"https:\/\/esbozodeportivo.com\/index.php\/2025\/08\/15\/estadios-tendran-nombres-de-marcas-en-la-28\/","name":"Estadios tendr\u00e1n nombres de marcas en LA 28 - Esbozo Deportivo","isPartOf":{"@id":"https:\/\/esbozodeportivo.com\/#website"},"primaryImageOfPage":{"@id":"https:\/\/esbozodeportivo.com\/index.php\/2025\/08\/15\/estadios-tendran-nombres-de-marcas-en-la-28\/#primaryimage"},"image":{"@id":"https:\/\/esbozodeportivo.com\/index.php\/2025\/08\/15\/estadios-tendran-nombres-de-marcas-en-la-28\/#primaryimage"},"thumbnailUrl":"https:\/\/esbozodeportivo.com\/wp-content\/uploads\/2025\/08\/Juegos-Olimpicos.jpg","datePublished":"2025-08-15T06:17:27+00:00","dateModified":"2025-08-15T06:17:28+00:00","description":"Los organizadores de los Juegos Ol\u00edmpicos de Los \u00c1ngeles vender\u00e1n los derechos sobre el nombre de algunos de sus recintos en acuerdos que se espera aporten varios millones de d\u00f3lares a las justas de verano de 2028, rompiendo as\u00ed la pol\u00edtica largamente sacrosanta del Comit\u00e9 Ol\u00edmpico Internacional de mantener los nombres de marcas fuera de sus arenas y estadios.","breadcrumb":{"@id":"https:\/\/esbozodeportivo.com\/index.php\/2025\/08\/15\/estadios-tendran-nombres-de-marcas-en-la-28\/#breadcrumb"},"inLanguage":"es","potentialAction":[{"@type":"ReadAction","target":["https:\/\/esbozodeportivo.com\/index.php\/2025\/08\/15\/estadios-tendran-nombres-de-marcas-en-la-28\/"]}]},{"@type":"ImageObject","inLanguage":"es","@id":"https:\/\/esbozodeportivo.com\/index.php\/2025\/08\/15\/estadios-tendran-nombres-de-marcas-en-la-28\/#primaryimage","url":"https:\/\/esbozodeportivo.com\/wp-content\/uploads\/2025\/08\/Juegos-Olimpicos.jpg","contentUrl":"https:\/\/esbozodeportivo.com\/wp-content\/uploads\/2025\/08\/Juegos-Olimpicos.jpg","width":980,"height":653},{"@type":"BreadcrumbList","@id":"https:\/\/esbozodeportivo.com\/index.php\/2025\/08\/15\/estadios-tendran-nombres-de-marcas-en-la-28\/#breadcrumb","itemListElement":[{"@type":"ListItem","position":1,"name":"Inicio","item":"https:\/\/esbozodeportivo.com\/"},{"@type":"ListItem","position":2,"name":"Estadios tendr\u00e1n nombres de marcas en LA 28"}]},{"@type":"WebSite","@id":"https:\/\/esbozodeportivo.com\/#website","url":"https:\/\/esbozodeportivo.com\/","name":"Esbozo Deportivo","description":"Lo m\u00e1s importante del Deporte","publisher":{"@id":"https:\/\/esbozodeportivo.com\/#organization"},"potentialAction":[{"@type":"SearchAction","target":{"@type":"EntryPoint","urlTemplate":"https:\/\/esbozodeportivo.com\/?s={search_term_string}"},"query-input":{"@type":"PropertyValueSpecification","valueRequired":true,"valueName":"search_term_string"}}],"inLanguage":"es"},{"@type":"Organization","@id":"https:\/\/esbozodeportivo.com\/#organization","name":"Esbozo Deportivo","url":"https:\/\/esbozodeportivo.com\/","logo":{"@type":"ImageObject","inLanguage":"es","@id":"https:\/\/esbozodeportivo.com\/#\/schema\/logo\/image\/","url":"https:\/\/esbozodeportivo.com\/wp-content\/uploads\/2022\/08\/cropped-Logo-Esbozo-Web-2.png","contentUrl":"https:\/\/esbozodeportivo.com\/wp-content\/uploads\/2022\/08\/cropped-Logo-Esbozo-Web-2.png","width":180,"height":50,"caption":"Esbozo Deportivo"},"image":{"@id":"https:\/\/esbozodeportivo.com\/#\/schema\/logo\/image\/"}},{"@type":"Person","@id":"https:\/\/esbozodeportivo.com\/#\/schema\/person\/0f6df9196dfe6740dd0bb31bae50d374","name":"Redacci\u00f3n","image":{"@type":"ImageObject","inLanguage":"es","@id":"https:\/\/esbozodeportivo.com\/#\/schema\/person\/image\/","url":"https:\/\/secure.gravatar.com\/avatar\/f55268a89c3b418f2ef172ff52ab0d09b3e653c58de29539fe329fb93d78ebf3?s=96&d=mm&r=g","contentUrl":"https:\/\/secure.gravatar.com\/avatar\/f55268a89c3b418f2ef172ff52ab0d09b3e653c58de29539fe329fb93d78ebf3?s=96&d=mm&r=g","caption":"Redacci\u00f3n"},"url":"https:\/\/esbozodeportivo.com\/index.php\/author\/redaccion\/"}]}},"jetpack_featured_media_url":"https:\/\/esbozodeportivo.com\/wp-content\/uploads\/2025\/08\/Juegos-Olimpicos.jpg","jetpack_sharing_enabled":true,"_links":{"self":[{"href":"https:\/\/esbozodeportivo.com\/index.php\/wp-json\/wp\/v2\/posts\/9024","targetHints":{"allow":["GET"]}}],"collection":[{"href":"https:\/\/esbozodeportivo.com\/index.php\/wp-json\/wp\/v2\/posts"}],"about":[{"href":"https:\/\/esbozodeportivo.com\/index.php\/wp-json\/wp\/v2\/types\/post"}],"author":[{"embeddable":true,"href":"https:\/\/esbozodeportivo.com\/index.php\/wp-json\/wp\/v2\/users\/4"}],"replies":[{"embeddable":true,"href":"https:\/\/esbozodeportivo.com\/index.php\/wp-json\/wp\/v2\/comments?post=9024"}],"version-history":[{"count":1,"href":"https:\/\/esbozodeportivo.com\/index.php\/wp-json\/wp\/v2\/posts\/9024\/revisions"}],"predecessor-version":[{"id":9025,"href":"https:\/\/esbozodeportivo.com\/index.php\/wp-json\/wp\/v2\/posts\/9024\/revisions\/9025"}],"wp:featuredmedia":[{"embeddable":true,"href":"https:\/\/esbozodeportivo.com\/index.php\/wp-json\/wp\/v2\/media\/9013"}],"wp:attachment":[{"href":"https:\/\/esbozodeportivo.com\/index.php\/wp-json\/wp\/v2\/media?parent=9024"}],"wp:term":[{"taxonomy":"category","embeddable":true,"href":"https:\/\/esbozodeportivo.com\/index.php\/wp-json\/wp\/v2\/categories?post=9024"},{"taxonomy":"post_tag","embeddable":true,"href":"https:\/\/esbozodeportivo.com\/index.php\/wp-json\/wp\/v2\/tags?post=9024"}],"curies":[{"name":"wp","href":"https:\/\/api.w.org\/{rel}","templated":true}]}}