{"id":9149,"date":"2025-08-22T00:54:53","date_gmt":"2025-08-22T06:54:53","guid":{"rendered":"https:\/\/esbozodeportivo.com\/?p=9149"},"modified":"2025-08-22T00:54:54","modified_gmt":"2025-08-22T06:54:54","slug":"atentaron-contra-reid-entrenador-de-kansas-pero-salio-ileso","status":"publish","type":"post","link":"https:\/\/esbozodeportivo.com\/index.php\/2025\/08\/22\/atentaron-contra-reid-entrenador-de-kansas-pero-salio-ileso\/","title":{"rendered":"Atentaron contra Reid, entrenador de Kansas pero sali\u00f3 ileso"},"content":{"rendered":"\n<p>(Foto: Agencias) <\/p>\n\n\n\n<p>Una bala fue disparada hacia la oficina de Andy Reid, el entrenador en jefe de los Chiefs de Kansas City, en las instalaciones de pr\u00e1ctica del equipo el a\u00f1o pasado mientras el estratega se encontraba adentro, inform\u00f3 el diario Kansas City Star.<\/p>\n\n\n\n<p>Citando m\u00faltiples fuentes, el Star inform\u00f3 el mi\u00e9rcoles que Reid estaba trabajando solo en su oficina a principios de mayo de 2024 cuando una bala disparada desde fuera del edificio rompi\u00f3 el vidrio y dej\u00f3 un agujero en la ventana y las persianas. Se incrust\u00f3 en una pared entre su ba\u00f1o y la puerta de entrada a su oficina. El equipo instal\u00f3 vidrio a prueba de balas poco despu\u00e9s.<\/p>\n\n\n\n<p>El Star detall\u00f3 que dos balas m\u00e1s impactaron en las instalaciones, una golpeando el tercer piso y otra una unidad de aire acondicionado exterior. Pocas personas en la organizaci\u00f3n sab\u00edan sobre el incidente.<\/p>\n\n\n\n<p>El incidente est\u00e1 siendo investigado como un asalto agravado porque el edificio estaba ocupado en ese momento, dijo la polic\u00eda de Kansas City en un comunicado emitido el jueves. Nadie fue alcanzado y no hubo heridos.<\/p>\n\n\n\n<p>No ha habido cargos ni arrestos en el caso y la investigaci\u00f3n sigue abierta, dijo la polic\u00eda.<\/p>\n\n\n\n<p>\u201cBasado en la investigaci\u00f3n hasta este punto, no hay indicios de que este fuera un incidente dirigido a alguna persona u organizaci\u00f3n\u201d, rez\u00f3 el comunicado de la polic\u00eda.<\/p>\n\n\n\n<p>Un portavoz de los Chiefs declin\u00f3 comentar al respecto a la AP al ser consultado el mi\u00e9rcoles por la noche.<\/p>\n\n\n\n<p>El incidente ocurri\u00f3 unos meses despu\u00e9s de que Reid llev\u00f3 a los Chiefs a repetir el campeonato del Super Bowl y su tercer t\u00edtulo en un periodo de cinco a\u00f1os. Ganaron la AFC nuevamente la temporada pasada, perdieron ante Filadelfia.<\/p>\n\n\n\n<p>En su carrera como entrenador, Reid tiene foja de 273-146-1 en 12 temporadas con los Chiefs y 14 con los Eagles. Ocupa el cuarto lugar en la lista de victorias de todos los tiempos de la NFL, detr\u00e1s de Don Shula, George Halas y Bill Belichick.<\/p>\n\n\n\n<p><\/p>\n","protected":false},"excerpt":{"rendered":"<p>(Foto: Agencias) Una bala fue disparada hacia la oficina de Andy Reid, el entrenador en<\/p>\n","protected":false},"author":4,"featured_media":9139,"comment_status":"closed","ping_status":"open","sticky":false,"template":"","format":"standard","meta":{"_jetpack_memberships_contains_paid_content":false,"footnotes":""},"categories":[6],"tags":[],"class_list":["post-9149","post","type-post","status-publish","format-standard","has-post-thumbnail","hentry","category-nfl"],"yoast_head":"<!-- This site is optimized with the Yoast SEO plugin v25.7 - https:\/\/yoast.com\/wordpress\/plugins\/seo\/ -->\n<title>Atentaron contra Reid, entrenador de Kansas pero sali\u00f3 ileso - Esbozo Deportivo<\/title>\n<meta name=\"description\" content=\"Una bala fue disparada hacia la oficina de Andy Reid, el entrenador en jefe de los Chiefs de Kansas City, en las instalaciones de pr\u00e1ctica del equipo el a\u00f1o pasado mientras el estratega se encontraba adentro, inform\u00f3 el diario Kansas City Star.\" \/>\n<meta name=\"robots\" content=\"index, follow, max-snippet:-1, max-image-preview:large, max-video-preview:-1\" \/>\n<link rel=\"canonical\" href=\"https:\/\/esbozodeportivo.com\/index.php\/2025\/08\/22\/atentaron-contra-reid-entrenador-de-kansas-pero-salio-ileso\/\" \/>\n<meta property=\"og:locale\" content=\"es_MX\" \/>\n<meta property=\"og:type\" content=\"article\" \/>\n<meta property=\"og:title\" content=\"Atentaron contra Reid, entrenador de Kansas pero sali\u00f3 ileso - Esbozo Deportivo\" \/>\n<meta property=\"og:description\" content=\"Una bala fue disparada hacia la oficina de Andy Reid, el entrenador en jefe de los Chiefs de Kansas City, en las instalaciones de pr\u00e1ctica del equipo el a\u00f1o pasado mientras el estratega se encontraba adentro, inform\u00f3 el diario Kansas City Star.\" \/>\n<meta property=\"og:url\" content=\"https:\/\/esbozodeportivo.com\/index.php\/2025\/08\/22\/atentaron-contra-reid-entrenador-de-kansas-pero-salio-ileso\/\" \/>\n<meta property=\"og:site_name\" content=\"Esbozo Deportivo\" \/>\n<meta property=\"article:published_time\" content=\"2025-08-22T06:54:53+00:00\" \/>\n<meta property=\"article:modified_time\" content=\"2025-08-22T06:54:54+00:00\" \/>\n<meta property=\"og:image\" content=\"https:\/\/esbozodeportivo.com\/wp-content\/uploads\/2025\/08\/Americano.jpg\" \/>\n\t<meta property=\"og:image:width\" content=\"980\" \/>\n\t<meta property=\"og:image:height\" content=\"653\" \/>\n\t<meta property=\"og:image:type\" content=\"image\/jpeg\" \/>\n<meta name=\"author\" content=\"Redacci\u00f3n\" \/>\n<meta name=\"twitter:card\" content=\"summary_large_image\" \/>\n<meta name=\"twitter:label1\" content=\"Escrito por\" \/>\n\t<meta name=\"twitter:data1\" content=\"Redacci\u00f3n\" \/>\n\t<meta name=\"twitter:label2\" content=\"Tiempo de lectura\" \/>\n\t<meta name=\"twitter:data2\" content=\"2 minutos\" \/>\n<script type=\"application\/ld+json\" class=\"yoast-schema-graph\">{\"@context\":\"https:\/\/schema.org\",\"@graph\":[{\"@type\":\"Article\",\"@id\":\"https:\/\/esbozodeportivo.com\/index.php\/2025\/08\/22\/atentaron-contra-reid-entrenador-de-kansas-pero-salio-ileso\/#article\",\"isPartOf\":{\"@id\":\"https:\/\/esbozodeportivo.com\/index.php\/2025\/08\/22\/atentaron-contra-reid-entrenador-de-kansas-pero-salio-ileso\/\"},\"author\":{\"name\":\"Redacci\u00f3n\",\"@id\":\"https:\/\/esbozodeportivo.com\/#\/schema\/person\/0f6df9196dfe6740dd0bb31bae50d374\"},\"headline\":\"Atentaron contra Reid, entrenador de Kansas pero sali\u00f3 ileso\",\"datePublished\":\"2025-08-22T06:54:53+00:00\",\"dateModified\":\"2025-08-22T06:54:54+00:00\",\"mainEntityOfPage\":{\"@id\":\"https:\/\/esbozodeportivo.com\/index.php\/2025\/08\/22\/atentaron-contra-reid-entrenador-de-kansas-pero-salio-ileso\/\"},\"wordCount\":360,\"publisher\":{\"@id\":\"https:\/\/esbozodeportivo.com\/#organization\"},\"image\":{\"@id\":\"https:\/\/esbozodeportivo.com\/index.php\/2025\/08\/22\/atentaron-contra-reid-entrenador-de-kansas-pero-salio-ileso\/#primaryimage\"},\"thumbnailUrl\":\"https:\/\/esbozodeportivo.com\/wp-content\/uploads\/2025\/08\/Americano.jpg\",\"articleSection\":[\"NFL\"],\"inLanguage\":\"es\"},{\"@type\":\"WebPage\",\"@id\":\"https:\/\/esbozodeportivo.com\/index.php\/2025\/08\/22\/atentaron-contra-reid-entrenador-de-kansas-pero-salio-ileso\/\",\"url\":\"https:\/\/esbozodeportivo.com\/index.php\/2025\/08\/22\/atentaron-contra-reid-entrenador-de-kansas-pero-salio-ileso\/\",\"name\":\"Atentaron contra Reid, entrenador de Kansas pero sali\u00f3 ileso - Esbozo Deportivo\",\"isPartOf\":{\"@id\":\"https:\/\/esbozodeportivo.com\/#website\"},\"primaryImageOfPage\":{\"@id\":\"https:\/\/esbozodeportivo.com\/index.php\/2025\/08\/22\/atentaron-contra-reid-entrenador-de-kansas-pero-salio-ileso\/#primaryimage\"},\"image\":{\"@id\":\"https:\/\/esbozodeportivo.com\/index.php\/2025\/08\/22\/atentaron-contra-reid-entrenador-de-kansas-pero-salio-ileso\/#primaryimage\"},\"thumbnailUrl\":\"https:\/\/esbozodeportivo.com\/wp-content\/uploads\/2025\/08\/Americano.jpg\",\"datePublished\":\"2025-08-22T06:54:53+00:00\",\"dateModified\":\"2025-08-22T06:54:54+00:00\",\"description\":\"Una bala fue disparada hacia la oficina de Andy Reid, el entrenador en jefe de los Chiefs de Kansas City, en las instalaciones de pr\u00e1ctica del equipo el a\u00f1o pasado mientras el estratega se encontraba adentro, inform\u00f3 el diario Kansas City Star.\",\"breadcrumb\":{\"@id\":\"https:\/\/esbozodeportivo.com\/index.php\/2025\/08\/22\/atentaron-contra-reid-entrenador-de-kansas-pero-salio-ileso\/#breadcrumb\"},\"inLanguage\":\"es\",\"potentialAction\":[{\"@type\":\"ReadAction\",\"target\":[\"https:\/\/esbozodeportivo.com\/index.php\/2025\/08\/22\/atentaron-contra-reid-entrenador-de-kansas-pero-salio-ileso\/\"]}]},{\"@type\":\"ImageObject\",\"inLanguage\":\"es\",\"@id\":\"https:\/\/esbozodeportivo.com\/index.php\/2025\/08\/22\/atentaron-contra-reid-entrenador-de-kansas-pero-salio-ileso\/#primaryimage\",\"url\":\"https:\/\/esbozodeportivo.com\/wp-content\/uploads\/2025\/08\/Americano.jpg\",\"contentUrl\":\"https:\/\/esbozodeportivo.com\/wp-content\/uploads\/2025\/08\/Americano.jpg\",\"width\":980,\"height\":653},{\"@type\":\"BreadcrumbList\",\"@id\":\"https:\/\/esbozodeportivo.com\/index.php\/2025\/08\/22\/atentaron-contra-reid-entrenador-de-kansas-pero-salio-ileso\/#breadcrumb\",\"itemListElement\":[{\"@type\":\"ListItem\",\"position\":1,\"name\":\"Inicio\",\"item\":\"https:\/\/esbozodeportivo.com\/\"},{\"@type\":\"ListItem\",\"position\":2,\"name\":\"Atentaron contra Reid, entrenador de Kansas pero sali\u00f3 ileso\"}]},{\"@type\":\"WebSite\",\"@id\":\"https:\/\/esbozodeportivo.com\/#website\",\"url\":\"https:\/\/esbozodeportivo.com\/\",\"name\":\"Esbozo Deportivo\",\"description\":\"Lo m\u00e1s importante del Deporte\",\"publisher\":{\"@id\":\"https:\/\/esbozodeportivo.com\/#organization\"},\"potentialAction\":[{\"@type\":\"SearchAction\",\"target\":{\"@type\":\"EntryPoint\",\"urlTemplate\":\"https:\/\/esbozodeportivo.com\/?s={search_term_string}\"},\"query-input\":{\"@type\":\"PropertyValueSpecification\",\"valueRequired\":true,\"valueName\":\"search_term_string\"}}],\"inLanguage\":\"es\"},{\"@type\":\"Organization\",\"@id\":\"https:\/\/esbozodeportivo.com\/#organization\",\"name\":\"Esbozo Deportivo\",\"url\":\"https:\/\/esbozodeportivo.com\/\",\"logo\":{\"@type\":\"ImageObject\",\"inLanguage\":\"es\",\"@id\":\"https:\/\/esbozodeportivo.com\/#\/schema\/logo\/image\/\",\"url\":\"https:\/\/esbozodeportivo.com\/wp-content\/uploads\/2022\/08\/cropped-Logo-Esbozo-Web-2.png\",\"contentUrl\":\"https:\/\/esbozodeportivo.com\/wp-content\/uploads\/2022\/08\/cropped-Logo-Esbozo-Web-2.png\",\"width\":180,\"height\":50,\"caption\":\"Esbozo Deportivo\"},\"image\":{\"@id\":\"https:\/\/esbozodeportivo.com\/#\/schema\/logo\/image\/\"}},{\"@type\":\"Person\",\"@id\":\"https:\/\/esbozodeportivo.com\/#\/schema\/person\/0f6df9196dfe6740dd0bb31bae50d374\",\"name\":\"Redacci\u00f3n\",\"image\":{\"@type\":\"ImageObject\",\"inLanguage\":\"es\",\"@id\":\"https:\/\/esbozodeportivo.com\/#\/schema\/person\/image\/\",\"url\":\"https:\/\/secure.gravatar.com\/avatar\/f55268a89c3b418f2ef172ff52ab0d09b3e653c58de29539fe329fb93d78ebf3?s=96&d=mm&r=g\",\"contentUrl\":\"https:\/\/secure.gravatar.com\/avatar\/f55268a89c3b418f2ef172ff52ab0d09b3e653c58de29539fe329fb93d78ebf3?s=96&d=mm&r=g\",\"caption\":\"Redacci\u00f3n\"},\"url\":\"https:\/\/esbozodeportivo.com\/index.php\/author\/redaccion\/\"}]}<\/script>\n<!-- \/ Yoast SEO plugin. -->","yoast_head_json":{"title":"Atentaron contra Reid, entrenador de Kansas pero sali\u00f3 ileso - Esbozo Deportivo","description":"Una bala fue disparada hacia la oficina de Andy Reid, el entrenador en jefe de los Chiefs de Kansas City, en las instalaciones de pr\u00e1ctica del equipo el a\u00f1o pasado mientras el estratega se encontraba adentro, inform\u00f3 el diario Kansas City Star.","robots":{"index":"index","follow":"follow","max-snippet":"max-snippet:-1","max-image-preview":"max-image-preview:large","max-video-preview":"max-video-preview:-1"},"canonical":"https:\/\/esbozodeportivo.com\/index.php\/2025\/08\/22\/atentaron-contra-reid-entrenador-de-kansas-pero-salio-ileso\/","og_locale":"es_MX","og_type":"article","og_title":"Atentaron contra Reid, entrenador de Kansas pero sali\u00f3 ileso - Esbozo Deportivo","og_description":"Una bala fue disparada hacia la oficina de Andy Reid, el entrenador en jefe de los Chiefs de Kansas City, en las instalaciones de pr\u00e1ctica del equipo el a\u00f1o pasado mientras el estratega se encontraba adentro, inform\u00f3 el diario Kansas City Star.","og_url":"https:\/\/esbozodeportivo.com\/index.php\/2025\/08\/22\/atentaron-contra-reid-entrenador-de-kansas-pero-salio-ileso\/","og_site_name":"Esbozo Deportivo","article_published_time":"2025-08-22T06:54:53+00:00","article_modified_time":"2025-08-22T06:54:54+00:00","og_image":[{"width":980,"height":653,"url":"https:\/\/esbozodeportivo.com\/wp-content\/uploads\/2025\/08\/Americano.jpg","type":"image\/jpeg"}],"author":"Redacci\u00f3n","twitter_card":"summary_large_image","twitter_misc":{"Escrito por":"Redacci\u00f3n","Tiempo de lectura":"2 minutos"},"schema":{"@context":"https:\/\/schema.org","@graph":[{"@type":"Article","@id":"https:\/\/esbozodeportivo.com\/index.php\/2025\/08\/22\/atentaron-contra-reid-entrenador-de-kansas-pero-salio-ileso\/#article","isPartOf":{"@id":"https:\/\/esbozodeportivo.com\/index.php\/2025\/08\/22\/atentaron-contra-reid-entrenador-de-kansas-pero-salio-ileso\/"},"author":{"name":"Redacci\u00f3n","@id":"https:\/\/esbozodeportivo.com\/#\/schema\/person\/0f6df9196dfe6740dd0bb31bae50d374"},"headline":"Atentaron contra Reid, entrenador de Kansas pero sali\u00f3 ileso","datePublished":"2025-08-22T06:54:53+00:00","dateModified":"2025-08-22T06:54:54+00:00","mainEntityOfPage":{"@id":"https:\/\/esbozodeportivo.com\/index.php\/2025\/08\/22\/atentaron-contra-reid-entrenador-de-kansas-pero-salio-ileso\/"},"wordCount":360,"publisher":{"@id":"https:\/\/esbozodeportivo.com\/#organization"},"image":{"@id":"https:\/\/esbozodeportivo.com\/index.php\/2025\/08\/22\/atentaron-contra-reid-entrenador-de-kansas-pero-salio-ileso\/#primaryimage"},"thumbnailUrl":"https:\/\/esbozodeportivo.com\/wp-content\/uploads\/2025\/08\/Americano.jpg","articleSection":["NFL"],"inLanguage":"es"},{"@type":"WebPage","@id":"https:\/\/esbozodeportivo.com\/index.php\/2025\/08\/22\/atentaron-contra-reid-entrenador-de-kansas-pero-salio-ileso\/","url":"https:\/\/esbozodeportivo.com\/index.php\/2025\/08\/22\/atentaron-contra-reid-entrenador-de-kansas-pero-salio-ileso\/","name":"Atentaron contra Reid, entrenador de Kansas pero sali\u00f3 ileso - Esbozo Deportivo","isPartOf":{"@id":"https:\/\/esbozodeportivo.com\/#website"},"primaryImageOfPage":{"@id":"https:\/\/esbozodeportivo.com\/index.php\/2025\/08\/22\/atentaron-contra-reid-entrenador-de-kansas-pero-salio-ileso\/#primaryimage"},"image":{"@id":"https:\/\/esbozodeportivo.com\/index.php\/2025\/08\/22\/atentaron-contra-reid-entrenador-de-kansas-pero-salio-ileso\/#primaryimage"},"thumbnailUrl":"https:\/\/esbozodeportivo.com\/wp-content\/uploads\/2025\/08\/Americano.jpg","datePublished":"2025-08-22T06:54:53+00:00","dateModified":"2025-08-22T06:54:54+00:00","description":"Una bala fue disparada hacia la oficina de Andy Reid, el entrenador en jefe de los Chiefs de Kansas City, en las instalaciones de pr\u00e1ctica del equipo el a\u00f1o pasado mientras el estratega se encontraba adentro, inform\u00f3 el diario Kansas City Star.","breadcrumb":{"@id":"https:\/\/esbozodeportivo.com\/index.php\/2025\/08\/22\/atentaron-contra-reid-entrenador-de-kansas-pero-salio-ileso\/#breadcrumb"},"inLanguage":"es","potentialAction":[{"@type":"ReadAction","target":["https:\/\/esbozodeportivo.com\/index.php\/2025\/08\/22\/atentaron-contra-reid-entrenador-de-kansas-pero-salio-ileso\/"]}]},{"@type":"ImageObject","inLanguage":"es","@id":"https:\/\/esbozodeportivo.com\/index.php\/2025\/08\/22\/atentaron-contra-reid-entrenador-de-kansas-pero-salio-ileso\/#primaryimage","url":"https:\/\/esbozodeportivo.com\/wp-content\/uploads\/2025\/08\/Americano.jpg","contentUrl":"https:\/\/esbozodeportivo.com\/wp-content\/uploads\/2025\/08\/Americano.jpg","width":980,"height":653},{"@type":"BreadcrumbList","@id":"https:\/\/esbozodeportivo.com\/index.php\/2025\/08\/22\/atentaron-contra-reid-entrenador-de-kansas-pero-salio-ileso\/#breadcrumb","itemListElement":[{"@type":"ListItem","position":1,"name":"Inicio","item":"https:\/\/esbozodeportivo.com\/"},{"@type":"ListItem","position":2,"name":"Atentaron contra Reid, entrenador de Kansas pero sali\u00f3 ileso"}]},{"@type":"WebSite","@id":"https:\/\/esbozodeportivo.com\/#website","url":"https:\/\/esbozodeportivo.com\/","name":"Esbozo Deportivo","description":"Lo m\u00e1s importante del Deporte","publisher":{"@id":"https:\/\/esbozodeportivo.com\/#organization"},"potentialAction":[{"@type":"SearchAction","target":{"@type":"EntryPoint","urlTemplate":"https:\/\/esbozodeportivo.com\/?s={search_term_string}"},"query-input":{"@type":"PropertyValueSpecification","valueRequired":true,"valueName":"search_term_string"}}],"inLanguage":"es"},{"@type":"Organization","@id":"https:\/\/esbozodeportivo.com\/#organization","name":"Esbozo Deportivo","url":"https:\/\/esbozodeportivo.com\/","logo":{"@type":"ImageObject","inLanguage":"es","@id":"https:\/\/esbozodeportivo.com\/#\/schema\/logo\/image\/","url":"https:\/\/esbozodeportivo.com\/wp-content\/uploads\/2022\/08\/cropped-Logo-Esbozo-Web-2.png","contentUrl":"https:\/\/esbozodeportivo.com\/wp-content\/uploads\/2022\/08\/cropped-Logo-Esbozo-Web-2.png","width":180,"height":50,"caption":"Esbozo Deportivo"},"image":{"@id":"https:\/\/esbozodeportivo.com\/#\/schema\/logo\/image\/"}},{"@type":"Person","@id":"https:\/\/esbozodeportivo.com\/#\/schema\/person\/0f6df9196dfe6740dd0bb31bae50d374","name":"Redacci\u00f3n","image":{"@type":"ImageObject","inLanguage":"es","@id":"https:\/\/esbozodeportivo.com\/#\/schema\/person\/image\/","url":"https:\/\/secure.gravatar.com\/avatar\/f55268a89c3b418f2ef172ff52ab0d09b3e653c58de29539fe329fb93d78ebf3?s=96&d=mm&r=g","contentUrl":"https:\/\/secure.gravatar.com\/avatar\/f55268a89c3b418f2ef172ff52ab0d09b3e653c58de29539fe329fb93d78ebf3?s=96&d=mm&r=g","caption":"Redacci\u00f3n"},"url":"https:\/\/esbozodeportivo.com\/index.php\/author\/redaccion\/"}]}},"jetpack_featured_media_url":"https:\/\/esbozodeportivo.com\/wp-content\/uploads\/2025\/08\/Americano.jpg","jetpack_sharing_enabled":true,"_links":{"self":[{"href":"https:\/\/esbozodeportivo.com\/index.php\/wp-json\/wp\/v2\/posts\/9149","targetHints":{"allow":["GET"]}}],"collection":[{"href":"https:\/\/esbozodeportivo.com\/index.php\/wp-json\/wp\/v2\/posts"}],"about":[{"href":"https:\/\/esbozodeportivo.com\/index.php\/wp-json\/wp\/v2\/types\/post"}],"author":[{"embeddable":true,"href":"https:\/\/esbozodeportivo.com\/index.php\/wp-json\/wp\/v2\/users\/4"}],"replies":[{"embeddable":true,"href":"https:\/\/esbozodeportivo.com\/index.php\/wp-json\/wp\/v2\/comments?post=9149"}],"version-history":[{"count":1,"href":"https:\/\/esbozodeportivo.com\/index.php\/wp-json\/wp\/v2\/posts\/9149\/revisions"}],"predecessor-version":[{"id":9150,"href":"https:\/\/esbozodeportivo.com\/index.php\/wp-json\/wp\/v2\/posts\/9149\/revisions\/9150"}],"wp:featuredmedia":[{"embeddable":true,"href":"https:\/\/esbozodeportivo.com\/index.php\/wp-json\/wp\/v2\/media\/9139"}],"wp:attachment":[{"href":"https:\/\/esbozodeportivo.com\/index.php\/wp-json\/wp\/v2\/media?parent=9149"}],"wp:term":[{"taxonomy":"category","embeddable":true,"href":"https:\/\/esbozodeportivo.com\/index.php\/wp-json\/wp\/v2\/categories?post=9149"},{"taxonomy":"post_tag","embeddable":true,"href":"https:\/\/esbozodeportivo.com\/index.php\/wp-json\/wp\/v2\/tags?post=9149"}],"curies":[{"name":"wp","href":"https:\/\/api.w.org\/{rel}","templated":true}]}}