{"id":9174,"date":"2025-08-23T00:30:03","date_gmt":"2025-08-23T06:30:03","guid":{"rendered":"https:\/\/esbozodeportivo.com\/?p=9174"},"modified":"2025-08-23T00:30:05","modified_gmt":"2025-08-23T06:30:05","slug":"washington-sede-del-sorteo-mundialista","status":"publish","type":"post","link":"https:\/\/esbozodeportivo.com\/index.php\/2025\/08\/23\/washington-sede-del-sorteo-mundialista\/","title":{"rendered":"Washington sede del sorteo Mundialista"},"content":{"rendered":"\n<p>(Foto: Agencias) <\/p>\n\n\n\n<p>El presidente <strong>Donald Trump<\/strong> afirm\u00f3 que el sorteo para la <strong>Copa Mundial 2026<\/strong> se llevar\u00e1 a cabo el cinco de diciembre en el Kennedy Center en Washington, y no descart\u00f3 que \u00e9l mismo pueda supervisar el evento.<\/p>\n\n\n\n<p>\u201cEs el evento m\u00e1s grande, probablemente el m\u00e1s grande en deportes, supongo\u201d, dijo <strong>Trump<\/strong>, quien hizo el anuncio durante un evento en la Oficina Oval junto al presidente de la <strong>FIFA, Gianni Infantino<\/strong>, y el vicepresidente <strong>JD Vance<\/strong>.<\/p>\n\n\n\n<p><strong>Estados Unidos<\/strong> coorganiza el torneo el pr\u00f3ximo a\u00f1o con <strong>Canad\u00e1 y M\u00e9xico<\/strong>, que por primera vez contar\u00e1 con 48 equipos nacionales en lugar de 32 . El sorteo en el <strong>Kennedy Center<\/strong> determinar\u00e1 los grupos de la Copa Mundial y los partidos que cada equipo jugar\u00e1 en la ronda inicial.<\/p>\n\n\n\n<p>Infantino indic\u00f3 que se disputar\u00e1 \u201c104 partidos en un mes\u201d y lo compar\u00f3 con \u201c104 <strong>Super Bowls<\/strong>\u201d.<\/p>\n\n\n\n<p><strong>Trump <\/strong>retom\u00f3 ese tema, diciendo: \u201cEs como tener muchos <strong>Super Bowls<\/strong> en un corto per\u00edodo de tiempo, porque cada uno de estos juegos, esencialmente, es un <strong>Super Bowl<\/strong>. Algunos de ellos son m\u00e1s grandes que los <strong>Super Bowls<\/strong>, de hecho\u201d.<\/p>\n\n\n\n<p>Dijo que el Kennedy Center \u201cdar\u00e1 un inicio fenomenal y estaremos involucrados\u201d. Cuando se le pregunt\u00f3 si ser\u00eda \u00e9l quien saque los nombres de los equipos, <strong>Trump<\/strong> no respondi\u00f3 directamente, pero dej\u00f3 la decisi\u00f3n a Infantino, diciendo que el jefe de la <strong>FIFA <\/strong>\u201cera el jefe\u201d.<\/p>\n\n\n\n<p>\u201cEs una propuesta muy interesante\u201d, asegur\u00f3 Infantino e indic\u00f3 que \u00e9l y <strong>Trump <\/strong>discutir\u00edan el asunto m\u00e1s a fondo.<\/p>\n\n\n\n<p><strong>Trump <\/strong>ha tomado el control del <strong>Kennedy Center<\/strong> y se instal\u00f3 como presidente reemplazando a la junta de fideicomisarios con leales. Tambi\u00e9n ha insinuado que le gustar\u00eda ver el lugar renombrado como el <strong>Centro Trump\/Kennedy<\/strong>.<\/p>\n\n\n\n<p>El presidente tambi\u00e9n aprovech\u00f3 el anuncio de la <strong>FIFA<\/strong> del viernes para presumir sobre su despliegue de la <strong>Guardia Nacional<\/strong> y la federalizaci\u00f3n de la fuerza policial de <strong>Washington.<\/strong><\/p>\n\n\n\n<p>\u201cAs\u00ed que ahora, cuando tengamos este hermoso evento en diciembre, va a ser muy seguro\u201d, dijo <strong>Trump.<\/strong> A\u00f1adi\u00f3 que el jefe de la <strong>FIFA<\/strong> \u201cpuede caminar por la calle con su hermosa esposa. Puede llevarla a cenar, si puede conseguir una reserva\u201d.<\/p>\n\n\n\n<p>Cuando se le pregunt\u00f3 sobre los aficionados en el extranjero que intentar\u00e1n obtener una Visa estadounidenses para asistir al <strong>Mundial Trump<\/strong> inicialmente dijo que el proceso ser\u00eda sencillo, pero luego a\u00f1adi\u00f3: \u201cCiertos pa\u00edses van a ser muy, muy f\u00e1ciles, y otros pa\u00edses van a ser obviamente un poco m\u00e1s dif\u00edciles\u201d.<\/p>\n\n\n\n<p>En un movimiento inusual, Infantino tambi\u00e9n llev\u00f3 el trofeo de la <strong>Copa Mundial<\/strong> con \u00e9l a la Oficina Oval.<\/p>\n\n\n\n<p>Es una superstici\u00f3n casi tan antigua como la propia <strong>Copa Mundial<\/strong>: los jugadores de los equipos nacionales de todo el mundo creen que tocar el trofeo antes de que su equipo realmente gane el torneo en el campo puede traer mala suerte.<\/p>\n\n\n\n<p>Incluso Infantino se\u00f1al\u00f3 que el trofeo es \u201csolo para ganadores\u201d, pero luego a\u00f1adi\u00f3 a <strong>Trump:<\/strong> \u201cY, dado que usted es un ganador, por supuesto que tambi\u00e9n puede hacerlo\u201d.<\/p>\n\n\n\n<p>El presidente hizo precisamente eso, comentando: \u201cEs bastante pesado\u201d.<\/p>\n\n\n\n<p>M\u00e1s tarde llam\u00f3 al trofeo \u201cuna hermosa pieza de oro\u201d y brome\u00f3 sobre qued\u00e1rselo y exhibirlo en la Oficina Oval, que <strong>Trump <\/strong>ha redecorado con un ostentoso decorado dorado.<\/p>\n\n\n\n<p>\u201cEncaja muy bien justo en la pared de all\u00ed\u201d, dijo <strong>Trump.<\/strong><\/p>\n\n\n\n<p><\/p>\n","protected":false},"excerpt":{"rendered":"<p>(Foto: Agencias) El presidente Donald Trump afirm\u00f3 que el sorteo para la Copa Mundial 2026<\/p>\n","protected":false},"author":4,"featured_media":9170,"comment_status":"closed","ping_status":"open","sticky":false,"template":"","format":"standard","meta":{"_jetpack_memberships_contains_paid_content":false,"footnotes":""},"categories":[71],"tags":[],"class_list":["post-9174","post","type-post","status-publish","format-standard","has-post-thumbnail","hentry","category-mundial-2026"],"yoast_head":"<!-- This site is optimized with the Yoast SEO plugin v25.7 - https:\/\/yoast.com\/wordpress\/plugins\/seo\/ -->\n<title>Washington sede del sorteo Mundialista - Esbozo Deportivo<\/title>\n<meta name=\"description\" content=\"El presidente Donald Trump afirm\u00f3 que el sorteo para la Copa Mundial 2026 se llevar\u00e1 a cabo el cinco de diciembre en el Kennedy Center en Washington, y no descart\u00f3 que \u00e9l mismo pueda supervisar el evento.\" \/>\n<meta name=\"robots\" content=\"index, follow, max-snippet:-1, max-image-preview:large, max-video-preview:-1\" \/>\n<link rel=\"canonical\" href=\"https:\/\/esbozodeportivo.com\/index.php\/2025\/08\/23\/washington-sede-del-sorteo-mundialista\/\" \/>\n<meta property=\"og:locale\" content=\"es_MX\" \/>\n<meta property=\"og:type\" content=\"article\" \/>\n<meta property=\"og:title\" content=\"Washington sede del sorteo Mundialista - Esbozo Deportivo\" \/>\n<meta property=\"og:description\" content=\"El presidente Donald Trump afirm\u00f3 que el sorteo para la Copa Mundial 2026 se llevar\u00e1 a cabo el cinco de diciembre en el Kennedy Center en Washington, y no descart\u00f3 que \u00e9l mismo pueda supervisar el evento.\" \/>\n<meta property=\"og:url\" content=\"https:\/\/esbozodeportivo.com\/index.php\/2025\/08\/23\/washington-sede-del-sorteo-mundialista\/\" \/>\n<meta property=\"og:site_name\" content=\"Esbozo Deportivo\" \/>\n<meta property=\"article:published_time\" content=\"2025-08-23T06:30:03+00:00\" \/>\n<meta property=\"article:modified_time\" content=\"2025-08-23T06:30:05+00:00\" \/>\n<meta property=\"og:image\" content=\"https:\/\/esbozodeportivo.com\/wp-content\/uploads\/2025\/08\/Mundial-1.jpg\" \/>\n\t<meta property=\"og:image:width\" content=\"980\" \/>\n\t<meta property=\"og:image:height\" content=\"653\" \/>\n\t<meta property=\"og:image:type\" content=\"image\/jpeg\" \/>\n<meta name=\"author\" content=\"Redacci\u00f3n\" \/>\n<meta name=\"twitter:card\" content=\"summary_large_image\" \/>\n<meta name=\"twitter:label1\" content=\"Escrito por\" \/>\n\t<meta name=\"twitter:data1\" content=\"Redacci\u00f3n\" \/>\n\t<meta name=\"twitter:label2\" content=\"Tiempo de lectura\" \/>\n\t<meta name=\"twitter:data2\" content=\"3 minutos\" \/>\n<script type=\"application\/ld+json\" class=\"yoast-schema-graph\">{\"@context\":\"https:\/\/schema.org\",\"@graph\":[{\"@type\":\"Article\",\"@id\":\"https:\/\/esbozodeportivo.com\/index.php\/2025\/08\/23\/washington-sede-del-sorteo-mundialista\/#article\",\"isPartOf\":{\"@id\":\"https:\/\/esbozodeportivo.com\/index.php\/2025\/08\/23\/washington-sede-del-sorteo-mundialista\/\"},\"author\":{\"name\":\"Redacci\u00f3n\",\"@id\":\"https:\/\/esbozodeportivo.com\/#\/schema\/person\/0f6df9196dfe6740dd0bb31bae50d374\"},\"headline\":\"Washington sede del sorteo Mundialista\",\"datePublished\":\"2025-08-23T06:30:03+00:00\",\"dateModified\":\"2025-08-23T06:30:05+00:00\",\"mainEntityOfPage\":{\"@id\":\"https:\/\/esbozodeportivo.com\/index.php\/2025\/08\/23\/washington-sede-del-sorteo-mundialista\/\"},\"wordCount\":574,\"publisher\":{\"@id\":\"https:\/\/esbozodeportivo.com\/#organization\"},\"image\":{\"@id\":\"https:\/\/esbozodeportivo.com\/index.php\/2025\/08\/23\/washington-sede-del-sorteo-mundialista\/#primaryimage\"},\"thumbnailUrl\":\"https:\/\/esbozodeportivo.com\/wp-content\/uploads\/2025\/08\/Mundial-1.jpg\",\"articleSection\":[\"Mundial 2026\"],\"inLanguage\":\"es\"},{\"@type\":\"WebPage\",\"@id\":\"https:\/\/esbozodeportivo.com\/index.php\/2025\/08\/23\/washington-sede-del-sorteo-mundialista\/\",\"url\":\"https:\/\/esbozodeportivo.com\/index.php\/2025\/08\/23\/washington-sede-del-sorteo-mundialista\/\",\"name\":\"Washington sede del sorteo Mundialista - Esbozo Deportivo\",\"isPartOf\":{\"@id\":\"https:\/\/esbozodeportivo.com\/#website\"},\"primaryImageOfPage\":{\"@id\":\"https:\/\/esbozodeportivo.com\/index.php\/2025\/08\/23\/washington-sede-del-sorteo-mundialista\/#primaryimage\"},\"image\":{\"@id\":\"https:\/\/esbozodeportivo.com\/index.php\/2025\/08\/23\/washington-sede-del-sorteo-mundialista\/#primaryimage\"},\"thumbnailUrl\":\"https:\/\/esbozodeportivo.com\/wp-content\/uploads\/2025\/08\/Mundial-1.jpg\",\"datePublished\":\"2025-08-23T06:30:03+00:00\",\"dateModified\":\"2025-08-23T06:30:05+00:00\",\"description\":\"El presidente Donald Trump afirm\u00f3 que el sorteo para la Copa Mundial 2026 se llevar\u00e1 a cabo el cinco de diciembre en el Kennedy Center en Washington, y no descart\u00f3 que \u00e9l mismo pueda supervisar el evento.\",\"breadcrumb\":{\"@id\":\"https:\/\/esbozodeportivo.com\/index.php\/2025\/08\/23\/washington-sede-del-sorteo-mundialista\/#breadcrumb\"},\"inLanguage\":\"es\",\"potentialAction\":[{\"@type\":\"ReadAction\",\"target\":[\"https:\/\/esbozodeportivo.com\/index.php\/2025\/08\/23\/washington-sede-del-sorteo-mundialista\/\"]}]},{\"@type\":\"ImageObject\",\"inLanguage\":\"es\",\"@id\":\"https:\/\/esbozodeportivo.com\/index.php\/2025\/08\/23\/washington-sede-del-sorteo-mundialista\/#primaryimage\",\"url\":\"https:\/\/esbozodeportivo.com\/wp-content\/uploads\/2025\/08\/Mundial-1.jpg\",\"contentUrl\":\"https:\/\/esbozodeportivo.com\/wp-content\/uploads\/2025\/08\/Mundial-1.jpg\",\"width\":980,\"height\":653},{\"@type\":\"BreadcrumbList\",\"@id\":\"https:\/\/esbozodeportivo.com\/index.php\/2025\/08\/23\/washington-sede-del-sorteo-mundialista\/#breadcrumb\",\"itemListElement\":[{\"@type\":\"ListItem\",\"position\":1,\"name\":\"Inicio\",\"item\":\"https:\/\/esbozodeportivo.com\/\"},{\"@type\":\"ListItem\",\"position\":2,\"name\":\"Washington sede del sorteo Mundialista\"}]},{\"@type\":\"WebSite\",\"@id\":\"https:\/\/esbozodeportivo.com\/#website\",\"url\":\"https:\/\/esbozodeportivo.com\/\",\"name\":\"Esbozo Deportivo\",\"description\":\"Lo m\u00e1s importante del Deporte\",\"publisher\":{\"@id\":\"https:\/\/esbozodeportivo.com\/#organization\"},\"potentialAction\":[{\"@type\":\"SearchAction\",\"target\":{\"@type\":\"EntryPoint\",\"urlTemplate\":\"https:\/\/esbozodeportivo.com\/?s={search_term_string}\"},\"query-input\":{\"@type\":\"PropertyValueSpecification\",\"valueRequired\":true,\"valueName\":\"search_term_string\"}}],\"inLanguage\":\"es\"},{\"@type\":\"Organization\",\"@id\":\"https:\/\/esbozodeportivo.com\/#organization\",\"name\":\"Esbozo Deportivo\",\"url\":\"https:\/\/esbozodeportivo.com\/\",\"logo\":{\"@type\":\"ImageObject\",\"inLanguage\":\"es\",\"@id\":\"https:\/\/esbozodeportivo.com\/#\/schema\/logo\/image\/\",\"url\":\"https:\/\/esbozodeportivo.com\/wp-content\/uploads\/2022\/08\/cropped-Logo-Esbozo-Web-2.png\",\"contentUrl\":\"https:\/\/esbozodeportivo.com\/wp-content\/uploads\/2022\/08\/cropped-Logo-Esbozo-Web-2.png\",\"width\":180,\"height\":50,\"caption\":\"Esbozo Deportivo\"},\"image\":{\"@id\":\"https:\/\/esbozodeportivo.com\/#\/schema\/logo\/image\/\"}},{\"@type\":\"Person\",\"@id\":\"https:\/\/esbozodeportivo.com\/#\/schema\/person\/0f6df9196dfe6740dd0bb31bae50d374\",\"name\":\"Redacci\u00f3n\",\"image\":{\"@type\":\"ImageObject\",\"inLanguage\":\"es\",\"@id\":\"https:\/\/esbozodeportivo.com\/#\/schema\/person\/image\/\",\"url\":\"https:\/\/secure.gravatar.com\/avatar\/f55268a89c3b418f2ef172ff52ab0d09b3e653c58de29539fe329fb93d78ebf3?s=96&d=mm&r=g\",\"contentUrl\":\"https:\/\/secure.gravatar.com\/avatar\/f55268a89c3b418f2ef172ff52ab0d09b3e653c58de29539fe329fb93d78ebf3?s=96&d=mm&r=g\",\"caption\":\"Redacci\u00f3n\"},\"url\":\"https:\/\/esbozodeportivo.com\/index.php\/author\/redaccion\/\"}]}<\/script>\n<!-- \/ Yoast SEO plugin. -->","yoast_head_json":{"title":"Washington sede del sorteo Mundialista - Esbozo Deportivo","description":"El presidente Donald Trump afirm\u00f3 que el sorteo para la Copa Mundial 2026 se llevar\u00e1 a cabo el cinco de diciembre en el Kennedy Center en Washington, y no descart\u00f3 que \u00e9l mismo pueda supervisar el evento.","robots":{"index":"index","follow":"follow","max-snippet":"max-snippet:-1","max-image-preview":"max-image-preview:large","max-video-preview":"max-video-preview:-1"},"canonical":"https:\/\/esbozodeportivo.com\/index.php\/2025\/08\/23\/washington-sede-del-sorteo-mundialista\/","og_locale":"es_MX","og_type":"article","og_title":"Washington sede del sorteo Mundialista - Esbozo Deportivo","og_description":"El presidente Donald Trump afirm\u00f3 que el sorteo para la Copa Mundial 2026 se llevar\u00e1 a cabo el cinco de diciembre en el Kennedy Center en Washington, y no descart\u00f3 que \u00e9l mismo pueda supervisar el evento.","og_url":"https:\/\/esbozodeportivo.com\/index.php\/2025\/08\/23\/washington-sede-del-sorteo-mundialista\/","og_site_name":"Esbozo Deportivo","article_published_time":"2025-08-23T06:30:03+00:00","article_modified_time":"2025-08-23T06:30:05+00:00","og_image":[{"width":980,"height":653,"url":"https:\/\/esbozodeportivo.com\/wp-content\/uploads\/2025\/08\/Mundial-1.jpg","type":"image\/jpeg"}],"author":"Redacci\u00f3n","twitter_card":"summary_large_image","twitter_misc":{"Escrito por":"Redacci\u00f3n","Tiempo de lectura":"3 minutos"},"schema":{"@context":"https:\/\/schema.org","@graph":[{"@type":"Article","@id":"https:\/\/esbozodeportivo.com\/index.php\/2025\/08\/23\/washington-sede-del-sorteo-mundialista\/#article","isPartOf":{"@id":"https:\/\/esbozodeportivo.com\/index.php\/2025\/08\/23\/washington-sede-del-sorteo-mundialista\/"},"author":{"name":"Redacci\u00f3n","@id":"https:\/\/esbozodeportivo.com\/#\/schema\/person\/0f6df9196dfe6740dd0bb31bae50d374"},"headline":"Washington sede del sorteo Mundialista","datePublished":"2025-08-23T06:30:03+00:00","dateModified":"2025-08-23T06:30:05+00:00","mainEntityOfPage":{"@id":"https:\/\/esbozodeportivo.com\/index.php\/2025\/08\/23\/washington-sede-del-sorteo-mundialista\/"},"wordCount":574,"publisher":{"@id":"https:\/\/esbozodeportivo.com\/#organization"},"image":{"@id":"https:\/\/esbozodeportivo.com\/index.php\/2025\/08\/23\/washington-sede-del-sorteo-mundialista\/#primaryimage"},"thumbnailUrl":"https:\/\/esbozodeportivo.com\/wp-content\/uploads\/2025\/08\/Mundial-1.jpg","articleSection":["Mundial 2026"],"inLanguage":"es"},{"@type":"WebPage","@id":"https:\/\/esbozodeportivo.com\/index.php\/2025\/08\/23\/washington-sede-del-sorteo-mundialista\/","url":"https:\/\/esbozodeportivo.com\/index.php\/2025\/08\/23\/washington-sede-del-sorteo-mundialista\/","name":"Washington sede del sorteo Mundialista - Esbozo Deportivo","isPartOf":{"@id":"https:\/\/esbozodeportivo.com\/#website"},"primaryImageOfPage":{"@id":"https:\/\/esbozodeportivo.com\/index.php\/2025\/08\/23\/washington-sede-del-sorteo-mundialista\/#primaryimage"},"image":{"@id":"https:\/\/esbozodeportivo.com\/index.php\/2025\/08\/23\/washington-sede-del-sorteo-mundialista\/#primaryimage"},"thumbnailUrl":"https:\/\/esbozodeportivo.com\/wp-content\/uploads\/2025\/08\/Mundial-1.jpg","datePublished":"2025-08-23T06:30:03+00:00","dateModified":"2025-08-23T06:30:05+00:00","description":"El presidente Donald Trump afirm\u00f3 que el sorteo para la Copa Mundial 2026 se llevar\u00e1 a cabo el cinco de diciembre en el Kennedy Center en Washington, y no descart\u00f3 que \u00e9l mismo pueda supervisar el evento.","breadcrumb":{"@id":"https:\/\/esbozodeportivo.com\/index.php\/2025\/08\/23\/washington-sede-del-sorteo-mundialista\/#breadcrumb"},"inLanguage":"es","potentialAction":[{"@type":"ReadAction","target":["https:\/\/esbozodeportivo.com\/index.php\/2025\/08\/23\/washington-sede-del-sorteo-mundialista\/"]}]},{"@type":"ImageObject","inLanguage":"es","@id":"https:\/\/esbozodeportivo.com\/index.php\/2025\/08\/23\/washington-sede-del-sorteo-mundialista\/#primaryimage","url":"https:\/\/esbozodeportivo.com\/wp-content\/uploads\/2025\/08\/Mundial-1.jpg","contentUrl":"https:\/\/esbozodeportivo.com\/wp-content\/uploads\/2025\/08\/Mundial-1.jpg","width":980,"height":653},{"@type":"BreadcrumbList","@id":"https:\/\/esbozodeportivo.com\/index.php\/2025\/08\/23\/washington-sede-del-sorteo-mundialista\/#breadcrumb","itemListElement":[{"@type":"ListItem","position":1,"name":"Inicio","item":"https:\/\/esbozodeportivo.com\/"},{"@type":"ListItem","position":2,"name":"Washington sede del sorteo Mundialista"}]},{"@type":"WebSite","@id":"https:\/\/esbozodeportivo.com\/#website","url":"https:\/\/esbozodeportivo.com\/","name":"Esbozo Deportivo","description":"Lo m\u00e1s importante del Deporte","publisher":{"@id":"https:\/\/esbozodeportivo.com\/#organization"},"potentialAction":[{"@type":"SearchAction","target":{"@type":"EntryPoint","urlTemplate":"https:\/\/esbozodeportivo.com\/?s={search_term_string}"},"query-input":{"@type":"PropertyValueSpecification","valueRequired":true,"valueName":"search_term_string"}}],"inLanguage":"es"},{"@type":"Organization","@id":"https:\/\/esbozodeportivo.com\/#organization","name":"Esbozo Deportivo","url":"https:\/\/esbozodeportivo.com\/","logo":{"@type":"ImageObject","inLanguage":"es","@id":"https:\/\/esbozodeportivo.com\/#\/schema\/logo\/image\/","url":"https:\/\/esbozodeportivo.com\/wp-content\/uploads\/2022\/08\/cropped-Logo-Esbozo-Web-2.png","contentUrl":"https:\/\/esbozodeportivo.com\/wp-content\/uploads\/2022\/08\/cropped-Logo-Esbozo-Web-2.png","width":180,"height":50,"caption":"Esbozo Deportivo"},"image":{"@id":"https:\/\/esbozodeportivo.com\/#\/schema\/logo\/image\/"}},{"@type":"Person","@id":"https:\/\/esbozodeportivo.com\/#\/schema\/person\/0f6df9196dfe6740dd0bb31bae50d374","name":"Redacci\u00f3n","image":{"@type":"ImageObject","inLanguage":"es","@id":"https:\/\/esbozodeportivo.com\/#\/schema\/person\/image\/","url":"https:\/\/secure.gravatar.com\/avatar\/f55268a89c3b418f2ef172ff52ab0d09b3e653c58de29539fe329fb93d78ebf3?s=96&d=mm&r=g","contentUrl":"https:\/\/secure.gravatar.com\/avatar\/f55268a89c3b418f2ef172ff52ab0d09b3e653c58de29539fe329fb93d78ebf3?s=96&d=mm&r=g","caption":"Redacci\u00f3n"},"url":"https:\/\/esbozodeportivo.com\/index.php\/author\/redaccion\/"}]}},"jetpack_featured_media_url":"https:\/\/esbozodeportivo.com\/wp-content\/uploads\/2025\/08\/Mundial-1.jpg","jetpack_sharing_enabled":true,"_links":{"self":[{"href":"https:\/\/esbozodeportivo.com\/index.php\/wp-json\/wp\/v2\/posts\/9174","targetHints":{"allow":["GET"]}}],"collection":[{"href":"https:\/\/esbozodeportivo.com\/index.php\/wp-json\/wp\/v2\/posts"}],"about":[{"href":"https:\/\/esbozodeportivo.com\/index.php\/wp-json\/wp\/v2\/types\/post"}],"author":[{"embeddable":true,"href":"https:\/\/esbozodeportivo.com\/index.php\/wp-json\/wp\/v2\/users\/4"}],"replies":[{"embeddable":true,"href":"https:\/\/esbozodeportivo.com\/index.php\/wp-json\/wp\/v2\/comments?post=9174"}],"version-history":[{"count":1,"href":"https:\/\/esbozodeportivo.com\/index.php\/wp-json\/wp\/v2\/posts\/9174\/revisions"}],"predecessor-version":[{"id":9175,"href":"https:\/\/esbozodeportivo.com\/index.php\/wp-json\/wp\/v2\/posts\/9174\/revisions\/9175"}],"wp:featuredmedia":[{"embeddable":true,"href":"https:\/\/esbozodeportivo.com\/index.php\/wp-json\/wp\/v2\/media\/9170"}],"wp:attachment":[{"href":"https:\/\/esbozodeportivo.com\/index.php\/wp-json\/wp\/v2\/media?parent=9174"}],"wp:term":[{"taxonomy":"category","embeddable":true,"href":"https:\/\/esbozodeportivo.com\/index.php\/wp-json\/wp\/v2\/categories?post=9174"},{"taxonomy":"post_tag","embeddable":true,"href":"https:\/\/esbozodeportivo.com\/index.php\/wp-json\/wp\/v2\/tags?post=9174"}],"curies":[{"name":"wp","href":"https:\/\/api.w.org\/{rel}","templated":true}]}}