{"id":9200,"date":"2025-08-23T15:24:07","date_gmt":"2025-08-23T21:24:07","guid":{"rendered":"https:\/\/esbozodeportivo.com\/?p=9200"},"modified":"2025-08-23T15:24:08","modified_gmt":"2025-08-23T21:24:08","slug":"philipsen-gana-etapa-inicial-de-la-vuelta","status":"publish","type":"post","link":"https:\/\/esbozodeportivo.com\/index.php\/2025\/08\/23\/philipsen-gana-etapa-inicial-de-la-vuelta\/","title":{"rendered":"Philipsen gana etapa inicial de la Vuelta"},"content":{"rendered":"\n<p>(Foto: Agencias) <\/p>\n\n\n\n<p><strong>Jasper Philipsen<\/strong> gan\u00f3 el sprint en la etapa inaugural de la <strong>Vuelta a Espa\u00f1a<\/strong> el s\u00e1bado en Italia, mientras que el favorito al t\u00edtulo, <strong>Jonas Vingegaard<\/strong>, termin\u00f3 sin problemas en el pelot\u00f3n.<\/p>\n\n\n\n<p>El velocista belga se lanz\u00f3 hacia la l\u00ednea de meta despu\u00e9s de ser impulsado por sus compa\u00f1eros del equipo <strong>Alpecin-Deceuninck<\/strong>. Complet\u00f3 la etapa de 186 kil\u00f3metros desde <strong>Tur\u00edn <\/strong>hasta <strong>Novara <\/strong>en la regi\u00f3n de <strong>Piamonte <\/strong>en cuatro horas, nueve minutos y 12 segundos.<\/p>\n\n\n\n<p>Fue la cuarta victoria en la Vuelta para el ciclista de 27 a\u00f1os, sum\u00e1ndose a sus diez victorias de etapa en el <strong>Tour de Francia<\/strong>.<\/p>\n\n\n\n<p><strong>Philipsen<\/strong> fue seguido por <strong>Ethan Vernon<\/strong> en segundo lugar y <strong>Orluis Aular<\/strong> en tercero.<\/p>\n\n\n\n<p><strong>Philipsen<\/strong> tambi\u00e9n gan\u00f3 la etapa inaugural del <strong>Tour de Francia<\/strong> en julio, pero se retir\u00f3 dos d\u00edas despu\u00e9s debido a una ca\u00edda.<\/p>\n\n\n\n<p>\u201cDespu\u00e9s de mi ca\u00edda en el <strong>Tour<\/strong>, estaba realmente decepcionado por quedar fuera. Fue un rev\u00e9s y tienes que encontrar nuevos objetivos\u201d, afirm\u00f3. \u201cY este era un buen objetivo porque sab\u00eda que solo ten\u00edamos una oportunidad ya que no hab\u00eda muchas oportunidades para velocistas como yo en esta Vuelta\u201d.<\/p>\n\n\n\n<p>El primer d\u00eda cont\u00f3 con una de las cuatro etapas planas de la carrera de tres semanas que tendr\u00e1 varias llegadas en cumbre en las monta\u00f1as de <strong>Espa\u00f1a<\/strong>.<\/p>\n\n\n\n<p><strong>Philipsen<\/strong> vestir\u00e1 el maillot rojo de l\u00edder de la Vuelta el domingo en una etapa plana de 160 kil\u00f3metros con un final en subida en <strong>Limone Piemonte<\/strong>.<\/p>\n\n\n\n<p>La carrera permanecer\u00e1 en Italia hasta cruzar a <strong>Francia<\/strong> en la etapa cuatro. Luego se trasladar\u00e1 a <strong>Espa\u00f1a<\/strong>, donde se llevar\u00e1 a cabo completamente en la mitad norte del pa\u00eds. <strong>Espa\u00f1a <\/strong>se est\u00e1 recuperando de una brutal ola de calor que provoc\u00f3 incendios forestales masivos.<\/p>\n\n\n\n<p><strong>Vingegaard,<\/strong> dos veces ganador del <strong>Tour<\/strong>, es el favorito para ganar su primera Vuelta despu\u00e9s de que su principal rival, <strong>Tadej Poga\u010dar<\/strong>, y el cuatro veces ganador de la Vuelta, <strong>Primoz Roglic<\/strong>, optaran por no participar en la carrera.<\/p>\n\n\n\n<p><\/p>\n","protected":false},"excerpt":{"rendered":"<p>(Foto: Agencias) Jasper Philipsen gan\u00f3 el sprint en la etapa inaugural de la Vuelta a<\/p>\n","protected":false},"author":4,"featured_media":9194,"comment_status":"closed","ping_status":"open","sticky":false,"template":"","format":"standard","meta":{"_jetpack_memberships_contains_paid_content":false,"footnotes":""},"categories":[10],"tags":[],"class_list":["post-9200","post","type-post","status-publish","format-standard","has-post-thumbnail","hentry","category-ciclismo"],"yoast_head":"<!-- This site is optimized with the Yoast SEO plugin v25.7 - https:\/\/yoast.com\/wordpress\/plugins\/seo\/ -->\n<title>Philipsen gana etapa inicial de la Vuelta - Esbozo Deportivo<\/title>\n<meta name=\"description\" content=\"Jasper Philipsen gan\u00f3 el sprint en la etapa inaugural de la Vuelta a Espa\u00f1a el s\u00e1bado en Italia, mientras que el favorito al t\u00edtulo, Jonas Vingegaard, termin\u00f3 sin problemas en el pelot\u00f3n.\" \/>\n<meta name=\"robots\" content=\"index, follow, max-snippet:-1, max-image-preview:large, max-video-preview:-1\" \/>\n<link rel=\"canonical\" href=\"https:\/\/esbozodeportivo.com\/index.php\/2025\/08\/23\/philipsen-gana-etapa-inicial-de-la-vuelta\/\" \/>\n<meta property=\"og:locale\" content=\"es_MX\" \/>\n<meta property=\"og:type\" content=\"article\" \/>\n<meta property=\"og:title\" content=\"Philipsen gana etapa inicial de la Vuelta - Esbozo Deportivo\" \/>\n<meta property=\"og:description\" content=\"Jasper Philipsen gan\u00f3 el sprint en la etapa inaugural de la Vuelta a Espa\u00f1a el s\u00e1bado en Italia, mientras que el favorito al t\u00edtulo, Jonas Vingegaard, termin\u00f3 sin problemas en el pelot\u00f3n.\" \/>\n<meta property=\"og:url\" content=\"https:\/\/esbozodeportivo.com\/index.php\/2025\/08\/23\/philipsen-gana-etapa-inicial-de-la-vuelta\/\" \/>\n<meta property=\"og:site_name\" content=\"Esbozo Deportivo\" \/>\n<meta property=\"article:published_time\" content=\"2025-08-23T21:24:07+00:00\" \/>\n<meta property=\"article:modified_time\" content=\"2025-08-23T21:24:08+00:00\" \/>\n<meta property=\"og:image\" content=\"https:\/\/esbozodeportivo.com\/wp-content\/uploads\/2025\/08\/Ciclismo-a.jpg\" \/>\n\t<meta property=\"og:image:width\" content=\"1440\" \/>\n\t<meta property=\"og:image:height\" content=\"960\" \/>\n\t<meta property=\"og:image:type\" content=\"image\/jpeg\" \/>\n<meta name=\"author\" content=\"Redacci\u00f3n\" \/>\n<meta name=\"twitter:card\" content=\"summary_large_image\" \/>\n<meta name=\"twitter:label1\" content=\"Escrito por\" \/>\n\t<meta name=\"twitter:data1\" content=\"Redacci\u00f3n\" \/>\n\t<meta name=\"twitter:label2\" content=\"Tiempo de lectura\" \/>\n\t<meta name=\"twitter:data2\" content=\"2 minutos\" \/>\n<script type=\"application\/ld+json\" class=\"yoast-schema-graph\">{\"@context\":\"https:\/\/schema.org\",\"@graph\":[{\"@type\":\"Article\",\"@id\":\"https:\/\/esbozodeportivo.com\/index.php\/2025\/08\/23\/philipsen-gana-etapa-inicial-de-la-vuelta\/#article\",\"isPartOf\":{\"@id\":\"https:\/\/esbozodeportivo.com\/index.php\/2025\/08\/23\/philipsen-gana-etapa-inicial-de-la-vuelta\/\"},\"author\":{\"name\":\"Redacci\u00f3n\",\"@id\":\"https:\/\/esbozodeportivo.com\/#\/schema\/person\/0f6df9196dfe6740dd0bb31bae50d374\"},\"headline\":\"Philipsen gana etapa inicial de la Vuelta\",\"datePublished\":\"2025-08-23T21:24:07+00:00\",\"dateModified\":\"2025-08-23T21:24:08+00:00\",\"mainEntityOfPage\":{\"@id\":\"https:\/\/esbozodeportivo.com\/index.php\/2025\/08\/23\/philipsen-gana-etapa-inicial-de-la-vuelta\/\"},\"wordCount\":361,\"publisher\":{\"@id\":\"https:\/\/esbozodeportivo.com\/#organization\"},\"image\":{\"@id\":\"https:\/\/esbozodeportivo.com\/index.php\/2025\/08\/23\/philipsen-gana-etapa-inicial-de-la-vuelta\/#primaryimage\"},\"thumbnailUrl\":\"https:\/\/esbozodeportivo.com\/wp-content\/uploads\/2025\/08\/Ciclismo-a.jpg\",\"articleSection\":[\"Ciclismo\"],\"inLanguage\":\"es\"},{\"@type\":\"WebPage\",\"@id\":\"https:\/\/esbozodeportivo.com\/index.php\/2025\/08\/23\/philipsen-gana-etapa-inicial-de-la-vuelta\/\",\"url\":\"https:\/\/esbozodeportivo.com\/index.php\/2025\/08\/23\/philipsen-gana-etapa-inicial-de-la-vuelta\/\",\"name\":\"Philipsen gana etapa inicial de la Vuelta - Esbozo Deportivo\",\"isPartOf\":{\"@id\":\"https:\/\/esbozodeportivo.com\/#website\"},\"primaryImageOfPage\":{\"@id\":\"https:\/\/esbozodeportivo.com\/index.php\/2025\/08\/23\/philipsen-gana-etapa-inicial-de-la-vuelta\/#primaryimage\"},\"image\":{\"@id\":\"https:\/\/esbozodeportivo.com\/index.php\/2025\/08\/23\/philipsen-gana-etapa-inicial-de-la-vuelta\/#primaryimage\"},\"thumbnailUrl\":\"https:\/\/esbozodeportivo.com\/wp-content\/uploads\/2025\/08\/Ciclismo-a.jpg\",\"datePublished\":\"2025-08-23T21:24:07+00:00\",\"dateModified\":\"2025-08-23T21:24:08+00:00\",\"description\":\"Jasper Philipsen gan\u00f3 el sprint en la etapa inaugural de la Vuelta a Espa\u00f1a el s\u00e1bado en Italia, mientras que el favorito al t\u00edtulo, Jonas Vingegaard, termin\u00f3 sin problemas en el pelot\u00f3n.\",\"breadcrumb\":{\"@id\":\"https:\/\/esbozodeportivo.com\/index.php\/2025\/08\/23\/philipsen-gana-etapa-inicial-de-la-vuelta\/#breadcrumb\"},\"inLanguage\":\"es\",\"potentialAction\":[{\"@type\":\"ReadAction\",\"target\":[\"https:\/\/esbozodeportivo.com\/index.php\/2025\/08\/23\/philipsen-gana-etapa-inicial-de-la-vuelta\/\"]}]},{\"@type\":\"ImageObject\",\"inLanguage\":\"es\",\"@id\":\"https:\/\/esbozodeportivo.com\/index.php\/2025\/08\/23\/philipsen-gana-etapa-inicial-de-la-vuelta\/#primaryimage\",\"url\":\"https:\/\/esbozodeportivo.com\/wp-content\/uploads\/2025\/08\/Ciclismo-a.jpg\",\"contentUrl\":\"https:\/\/esbozodeportivo.com\/wp-content\/uploads\/2025\/08\/Ciclismo-a.jpg\",\"width\":1440,\"height\":960},{\"@type\":\"BreadcrumbList\",\"@id\":\"https:\/\/esbozodeportivo.com\/index.php\/2025\/08\/23\/philipsen-gana-etapa-inicial-de-la-vuelta\/#breadcrumb\",\"itemListElement\":[{\"@type\":\"ListItem\",\"position\":1,\"name\":\"Inicio\",\"item\":\"https:\/\/esbozodeportivo.com\/\"},{\"@type\":\"ListItem\",\"position\":2,\"name\":\"Philipsen gana etapa inicial de la Vuelta\"}]},{\"@type\":\"WebSite\",\"@id\":\"https:\/\/esbozodeportivo.com\/#website\",\"url\":\"https:\/\/esbozodeportivo.com\/\",\"name\":\"Esbozo Deportivo\",\"description\":\"Lo m\u00e1s importante del Deporte\",\"publisher\":{\"@id\":\"https:\/\/esbozodeportivo.com\/#organization\"},\"potentialAction\":[{\"@type\":\"SearchAction\",\"target\":{\"@type\":\"EntryPoint\",\"urlTemplate\":\"https:\/\/esbozodeportivo.com\/?s={search_term_string}\"},\"query-input\":{\"@type\":\"PropertyValueSpecification\",\"valueRequired\":true,\"valueName\":\"search_term_string\"}}],\"inLanguage\":\"es\"},{\"@type\":\"Organization\",\"@id\":\"https:\/\/esbozodeportivo.com\/#organization\",\"name\":\"Esbozo Deportivo\",\"url\":\"https:\/\/esbozodeportivo.com\/\",\"logo\":{\"@type\":\"ImageObject\",\"inLanguage\":\"es\",\"@id\":\"https:\/\/esbozodeportivo.com\/#\/schema\/logo\/image\/\",\"url\":\"https:\/\/esbozodeportivo.com\/wp-content\/uploads\/2022\/08\/cropped-Logo-Esbozo-Web-2.png\",\"contentUrl\":\"https:\/\/esbozodeportivo.com\/wp-content\/uploads\/2022\/08\/cropped-Logo-Esbozo-Web-2.png\",\"width\":180,\"height\":50,\"caption\":\"Esbozo Deportivo\"},\"image\":{\"@id\":\"https:\/\/esbozodeportivo.com\/#\/schema\/logo\/image\/\"}},{\"@type\":\"Person\",\"@id\":\"https:\/\/esbozodeportivo.com\/#\/schema\/person\/0f6df9196dfe6740dd0bb31bae50d374\",\"name\":\"Redacci\u00f3n\",\"image\":{\"@type\":\"ImageObject\",\"inLanguage\":\"es\",\"@id\":\"https:\/\/esbozodeportivo.com\/#\/schema\/person\/image\/\",\"url\":\"https:\/\/secure.gravatar.com\/avatar\/f55268a89c3b418f2ef172ff52ab0d09b3e653c58de29539fe329fb93d78ebf3?s=96&d=mm&r=g\",\"contentUrl\":\"https:\/\/secure.gravatar.com\/avatar\/f55268a89c3b418f2ef172ff52ab0d09b3e653c58de29539fe329fb93d78ebf3?s=96&d=mm&r=g\",\"caption\":\"Redacci\u00f3n\"},\"url\":\"https:\/\/esbozodeportivo.com\/index.php\/author\/redaccion\/\"}]}<\/script>\n<!-- \/ Yoast SEO plugin. -->","yoast_head_json":{"title":"Philipsen gana etapa inicial de la Vuelta - Esbozo Deportivo","description":"Jasper Philipsen gan\u00f3 el sprint en la etapa inaugural de la Vuelta a Espa\u00f1a el s\u00e1bado en Italia, mientras que el favorito al t\u00edtulo, Jonas Vingegaard, termin\u00f3 sin problemas en el pelot\u00f3n.","robots":{"index":"index","follow":"follow","max-snippet":"max-snippet:-1","max-image-preview":"max-image-preview:large","max-video-preview":"max-video-preview:-1"},"canonical":"https:\/\/esbozodeportivo.com\/index.php\/2025\/08\/23\/philipsen-gana-etapa-inicial-de-la-vuelta\/","og_locale":"es_MX","og_type":"article","og_title":"Philipsen gana etapa inicial de la Vuelta - Esbozo Deportivo","og_description":"Jasper Philipsen gan\u00f3 el sprint en la etapa inaugural de la Vuelta a Espa\u00f1a el s\u00e1bado en Italia, mientras que el favorito al t\u00edtulo, Jonas Vingegaard, termin\u00f3 sin problemas en el pelot\u00f3n.","og_url":"https:\/\/esbozodeportivo.com\/index.php\/2025\/08\/23\/philipsen-gana-etapa-inicial-de-la-vuelta\/","og_site_name":"Esbozo Deportivo","article_published_time":"2025-08-23T21:24:07+00:00","article_modified_time":"2025-08-23T21:24:08+00:00","og_image":[{"width":1440,"height":960,"url":"https:\/\/esbozodeportivo.com\/wp-content\/uploads\/2025\/08\/Ciclismo-a.jpg","type":"image\/jpeg"}],"author":"Redacci\u00f3n","twitter_card":"summary_large_image","twitter_misc":{"Escrito por":"Redacci\u00f3n","Tiempo de lectura":"2 minutos"},"schema":{"@context":"https:\/\/schema.org","@graph":[{"@type":"Article","@id":"https:\/\/esbozodeportivo.com\/index.php\/2025\/08\/23\/philipsen-gana-etapa-inicial-de-la-vuelta\/#article","isPartOf":{"@id":"https:\/\/esbozodeportivo.com\/index.php\/2025\/08\/23\/philipsen-gana-etapa-inicial-de-la-vuelta\/"},"author":{"name":"Redacci\u00f3n","@id":"https:\/\/esbozodeportivo.com\/#\/schema\/person\/0f6df9196dfe6740dd0bb31bae50d374"},"headline":"Philipsen gana etapa inicial de la Vuelta","datePublished":"2025-08-23T21:24:07+00:00","dateModified":"2025-08-23T21:24:08+00:00","mainEntityOfPage":{"@id":"https:\/\/esbozodeportivo.com\/index.php\/2025\/08\/23\/philipsen-gana-etapa-inicial-de-la-vuelta\/"},"wordCount":361,"publisher":{"@id":"https:\/\/esbozodeportivo.com\/#organization"},"image":{"@id":"https:\/\/esbozodeportivo.com\/index.php\/2025\/08\/23\/philipsen-gana-etapa-inicial-de-la-vuelta\/#primaryimage"},"thumbnailUrl":"https:\/\/esbozodeportivo.com\/wp-content\/uploads\/2025\/08\/Ciclismo-a.jpg","articleSection":["Ciclismo"],"inLanguage":"es"},{"@type":"WebPage","@id":"https:\/\/esbozodeportivo.com\/index.php\/2025\/08\/23\/philipsen-gana-etapa-inicial-de-la-vuelta\/","url":"https:\/\/esbozodeportivo.com\/index.php\/2025\/08\/23\/philipsen-gana-etapa-inicial-de-la-vuelta\/","name":"Philipsen gana etapa inicial de la Vuelta - Esbozo Deportivo","isPartOf":{"@id":"https:\/\/esbozodeportivo.com\/#website"},"primaryImageOfPage":{"@id":"https:\/\/esbozodeportivo.com\/index.php\/2025\/08\/23\/philipsen-gana-etapa-inicial-de-la-vuelta\/#primaryimage"},"image":{"@id":"https:\/\/esbozodeportivo.com\/index.php\/2025\/08\/23\/philipsen-gana-etapa-inicial-de-la-vuelta\/#primaryimage"},"thumbnailUrl":"https:\/\/esbozodeportivo.com\/wp-content\/uploads\/2025\/08\/Ciclismo-a.jpg","datePublished":"2025-08-23T21:24:07+00:00","dateModified":"2025-08-23T21:24:08+00:00","description":"Jasper Philipsen gan\u00f3 el sprint en la etapa inaugural de la Vuelta a Espa\u00f1a el s\u00e1bado en Italia, mientras que el favorito al t\u00edtulo, Jonas Vingegaard, termin\u00f3 sin problemas en el pelot\u00f3n.","breadcrumb":{"@id":"https:\/\/esbozodeportivo.com\/index.php\/2025\/08\/23\/philipsen-gana-etapa-inicial-de-la-vuelta\/#breadcrumb"},"inLanguage":"es","potentialAction":[{"@type":"ReadAction","target":["https:\/\/esbozodeportivo.com\/index.php\/2025\/08\/23\/philipsen-gana-etapa-inicial-de-la-vuelta\/"]}]},{"@type":"ImageObject","inLanguage":"es","@id":"https:\/\/esbozodeportivo.com\/index.php\/2025\/08\/23\/philipsen-gana-etapa-inicial-de-la-vuelta\/#primaryimage","url":"https:\/\/esbozodeportivo.com\/wp-content\/uploads\/2025\/08\/Ciclismo-a.jpg","contentUrl":"https:\/\/esbozodeportivo.com\/wp-content\/uploads\/2025\/08\/Ciclismo-a.jpg","width":1440,"height":960},{"@type":"BreadcrumbList","@id":"https:\/\/esbozodeportivo.com\/index.php\/2025\/08\/23\/philipsen-gana-etapa-inicial-de-la-vuelta\/#breadcrumb","itemListElement":[{"@type":"ListItem","position":1,"name":"Inicio","item":"https:\/\/esbozodeportivo.com\/"},{"@type":"ListItem","position":2,"name":"Philipsen gana etapa inicial de la Vuelta"}]},{"@type":"WebSite","@id":"https:\/\/esbozodeportivo.com\/#website","url":"https:\/\/esbozodeportivo.com\/","name":"Esbozo Deportivo","description":"Lo m\u00e1s importante del Deporte","publisher":{"@id":"https:\/\/esbozodeportivo.com\/#organization"},"potentialAction":[{"@type":"SearchAction","target":{"@type":"EntryPoint","urlTemplate":"https:\/\/esbozodeportivo.com\/?s={search_term_string}"},"query-input":{"@type":"PropertyValueSpecification","valueRequired":true,"valueName":"search_term_string"}}],"inLanguage":"es"},{"@type":"Organization","@id":"https:\/\/esbozodeportivo.com\/#organization","name":"Esbozo Deportivo","url":"https:\/\/esbozodeportivo.com\/","logo":{"@type":"ImageObject","inLanguage":"es","@id":"https:\/\/esbozodeportivo.com\/#\/schema\/logo\/image\/","url":"https:\/\/esbozodeportivo.com\/wp-content\/uploads\/2022\/08\/cropped-Logo-Esbozo-Web-2.png","contentUrl":"https:\/\/esbozodeportivo.com\/wp-content\/uploads\/2022\/08\/cropped-Logo-Esbozo-Web-2.png","width":180,"height":50,"caption":"Esbozo Deportivo"},"image":{"@id":"https:\/\/esbozodeportivo.com\/#\/schema\/logo\/image\/"}},{"@type":"Person","@id":"https:\/\/esbozodeportivo.com\/#\/schema\/person\/0f6df9196dfe6740dd0bb31bae50d374","name":"Redacci\u00f3n","image":{"@type":"ImageObject","inLanguage":"es","@id":"https:\/\/esbozodeportivo.com\/#\/schema\/person\/image\/","url":"https:\/\/secure.gravatar.com\/avatar\/f55268a89c3b418f2ef172ff52ab0d09b3e653c58de29539fe329fb93d78ebf3?s=96&d=mm&r=g","contentUrl":"https:\/\/secure.gravatar.com\/avatar\/f55268a89c3b418f2ef172ff52ab0d09b3e653c58de29539fe329fb93d78ebf3?s=96&d=mm&r=g","caption":"Redacci\u00f3n"},"url":"https:\/\/esbozodeportivo.com\/index.php\/author\/redaccion\/"}]}},"jetpack_featured_media_url":"https:\/\/esbozodeportivo.com\/wp-content\/uploads\/2025\/08\/Ciclismo-a.jpg","jetpack_sharing_enabled":true,"_links":{"self":[{"href":"https:\/\/esbozodeportivo.com\/index.php\/wp-json\/wp\/v2\/posts\/9200","targetHints":{"allow":["GET"]}}],"collection":[{"href":"https:\/\/esbozodeportivo.com\/index.php\/wp-json\/wp\/v2\/posts"}],"about":[{"href":"https:\/\/esbozodeportivo.com\/index.php\/wp-json\/wp\/v2\/types\/post"}],"author":[{"embeddable":true,"href":"https:\/\/esbozodeportivo.com\/index.php\/wp-json\/wp\/v2\/users\/4"}],"replies":[{"embeddable":true,"href":"https:\/\/esbozodeportivo.com\/index.php\/wp-json\/wp\/v2\/comments?post=9200"}],"version-history":[{"count":1,"href":"https:\/\/esbozodeportivo.com\/index.php\/wp-json\/wp\/v2\/posts\/9200\/revisions"}],"predecessor-version":[{"id":9201,"href":"https:\/\/esbozodeportivo.com\/index.php\/wp-json\/wp\/v2\/posts\/9200\/revisions\/9201"}],"wp:featuredmedia":[{"embeddable":true,"href":"https:\/\/esbozodeportivo.com\/index.php\/wp-json\/wp\/v2\/media\/9194"}],"wp:attachment":[{"href":"https:\/\/esbozodeportivo.com\/index.php\/wp-json\/wp\/v2\/media?parent=9200"}],"wp:term":[{"taxonomy":"category","embeddable":true,"href":"https:\/\/esbozodeportivo.com\/index.php\/wp-json\/wp\/v2\/categories?post=9200"},{"taxonomy":"post_tag","embeddable":true,"href":"https:\/\/esbozodeportivo.com\/index.php\/wp-json\/wp\/v2\/tags?post=9200"}],"curies":[{"name":"wp","href":"https:\/\/api.w.org\/{rel}","templated":true}]}}