{"id":9218,"date":"2025-08-24T23:33:24","date_gmt":"2025-08-25T05:33:24","guid":{"rendered":"https:\/\/esbozodeportivo.com\/?p=9218"},"modified":"2025-08-24T23:33:25","modified_gmt":"2025-08-25T05:33:25","slug":"dallas-activa-a-diggs-y-cortan-a-collins","status":"publish","type":"post","link":"https:\/\/esbozodeportivo.com\/index.php\/2025\/08\/24\/dallas-activa-a-diggs-y-cortan-a-collins\/","title":{"rendered":"Dallas activa a Diggs y cortan a Collins"},"content":{"rendered":"\n<p>(Foto: Agencias) <\/p>\n\n\n\n<p>Los <strong>Vaqueros de Dallas<\/strong> activaron al esquinero <strong>Trevon Diggs<\/strong> de la lista de f\u00edsicamente incapaces de desempe\u00f1arse el domingo, despejando el camino para que el All-Pro de 2021 juegue temprano en la temporada tras su segunda lesi\u00f3n grave de rodilla.<\/p>\n\n\n\n<p>Los <strong>Cowboys<\/strong> tambi\u00e9n liberaron al veterano liniero ofensivo <strong>La\u2019el Collins<\/strong>, quien inici\u00f3 71 de sus 74 juegos con <strong>Dallas<\/strong> desde 2015 hasta 2021, seg\u00fan inform\u00f3 una persona con conocimiento del movimiento a The Associated Press. La persona habl\u00f3 con AP bajo condici\u00f3n de anonimato porque el equipo no ha anunciado la decisi\u00f3n oficialmente.<\/p>\n\n\n\n<p><strong>Collins<\/strong> se uni\u00f3 a los <strong>Cowboys<\/strong> durante el campamento de entrenamiento en <strong>California <\/strong>y jug\u00f3 en el final de la pretemporada el viernes, una victoria de 31-13 sobre <strong>Atlanta.<\/strong><\/p>\n\n\n\n<p>El entrenador <strong>Brian Schottenheimer<\/strong> ha dicho que espera que <strong>Diggs<\/strong> est\u00e9 en la lista de 53 jugadores del equipo cuando se establezca el martes, lo que significa que los <strong>Cowboys<\/strong> creen que puede debutar en la temporada en alg\u00fan momento de las primeras cuatro semanas. <strong>Diggs<\/strong> tuvo que pasar un examen f\u00edsico para salir de la lista PUP.<\/p>\n\n\n\n<p><strong>Dallas<\/strong> retuvo un bono de entrenamiento de 500.000 de Diggs cuando eligi\u00f3 rehabilitar la lesi\u00f3n con su propio personal m\u00e9dico en la temporada baja. <strong>Schottenheimer<\/strong> se tom\u00f3 el tiempo para elogiar el trabajo del esquinero en el campamento de entrenamiento.<\/p>\n\n\n\n<p>\u201cSer\u00eda negligente si no hablara de lo duro que ha estado trabajando <strong>Trevon<\/strong>\u201d, dijo el entrenador en su primer a\u00f1o. \u201cEstas cosas no suceden si \u00e9l no est\u00e1 dedicando el tiempo y el esfuerzo para hacer lo que ha estado haciendo. Realmente estoy orgulloso de \u00e9l\u201d.<\/p>\n\n\n\n<p><strong>Diggs <\/strong>fue limitado a 11 juegos en 2024 despu\u00e9s de sufrir una lesi\u00f3n de rodilla que puso fin a la temporada por segundo a\u00f1o consecutivo. Se rompi\u00f3 un ligamento cruzado anterior en la pr\u00e1ctica despu\u00e9s de dos juegos en 2023.<\/p>\n\n\n\n<p><strong>Diggs<\/strong>, quien cumplir\u00e1 27 a\u00f1os el pr\u00f3ximo mes, es poco probable que juegue en el partido inaugural en <strong>Filadelfia<\/strong> el 4 de septiembre. No est\u00e1 listo para comprometerse a cu\u00e1ndo jugar\u00e1, pero dice que la intensidad de su trabajo ha aumentado.<\/p>\n\n\n\n<p>\u201cVa a aumentar mucho m\u00e1s durante esta semana\u201d, dijo <strong>Diggs<\/strong> despu\u00e9s del juego de pretemporada contra los <strong>Falcons<\/strong>. \u201cQuiero practicar tanto como sea posible, obtener repeticiones en vivo. Siento que la pr\u00e1ctica me dir\u00e1 mucho m\u00e1s d\u00f3nde estoy\u201d.<\/p>\n\n\n\n<p><strong>Diggs <\/strong>lider\u00f3 la <strong>NFL <\/strong>con 11 intercepciones en 2021, la mayor cantidad en la liga desde que <strong>Everson Walls<\/strong> tuvo el mismo n\u00famero para <strong>Dallas <\/strong>como novato en 1981.<\/p>\n\n\n\n<p><strong>DaRon Bland<\/strong>, quien tuvo un r\u00e9cord de cinco devoluciones de intercepci\u00f3n para touchdowns hace dos a\u00f1os, es el \u00fanico otro titular establecido como esquinero. <strong>Kaiir Elam<\/strong>, adquirido de <strong>Buffalo<\/strong> en la temporada baja, es el otro titular en la tabla de profundidad no oficial.<\/p>\n\n\n\n<p><strong>Caelen Carson<\/strong> inici\u00f3 cinco juegos cuando <strong>Bland<\/strong> estuvo lesionado la temporada pasada, y <strong>Andrew Booth<\/strong> inici\u00f3 dos veces entre sus siete juegos.<\/p>\n\n\n\n<p><\/p>\n","protected":false},"excerpt":{"rendered":"<p>(Foto: Agencias) Los Vaqueros de Dallas activaron al esquinero Trevon Diggs de la lista de<\/p>\n","protected":false},"author":4,"featured_media":9219,"comment_status":"closed","ping_status":"open","sticky":false,"template":"","format":"standard","meta":{"_jetpack_memberships_contains_paid_content":false,"footnotes":""},"categories":[6],"tags":[],"class_list":["post-9218","post","type-post","status-publish","format-standard","has-post-thumbnail","hentry","category-nfl"],"yoast_head":"<!-- This site is optimized with the Yoast SEO plugin v25.7 - https:\/\/yoast.com\/wordpress\/plugins\/seo\/ -->\n<title>Dallas activa a Diggs y cortan a Collins - Esbozo Deportivo<\/title>\n<meta name=\"description\" content=\"Los Vaqueros de Dallas activaron al esquinero Trevon Diggs de la lista de f\u00edsicamente incapaces de desempe\u00f1arse el domingo, despejando el camino para que el All-Pro de 2021 juegue temprano en la temporada tras su segunda lesi\u00f3n grave de rodilla.\" \/>\n<meta name=\"robots\" content=\"index, follow, max-snippet:-1, max-image-preview:large, max-video-preview:-1\" \/>\n<link rel=\"canonical\" href=\"https:\/\/esbozodeportivo.com\/index.php\/2025\/08\/24\/dallas-activa-a-diggs-y-cortan-a-collins\/\" \/>\n<meta property=\"og:locale\" content=\"es_MX\" \/>\n<meta property=\"og:type\" content=\"article\" \/>\n<meta property=\"og:title\" content=\"Dallas activa a Diggs y cortan a Collins - Esbozo Deportivo\" \/>\n<meta property=\"og:description\" content=\"Los Vaqueros de Dallas activaron al esquinero Trevon Diggs de la lista de f\u00edsicamente incapaces de desempe\u00f1arse el domingo, despejando el camino para que el All-Pro de 2021 juegue temprano en la temporada tras su segunda lesi\u00f3n grave de rodilla.\" \/>\n<meta property=\"og:url\" content=\"https:\/\/esbozodeportivo.com\/index.php\/2025\/08\/24\/dallas-activa-a-diggs-y-cortan-a-collins\/\" \/>\n<meta property=\"og:site_name\" content=\"Esbozo Deportivo\" \/>\n<meta property=\"article:published_time\" content=\"2025-08-25T05:33:24+00:00\" \/>\n<meta property=\"article:modified_time\" content=\"2025-08-25T05:33:25+00:00\" \/>\n<meta property=\"og:image\" content=\"https:\/\/esbozodeportivo.com\/wp-content\/uploads\/2025\/08\/Dallas.jpg\" \/>\n\t<meta property=\"og:image:width\" content=\"1200\" \/>\n\t<meta property=\"og:image:height\" content=\"800\" \/>\n\t<meta property=\"og:image:type\" content=\"image\/jpeg\" \/>\n<meta name=\"author\" content=\"Redacci\u00f3n\" \/>\n<meta name=\"twitter:card\" content=\"summary_large_image\" \/>\n<meta name=\"twitter:label1\" content=\"Escrito por\" \/>\n\t<meta name=\"twitter:data1\" content=\"Redacci\u00f3n\" \/>\n\t<meta name=\"twitter:label2\" content=\"Tiempo de lectura\" \/>\n\t<meta name=\"twitter:data2\" content=\"3 minutos\" \/>\n<script type=\"application\/ld+json\" class=\"yoast-schema-graph\">{\"@context\":\"https:\/\/schema.org\",\"@graph\":[{\"@type\":\"Article\",\"@id\":\"https:\/\/esbozodeportivo.com\/index.php\/2025\/08\/24\/dallas-activa-a-diggs-y-cortan-a-collins\/#article\",\"isPartOf\":{\"@id\":\"https:\/\/esbozodeportivo.com\/index.php\/2025\/08\/24\/dallas-activa-a-diggs-y-cortan-a-collins\/\"},\"author\":{\"name\":\"Redacci\u00f3n\",\"@id\":\"https:\/\/esbozodeportivo.com\/#\/schema\/person\/0f6df9196dfe6740dd0bb31bae50d374\"},\"headline\":\"Dallas activa a Diggs y cortan a Collins\",\"datePublished\":\"2025-08-25T05:33:24+00:00\",\"dateModified\":\"2025-08-25T05:33:25+00:00\",\"mainEntityOfPage\":{\"@id\":\"https:\/\/esbozodeportivo.com\/index.php\/2025\/08\/24\/dallas-activa-a-diggs-y-cortan-a-collins\/\"},\"wordCount\":506,\"publisher\":{\"@id\":\"https:\/\/esbozodeportivo.com\/#organization\"},\"image\":{\"@id\":\"https:\/\/esbozodeportivo.com\/index.php\/2025\/08\/24\/dallas-activa-a-diggs-y-cortan-a-collins\/#primaryimage\"},\"thumbnailUrl\":\"https:\/\/esbozodeportivo.com\/wp-content\/uploads\/2025\/08\/Dallas.jpg\",\"articleSection\":[\"NFL\"],\"inLanguage\":\"es\"},{\"@type\":\"WebPage\",\"@id\":\"https:\/\/esbozodeportivo.com\/index.php\/2025\/08\/24\/dallas-activa-a-diggs-y-cortan-a-collins\/\",\"url\":\"https:\/\/esbozodeportivo.com\/index.php\/2025\/08\/24\/dallas-activa-a-diggs-y-cortan-a-collins\/\",\"name\":\"Dallas activa a Diggs y cortan a Collins - Esbozo Deportivo\",\"isPartOf\":{\"@id\":\"https:\/\/esbozodeportivo.com\/#website\"},\"primaryImageOfPage\":{\"@id\":\"https:\/\/esbozodeportivo.com\/index.php\/2025\/08\/24\/dallas-activa-a-diggs-y-cortan-a-collins\/#primaryimage\"},\"image\":{\"@id\":\"https:\/\/esbozodeportivo.com\/index.php\/2025\/08\/24\/dallas-activa-a-diggs-y-cortan-a-collins\/#primaryimage\"},\"thumbnailUrl\":\"https:\/\/esbozodeportivo.com\/wp-content\/uploads\/2025\/08\/Dallas.jpg\",\"datePublished\":\"2025-08-25T05:33:24+00:00\",\"dateModified\":\"2025-08-25T05:33:25+00:00\",\"description\":\"Los Vaqueros de Dallas activaron al esquinero Trevon Diggs de la lista de f\u00edsicamente incapaces de desempe\u00f1arse el domingo, despejando el camino para que el All-Pro de 2021 juegue temprano en la temporada tras su segunda lesi\u00f3n grave de rodilla.\",\"breadcrumb\":{\"@id\":\"https:\/\/esbozodeportivo.com\/index.php\/2025\/08\/24\/dallas-activa-a-diggs-y-cortan-a-collins\/#breadcrumb\"},\"inLanguage\":\"es\",\"potentialAction\":[{\"@type\":\"ReadAction\",\"target\":[\"https:\/\/esbozodeportivo.com\/index.php\/2025\/08\/24\/dallas-activa-a-diggs-y-cortan-a-collins\/\"]}]},{\"@type\":\"ImageObject\",\"inLanguage\":\"es\",\"@id\":\"https:\/\/esbozodeportivo.com\/index.php\/2025\/08\/24\/dallas-activa-a-diggs-y-cortan-a-collins\/#primaryimage\",\"url\":\"https:\/\/esbozodeportivo.com\/wp-content\/uploads\/2025\/08\/Dallas.jpg\",\"contentUrl\":\"https:\/\/esbozodeportivo.com\/wp-content\/uploads\/2025\/08\/Dallas.jpg\",\"width\":1200,\"height\":800},{\"@type\":\"BreadcrumbList\",\"@id\":\"https:\/\/esbozodeportivo.com\/index.php\/2025\/08\/24\/dallas-activa-a-diggs-y-cortan-a-collins\/#breadcrumb\",\"itemListElement\":[{\"@type\":\"ListItem\",\"position\":1,\"name\":\"Inicio\",\"item\":\"https:\/\/esbozodeportivo.com\/\"},{\"@type\":\"ListItem\",\"position\":2,\"name\":\"Dallas activa a Diggs y cortan a Collins\"}]},{\"@type\":\"WebSite\",\"@id\":\"https:\/\/esbozodeportivo.com\/#website\",\"url\":\"https:\/\/esbozodeportivo.com\/\",\"name\":\"Esbozo Deportivo\",\"description\":\"Lo m\u00e1s importante del Deporte\",\"publisher\":{\"@id\":\"https:\/\/esbozodeportivo.com\/#organization\"},\"potentialAction\":[{\"@type\":\"SearchAction\",\"target\":{\"@type\":\"EntryPoint\",\"urlTemplate\":\"https:\/\/esbozodeportivo.com\/?s={search_term_string}\"},\"query-input\":{\"@type\":\"PropertyValueSpecification\",\"valueRequired\":true,\"valueName\":\"search_term_string\"}}],\"inLanguage\":\"es\"},{\"@type\":\"Organization\",\"@id\":\"https:\/\/esbozodeportivo.com\/#organization\",\"name\":\"Esbozo Deportivo\",\"url\":\"https:\/\/esbozodeportivo.com\/\",\"logo\":{\"@type\":\"ImageObject\",\"inLanguage\":\"es\",\"@id\":\"https:\/\/esbozodeportivo.com\/#\/schema\/logo\/image\/\",\"url\":\"https:\/\/esbozodeportivo.com\/wp-content\/uploads\/2022\/08\/cropped-Logo-Esbozo-Web-2.png\",\"contentUrl\":\"https:\/\/esbozodeportivo.com\/wp-content\/uploads\/2022\/08\/cropped-Logo-Esbozo-Web-2.png\",\"width\":180,\"height\":50,\"caption\":\"Esbozo Deportivo\"},\"image\":{\"@id\":\"https:\/\/esbozodeportivo.com\/#\/schema\/logo\/image\/\"}},{\"@type\":\"Person\",\"@id\":\"https:\/\/esbozodeportivo.com\/#\/schema\/person\/0f6df9196dfe6740dd0bb31bae50d374\",\"name\":\"Redacci\u00f3n\",\"image\":{\"@type\":\"ImageObject\",\"inLanguage\":\"es\",\"@id\":\"https:\/\/esbozodeportivo.com\/#\/schema\/person\/image\/\",\"url\":\"https:\/\/secure.gravatar.com\/avatar\/f55268a89c3b418f2ef172ff52ab0d09b3e653c58de29539fe329fb93d78ebf3?s=96&d=mm&r=g\",\"contentUrl\":\"https:\/\/secure.gravatar.com\/avatar\/f55268a89c3b418f2ef172ff52ab0d09b3e653c58de29539fe329fb93d78ebf3?s=96&d=mm&r=g\",\"caption\":\"Redacci\u00f3n\"},\"url\":\"https:\/\/esbozodeportivo.com\/index.php\/author\/redaccion\/\"}]}<\/script>\n<!-- \/ Yoast SEO plugin. -->","yoast_head_json":{"title":"Dallas activa a Diggs y cortan a Collins - Esbozo Deportivo","description":"Los Vaqueros de Dallas activaron al esquinero Trevon Diggs de la lista de f\u00edsicamente incapaces de desempe\u00f1arse el domingo, despejando el camino para que el All-Pro de 2021 juegue temprano en la temporada tras su segunda lesi\u00f3n grave de rodilla.","robots":{"index":"index","follow":"follow","max-snippet":"max-snippet:-1","max-image-preview":"max-image-preview:large","max-video-preview":"max-video-preview:-1"},"canonical":"https:\/\/esbozodeportivo.com\/index.php\/2025\/08\/24\/dallas-activa-a-diggs-y-cortan-a-collins\/","og_locale":"es_MX","og_type":"article","og_title":"Dallas activa a Diggs y cortan a Collins - Esbozo Deportivo","og_description":"Los Vaqueros de Dallas activaron al esquinero Trevon Diggs de la lista de f\u00edsicamente incapaces de desempe\u00f1arse el domingo, despejando el camino para que el All-Pro de 2021 juegue temprano en la temporada tras su segunda lesi\u00f3n grave de rodilla.","og_url":"https:\/\/esbozodeportivo.com\/index.php\/2025\/08\/24\/dallas-activa-a-diggs-y-cortan-a-collins\/","og_site_name":"Esbozo Deportivo","article_published_time":"2025-08-25T05:33:24+00:00","article_modified_time":"2025-08-25T05:33:25+00:00","og_image":[{"width":1200,"height":800,"url":"https:\/\/esbozodeportivo.com\/wp-content\/uploads\/2025\/08\/Dallas.jpg","type":"image\/jpeg"}],"author":"Redacci\u00f3n","twitter_card":"summary_large_image","twitter_misc":{"Escrito por":"Redacci\u00f3n","Tiempo de lectura":"3 minutos"},"schema":{"@context":"https:\/\/schema.org","@graph":[{"@type":"Article","@id":"https:\/\/esbozodeportivo.com\/index.php\/2025\/08\/24\/dallas-activa-a-diggs-y-cortan-a-collins\/#article","isPartOf":{"@id":"https:\/\/esbozodeportivo.com\/index.php\/2025\/08\/24\/dallas-activa-a-diggs-y-cortan-a-collins\/"},"author":{"name":"Redacci\u00f3n","@id":"https:\/\/esbozodeportivo.com\/#\/schema\/person\/0f6df9196dfe6740dd0bb31bae50d374"},"headline":"Dallas activa a Diggs y cortan a Collins","datePublished":"2025-08-25T05:33:24+00:00","dateModified":"2025-08-25T05:33:25+00:00","mainEntityOfPage":{"@id":"https:\/\/esbozodeportivo.com\/index.php\/2025\/08\/24\/dallas-activa-a-diggs-y-cortan-a-collins\/"},"wordCount":506,"publisher":{"@id":"https:\/\/esbozodeportivo.com\/#organization"},"image":{"@id":"https:\/\/esbozodeportivo.com\/index.php\/2025\/08\/24\/dallas-activa-a-diggs-y-cortan-a-collins\/#primaryimage"},"thumbnailUrl":"https:\/\/esbozodeportivo.com\/wp-content\/uploads\/2025\/08\/Dallas.jpg","articleSection":["NFL"],"inLanguage":"es"},{"@type":"WebPage","@id":"https:\/\/esbozodeportivo.com\/index.php\/2025\/08\/24\/dallas-activa-a-diggs-y-cortan-a-collins\/","url":"https:\/\/esbozodeportivo.com\/index.php\/2025\/08\/24\/dallas-activa-a-diggs-y-cortan-a-collins\/","name":"Dallas activa a Diggs y cortan a Collins - Esbozo Deportivo","isPartOf":{"@id":"https:\/\/esbozodeportivo.com\/#website"},"primaryImageOfPage":{"@id":"https:\/\/esbozodeportivo.com\/index.php\/2025\/08\/24\/dallas-activa-a-diggs-y-cortan-a-collins\/#primaryimage"},"image":{"@id":"https:\/\/esbozodeportivo.com\/index.php\/2025\/08\/24\/dallas-activa-a-diggs-y-cortan-a-collins\/#primaryimage"},"thumbnailUrl":"https:\/\/esbozodeportivo.com\/wp-content\/uploads\/2025\/08\/Dallas.jpg","datePublished":"2025-08-25T05:33:24+00:00","dateModified":"2025-08-25T05:33:25+00:00","description":"Los Vaqueros de Dallas activaron al esquinero Trevon Diggs de la lista de f\u00edsicamente incapaces de desempe\u00f1arse el domingo, despejando el camino para que el All-Pro de 2021 juegue temprano en la temporada tras su segunda lesi\u00f3n grave de rodilla.","breadcrumb":{"@id":"https:\/\/esbozodeportivo.com\/index.php\/2025\/08\/24\/dallas-activa-a-diggs-y-cortan-a-collins\/#breadcrumb"},"inLanguage":"es","potentialAction":[{"@type":"ReadAction","target":["https:\/\/esbozodeportivo.com\/index.php\/2025\/08\/24\/dallas-activa-a-diggs-y-cortan-a-collins\/"]}]},{"@type":"ImageObject","inLanguage":"es","@id":"https:\/\/esbozodeportivo.com\/index.php\/2025\/08\/24\/dallas-activa-a-diggs-y-cortan-a-collins\/#primaryimage","url":"https:\/\/esbozodeportivo.com\/wp-content\/uploads\/2025\/08\/Dallas.jpg","contentUrl":"https:\/\/esbozodeportivo.com\/wp-content\/uploads\/2025\/08\/Dallas.jpg","width":1200,"height":800},{"@type":"BreadcrumbList","@id":"https:\/\/esbozodeportivo.com\/index.php\/2025\/08\/24\/dallas-activa-a-diggs-y-cortan-a-collins\/#breadcrumb","itemListElement":[{"@type":"ListItem","position":1,"name":"Inicio","item":"https:\/\/esbozodeportivo.com\/"},{"@type":"ListItem","position":2,"name":"Dallas activa a Diggs y cortan a Collins"}]},{"@type":"WebSite","@id":"https:\/\/esbozodeportivo.com\/#website","url":"https:\/\/esbozodeportivo.com\/","name":"Esbozo Deportivo","description":"Lo m\u00e1s importante del Deporte","publisher":{"@id":"https:\/\/esbozodeportivo.com\/#organization"},"potentialAction":[{"@type":"SearchAction","target":{"@type":"EntryPoint","urlTemplate":"https:\/\/esbozodeportivo.com\/?s={search_term_string}"},"query-input":{"@type":"PropertyValueSpecification","valueRequired":true,"valueName":"search_term_string"}}],"inLanguage":"es"},{"@type":"Organization","@id":"https:\/\/esbozodeportivo.com\/#organization","name":"Esbozo Deportivo","url":"https:\/\/esbozodeportivo.com\/","logo":{"@type":"ImageObject","inLanguage":"es","@id":"https:\/\/esbozodeportivo.com\/#\/schema\/logo\/image\/","url":"https:\/\/esbozodeportivo.com\/wp-content\/uploads\/2022\/08\/cropped-Logo-Esbozo-Web-2.png","contentUrl":"https:\/\/esbozodeportivo.com\/wp-content\/uploads\/2022\/08\/cropped-Logo-Esbozo-Web-2.png","width":180,"height":50,"caption":"Esbozo Deportivo"},"image":{"@id":"https:\/\/esbozodeportivo.com\/#\/schema\/logo\/image\/"}},{"@type":"Person","@id":"https:\/\/esbozodeportivo.com\/#\/schema\/person\/0f6df9196dfe6740dd0bb31bae50d374","name":"Redacci\u00f3n","image":{"@type":"ImageObject","inLanguage":"es","@id":"https:\/\/esbozodeportivo.com\/#\/schema\/person\/image\/","url":"https:\/\/secure.gravatar.com\/avatar\/f55268a89c3b418f2ef172ff52ab0d09b3e653c58de29539fe329fb93d78ebf3?s=96&d=mm&r=g","contentUrl":"https:\/\/secure.gravatar.com\/avatar\/f55268a89c3b418f2ef172ff52ab0d09b3e653c58de29539fe329fb93d78ebf3?s=96&d=mm&r=g","caption":"Redacci\u00f3n"},"url":"https:\/\/esbozodeportivo.com\/index.php\/author\/redaccion\/"}]}},"jetpack_featured_media_url":"https:\/\/esbozodeportivo.com\/wp-content\/uploads\/2025\/08\/Dallas.jpg","jetpack_sharing_enabled":true,"_links":{"self":[{"href":"https:\/\/esbozodeportivo.com\/index.php\/wp-json\/wp\/v2\/posts\/9218","targetHints":{"allow":["GET"]}}],"collection":[{"href":"https:\/\/esbozodeportivo.com\/index.php\/wp-json\/wp\/v2\/posts"}],"about":[{"href":"https:\/\/esbozodeportivo.com\/index.php\/wp-json\/wp\/v2\/types\/post"}],"author":[{"embeddable":true,"href":"https:\/\/esbozodeportivo.com\/index.php\/wp-json\/wp\/v2\/users\/4"}],"replies":[{"embeddable":true,"href":"https:\/\/esbozodeportivo.com\/index.php\/wp-json\/wp\/v2\/comments?post=9218"}],"version-history":[{"count":1,"href":"https:\/\/esbozodeportivo.com\/index.php\/wp-json\/wp\/v2\/posts\/9218\/revisions"}],"predecessor-version":[{"id":9222,"href":"https:\/\/esbozodeportivo.com\/index.php\/wp-json\/wp\/v2\/posts\/9218\/revisions\/9222"}],"wp:featuredmedia":[{"embeddable":true,"href":"https:\/\/esbozodeportivo.com\/index.php\/wp-json\/wp\/v2\/media\/9219"}],"wp:attachment":[{"href":"https:\/\/esbozodeportivo.com\/index.php\/wp-json\/wp\/v2\/media?parent=9218"}],"wp:term":[{"taxonomy":"category","embeddable":true,"href":"https:\/\/esbozodeportivo.com\/index.php\/wp-json\/wp\/v2\/categories?post=9218"},{"taxonomy":"post_tag","embeddable":true,"href":"https:\/\/esbozodeportivo.com\/index.php\/wp-json\/wp\/v2\/tags?post=9218"}],"curies":[{"name":"wp","href":"https:\/\/api.w.org\/{rel}","templated":true}]}}