{"id":9267,"date":"2025-08-27T00:13:27","date_gmt":"2025-08-27T06:13:27","guid":{"rendered":"https:\/\/esbozodeportivo.com\/?p=9267"},"modified":"2025-08-27T00:13:28","modified_gmt":"2025-08-27T06:13:28","slug":"tommy-devito-causa-baja-en-gigantes","status":"publish","type":"post","link":"https:\/\/esbozodeportivo.com\/index.php\/2025\/08\/27\/tommy-devito-causa-baja-en-gigantes\/","title":{"rendered":"Tommy DeVito, causa baja en Gigantes"},"content":{"rendered":"\n<p>(Foto: Agencias) <\/p>\n\n\n\n<p><strong>*El quarterback Tommy DeVito, tendr\u00e1 que buscar un nuevo equipo.<\/strong><\/p>\n\n\n\n<p>Los Giants de Nueva York dejaron en libertad a uno de los favoritos de la afici\u00f3n, seg\u00fan infrom\u00f3 el martes a The Associated Press una persona con conocimiento de la decisi\u00f3n. La persona habl\u00f3 con AP bajo condici\u00f3n de anonimato porque el equipo no ha anunciado el movimiento.<\/p>\n\n\n\n<p>En otro lugar, Kyle Trask perdi\u00f3 su puesto como suplente de Baker Mayfield en Tampa Bay despu\u00e9s de que el equipo eligiera al veterano Teddy Bridgewater para ocupar la posici\u00f3n n\u00famero dos. Trask fue informado de la decisi\u00f3n el lunes, dijo una persona con conocimiento de la situaci\u00f3n.<\/p>\n\n\n\n<p>Tyler Huntley no pas\u00f3 el corte en Cleveland. El quarterback veterano se uni\u00f3 a los Browns a principios de este mes como el quinto mariscal de campo detr\u00e1s de los veteranos Joe Flacco y Kenny Pickett y los novatos Dillon Gabriel y Shedeur Sanders. Pickett fue traspasado a Las Vegas el lunes.<\/p>\n\n\n\n<p>El novato seleccionado en la sexta ronda, Kyle McCord, no formar\u00e1 parte de la plantilla inicial de Filadelfia. El mariscal de campo de Syracuse es candidato para el equipo de pr\u00e1ctica si otro equipo no lo firma. Los campeones defensores del Super Bowl adquirieron a Sam Howell para respaldar a Jalen Hurts y Tanner McKee.<\/p>\n\n\n\n<p>DeVito, quien lleg\u00f3 al equipo como un agente libre no reclutado y es oriundo de Nueva Jersey recibiendo el apodo de \u201cTommy Cutlets\u201d, no se esperaba que formara parte del equipo tras las contrataciones de los veteranos Russell Wilson y Jameis Winston y la selecci\u00f3n de Jaxson Dart en la primera ronda.<\/p>\n\n\n\n<p>Preg\u00fantale a cualquier entrenador de la NFL cu\u00e1l es la peor parte del trabajo y la respuesta abrumadora ser\u00e1 cortar jugadores.<\/p>\n\n\n\n<p>M\u00e1s de 1.100 jugadores ser\u00e1n liberados el martes cuando los equipos tengan que reducir sus plantillas a 53 antes de las cuatro de la tarde ET. Es una tarea dif\u00edcil para los cuerpos t\u00e9cnicos. A nadie le gusta decirles a los jugadores que entreguen sus libros de jugadas porque no hicieron el equipo.<\/p>\n\n\n\n<p>\u201cMe rompe el coraz\u00f3n. Lo hace porque si fueran mis hijos, los veo a trav\u00e9s de ese lente porque mis hijos est\u00e1n creciendo ahora y ves lo duro que trabajan y lo que ponen en ello y han hecho todo lo que les hemos pedido\u201d, dijo el entrenador de los Bills de Buffalo, Sean McDermott. \u201cEstos chicos son tan agradecidos y llenos de clase\u201d.<\/p>\n\n\n\n<p>\u201cNuevamente, es dif\u00edcil desde el punto de vista del f\u00fatbol, pero a\u00fan m\u00e1s dif\u00edcil desde un, \u2018Oye, estos chicos son buenos chicos y son ganadores\u2019, (punto de vista). A veces no dura en el f\u00fatbol, \u00bfverdad? Pero ah\u00ed es donde te recuerdan que el f\u00fatbol no lo es todo y la vida es lo m\u00e1s importante. Les dije a estos chicos que van a ser ganadores en la vida y eso es, en \u00faltima instancia, lo m\u00e1s importante\u201d, a\u00f1adi\u00f3 McDermott.<\/p>\n\n\n\n<p>Los equipos que tienen varios jugadores talentosos compitiendo por la misma posici\u00f3n terminan con las decisiones m\u00e1s dif\u00edciles. Pero es un problema bienvenido.<\/p>\n\n\n\n<p>\u201cCuando te conviertes en un buen equipo, los cortes se vuelven m\u00e1s dif\u00edciles\u201d, dijo el entrenador de los Buccaneers de Tampa Bay, Todd Bowles. \u201cCuando no tienes nada, puedes mantener a todos. Siempre es dif\u00edcil porque no quieres ser el tipo que le dice a alguien que ya no puede jugar f\u00fatbol profesional. No significa que sea el final del camino, solo significa que es el final del camino aqu\u00ed. Eso siempre es dif\u00edcil cuando tienes que decirle eso a alguien. Creo que cualquier entrenador te dir\u00e1 lo mismo\u201d.<\/p>\n\n\n\n<p>Los equipos pueden traer de vuelta a los jugadores al equipo de pr\u00e1ctica si otro equipo no los reclama durante el periodo de exenciones. Cada equipo puede tener hasta 16 jugadores, incluidos un m\u00e1ximo de seis jugadores veteranos elegibles con experiencia ilimitada, en el equipo de pr\u00e1ctica. El resto deben ser jugadores con dos o menos temporadas acumuladas. Los equipos tambi\u00e9n pueden tener un jugador adicional del programa de la V\u00eda de Jugadores Internacionales.<\/p>\n\n\n\n<p>Los jugadores pueden ser firmados desde un equipo de pr\u00e1ctica al roster activo de otro equipo en cualquier momento.<\/p>\n\n\n\n<p><\/p>\n","protected":false},"excerpt":{"rendered":"<p>(Foto: Agencias) *El quarterback Tommy DeVito, tendr\u00e1 que buscar un nuevo equipo. Los Giants de<\/p>\n","protected":false},"author":4,"featured_media":9271,"comment_status":"closed","ping_status":"open","sticky":false,"template":"","format":"standard","meta":{"_jetpack_memberships_contains_paid_content":false,"footnotes":""},"categories":[6],"tags":[],"class_list":["post-9267","post","type-post","status-publish","format-standard","has-post-thumbnail","hentry","category-nfl"],"yoast_head":"<!-- This site is optimized with the Yoast SEO plugin v25.7 - https:\/\/yoast.com\/wordpress\/plugins\/seo\/ -->\n<title>Tommy DeVito, causa baja en Gigantes - Esbozo Deportivo<\/title>\n<meta name=\"description\" content=\"Los Giants de Nueva York dejaron en libertad a uno de los favoritos de la afici\u00f3n, seg\u00fan infrom\u00f3 el martes a The Associated Press una persona con conocimiento de la decisi\u00f3n. La persona habl\u00f3 con AP bajo condici\u00f3n de anonimato porque el equipo no ha anunciado el movimiento.\" \/>\n<meta name=\"robots\" content=\"index, follow, max-snippet:-1, max-image-preview:large, max-video-preview:-1\" \/>\n<link rel=\"canonical\" href=\"https:\/\/esbozodeportivo.com\/index.php\/2025\/08\/27\/tommy-devito-causa-baja-en-gigantes\/\" \/>\n<meta property=\"og:locale\" content=\"es_MX\" \/>\n<meta property=\"og:type\" content=\"article\" \/>\n<meta property=\"og:title\" content=\"Tommy DeVito, causa baja en Gigantes - Esbozo Deportivo\" \/>\n<meta property=\"og:description\" content=\"Los Giants de Nueva York dejaron en libertad a uno de los favoritos de la afici\u00f3n, seg\u00fan infrom\u00f3 el martes a The Associated Press una persona con conocimiento de la decisi\u00f3n. La persona habl\u00f3 con AP bajo condici\u00f3n de anonimato porque el equipo no ha anunciado el movimiento.\" \/>\n<meta property=\"og:url\" content=\"https:\/\/esbozodeportivo.com\/index.php\/2025\/08\/27\/tommy-devito-causa-baja-en-gigantes\/\" \/>\n<meta property=\"og:site_name\" content=\"Esbozo Deportivo\" \/>\n<meta property=\"article:published_time\" content=\"2025-08-27T06:13:27+00:00\" \/>\n<meta property=\"article:modified_time\" content=\"2025-08-27T06:13:28+00:00\" \/>\n<meta property=\"og:image\" content=\"https:\/\/esbozodeportivo.com\/wp-content\/uploads\/2025\/08\/Gigantes.jpg\" \/>\n\t<meta property=\"og:image:width\" content=\"980\" \/>\n\t<meta property=\"og:image:height\" content=\"653\" \/>\n\t<meta property=\"og:image:type\" content=\"image\/jpeg\" \/>\n<meta name=\"author\" content=\"Redacci\u00f3n\" \/>\n<meta name=\"twitter:card\" content=\"summary_large_image\" \/>\n<meta name=\"twitter:label1\" content=\"Escrito por\" \/>\n\t<meta name=\"twitter:data1\" content=\"Redacci\u00f3n\" \/>\n\t<meta name=\"twitter:label2\" content=\"Tiempo de lectura\" \/>\n\t<meta name=\"twitter:data2\" content=\"4 minutos\" \/>\n<script type=\"application\/ld+json\" class=\"yoast-schema-graph\">{\"@context\":\"https:\/\/schema.org\",\"@graph\":[{\"@type\":\"Article\",\"@id\":\"https:\/\/esbozodeportivo.com\/index.php\/2025\/08\/27\/tommy-devito-causa-baja-en-gigantes\/#article\",\"isPartOf\":{\"@id\":\"https:\/\/esbozodeportivo.com\/index.php\/2025\/08\/27\/tommy-devito-causa-baja-en-gigantes\/\"},\"author\":{\"name\":\"Redacci\u00f3n\",\"@id\":\"https:\/\/esbozodeportivo.com\/#\/schema\/person\/0f6df9196dfe6740dd0bb31bae50d374\"},\"headline\":\"Tommy DeVito, causa baja en Gigantes\",\"datePublished\":\"2025-08-27T06:13:27+00:00\",\"dateModified\":\"2025-08-27T06:13:28+00:00\",\"mainEntityOfPage\":{\"@id\":\"https:\/\/esbozodeportivo.com\/index.php\/2025\/08\/27\/tommy-devito-causa-baja-en-gigantes\/\"},\"wordCount\":738,\"publisher\":{\"@id\":\"https:\/\/esbozodeportivo.com\/#organization\"},\"image\":{\"@id\":\"https:\/\/esbozodeportivo.com\/index.php\/2025\/08\/27\/tommy-devito-causa-baja-en-gigantes\/#primaryimage\"},\"thumbnailUrl\":\"https:\/\/esbozodeportivo.com\/wp-content\/uploads\/2025\/08\/Gigantes.jpg\",\"articleSection\":[\"NFL\"],\"inLanguage\":\"es\"},{\"@type\":\"WebPage\",\"@id\":\"https:\/\/esbozodeportivo.com\/index.php\/2025\/08\/27\/tommy-devito-causa-baja-en-gigantes\/\",\"url\":\"https:\/\/esbozodeportivo.com\/index.php\/2025\/08\/27\/tommy-devito-causa-baja-en-gigantes\/\",\"name\":\"Tommy DeVito, causa baja en Gigantes - Esbozo Deportivo\",\"isPartOf\":{\"@id\":\"https:\/\/esbozodeportivo.com\/#website\"},\"primaryImageOfPage\":{\"@id\":\"https:\/\/esbozodeportivo.com\/index.php\/2025\/08\/27\/tommy-devito-causa-baja-en-gigantes\/#primaryimage\"},\"image\":{\"@id\":\"https:\/\/esbozodeportivo.com\/index.php\/2025\/08\/27\/tommy-devito-causa-baja-en-gigantes\/#primaryimage\"},\"thumbnailUrl\":\"https:\/\/esbozodeportivo.com\/wp-content\/uploads\/2025\/08\/Gigantes.jpg\",\"datePublished\":\"2025-08-27T06:13:27+00:00\",\"dateModified\":\"2025-08-27T06:13:28+00:00\",\"description\":\"Los Giants de Nueva York dejaron en libertad a uno de los favoritos de la afici\u00f3n, seg\u00fan infrom\u00f3 el martes a The Associated Press una persona con conocimiento de la decisi\u00f3n. La persona habl\u00f3 con AP bajo condici\u00f3n de anonimato porque el equipo no ha anunciado el movimiento.\",\"breadcrumb\":{\"@id\":\"https:\/\/esbozodeportivo.com\/index.php\/2025\/08\/27\/tommy-devito-causa-baja-en-gigantes\/#breadcrumb\"},\"inLanguage\":\"es\",\"potentialAction\":[{\"@type\":\"ReadAction\",\"target\":[\"https:\/\/esbozodeportivo.com\/index.php\/2025\/08\/27\/tommy-devito-causa-baja-en-gigantes\/\"]}]},{\"@type\":\"ImageObject\",\"inLanguage\":\"es\",\"@id\":\"https:\/\/esbozodeportivo.com\/index.php\/2025\/08\/27\/tommy-devito-causa-baja-en-gigantes\/#primaryimage\",\"url\":\"https:\/\/esbozodeportivo.com\/wp-content\/uploads\/2025\/08\/Gigantes.jpg\",\"contentUrl\":\"https:\/\/esbozodeportivo.com\/wp-content\/uploads\/2025\/08\/Gigantes.jpg\",\"width\":980,\"height\":653},{\"@type\":\"BreadcrumbList\",\"@id\":\"https:\/\/esbozodeportivo.com\/index.php\/2025\/08\/27\/tommy-devito-causa-baja-en-gigantes\/#breadcrumb\",\"itemListElement\":[{\"@type\":\"ListItem\",\"position\":1,\"name\":\"Inicio\",\"item\":\"https:\/\/esbozodeportivo.com\/\"},{\"@type\":\"ListItem\",\"position\":2,\"name\":\"Tommy DeVito, causa baja en Gigantes\"}]},{\"@type\":\"WebSite\",\"@id\":\"https:\/\/esbozodeportivo.com\/#website\",\"url\":\"https:\/\/esbozodeportivo.com\/\",\"name\":\"Esbozo Deportivo\",\"description\":\"Lo m\u00e1s importante del Deporte\",\"publisher\":{\"@id\":\"https:\/\/esbozodeportivo.com\/#organization\"},\"potentialAction\":[{\"@type\":\"SearchAction\",\"target\":{\"@type\":\"EntryPoint\",\"urlTemplate\":\"https:\/\/esbozodeportivo.com\/?s={search_term_string}\"},\"query-input\":{\"@type\":\"PropertyValueSpecification\",\"valueRequired\":true,\"valueName\":\"search_term_string\"}}],\"inLanguage\":\"es\"},{\"@type\":\"Organization\",\"@id\":\"https:\/\/esbozodeportivo.com\/#organization\",\"name\":\"Esbozo Deportivo\",\"url\":\"https:\/\/esbozodeportivo.com\/\",\"logo\":{\"@type\":\"ImageObject\",\"inLanguage\":\"es\",\"@id\":\"https:\/\/esbozodeportivo.com\/#\/schema\/logo\/image\/\",\"url\":\"https:\/\/esbozodeportivo.com\/wp-content\/uploads\/2022\/08\/cropped-Logo-Esbozo-Web-2.png\",\"contentUrl\":\"https:\/\/esbozodeportivo.com\/wp-content\/uploads\/2022\/08\/cropped-Logo-Esbozo-Web-2.png\",\"width\":180,\"height\":50,\"caption\":\"Esbozo Deportivo\"},\"image\":{\"@id\":\"https:\/\/esbozodeportivo.com\/#\/schema\/logo\/image\/\"}},{\"@type\":\"Person\",\"@id\":\"https:\/\/esbozodeportivo.com\/#\/schema\/person\/0f6df9196dfe6740dd0bb31bae50d374\",\"name\":\"Redacci\u00f3n\",\"image\":{\"@type\":\"ImageObject\",\"inLanguage\":\"es\",\"@id\":\"https:\/\/esbozodeportivo.com\/#\/schema\/person\/image\/\",\"url\":\"https:\/\/secure.gravatar.com\/avatar\/f55268a89c3b418f2ef172ff52ab0d09b3e653c58de29539fe329fb93d78ebf3?s=96&d=mm&r=g\",\"contentUrl\":\"https:\/\/secure.gravatar.com\/avatar\/f55268a89c3b418f2ef172ff52ab0d09b3e653c58de29539fe329fb93d78ebf3?s=96&d=mm&r=g\",\"caption\":\"Redacci\u00f3n\"},\"url\":\"https:\/\/esbozodeportivo.com\/index.php\/author\/redaccion\/\"}]}<\/script>\n<!-- \/ Yoast SEO plugin. -->","yoast_head_json":{"title":"Tommy DeVito, causa baja en Gigantes - Esbozo Deportivo","description":"Los Giants de Nueva York dejaron en libertad a uno de los favoritos de la afici\u00f3n, seg\u00fan infrom\u00f3 el martes a The Associated Press una persona con conocimiento de la decisi\u00f3n. La persona habl\u00f3 con AP bajo condici\u00f3n de anonimato porque el equipo no ha anunciado el movimiento.","robots":{"index":"index","follow":"follow","max-snippet":"max-snippet:-1","max-image-preview":"max-image-preview:large","max-video-preview":"max-video-preview:-1"},"canonical":"https:\/\/esbozodeportivo.com\/index.php\/2025\/08\/27\/tommy-devito-causa-baja-en-gigantes\/","og_locale":"es_MX","og_type":"article","og_title":"Tommy DeVito, causa baja en Gigantes - Esbozo Deportivo","og_description":"Los Giants de Nueva York dejaron en libertad a uno de los favoritos de la afici\u00f3n, seg\u00fan infrom\u00f3 el martes a The Associated Press una persona con conocimiento de la decisi\u00f3n. La persona habl\u00f3 con AP bajo condici\u00f3n de anonimato porque el equipo no ha anunciado el movimiento.","og_url":"https:\/\/esbozodeportivo.com\/index.php\/2025\/08\/27\/tommy-devito-causa-baja-en-gigantes\/","og_site_name":"Esbozo Deportivo","article_published_time":"2025-08-27T06:13:27+00:00","article_modified_time":"2025-08-27T06:13:28+00:00","og_image":[{"width":980,"height":653,"url":"https:\/\/esbozodeportivo.com\/wp-content\/uploads\/2025\/08\/Gigantes.jpg","type":"image\/jpeg"}],"author":"Redacci\u00f3n","twitter_card":"summary_large_image","twitter_misc":{"Escrito por":"Redacci\u00f3n","Tiempo de lectura":"4 minutos"},"schema":{"@context":"https:\/\/schema.org","@graph":[{"@type":"Article","@id":"https:\/\/esbozodeportivo.com\/index.php\/2025\/08\/27\/tommy-devito-causa-baja-en-gigantes\/#article","isPartOf":{"@id":"https:\/\/esbozodeportivo.com\/index.php\/2025\/08\/27\/tommy-devito-causa-baja-en-gigantes\/"},"author":{"name":"Redacci\u00f3n","@id":"https:\/\/esbozodeportivo.com\/#\/schema\/person\/0f6df9196dfe6740dd0bb31bae50d374"},"headline":"Tommy DeVito, causa baja en Gigantes","datePublished":"2025-08-27T06:13:27+00:00","dateModified":"2025-08-27T06:13:28+00:00","mainEntityOfPage":{"@id":"https:\/\/esbozodeportivo.com\/index.php\/2025\/08\/27\/tommy-devito-causa-baja-en-gigantes\/"},"wordCount":738,"publisher":{"@id":"https:\/\/esbozodeportivo.com\/#organization"},"image":{"@id":"https:\/\/esbozodeportivo.com\/index.php\/2025\/08\/27\/tommy-devito-causa-baja-en-gigantes\/#primaryimage"},"thumbnailUrl":"https:\/\/esbozodeportivo.com\/wp-content\/uploads\/2025\/08\/Gigantes.jpg","articleSection":["NFL"],"inLanguage":"es"},{"@type":"WebPage","@id":"https:\/\/esbozodeportivo.com\/index.php\/2025\/08\/27\/tommy-devito-causa-baja-en-gigantes\/","url":"https:\/\/esbozodeportivo.com\/index.php\/2025\/08\/27\/tommy-devito-causa-baja-en-gigantes\/","name":"Tommy DeVito, causa baja en Gigantes - Esbozo Deportivo","isPartOf":{"@id":"https:\/\/esbozodeportivo.com\/#website"},"primaryImageOfPage":{"@id":"https:\/\/esbozodeportivo.com\/index.php\/2025\/08\/27\/tommy-devito-causa-baja-en-gigantes\/#primaryimage"},"image":{"@id":"https:\/\/esbozodeportivo.com\/index.php\/2025\/08\/27\/tommy-devito-causa-baja-en-gigantes\/#primaryimage"},"thumbnailUrl":"https:\/\/esbozodeportivo.com\/wp-content\/uploads\/2025\/08\/Gigantes.jpg","datePublished":"2025-08-27T06:13:27+00:00","dateModified":"2025-08-27T06:13:28+00:00","description":"Los Giants de Nueva York dejaron en libertad a uno de los favoritos de la afici\u00f3n, seg\u00fan infrom\u00f3 el martes a The Associated Press una persona con conocimiento de la decisi\u00f3n. La persona habl\u00f3 con AP bajo condici\u00f3n de anonimato porque el equipo no ha anunciado el movimiento.","breadcrumb":{"@id":"https:\/\/esbozodeportivo.com\/index.php\/2025\/08\/27\/tommy-devito-causa-baja-en-gigantes\/#breadcrumb"},"inLanguage":"es","potentialAction":[{"@type":"ReadAction","target":["https:\/\/esbozodeportivo.com\/index.php\/2025\/08\/27\/tommy-devito-causa-baja-en-gigantes\/"]}]},{"@type":"ImageObject","inLanguage":"es","@id":"https:\/\/esbozodeportivo.com\/index.php\/2025\/08\/27\/tommy-devito-causa-baja-en-gigantes\/#primaryimage","url":"https:\/\/esbozodeportivo.com\/wp-content\/uploads\/2025\/08\/Gigantes.jpg","contentUrl":"https:\/\/esbozodeportivo.com\/wp-content\/uploads\/2025\/08\/Gigantes.jpg","width":980,"height":653},{"@type":"BreadcrumbList","@id":"https:\/\/esbozodeportivo.com\/index.php\/2025\/08\/27\/tommy-devito-causa-baja-en-gigantes\/#breadcrumb","itemListElement":[{"@type":"ListItem","position":1,"name":"Inicio","item":"https:\/\/esbozodeportivo.com\/"},{"@type":"ListItem","position":2,"name":"Tommy DeVito, causa baja en Gigantes"}]},{"@type":"WebSite","@id":"https:\/\/esbozodeportivo.com\/#website","url":"https:\/\/esbozodeportivo.com\/","name":"Esbozo Deportivo","description":"Lo m\u00e1s importante del Deporte","publisher":{"@id":"https:\/\/esbozodeportivo.com\/#organization"},"potentialAction":[{"@type":"SearchAction","target":{"@type":"EntryPoint","urlTemplate":"https:\/\/esbozodeportivo.com\/?s={search_term_string}"},"query-input":{"@type":"PropertyValueSpecification","valueRequired":true,"valueName":"search_term_string"}}],"inLanguage":"es"},{"@type":"Organization","@id":"https:\/\/esbozodeportivo.com\/#organization","name":"Esbozo Deportivo","url":"https:\/\/esbozodeportivo.com\/","logo":{"@type":"ImageObject","inLanguage":"es","@id":"https:\/\/esbozodeportivo.com\/#\/schema\/logo\/image\/","url":"https:\/\/esbozodeportivo.com\/wp-content\/uploads\/2022\/08\/cropped-Logo-Esbozo-Web-2.png","contentUrl":"https:\/\/esbozodeportivo.com\/wp-content\/uploads\/2022\/08\/cropped-Logo-Esbozo-Web-2.png","width":180,"height":50,"caption":"Esbozo Deportivo"},"image":{"@id":"https:\/\/esbozodeportivo.com\/#\/schema\/logo\/image\/"}},{"@type":"Person","@id":"https:\/\/esbozodeportivo.com\/#\/schema\/person\/0f6df9196dfe6740dd0bb31bae50d374","name":"Redacci\u00f3n","image":{"@type":"ImageObject","inLanguage":"es","@id":"https:\/\/esbozodeportivo.com\/#\/schema\/person\/image\/","url":"https:\/\/secure.gravatar.com\/avatar\/f55268a89c3b418f2ef172ff52ab0d09b3e653c58de29539fe329fb93d78ebf3?s=96&d=mm&r=g","contentUrl":"https:\/\/secure.gravatar.com\/avatar\/f55268a89c3b418f2ef172ff52ab0d09b3e653c58de29539fe329fb93d78ebf3?s=96&d=mm&r=g","caption":"Redacci\u00f3n"},"url":"https:\/\/esbozodeportivo.com\/index.php\/author\/redaccion\/"}]}},"jetpack_featured_media_url":"https:\/\/esbozodeportivo.com\/wp-content\/uploads\/2025\/08\/Gigantes.jpg","jetpack_sharing_enabled":true,"_links":{"self":[{"href":"https:\/\/esbozodeportivo.com\/index.php\/wp-json\/wp\/v2\/posts\/9267","targetHints":{"allow":["GET"]}}],"collection":[{"href":"https:\/\/esbozodeportivo.com\/index.php\/wp-json\/wp\/v2\/posts"}],"about":[{"href":"https:\/\/esbozodeportivo.com\/index.php\/wp-json\/wp\/v2\/types\/post"}],"author":[{"embeddable":true,"href":"https:\/\/esbozodeportivo.com\/index.php\/wp-json\/wp\/v2\/users\/4"}],"replies":[{"embeddable":true,"href":"https:\/\/esbozodeportivo.com\/index.php\/wp-json\/wp\/v2\/comments?post=9267"}],"version-history":[{"count":1,"href":"https:\/\/esbozodeportivo.com\/index.php\/wp-json\/wp\/v2\/posts\/9267\/revisions"}],"predecessor-version":[{"id":9273,"href":"https:\/\/esbozodeportivo.com\/index.php\/wp-json\/wp\/v2\/posts\/9267\/revisions\/9273"}],"wp:featuredmedia":[{"embeddable":true,"href":"https:\/\/esbozodeportivo.com\/index.php\/wp-json\/wp\/v2\/media\/9271"}],"wp:attachment":[{"href":"https:\/\/esbozodeportivo.com\/index.php\/wp-json\/wp\/v2\/media?parent=9267"}],"wp:term":[{"taxonomy":"category","embeddable":true,"href":"https:\/\/esbozodeportivo.com\/index.php\/wp-json\/wp\/v2\/categories?post=9267"},{"taxonomy":"post_tag","embeddable":true,"href":"https:\/\/esbozodeportivo.com\/index.php\/wp-json\/wp\/v2\/tags?post=9267"}],"curies":[{"name":"wp","href":"https:\/\/api.w.org\/{rel}","templated":true}]}}