{"id":9337,"date":"2025-09-02T00:26:27","date_gmt":"2025-09-02T06:26:27","guid":{"rendered":"https:\/\/esbozodeportivo.com\/?p=9337"},"modified":"2025-09-02T00:26:28","modified_gmt":"2025-09-02T06:26:28","slug":"bayer-leverkusen-despide-a-erik-ten-hag","status":"publish","type":"post","link":"https:\/\/esbozodeportivo.com\/index.php\/2025\/09\/02\/bayer-leverkusen-despide-a-erik-ten-hag\/","title":{"rendered":"Bayer Leverkusen despide a Erik ten Hag"},"content":{"rendered":"\n<p>(Foto: Agencias) <\/p>\n\n\n\n<p>Erik ten Hag dijo que estaba tan sorprendido como el resto del mundo del f\u00fatbol cuando el Bayer Leverkusen lo despidi\u00f3 despu\u00e9s de tres partidos en un movimiento \u201csin precedentes\u201d el lunes.<\/p>\n\n\n\n<p>El exentrenador del Manchester United ten\u00eda la encomienda de reconstruir al Leverkusen tras un \u00e9xodo de jugadores clave desde la salida del entrenador campe\u00f3n de la Bundesliga, Xabi Alonso, al Real Madrid.<\/p>\n\n\n\n<p>Todo se desmoron\u00f3 r\u00e1pidamente.<\/p>\n\n\n\n<p>El descontento era evidente cuando Ten Hag cuestion\u00f3 las decisiones del club en el mercado de fichajes, mientras los jugadores discut\u00edan sobre qui\u00e9n tomar\u00eda un penal en su tercer y \u00faltimo partido.<\/p>\n\n\n\n<p>\u201cLa decisi\u00f3n de la directiva del Bayer Leverkusen esta ma\u00f1ana de ponerme en licencia fue una completa sorpresa. Separarse de un entrenador despu\u00e9s de solo dos partidos de liga es algo sin precedentes\u201d, dijo Ten Hag en un comunicado emitido por su agencia.<\/p>\n\n\n\n<p>Ten Hag argument\u00f3 que necesitaba m\u00e1s tiempo para que la reconstrucci\u00f3n funcionara.<\/p>\n\n\n\n<p>\u201cComenc\u00e9 este trabajo con plena convicci\u00f3n y energ\u00eda, pero desafortunadamente la directiva no estaba dispuesta a darme el tiempo y la confianza que necesitaba, lo cual lamento profundamente. Siento que esto nunca fue una relaci\u00f3n basada en la confianza mutua\u201d.<\/p>\n\n\n\n<p>La tarea de Ten Hag era integrar una serie de nuevos jugadores \u2014m\u00e1s fichajes continuaron el domingo y el lunes\u2014 despu\u00e9s de que estrellas de la temporada ganadora del t\u00edtulo 2023-24 de Leverkusen como Florian Wirtz, Jeremie Frimpong y Granit Xhaka se marcharan.<\/p>\n\n\n\n<p>Hubo se\u00f1ales de problemas antes de la temporada cuando Ten Hag habl\u00f3 p\u00fablicamente en contra de la salida de Xhaka, solo para que Leverkusen permitiera que el mediocampista se uniera al Sunderland. El primer amistoso de Ten Hag en julio fue una derrota por 5-1 ante el equipo juvenil del club brasile\u00f1o Flamengo, un resultado impactante incluso siendo un partido de exhibici\u00f3n.<\/p>\n\n\n\n<p>Leverkusen perdi\u00f3 2-1 en casa ante el Hoffenheim en el debut de Ten Hag en la Bundesliga \u2014result\u00f3 ser su \u00fanico partido en casa\u2014 luego desperdici\u00f3 una ventaja de dos goles para permitir que el Werder Bremen, que se qued\u00f3 con diez hombres, empatara 3-3 el s\u00e1bado.<\/p>\n\n\n\n<p>El capit\u00e1n Robert Andrich cuestion\u00f3 despu\u00e9s de ese partido el compromiso y el trabajo en equipo de sus compa\u00f1eros, mientras Ten Hag se enfureci\u00f3 por una disputa \u201cinaceptable\u201d en el campo sobre qui\u00e9n tomar\u00eda un penal, diciendo que sus jugadores trataban sus instrucciones como si fueran debatibles. \u201cTiene que haber claridad\u201d, dijo.<\/p>\n\n\n\n<p>El otro duelo de Ten Hag fue una victoria por 4-0 en la Copa de Alemania sobre un equipo de cuarta divisi\u00f3n.<\/p>\n\n\n\n<p>\u201cEsta decisi\u00f3n no fue f\u00e1cil para nosotros\u201d, afirm\u00f3 el director deportivo de Leverkusen, Simon Rolfes, en un comunicado. \u201cNadie quer\u00eda dar este paso. Pero las \u00faltimas semanas mostraron que construir un equipo nuevo y exitoso con esta configuraci\u00f3n no se pod\u00eda lograr de manera efectiva. Creemos firmemente en la calidad de nuestro equipo y ahora haremos todo lo que est\u00e9 en nuestro poder para dar los pr\u00f3ximos pasos en nuestro desarrollo con una nueva constelaci\u00f3n\u201d.<\/p>\n\n\n\n<p>\u201cUna separaci\u00f3n en una etapa temprana de la temporada es dolorosa, pero era necesaria desde nuestro punto de vista\u201d, dijo el director ejecutivo de Leverkusen, Fernando Carro.<\/p>\n\n\n\n<p>Ten Hag, de 55 a\u00f1os, reemplaz\u00f3 a Xabi Alonso en mayo y se le confi\u00f3 la gesti\u00f3n de una renovaci\u00f3n masiva del equipo que gan\u00f3 la Bundesliga en 2024.<\/p>\n\n\n\n<p>Ten Hag advirti\u00f3 que no era un mago y que tomar\u00eda tiempo lograr que Leverkusen volviera a funcionar como un verdadero equipo. \u201cNo se puede forzar el proceso. Es imposible. Nadie es como Harry Potter\u201d, coment\u00f3 Ten Hag el mes pasado.<\/p>\n\n\n\n<p>Ten Hag hab\u00eda utilizado previamente la referencia a Harry Potter durante su tiempo en el United. Tras una derrota ante el Liverpool en septiembre de 2024, Ten Hag dijo que no era Harry Potter mientras explicaba las dificultades de depender de jugadores que no hab\u00edan tenido mucho tiempo de juego. Menos de dos meses despu\u00e9s, fue despedido.<\/p>\n\n\n\n<p>Leverkusen no dio indicios de un posible sucesor para Ten Hag. El pr\u00f3ximo partido del equipo despu\u00e9s del par\u00f3n internacional es en casa contra el Eintracht Frankfurt el 12 de septiembre.<\/p>\n\n\n\n<p><\/p>\n","protected":false},"excerpt":{"rendered":"<p>(Foto: Agencias) Erik ten Hag dijo que estaba tan sorprendido como el resto del mundo<\/p>\n","protected":false},"author":4,"featured_media":9338,"comment_status":"closed","ping_status":"open","sticky":false,"template":"","format":"standard","meta":{"_jetpack_memberships_contains_paid_content":false,"footnotes":""},"categories":[14],"tags":[],"class_list":["post-9337","post","type-post","status-publish","format-standard","has-post-thumbnail","hentry","category-futbol"],"yoast_head":"<!-- This site is optimized with the Yoast SEO plugin v25.7 - https:\/\/yoast.com\/wordpress\/plugins\/seo\/ -->\n<title>Bayer Leverkusen despide a Erik ten Hag - Esbozo Deportivo<\/title>\n<meta name=\"description\" content=\"El exentrenador del Manchester United ten\u00eda la encomienda de reconstruir al Leverkusen tras un \u00e9xodo de jugadores clave desde la salida del entrenador campe\u00f3n de la Bundesliga, Xabi Alonso, al Real Madrid.\" \/>\n<meta name=\"robots\" content=\"index, follow, max-snippet:-1, max-image-preview:large, max-video-preview:-1\" \/>\n<link rel=\"canonical\" href=\"https:\/\/esbozodeportivo.com\/index.php\/2025\/09\/02\/bayer-leverkusen-despide-a-erik-ten-hag\/\" \/>\n<meta property=\"og:locale\" content=\"es_MX\" \/>\n<meta property=\"og:type\" content=\"article\" \/>\n<meta property=\"og:title\" content=\"Bayer Leverkusen despide a Erik ten Hag - Esbozo Deportivo\" \/>\n<meta property=\"og:description\" content=\"El exentrenador del Manchester United ten\u00eda la encomienda de reconstruir al Leverkusen tras un \u00e9xodo de jugadores clave desde la salida del entrenador campe\u00f3n de la Bundesliga, Xabi Alonso, al Real Madrid.\" \/>\n<meta property=\"og:url\" content=\"https:\/\/esbozodeportivo.com\/index.php\/2025\/09\/02\/bayer-leverkusen-despide-a-erik-ten-hag\/\" \/>\n<meta property=\"og:site_name\" content=\"Esbozo Deportivo\" \/>\n<meta property=\"article:published_time\" content=\"2025-09-02T06:26:27+00:00\" \/>\n<meta property=\"article:modified_time\" content=\"2025-09-02T06:26:28+00:00\" \/>\n<meta property=\"og:image\" content=\"https:\/\/esbozodeportivo.com\/wp-content\/uploads\/2025\/09\/Futrbol.jpg\" \/>\n\t<meta property=\"og:image:width\" content=\"980\" \/>\n\t<meta property=\"og:image:height\" content=\"653\" \/>\n\t<meta property=\"og:image:type\" content=\"image\/jpeg\" \/>\n<meta name=\"author\" content=\"Redacci\u00f3n\" \/>\n<meta name=\"twitter:card\" content=\"summary_large_image\" \/>\n<meta name=\"twitter:label1\" content=\"Escrito por\" \/>\n\t<meta name=\"twitter:data1\" content=\"Redacci\u00f3n\" \/>\n\t<meta name=\"twitter:label2\" content=\"Tiempo de lectura\" \/>\n\t<meta name=\"twitter:data2\" content=\"4 minutos\" \/>\n<script type=\"application\/ld+json\" class=\"yoast-schema-graph\">{\"@context\":\"https:\/\/schema.org\",\"@graph\":[{\"@type\":\"Article\",\"@id\":\"https:\/\/esbozodeportivo.com\/index.php\/2025\/09\/02\/bayer-leverkusen-despide-a-erik-ten-hag\/#article\",\"isPartOf\":{\"@id\":\"https:\/\/esbozodeportivo.com\/index.php\/2025\/09\/02\/bayer-leverkusen-despide-a-erik-ten-hag\/\"},\"author\":{\"name\":\"Redacci\u00f3n\",\"@id\":\"https:\/\/esbozodeportivo.com\/#\/schema\/person\/0f6df9196dfe6740dd0bb31bae50d374\"},\"headline\":\"Bayer Leverkusen despide a Erik ten Hag\",\"datePublished\":\"2025-09-02T06:26:27+00:00\",\"dateModified\":\"2025-09-02T06:26:28+00:00\",\"mainEntityOfPage\":{\"@id\":\"https:\/\/esbozodeportivo.com\/index.php\/2025\/09\/02\/bayer-leverkusen-despide-a-erik-ten-hag\/\"},\"wordCount\":734,\"publisher\":{\"@id\":\"https:\/\/esbozodeportivo.com\/#organization\"},\"image\":{\"@id\":\"https:\/\/esbozodeportivo.com\/index.php\/2025\/09\/02\/bayer-leverkusen-despide-a-erik-ten-hag\/#primaryimage\"},\"thumbnailUrl\":\"https:\/\/esbozodeportivo.com\/wp-content\/uploads\/2025\/09\/Futrbol.jpg\",\"articleSection\":[\"Futbol Internacional\"],\"inLanguage\":\"es\"},{\"@type\":\"WebPage\",\"@id\":\"https:\/\/esbozodeportivo.com\/index.php\/2025\/09\/02\/bayer-leverkusen-despide-a-erik-ten-hag\/\",\"url\":\"https:\/\/esbozodeportivo.com\/index.php\/2025\/09\/02\/bayer-leverkusen-despide-a-erik-ten-hag\/\",\"name\":\"Bayer Leverkusen despide a Erik ten Hag - Esbozo Deportivo\",\"isPartOf\":{\"@id\":\"https:\/\/esbozodeportivo.com\/#website\"},\"primaryImageOfPage\":{\"@id\":\"https:\/\/esbozodeportivo.com\/index.php\/2025\/09\/02\/bayer-leverkusen-despide-a-erik-ten-hag\/#primaryimage\"},\"image\":{\"@id\":\"https:\/\/esbozodeportivo.com\/index.php\/2025\/09\/02\/bayer-leverkusen-despide-a-erik-ten-hag\/#primaryimage\"},\"thumbnailUrl\":\"https:\/\/esbozodeportivo.com\/wp-content\/uploads\/2025\/09\/Futrbol.jpg\",\"datePublished\":\"2025-09-02T06:26:27+00:00\",\"dateModified\":\"2025-09-02T06:26:28+00:00\",\"description\":\"El exentrenador del Manchester United ten\u00eda la encomienda de reconstruir al Leverkusen tras un \u00e9xodo de jugadores clave desde la salida del entrenador campe\u00f3n de la Bundesliga, Xabi Alonso, al Real Madrid.\",\"breadcrumb\":{\"@id\":\"https:\/\/esbozodeportivo.com\/index.php\/2025\/09\/02\/bayer-leverkusen-despide-a-erik-ten-hag\/#breadcrumb\"},\"inLanguage\":\"es\",\"potentialAction\":[{\"@type\":\"ReadAction\",\"target\":[\"https:\/\/esbozodeportivo.com\/index.php\/2025\/09\/02\/bayer-leverkusen-despide-a-erik-ten-hag\/\"]}]},{\"@type\":\"ImageObject\",\"inLanguage\":\"es\",\"@id\":\"https:\/\/esbozodeportivo.com\/index.php\/2025\/09\/02\/bayer-leverkusen-despide-a-erik-ten-hag\/#primaryimage\",\"url\":\"https:\/\/esbozodeportivo.com\/wp-content\/uploads\/2025\/09\/Futrbol.jpg\",\"contentUrl\":\"https:\/\/esbozodeportivo.com\/wp-content\/uploads\/2025\/09\/Futrbol.jpg\",\"width\":980,\"height\":653},{\"@type\":\"BreadcrumbList\",\"@id\":\"https:\/\/esbozodeportivo.com\/index.php\/2025\/09\/02\/bayer-leverkusen-despide-a-erik-ten-hag\/#breadcrumb\",\"itemListElement\":[{\"@type\":\"ListItem\",\"position\":1,\"name\":\"Inicio\",\"item\":\"https:\/\/esbozodeportivo.com\/\"},{\"@type\":\"ListItem\",\"position\":2,\"name\":\"Bayer Leverkusen despide a Erik ten Hag\"}]},{\"@type\":\"WebSite\",\"@id\":\"https:\/\/esbozodeportivo.com\/#website\",\"url\":\"https:\/\/esbozodeportivo.com\/\",\"name\":\"Esbozo Deportivo\",\"description\":\"Lo m\u00e1s importante del Deporte\",\"publisher\":{\"@id\":\"https:\/\/esbozodeportivo.com\/#organization\"},\"potentialAction\":[{\"@type\":\"SearchAction\",\"target\":{\"@type\":\"EntryPoint\",\"urlTemplate\":\"https:\/\/esbozodeportivo.com\/?s={search_term_string}\"},\"query-input\":{\"@type\":\"PropertyValueSpecification\",\"valueRequired\":true,\"valueName\":\"search_term_string\"}}],\"inLanguage\":\"es\"},{\"@type\":\"Organization\",\"@id\":\"https:\/\/esbozodeportivo.com\/#organization\",\"name\":\"Esbozo Deportivo\",\"url\":\"https:\/\/esbozodeportivo.com\/\",\"logo\":{\"@type\":\"ImageObject\",\"inLanguage\":\"es\",\"@id\":\"https:\/\/esbozodeportivo.com\/#\/schema\/logo\/image\/\",\"url\":\"https:\/\/esbozodeportivo.com\/wp-content\/uploads\/2022\/08\/cropped-Logo-Esbozo-Web-2.png\",\"contentUrl\":\"https:\/\/esbozodeportivo.com\/wp-content\/uploads\/2022\/08\/cropped-Logo-Esbozo-Web-2.png\",\"width\":180,\"height\":50,\"caption\":\"Esbozo Deportivo\"},\"image\":{\"@id\":\"https:\/\/esbozodeportivo.com\/#\/schema\/logo\/image\/\"}},{\"@type\":\"Person\",\"@id\":\"https:\/\/esbozodeportivo.com\/#\/schema\/person\/0f6df9196dfe6740dd0bb31bae50d374\",\"name\":\"Redacci\u00f3n\",\"image\":{\"@type\":\"ImageObject\",\"inLanguage\":\"es\",\"@id\":\"https:\/\/esbozodeportivo.com\/#\/schema\/person\/image\/\",\"url\":\"https:\/\/secure.gravatar.com\/avatar\/f55268a89c3b418f2ef172ff52ab0d09b3e653c58de29539fe329fb93d78ebf3?s=96&d=mm&r=g\",\"contentUrl\":\"https:\/\/secure.gravatar.com\/avatar\/f55268a89c3b418f2ef172ff52ab0d09b3e653c58de29539fe329fb93d78ebf3?s=96&d=mm&r=g\",\"caption\":\"Redacci\u00f3n\"},\"url\":\"https:\/\/esbozodeportivo.com\/index.php\/author\/redaccion\/\"}]}<\/script>\n<!-- \/ Yoast SEO plugin. -->","yoast_head_json":{"title":"Bayer Leverkusen despide a Erik ten Hag - Esbozo Deportivo","description":"El exentrenador del Manchester United ten\u00eda la encomienda de reconstruir al Leverkusen tras un \u00e9xodo de jugadores clave desde la salida del entrenador campe\u00f3n de la Bundesliga, Xabi Alonso, al Real Madrid.","robots":{"index":"index","follow":"follow","max-snippet":"max-snippet:-1","max-image-preview":"max-image-preview:large","max-video-preview":"max-video-preview:-1"},"canonical":"https:\/\/esbozodeportivo.com\/index.php\/2025\/09\/02\/bayer-leverkusen-despide-a-erik-ten-hag\/","og_locale":"es_MX","og_type":"article","og_title":"Bayer Leverkusen despide a Erik ten Hag - Esbozo Deportivo","og_description":"El exentrenador del Manchester United ten\u00eda la encomienda de reconstruir al Leverkusen tras un \u00e9xodo de jugadores clave desde la salida del entrenador campe\u00f3n de la Bundesliga, Xabi Alonso, al Real Madrid.","og_url":"https:\/\/esbozodeportivo.com\/index.php\/2025\/09\/02\/bayer-leverkusen-despide-a-erik-ten-hag\/","og_site_name":"Esbozo Deportivo","article_published_time":"2025-09-02T06:26:27+00:00","article_modified_time":"2025-09-02T06:26:28+00:00","og_image":[{"width":980,"height":653,"url":"https:\/\/esbozodeportivo.com\/wp-content\/uploads\/2025\/09\/Futrbol.jpg","type":"image\/jpeg"}],"author":"Redacci\u00f3n","twitter_card":"summary_large_image","twitter_misc":{"Escrito por":"Redacci\u00f3n","Tiempo de lectura":"4 minutos"},"schema":{"@context":"https:\/\/schema.org","@graph":[{"@type":"Article","@id":"https:\/\/esbozodeportivo.com\/index.php\/2025\/09\/02\/bayer-leverkusen-despide-a-erik-ten-hag\/#article","isPartOf":{"@id":"https:\/\/esbozodeportivo.com\/index.php\/2025\/09\/02\/bayer-leverkusen-despide-a-erik-ten-hag\/"},"author":{"name":"Redacci\u00f3n","@id":"https:\/\/esbozodeportivo.com\/#\/schema\/person\/0f6df9196dfe6740dd0bb31bae50d374"},"headline":"Bayer Leverkusen despide a Erik ten Hag","datePublished":"2025-09-02T06:26:27+00:00","dateModified":"2025-09-02T06:26:28+00:00","mainEntityOfPage":{"@id":"https:\/\/esbozodeportivo.com\/index.php\/2025\/09\/02\/bayer-leverkusen-despide-a-erik-ten-hag\/"},"wordCount":734,"publisher":{"@id":"https:\/\/esbozodeportivo.com\/#organization"},"image":{"@id":"https:\/\/esbozodeportivo.com\/index.php\/2025\/09\/02\/bayer-leverkusen-despide-a-erik-ten-hag\/#primaryimage"},"thumbnailUrl":"https:\/\/esbozodeportivo.com\/wp-content\/uploads\/2025\/09\/Futrbol.jpg","articleSection":["Futbol Internacional"],"inLanguage":"es"},{"@type":"WebPage","@id":"https:\/\/esbozodeportivo.com\/index.php\/2025\/09\/02\/bayer-leverkusen-despide-a-erik-ten-hag\/","url":"https:\/\/esbozodeportivo.com\/index.php\/2025\/09\/02\/bayer-leverkusen-despide-a-erik-ten-hag\/","name":"Bayer Leverkusen despide a Erik ten Hag - Esbozo Deportivo","isPartOf":{"@id":"https:\/\/esbozodeportivo.com\/#website"},"primaryImageOfPage":{"@id":"https:\/\/esbozodeportivo.com\/index.php\/2025\/09\/02\/bayer-leverkusen-despide-a-erik-ten-hag\/#primaryimage"},"image":{"@id":"https:\/\/esbozodeportivo.com\/index.php\/2025\/09\/02\/bayer-leverkusen-despide-a-erik-ten-hag\/#primaryimage"},"thumbnailUrl":"https:\/\/esbozodeportivo.com\/wp-content\/uploads\/2025\/09\/Futrbol.jpg","datePublished":"2025-09-02T06:26:27+00:00","dateModified":"2025-09-02T06:26:28+00:00","description":"El exentrenador del Manchester United ten\u00eda la encomienda de reconstruir al Leverkusen tras un \u00e9xodo de jugadores clave desde la salida del entrenador campe\u00f3n de la Bundesliga, Xabi Alonso, al Real Madrid.","breadcrumb":{"@id":"https:\/\/esbozodeportivo.com\/index.php\/2025\/09\/02\/bayer-leverkusen-despide-a-erik-ten-hag\/#breadcrumb"},"inLanguage":"es","potentialAction":[{"@type":"ReadAction","target":["https:\/\/esbozodeportivo.com\/index.php\/2025\/09\/02\/bayer-leverkusen-despide-a-erik-ten-hag\/"]}]},{"@type":"ImageObject","inLanguage":"es","@id":"https:\/\/esbozodeportivo.com\/index.php\/2025\/09\/02\/bayer-leverkusen-despide-a-erik-ten-hag\/#primaryimage","url":"https:\/\/esbozodeportivo.com\/wp-content\/uploads\/2025\/09\/Futrbol.jpg","contentUrl":"https:\/\/esbozodeportivo.com\/wp-content\/uploads\/2025\/09\/Futrbol.jpg","width":980,"height":653},{"@type":"BreadcrumbList","@id":"https:\/\/esbozodeportivo.com\/index.php\/2025\/09\/02\/bayer-leverkusen-despide-a-erik-ten-hag\/#breadcrumb","itemListElement":[{"@type":"ListItem","position":1,"name":"Inicio","item":"https:\/\/esbozodeportivo.com\/"},{"@type":"ListItem","position":2,"name":"Bayer Leverkusen despide a Erik ten Hag"}]},{"@type":"WebSite","@id":"https:\/\/esbozodeportivo.com\/#website","url":"https:\/\/esbozodeportivo.com\/","name":"Esbozo Deportivo","description":"Lo m\u00e1s importante del Deporte","publisher":{"@id":"https:\/\/esbozodeportivo.com\/#organization"},"potentialAction":[{"@type":"SearchAction","target":{"@type":"EntryPoint","urlTemplate":"https:\/\/esbozodeportivo.com\/?s={search_term_string}"},"query-input":{"@type":"PropertyValueSpecification","valueRequired":true,"valueName":"search_term_string"}}],"inLanguage":"es"},{"@type":"Organization","@id":"https:\/\/esbozodeportivo.com\/#organization","name":"Esbozo Deportivo","url":"https:\/\/esbozodeportivo.com\/","logo":{"@type":"ImageObject","inLanguage":"es","@id":"https:\/\/esbozodeportivo.com\/#\/schema\/logo\/image\/","url":"https:\/\/esbozodeportivo.com\/wp-content\/uploads\/2022\/08\/cropped-Logo-Esbozo-Web-2.png","contentUrl":"https:\/\/esbozodeportivo.com\/wp-content\/uploads\/2022\/08\/cropped-Logo-Esbozo-Web-2.png","width":180,"height":50,"caption":"Esbozo Deportivo"},"image":{"@id":"https:\/\/esbozodeportivo.com\/#\/schema\/logo\/image\/"}},{"@type":"Person","@id":"https:\/\/esbozodeportivo.com\/#\/schema\/person\/0f6df9196dfe6740dd0bb31bae50d374","name":"Redacci\u00f3n","image":{"@type":"ImageObject","inLanguage":"es","@id":"https:\/\/esbozodeportivo.com\/#\/schema\/person\/image\/","url":"https:\/\/secure.gravatar.com\/avatar\/f55268a89c3b418f2ef172ff52ab0d09b3e653c58de29539fe329fb93d78ebf3?s=96&d=mm&r=g","contentUrl":"https:\/\/secure.gravatar.com\/avatar\/f55268a89c3b418f2ef172ff52ab0d09b3e653c58de29539fe329fb93d78ebf3?s=96&d=mm&r=g","caption":"Redacci\u00f3n"},"url":"https:\/\/esbozodeportivo.com\/index.php\/author\/redaccion\/"}]}},"jetpack_featured_media_url":"https:\/\/esbozodeportivo.com\/wp-content\/uploads\/2025\/09\/Futrbol.jpg","jetpack_sharing_enabled":true,"_links":{"self":[{"href":"https:\/\/esbozodeportivo.com\/index.php\/wp-json\/wp\/v2\/posts\/9337","targetHints":{"allow":["GET"]}}],"collection":[{"href":"https:\/\/esbozodeportivo.com\/index.php\/wp-json\/wp\/v2\/posts"}],"about":[{"href":"https:\/\/esbozodeportivo.com\/index.php\/wp-json\/wp\/v2\/types\/post"}],"author":[{"embeddable":true,"href":"https:\/\/esbozodeportivo.com\/index.php\/wp-json\/wp\/v2\/users\/4"}],"replies":[{"embeddable":true,"href":"https:\/\/esbozodeportivo.com\/index.php\/wp-json\/wp\/v2\/comments?post=9337"}],"version-history":[{"count":1,"href":"https:\/\/esbozodeportivo.com\/index.php\/wp-json\/wp\/v2\/posts\/9337\/revisions"}],"predecessor-version":[{"id":9339,"href":"https:\/\/esbozodeportivo.com\/index.php\/wp-json\/wp\/v2\/posts\/9337\/revisions\/9339"}],"wp:featuredmedia":[{"embeddable":true,"href":"https:\/\/esbozodeportivo.com\/index.php\/wp-json\/wp\/v2\/media\/9338"}],"wp:attachment":[{"href":"https:\/\/esbozodeportivo.com\/index.php\/wp-json\/wp\/v2\/media?parent=9337"}],"wp:term":[{"taxonomy":"category","embeddable":true,"href":"https:\/\/esbozodeportivo.com\/index.php\/wp-json\/wp\/v2\/categories?post=9337"},{"taxonomy":"post_tag","embeddable":true,"href":"https:\/\/esbozodeportivo.com\/index.php\/wp-json\/wp\/v2\/tags?post=9337"}],"curies":[{"name":"wp","href":"https:\/\/api.w.org\/{rel}","templated":true}]}}