{"id":9370,"date":"2025-09-02T23:57:41","date_gmt":"2025-09-03T05:57:41","guid":{"rendered":"https:\/\/esbozodeportivo.com\/?p=9370"},"modified":"2025-09-02T23:57:42","modified_gmt":"2025-09-03T05:57:42","slug":"stafford-jugara-al-inicio-de-la-temporada","status":"publish","type":"post","link":"https:\/\/esbozodeportivo.com\/index.php\/2025\/09\/02\/stafford-jugara-al-inicio-de-la-temporada\/","title":{"rendered":"Stafford jugar\u00e1 al inicio de la temporada"},"content":{"rendered":"\n<p>(Foto: Agencias) <\/p>\n\n\n\n<p>El quarterback <strong>Matthew Stafford<\/strong> se espera que inicie el partido inaugural de la temporada de los <strong>Carneros de Los \u00c1ngeles<\/strong> el domingo, despu\u00e9s de perderse casi un mes de entrenamiento debido a una lesi\u00f3n en la espalda, confirm\u00f3 el entrenador <strong>Sean McVay.<\/strong><\/p>\n\n\n\n<p><strong>McVay<\/strong> tambi\u00e9n dijo que el tackle izquierdo <strong>Alaric Jackson<\/strong> est\u00e1 en camino de jugar despu\u00e9s de unirse a la pr\u00e1ctica el lunes por primera vez desde que fue apartado por co\u00e1gulos de sangre antes de que comenzara el campamento de entrenamiento. Se espera que Jackson practique toda la semana antes de que los <strong>Rams<\/strong> reciban a los <strong>Texans de Houston.<\/strong><\/p>\n\n\n\n<p>Aunque <strong>McVay<\/strong> no pudo decir con certeza que <strong>Jackson<\/strong> se vestir\u00e1 el domingo, <strong>Stafford<\/strong> estar\u00e1 detr\u00e1s del centro, a menos que ocurra un contratiempo.<\/p>\n\n\n\n<p><strong>Stafford,<\/strong> de 37 a\u00f1os, ha participado en las pr\u00e1cticas de las \u00faltimas dos semanas con los <strong>Rams<\/strong> despu\u00e9s de un comienzo lento en su 17ma temporada en la NFL. El mariscal de campo ganador del Super Bowl agrav\u00f3 un disco en su espalda durante el entrenamiento de temporada baja, y no pudo unirse a las primeras cuatro semanas de trabajo en campo de los <strong>Rams.<\/strong><\/p>\n\n\n\n<p>\u201cLas espaldas a veces son cosas interesantes\u201d, dijo <strong>Stafford<\/strong> a finales del mes pasado. \u201cNo es algo claro y definido qu\u00e9 es qu\u00e9, y c\u00f3mo te vas a sentir. Realmente aprecio a nuestro equipo y a nuestro entrenador en jefe y a todos por tomar un enfoque d\u00eda a d\u00eda conmigo y hacer todo lo posible para ayudarme. Siento una gran responsabilidad hacia nuestro equipo para hacer lo correcto por ellos, y tratar de hacer lo mejor que pueda d\u00eda tras d\u00eda\u201d.<\/p>\n\n\n\n<p><strong>Stafford <\/strong>se ausent\u00f3 de los tres partidos de pretemporada, como es normal para todos los jugadores clave de <strong>McVay<\/strong>. El veterano a\u00fan no ha jugado en un partido con <strong>Davante Adams<\/strong>, el receptor firmado por los <strong>Rams<\/strong> en la temporada baja, pero el resto de su ofensiva son casi todos jugadores que regresan.<\/p>\n\n\n\n<p><strong>Jackson<\/strong>, el tackle izquierdo titular de los <strong>Rams<\/strong> durante las \u00faltimas dos temporadas, acord\u00f3 una extensi\u00f3n de contrato de tres a\u00f1os y 57 millones de d\u00f3lares en la temporada baja. <strong>Stafford<\/strong> tambi\u00e9n renegoci\u00f3 su contrato, obteniendo m\u00e1s dinero garantizado en lo que es esencialmente un acuerdo a\u00f1o a a\u00f1o.<\/p>\n\n\n\n<p><\/p>\n","protected":false},"excerpt":{"rendered":"<p>(Foto: Agencias) El quarterback Matthew Stafford se espera que inicie el partido inaugural de la<\/p>\n","protected":false},"author":4,"featured_media":9381,"comment_status":"closed","ping_status":"open","sticky":false,"template":"","format":"standard","meta":{"_jetpack_memberships_contains_paid_content":false,"footnotes":""},"categories":[6],"tags":[],"class_list":["post-9370","post","type-post","status-publish","format-standard","has-post-thumbnail","hentry","category-nfl"],"yoast_head":"<!-- This site is optimized with the Yoast SEO plugin v25.7 - https:\/\/yoast.com\/wordpress\/plugins\/seo\/ -->\n<title>Stafford jugar\u00e1 al inicio de la temporada - Esbozo Deportivo<\/title>\n<meta name=\"description\" content=\"El quarterback Matthew Stafford se espera que inicie el partido inaugural de la temporada de los Carneros de Los \u00c1ngeles el domingo, despu\u00e9s de perderse casi un mes de entrenamiento debido a una lesi\u00f3n en la espalda, confirm\u00f3 el entrenador Sean McVay.\" \/>\n<meta name=\"robots\" content=\"index, follow, max-snippet:-1, max-image-preview:large, max-video-preview:-1\" \/>\n<link rel=\"canonical\" href=\"https:\/\/esbozodeportivo.com\/index.php\/2025\/09\/02\/stafford-jugara-al-inicio-de-la-temporada\/\" \/>\n<meta property=\"og:locale\" content=\"es_MX\" \/>\n<meta property=\"og:type\" content=\"article\" \/>\n<meta property=\"og:title\" content=\"Stafford jugar\u00e1 al inicio de la temporada - Esbozo Deportivo\" \/>\n<meta property=\"og:description\" content=\"El quarterback Matthew Stafford se espera que inicie el partido inaugural de la temporada de los Carneros de Los \u00c1ngeles el domingo, despu\u00e9s de perderse casi un mes de entrenamiento debido a una lesi\u00f3n en la espalda, confirm\u00f3 el entrenador Sean McVay.\" \/>\n<meta property=\"og:url\" content=\"https:\/\/esbozodeportivo.com\/index.php\/2025\/09\/02\/stafford-jugara-al-inicio-de-la-temporada\/\" \/>\n<meta property=\"og:site_name\" content=\"Esbozo Deportivo\" \/>\n<meta property=\"article:published_time\" content=\"2025-09-03T05:57:41+00:00\" \/>\n<meta property=\"article:modified_time\" content=\"2025-09-03T05:57:42+00:00\" \/>\n<meta property=\"og:image\" content=\"https:\/\/esbozodeportivo.com\/wp-content\/uploads\/2025\/09\/Tenis-1.jpg\" \/>\n\t<meta property=\"og:image:width\" content=\"980\" \/>\n\t<meta property=\"og:image:height\" content=\"653\" \/>\n\t<meta property=\"og:image:type\" content=\"image\/jpeg\" \/>\n<meta name=\"author\" content=\"Redacci\u00f3n\" \/>\n<meta name=\"twitter:card\" content=\"summary_large_image\" \/>\n<meta name=\"twitter:label1\" content=\"Escrito por\" \/>\n\t<meta name=\"twitter:data1\" content=\"Redacci\u00f3n\" \/>\n\t<meta name=\"twitter:label2\" content=\"Tiempo de lectura\" \/>\n\t<meta name=\"twitter:data2\" content=\"2 minutos\" \/>\n<script type=\"application\/ld+json\" class=\"yoast-schema-graph\">{\"@context\":\"https:\/\/schema.org\",\"@graph\":[{\"@type\":\"Article\",\"@id\":\"https:\/\/esbozodeportivo.com\/index.php\/2025\/09\/02\/stafford-jugara-al-inicio-de-la-temporada\/#article\",\"isPartOf\":{\"@id\":\"https:\/\/esbozodeportivo.com\/index.php\/2025\/09\/02\/stafford-jugara-al-inicio-de-la-temporada\/\"},\"author\":{\"name\":\"Redacci\u00f3n\",\"@id\":\"https:\/\/esbozodeportivo.com\/#\/schema\/person\/0f6df9196dfe6740dd0bb31bae50d374\"},\"headline\":\"Stafford jugar\u00e1 al inicio de la temporada\",\"datePublished\":\"2025-09-03T05:57:41+00:00\",\"dateModified\":\"2025-09-03T05:57:42+00:00\",\"mainEntityOfPage\":{\"@id\":\"https:\/\/esbozodeportivo.com\/index.php\/2025\/09\/02\/stafford-jugara-al-inicio-de-la-temporada\/\"},\"wordCount\":405,\"publisher\":{\"@id\":\"https:\/\/esbozodeportivo.com\/#organization\"},\"image\":{\"@id\":\"https:\/\/esbozodeportivo.com\/index.php\/2025\/09\/02\/stafford-jugara-al-inicio-de-la-temporada\/#primaryimage\"},\"thumbnailUrl\":\"https:\/\/esbozodeportivo.com\/wp-content\/uploads\/2025\/09\/Tenis-1.jpg\",\"articleSection\":[\"NFL\"],\"inLanguage\":\"es\"},{\"@type\":\"WebPage\",\"@id\":\"https:\/\/esbozodeportivo.com\/index.php\/2025\/09\/02\/stafford-jugara-al-inicio-de-la-temporada\/\",\"url\":\"https:\/\/esbozodeportivo.com\/index.php\/2025\/09\/02\/stafford-jugara-al-inicio-de-la-temporada\/\",\"name\":\"Stafford jugar\u00e1 al inicio de la temporada - Esbozo Deportivo\",\"isPartOf\":{\"@id\":\"https:\/\/esbozodeportivo.com\/#website\"},\"primaryImageOfPage\":{\"@id\":\"https:\/\/esbozodeportivo.com\/index.php\/2025\/09\/02\/stafford-jugara-al-inicio-de-la-temporada\/#primaryimage\"},\"image\":{\"@id\":\"https:\/\/esbozodeportivo.com\/index.php\/2025\/09\/02\/stafford-jugara-al-inicio-de-la-temporada\/#primaryimage\"},\"thumbnailUrl\":\"https:\/\/esbozodeportivo.com\/wp-content\/uploads\/2025\/09\/Tenis-1.jpg\",\"datePublished\":\"2025-09-03T05:57:41+00:00\",\"dateModified\":\"2025-09-03T05:57:42+00:00\",\"description\":\"El quarterback Matthew Stafford se espera que inicie el partido inaugural de la temporada de los Carneros de Los \u00c1ngeles el domingo, despu\u00e9s de perderse casi un mes de entrenamiento debido a una lesi\u00f3n en la espalda, confirm\u00f3 el entrenador Sean McVay.\",\"breadcrumb\":{\"@id\":\"https:\/\/esbozodeportivo.com\/index.php\/2025\/09\/02\/stafford-jugara-al-inicio-de-la-temporada\/#breadcrumb\"},\"inLanguage\":\"es\",\"potentialAction\":[{\"@type\":\"ReadAction\",\"target\":[\"https:\/\/esbozodeportivo.com\/index.php\/2025\/09\/02\/stafford-jugara-al-inicio-de-la-temporada\/\"]}]},{\"@type\":\"ImageObject\",\"inLanguage\":\"es\",\"@id\":\"https:\/\/esbozodeportivo.com\/index.php\/2025\/09\/02\/stafford-jugara-al-inicio-de-la-temporada\/#primaryimage\",\"url\":\"https:\/\/esbozodeportivo.com\/wp-content\/uploads\/2025\/09\/Tenis-1.jpg\",\"contentUrl\":\"https:\/\/esbozodeportivo.com\/wp-content\/uploads\/2025\/09\/Tenis-1.jpg\",\"width\":980,\"height\":653},{\"@type\":\"BreadcrumbList\",\"@id\":\"https:\/\/esbozodeportivo.com\/index.php\/2025\/09\/02\/stafford-jugara-al-inicio-de-la-temporada\/#breadcrumb\",\"itemListElement\":[{\"@type\":\"ListItem\",\"position\":1,\"name\":\"Inicio\",\"item\":\"https:\/\/esbozodeportivo.com\/\"},{\"@type\":\"ListItem\",\"position\":2,\"name\":\"Stafford jugar\u00e1 al inicio de la temporada\"}]},{\"@type\":\"WebSite\",\"@id\":\"https:\/\/esbozodeportivo.com\/#website\",\"url\":\"https:\/\/esbozodeportivo.com\/\",\"name\":\"Esbozo Deportivo\",\"description\":\"Lo m\u00e1s importante del Deporte\",\"publisher\":{\"@id\":\"https:\/\/esbozodeportivo.com\/#organization\"},\"potentialAction\":[{\"@type\":\"SearchAction\",\"target\":{\"@type\":\"EntryPoint\",\"urlTemplate\":\"https:\/\/esbozodeportivo.com\/?s={search_term_string}\"},\"query-input\":{\"@type\":\"PropertyValueSpecification\",\"valueRequired\":true,\"valueName\":\"search_term_string\"}}],\"inLanguage\":\"es\"},{\"@type\":\"Organization\",\"@id\":\"https:\/\/esbozodeportivo.com\/#organization\",\"name\":\"Esbozo Deportivo\",\"url\":\"https:\/\/esbozodeportivo.com\/\",\"logo\":{\"@type\":\"ImageObject\",\"inLanguage\":\"es\",\"@id\":\"https:\/\/esbozodeportivo.com\/#\/schema\/logo\/image\/\",\"url\":\"https:\/\/esbozodeportivo.com\/wp-content\/uploads\/2022\/08\/cropped-Logo-Esbozo-Web-2.png\",\"contentUrl\":\"https:\/\/esbozodeportivo.com\/wp-content\/uploads\/2022\/08\/cropped-Logo-Esbozo-Web-2.png\",\"width\":180,\"height\":50,\"caption\":\"Esbozo Deportivo\"},\"image\":{\"@id\":\"https:\/\/esbozodeportivo.com\/#\/schema\/logo\/image\/\"}},{\"@type\":\"Person\",\"@id\":\"https:\/\/esbozodeportivo.com\/#\/schema\/person\/0f6df9196dfe6740dd0bb31bae50d374\",\"name\":\"Redacci\u00f3n\",\"image\":{\"@type\":\"ImageObject\",\"inLanguage\":\"es\",\"@id\":\"https:\/\/esbozodeportivo.com\/#\/schema\/person\/image\/\",\"url\":\"https:\/\/secure.gravatar.com\/avatar\/f55268a89c3b418f2ef172ff52ab0d09b3e653c58de29539fe329fb93d78ebf3?s=96&d=mm&r=g\",\"contentUrl\":\"https:\/\/secure.gravatar.com\/avatar\/f55268a89c3b418f2ef172ff52ab0d09b3e653c58de29539fe329fb93d78ebf3?s=96&d=mm&r=g\",\"caption\":\"Redacci\u00f3n\"},\"url\":\"https:\/\/esbozodeportivo.com\/index.php\/author\/redaccion\/\"}]}<\/script>\n<!-- \/ Yoast SEO plugin. -->","yoast_head_json":{"title":"Stafford jugar\u00e1 al inicio de la temporada - Esbozo Deportivo","description":"El quarterback Matthew Stafford se espera que inicie el partido inaugural de la temporada de los Carneros de Los \u00c1ngeles el domingo, despu\u00e9s de perderse casi un mes de entrenamiento debido a una lesi\u00f3n en la espalda, confirm\u00f3 el entrenador Sean McVay.","robots":{"index":"index","follow":"follow","max-snippet":"max-snippet:-1","max-image-preview":"max-image-preview:large","max-video-preview":"max-video-preview:-1"},"canonical":"https:\/\/esbozodeportivo.com\/index.php\/2025\/09\/02\/stafford-jugara-al-inicio-de-la-temporada\/","og_locale":"es_MX","og_type":"article","og_title":"Stafford jugar\u00e1 al inicio de la temporada - Esbozo Deportivo","og_description":"El quarterback Matthew Stafford se espera que inicie el partido inaugural de la temporada de los Carneros de Los \u00c1ngeles el domingo, despu\u00e9s de perderse casi un mes de entrenamiento debido a una lesi\u00f3n en la espalda, confirm\u00f3 el entrenador Sean McVay.","og_url":"https:\/\/esbozodeportivo.com\/index.php\/2025\/09\/02\/stafford-jugara-al-inicio-de-la-temporada\/","og_site_name":"Esbozo Deportivo","article_published_time":"2025-09-03T05:57:41+00:00","article_modified_time":"2025-09-03T05:57:42+00:00","og_image":[{"width":980,"height":653,"url":"https:\/\/esbozodeportivo.com\/wp-content\/uploads\/2025\/09\/Tenis-1.jpg","type":"image\/jpeg"}],"author":"Redacci\u00f3n","twitter_card":"summary_large_image","twitter_misc":{"Escrito por":"Redacci\u00f3n","Tiempo de lectura":"2 minutos"},"schema":{"@context":"https:\/\/schema.org","@graph":[{"@type":"Article","@id":"https:\/\/esbozodeportivo.com\/index.php\/2025\/09\/02\/stafford-jugara-al-inicio-de-la-temporada\/#article","isPartOf":{"@id":"https:\/\/esbozodeportivo.com\/index.php\/2025\/09\/02\/stafford-jugara-al-inicio-de-la-temporada\/"},"author":{"name":"Redacci\u00f3n","@id":"https:\/\/esbozodeportivo.com\/#\/schema\/person\/0f6df9196dfe6740dd0bb31bae50d374"},"headline":"Stafford jugar\u00e1 al inicio de la temporada","datePublished":"2025-09-03T05:57:41+00:00","dateModified":"2025-09-03T05:57:42+00:00","mainEntityOfPage":{"@id":"https:\/\/esbozodeportivo.com\/index.php\/2025\/09\/02\/stafford-jugara-al-inicio-de-la-temporada\/"},"wordCount":405,"publisher":{"@id":"https:\/\/esbozodeportivo.com\/#organization"},"image":{"@id":"https:\/\/esbozodeportivo.com\/index.php\/2025\/09\/02\/stafford-jugara-al-inicio-de-la-temporada\/#primaryimage"},"thumbnailUrl":"https:\/\/esbozodeportivo.com\/wp-content\/uploads\/2025\/09\/Tenis-1.jpg","articleSection":["NFL"],"inLanguage":"es"},{"@type":"WebPage","@id":"https:\/\/esbozodeportivo.com\/index.php\/2025\/09\/02\/stafford-jugara-al-inicio-de-la-temporada\/","url":"https:\/\/esbozodeportivo.com\/index.php\/2025\/09\/02\/stafford-jugara-al-inicio-de-la-temporada\/","name":"Stafford jugar\u00e1 al inicio de la temporada - Esbozo Deportivo","isPartOf":{"@id":"https:\/\/esbozodeportivo.com\/#website"},"primaryImageOfPage":{"@id":"https:\/\/esbozodeportivo.com\/index.php\/2025\/09\/02\/stafford-jugara-al-inicio-de-la-temporada\/#primaryimage"},"image":{"@id":"https:\/\/esbozodeportivo.com\/index.php\/2025\/09\/02\/stafford-jugara-al-inicio-de-la-temporada\/#primaryimage"},"thumbnailUrl":"https:\/\/esbozodeportivo.com\/wp-content\/uploads\/2025\/09\/Tenis-1.jpg","datePublished":"2025-09-03T05:57:41+00:00","dateModified":"2025-09-03T05:57:42+00:00","description":"El quarterback Matthew Stafford se espera que inicie el partido inaugural de la temporada de los Carneros de Los \u00c1ngeles el domingo, despu\u00e9s de perderse casi un mes de entrenamiento debido a una lesi\u00f3n en la espalda, confirm\u00f3 el entrenador Sean McVay.","breadcrumb":{"@id":"https:\/\/esbozodeportivo.com\/index.php\/2025\/09\/02\/stafford-jugara-al-inicio-de-la-temporada\/#breadcrumb"},"inLanguage":"es","potentialAction":[{"@type":"ReadAction","target":["https:\/\/esbozodeportivo.com\/index.php\/2025\/09\/02\/stafford-jugara-al-inicio-de-la-temporada\/"]}]},{"@type":"ImageObject","inLanguage":"es","@id":"https:\/\/esbozodeportivo.com\/index.php\/2025\/09\/02\/stafford-jugara-al-inicio-de-la-temporada\/#primaryimage","url":"https:\/\/esbozodeportivo.com\/wp-content\/uploads\/2025\/09\/Tenis-1.jpg","contentUrl":"https:\/\/esbozodeportivo.com\/wp-content\/uploads\/2025\/09\/Tenis-1.jpg","width":980,"height":653},{"@type":"BreadcrumbList","@id":"https:\/\/esbozodeportivo.com\/index.php\/2025\/09\/02\/stafford-jugara-al-inicio-de-la-temporada\/#breadcrumb","itemListElement":[{"@type":"ListItem","position":1,"name":"Inicio","item":"https:\/\/esbozodeportivo.com\/"},{"@type":"ListItem","position":2,"name":"Stafford jugar\u00e1 al inicio de la temporada"}]},{"@type":"WebSite","@id":"https:\/\/esbozodeportivo.com\/#website","url":"https:\/\/esbozodeportivo.com\/","name":"Esbozo Deportivo","description":"Lo m\u00e1s importante del Deporte","publisher":{"@id":"https:\/\/esbozodeportivo.com\/#organization"},"potentialAction":[{"@type":"SearchAction","target":{"@type":"EntryPoint","urlTemplate":"https:\/\/esbozodeportivo.com\/?s={search_term_string}"},"query-input":{"@type":"PropertyValueSpecification","valueRequired":true,"valueName":"search_term_string"}}],"inLanguage":"es"},{"@type":"Organization","@id":"https:\/\/esbozodeportivo.com\/#organization","name":"Esbozo Deportivo","url":"https:\/\/esbozodeportivo.com\/","logo":{"@type":"ImageObject","inLanguage":"es","@id":"https:\/\/esbozodeportivo.com\/#\/schema\/logo\/image\/","url":"https:\/\/esbozodeportivo.com\/wp-content\/uploads\/2022\/08\/cropped-Logo-Esbozo-Web-2.png","contentUrl":"https:\/\/esbozodeportivo.com\/wp-content\/uploads\/2022\/08\/cropped-Logo-Esbozo-Web-2.png","width":180,"height":50,"caption":"Esbozo Deportivo"},"image":{"@id":"https:\/\/esbozodeportivo.com\/#\/schema\/logo\/image\/"}},{"@type":"Person","@id":"https:\/\/esbozodeportivo.com\/#\/schema\/person\/0f6df9196dfe6740dd0bb31bae50d374","name":"Redacci\u00f3n","image":{"@type":"ImageObject","inLanguage":"es","@id":"https:\/\/esbozodeportivo.com\/#\/schema\/person\/image\/","url":"https:\/\/secure.gravatar.com\/avatar\/f55268a89c3b418f2ef172ff52ab0d09b3e653c58de29539fe329fb93d78ebf3?s=96&d=mm&r=g","contentUrl":"https:\/\/secure.gravatar.com\/avatar\/f55268a89c3b418f2ef172ff52ab0d09b3e653c58de29539fe329fb93d78ebf3?s=96&d=mm&r=g","caption":"Redacci\u00f3n"},"url":"https:\/\/esbozodeportivo.com\/index.php\/author\/redaccion\/"}]}},"jetpack_featured_media_url":"https:\/\/esbozodeportivo.com\/wp-content\/uploads\/2025\/09\/Tenis-1.jpg","jetpack_sharing_enabled":true,"_links":{"self":[{"href":"https:\/\/esbozodeportivo.com\/index.php\/wp-json\/wp\/v2\/posts\/9370","targetHints":{"allow":["GET"]}}],"collection":[{"href":"https:\/\/esbozodeportivo.com\/index.php\/wp-json\/wp\/v2\/posts"}],"about":[{"href":"https:\/\/esbozodeportivo.com\/index.php\/wp-json\/wp\/v2\/types\/post"}],"author":[{"embeddable":true,"href":"https:\/\/esbozodeportivo.com\/index.php\/wp-json\/wp\/v2\/users\/4"}],"replies":[{"embeddable":true,"href":"https:\/\/esbozodeportivo.com\/index.php\/wp-json\/wp\/v2\/comments?post=9370"}],"version-history":[{"count":1,"href":"https:\/\/esbozodeportivo.com\/index.php\/wp-json\/wp\/v2\/posts\/9370\/revisions"}],"predecessor-version":[{"id":9382,"href":"https:\/\/esbozodeportivo.com\/index.php\/wp-json\/wp\/v2\/posts\/9370\/revisions\/9382"}],"wp:featuredmedia":[{"embeddable":true,"href":"https:\/\/esbozodeportivo.com\/index.php\/wp-json\/wp\/v2\/media\/9381"}],"wp:attachment":[{"href":"https:\/\/esbozodeportivo.com\/index.php\/wp-json\/wp\/v2\/media?parent=9370"}],"wp:term":[{"taxonomy":"category","embeddable":true,"href":"https:\/\/esbozodeportivo.com\/index.php\/wp-json\/wp\/v2\/categories?post=9370"},{"taxonomy":"post_tag","embeddable":true,"href":"https:\/\/esbozodeportivo.com\/index.php\/wp-json\/wp\/v2\/tags?post=9370"}],"curies":[{"name":"wp","href":"https:\/\/api.w.org\/{rel}","templated":true}]}}