{"id":9383,"date":"2025-09-03T00:01:21","date_gmt":"2025-09-03T06:01:21","guid":{"rendered":"https:\/\/esbozodeportivo.com\/?p=9383"},"modified":"2025-09-03T00:01:22","modified_gmt":"2025-09-03T06:01:22","slug":"sudamerica-define-3-lugares-mundialistas","status":"publish","type":"post","link":"https:\/\/esbozodeportivo.com\/index.php\/2025\/09\/03\/sudamerica-define-3-lugares-mundialistas\/","title":{"rendered":"Sudam\u00e9rica define 3 lugares mundialistas"},"content":{"rendered":"\n<p>(Foto: Agencias) <\/p>\n\n\n\n<p>El largo y sinuoso camino de <strong>Sudam\u00e9rica<\/strong> rumbo al <strong>Mundial<\/strong> del pr\u00f3ximo a\u00f1o llegar\u00e1 a su fin en la \u00faltima doble fecha de las eliminatorias el <strong>4 y 9 de septiembre<\/strong>. Con <strong>Argentina, Ecuador y Brasil<\/strong> adentro, seis selecciones pugnan por la ansiada clasificaci\u00f3n.<\/p>\n\n\n\n<p>El campe\u00f3n del mundo lidera las posiciones con 35 puntos y ya es inalcanzable. Lo escoltan <strong>Ecuador y Brasil<\/strong> (25).<\/p>\n\n\n\n<p>Restan definirse tres boletos directos y el repechaje intercontinental.<\/p>\n\n\n\n<p><strong>Uruguay y Paraguay<\/strong> (24) necesitan sumar un punto y <strong>Colombia<\/strong> (22) de una victoria en sus dos presentaciones para sacar boleto rumbo a la <strong>Copa del Mundo<\/strong> que organizar\u00e1n en forma conjunta por primera vez Estados Unidos, M\u00e9xico y Canad\u00e1.<\/p>\n\n\n\n<p>En tanto que <strong>Venezuela<\/strong> (18), <strong>Bolivia<\/strong> (17) y <strong>Per\u00fa<\/strong> (12) aspiran a quedarse con el s\u00e9ptimo puesto de repechaje. <strong>Chile,<\/strong> \u00faltimo con 10 unidades, ya no tiene chances.<\/p>\n\n\n\n<p>Para el primer compromiso, Bielsa no podr\u00e1 contar con el artillero el atacante <strong>Darwin N\u00fa\u00f1ez<\/strong>, recientemente fichado por el <strong>Al-Hilal de Arabia Saudita<\/strong>; el central de <strong>Barcelona Ronald Araujo<\/strong> y polifuncional <strong>Nahitan N\u00e1ndez<\/strong>, que deben cumplir una fecha de suspensi\u00f3n.<\/p>\n\n\n\n<p>La llegada del argentino <strong>Gustavo Alfaro<\/strong> a <strong>Paraguay<\/strong> hace un a\u00f1o marc\u00f3 un punto de quiebre para quedar a las puertas de disputar la <strong>Copa del Mundo<\/strong> tras una larga ausencia. El experimentado entrenador hilvan\u00f3 un invicto de nueve partidos, entre ellos una victoria 2-1 ante <strong>Argentina<\/strong>, que se cort\u00f3 con la derrota ante <strong>Brasil <\/strong>en la pasada jornada.<\/p>\n\n\n\n<p><strong>Venezuela<\/strong>, liderada por su hist\u00f3rico artillero <strong>Salom\u00f3n Rond\u00f3n<\/strong>, depende de s\u00ed misma para asegurarse el s\u00e9ptimo puesto del repechaje y hasta podr\u00eda lograr la clasificaci\u00f3n directa con una combinaci\u00f3n de resultados. Es la \u00fanica selecci\u00f3n de Sudam\u00e9rica que nunca particip\u00f3 de la gran cita.<\/p>\n\n\n\n<p>La <strong>Vinotinto<\/strong> primero visita a la <strong>Argentina<\/strong> en el estadio <strong>Monumental de Buenos Aires<\/strong>, en el que ser\u00e1 el \u00faltimo partido del astro <strong>Lionel Messi<\/strong> por eliminatorias ante su p\u00fablico.<\/p>\n\n\n\n<p>\u201cVa a ser un partido muy, muy especial para m\u00ed porque es el \u00faltimo de eliminatorias\u201d, adelant\u00f3 el capit\u00e1n argentino de 38 a\u00f1os. \u201cDespu\u00e9s no s\u00e9 qu\u00e9 pasar\u00e1, pero vamos con esa intenci\u00f3n\u201d.<\/p>\n\n\n\n<p><strong>Messi<\/strong> no le puso fecha a su retiro, pero su ciclo en Argentina se cerrar\u00e1 tras la Copa del Mundo del a\u00f1o pr\u00f3ximo.<\/p>\n\n\n\n<p>Atenta a un traspi\u00e9 de <strong>Venezuela<\/strong> est\u00e1 <strong>Bolivia<\/strong>, aunque no lo tiene sencillo. Tras el duelo de visitante ante <strong>Colombia<\/strong>, cerrar\u00e1 en su basti\u00f3n de El Alto nada menos que contra <strong>Brasil<\/strong>, en el que los delanteros <strong>Neymar, Vin\u00edcius J\u00fanior y Rodrygo<\/strong> quedaron fuera de la \u00faltima convocatoria.<\/p>\n\n\n\n<p>Con menos chances aparece <strong>Per\u00fa<\/strong>, que deber\u00eda golear a <strong>Uruguay y Paraguay<\/strong> y esperar a que <strong>Venezuela<\/strong> pierda sus dos compromisos y <strong>Bolivia <\/strong>no sume.<\/p>\n\n\n\n<p>La <strong>Vinotinto<\/strong> tiene mejor diferencia de gol que sus perseguidores (-4 contra -16 de <strong>Bolivia<\/strong> y -11 de <strong>Per\u00fa<\/strong>).<\/p>\n\n\n\n<p>Sentenciada su ausencia por tercer <strong>Mundial<\/strong> consecutivo, <strong>Chile <\/strong>apuesta de manera firme por una renovaci\u00f3n con vistas al 2030. El t\u00e9cnico interino Nicol\u00e1s <strong>C\u00f3rdova<\/strong>, quien asumi\u00f3 en reemplazo del argentino <strong>Ricardo Gareca<\/strong>, dej\u00f3 afuera de la plantilla a jugadores de la hist\u00f3rica \u201cgeneraci\u00f3n dorada\u201d, como <strong>Alexis S\u00e1nchez, Arturo Vidal o Charles Ar\u00e1nguiz.<\/strong><\/p>\n\n\n\n<p><\/p>\n","protected":false},"excerpt":{"rendered":"<p>(Foto: Agencias) El largo y sinuoso camino de Sudam\u00e9rica rumbo al Mundial del pr\u00f3ximo a\u00f1o<\/p>\n","protected":false},"author":4,"featured_media":9378,"comment_status":"closed","ping_status":"open","sticky":false,"template":"","format":"standard","meta":{"_jetpack_memberships_contains_paid_content":false,"footnotes":""},"categories":[71],"tags":[],"class_list":["post-9383","post","type-post","status-publish","format-standard","has-post-thumbnail","hentry","category-mundial-2026"],"yoast_head":"<!-- This site is optimized with the Yoast SEO plugin v25.7 - https:\/\/yoast.com\/wordpress\/plugins\/seo\/ -->\n<title>Sudam\u00e9rica define 3 lugares mundialistas - Esbozo Deportivo<\/title>\n<meta name=\"description\" content=\"El largo y sinuoso camino de Sudam\u00e9rica rumbo al Mundial del pr\u00f3ximo a\u00f1o llegar\u00e1 a su fin en la \u00faltima doble fecha de las eliminatorias el 4 y 9 de septiembre. Con Argentina, Ecuador y Brasil adentro, seis selecciones pugnan por la ansiada clasificaci\u00f3n.\" \/>\n<meta name=\"robots\" content=\"index, follow, max-snippet:-1, max-image-preview:large, max-video-preview:-1\" \/>\n<link rel=\"canonical\" href=\"https:\/\/esbozodeportivo.com\/index.php\/2025\/09\/03\/sudamerica-define-3-lugares-mundialistas\/\" \/>\n<meta property=\"og:locale\" content=\"es_MX\" \/>\n<meta property=\"og:type\" content=\"article\" \/>\n<meta property=\"og:title\" content=\"Sudam\u00e9rica define 3 lugares mundialistas - Esbozo Deportivo\" \/>\n<meta property=\"og:description\" content=\"El largo y sinuoso camino de Sudam\u00e9rica rumbo al Mundial del pr\u00f3ximo a\u00f1o llegar\u00e1 a su fin en la \u00faltima doble fecha de las eliminatorias el 4 y 9 de septiembre. Con Argentina, Ecuador y Brasil adentro, seis selecciones pugnan por la ansiada clasificaci\u00f3n.\" \/>\n<meta property=\"og:url\" content=\"https:\/\/esbozodeportivo.com\/index.php\/2025\/09\/03\/sudamerica-define-3-lugares-mundialistas\/\" \/>\n<meta property=\"og:site_name\" content=\"Esbozo Deportivo\" \/>\n<meta property=\"article:published_time\" content=\"2025-09-03T06:01:21+00:00\" \/>\n<meta property=\"article:modified_time\" content=\"2025-09-03T06:01:22+00:00\" \/>\n<meta property=\"og:image\" content=\"https:\/\/esbozodeportivo.com\/wp-content\/uploads\/2025\/09\/Messi.jpg\" \/>\n\t<meta property=\"og:image:width\" content=\"1440\" \/>\n\t<meta property=\"og:image:height\" content=\"1220\" \/>\n\t<meta property=\"og:image:type\" content=\"image\/jpeg\" \/>\n<meta name=\"author\" content=\"Redacci\u00f3n\" \/>\n<meta name=\"twitter:card\" content=\"summary_large_image\" \/>\n<meta name=\"twitter:label1\" content=\"Escrito por\" \/>\n\t<meta name=\"twitter:data1\" content=\"Redacci\u00f3n\" \/>\n\t<meta name=\"twitter:label2\" content=\"Tiempo de lectura\" \/>\n\t<meta name=\"twitter:data2\" content=\"3 minutos\" \/>\n<script type=\"application\/ld+json\" class=\"yoast-schema-graph\">{\"@context\":\"https:\/\/schema.org\",\"@graph\":[{\"@type\":\"Article\",\"@id\":\"https:\/\/esbozodeportivo.com\/index.php\/2025\/09\/03\/sudamerica-define-3-lugares-mundialistas\/#article\",\"isPartOf\":{\"@id\":\"https:\/\/esbozodeportivo.com\/index.php\/2025\/09\/03\/sudamerica-define-3-lugares-mundialistas\/\"},\"author\":{\"name\":\"Redacci\u00f3n\",\"@id\":\"https:\/\/esbozodeportivo.com\/#\/schema\/person\/0f6df9196dfe6740dd0bb31bae50d374\"},\"headline\":\"Sudam\u00e9rica define 3 lugares mundialistas\",\"datePublished\":\"2025-09-03T06:01:21+00:00\",\"dateModified\":\"2025-09-03T06:01:22+00:00\",\"mainEntityOfPage\":{\"@id\":\"https:\/\/esbozodeportivo.com\/index.php\/2025\/09\/03\/sudamerica-define-3-lugares-mundialistas\/\"},\"wordCount\":549,\"publisher\":{\"@id\":\"https:\/\/esbozodeportivo.com\/#organization\"},\"image\":{\"@id\":\"https:\/\/esbozodeportivo.com\/index.php\/2025\/09\/03\/sudamerica-define-3-lugares-mundialistas\/#primaryimage\"},\"thumbnailUrl\":\"https:\/\/esbozodeportivo.com\/wp-content\/uploads\/2025\/09\/Messi.jpg\",\"articleSection\":[\"Mundial 2026\"],\"inLanguage\":\"es\"},{\"@type\":\"WebPage\",\"@id\":\"https:\/\/esbozodeportivo.com\/index.php\/2025\/09\/03\/sudamerica-define-3-lugares-mundialistas\/\",\"url\":\"https:\/\/esbozodeportivo.com\/index.php\/2025\/09\/03\/sudamerica-define-3-lugares-mundialistas\/\",\"name\":\"Sudam\u00e9rica define 3 lugares mundialistas - Esbozo Deportivo\",\"isPartOf\":{\"@id\":\"https:\/\/esbozodeportivo.com\/#website\"},\"primaryImageOfPage\":{\"@id\":\"https:\/\/esbozodeportivo.com\/index.php\/2025\/09\/03\/sudamerica-define-3-lugares-mundialistas\/#primaryimage\"},\"image\":{\"@id\":\"https:\/\/esbozodeportivo.com\/index.php\/2025\/09\/03\/sudamerica-define-3-lugares-mundialistas\/#primaryimage\"},\"thumbnailUrl\":\"https:\/\/esbozodeportivo.com\/wp-content\/uploads\/2025\/09\/Messi.jpg\",\"datePublished\":\"2025-09-03T06:01:21+00:00\",\"dateModified\":\"2025-09-03T06:01:22+00:00\",\"description\":\"El largo y sinuoso camino de Sudam\u00e9rica rumbo al Mundial del pr\u00f3ximo a\u00f1o llegar\u00e1 a su fin en la \u00faltima doble fecha de las eliminatorias el 4 y 9 de septiembre. Con Argentina, Ecuador y Brasil adentro, seis selecciones pugnan por la ansiada clasificaci\u00f3n.\",\"breadcrumb\":{\"@id\":\"https:\/\/esbozodeportivo.com\/index.php\/2025\/09\/03\/sudamerica-define-3-lugares-mundialistas\/#breadcrumb\"},\"inLanguage\":\"es\",\"potentialAction\":[{\"@type\":\"ReadAction\",\"target\":[\"https:\/\/esbozodeportivo.com\/index.php\/2025\/09\/03\/sudamerica-define-3-lugares-mundialistas\/\"]}]},{\"@type\":\"ImageObject\",\"inLanguage\":\"es\",\"@id\":\"https:\/\/esbozodeportivo.com\/index.php\/2025\/09\/03\/sudamerica-define-3-lugares-mundialistas\/#primaryimage\",\"url\":\"https:\/\/esbozodeportivo.com\/wp-content\/uploads\/2025\/09\/Messi.jpg\",\"contentUrl\":\"https:\/\/esbozodeportivo.com\/wp-content\/uploads\/2025\/09\/Messi.jpg\",\"width\":1440,\"height\":1220},{\"@type\":\"BreadcrumbList\",\"@id\":\"https:\/\/esbozodeportivo.com\/index.php\/2025\/09\/03\/sudamerica-define-3-lugares-mundialistas\/#breadcrumb\",\"itemListElement\":[{\"@type\":\"ListItem\",\"position\":1,\"name\":\"Inicio\",\"item\":\"https:\/\/esbozodeportivo.com\/\"},{\"@type\":\"ListItem\",\"position\":2,\"name\":\"Sudam\u00e9rica define 3 lugares mundialistas\"}]},{\"@type\":\"WebSite\",\"@id\":\"https:\/\/esbozodeportivo.com\/#website\",\"url\":\"https:\/\/esbozodeportivo.com\/\",\"name\":\"Esbozo Deportivo\",\"description\":\"Lo m\u00e1s importante del Deporte\",\"publisher\":{\"@id\":\"https:\/\/esbozodeportivo.com\/#organization\"},\"potentialAction\":[{\"@type\":\"SearchAction\",\"target\":{\"@type\":\"EntryPoint\",\"urlTemplate\":\"https:\/\/esbozodeportivo.com\/?s={search_term_string}\"},\"query-input\":{\"@type\":\"PropertyValueSpecification\",\"valueRequired\":true,\"valueName\":\"search_term_string\"}}],\"inLanguage\":\"es\"},{\"@type\":\"Organization\",\"@id\":\"https:\/\/esbozodeportivo.com\/#organization\",\"name\":\"Esbozo Deportivo\",\"url\":\"https:\/\/esbozodeportivo.com\/\",\"logo\":{\"@type\":\"ImageObject\",\"inLanguage\":\"es\",\"@id\":\"https:\/\/esbozodeportivo.com\/#\/schema\/logo\/image\/\",\"url\":\"https:\/\/esbozodeportivo.com\/wp-content\/uploads\/2022\/08\/cropped-Logo-Esbozo-Web-2.png\",\"contentUrl\":\"https:\/\/esbozodeportivo.com\/wp-content\/uploads\/2022\/08\/cropped-Logo-Esbozo-Web-2.png\",\"width\":180,\"height\":50,\"caption\":\"Esbozo Deportivo\"},\"image\":{\"@id\":\"https:\/\/esbozodeportivo.com\/#\/schema\/logo\/image\/\"}},{\"@type\":\"Person\",\"@id\":\"https:\/\/esbozodeportivo.com\/#\/schema\/person\/0f6df9196dfe6740dd0bb31bae50d374\",\"name\":\"Redacci\u00f3n\",\"image\":{\"@type\":\"ImageObject\",\"inLanguage\":\"es\",\"@id\":\"https:\/\/esbozodeportivo.com\/#\/schema\/person\/image\/\",\"url\":\"https:\/\/secure.gravatar.com\/avatar\/f55268a89c3b418f2ef172ff52ab0d09b3e653c58de29539fe329fb93d78ebf3?s=96&d=mm&r=g\",\"contentUrl\":\"https:\/\/secure.gravatar.com\/avatar\/f55268a89c3b418f2ef172ff52ab0d09b3e653c58de29539fe329fb93d78ebf3?s=96&d=mm&r=g\",\"caption\":\"Redacci\u00f3n\"},\"url\":\"https:\/\/esbozodeportivo.com\/index.php\/author\/redaccion\/\"}]}<\/script>\n<!-- \/ Yoast SEO plugin. -->","yoast_head_json":{"title":"Sudam\u00e9rica define 3 lugares mundialistas - Esbozo Deportivo","description":"El largo y sinuoso camino de Sudam\u00e9rica rumbo al Mundial del pr\u00f3ximo a\u00f1o llegar\u00e1 a su fin en la \u00faltima doble fecha de las eliminatorias el 4 y 9 de septiembre. Con Argentina, Ecuador y Brasil adentro, seis selecciones pugnan por la ansiada clasificaci\u00f3n.","robots":{"index":"index","follow":"follow","max-snippet":"max-snippet:-1","max-image-preview":"max-image-preview:large","max-video-preview":"max-video-preview:-1"},"canonical":"https:\/\/esbozodeportivo.com\/index.php\/2025\/09\/03\/sudamerica-define-3-lugares-mundialistas\/","og_locale":"es_MX","og_type":"article","og_title":"Sudam\u00e9rica define 3 lugares mundialistas - Esbozo Deportivo","og_description":"El largo y sinuoso camino de Sudam\u00e9rica rumbo al Mundial del pr\u00f3ximo a\u00f1o llegar\u00e1 a su fin en la \u00faltima doble fecha de las eliminatorias el 4 y 9 de septiembre. Con Argentina, Ecuador y Brasil adentro, seis selecciones pugnan por la ansiada clasificaci\u00f3n.","og_url":"https:\/\/esbozodeportivo.com\/index.php\/2025\/09\/03\/sudamerica-define-3-lugares-mundialistas\/","og_site_name":"Esbozo Deportivo","article_published_time":"2025-09-03T06:01:21+00:00","article_modified_time":"2025-09-03T06:01:22+00:00","og_image":[{"width":1440,"height":1220,"url":"https:\/\/esbozodeportivo.com\/wp-content\/uploads\/2025\/09\/Messi.jpg","type":"image\/jpeg"}],"author":"Redacci\u00f3n","twitter_card":"summary_large_image","twitter_misc":{"Escrito por":"Redacci\u00f3n","Tiempo de lectura":"3 minutos"},"schema":{"@context":"https:\/\/schema.org","@graph":[{"@type":"Article","@id":"https:\/\/esbozodeportivo.com\/index.php\/2025\/09\/03\/sudamerica-define-3-lugares-mundialistas\/#article","isPartOf":{"@id":"https:\/\/esbozodeportivo.com\/index.php\/2025\/09\/03\/sudamerica-define-3-lugares-mundialistas\/"},"author":{"name":"Redacci\u00f3n","@id":"https:\/\/esbozodeportivo.com\/#\/schema\/person\/0f6df9196dfe6740dd0bb31bae50d374"},"headline":"Sudam\u00e9rica define 3 lugares mundialistas","datePublished":"2025-09-03T06:01:21+00:00","dateModified":"2025-09-03T06:01:22+00:00","mainEntityOfPage":{"@id":"https:\/\/esbozodeportivo.com\/index.php\/2025\/09\/03\/sudamerica-define-3-lugares-mundialistas\/"},"wordCount":549,"publisher":{"@id":"https:\/\/esbozodeportivo.com\/#organization"},"image":{"@id":"https:\/\/esbozodeportivo.com\/index.php\/2025\/09\/03\/sudamerica-define-3-lugares-mundialistas\/#primaryimage"},"thumbnailUrl":"https:\/\/esbozodeportivo.com\/wp-content\/uploads\/2025\/09\/Messi.jpg","articleSection":["Mundial 2026"],"inLanguage":"es"},{"@type":"WebPage","@id":"https:\/\/esbozodeportivo.com\/index.php\/2025\/09\/03\/sudamerica-define-3-lugares-mundialistas\/","url":"https:\/\/esbozodeportivo.com\/index.php\/2025\/09\/03\/sudamerica-define-3-lugares-mundialistas\/","name":"Sudam\u00e9rica define 3 lugares mundialistas - Esbozo Deportivo","isPartOf":{"@id":"https:\/\/esbozodeportivo.com\/#website"},"primaryImageOfPage":{"@id":"https:\/\/esbozodeportivo.com\/index.php\/2025\/09\/03\/sudamerica-define-3-lugares-mundialistas\/#primaryimage"},"image":{"@id":"https:\/\/esbozodeportivo.com\/index.php\/2025\/09\/03\/sudamerica-define-3-lugares-mundialistas\/#primaryimage"},"thumbnailUrl":"https:\/\/esbozodeportivo.com\/wp-content\/uploads\/2025\/09\/Messi.jpg","datePublished":"2025-09-03T06:01:21+00:00","dateModified":"2025-09-03T06:01:22+00:00","description":"El largo y sinuoso camino de Sudam\u00e9rica rumbo al Mundial del pr\u00f3ximo a\u00f1o llegar\u00e1 a su fin en la \u00faltima doble fecha de las eliminatorias el 4 y 9 de septiembre. Con Argentina, Ecuador y Brasil adentro, seis selecciones pugnan por la ansiada clasificaci\u00f3n.","breadcrumb":{"@id":"https:\/\/esbozodeportivo.com\/index.php\/2025\/09\/03\/sudamerica-define-3-lugares-mundialistas\/#breadcrumb"},"inLanguage":"es","potentialAction":[{"@type":"ReadAction","target":["https:\/\/esbozodeportivo.com\/index.php\/2025\/09\/03\/sudamerica-define-3-lugares-mundialistas\/"]}]},{"@type":"ImageObject","inLanguage":"es","@id":"https:\/\/esbozodeportivo.com\/index.php\/2025\/09\/03\/sudamerica-define-3-lugares-mundialistas\/#primaryimage","url":"https:\/\/esbozodeportivo.com\/wp-content\/uploads\/2025\/09\/Messi.jpg","contentUrl":"https:\/\/esbozodeportivo.com\/wp-content\/uploads\/2025\/09\/Messi.jpg","width":1440,"height":1220},{"@type":"BreadcrumbList","@id":"https:\/\/esbozodeportivo.com\/index.php\/2025\/09\/03\/sudamerica-define-3-lugares-mundialistas\/#breadcrumb","itemListElement":[{"@type":"ListItem","position":1,"name":"Inicio","item":"https:\/\/esbozodeportivo.com\/"},{"@type":"ListItem","position":2,"name":"Sudam\u00e9rica define 3 lugares mundialistas"}]},{"@type":"WebSite","@id":"https:\/\/esbozodeportivo.com\/#website","url":"https:\/\/esbozodeportivo.com\/","name":"Esbozo Deportivo","description":"Lo m\u00e1s importante del Deporte","publisher":{"@id":"https:\/\/esbozodeportivo.com\/#organization"},"potentialAction":[{"@type":"SearchAction","target":{"@type":"EntryPoint","urlTemplate":"https:\/\/esbozodeportivo.com\/?s={search_term_string}"},"query-input":{"@type":"PropertyValueSpecification","valueRequired":true,"valueName":"search_term_string"}}],"inLanguage":"es"},{"@type":"Organization","@id":"https:\/\/esbozodeportivo.com\/#organization","name":"Esbozo Deportivo","url":"https:\/\/esbozodeportivo.com\/","logo":{"@type":"ImageObject","inLanguage":"es","@id":"https:\/\/esbozodeportivo.com\/#\/schema\/logo\/image\/","url":"https:\/\/esbozodeportivo.com\/wp-content\/uploads\/2022\/08\/cropped-Logo-Esbozo-Web-2.png","contentUrl":"https:\/\/esbozodeportivo.com\/wp-content\/uploads\/2022\/08\/cropped-Logo-Esbozo-Web-2.png","width":180,"height":50,"caption":"Esbozo Deportivo"},"image":{"@id":"https:\/\/esbozodeportivo.com\/#\/schema\/logo\/image\/"}},{"@type":"Person","@id":"https:\/\/esbozodeportivo.com\/#\/schema\/person\/0f6df9196dfe6740dd0bb31bae50d374","name":"Redacci\u00f3n","image":{"@type":"ImageObject","inLanguage":"es","@id":"https:\/\/esbozodeportivo.com\/#\/schema\/person\/image\/","url":"https:\/\/secure.gravatar.com\/avatar\/f55268a89c3b418f2ef172ff52ab0d09b3e653c58de29539fe329fb93d78ebf3?s=96&d=mm&r=g","contentUrl":"https:\/\/secure.gravatar.com\/avatar\/f55268a89c3b418f2ef172ff52ab0d09b3e653c58de29539fe329fb93d78ebf3?s=96&d=mm&r=g","caption":"Redacci\u00f3n"},"url":"https:\/\/esbozodeportivo.com\/index.php\/author\/redaccion\/"}]}},"jetpack_featured_media_url":"https:\/\/esbozodeportivo.com\/wp-content\/uploads\/2025\/09\/Messi.jpg","jetpack_sharing_enabled":true,"_links":{"self":[{"href":"https:\/\/esbozodeportivo.com\/index.php\/wp-json\/wp\/v2\/posts\/9383","targetHints":{"allow":["GET"]}}],"collection":[{"href":"https:\/\/esbozodeportivo.com\/index.php\/wp-json\/wp\/v2\/posts"}],"about":[{"href":"https:\/\/esbozodeportivo.com\/index.php\/wp-json\/wp\/v2\/types\/post"}],"author":[{"embeddable":true,"href":"https:\/\/esbozodeportivo.com\/index.php\/wp-json\/wp\/v2\/users\/4"}],"replies":[{"embeddable":true,"href":"https:\/\/esbozodeportivo.com\/index.php\/wp-json\/wp\/v2\/comments?post=9383"}],"version-history":[{"count":1,"href":"https:\/\/esbozodeportivo.com\/index.php\/wp-json\/wp\/v2\/posts\/9383\/revisions"}],"predecessor-version":[{"id":9384,"href":"https:\/\/esbozodeportivo.com\/index.php\/wp-json\/wp\/v2\/posts\/9383\/revisions\/9384"}],"wp:featuredmedia":[{"embeddable":true,"href":"https:\/\/esbozodeportivo.com\/index.php\/wp-json\/wp\/v2\/media\/9378"}],"wp:attachment":[{"href":"https:\/\/esbozodeportivo.com\/index.php\/wp-json\/wp\/v2\/media?parent=9383"}],"wp:term":[{"taxonomy":"category","embeddable":true,"href":"https:\/\/esbozodeportivo.com\/index.php\/wp-json\/wp\/v2\/categories?post=9383"},{"taxonomy":"post_tag","embeddable":true,"href":"https:\/\/esbozodeportivo.com\/index.php\/wp-json\/wp\/v2\/tags?post=9383"}],"curies":[{"name":"wp","href":"https:\/\/api.w.org\/{rel}","templated":true}]}}