{"id":9387,"date":"2025-09-03T00:06:30","date_gmt":"2025-09-03T06:06:30","guid":{"rendered":"https:\/\/esbozodeportivo.com\/?p=9387"},"modified":"2025-09-03T00:06:32","modified_gmt":"2025-09-03T06:06:32","slug":"vingegaard-recupera-el-liderato-en-la-vuelta-a-espana","status":"publish","type":"post","link":"https:\/\/esbozodeportivo.com\/index.php\/2025\/09\/03\/vingegaard-recupera-el-liderato-en-la-vuelta-a-espana\/","title":{"rendered":"Vingegaard recupera el liderato en la Vuelta a Espa\u00f1a"},"content":{"rendered":"\n<p>(Foto: Agencias) <\/p>\n\n\n\n<p><strong>Jonas Vingegaard<\/strong> recuper\u00f3 el liderato general en la d\u00e9cima etapa de la <strong>Vuelta a Espa\u00f1a <\/strong>el martes, mientras que <strong>Jay Vine<\/strong> consigui\u00f3 su cuarta victoria de etapa en la <strong>Vuelta<\/strong> en su carrera.<\/p>\n\n\n\n<p>El ciclista dan\u00e9s, dos veces campe\u00f3n del <strong>Tour de Francia<\/strong>, termin\u00f3 en un grupo de una docena de corredores a uno minuto y cinco segundos detr\u00e1s de Vine, quien se escap\u00f3 en una fuga temprana.<\/p>\n\n\n\n<p>El l\u00edder anterior, el ciclista noruego <strong>Torstein Tr\u00e6en<\/strong>, termin\u00f3 la etapa 2:08 detr\u00e1s de Vine.<\/p>\n\n\n\n<p><strong>Vingegaard<\/strong> ahora lidera a <strong>Tr\u00e6en<\/strong> por 26 segundos, con el ciclista portugu\u00e9s <strong>Joao Almeida<\/strong> tercero, a 38 segundos de distancia.<\/p>\n\n\n\n<p>Fue la segunda victoria de etapa de <strong>Vine en la Vuelta<\/strong> este a\u00f1o, el australiano tambi\u00e9n gan\u00f3 dos etapas en la edici\u00f3n de 2022.<\/p>\n\n\n\n<p>El tramo de 175,3 kil\u00f3metros (109 millas) termin\u00f3 con una subida al resort de esqu\u00ed <strong>El Ferial Larra Belagua<\/strong>.<\/p>\n\n\n\n<p>La etapa 11 el mi\u00e9rcoles es un tramo de 157,4 kil\u00f3metros (98 millas) que comienza y termina en <strong>Bilbao.<\/strong><\/p>\n\n\n\n<p>La carrera finaliza en <strong>Madrid<\/strong> el 14 de septiembre.<\/p>\n\n\n\n<p><\/p>\n","protected":false},"excerpt":{"rendered":"<p>(Foto: Agencias) Jonas Vingegaard recuper\u00f3 el liderato general en la d\u00e9cima etapa de la Vuelta<\/p>\n","protected":false},"author":4,"featured_media":9371,"comment_status":"closed","ping_status":"open","sticky":false,"template":"","format":"standard","meta":{"_jetpack_memberships_contains_paid_content":false,"footnotes":""},"categories":[10],"tags":[],"class_list":["post-9387","post","type-post","status-publish","format-standard","has-post-thumbnail","hentry","category-ciclismo"],"yoast_head":"<!-- This site is optimized with the Yoast SEO plugin v25.7 - https:\/\/yoast.com\/wordpress\/plugins\/seo\/ -->\n<title>Vingegaard recupera el liderato en la Vuelta a Espa\u00f1a - Esbozo Deportivo<\/title>\n<meta name=\"description\" content=\"Jonas Vingegaard recuper\u00f3 el liderato general en la d\u00e9cima etapa de la Vuelta a Espa\u00f1a el martes, mientras que Jay Vine consigui\u00f3 su cuarta victoria de etapa en la Vuelta en su carrera.\" \/>\n<meta name=\"robots\" content=\"index, follow, max-snippet:-1, max-image-preview:large, max-video-preview:-1\" \/>\n<link rel=\"canonical\" href=\"https:\/\/esbozodeportivo.com\/index.php\/2025\/09\/03\/vingegaard-recupera-el-liderato-en-la-vuelta-a-espana\/\" \/>\n<meta property=\"og:locale\" content=\"es_MX\" \/>\n<meta property=\"og:type\" content=\"article\" \/>\n<meta property=\"og:title\" content=\"Vingegaard recupera el liderato en la Vuelta a Espa\u00f1a - Esbozo Deportivo\" \/>\n<meta property=\"og:description\" content=\"Jonas Vingegaard recuper\u00f3 el liderato general en la d\u00e9cima etapa de la Vuelta a Espa\u00f1a el martes, mientras que Jay Vine consigui\u00f3 su cuarta victoria de etapa en la Vuelta en su carrera.\" \/>\n<meta property=\"og:url\" content=\"https:\/\/esbozodeportivo.com\/index.php\/2025\/09\/03\/vingegaard-recupera-el-liderato-en-la-vuelta-a-espana\/\" \/>\n<meta property=\"og:site_name\" content=\"Esbozo Deportivo\" \/>\n<meta property=\"article:published_time\" content=\"2025-09-03T06:06:30+00:00\" \/>\n<meta property=\"article:modified_time\" content=\"2025-09-03T06:06:32+00:00\" \/>\n<meta property=\"og:image\" content=\"https:\/\/esbozodeportivo.com\/wp-content\/uploads\/2025\/09\/Ciclismo.jpg\" \/>\n\t<meta property=\"og:image:width\" content=\"414\" \/>\n\t<meta property=\"og:image:height\" content=\"276\" \/>\n\t<meta property=\"og:image:type\" content=\"image\/jpeg\" \/>\n<meta name=\"author\" content=\"Redacci\u00f3n\" \/>\n<meta name=\"twitter:card\" content=\"summary_large_image\" \/>\n<meta name=\"twitter:label1\" content=\"Escrito por\" \/>\n\t<meta name=\"twitter:data1\" content=\"Redacci\u00f3n\" \/>\n\t<meta name=\"twitter:label2\" content=\"Tiempo de lectura\" \/>\n\t<meta name=\"twitter:data2\" content=\"2 minutos\" \/>\n<script type=\"application\/ld+json\" class=\"yoast-schema-graph\">{\"@context\":\"https:\/\/schema.org\",\"@graph\":[{\"@type\":\"Article\",\"@id\":\"https:\/\/esbozodeportivo.com\/index.php\/2025\/09\/03\/vingegaard-recupera-el-liderato-en-la-vuelta-a-espana\/#article\",\"isPartOf\":{\"@id\":\"https:\/\/esbozodeportivo.com\/index.php\/2025\/09\/03\/vingegaard-recupera-el-liderato-en-la-vuelta-a-espana\/\"},\"author\":{\"name\":\"Redacci\u00f3n\",\"@id\":\"https:\/\/esbozodeportivo.com\/#\/schema\/person\/0f6df9196dfe6740dd0bb31bae50d374\"},\"headline\":\"Vingegaard recupera el liderato en la Vuelta a Espa\u00f1a\",\"datePublished\":\"2025-09-03T06:06:30+00:00\",\"dateModified\":\"2025-09-03T06:06:32+00:00\",\"mainEntityOfPage\":{\"@id\":\"https:\/\/esbozodeportivo.com\/index.php\/2025\/09\/03\/vingegaard-recupera-el-liderato-en-la-vuelta-a-espana\/\"},\"wordCount\":192,\"publisher\":{\"@id\":\"https:\/\/esbozodeportivo.com\/#organization\"},\"image\":{\"@id\":\"https:\/\/esbozodeportivo.com\/index.php\/2025\/09\/03\/vingegaard-recupera-el-liderato-en-la-vuelta-a-espana\/#primaryimage\"},\"thumbnailUrl\":\"https:\/\/esbozodeportivo.com\/wp-content\/uploads\/2025\/09\/Ciclismo.jpg\",\"articleSection\":[\"Ciclismo\"],\"inLanguage\":\"es\"},{\"@type\":\"WebPage\",\"@id\":\"https:\/\/esbozodeportivo.com\/index.php\/2025\/09\/03\/vingegaard-recupera-el-liderato-en-la-vuelta-a-espana\/\",\"url\":\"https:\/\/esbozodeportivo.com\/index.php\/2025\/09\/03\/vingegaard-recupera-el-liderato-en-la-vuelta-a-espana\/\",\"name\":\"Vingegaard recupera el liderato en la Vuelta a Espa\u00f1a - Esbozo Deportivo\",\"isPartOf\":{\"@id\":\"https:\/\/esbozodeportivo.com\/#website\"},\"primaryImageOfPage\":{\"@id\":\"https:\/\/esbozodeportivo.com\/index.php\/2025\/09\/03\/vingegaard-recupera-el-liderato-en-la-vuelta-a-espana\/#primaryimage\"},\"image\":{\"@id\":\"https:\/\/esbozodeportivo.com\/index.php\/2025\/09\/03\/vingegaard-recupera-el-liderato-en-la-vuelta-a-espana\/#primaryimage\"},\"thumbnailUrl\":\"https:\/\/esbozodeportivo.com\/wp-content\/uploads\/2025\/09\/Ciclismo.jpg\",\"datePublished\":\"2025-09-03T06:06:30+00:00\",\"dateModified\":\"2025-09-03T06:06:32+00:00\",\"description\":\"Jonas Vingegaard recuper\u00f3 el liderato general en la d\u00e9cima etapa de la Vuelta a Espa\u00f1a el martes, mientras que Jay Vine consigui\u00f3 su cuarta victoria de etapa en la Vuelta en su carrera.\",\"breadcrumb\":{\"@id\":\"https:\/\/esbozodeportivo.com\/index.php\/2025\/09\/03\/vingegaard-recupera-el-liderato-en-la-vuelta-a-espana\/#breadcrumb\"},\"inLanguage\":\"es\",\"potentialAction\":[{\"@type\":\"ReadAction\",\"target\":[\"https:\/\/esbozodeportivo.com\/index.php\/2025\/09\/03\/vingegaard-recupera-el-liderato-en-la-vuelta-a-espana\/\"]}]},{\"@type\":\"ImageObject\",\"inLanguage\":\"es\",\"@id\":\"https:\/\/esbozodeportivo.com\/index.php\/2025\/09\/03\/vingegaard-recupera-el-liderato-en-la-vuelta-a-espana\/#primaryimage\",\"url\":\"https:\/\/esbozodeportivo.com\/wp-content\/uploads\/2025\/09\/Ciclismo.jpg\",\"contentUrl\":\"https:\/\/esbozodeportivo.com\/wp-content\/uploads\/2025\/09\/Ciclismo.jpg\",\"width\":414,\"height\":276},{\"@type\":\"BreadcrumbList\",\"@id\":\"https:\/\/esbozodeportivo.com\/index.php\/2025\/09\/03\/vingegaard-recupera-el-liderato-en-la-vuelta-a-espana\/#breadcrumb\",\"itemListElement\":[{\"@type\":\"ListItem\",\"position\":1,\"name\":\"Inicio\",\"item\":\"https:\/\/esbozodeportivo.com\/\"},{\"@type\":\"ListItem\",\"position\":2,\"name\":\"Vingegaard recupera el liderato en la Vuelta a Espa\u00f1a\"}]},{\"@type\":\"WebSite\",\"@id\":\"https:\/\/esbozodeportivo.com\/#website\",\"url\":\"https:\/\/esbozodeportivo.com\/\",\"name\":\"Esbozo Deportivo\",\"description\":\"Lo m\u00e1s importante del Deporte\",\"publisher\":{\"@id\":\"https:\/\/esbozodeportivo.com\/#organization\"},\"potentialAction\":[{\"@type\":\"SearchAction\",\"target\":{\"@type\":\"EntryPoint\",\"urlTemplate\":\"https:\/\/esbozodeportivo.com\/?s={search_term_string}\"},\"query-input\":{\"@type\":\"PropertyValueSpecification\",\"valueRequired\":true,\"valueName\":\"search_term_string\"}}],\"inLanguage\":\"es\"},{\"@type\":\"Organization\",\"@id\":\"https:\/\/esbozodeportivo.com\/#organization\",\"name\":\"Esbozo Deportivo\",\"url\":\"https:\/\/esbozodeportivo.com\/\",\"logo\":{\"@type\":\"ImageObject\",\"inLanguage\":\"es\",\"@id\":\"https:\/\/esbozodeportivo.com\/#\/schema\/logo\/image\/\",\"url\":\"https:\/\/esbozodeportivo.com\/wp-content\/uploads\/2022\/08\/cropped-Logo-Esbozo-Web-2.png\",\"contentUrl\":\"https:\/\/esbozodeportivo.com\/wp-content\/uploads\/2022\/08\/cropped-Logo-Esbozo-Web-2.png\",\"width\":180,\"height\":50,\"caption\":\"Esbozo Deportivo\"},\"image\":{\"@id\":\"https:\/\/esbozodeportivo.com\/#\/schema\/logo\/image\/\"}},{\"@type\":\"Person\",\"@id\":\"https:\/\/esbozodeportivo.com\/#\/schema\/person\/0f6df9196dfe6740dd0bb31bae50d374\",\"name\":\"Redacci\u00f3n\",\"image\":{\"@type\":\"ImageObject\",\"inLanguage\":\"es\",\"@id\":\"https:\/\/esbozodeportivo.com\/#\/schema\/person\/image\/\",\"url\":\"https:\/\/secure.gravatar.com\/avatar\/f55268a89c3b418f2ef172ff52ab0d09b3e653c58de29539fe329fb93d78ebf3?s=96&d=mm&r=g\",\"contentUrl\":\"https:\/\/secure.gravatar.com\/avatar\/f55268a89c3b418f2ef172ff52ab0d09b3e653c58de29539fe329fb93d78ebf3?s=96&d=mm&r=g\",\"caption\":\"Redacci\u00f3n\"},\"url\":\"https:\/\/esbozodeportivo.com\/index.php\/author\/redaccion\/\"}]}<\/script>\n<!-- \/ Yoast SEO plugin. -->","yoast_head_json":{"title":"Vingegaard recupera el liderato en la Vuelta a Espa\u00f1a - Esbozo Deportivo","description":"Jonas Vingegaard recuper\u00f3 el liderato general en la d\u00e9cima etapa de la Vuelta a Espa\u00f1a el martes, mientras que Jay Vine consigui\u00f3 su cuarta victoria de etapa en la Vuelta en su carrera.","robots":{"index":"index","follow":"follow","max-snippet":"max-snippet:-1","max-image-preview":"max-image-preview:large","max-video-preview":"max-video-preview:-1"},"canonical":"https:\/\/esbozodeportivo.com\/index.php\/2025\/09\/03\/vingegaard-recupera-el-liderato-en-la-vuelta-a-espana\/","og_locale":"es_MX","og_type":"article","og_title":"Vingegaard recupera el liderato en la Vuelta a Espa\u00f1a - Esbozo Deportivo","og_description":"Jonas Vingegaard recuper\u00f3 el liderato general en la d\u00e9cima etapa de la Vuelta a Espa\u00f1a el martes, mientras que Jay Vine consigui\u00f3 su cuarta victoria de etapa en la Vuelta en su carrera.","og_url":"https:\/\/esbozodeportivo.com\/index.php\/2025\/09\/03\/vingegaard-recupera-el-liderato-en-la-vuelta-a-espana\/","og_site_name":"Esbozo Deportivo","article_published_time":"2025-09-03T06:06:30+00:00","article_modified_time":"2025-09-03T06:06:32+00:00","og_image":[{"width":414,"height":276,"url":"https:\/\/esbozodeportivo.com\/wp-content\/uploads\/2025\/09\/Ciclismo.jpg","type":"image\/jpeg"}],"author":"Redacci\u00f3n","twitter_card":"summary_large_image","twitter_misc":{"Escrito por":"Redacci\u00f3n","Tiempo de lectura":"2 minutos"},"schema":{"@context":"https:\/\/schema.org","@graph":[{"@type":"Article","@id":"https:\/\/esbozodeportivo.com\/index.php\/2025\/09\/03\/vingegaard-recupera-el-liderato-en-la-vuelta-a-espana\/#article","isPartOf":{"@id":"https:\/\/esbozodeportivo.com\/index.php\/2025\/09\/03\/vingegaard-recupera-el-liderato-en-la-vuelta-a-espana\/"},"author":{"name":"Redacci\u00f3n","@id":"https:\/\/esbozodeportivo.com\/#\/schema\/person\/0f6df9196dfe6740dd0bb31bae50d374"},"headline":"Vingegaard recupera el liderato en la Vuelta a Espa\u00f1a","datePublished":"2025-09-03T06:06:30+00:00","dateModified":"2025-09-03T06:06:32+00:00","mainEntityOfPage":{"@id":"https:\/\/esbozodeportivo.com\/index.php\/2025\/09\/03\/vingegaard-recupera-el-liderato-en-la-vuelta-a-espana\/"},"wordCount":192,"publisher":{"@id":"https:\/\/esbozodeportivo.com\/#organization"},"image":{"@id":"https:\/\/esbozodeportivo.com\/index.php\/2025\/09\/03\/vingegaard-recupera-el-liderato-en-la-vuelta-a-espana\/#primaryimage"},"thumbnailUrl":"https:\/\/esbozodeportivo.com\/wp-content\/uploads\/2025\/09\/Ciclismo.jpg","articleSection":["Ciclismo"],"inLanguage":"es"},{"@type":"WebPage","@id":"https:\/\/esbozodeportivo.com\/index.php\/2025\/09\/03\/vingegaard-recupera-el-liderato-en-la-vuelta-a-espana\/","url":"https:\/\/esbozodeportivo.com\/index.php\/2025\/09\/03\/vingegaard-recupera-el-liderato-en-la-vuelta-a-espana\/","name":"Vingegaard recupera el liderato en la Vuelta a Espa\u00f1a - Esbozo Deportivo","isPartOf":{"@id":"https:\/\/esbozodeportivo.com\/#website"},"primaryImageOfPage":{"@id":"https:\/\/esbozodeportivo.com\/index.php\/2025\/09\/03\/vingegaard-recupera-el-liderato-en-la-vuelta-a-espana\/#primaryimage"},"image":{"@id":"https:\/\/esbozodeportivo.com\/index.php\/2025\/09\/03\/vingegaard-recupera-el-liderato-en-la-vuelta-a-espana\/#primaryimage"},"thumbnailUrl":"https:\/\/esbozodeportivo.com\/wp-content\/uploads\/2025\/09\/Ciclismo.jpg","datePublished":"2025-09-03T06:06:30+00:00","dateModified":"2025-09-03T06:06:32+00:00","description":"Jonas Vingegaard recuper\u00f3 el liderato general en la d\u00e9cima etapa de la Vuelta a Espa\u00f1a el martes, mientras que Jay Vine consigui\u00f3 su cuarta victoria de etapa en la Vuelta en su carrera.","breadcrumb":{"@id":"https:\/\/esbozodeportivo.com\/index.php\/2025\/09\/03\/vingegaard-recupera-el-liderato-en-la-vuelta-a-espana\/#breadcrumb"},"inLanguage":"es","potentialAction":[{"@type":"ReadAction","target":["https:\/\/esbozodeportivo.com\/index.php\/2025\/09\/03\/vingegaard-recupera-el-liderato-en-la-vuelta-a-espana\/"]}]},{"@type":"ImageObject","inLanguage":"es","@id":"https:\/\/esbozodeportivo.com\/index.php\/2025\/09\/03\/vingegaard-recupera-el-liderato-en-la-vuelta-a-espana\/#primaryimage","url":"https:\/\/esbozodeportivo.com\/wp-content\/uploads\/2025\/09\/Ciclismo.jpg","contentUrl":"https:\/\/esbozodeportivo.com\/wp-content\/uploads\/2025\/09\/Ciclismo.jpg","width":414,"height":276},{"@type":"BreadcrumbList","@id":"https:\/\/esbozodeportivo.com\/index.php\/2025\/09\/03\/vingegaard-recupera-el-liderato-en-la-vuelta-a-espana\/#breadcrumb","itemListElement":[{"@type":"ListItem","position":1,"name":"Inicio","item":"https:\/\/esbozodeportivo.com\/"},{"@type":"ListItem","position":2,"name":"Vingegaard recupera el liderato en la Vuelta a Espa\u00f1a"}]},{"@type":"WebSite","@id":"https:\/\/esbozodeportivo.com\/#website","url":"https:\/\/esbozodeportivo.com\/","name":"Esbozo Deportivo","description":"Lo m\u00e1s importante del Deporte","publisher":{"@id":"https:\/\/esbozodeportivo.com\/#organization"},"potentialAction":[{"@type":"SearchAction","target":{"@type":"EntryPoint","urlTemplate":"https:\/\/esbozodeportivo.com\/?s={search_term_string}"},"query-input":{"@type":"PropertyValueSpecification","valueRequired":true,"valueName":"search_term_string"}}],"inLanguage":"es"},{"@type":"Organization","@id":"https:\/\/esbozodeportivo.com\/#organization","name":"Esbozo Deportivo","url":"https:\/\/esbozodeportivo.com\/","logo":{"@type":"ImageObject","inLanguage":"es","@id":"https:\/\/esbozodeportivo.com\/#\/schema\/logo\/image\/","url":"https:\/\/esbozodeportivo.com\/wp-content\/uploads\/2022\/08\/cropped-Logo-Esbozo-Web-2.png","contentUrl":"https:\/\/esbozodeportivo.com\/wp-content\/uploads\/2022\/08\/cropped-Logo-Esbozo-Web-2.png","width":180,"height":50,"caption":"Esbozo Deportivo"},"image":{"@id":"https:\/\/esbozodeportivo.com\/#\/schema\/logo\/image\/"}},{"@type":"Person","@id":"https:\/\/esbozodeportivo.com\/#\/schema\/person\/0f6df9196dfe6740dd0bb31bae50d374","name":"Redacci\u00f3n","image":{"@type":"ImageObject","inLanguage":"es","@id":"https:\/\/esbozodeportivo.com\/#\/schema\/person\/image\/","url":"https:\/\/secure.gravatar.com\/avatar\/f55268a89c3b418f2ef172ff52ab0d09b3e653c58de29539fe329fb93d78ebf3?s=96&d=mm&r=g","contentUrl":"https:\/\/secure.gravatar.com\/avatar\/f55268a89c3b418f2ef172ff52ab0d09b3e653c58de29539fe329fb93d78ebf3?s=96&d=mm&r=g","caption":"Redacci\u00f3n"},"url":"https:\/\/esbozodeportivo.com\/index.php\/author\/redaccion\/"}]}},"jetpack_featured_media_url":"https:\/\/esbozodeportivo.com\/wp-content\/uploads\/2025\/09\/Ciclismo.jpg","jetpack_sharing_enabled":true,"_links":{"self":[{"href":"https:\/\/esbozodeportivo.com\/index.php\/wp-json\/wp\/v2\/posts\/9387","targetHints":{"allow":["GET"]}}],"collection":[{"href":"https:\/\/esbozodeportivo.com\/index.php\/wp-json\/wp\/v2\/posts"}],"about":[{"href":"https:\/\/esbozodeportivo.com\/index.php\/wp-json\/wp\/v2\/types\/post"}],"author":[{"embeddable":true,"href":"https:\/\/esbozodeportivo.com\/index.php\/wp-json\/wp\/v2\/users\/4"}],"replies":[{"embeddable":true,"href":"https:\/\/esbozodeportivo.com\/index.php\/wp-json\/wp\/v2\/comments?post=9387"}],"version-history":[{"count":1,"href":"https:\/\/esbozodeportivo.com\/index.php\/wp-json\/wp\/v2\/posts\/9387\/revisions"}],"predecessor-version":[{"id":9388,"href":"https:\/\/esbozodeportivo.com\/index.php\/wp-json\/wp\/v2\/posts\/9387\/revisions\/9388"}],"wp:featuredmedia":[{"embeddable":true,"href":"https:\/\/esbozodeportivo.com\/index.php\/wp-json\/wp\/v2\/media\/9371"}],"wp:attachment":[{"href":"https:\/\/esbozodeportivo.com\/index.php\/wp-json\/wp\/v2\/media?parent=9387"}],"wp:term":[{"taxonomy":"category","embeddable":true,"href":"https:\/\/esbozodeportivo.com\/index.php\/wp-json\/wp\/v2\/categories?post=9387"},{"taxonomy":"post_tag","embeddable":true,"href":"https:\/\/esbozodeportivo.com\/index.php\/wp-json\/wp\/v2\/tags?post=9387"}],"curies":[{"name":"wp","href":"https:\/\/api.w.org\/{rel}","templated":true}]}}