{"id":9404,"date":"2025-09-03T16:21:28","date_gmt":"2025-09-03T22:21:28","guid":{"rendered":"https:\/\/esbozodeportivo.com\/?p=9404"},"modified":"2025-09-03T16:21:29","modified_gmt":"2025-09-03T22:21:29","slug":"messi-se-despide-de-la-albiceleste","status":"publish","type":"post","link":"https:\/\/esbozodeportivo.com\/index.php\/2025\/09\/03\/messi-se-despide-de-la-albiceleste\/","title":{"rendered":"Messi se despide de la albiceleste"},"content":{"rendered":"\n<p>(Foto: Agencias) <\/p>\n\n\n\n<p>El campe\u00f3n del mundo <strong>Argentina<\/strong> buscar\u00e1 homenajear a su capit\u00e1n <strong>Lionel Messi<\/strong> con una victoria ante <strong>Venezuela <\/strong>el jueves por las eliminatorias sudamericanas, en el que ser\u00e1 el \u00faltimo partido oficial del astro con la casaca albiceleste en su pa\u00eds.<\/p>\n\n\n\n<p>Fue el propio <strong>Messi<\/strong> quien d\u00edas atr\u00e1s calific\u00f3 de \u201cun partido muy, muy especial porque es el \u00faltimo de eliminatorias\u201d ante la <strong>Vinotinto<\/strong> en el estadio <strong>Monumental de Buenos Aires<\/strong>. \u201cDespu\u00e9s no s\u00e9 qu\u00e9 pasar\u00e1, pero vamos con esa intenci\u00f3n\u201d.<\/p>\n\n\n\n<p>El jugador de <strong>Inter Miami<\/strong>, de 38 a\u00f1os, no le puso fecha a su retiro, pero su ciclo en <strong>Argentina<\/strong> se cerrar\u00e1 tras la <strong>Copa del Mundo<\/strong> del a\u00f1o pr\u00f3ximo, en la que el equipo de <strong>Lionel Scaloni<\/strong> defender\u00e1 el t\u00edtulo conquistado en Qatar 2022.<\/p>\n\n\n\n<p>Las eliminatorias para el <strong>Mundial 2030<\/strong> comenzar\u00e1n a disputarse en 2027.<\/p>\n\n\n\n<p>\u201cMa\u00f1ana va a ser un partido muy especial y emotivo. Es un placer tener a <strong>Messi <\/strong>y esperemos que la gente y \u00e9l disfruten mucho del encuentro\u201d, dijo el t\u00e9cnico argentino el mi\u00e9rcoles en rueda de prensa. \u201cHoy est\u00e1 y hay que disfrutarlo\u201d.<\/p>\n\n\n\n<p>El homenaje al m\u00e1ximo artillero de su historia (112) ser\u00e1 el foco para una Argentina que ya est\u00e1 clasificada a la pr\u00f3xima <strong>Copa del Mundo<\/strong> y que es inalcanzable en la cima de las posiciones de eliminatorias con 35 puntos.<\/p>\n\n\n\n<p>En cambio, para <strong>Venezuela<\/strong> el partido cobra vital importancia en su objetivo por disputar el primer <strong>Mundial d<\/strong>e su historia. El pr\u00f3ximo martes recibir\u00e1 a <strong>Colombia.<\/strong><\/p>\n\n\n\n<p>El equipo dirigido por el argentino <strong>Fernando Batista<\/strong>, que suma 18 puntos, depende de s\u00ed misma para asegurarse el s\u00e9ptimo puesto del repechaje y hasta podr\u00eda lograr la clasificaci\u00f3n directa con una combinaci\u00f3n de resultados.<\/p>\n\n\n\n<p>\u201cVenimos a arruinarlo, en el buen sentido\u201d (el festejo por <strong>Messi<\/strong>), declar\u00f3 <strong>Batista.<\/strong> \u201cNosotros nos estamos jugando la clasificaci\u00f3n o repechaje. Nosotros no vinimos a una fiesta, vinimos a jugar algo importante\u201d, declar\u00f3 <strong>Batista<\/strong>.<\/p>\n\n\n\n<p><strong>Argentina<\/strong> no podr\u00e1 contar con el mediocampista <strong>Enzo Fern\u00e1ndez<\/strong>, que debe cumplir dos fechas de suspensi\u00f3n. <strong>Leandro Paredes<\/strong> se perfila como su reemplazante.<\/p>\n\n\n\n<p><strong>Scaloni<\/strong> adelant\u00f3 que aprovechar\u00e1 la doble fecha de eliminatoria para \u201cdarle rodaje a algunos chicos nuevos\u201d, como <strong>Franco Mastantuono, flamante fichaje del Real Madrid, Nicol\u00e1s Paz (Como, Italia) o Claudio Echeverri (Bayer Leverkusen).<\/strong><\/p>\n\n\n\n<p>No confirm\u00f3 el equipo, que formar\u00eda con <strong>Emiliano Mart\u00ednez<\/strong>, quien perdi\u00f3 el puesto en el <strong>Aston Villa<\/strong> ingl\u00e9s por forzar una salida en el mercado de pases que finalmente no se concret\u00f3, <strong>Nahuel Molina, Cristian Romero, Nicol\u00e1s Otamendi, Nicol\u00e1s Tagliafico, Rodrigo De Paul, Paredes, Alexis Mac Allister, Thiago Almada, Messi y Juli\u00e1n \u00c1lvarez.<\/strong><\/p>\n\n\n\n<p>\u201c<strong>Venezuela<\/strong> es un rival inc\u00f3modo, dif\u00edcil, que con el<strong> Bocha (Batista)<\/strong> ha sacado buenos resultados\u2026Ser\u00e1 complicado, se juega bastante en el partido de ma\u00f1ana. Nosotros intentaremos ganar\u201d, analiz\u00f3 <strong>Scaloni.<\/strong><\/p>\n\n\n\n<p>En la visita es baja el mediocampista <strong>Jos\u00e9 Mart\u00ednez<\/strong>, tambi\u00e9n suspendido. <strong>Telasco Segovia<\/strong>, compa\u00f1ero de <strong>Messi<\/strong> en <strong>Inter Miami<\/strong>, ingresar\u00eda en su lugar. La ofensiva estar\u00e1 comandada por <strong>Salom\u00f3n Rond\u00f3n<\/strong>, hist\u00f3rico artillero de la <strong>Vinotinto.<\/strong><\/p>\n\n\n\n<p><\/p>\n","protected":false},"excerpt":{"rendered":"<p>(Foto: Agencias) El campe\u00f3n del mundo Argentina buscar\u00e1 homenajear a su capit\u00e1n Lionel Messi con<\/p>\n","protected":false},"author":4,"featured_media":9401,"comment_status":"closed","ping_status":"open","sticky":false,"template":"","format":"standard","meta":{"_jetpack_memberships_contains_paid_content":false,"footnotes":""},"categories":[71],"tags":[],"class_list":["post-9404","post","type-post","status-publish","format-standard","has-post-thumbnail","hentry","category-mundial-2026"],"yoast_head":"<!-- This site is optimized with the Yoast SEO plugin v25.7 - https:\/\/yoast.com\/wordpress\/plugins\/seo\/ -->\n<title>Messi se despide de la albiceleste - Esbozo Deportivo<\/title>\n<meta name=\"description\" content=\"El campe\u00f3n del mundo Argentina buscar\u00e1 homenajear a su capit\u00e1n Lionel Messi con una victoria ante Venezuela el jueves por las eliminatorias sudamericanas, en el que ser\u00e1 el \u00faltimo partido oficial del astro con la casaca albiceleste en su pa\u00eds.\" \/>\n<meta name=\"robots\" content=\"index, follow, max-snippet:-1, max-image-preview:large, max-video-preview:-1\" \/>\n<link rel=\"canonical\" href=\"https:\/\/esbozodeportivo.com\/index.php\/2025\/09\/03\/messi-se-despide-de-la-albiceleste\/\" \/>\n<meta property=\"og:locale\" content=\"es_MX\" \/>\n<meta property=\"og:type\" content=\"article\" \/>\n<meta property=\"og:title\" content=\"Messi se despide de la albiceleste - Esbozo Deportivo\" \/>\n<meta property=\"og:description\" content=\"El campe\u00f3n del mundo Argentina buscar\u00e1 homenajear a su capit\u00e1n Lionel Messi con una victoria ante Venezuela el jueves por las eliminatorias sudamericanas, en el que ser\u00e1 el \u00faltimo partido oficial del astro con la casaca albiceleste en su pa\u00eds.\" \/>\n<meta property=\"og:url\" content=\"https:\/\/esbozodeportivo.com\/index.php\/2025\/09\/03\/messi-se-despide-de-la-albiceleste\/\" \/>\n<meta property=\"og:site_name\" content=\"Esbozo Deportivo\" \/>\n<meta property=\"article:published_time\" content=\"2025-09-03T22:21:28+00:00\" \/>\n<meta property=\"article:modified_time\" content=\"2025-09-03T22:21:29+00:00\" \/>\n<meta property=\"og:image\" content=\"https:\/\/esbozodeportivo.com\/wp-content\/uploads\/2025\/09\/Messi-1.jpg\" \/>\n\t<meta property=\"og:image:width\" content=\"980\" \/>\n\t<meta property=\"og:image:height\" content=\"653\" \/>\n\t<meta property=\"og:image:type\" content=\"image\/jpeg\" \/>\n<meta name=\"author\" content=\"Redacci\u00f3n\" \/>\n<meta name=\"twitter:card\" content=\"summary_large_image\" \/>\n<meta name=\"twitter:label1\" content=\"Escrito por\" \/>\n\t<meta name=\"twitter:data1\" content=\"Redacci\u00f3n\" \/>\n\t<meta name=\"twitter:label2\" content=\"Tiempo de lectura\" \/>\n\t<meta name=\"twitter:data2\" content=\"3 minutos\" \/>\n<script type=\"application\/ld+json\" class=\"yoast-schema-graph\">{\"@context\":\"https:\/\/schema.org\",\"@graph\":[{\"@type\":\"Article\",\"@id\":\"https:\/\/esbozodeportivo.com\/index.php\/2025\/09\/03\/messi-se-despide-de-la-albiceleste\/#article\",\"isPartOf\":{\"@id\":\"https:\/\/esbozodeportivo.com\/index.php\/2025\/09\/03\/messi-se-despide-de-la-albiceleste\/\"},\"author\":{\"name\":\"Redacci\u00f3n\",\"@id\":\"https:\/\/esbozodeportivo.com\/#\/schema\/person\/0f6df9196dfe6740dd0bb31bae50d374\"},\"headline\":\"Messi se despide de la albiceleste\",\"datePublished\":\"2025-09-03T22:21:28+00:00\",\"dateModified\":\"2025-09-03T22:21:29+00:00\",\"mainEntityOfPage\":{\"@id\":\"https:\/\/esbozodeportivo.com\/index.php\/2025\/09\/03\/messi-se-despide-de-la-albiceleste\/\"},\"wordCount\":531,\"publisher\":{\"@id\":\"https:\/\/esbozodeportivo.com\/#organization\"},\"image\":{\"@id\":\"https:\/\/esbozodeportivo.com\/index.php\/2025\/09\/03\/messi-se-despide-de-la-albiceleste\/#primaryimage\"},\"thumbnailUrl\":\"https:\/\/esbozodeportivo.com\/wp-content\/uploads\/2025\/09\/Messi-1.jpg\",\"articleSection\":[\"Mundial 2026\"],\"inLanguage\":\"es\"},{\"@type\":\"WebPage\",\"@id\":\"https:\/\/esbozodeportivo.com\/index.php\/2025\/09\/03\/messi-se-despide-de-la-albiceleste\/\",\"url\":\"https:\/\/esbozodeportivo.com\/index.php\/2025\/09\/03\/messi-se-despide-de-la-albiceleste\/\",\"name\":\"Messi se despide de la albiceleste - Esbozo Deportivo\",\"isPartOf\":{\"@id\":\"https:\/\/esbozodeportivo.com\/#website\"},\"primaryImageOfPage\":{\"@id\":\"https:\/\/esbozodeportivo.com\/index.php\/2025\/09\/03\/messi-se-despide-de-la-albiceleste\/#primaryimage\"},\"image\":{\"@id\":\"https:\/\/esbozodeportivo.com\/index.php\/2025\/09\/03\/messi-se-despide-de-la-albiceleste\/#primaryimage\"},\"thumbnailUrl\":\"https:\/\/esbozodeportivo.com\/wp-content\/uploads\/2025\/09\/Messi-1.jpg\",\"datePublished\":\"2025-09-03T22:21:28+00:00\",\"dateModified\":\"2025-09-03T22:21:29+00:00\",\"description\":\"El campe\u00f3n del mundo Argentina buscar\u00e1 homenajear a su capit\u00e1n Lionel Messi con una victoria ante Venezuela el jueves por las eliminatorias sudamericanas, en el que ser\u00e1 el \u00faltimo partido oficial del astro con la casaca albiceleste en su pa\u00eds.\",\"breadcrumb\":{\"@id\":\"https:\/\/esbozodeportivo.com\/index.php\/2025\/09\/03\/messi-se-despide-de-la-albiceleste\/#breadcrumb\"},\"inLanguage\":\"es\",\"potentialAction\":[{\"@type\":\"ReadAction\",\"target\":[\"https:\/\/esbozodeportivo.com\/index.php\/2025\/09\/03\/messi-se-despide-de-la-albiceleste\/\"]}]},{\"@type\":\"ImageObject\",\"inLanguage\":\"es\",\"@id\":\"https:\/\/esbozodeportivo.com\/index.php\/2025\/09\/03\/messi-se-despide-de-la-albiceleste\/#primaryimage\",\"url\":\"https:\/\/esbozodeportivo.com\/wp-content\/uploads\/2025\/09\/Messi-1.jpg\",\"contentUrl\":\"https:\/\/esbozodeportivo.com\/wp-content\/uploads\/2025\/09\/Messi-1.jpg\",\"width\":980,\"height\":653},{\"@type\":\"BreadcrumbList\",\"@id\":\"https:\/\/esbozodeportivo.com\/index.php\/2025\/09\/03\/messi-se-despide-de-la-albiceleste\/#breadcrumb\",\"itemListElement\":[{\"@type\":\"ListItem\",\"position\":1,\"name\":\"Inicio\",\"item\":\"https:\/\/esbozodeportivo.com\/\"},{\"@type\":\"ListItem\",\"position\":2,\"name\":\"Messi se despide de la albiceleste\"}]},{\"@type\":\"WebSite\",\"@id\":\"https:\/\/esbozodeportivo.com\/#website\",\"url\":\"https:\/\/esbozodeportivo.com\/\",\"name\":\"Esbozo Deportivo\",\"description\":\"Lo m\u00e1s importante del Deporte\",\"publisher\":{\"@id\":\"https:\/\/esbozodeportivo.com\/#organization\"},\"potentialAction\":[{\"@type\":\"SearchAction\",\"target\":{\"@type\":\"EntryPoint\",\"urlTemplate\":\"https:\/\/esbozodeportivo.com\/?s={search_term_string}\"},\"query-input\":{\"@type\":\"PropertyValueSpecification\",\"valueRequired\":true,\"valueName\":\"search_term_string\"}}],\"inLanguage\":\"es\"},{\"@type\":\"Organization\",\"@id\":\"https:\/\/esbozodeportivo.com\/#organization\",\"name\":\"Esbozo Deportivo\",\"url\":\"https:\/\/esbozodeportivo.com\/\",\"logo\":{\"@type\":\"ImageObject\",\"inLanguage\":\"es\",\"@id\":\"https:\/\/esbozodeportivo.com\/#\/schema\/logo\/image\/\",\"url\":\"https:\/\/esbozodeportivo.com\/wp-content\/uploads\/2022\/08\/cropped-Logo-Esbozo-Web-2.png\",\"contentUrl\":\"https:\/\/esbozodeportivo.com\/wp-content\/uploads\/2022\/08\/cropped-Logo-Esbozo-Web-2.png\",\"width\":180,\"height\":50,\"caption\":\"Esbozo Deportivo\"},\"image\":{\"@id\":\"https:\/\/esbozodeportivo.com\/#\/schema\/logo\/image\/\"}},{\"@type\":\"Person\",\"@id\":\"https:\/\/esbozodeportivo.com\/#\/schema\/person\/0f6df9196dfe6740dd0bb31bae50d374\",\"name\":\"Redacci\u00f3n\",\"image\":{\"@type\":\"ImageObject\",\"inLanguage\":\"es\",\"@id\":\"https:\/\/esbozodeportivo.com\/#\/schema\/person\/image\/\",\"url\":\"https:\/\/secure.gravatar.com\/avatar\/f55268a89c3b418f2ef172ff52ab0d09b3e653c58de29539fe329fb93d78ebf3?s=96&d=mm&r=g\",\"contentUrl\":\"https:\/\/secure.gravatar.com\/avatar\/f55268a89c3b418f2ef172ff52ab0d09b3e653c58de29539fe329fb93d78ebf3?s=96&d=mm&r=g\",\"caption\":\"Redacci\u00f3n\"},\"url\":\"https:\/\/esbozodeportivo.com\/index.php\/author\/redaccion\/\"}]}<\/script>\n<!-- \/ Yoast SEO plugin. -->","yoast_head_json":{"title":"Messi se despide de la albiceleste - Esbozo Deportivo","description":"El campe\u00f3n del mundo Argentina buscar\u00e1 homenajear a su capit\u00e1n Lionel Messi con una victoria ante Venezuela el jueves por las eliminatorias sudamericanas, en el que ser\u00e1 el \u00faltimo partido oficial del astro con la casaca albiceleste en su pa\u00eds.","robots":{"index":"index","follow":"follow","max-snippet":"max-snippet:-1","max-image-preview":"max-image-preview:large","max-video-preview":"max-video-preview:-1"},"canonical":"https:\/\/esbozodeportivo.com\/index.php\/2025\/09\/03\/messi-se-despide-de-la-albiceleste\/","og_locale":"es_MX","og_type":"article","og_title":"Messi se despide de la albiceleste - Esbozo Deportivo","og_description":"El campe\u00f3n del mundo Argentina buscar\u00e1 homenajear a su capit\u00e1n Lionel Messi con una victoria ante Venezuela el jueves por las eliminatorias sudamericanas, en el que ser\u00e1 el \u00faltimo partido oficial del astro con la casaca albiceleste en su pa\u00eds.","og_url":"https:\/\/esbozodeportivo.com\/index.php\/2025\/09\/03\/messi-se-despide-de-la-albiceleste\/","og_site_name":"Esbozo Deportivo","article_published_time":"2025-09-03T22:21:28+00:00","article_modified_time":"2025-09-03T22:21:29+00:00","og_image":[{"width":980,"height":653,"url":"https:\/\/esbozodeportivo.com\/wp-content\/uploads\/2025\/09\/Messi-1.jpg","type":"image\/jpeg"}],"author":"Redacci\u00f3n","twitter_card":"summary_large_image","twitter_misc":{"Escrito por":"Redacci\u00f3n","Tiempo de lectura":"3 minutos"},"schema":{"@context":"https:\/\/schema.org","@graph":[{"@type":"Article","@id":"https:\/\/esbozodeportivo.com\/index.php\/2025\/09\/03\/messi-se-despide-de-la-albiceleste\/#article","isPartOf":{"@id":"https:\/\/esbozodeportivo.com\/index.php\/2025\/09\/03\/messi-se-despide-de-la-albiceleste\/"},"author":{"name":"Redacci\u00f3n","@id":"https:\/\/esbozodeportivo.com\/#\/schema\/person\/0f6df9196dfe6740dd0bb31bae50d374"},"headline":"Messi se despide de la albiceleste","datePublished":"2025-09-03T22:21:28+00:00","dateModified":"2025-09-03T22:21:29+00:00","mainEntityOfPage":{"@id":"https:\/\/esbozodeportivo.com\/index.php\/2025\/09\/03\/messi-se-despide-de-la-albiceleste\/"},"wordCount":531,"publisher":{"@id":"https:\/\/esbozodeportivo.com\/#organization"},"image":{"@id":"https:\/\/esbozodeportivo.com\/index.php\/2025\/09\/03\/messi-se-despide-de-la-albiceleste\/#primaryimage"},"thumbnailUrl":"https:\/\/esbozodeportivo.com\/wp-content\/uploads\/2025\/09\/Messi-1.jpg","articleSection":["Mundial 2026"],"inLanguage":"es"},{"@type":"WebPage","@id":"https:\/\/esbozodeportivo.com\/index.php\/2025\/09\/03\/messi-se-despide-de-la-albiceleste\/","url":"https:\/\/esbozodeportivo.com\/index.php\/2025\/09\/03\/messi-se-despide-de-la-albiceleste\/","name":"Messi se despide de la albiceleste - Esbozo Deportivo","isPartOf":{"@id":"https:\/\/esbozodeportivo.com\/#website"},"primaryImageOfPage":{"@id":"https:\/\/esbozodeportivo.com\/index.php\/2025\/09\/03\/messi-se-despide-de-la-albiceleste\/#primaryimage"},"image":{"@id":"https:\/\/esbozodeportivo.com\/index.php\/2025\/09\/03\/messi-se-despide-de-la-albiceleste\/#primaryimage"},"thumbnailUrl":"https:\/\/esbozodeportivo.com\/wp-content\/uploads\/2025\/09\/Messi-1.jpg","datePublished":"2025-09-03T22:21:28+00:00","dateModified":"2025-09-03T22:21:29+00:00","description":"El campe\u00f3n del mundo Argentina buscar\u00e1 homenajear a su capit\u00e1n Lionel Messi con una victoria ante Venezuela el jueves por las eliminatorias sudamericanas, en el que ser\u00e1 el \u00faltimo partido oficial del astro con la casaca albiceleste en su pa\u00eds.","breadcrumb":{"@id":"https:\/\/esbozodeportivo.com\/index.php\/2025\/09\/03\/messi-se-despide-de-la-albiceleste\/#breadcrumb"},"inLanguage":"es","potentialAction":[{"@type":"ReadAction","target":["https:\/\/esbozodeportivo.com\/index.php\/2025\/09\/03\/messi-se-despide-de-la-albiceleste\/"]}]},{"@type":"ImageObject","inLanguage":"es","@id":"https:\/\/esbozodeportivo.com\/index.php\/2025\/09\/03\/messi-se-despide-de-la-albiceleste\/#primaryimage","url":"https:\/\/esbozodeportivo.com\/wp-content\/uploads\/2025\/09\/Messi-1.jpg","contentUrl":"https:\/\/esbozodeportivo.com\/wp-content\/uploads\/2025\/09\/Messi-1.jpg","width":980,"height":653},{"@type":"BreadcrumbList","@id":"https:\/\/esbozodeportivo.com\/index.php\/2025\/09\/03\/messi-se-despide-de-la-albiceleste\/#breadcrumb","itemListElement":[{"@type":"ListItem","position":1,"name":"Inicio","item":"https:\/\/esbozodeportivo.com\/"},{"@type":"ListItem","position":2,"name":"Messi se despide de la albiceleste"}]},{"@type":"WebSite","@id":"https:\/\/esbozodeportivo.com\/#website","url":"https:\/\/esbozodeportivo.com\/","name":"Esbozo Deportivo","description":"Lo m\u00e1s importante del Deporte","publisher":{"@id":"https:\/\/esbozodeportivo.com\/#organization"},"potentialAction":[{"@type":"SearchAction","target":{"@type":"EntryPoint","urlTemplate":"https:\/\/esbozodeportivo.com\/?s={search_term_string}"},"query-input":{"@type":"PropertyValueSpecification","valueRequired":true,"valueName":"search_term_string"}}],"inLanguage":"es"},{"@type":"Organization","@id":"https:\/\/esbozodeportivo.com\/#organization","name":"Esbozo Deportivo","url":"https:\/\/esbozodeportivo.com\/","logo":{"@type":"ImageObject","inLanguage":"es","@id":"https:\/\/esbozodeportivo.com\/#\/schema\/logo\/image\/","url":"https:\/\/esbozodeportivo.com\/wp-content\/uploads\/2022\/08\/cropped-Logo-Esbozo-Web-2.png","contentUrl":"https:\/\/esbozodeportivo.com\/wp-content\/uploads\/2022\/08\/cropped-Logo-Esbozo-Web-2.png","width":180,"height":50,"caption":"Esbozo Deportivo"},"image":{"@id":"https:\/\/esbozodeportivo.com\/#\/schema\/logo\/image\/"}},{"@type":"Person","@id":"https:\/\/esbozodeportivo.com\/#\/schema\/person\/0f6df9196dfe6740dd0bb31bae50d374","name":"Redacci\u00f3n","image":{"@type":"ImageObject","inLanguage":"es","@id":"https:\/\/esbozodeportivo.com\/#\/schema\/person\/image\/","url":"https:\/\/secure.gravatar.com\/avatar\/f55268a89c3b418f2ef172ff52ab0d09b3e653c58de29539fe329fb93d78ebf3?s=96&d=mm&r=g","contentUrl":"https:\/\/secure.gravatar.com\/avatar\/f55268a89c3b418f2ef172ff52ab0d09b3e653c58de29539fe329fb93d78ebf3?s=96&d=mm&r=g","caption":"Redacci\u00f3n"},"url":"https:\/\/esbozodeportivo.com\/index.php\/author\/redaccion\/"}]}},"jetpack_featured_media_url":"https:\/\/esbozodeportivo.com\/wp-content\/uploads\/2025\/09\/Messi-1.jpg","jetpack_sharing_enabled":true,"_links":{"self":[{"href":"https:\/\/esbozodeportivo.com\/index.php\/wp-json\/wp\/v2\/posts\/9404","targetHints":{"allow":["GET"]}}],"collection":[{"href":"https:\/\/esbozodeportivo.com\/index.php\/wp-json\/wp\/v2\/posts"}],"about":[{"href":"https:\/\/esbozodeportivo.com\/index.php\/wp-json\/wp\/v2\/types\/post"}],"author":[{"embeddable":true,"href":"https:\/\/esbozodeportivo.com\/index.php\/wp-json\/wp\/v2\/users\/4"}],"replies":[{"embeddable":true,"href":"https:\/\/esbozodeportivo.com\/index.php\/wp-json\/wp\/v2\/comments?post=9404"}],"version-history":[{"count":1,"href":"https:\/\/esbozodeportivo.com\/index.php\/wp-json\/wp\/v2\/posts\/9404\/revisions"}],"predecessor-version":[{"id":9405,"href":"https:\/\/esbozodeportivo.com\/index.php\/wp-json\/wp\/v2\/posts\/9404\/revisions\/9405"}],"wp:featuredmedia":[{"embeddable":true,"href":"https:\/\/esbozodeportivo.com\/index.php\/wp-json\/wp\/v2\/media\/9401"}],"wp:attachment":[{"href":"https:\/\/esbozodeportivo.com\/index.php\/wp-json\/wp\/v2\/media?parent=9404"}],"wp:term":[{"taxonomy":"category","embeddable":true,"href":"https:\/\/esbozodeportivo.com\/index.php\/wp-json\/wp\/v2\/categories?post=9404"},{"taxonomy":"post_tag","embeddable":true,"href":"https:\/\/esbozodeportivo.com\/index.php\/wp-json\/wp\/v2\/tags?post=9404"}],"curies":[{"name":"wp","href":"https:\/\/api.w.org\/{rel}","templated":true}]}}