{"id":9408,"date":"2025-09-03T16:26:00","date_gmt":"2025-09-03T22:26:00","guid":{"rendered":"https:\/\/esbozodeportivo.com\/?p=9408"},"modified":"2025-09-03T16:26:01","modified_gmt":"2025-09-03T22:26:01","slug":"protesta-pro-palestina-interrumpe-la-vuelta","status":"publish","type":"post","link":"https:\/\/esbozodeportivo.com\/index.php\/2025\/09\/03\/protesta-pro-palestina-interrumpe-la-vuelta\/","title":{"rendered":"Protesta pro Palestina interrumpe la Vuelta"},"content":{"rendered":"\n<p>(Foto: Agencias) <\/p>\n\n\n\n<p>La 11\u00aa etapa de la Vuelta a Espa\u00f1a se acort\u00f3 y termin\u00f3 el mi\u00e9rcoles sin un ganador debido a una interrupci\u00f3n por parte de manifestantes pro-palestinos cerca de la l\u00ednea de meta en la ciudad de Bilbao, en el Pa\u00eds Vasco.<\/p>\n\n\n\n<p>Los manifestantes parec\u00edan estar dirigidos a los ciclistas del equipo Israel Premier Tech. Algunos intentaron invadir la carretera cuando los ciclistas del equipo israel\u00ed pasaron frente a ellos, lo que llev\u00f3 a los organizadores y al personal de seguridad a apresurarse para intentar contenerlos detr\u00e1s de las vallas de seguridad.<\/p>\n\n\n\n<p>Se llam\u00f3 a la polic\u00eda para contener a los manifestantes, muchos de los cuales llevaban banderas de Palestina y pancartas pro-palestinas.<\/p>\n\n\n\n<p>Los oficiales de la carrera hicieron un anuncio a los equipos cuando los ciclistas ten\u00edan unos diez kil\u00f3metros (6,2 millas) para llegar en la etapa de 157,4 kil\u00f3metros (98 millas) que tambi\u00e9n comenz\u00f3 en Bilbao.<\/p>\n\n\n\n<p>\u201cDebido a algunos incidentes en la l\u00ednea de meta, hemos decidido tomar el tiempo a tres kil\u00f3metros antes de la l\u00ednea. No tendremos un ganador de etapa. Daremos los puntos para la clasificaci\u00f3n de monta\u00f1a y el sprint intermedio, pero no en la l\u00ednea de meta\u201d, dijeron.<\/p>\n\n\n\n<p>El inicio de la etapa tambi\u00e9n hab\u00eda sido interrumpido por manifestantes que obligaron a los oficiales de la carrera a pausar el pelot\u00f3n por unos minutos.<\/p>\n\n\n\n<p>La polic\u00eda parec\u00eda tener a la multitud bajo control al final, formando una l\u00ednea para evitar que los manifestantes cruzaran las vallas de seguridad, pero los oficiales decidieron que era m\u00e1s seguro evitar que los ciclistas llegaran a ese punto.<\/p>\n\n\n\n<p>En el Tour de Francia en julio, un hombre que protestaba por la participaci\u00f3n de Israel Premier Tech corri\u00f3 hacia el curso mientras los l\u00edderes compet\u00edan por la l\u00ednea de meta. Un guardia de seguridad sali\u00f3 corriendo y detuvo al hombre. El equipo hab\u00eda enfrentado previamente protestas debido a su asociaci\u00f3n con Israel, que ha matado a 63.633 palestinos desde el inicio de la guerra entre Israel y Ham\u00e1s, seg\u00fan el Ministerio de Salud de Gaza. La guerra fue provocada por el ataque liderado por Ham\u00e1s en el sur de Israel que mat\u00f3 a unas 1.200 personas el siete de octubre de 2023.<\/p>\n\n\n\n<p>El l\u00edder general de la Vuelta a Espa\u00f1a, Jonas Vingegaard, del equipo Visma-Lease a Bike, expres\u00f3 que fue decepcionante no poder terminar la etapa.<\/p>\n\n\n\n<p>\u201cEs una gran pena, realmente nos hubiera encantado ganar la etapa\u201d, manifest\u00f3, a\u00f1adiendo que esperaba un fuerte final por parte de su equipo en el d\u00eda del cumplea\u00f1os de su hijo.<\/p>\n\n\n\n<p>Tom Pidcock, un ciclista brit\u00e1nico del equipo Q36.5 Pro Cycling, hab\u00eda estado por delante durante las partes finales de la etapa.<\/p>\n\n\n\n<p>\u201cEs dif\u00edcil describir la decepci\u00f3n, para ser honesto\u201d, coment\u00f3. \u201cSent\u00eda que hoy era mi d\u00eda. Ten\u00eda una buena oportunidad de ganar\u201d.<\/p>\n\n\n\n<p>Pidcock continu\u00f3 hasta la l\u00ednea de meta a pesar de la decisi\u00f3n de acortar la etapa.<\/p>\n\n\n\n<p>La 12\u00aa etapa del jueves llevar\u00e1 a los ciclistas por una ruta de 145 kil\u00f3metros (90 millas) con monta\u00f1as de tama\u00f1o medio.<\/p>\n\n\n\n<p><\/p>\n","protected":false},"excerpt":{"rendered":"<p>(Foto: Agencias) La 11\u00aa etapa de la Vuelta a Espa\u00f1a se acort\u00f3 y termin\u00f3 el<\/p>\n","protected":false},"author":4,"featured_media":9400,"comment_status":"closed","ping_status":"open","sticky":false,"template":"","format":"standard","meta":{"_jetpack_memberships_contains_paid_content":false,"footnotes":""},"categories":[10],"tags":[],"class_list":["post-9408","post","type-post","status-publish","format-standard","has-post-thumbnail","hentry","category-ciclismo"],"yoast_head":"<!-- This site is optimized with the Yoast SEO plugin v25.7 - https:\/\/yoast.com\/wordpress\/plugins\/seo\/ -->\n<title>Protesta pro Palestina interrumpe la Vuelta - Esbozo Deportivo<\/title>\n<meta name=\"description\" content=\"La 11\u00aa etapa de la Vuelta a Espa\u00f1a se acort\u00f3 y termin\u00f3 el mi\u00e9rcoles sin un ganador debido a una interrupci\u00f3n por parte de manifestantes pro-palestinos cerca de la l\u00ednea de meta en la ciudad de Bilbao, en el Pa\u00eds Vasco.\" \/>\n<meta name=\"robots\" content=\"index, follow, max-snippet:-1, max-image-preview:large, max-video-preview:-1\" \/>\n<link rel=\"canonical\" href=\"https:\/\/esbozodeportivo.com\/index.php\/2025\/09\/03\/protesta-pro-palestina-interrumpe-la-vuelta\/\" \/>\n<meta property=\"og:locale\" content=\"es_MX\" \/>\n<meta property=\"og:type\" content=\"article\" \/>\n<meta property=\"og:title\" content=\"Protesta pro Palestina interrumpe la Vuelta - Esbozo Deportivo\" \/>\n<meta property=\"og:description\" content=\"La 11\u00aa etapa de la Vuelta a Espa\u00f1a se acort\u00f3 y termin\u00f3 el mi\u00e9rcoles sin un ganador debido a una interrupci\u00f3n por parte de manifestantes pro-palestinos cerca de la l\u00ednea de meta en la ciudad de Bilbao, en el Pa\u00eds Vasco.\" \/>\n<meta property=\"og:url\" content=\"https:\/\/esbozodeportivo.com\/index.php\/2025\/09\/03\/protesta-pro-palestina-interrumpe-la-vuelta\/\" \/>\n<meta property=\"og:site_name\" content=\"Esbozo Deportivo\" \/>\n<meta property=\"article:published_time\" content=\"2025-09-03T22:26:00+00:00\" \/>\n<meta property=\"article:modified_time\" content=\"2025-09-03T22:26:01+00:00\" \/>\n<meta property=\"og:image\" content=\"https:\/\/esbozodeportivo.com\/wp-content\/uploads\/2025\/09\/Ciclismo-1.jpg\" \/>\n\t<meta property=\"og:image:width\" content=\"980\" \/>\n\t<meta property=\"og:image:height\" content=\"653\" \/>\n\t<meta property=\"og:image:type\" content=\"image\/jpeg\" \/>\n<meta name=\"author\" content=\"Redacci\u00f3n\" \/>\n<meta name=\"twitter:card\" content=\"summary_large_image\" \/>\n<meta name=\"twitter:label1\" content=\"Escrito por\" \/>\n\t<meta name=\"twitter:data1\" content=\"Redacci\u00f3n\" \/>\n\t<meta name=\"twitter:label2\" content=\"Tiempo de lectura\" \/>\n\t<meta name=\"twitter:data2\" content=\"3 minutos\" \/>\n<script type=\"application\/ld+json\" class=\"yoast-schema-graph\">{\"@context\":\"https:\/\/schema.org\",\"@graph\":[{\"@type\":\"Article\",\"@id\":\"https:\/\/esbozodeportivo.com\/index.php\/2025\/09\/03\/protesta-pro-palestina-interrumpe-la-vuelta\/#article\",\"isPartOf\":{\"@id\":\"https:\/\/esbozodeportivo.com\/index.php\/2025\/09\/03\/protesta-pro-palestina-interrumpe-la-vuelta\/\"},\"author\":{\"name\":\"Redacci\u00f3n\",\"@id\":\"https:\/\/esbozodeportivo.com\/#\/schema\/person\/0f6df9196dfe6740dd0bb31bae50d374\"},\"headline\":\"Protesta pro Palestina interrumpe la Vuelta\",\"datePublished\":\"2025-09-03T22:26:00+00:00\",\"dateModified\":\"2025-09-03T22:26:01+00:00\",\"mainEntityOfPage\":{\"@id\":\"https:\/\/esbozodeportivo.com\/index.php\/2025\/09\/03\/protesta-pro-palestina-interrumpe-la-vuelta\/\"},\"wordCount\":547,\"publisher\":{\"@id\":\"https:\/\/esbozodeportivo.com\/#organization\"},\"image\":{\"@id\":\"https:\/\/esbozodeportivo.com\/index.php\/2025\/09\/03\/protesta-pro-palestina-interrumpe-la-vuelta\/#primaryimage\"},\"thumbnailUrl\":\"https:\/\/esbozodeportivo.com\/wp-content\/uploads\/2025\/09\/Ciclismo-1.jpg\",\"articleSection\":[\"Ciclismo\"],\"inLanguage\":\"es\"},{\"@type\":\"WebPage\",\"@id\":\"https:\/\/esbozodeportivo.com\/index.php\/2025\/09\/03\/protesta-pro-palestina-interrumpe-la-vuelta\/\",\"url\":\"https:\/\/esbozodeportivo.com\/index.php\/2025\/09\/03\/protesta-pro-palestina-interrumpe-la-vuelta\/\",\"name\":\"Protesta pro Palestina interrumpe la Vuelta - Esbozo Deportivo\",\"isPartOf\":{\"@id\":\"https:\/\/esbozodeportivo.com\/#website\"},\"primaryImageOfPage\":{\"@id\":\"https:\/\/esbozodeportivo.com\/index.php\/2025\/09\/03\/protesta-pro-palestina-interrumpe-la-vuelta\/#primaryimage\"},\"image\":{\"@id\":\"https:\/\/esbozodeportivo.com\/index.php\/2025\/09\/03\/protesta-pro-palestina-interrumpe-la-vuelta\/#primaryimage\"},\"thumbnailUrl\":\"https:\/\/esbozodeportivo.com\/wp-content\/uploads\/2025\/09\/Ciclismo-1.jpg\",\"datePublished\":\"2025-09-03T22:26:00+00:00\",\"dateModified\":\"2025-09-03T22:26:01+00:00\",\"description\":\"La 11\u00aa etapa de la Vuelta a Espa\u00f1a se acort\u00f3 y termin\u00f3 el mi\u00e9rcoles sin un ganador debido a una interrupci\u00f3n por parte de manifestantes pro-palestinos cerca de la l\u00ednea de meta en la ciudad de Bilbao, en el Pa\u00eds Vasco.\",\"breadcrumb\":{\"@id\":\"https:\/\/esbozodeportivo.com\/index.php\/2025\/09\/03\/protesta-pro-palestina-interrumpe-la-vuelta\/#breadcrumb\"},\"inLanguage\":\"es\",\"potentialAction\":[{\"@type\":\"ReadAction\",\"target\":[\"https:\/\/esbozodeportivo.com\/index.php\/2025\/09\/03\/protesta-pro-palestina-interrumpe-la-vuelta\/\"]}]},{\"@type\":\"ImageObject\",\"inLanguage\":\"es\",\"@id\":\"https:\/\/esbozodeportivo.com\/index.php\/2025\/09\/03\/protesta-pro-palestina-interrumpe-la-vuelta\/#primaryimage\",\"url\":\"https:\/\/esbozodeportivo.com\/wp-content\/uploads\/2025\/09\/Ciclismo-1.jpg\",\"contentUrl\":\"https:\/\/esbozodeportivo.com\/wp-content\/uploads\/2025\/09\/Ciclismo-1.jpg\",\"width\":980,\"height\":653},{\"@type\":\"BreadcrumbList\",\"@id\":\"https:\/\/esbozodeportivo.com\/index.php\/2025\/09\/03\/protesta-pro-palestina-interrumpe-la-vuelta\/#breadcrumb\",\"itemListElement\":[{\"@type\":\"ListItem\",\"position\":1,\"name\":\"Inicio\",\"item\":\"https:\/\/esbozodeportivo.com\/\"},{\"@type\":\"ListItem\",\"position\":2,\"name\":\"Protesta pro Palestina interrumpe la Vuelta\"}]},{\"@type\":\"WebSite\",\"@id\":\"https:\/\/esbozodeportivo.com\/#website\",\"url\":\"https:\/\/esbozodeportivo.com\/\",\"name\":\"Esbozo Deportivo\",\"description\":\"Lo m\u00e1s importante del Deporte\",\"publisher\":{\"@id\":\"https:\/\/esbozodeportivo.com\/#organization\"},\"potentialAction\":[{\"@type\":\"SearchAction\",\"target\":{\"@type\":\"EntryPoint\",\"urlTemplate\":\"https:\/\/esbozodeportivo.com\/?s={search_term_string}\"},\"query-input\":{\"@type\":\"PropertyValueSpecification\",\"valueRequired\":true,\"valueName\":\"search_term_string\"}}],\"inLanguage\":\"es\"},{\"@type\":\"Organization\",\"@id\":\"https:\/\/esbozodeportivo.com\/#organization\",\"name\":\"Esbozo Deportivo\",\"url\":\"https:\/\/esbozodeportivo.com\/\",\"logo\":{\"@type\":\"ImageObject\",\"inLanguage\":\"es\",\"@id\":\"https:\/\/esbozodeportivo.com\/#\/schema\/logo\/image\/\",\"url\":\"https:\/\/esbozodeportivo.com\/wp-content\/uploads\/2022\/08\/cropped-Logo-Esbozo-Web-2.png\",\"contentUrl\":\"https:\/\/esbozodeportivo.com\/wp-content\/uploads\/2022\/08\/cropped-Logo-Esbozo-Web-2.png\",\"width\":180,\"height\":50,\"caption\":\"Esbozo Deportivo\"},\"image\":{\"@id\":\"https:\/\/esbozodeportivo.com\/#\/schema\/logo\/image\/\"}},{\"@type\":\"Person\",\"@id\":\"https:\/\/esbozodeportivo.com\/#\/schema\/person\/0f6df9196dfe6740dd0bb31bae50d374\",\"name\":\"Redacci\u00f3n\",\"image\":{\"@type\":\"ImageObject\",\"inLanguage\":\"es\",\"@id\":\"https:\/\/esbozodeportivo.com\/#\/schema\/person\/image\/\",\"url\":\"https:\/\/secure.gravatar.com\/avatar\/f55268a89c3b418f2ef172ff52ab0d09b3e653c58de29539fe329fb93d78ebf3?s=96&d=mm&r=g\",\"contentUrl\":\"https:\/\/secure.gravatar.com\/avatar\/f55268a89c3b418f2ef172ff52ab0d09b3e653c58de29539fe329fb93d78ebf3?s=96&d=mm&r=g\",\"caption\":\"Redacci\u00f3n\"},\"url\":\"https:\/\/esbozodeportivo.com\/index.php\/author\/redaccion\/\"}]}<\/script>\n<!-- \/ Yoast SEO plugin. -->","yoast_head_json":{"title":"Protesta pro Palestina interrumpe la Vuelta - Esbozo Deportivo","description":"La 11\u00aa etapa de la Vuelta a Espa\u00f1a se acort\u00f3 y termin\u00f3 el mi\u00e9rcoles sin un ganador debido a una interrupci\u00f3n por parte de manifestantes pro-palestinos cerca de la l\u00ednea de meta en la ciudad de Bilbao, en el Pa\u00eds Vasco.","robots":{"index":"index","follow":"follow","max-snippet":"max-snippet:-1","max-image-preview":"max-image-preview:large","max-video-preview":"max-video-preview:-1"},"canonical":"https:\/\/esbozodeportivo.com\/index.php\/2025\/09\/03\/protesta-pro-palestina-interrumpe-la-vuelta\/","og_locale":"es_MX","og_type":"article","og_title":"Protesta pro Palestina interrumpe la Vuelta - Esbozo Deportivo","og_description":"La 11\u00aa etapa de la Vuelta a Espa\u00f1a se acort\u00f3 y termin\u00f3 el mi\u00e9rcoles sin un ganador debido a una interrupci\u00f3n por parte de manifestantes pro-palestinos cerca de la l\u00ednea de meta en la ciudad de Bilbao, en el Pa\u00eds Vasco.","og_url":"https:\/\/esbozodeportivo.com\/index.php\/2025\/09\/03\/protesta-pro-palestina-interrumpe-la-vuelta\/","og_site_name":"Esbozo Deportivo","article_published_time":"2025-09-03T22:26:00+00:00","article_modified_time":"2025-09-03T22:26:01+00:00","og_image":[{"width":980,"height":653,"url":"https:\/\/esbozodeportivo.com\/wp-content\/uploads\/2025\/09\/Ciclismo-1.jpg","type":"image\/jpeg"}],"author":"Redacci\u00f3n","twitter_card":"summary_large_image","twitter_misc":{"Escrito por":"Redacci\u00f3n","Tiempo de lectura":"3 minutos"},"schema":{"@context":"https:\/\/schema.org","@graph":[{"@type":"Article","@id":"https:\/\/esbozodeportivo.com\/index.php\/2025\/09\/03\/protesta-pro-palestina-interrumpe-la-vuelta\/#article","isPartOf":{"@id":"https:\/\/esbozodeportivo.com\/index.php\/2025\/09\/03\/protesta-pro-palestina-interrumpe-la-vuelta\/"},"author":{"name":"Redacci\u00f3n","@id":"https:\/\/esbozodeportivo.com\/#\/schema\/person\/0f6df9196dfe6740dd0bb31bae50d374"},"headline":"Protesta pro Palestina interrumpe la Vuelta","datePublished":"2025-09-03T22:26:00+00:00","dateModified":"2025-09-03T22:26:01+00:00","mainEntityOfPage":{"@id":"https:\/\/esbozodeportivo.com\/index.php\/2025\/09\/03\/protesta-pro-palestina-interrumpe-la-vuelta\/"},"wordCount":547,"publisher":{"@id":"https:\/\/esbozodeportivo.com\/#organization"},"image":{"@id":"https:\/\/esbozodeportivo.com\/index.php\/2025\/09\/03\/protesta-pro-palestina-interrumpe-la-vuelta\/#primaryimage"},"thumbnailUrl":"https:\/\/esbozodeportivo.com\/wp-content\/uploads\/2025\/09\/Ciclismo-1.jpg","articleSection":["Ciclismo"],"inLanguage":"es"},{"@type":"WebPage","@id":"https:\/\/esbozodeportivo.com\/index.php\/2025\/09\/03\/protesta-pro-palestina-interrumpe-la-vuelta\/","url":"https:\/\/esbozodeportivo.com\/index.php\/2025\/09\/03\/protesta-pro-palestina-interrumpe-la-vuelta\/","name":"Protesta pro Palestina interrumpe la Vuelta - Esbozo Deportivo","isPartOf":{"@id":"https:\/\/esbozodeportivo.com\/#website"},"primaryImageOfPage":{"@id":"https:\/\/esbozodeportivo.com\/index.php\/2025\/09\/03\/protesta-pro-palestina-interrumpe-la-vuelta\/#primaryimage"},"image":{"@id":"https:\/\/esbozodeportivo.com\/index.php\/2025\/09\/03\/protesta-pro-palestina-interrumpe-la-vuelta\/#primaryimage"},"thumbnailUrl":"https:\/\/esbozodeportivo.com\/wp-content\/uploads\/2025\/09\/Ciclismo-1.jpg","datePublished":"2025-09-03T22:26:00+00:00","dateModified":"2025-09-03T22:26:01+00:00","description":"La 11\u00aa etapa de la Vuelta a Espa\u00f1a se acort\u00f3 y termin\u00f3 el mi\u00e9rcoles sin un ganador debido a una interrupci\u00f3n por parte de manifestantes pro-palestinos cerca de la l\u00ednea de meta en la ciudad de Bilbao, en el Pa\u00eds Vasco.","breadcrumb":{"@id":"https:\/\/esbozodeportivo.com\/index.php\/2025\/09\/03\/protesta-pro-palestina-interrumpe-la-vuelta\/#breadcrumb"},"inLanguage":"es","potentialAction":[{"@type":"ReadAction","target":["https:\/\/esbozodeportivo.com\/index.php\/2025\/09\/03\/protesta-pro-palestina-interrumpe-la-vuelta\/"]}]},{"@type":"ImageObject","inLanguage":"es","@id":"https:\/\/esbozodeportivo.com\/index.php\/2025\/09\/03\/protesta-pro-palestina-interrumpe-la-vuelta\/#primaryimage","url":"https:\/\/esbozodeportivo.com\/wp-content\/uploads\/2025\/09\/Ciclismo-1.jpg","contentUrl":"https:\/\/esbozodeportivo.com\/wp-content\/uploads\/2025\/09\/Ciclismo-1.jpg","width":980,"height":653},{"@type":"BreadcrumbList","@id":"https:\/\/esbozodeportivo.com\/index.php\/2025\/09\/03\/protesta-pro-palestina-interrumpe-la-vuelta\/#breadcrumb","itemListElement":[{"@type":"ListItem","position":1,"name":"Inicio","item":"https:\/\/esbozodeportivo.com\/"},{"@type":"ListItem","position":2,"name":"Protesta pro Palestina interrumpe la Vuelta"}]},{"@type":"WebSite","@id":"https:\/\/esbozodeportivo.com\/#website","url":"https:\/\/esbozodeportivo.com\/","name":"Esbozo Deportivo","description":"Lo m\u00e1s importante del Deporte","publisher":{"@id":"https:\/\/esbozodeportivo.com\/#organization"},"potentialAction":[{"@type":"SearchAction","target":{"@type":"EntryPoint","urlTemplate":"https:\/\/esbozodeportivo.com\/?s={search_term_string}"},"query-input":{"@type":"PropertyValueSpecification","valueRequired":true,"valueName":"search_term_string"}}],"inLanguage":"es"},{"@type":"Organization","@id":"https:\/\/esbozodeportivo.com\/#organization","name":"Esbozo Deportivo","url":"https:\/\/esbozodeportivo.com\/","logo":{"@type":"ImageObject","inLanguage":"es","@id":"https:\/\/esbozodeportivo.com\/#\/schema\/logo\/image\/","url":"https:\/\/esbozodeportivo.com\/wp-content\/uploads\/2022\/08\/cropped-Logo-Esbozo-Web-2.png","contentUrl":"https:\/\/esbozodeportivo.com\/wp-content\/uploads\/2022\/08\/cropped-Logo-Esbozo-Web-2.png","width":180,"height":50,"caption":"Esbozo Deportivo"},"image":{"@id":"https:\/\/esbozodeportivo.com\/#\/schema\/logo\/image\/"}},{"@type":"Person","@id":"https:\/\/esbozodeportivo.com\/#\/schema\/person\/0f6df9196dfe6740dd0bb31bae50d374","name":"Redacci\u00f3n","image":{"@type":"ImageObject","inLanguage":"es","@id":"https:\/\/esbozodeportivo.com\/#\/schema\/person\/image\/","url":"https:\/\/secure.gravatar.com\/avatar\/f55268a89c3b418f2ef172ff52ab0d09b3e653c58de29539fe329fb93d78ebf3?s=96&d=mm&r=g","contentUrl":"https:\/\/secure.gravatar.com\/avatar\/f55268a89c3b418f2ef172ff52ab0d09b3e653c58de29539fe329fb93d78ebf3?s=96&d=mm&r=g","caption":"Redacci\u00f3n"},"url":"https:\/\/esbozodeportivo.com\/index.php\/author\/redaccion\/"}]}},"jetpack_featured_media_url":"https:\/\/esbozodeportivo.com\/wp-content\/uploads\/2025\/09\/Ciclismo-1.jpg","jetpack_sharing_enabled":true,"_links":{"self":[{"href":"https:\/\/esbozodeportivo.com\/index.php\/wp-json\/wp\/v2\/posts\/9408","targetHints":{"allow":["GET"]}}],"collection":[{"href":"https:\/\/esbozodeportivo.com\/index.php\/wp-json\/wp\/v2\/posts"}],"about":[{"href":"https:\/\/esbozodeportivo.com\/index.php\/wp-json\/wp\/v2\/types\/post"}],"author":[{"embeddable":true,"href":"https:\/\/esbozodeportivo.com\/index.php\/wp-json\/wp\/v2\/users\/4"}],"replies":[{"embeddable":true,"href":"https:\/\/esbozodeportivo.com\/index.php\/wp-json\/wp\/v2\/comments?post=9408"}],"version-history":[{"count":1,"href":"https:\/\/esbozodeportivo.com\/index.php\/wp-json\/wp\/v2\/posts\/9408\/revisions"}],"predecessor-version":[{"id":9409,"href":"https:\/\/esbozodeportivo.com\/index.php\/wp-json\/wp\/v2\/posts\/9408\/revisions\/9409"}],"wp:featuredmedia":[{"embeddable":true,"href":"https:\/\/esbozodeportivo.com\/index.php\/wp-json\/wp\/v2\/media\/9400"}],"wp:attachment":[{"href":"https:\/\/esbozodeportivo.com\/index.php\/wp-json\/wp\/v2\/media?parent=9408"}],"wp:term":[{"taxonomy":"category","embeddable":true,"href":"https:\/\/esbozodeportivo.com\/index.php\/wp-json\/wp\/v2\/categories?post=9408"},{"taxonomy":"post_tag","embeddable":true,"href":"https:\/\/esbozodeportivo.com\/index.php\/wp-json\/wp\/v2\/tags?post=9408"}],"curies":[{"name":"wp","href":"https:\/\/api.w.org\/{rel}","templated":true}]}}