{"id":9420,"date":"2025-09-04T20:54:05","date_gmt":"2025-09-05T02:54:05","guid":{"rendered":"https:\/\/esbozodeportivo.com\/?p=9420"},"modified":"2025-09-04T20:54:06","modified_gmt":"2025-09-05T02:54:06","slug":"lideres-empresariales-religiosos-y-academicos-unidos-por-la-paz","status":"publish","type":"post","link":"https:\/\/esbozodeportivo.com\/index.php\/2025\/09\/04\/lideres-empresariales-religiosos-y-academicos-unidos-por-la-paz\/","title":{"rendered":"L\u00edderes empresariales, religiosos y acad\u00e9micos unidos por la Paz"},"content":{"rendered":"\n<p><strong>Por Irma de la Cruz<\/strong><\/p>\n\n\n\n<p>Con la presentaci\u00f3n de un cortometraje&nbsp;<strong><em>El libro de Sami<\/em><\/strong>, en la que se aprecia la realidad que enfrentan los j\u00f3venes desde la violencia intrafamiliar hasta el reclutamiento forzado por el crimen organizado y las desapariciones, el sector empresarial junto con l\u00edderes religiosos y acad\u00e9micos lanzan la iniciativa&nbsp;<strong><em>Empresas por la Paz<\/em><\/strong>, que busca la construcci\u00f3n de la paz como el coraz\u00f3n del desarrollo integral social del pa\u00eds.<\/p>\n\n\n\n<p>Con este distintivo convocan a que propietarios de negocios familiares, empresarios de todos los niveles, organismos empresariales y sociales del pa\u00eds, hacer part\u00edcipes de un cambio cultural que transforme los espacios de trabajo en lugares pac\u00edficos, seguros, inclusivos y generadores de esperanza.<\/p>\n\n\n\n<p>Durante la presentaci\u00f3n, <strong>Jorge Atilano SJ,<\/strong> Director Ejecutivo del Di\u00e1logo por la Paz, resalt\u00f3 que el distintivo no es una certificaci\u00f3n sino un reconocimiento \u00e9tico del sector empresarial con M\u00e9xico, pues considera que las empresas tienen una influencia en el comportamiento de los mexicanos para generar entornos seguros y esperanza ante la situaci\u00f3n de violencia que se vive.<\/p>\n\n\n\n<p>Para la obtener este distintivo las empresas familiares tendr\u00e1n que cumplir con los 21 compromisos incluidos en la Agenda Nacional de Paz a trav\u00e9s de la p\u00e1gina oficial del <strong>Di\u00e1logo Nacional por la Paz<\/strong> a partir de este septiembre a noviembre del a\u00f1o en curso.<\/p>\n\n\n\n<p><\/p>\n","protected":false},"excerpt":{"rendered":"<p>Por Irma de la Cruz Con la presentaci\u00f3n de un cortometraje&nbsp;El libro de Sami, en<\/p>\n","protected":false},"author":4,"featured_media":9421,"comment_status":"closed","ping_status":"open","sticky":false,"template":"","format":"standard","meta":{"_jetpack_memberships_contains_paid_content":false,"footnotes":""},"categories":[36],"tags":[],"class_list":["post-9420","post","type-post","status-publish","format-standard","has-post-thumbnail","hentry","category-nacional"],"yoast_head":"<!-- This site is optimized with the Yoast SEO plugin v25.7 - https:\/\/yoast.com\/wordpress\/plugins\/seo\/ -->\n<title>L\u00edderes empresariales, religiosos y acad\u00e9micos unidos por la Paz - Esbozo Deportivo<\/title>\n<meta name=\"description\" content=\"Con la presentaci\u00f3n de un cortometraje\u00a0El libro de Sami, en la que se aprecia la realidad que enfrentan los j\u00f3venes desde la violencia intrafamiliar hasta el reclutamiento forzado por el crimen organizado y las desapariciones, el sector empresarial junto con l\u00edderes religiosos y acad\u00e9micos lanzan la iniciativa\u00a0Empresas por la Paz, que busca la construcci\u00f3n de la paz como el coraz\u00f3n del desarrollo integral social del pa\u00eds.\" \/>\n<meta name=\"robots\" content=\"index, follow, max-snippet:-1, max-image-preview:large, max-video-preview:-1\" \/>\n<link rel=\"canonical\" href=\"https:\/\/esbozodeportivo.com\/index.php\/2025\/09\/04\/lideres-empresariales-religiosos-y-academicos-unidos-por-la-paz\/\" \/>\n<meta property=\"og:locale\" content=\"es_MX\" \/>\n<meta property=\"og:type\" content=\"article\" \/>\n<meta property=\"og:title\" content=\"L\u00edderes empresariales, religiosos y acad\u00e9micos unidos por la Paz - Esbozo Deportivo\" \/>\n<meta property=\"og:description\" content=\"Con la presentaci\u00f3n de un cortometraje\u00a0El libro de Sami, en la que se aprecia la realidad que enfrentan los j\u00f3venes desde la violencia intrafamiliar hasta el reclutamiento forzado por el crimen organizado y las desapariciones, el sector empresarial junto con l\u00edderes religiosos y acad\u00e9micos lanzan la iniciativa\u00a0Empresas por la Paz, que busca la construcci\u00f3n de la paz como el coraz\u00f3n del desarrollo integral social del pa\u00eds.\" \/>\n<meta property=\"og:url\" content=\"https:\/\/esbozodeportivo.com\/index.php\/2025\/09\/04\/lideres-empresariales-religiosos-y-academicos-unidos-por-la-paz\/\" \/>\n<meta property=\"og:site_name\" content=\"Esbozo Deportivo\" \/>\n<meta property=\"article:published_time\" content=\"2025-09-05T02:54:05+00:00\" \/>\n<meta property=\"article:modified_time\" content=\"2025-09-05T02:54:06+00:00\" \/>\n<meta property=\"og:image\" content=\"https:\/\/esbozodeportivo.com\/wp-content\/uploads\/2025\/09\/CANACO.png\" \/>\n\t<meta property=\"og:image:width\" content=\"1024\" \/>\n\t<meta property=\"og:image:height\" content=\"483\" \/>\n\t<meta property=\"og:image:type\" content=\"image\/png\" \/>\n<meta name=\"author\" content=\"Redacci\u00f3n\" \/>\n<meta name=\"twitter:card\" content=\"summary_large_image\" \/>\n<meta name=\"twitter:label1\" content=\"Escrito por\" \/>\n\t<meta name=\"twitter:data1\" content=\"Redacci\u00f3n\" \/>\n\t<meta name=\"twitter:label2\" content=\"Tiempo de lectura\" \/>\n\t<meta name=\"twitter:data2\" content=\"2 minutos\" \/>\n<script type=\"application\/ld+json\" class=\"yoast-schema-graph\">{\"@context\":\"https:\/\/schema.org\",\"@graph\":[{\"@type\":\"Article\",\"@id\":\"https:\/\/esbozodeportivo.com\/index.php\/2025\/09\/04\/lideres-empresariales-religiosos-y-academicos-unidos-por-la-paz\/#article\",\"isPartOf\":{\"@id\":\"https:\/\/esbozodeportivo.com\/index.php\/2025\/09\/04\/lideres-empresariales-religiosos-y-academicos-unidos-por-la-paz\/\"},\"author\":{\"name\":\"Redacci\u00f3n\",\"@id\":\"https:\/\/esbozodeportivo.com\/#\/schema\/person\/0f6df9196dfe6740dd0bb31bae50d374\"},\"headline\":\"L\u00edderes empresariales, religiosos y acad\u00e9micos unidos por la Paz\",\"datePublished\":\"2025-09-05T02:54:05+00:00\",\"dateModified\":\"2025-09-05T02:54:06+00:00\",\"mainEntityOfPage\":{\"@id\":\"https:\/\/esbozodeportivo.com\/index.php\/2025\/09\/04\/lideres-empresariales-religiosos-y-academicos-unidos-por-la-paz\/\"},\"wordCount\":250,\"publisher\":{\"@id\":\"https:\/\/esbozodeportivo.com\/#organization\"},\"image\":{\"@id\":\"https:\/\/esbozodeportivo.com\/index.php\/2025\/09\/04\/lideres-empresariales-religiosos-y-academicos-unidos-por-la-paz\/#primaryimage\"},\"thumbnailUrl\":\"https:\/\/esbozodeportivo.com\/wp-content\/uploads\/2025\/09\/CANACO.png\",\"articleSection\":[\"Nacional\"],\"inLanguage\":\"es\"},{\"@type\":\"WebPage\",\"@id\":\"https:\/\/esbozodeportivo.com\/index.php\/2025\/09\/04\/lideres-empresariales-religiosos-y-academicos-unidos-por-la-paz\/\",\"url\":\"https:\/\/esbozodeportivo.com\/index.php\/2025\/09\/04\/lideres-empresariales-religiosos-y-academicos-unidos-por-la-paz\/\",\"name\":\"L\u00edderes empresariales, religiosos y acad\u00e9micos unidos por la Paz - Esbozo Deportivo\",\"isPartOf\":{\"@id\":\"https:\/\/esbozodeportivo.com\/#website\"},\"primaryImageOfPage\":{\"@id\":\"https:\/\/esbozodeportivo.com\/index.php\/2025\/09\/04\/lideres-empresariales-religiosos-y-academicos-unidos-por-la-paz\/#primaryimage\"},\"image\":{\"@id\":\"https:\/\/esbozodeportivo.com\/index.php\/2025\/09\/04\/lideres-empresariales-religiosos-y-academicos-unidos-por-la-paz\/#primaryimage\"},\"thumbnailUrl\":\"https:\/\/esbozodeportivo.com\/wp-content\/uploads\/2025\/09\/CANACO.png\",\"datePublished\":\"2025-09-05T02:54:05+00:00\",\"dateModified\":\"2025-09-05T02:54:06+00:00\",\"description\":\"Con la presentaci\u00f3n de un cortometraje\u00a0El libro de Sami, en la que se aprecia la realidad que enfrentan los j\u00f3venes desde la violencia intrafamiliar hasta el reclutamiento forzado por el crimen organizado y las desapariciones, el sector empresarial junto con l\u00edderes religiosos y acad\u00e9micos lanzan la iniciativa\u00a0Empresas por la Paz, que busca la construcci\u00f3n de la paz como el coraz\u00f3n del desarrollo integral social del pa\u00eds.\",\"breadcrumb\":{\"@id\":\"https:\/\/esbozodeportivo.com\/index.php\/2025\/09\/04\/lideres-empresariales-religiosos-y-academicos-unidos-por-la-paz\/#breadcrumb\"},\"inLanguage\":\"es\",\"potentialAction\":[{\"@type\":\"ReadAction\",\"target\":[\"https:\/\/esbozodeportivo.com\/index.php\/2025\/09\/04\/lideres-empresariales-religiosos-y-academicos-unidos-por-la-paz\/\"]}]},{\"@type\":\"ImageObject\",\"inLanguage\":\"es\",\"@id\":\"https:\/\/esbozodeportivo.com\/index.php\/2025\/09\/04\/lideres-empresariales-religiosos-y-academicos-unidos-por-la-paz\/#primaryimage\",\"url\":\"https:\/\/esbozodeportivo.com\/wp-content\/uploads\/2025\/09\/CANACO.png\",\"contentUrl\":\"https:\/\/esbozodeportivo.com\/wp-content\/uploads\/2025\/09\/CANACO.png\",\"width\":1024,\"height\":483},{\"@type\":\"BreadcrumbList\",\"@id\":\"https:\/\/esbozodeportivo.com\/index.php\/2025\/09\/04\/lideres-empresariales-religiosos-y-academicos-unidos-por-la-paz\/#breadcrumb\",\"itemListElement\":[{\"@type\":\"ListItem\",\"position\":1,\"name\":\"Inicio\",\"item\":\"https:\/\/esbozodeportivo.com\/\"},{\"@type\":\"ListItem\",\"position\":2,\"name\":\"L\u00edderes empresariales, religiosos y acad\u00e9micos unidos por la Paz\"}]},{\"@type\":\"WebSite\",\"@id\":\"https:\/\/esbozodeportivo.com\/#website\",\"url\":\"https:\/\/esbozodeportivo.com\/\",\"name\":\"Esbozo Deportivo\",\"description\":\"Lo m\u00e1s importante del Deporte\",\"publisher\":{\"@id\":\"https:\/\/esbozodeportivo.com\/#organization\"},\"potentialAction\":[{\"@type\":\"SearchAction\",\"target\":{\"@type\":\"EntryPoint\",\"urlTemplate\":\"https:\/\/esbozodeportivo.com\/?s={search_term_string}\"},\"query-input\":{\"@type\":\"PropertyValueSpecification\",\"valueRequired\":true,\"valueName\":\"search_term_string\"}}],\"inLanguage\":\"es\"},{\"@type\":\"Organization\",\"@id\":\"https:\/\/esbozodeportivo.com\/#organization\",\"name\":\"Esbozo Deportivo\",\"url\":\"https:\/\/esbozodeportivo.com\/\",\"logo\":{\"@type\":\"ImageObject\",\"inLanguage\":\"es\",\"@id\":\"https:\/\/esbozodeportivo.com\/#\/schema\/logo\/image\/\",\"url\":\"https:\/\/esbozodeportivo.com\/wp-content\/uploads\/2022\/08\/cropped-Logo-Esbozo-Web-2.png\",\"contentUrl\":\"https:\/\/esbozodeportivo.com\/wp-content\/uploads\/2022\/08\/cropped-Logo-Esbozo-Web-2.png\",\"width\":180,\"height\":50,\"caption\":\"Esbozo Deportivo\"},\"image\":{\"@id\":\"https:\/\/esbozodeportivo.com\/#\/schema\/logo\/image\/\"}},{\"@type\":\"Person\",\"@id\":\"https:\/\/esbozodeportivo.com\/#\/schema\/person\/0f6df9196dfe6740dd0bb31bae50d374\",\"name\":\"Redacci\u00f3n\",\"image\":{\"@type\":\"ImageObject\",\"inLanguage\":\"es\",\"@id\":\"https:\/\/esbozodeportivo.com\/#\/schema\/person\/image\/\",\"url\":\"https:\/\/secure.gravatar.com\/avatar\/f55268a89c3b418f2ef172ff52ab0d09b3e653c58de29539fe329fb93d78ebf3?s=96&d=mm&r=g\",\"contentUrl\":\"https:\/\/secure.gravatar.com\/avatar\/f55268a89c3b418f2ef172ff52ab0d09b3e653c58de29539fe329fb93d78ebf3?s=96&d=mm&r=g\",\"caption\":\"Redacci\u00f3n\"},\"url\":\"https:\/\/esbozodeportivo.com\/index.php\/author\/redaccion\/\"}]}<\/script>\n<!-- \/ Yoast SEO plugin. -->","yoast_head_json":{"title":"L\u00edderes empresariales, religiosos y acad\u00e9micos unidos por la Paz - Esbozo Deportivo","description":"Con la presentaci\u00f3n de un cortometraje\u00a0El libro de Sami, en la que se aprecia la realidad que enfrentan los j\u00f3venes desde la violencia intrafamiliar hasta el reclutamiento forzado por el crimen organizado y las desapariciones, el sector empresarial junto con l\u00edderes religiosos y acad\u00e9micos lanzan la iniciativa\u00a0Empresas por la Paz, que busca la construcci\u00f3n de la paz como el coraz\u00f3n del desarrollo integral social del pa\u00eds.","robots":{"index":"index","follow":"follow","max-snippet":"max-snippet:-1","max-image-preview":"max-image-preview:large","max-video-preview":"max-video-preview:-1"},"canonical":"https:\/\/esbozodeportivo.com\/index.php\/2025\/09\/04\/lideres-empresariales-religiosos-y-academicos-unidos-por-la-paz\/","og_locale":"es_MX","og_type":"article","og_title":"L\u00edderes empresariales, religiosos y acad\u00e9micos unidos por la Paz - Esbozo Deportivo","og_description":"Con la presentaci\u00f3n de un cortometraje\u00a0El libro de Sami, en la que se aprecia la realidad que enfrentan los j\u00f3venes desde la violencia intrafamiliar hasta el reclutamiento forzado por el crimen organizado y las desapariciones, el sector empresarial junto con l\u00edderes religiosos y acad\u00e9micos lanzan la iniciativa\u00a0Empresas por la Paz, que busca la construcci\u00f3n de la paz como el coraz\u00f3n del desarrollo integral social del pa\u00eds.","og_url":"https:\/\/esbozodeportivo.com\/index.php\/2025\/09\/04\/lideres-empresariales-religiosos-y-academicos-unidos-por-la-paz\/","og_site_name":"Esbozo Deportivo","article_published_time":"2025-09-05T02:54:05+00:00","article_modified_time":"2025-09-05T02:54:06+00:00","og_image":[{"width":1024,"height":483,"url":"https:\/\/esbozodeportivo.com\/wp-content\/uploads\/2025\/09\/CANACO.png","type":"image\/png"}],"author":"Redacci\u00f3n","twitter_card":"summary_large_image","twitter_misc":{"Escrito por":"Redacci\u00f3n","Tiempo de lectura":"2 minutos"},"schema":{"@context":"https:\/\/schema.org","@graph":[{"@type":"Article","@id":"https:\/\/esbozodeportivo.com\/index.php\/2025\/09\/04\/lideres-empresariales-religiosos-y-academicos-unidos-por-la-paz\/#article","isPartOf":{"@id":"https:\/\/esbozodeportivo.com\/index.php\/2025\/09\/04\/lideres-empresariales-religiosos-y-academicos-unidos-por-la-paz\/"},"author":{"name":"Redacci\u00f3n","@id":"https:\/\/esbozodeportivo.com\/#\/schema\/person\/0f6df9196dfe6740dd0bb31bae50d374"},"headline":"L\u00edderes empresariales, religiosos y acad\u00e9micos unidos por la Paz","datePublished":"2025-09-05T02:54:05+00:00","dateModified":"2025-09-05T02:54:06+00:00","mainEntityOfPage":{"@id":"https:\/\/esbozodeportivo.com\/index.php\/2025\/09\/04\/lideres-empresariales-religiosos-y-academicos-unidos-por-la-paz\/"},"wordCount":250,"publisher":{"@id":"https:\/\/esbozodeportivo.com\/#organization"},"image":{"@id":"https:\/\/esbozodeportivo.com\/index.php\/2025\/09\/04\/lideres-empresariales-religiosos-y-academicos-unidos-por-la-paz\/#primaryimage"},"thumbnailUrl":"https:\/\/esbozodeportivo.com\/wp-content\/uploads\/2025\/09\/CANACO.png","articleSection":["Nacional"],"inLanguage":"es"},{"@type":"WebPage","@id":"https:\/\/esbozodeportivo.com\/index.php\/2025\/09\/04\/lideres-empresariales-religiosos-y-academicos-unidos-por-la-paz\/","url":"https:\/\/esbozodeportivo.com\/index.php\/2025\/09\/04\/lideres-empresariales-religiosos-y-academicos-unidos-por-la-paz\/","name":"L\u00edderes empresariales, religiosos y acad\u00e9micos unidos por la Paz - Esbozo Deportivo","isPartOf":{"@id":"https:\/\/esbozodeportivo.com\/#website"},"primaryImageOfPage":{"@id":"https:\/\/esbozodeportivo.com\/index.php\/2025\/09\/04\/lideres-empresariales-religiosos-y-academicos-unidos-por-la-paz\/#primaryimage"},"image":{"@id":"https:\/\/esbozodeportivo.com\/index.php\/2025\/09\/04\/lideres-empresariales-religiosos-y-academicos-unidos-por-la-paz\/#primaryimage"},"thumbnailUrl":"https:\/\/esbozodeportivo.com\/wp-content\/uploads\/2025\/09\/CANACO.png","datePublished":"2025-09-05T02:54:05+00:00","dateModified":"2025-09-05T02:54:06+00:00","description":"Con la presentaci\u00f3n de un cortometraje\u00a0El libro de Sami, en la que se aprecia la realidad que enfrentan los j\u00f3venes desde la violencia intrafamiliar hasta el reclutamiento forzado por el crimen organizado y las desapariciones, el sector empresarial junto con l\u00edderes religiosos y acad\u00e9micos lanzan la iniciativa\u00a0Empresas por la Paz, que busca la construcci\u00f3n de la paz como el coraz\u00f3n del desarrollo integral social del pa\u00eds.","breadcrumb":{"@id":"https:\/\/esbozodeportivo.com\/index.php\/2025\/09\/04\/lideres-empresariales-religiosos-y-academicos-unidos-por-la-paz\/#breadcrumb"},"inLanguage":"es","potentialAction":[{"@type":"ReadAction","target":["https:\/\/esbozodeportivo.com\/index.php\/2025\/09\/04\/lideres-empresariales-religiosos-y-academicos-unidos-por-la-paz\/"]}]},{"@type":"ImageObject","inLanguage":"es","@id":"https:\/\/esbozodeportivo.com\/index.php\/2025\/09\/04\/lideres-empresariales-religiosos-y-academicos-unidos-por-la-paz\/#primaryimage","url":"https:\/\/esbozodeportivo.com\/wp-content\/uploads\/2025\/09\/CANACO.png","contentUrl":"https:\/\/esbozodeportivo.com\/wp-content\/uploads\/2025\/09\/CANACO.png","width":1024,"height":483},{"@type":"BreadcrumbList","@id":"https:\/\/esbozodeportivo.com\/index.php\/2025\/09\/04\/lideres-empresariales-religiosos-y-academicos-unidos-por-la-paz\/#breadcrumb","itemListElement":[{"@type":"ListItem","position":1,"name":"Inicio","item":"https:\/\/esbozodeportivo.com\/"},{"@type":"ListItem","position":2,"name":"L\u00edderes empresariales, religiosos y acad\u00e9micos unidos por la Paz"}]},{"@type":"WebSite","@id":"https:\/\/esbozodeportivo.com\/#website","url":"https:\/\/esbozodeportivo.com\/","name":"Esbozo Deportivo","description":"Lo m\u00e1s importante del Deporte","publisher":{"@id":"https:\/\/esbozodeportivo.com\/#organization"},"potentialAction":[{"@type":"SearchAction","target":{"@type":"EntryPoint","urlTemplate":"https:\/\/esbozodeportivo.com\/?s={search_term_string}"},"query-input":{"@type":"PropertyValueSpecification","valueRequired":true,"valueName":"search_term_string"}}],"inLanguage":"es"},{"@type":"Organization","@id":"https:\/\/esbozodeportivo.com\/#organization","name":"Esbozo Deportivo","url":"https:\/\/esbozodeportivo.com\/","logo":{"@type":"ImageObject","inLanguage":"es","@id":"https:\/\/esbozodeportivo.com\/#\/schema\/logo\/image\/","url":"https:\/\/esbozodeportivo.com\/wp-content\/uploads\/2022\/08\/cropped-Logo-Esbozo-Web-2.png","contentUrl":"https:\/\/esbozodeportivo.com\/wp-content\/uploads\/2022\/08\/cropped-Logo-Esbozo-Web-2.png","width":180,"height":50,"caption":"Esbozo Deportivo"},"image":{"@id":"https:\/\/esbozodeportivo.com\/#\/schema\/logo\/image\/"}},{"@type":"Person","@id":"https:\/\/esbozodeportivo.com\/#\/schema\/person\/0f6df9196dfe6740dd0bb31bae50d374","name":"Redacci\u00f3n","image":{"@type":"ImageObject","inLanguage":"es","@id":"https:\/\/esbozodeportivo.com\/#\/schema\/person\/image\/","url":"https:\/\/secure.gravatar.com\/avatar\/f55268a89c3b418f2ef172ff52ab0d09b3e653c58de29539fe329fb93d78ebf3?s=96&d=mm&r=g","contentUrl":"https:\/\/secure.gravatar.com\/avatar\/f55268a89c3b418f2ef172ff52ab0d09b3e653c58de29539fe329fb93d78ebf3?s=96&d=mm&r=g","caption":"Redacci\u00f3n"},"url":"https:\/\/esbozodeportivo.com\/index.php\/author\/redaccion\/"}]}},"jetpack_featured_media_url":"https:\/\/esbozodeportivo.com\/wp-content\/uploads\/2025\/09\/CANACO.png","jetpack_sharing_enabled":true,"_links":{"self":[{"href":"https:\/\/esbozodeportivo.com\/index.php\/wp-json\/wp\/v2\/posts\/9420","targetHints":{"allow":["GET"]}}],"collection":[{"href":"https:\/\/esbozodeportivo.com\/index.php\/wp-json\/wp\/v2\/posts"}],"about":[{"href":"https:\/\/esbozodeportivo.com\/index.php\/wp-json\/wp\/v2\/types\/post"}],"author":[{"embeddable":true,"href":"https:\/\/esbozodeportivo.com\/index.php\/wp-json\/wp\/v2\/users\/4"}],"replies":[{"embeddable":true,"href":"https:\/\/esbozodeportivo.com\/index.php\/wp-json\/wp\/v2\/comments?post=9420"}],"version-history":[{"count":1,"href":"https:\/\/esbozodeportivo.com\/index.php\/wp-json\/wp\/v2\/posts\/9420\/revisions"}],"predecessor-version":[{"id":9422,"href":"https:\/\/esbozodeportivo.com\/index.php\/wp-json\/wp\/v2\/posts\/9420\/revisions\/9422"}],"wp:featuredmedia":[{"embeddable":true,"href":"https:\/\/esbozodeportivo.com\/index.php\/wp-json\/wp\/v2\/media\/9421"}],"wp:attachment":[{"href":"https:\/\/esbozodeportivo.com\/index.php\/wp-json\/wp\/v2\/media?parent=9420"}],"wp:term":[{"taxonomy":"category","embeddable":true,"href":"https:\/\/esbozodeportivo.com\/index.php\/wp-json\/wp\/v2\/categories?post=9420"},{"taxonomy":"post_tag","embeddable":true,"href":"https:\/\/esbozodeportivo.com\/index.php\/wp-json\/wp\/v2\/tags?post=9420"}],"curies":[{"name":"wp","href":"https:\/\/api.w.org\/{rel}","templated":true}]}}