{"id":9432,"date":"2025-09-04T23:23:15","date_gmt":"2025-09-05T05:23:15","guid":{"rendered":"https:\/\/esbozodeportivo.com\/?p=9432"},"modified":"2025-09-04T23:23:16","modified_gmt":"2025-09-05T05:23:16","slug":"sin-crecimiento-la-reduccion-de-la-pobreza-es-insostenible","status":"publish","type":"post","link":"https:\/\/esbozodeportivo.com\/index.php\/2025\/09\/04\/sin-crecimiento-la-reduccion-de-la-pobreza-es-insostenible\/","title":{"rendered":"Sin crecimiento la reducci\u00f3n de la pobreza es insostenible"},"content":{"rendered":"\n<p>(Foto: Cortes\u00eda) <\/p>\n\n\n\n<p>\u25cf <strong>La creaci\u00f3n de empleo formal cada vez m\u00e1s lenta y la falta de inversi\u00f3n pueden revertir el avance frente a la pobreza<\/strong><\/p>\n\n\n\n<p>\u25cf <strong>La inclusi\u00f3n econ\u00f3mica de mujeres mediante servicios de cuidado es una oportunidad para acelerar el crecimiento y disminuir pobreza<\/strong><\/p>\n\n\n\n<p>\u25cf <strong>Educaci\u00f3n de calidad, innovaci\u00f3n y desarrollo (I+D), infraestructura productiva claves para detonar crecimiento inclusivo<\/strong><\/p>\n\n\n\n<p>Para mantener y acelerar la reducci\u00f3n de la pobreza es indispensable promover la inversi\u00f3n, la creaci\u00f3n de empleo formal, incorporar a mujeres y j\u00f3venes a la fuerza productiva e invertir m\u00e1s en innovaci\u00f3n y desarrollo (I+D), en s\u00edntesis: crecimiento econ\u00f3mico inclusivo, coinciden organizaciones civiles.<\/p>\n\n\n\n<p>En la sesi\u00f3n 3 de la serie \u201c<strong>De los datos a las acciones efectivas<\/strong>\u201d, organizada por <strong>Acci\u00f3n Ciudadana Frente a la Pobreza<\/strong>, participaron Sof\u00eda Ram\u00edrez, directora de <strong>M\u00e9xico C\u00f3mo Vamos <\/strong>;Enrique Provencio, director del <strong>Programa Universitario de Estudios para el Desarrollo \u2013 PUED &#8211; UNAM<\/strong>; y Rogelio G\u00f3mez Hermosillo, presidente ejecutivo de \u201c<strong>Frente a la Pobreza <\/strong>\u201d.<\/p>\n\n\n\n<p>En su an\u00e1lisis sobre la reciente medici\u00f3n de la pobreza, coincidieron en que hay un avance en elingreso laboral, especialmente de quienes menos ganan, pero se requiere detonar el crecimiento dela econom\u00eda que est\u00e1 estancado. El <strong>PIB por persona apenas creci\u00f3 0.4% anual <\/strong>en los \u00faltimos a\u00f1osa nivel nacional y en estados como Chiapas, Guerrero y Oaxaca el crecimiento fue nulo o inclusonegativo.<\/p>\n\n\n\n<p><strong>Se frena la creaci\u00f3n de empleo formal<\/strong><\/p>\n\n\n\n<p>S\u00f3lo la cuarta parte de la poblaci\u00f3n en edad de trabajar tiene trabajos formales y 15 millones de mujeres, una de cada tres, est\u00e1n excluidas del trabajo remunerado por realizar labores de cuidado en su hogar, muestran los datos de INEGI (ENOE 2025 \u2013 II), se\u00f1al\u00f3 G\u00f3mez Hermosillo.<\/p>\n\n\n\n<p>Adem\u00e1s, no se ha recuperado el nivel de crecimiento de la ocupaci\u00f3n previo a la pandemia y la tendencia de creaci\u00f3n del empleo formal ha ca\u00eddo de 6% anual a mediados de 2022, a 1% o menos a mediados de 2025, muestran los datos del IMSS, a\u00f1adi\u00f3.<\/p>\n\n\n\n<p>\u201cSi ya se demostr\u00f3 que la v\u00eda para la reducci\u00f3n de la pobreza es el ingreso por trabajo, es urgente impulsar la creaci\u00f3n de empleo formal y la inclusi\u00f3n econ\u00f3mica de quienes hoy est\u00e1n excluidos, en particular, mujeres y j\u00f3venes\u201d, explic\u00f3 G\u00f3mez Hermosillo.<\/p>\n\n\n\n<p><strong>Urgente el crecimiento econ\u00f3mico<\/strong><\/p>\n\n\n\n<p>Por su parte, <strong>Sof\u00eda Ram\u00edrez<\/strong>, directora de <strong>M\u00e9xico C\u00f3mo Vamos<\/strong>, present\u00f3 <strong>propuestas <\/strong>para lograr desarrollo sostenido y compartido:<\/p>\n\n\n\n<p>\u25cf <strong>Dinamismo econ\u00f3mico sostenido y sustentable<\/strong>, para que el PIB por persona supere los niveles de 2017 y retome la trayectoria previa a 2018; y para que la econom\u00eda crezca m\u00e1s que la poblaci\u00f3n, con integraci\u00f3n de todas las regiones al potencial crecimiento econ\u00f3mico de Norteam\u00e9rica, mediante el Plan M\u00e9xico y condiciones financieras de inversi\u00f3n en todas las unidades econ\u00f3micas, especialmente las MIPyMES.<\/p>\n\n\n\n<p>\u25cf <strong>Mercado laboral din\u00e1mico, con empleos de calidad y mayores ingresos <\/strong>para las y los trabajadores, mediante mayor participaci\u00f3n de las mujeres, gracias a servicios p\u00fablicos de cuidado (estancias infantiles, escuelas de tiempo completo y otros); mayor acceso a salud con trabajo formal; productividad con inversi\u00f3n en innovaci\u00f3n.<\/p>\n\n\n\n<p><strong>Invertir en el crecimiento<\/strong><\/p>\n\n\n\n<p>Para Enrique Provencio, director del <strong>PUED de la UNAM<\/strong>, \u201cel crecimiento econ\u00f3mico es indispensable, puede no ser suficiente, pero sin crecimiento no hay manera de reducir la pobreza y mejorar las condiciones de vida de la poblaci\u00f3n\u201d. El crecimiento inclusivo debe estar basado en la expansi\u00f3n del trabajo digno, formal y con salario suficiente para vivir dignamente.<\/p>\n\n\n\n<p>Hay que revertir el retroceso hist\u00f3rico en la inversi\u00f3n p\u00fablica de los \u00faltimos a\u00f1os. Hay 3 estrategias indispensables de inversi\u00f3n y pol\u00edticas p\u00fablicas efectivas para elevar la productividad:<\/p>\n\n\n\n<p>\u25cf Educaci\u00f3n de calidad, especialmente en los estados del sur sureste, donde hay mayor rezago educativo.<\/p>\n\n\n\n<p>\u25cf Certeza jur\u00eddica y seguridad para reactivar la inversi\u00f3n p\u00fablica.<\/p>\n\n\n\n<p>Inversi\u00f3n en innovaci\u00f3n y desarrollo (I+D), as\u00ed como en infraestructura productiva.<\/p>\n\n\n\n<p>La pr\u00f3xima semana, la sesi\u00f3n 4 de la serie \u201c<strong>De los datos a las acciones efectivas<\/strong>\u201d se realizar\u00e1 el viernes 12 de septiembre, a las 10 am, para dialogar sobre la v\u00eda productiva frente a la pobreza ind\u00edgena y rural.<\/p>\n\n\n\n<p><\/p>\n","protected":false},"excerpt":{"rendered":"<p>(Foto: Cortes\u00eda) \u25cf La creaci\u00f3n de empleo formal cada vez m\u00e1s lenta y la falta<\/p>\n","protected":false},"author":4,"featured_media":9433,"comment_status":"closed","ping_status":"open","sticky":false,"template":"","format":"standard","meta":{"_jetpack_memberships_contains_paid_content":false,"footnotes":""},"categories":[36],"tags":[],"class_list":["post-9432","post","type-post","status-publish","format-standard","has-post-thumbnail","hentry","category-nacional"],"yoast_head":"<!-- This site is optimized with the Yoast SEO plugin v25.7 - https:\/\/yoast.com\/wordpress\/plugins\/seo\/ -->\n<title>Sin crecimiento la reducci\u00f3n de la pobreza es insostenible - Esbozo Deportivo<\/title>\n<meta name=\"description\" content=\"Para mantener y acelerar la reducci\u00f3n de la pobreza es indispensable promover la inversi\u00f3n, la creaci\u00f3n de empleo formal, incorporar a mujeres y j\u00f3venes a la fuerza productiva e invertir m\u00e1s en innovaci\u00f3n y desarrollo (I+D), en s\u00edntesis: crecimiento econ\u00f3mico inclusivo, coinciden organizaciones civiles.\" \/>\n<meta name=\"robots\" content=\"index, follow, max-snippet:-1, max-image-preview:large, max-video-preview:-1\" \/>\n<link rel=\"canonical\" href=\"https:\/\/esbozodeportivo.com\/index.php\/2025\/09\/04\/sin-crecimiento-la-reduccion-de-la-pobreza-es-insostenible\/\" \/>\n<meta property=\"og:locale\" content=\"es_MX\" \/>\n<meta property=\"og:type\" content=\"article\" \/>\n<meta property=\"og:title\" content=\"Sin crecimiento la reducci\u00f3n de la pobreza es insostenible - Esbozo Deportivo\" \/>\n<meta property=\"og:description\" content=\"Para mantener y acelerar la reducci\u00f3n de la pobreza es indispensable promover la inversi\u00f3n, la creaci\u00f3n de empleo formal, incorporar a mujeres y j\u00f3venes a la fuerza productiva e invertir m\u00e1s en innovaci\u00f3n y desarrollo (I+D), en s\u00edntesis: crecimiento econ\u00f3mico inclusivo, coinciden organizaciones civiles.\" \/>\n<meta property=\"og:url\" content=\"https:\/\/esbozodeportivo.com\/index.php\/2025\/09\/04\/sin-crecimiento-la-reduccion-de-la-pobreza-es-insostenible\/\" \/>\n<meta property=\"og:site_name\" content=\"Esbozo Deportivo\" \/>\n<meta property=\"article:published_time\" content=\"2025-09-05T05:23:15+00:00\" \/>\n<meta property=\"article:modified_time\" content=\"2025-09-05T05:23:16+00:00\" \/>\n<meta property=\"og:image\" content=\"https:\/\/esbozodeportivo.com\/wp-content\/uploads\/2025\/09\/Indigenas.jpg\" \/>\n\t<meta property=\"og:image:width\" content=\"750\" \/>\n\t<meta property=\"og:image:height\" content=\"505\" \/>\n\t<meta property=\"og:image:type\" content=\"image\/jpeg\" \/>\n<meta name=\"author\" content=\"Redacci\u00f3n\" \/>\n<meta name=\"twitter:card\" content=\"summary_large_image\" \/>\n<meta name=\"twitter:label1\" content=\"Escrito por\" \/>\n\t<meta name=\"twitter:data1\" content=\"Redacci\u00f3n\" \/>\n\t<meta name=\"twitter:label2\" content=\"Tiempo de lectura\" \/>\n\t<meta name=\"twitter:data2\" content=\"4 minutos\" \/>\n<script type=\"application\/ld+json\" class=\"yoast-schema-graph\">{\"@context\":\"https:\/\/schema.org\",\"@graph\":[{\"@type\":\"Article\",\"@id\":\"https:\/\/esbozodeportivo.com\/index.php\/2025\/09\/04\/sin-crecimiento-la-reduccion-de-la-pobreza-es-insostenible\/#article\",\"isPartOf\":{\"@id\":\"https:\/\/esbozodeportivo.com\/index.php\/2025\/09\/04\/sin-crecimiento-la-reduccion-de-la-pobreza-es-insostenible\/\"},\"author\":{\"name\":\"Redacci\u00f3n\",\"@id\":\"https:\/\/esbozodeportivo.com\/#\/schema\/person\/0f6df9196dfe6740dd0bb31bae50d374\"},\"headline\":\"Sin crecimiento la reducci\u00f3n de la pobreza es insostenible\",\"datePublished\":\"2025-09-05T05:23:15+00:00\",\"dateModified\":\"2025-09-05T05:23:16+00:00\",\"mainEntityOfPage\":{\"@id\":\"https:\/\/esbozodeportivo.com\/index.php\/2025\/09\/04\/sin-crecimiento-la-reduccion-de-la-pobreza-es-insostenible\/\"},\"wordCount\":743,\"publisher\":{\"@id\":\"https:\/\/esbozodeportivo.com\/#organization\"},\"image\":{\"@id\":\"https:\/\/esbozodeportivo.com\/index.php\/2025\/09\/04\/sin-crecimiento-la-reduccion-de-la-pobreza-es-insostenible\/#primaryimage\"},\"thumbnailUrl\":\"https:\/\/esbozodeportivo.com\/wp-content\/uploads\/2025\/09\/Indigenas.jpg\",\"articleSection\":[\"Nacional\"],\"inLanguage\":\"es\"},{\"@type\":\"WebPage\",\"@id\":\"https:\/\/esbozodeportivo.com\/index.php\/2025\/09\/04\/sin-crecimiento-la-reduccion-de-la-pobreza-es-insostenible\/\",\"url\":\"https:\/\/esbozodeportivo.com\/index.php\/2025\/09\/04\/sin-crecimiento-la-reduccion-de-la-pobreza-es-insostenible\/\",\"name\":\"Sin crecimiento la reducci\u00f3n de la pobreza es insostenible - Esbozo Deportivo\",\"isPartOf\":{\"@id\":\"https:\/\/esbozodeportivo.com\/#website\"},\"primaryImageOfPage\":{\"@id\":\"https:\/\/esbozodeportivo.com\/index.php\/2025\/09\/04\/sin-crecimiento-la-reduccion-de-la-pobreza-es-insostenible\/#primaryimage\"},\"image\":{\"@id\":\"https:\/\/esbozodeportivo.com\/index.php\/2025\/09\/04\/sin-crecimiento-la-reduccion-de-la-pobreza-es-insostenible\/#primaryimage\"},\"thumbnailUrl\":\"https:\/\/esbozodeportivo.com\/wp-content\/uploads\/2025\/09\/Indigenas.jpg\",\"datePublished\":\"2025-09-05T05:23:15+00:00\",\"dateModified\":\"2025-09-05T05:23:16+00:00\",\"description\":\"Para mantener y acelerar la reducci\u00f3n de la pobreza es indispensable promover la inversi\u00f3n, la creaci\u00f3n de empleo formal, incorporar a mujeres y j\u00f3venes a la fuerza productiva e invertir m\u00e1s en innovaci\u00f3n y desarrollo (I+D), en s\u00edntesis: crecimiento econ\u00f3mico inclusivo, coinciden organizaciones civiles.\",\"breadcrumb\":{\"@id\":\"https:\/\/esbozodeportivo.com\/index.php\/2025\/09\/04\/sin-crecimiento-la-reduccion-de-la-pobreza-es-insostenible\/#breadcrumb\"},\"inLanguage\":\"es\",\"potentialAction\":[{\"@type\":\"ReadAction\",\"target\":[\"https:\/\/esbozodeportivo.com\/index.php\/2025\/09\/04\/sin-crecimiento-la-reduccion-de-la-pobreza-es-insostenible\/\"]}]},{\"@type\":\"ImageObject\",\"inLanguage\":\"es\",\"@id\":\"https:\/\/esbozodeportivo.com\/index.php\/2025\/09\/04\/sin-crecimiento-la-reduccion-de-la-pobreza-es-insostenible\/#primaryimage\",\"url\":\"https:\/\/esbozodeportivo.com\/wp-content\/uploads\/2025\/09\/Indigenas.jpg\",\"contentUrl\":\"https:\/\/esbozodeportivo.com\/wp-content\/uploads\/2025\/09\/Indigenas.jpg\",\"width\":750,\"height\":505},{\"@type\":\"BreadcrumbList\",\"@id\":\"https:\/\/esbozodeportivo.com\/index.php\/2025\/09\/04\/sin-crecimiento-la-reduccion-de-la-pobreza-es-insostenible\/#breadcrumb\",\"itemListElement\":[{\"@type\":\"ListItem\",\"position\":1,\"name\":\"Inicio\",\"item\":\"https:\/\/esbozodeportivo.com\/\"},{\"@type\":\"ListItem\",\"position\":2,\"name\":\"Sin crecimiento la reducci\u00f3n de la pobreza es insostenible\"}]},{\"@type\":\"WebSite\",\"@id\":\"https:\/\/esbozodeportivo.com\/#website\",\"url\":\"https:\/\/esbozodeportivo.com\/\",\"name\":\"Esbozo Deportivo\",\"description\":\"Lo m\u00e1s importante del Deporte\",\"publisher\":{\"@id\":\"https:\/\/esbozodeportivo.com\/#organization\"},\"potentialAction\":[{\"@type\":\"SearchAction\",\"target\":{\"@type\":\"EntryPoint\",\"urlTemplate\":\"https:\/\/esbozodeportivo.com\/?s={search_term_string}\"},\"query-input\":{\"@type\":\"PropertyValueSpecification\",\"valueRequired\":true,\"valueName\":\"search_term_string\"}}],\"inLanguage\":\"es\"},{\"@type\":\"Organization\",\"@id\":\"https:\/\/esbozodeportivo.com\/#organization\",\"name\":\"Esbozo Deportivo\",\"url\":\"https:\/\/esbozodeportivo.com\/\",\"logo\":{\"@type\":\"ImageObject\",\"inLanguage\":\"es\",\"@id\":\"https:\/\/esbozodeportivo.com\/#\/schema\/logo\/image\/\",\"url\":\"https:\/\/esbozodeportivo.com\/wp-content\/uploads\/2022\/08\/cropped-Logo-Esbozo-Web-2.png\",\"contentUrl\":\"https:\/\/esbozodeportivo.com\/wp-content\/uploads\/2022\/08\/cropped-Logo-Esbozo-Web-2.png\",\"width\":180,\"height\":50,\"caption\":\"Esbozo Deportivo\"},\"image\":{\"@id\":\"https:\/\/esbozodeportivo.com\/#\/schema\/logo\/image\/\"}},{\"@type\":\"Person\",\"@id\":\"https:\/\/esbozodeportivo.com\/#\/schema\/person\/0f6df9196dfe6740dd0bb31bae50d374\",\"name\":\"Redacci\u00f3n\",\"image\":{\"@type\":\"ImageObject\",\"inLanguage\":\"es\",\"@id\":\"https:\/\/esbozodeportivo.com\/#\/schema\/person\/image\/\",\"url\":\"https:\/\/secure.gravatar.com\/avatar\/f55268a89c3b418f2ef172ff52ab0d09b3e653c58de29539fe329fb93d78ebf3?s=96&d=mm&r=g\",\"contentUrl\":\"https:\/\/secure.gravatar.com\/avatar\/f55268a89c3b418f2ef172ff52ab0d09b3e653c58de29539fe329fb93d78ebf3?s=96&d=mm&r=g\",\"caption\":\"Redacci\u00f3n\"},\"url\":\"https:\/\/esbozodeportivo.com\/index.php\/author\/redaccion\/\"}]}<\/script>\n<!-- \/ Yoast SEO plugin. -->","yoast_head_json":{"title":"Sin crecimiento la reducci\u00f3n de la pobreza es insostenible - Esbozo Deportivo","description":"Para mantener y acelerar la reducci\u00f3n de la pobreza es indispensable promover la inversi\u00f3n, la creaci\u00f3n de empleo formal, incorporar a mujeres y j\u00f3venes a la fuerza productiva e invertir m\u00e1s en innovaci\u00f3n y desarrollo (I+D), en s\u00edntesis: crecimiento econ\u00f3mico inclusivo, coinciden organizaciones civiles.","robots":{"index":"index","follow":"follow","max-snippet":"max-snippet:-1","max-image-preview":"max-image-preview:large","max-video-preview":"max-video-preview:-1"},"canonical":"https:\/\/esbozodeportivo.com\/index.php\/2025\/09\/04\/sin-crecimiento-la-reduccion-de-la-pobreza-es-insostenible\/","og_locale":"es_MX","og_type":"article","og_title":"Sin crecimiento la reducci\u00f3n de la pobreza es insostenible - Esbozo Deportivo","og_description":"Para mantener y acelerar la reducci\u00f3n de la pobreza es indispensable promover la inversi\u00f3n, la creaci\u00f3n de empleo formal, incorporar a mujeres y j\u00f3venes a la fuerza productiva e invertir m\u00e1s en innovaci\u00f3n y desarrollo (I+D), en s\u00edntesis: crecimiento econ\u00f3mico inclusivo, coinciden organizaciones civiles.","og_url":"https:\/\/esbozodeportivo.com\/index.php\/2025\/09\/04\/sin-crecimiento-la-reduccion-de-la-pobreza-es-insostenible\/","og_site_name":"Esbozo Deportivo","article_published_time":"2025-09-05T05:23:15+00:00","article_modified_time":"2025-09-05T05:23:16+00:00","og_image":[{"width":750,"height":505,"url":"https:\/\/esbozodeportivo.com\/wp-content\/uploads\/2025\/09\/Indigenas.jpg","type":"image\/jpeg"}],"author":"Redacci\u00f3n","twitter_card":"summary_large_image","twitter_misc":{"Escrito por":"Redacci\u00f3n","Tiempo de lectura":"4 minutos"},"schema":{"@context":"https:\/\/schema.org","@graph":[{"@type":"Article","@id":"https:\/\/esbozodeportivo.com\/index.php\/2025\/09\/04\/sin-crecimiento-la-reduccion-de-la-pobreza-es-insostenible\/#article","isPartOf":{"@id":"https:\/\/esbozodeportivo.com\/index.php\/2025\/09\/04\/sin-crecimiento-la-reduccion-de-la-pobreza-es-insostenible\/"},"author":{"name":"Redacci\u00f3n","@id":"https:\/\/esbozodeportivo.com\/#\/schema\/person\/0f6df9196dfe6740dd0bb31bae50d374"},"headline":"Sin crecimiento la reducci\u00f3n de la pobreza es insostenible","datePublished":"2025-09-05T05:23:15+00:00","dateModified":"2025-09-05T05:23:16+00:00","mainEntityOfPage":{"@id":"https:\/\/esbozodeportivo.com\/index.php\/2025\/09\/04\/sin-crecimiento-la-reduccion-de-la-pobreza-es-insostenible\/"},"wordCount":743,"publisher":{"@id":"https:\/\/esbozodeportivo.com\/#organization"},"image":{"@id":"https:\/\/esbozodeportivo.com\/index.php\/2025\/09\/04\/sin-crecimiento-la-reduccion-de-la-pobreza-es-insostenible\/#primaryimage"},"thumbnailUrl":"https:\/\/esbozodeportivo.com\/wp-content\/uploads\/2025\/09\/Indigenas.jpg","articleSection":["Nacional"],"inLanguage":"es"},{"@type":"WebPage","@id":"https:\/\/esbozodeportivo.com\/index.php\/2025\/09\/04\/sin-crecimiento-la-reduccion-de-la-pobreza-es-insostenible\/","url":"https:\/\/esbozodeportivo.com\/index.php\/2025\/09\/04\/sin-crecimiento-la-reduccion-de-la-pobreza-es-insostenible\/","name":"Sin crecimiento la reducci\u00f3n de la pobreza es insostenible - Esbozo Deportivo","isPartOf":{"@id":"https:\/\/esbozodeportivo.com\/#website"},"primaryImageOfPage":{"@id":"https:\/\/esbozodeportivo.com\/index.php\/2025\/09\/04\/sin-crecimiento-la-reduccion-de-la-pobreza-es-insostenible\/#primaryimage"},"image":{"@id":"https:\/\/esbozodeportivo.com\/index.php\/2025\/09\/04\/sin-crecimiento-la-reduccion-de-la-pobreza-es-insostenible\/#primaryimage"},"thumbnailUrl":"https:\/\/esbozodeportivo.com\/wp-content\/uploads\/2025\/09\/Indigenas.jpg","datePublished":"2025-09-05T05:23:15+00:00","dateModified":"2025-09-05T05:23:16+00:00","description":"Para mantener y acelerar la reducci\u00f3n de la pobreza es indispensable promover la inversi\u00f3n, la creaci\u00f3n de empleo formal, incorporar a mujeres y j\u00f3venes a la fuerza productiva e invertir m\u00e1s en innovaci\u00f3n y desarrollo (I+D), en s\u00edntesis: crecimiento econ\u00f3mico inclusivo, coinciden organizaciones civiles.","breadcrumb":{"@id":"https:\/\/esbozodeportivo.com\/index.php\/2025\/09\/04\/sin-crecimiento-la-reduccion-de-la-pobreza-es-insostenible\/#breadcrumb"},"inLanguage":"es","potentialAction":[{"@type":"ReadAction","target":["https:\/\/esbozodeportivo.com\/index.php\/2025\/09\/04\/sin-crecimiento-la-reduccion-de-la-pobreza-es-insostenible\/"]}]},{"@type":"ImageObject","inLanguage":"es","@id":"https:\/\/esbozodeportivo.com\/index.php\/2025\/09\/04\/sin-crecimiento-la-reduccion-de-la-pobreza-es-insostenible\/#primaryimage","url":"https:\/\/esbozodeportivo.com\/wp-content\/uploads\/2025\/09\/Indigenas.jpg","contentUrl":"https:\/\/esbozodeportivo.com\/wp-content\/uploads\/2025\/09\/Indigenas.jpg","width":750,"height":505},{"@type":"BreadcrumbList","@id":"https:\/\/esbozodeportivo.com\/index.php\/2025\/09\/04\/sin-crecimiento-la-reduccion-de-la-pobreza-es-insostenible\/#breadcrumb","itemListElement":[{"@type":"ListItem","position":1,"name":"Inicio","item":"https:\/\/esbozodeportivo.com\/"},{"@type":"ListItem","position":2,"name":"Sin crecimiento la reducci\u00f3n de la pobreza es insostenible"}]},{"@type":"WebSite","@id":"https:\/\/esbozodeportivo.com\/#website","url":"https:\/\/esbozodeportivo.com\/","name":"Esbozo Deportivo","description":"Lo m\u00e1s importante del Deporte","publisher":{"@id":"https:\/\/esbozodeportivo.com\/#organization"},"potentialAction":[{"@type":"SearchAction","target":{"@type":"EntryPoint","urlTemplate":"https:\/\/esbozodeportivo.com\/?s={search_term_string}"},"query-input":{"@type":"PropertyValueSpecification","valueRequired":true,"valueName":"search_term_string"}}],"inLanguage":"es"},{"@type":"Organization","@id":"https:\/\/esbozodeportivo.com\/#organization","name":"Esbozo Deportivo","url":"https:\/\/esbozodeportivo.com\/","logo":{"@type":"ImageObject","inLanguage":"es","@id":"https:\/\/esbozodeportivo.com\/#\/schema\/logo\/image\/","url":"https:\/\/esbozodeportivo.com\/wp-content\/uploads\/2022\/08\/cropped-Logo-Esbozo-Web-2.png","contentUrl":"https:\/\/esbozodeportivo.com\/wp-content\/uploads\/2022\/08\/cropped-Logo-Esbozo-Web-2.png","width":180,"height":50,"caption":"Esbozo Deportivo"},"image":{"@id":"https:\/\/esbozodeportivo.com\/#\/schema\/logo\/image\/"}},{"@type":"Person","@id":"https:\/\/esbozodeportivo.com\/#\/schema\/person\/0f6df9196dfe6740dd0bb31bae50d374","name":"Redacci\u00f3n","image":{"@type":"ImageObject","inLanguage":"es","@id":"https:\/\/esbozodeportivo.com\/#\/schema\/person\/image\/","url":"https:\/\/secure.gravatar.com\/avatar\/f55268a89c3b418f2ef172ff52ab0d09b3e653c58de29539fe329fb93d78ebf3?s=96&d=mm&r=g","contentUrl":"https:\/\/secure.gravatar.com\/avatar\/f55268a89c3b418f2ef172ff52ab0d09b3e653c58de29539fe329fb93d78ebf3?s=96&d=mm&r=g","caption":"Redacci\u00f3n"},"url":"https:\/\/esbozodeportivo.com\/index.php\/author\/redaccion\/"}]}},"jetpack_featured_media_url":"https:\/\/esbozodeportivo.com\/wp-content\/uploads\/2025\/09\/Indigenas.jpg","jetpack_sharing_enabled":true,"_links":{"self":[{"href":"https:\/\/esbozodeportivo.com\/index.php\/wp-json\/wp\/v2\/posts\/9432","targetHints":{"allow":["GET"]}}],"collection":[{"href":"https:\/\/esbozodeportivo.com\/index.php\/wp-json\/wp\/v2\/posts"}],"about":[{"href":"https:\/\/esbozodeportivo.com\/index.php\/wp-json\/wp\/v2\/types\/post"}],"author":[{"embeddable":true,"href":"https:\/\/esbozodeportivo.com\/index.php\/wp-json\/wp\/v2\/users\/4"}],"replies":[{"embeddable":true,"href":"https:\/\/esbozodeportivo.com\/index.php\/wp-json\/wp\/v2\/comments?post=9432"}],"version-history":[{"count":1,"href":"https:\/\/esbozodeportivo.com\/index.php\/wp-json\/wp\/v2\/posts\/9432\/revisions"}],"predecessor-version":[{"id":9434,"href":"https:\/\/esbozodeportivo.com\/index.php\/wp-json\/wp\/v2\/posts\/9432\/revisions\/9434"}],"wp:featuredmedia":[{"embeddable":true,"href":"https:\/\/esbozodeportivo.com\/index.php\/wp-json\/wp\/v2\/media\/9433"}],"wp:attachment":[{"href":"https:\/\/esbozodeportivo.com\/index.php\/wp-json\/wp\/v2\/media?parent=9432"}],"wp:term":[{"taxonomy":"category","embeddable":true,"href":"https:\/\/esbozodeportivo.com\/index.php\/wp-json\/wp\/v2\/categories?post=9432"},{"taxonomy":"post_tag","embeddable":true,"href":"https:\/\/esbozodeportivo.com\/index.php\/wp-json\/wp\/v2\/tags?post=9432"}],"curies":[{"name":"wp","href":"https:\/\/api.w.org\/{rel}","templated":true}]}}