{"id":9442,"date":"2025-09-04T23:48:29","date_gmt":"2025-09-05T05:48:29","guid":{"rendered":"https:\/\/esbozodeportivo.com\/?p=9442"},"modified":"2025-09-04T23:48:31","modified_gmt":"2025-09-05T05:48:31","slug":"ayuso-gano-su-segunda-etapa-de-la-vuelta-a-espana","status":"publish","type":"post","link":"https:\/\/esbozodeportivo.com\/index.php\/2025\/09\/04\/ayuso-gano-su-segunda-etapa-de-la-vuelta-a-espana\/","title":{"rendered":"Ayuso gan\u00f3 su segunda etapa de la Vuelta a Espa\u00f1a"},"content":{"rendered":"\n<p>(Foto: Cortes\u00eda) <\/p>\n\n\n\n<p>La <strong>Vuelta a Espa\u00f1a<\/strong> se reanud\u00f3 sin incidentes el jueves y <strong>Juan Ayuso<\/strong> gan\u00f3 su segunda etapa, un d\u00eda despu\u00e9s de que los organizadores acortaran una etapa debido a que manifestantes pro-palestinos interrumpieron la carrera en <strong>Bilbao.<\/strong><\/p>\n\n\n\n<p>La protesta del mi\u00e9rcoles hab\u00eda tenido como objetivo al equipo <strong>Israel Premier Tech <\/strong>mientras <strong>Israel<\/strong> contin\u00faa su invasi\u00f3n militar en <strong>Gaza,<\/strong> que ha causado la muerte de decenas de miles de civiles en represalia por los ataques de Ham\u00e1s en octubre de 2023.<\/p>\n\n\n\n<p>La protesta produjo escenas ca\u00f3ticas de una multitud empujando contra barreras met\u00e1licas temporales a lo largo de los \u00faltimos kil\u00f3metros del recorrido, con la polic\u00eda y el personal de seguridad conteni\u00e9ndolos. Muchos manifestantes llevaban banderas de Palestina y pancartas pro-palestinas. Los oficiales de la carrera cancelaron la etapa a unos diez kil\u00f3metros del final de la ruta circular que sal\u00eda y regresaba a <strong>Bilbao<\/strong>.<\/p>\n\n\n\n<p><strong>Israel Premier Tech dijo que no se retirar\u00eda.<\/strong><\/p>\n\n\n\n<p>\u201cCualquier otra acci\u00f3n sienta un precedente peligroso en el deporte del ciclismo, no solo para <strong>Israel Premier Tech<\/strong>, sino para todos los equipos\u201d, afirm\u00f3.<\/p>\n\n\n\n<p>La causa palestina cuenta con el apoyo de muchos espa\u00f1oles, incluido su gobierno de izquierda.<\/p>\n\n\n\n<p><strong>Bilbao <\/strong>es una ciudad industrial en el <strong>Pa\u00eds Vasco de Espa\u00f1a<\/strong>, una regi\u00f3n conocida por conflictos pol\u00edticos y protestas debido a su ahora inactivo movimiento separatista, as\u00ed como por su amor por el ciclismo.<\/p>\n\n\n\n<p>La <strong>Vuelta<\/strong> se mantuvo alejada del <strong>Pa\u00eds Vasco <\/strong>durante m\u00e1s de tres d\u00e9cadas hasta su regreso en 2011. Esa pausa se produjo despu\u00e9s de que los partidarios de la independencia vasca causaran la cancelaci\u00f3n de una etapa de la Vuelta en 1978 al colocar troncos en el recorrido.<\/p>\n\n\n\n<p>La normalidad regres\u00f3 a la carrera el jueves en las verdes colinas de la regi\u00f3n de <strong>Cantabria<\/strong>, en el norte de <strong>Espa\u00f1a<\/strong>. La 12da etapa comenz\u00f3 en la ciudad costera de Laredo, a unos 60 kil\u00f3metros al oeste de <strong>Bilbao<\/strong> a lo largo de la costa atl\u00e1ntica.<\/p>\n\n\n\n<p><strong>Ayuso<\/strong>, de 22 a\u00f1os, uno de los mayores talentos del ciclismo espa\u00f1ol, ha mantenido su excelente forma a pesar de una fea ruptura a mitad de carrera con su equipo <strong>UAE Emirates.<\/strong><\/p>\n\n\n\n<p>Su segunda victoria lleg\u00f3 solo tres d\u00edas despu\u00e9s el equipo sorprendiera al anunciar que hab\u00edan acordado con terminar antes de tiempo su contrato tres a\u00f1os con el ciclista espa\u00f1ol al final de la temporada. El campe\u00f3n del <strong>Tour de Francia<\/strong> <strong>Tadej Poga\u010dar<\/strong>, quien no est\u00e1 participando en la <strong>Vuelta<\/strong>, es el ciclista estrella del equipo.<\/p>\n\n\n\n<p>El <strong>CEO<\/strong> del equipo, <strong>Mauro Gianetti<\/strong>, dijo que quer\u00eda dejar ir a Ayuso porque \u201cnuestro proyecto deportivo siempre se ha centrado en la continuidad, la armon\u00eda del grupo y la construcci\u00f3n de un equipo ganador\u201d.<\/p>\n\n\n\n<p>Esos comentarios no sentaron bien a <strong>Ayuso<\/strong>, quien gan\u00f3 el <strong>Tirreno-Adri\u00e1tico<\/strong> con su equipo en marzo. El espa\u00f1ol respondi\u00f3 que el equipo hab\u00eda \u201csido irrespetuoso y quer\u00eda da\u00f1ar mi imagen\u201d.<\/p>\n\n\n\n<p>Pero la disputa no ha afectado su rendimiento. <strong>Ayuso<\/strong> atac\u00f3 en una subida el jueves, dejando atr\u00e1s a los otros ciclistas escapados excepto a <strong>Javier Romo<\/strong>, a quien luego venci\u00f3 en un sprint hasta la l\u00ednea de meta de la ruta de 145 kil\u00f3metros.<\/p>\n\n\n\n<p><strong>Ayuso <\/strong>hab\u00eda entrado en la carrera entre un selecto grupo de ciclistas considerados contendientes al t\u00edtulo, pero su oportunidad de luchar por el t\u00edtulo se evapor\u00f3 cuando perdi\u00f3 diez minutos en la sexta etapa. Al d\u00eda siguiente respondi\u00f3 con una victoria de etapa en los <strong>Pirineos<\/strong>.<\/p>\n\n\n\n<p>El dos veces campe\u00f3n del <strong>Tour de Francia<\/strong>, <strong>Jonas Vingegaard<\/strong>, mantuvo su liderazgo en la carrera de tres semanas.<\/p>\n\n\n\n<p><\/p>\n","protected":false},"excerpt":{"rendered":"<p>(Foto: Cortes\u00eda) La Vuelta a Espa\u00f1a se reanud\u00f3 sin incidentes el jueves y Juan Ayuso<\/p>\n","protected":false},"author":4,"featured_media":9436,"comment_status":"closed","ping_status":"open","sticky":false,"template":"","format":"standard","meta":{"_jetpack_memberships_contains_paid_content":false,"footnotes":""},"categories":[10],"tags":[],"class_list":["post-9442","post","type-post","status-publish","format-standard","has-post-thumbnail","hentry","category-ciclismo"],"yoast_head":"<!-- This site is optimized with the Yoast SEO plugin v25.7 - https:\/\/yoast.com\/wordpress\/plugins\/seo\/ -->\n<title>Ayuso gan\u00f3 su segunda etapa de la Vuelta a Espa\u00f1a - Esbozo Deportivo<\/title>\n<meta name=\"description\" content=\"La Vuelta a Espa\u00f1a se reanud\u00f3 sin incidentes el jueves y Juan Ayuso gan\u00f3 su segunda etapa, un d\u00eda despu\u00e9s de que los organizadores acortaran una etapa debido a que manifestantes pro-palestinos interrumpieron la carrera en Bilbao.\" \/>\n<meta name=\"robots\" content=\"index, follow, max-snippet:-1, max-image-preview:large, max-video-preview:-1\" \/>\n<link rel=\"canonical\" href=\"https:\/\/esbozodeportivo.com\/index.php\/2025\/09\/04\/ayuso-gano-su-segunda-etapa-de-la-vuelta-a-espana\/\" \/>\n<meta property=\"og:locale\" content=\"es_MX\" \/>\n<meta property=\"og:type\" content=\"article\" \/>\n<meta property=\"og:title\" content=\"Ayuso gan\u00f3 su segunda etapa de la Vuelta a Espa\u00f1a - Esbozo Deportivo\" \/>\n<meta property=\"og:description\" content=\"La Vuelta a Espa\u00f1a se reanud\u00f3 sin incidentes el jueves y Juan Ayuso gan\u00f3 su segunda etapa, un d\u00eda despu\u00e9s de que los organizadores acortaran una etapa debido a que manifestantes pro-palestinos interrumpieron la carrera en Bilbao.\" \/>\n<meta property=\"og:url\" content=\"https:\/\/esbozodeportivo.com\/index.php\/2025\/09\/04\/ayuso-gano-su-segunda-etapa-de-la-vuelta-a-espana\/\" \/>\n<meta property=\"og:site_name\" content=\"Esbozo Deportivo\" \/>\n<meta property=\"article:published_time\" content=\"2025-09-05T05:48:29+00:00\" \/>\n<meta property=\"article:modified_time\" content=\"2025-09-05T05:48:31+00:00\" \/>\n<meta property=\"og:image\" content=\"https:\/\/esbozodeportivo.com\/wp-content\/uploads\/2025\/09\/Ciclismo-2.jpg\" \/>\n\t<meta property=\"og:image:width\" content=\"1200\" \/>\n\t<meta property=\"og:image:height\" content=\"900\" \/>\n\t<meta property=\"og:image:type\" content=\"image\/jpeg\" \/>\n<meta name=\"author\" content=\"Redacci\u00f3n\" \/>\n<meta name=\"twitter:card\" content=\"summary_large_image\" \/>\n<meta name=\"twitter:label1\" content=\"Escrito por\" \/>\n\t<meta name=\"twitter:data1\" content=\"Redacci\u00f3n\" \/>\n\t<meta name=\"twitter:label2\" content=\"Tiempo de lectura\" \/>\n\t<meta name=\"twitter:data2\" content=\"3 minutos\" \/>\n<script type=\"application\/ld+json\" class=\"yoast-schema-graph\">{\"@context\":\"https:\/\/schema.org\",\"@graph\":[{\"@type\":\"Article\",\"@id\":\"https:\/\/esbozodeportivo.com\/index.php\/2025\/09\/04\/ayuso-gano-su-segunda-etapa-de-la-vuelta-a-espana\/#article\",\"isPartOf\":{\"@id\":\"https:\/\/esbozodeportivo.com\/index.php\/2025\/09\/04\/ayuso-gano-su-segunda-etapa-de-la-vuelta-a-espana\/\"},\"author\":{\"name\":\"Redacci\u00f3n\",\"@id\":\"https:\/\/esbozodeportivo.com\/#\/schema\/person\/0f6df9196dfe6740dd0bb31bae50d374\"},\"headline\":\"Ayuso gan\u00f3 su segunda etapa de la Vuelta a Espa\u00f1a\",\"datePublished\":\"2025-09-05T05:48:29+00:00\",\"dateModified\":\"2025-09-05T05:48:31+00:00\",\"mainEntityOfPage\":{\"@id\":\"https:\/\/esbozodeportivo.com\/index.php\/2025\/09\/04\/ayuso-gano-su-segunda-etapa-de-la-vuelta-a-espana\/\"},\"wordCount\":645,\"publisher\":{\"@id\":\"https:\/\/esbozodeportivo.com\/#organization\"},\"image\":{\"@id\":\"https:\/\/esbozodeportivo.com\/index.php\/2025\/09\/04\/ayuso-gano-su-segunda-etapa-de-la-vuelta-a-espana\/#primaryimage\"},\"thumbnailUrl\":\"https:\/\/esbozodeportivo.com\/wp-content\/uploads\/2025\/09\/Ciclismo-2.jpg\",\"articleSection\":[\"Ciclismo\"],\"inLanguage\":\"es\"},{\"@type\":\"WebPage\",\"@id\":\"https:\/\/esbozodeportivo.com\/index.php\/2025\/09\/04\/ayuso-gano-su-segunda-etapa-de-la-vuelta-a-espana\/\",\"url\":\"https:\/\/esbozodeportivo.com\/index.php\/2025\/09\/04\/ayuso-gano-su-segunda-etapa-de-la-vuelta-a-espana\/\",\"name\":\"Ayuso gan\u00f3 su segunda etapa de la Vuelta a Espa\u00f1a - Esbozo Deportivo\",\"isPartOf\":{\"@id\":\"https:\/\/esbozodeportivo.com\/#website\"},\"primaryImageOfPage\":{\"@id\":\"https:\/\/esbozodeportivo.com\/index.php\/2025\/09\/04\/ayuso-gano-su-segunda-etapa-de-la-vuelta-a-espana\/#primaryimage\"},\"image\":{\"@id\":\"https:\/\/esbozodeportivo.com\/index.php\/2025\/09\/04\/ayuso-gano-su-segunda-etapa-de-la-vuelta-a-espana\/#primaryimage\"},\"thumbnailUrl\":\"https:\/\/esbozodeportivo.com\/wp-content\/uploads\/2025\/09\/Ciclismo-2.jpg\",\"datePublished\":\"2025-09-05T05:48:29+00:00\",\"dateModified\":\"2025-09-05T05:48:31+00:00\",\"description\":\"La Vuelta a Espa\u00f1a se reanud\u00f3 sin incidentes el jueves y Juan Ayuso gan\u00f3 su segunda etapa, un d\u00eda despu\u00e9s de que los organizadores acortaran una etapa debido a que manifestantes pro-palestinos interrumpieron la carrera en Bilbao.\",\"breadcrumb\":{\"@id\":\"https:\/\/esbozodeportivo.com\/index.php\/2025\/09\/04\/ayuso-gano-su-segunda-etapa-de-la-vuelta-a-espana\/#breadcrumb\"},\"inLanguage\":\"es\",\"potentialAction\":[{\"@type\":\"ReadAction\",\"target\":[\"https:\/\/esbozodeportivo.com\/index.php\/2025\/09\/04\/ayuso-gano-su-segunda-etapa-de-la-vuelta-a-espana\/\"]}]},{\"@type\":\"ImageObject\",\"inLanguage\":\"es\",\"@id\":\"https:\/\/esbozodeportivo.com\/index.php\/2025\/09\/04\/ayuso-gano-su-segunda-etapa-de-la-vuelta-a-espana\/#primaryimage\",\"url\":\"https:\/\/esbozodeportivo.com\/wp-content\/uploads\/2025\/09\/Ciclismo-2.jpg\",\"contentUrl\":\"https:\/\/esbozodeportivo.com\/wp-content\/uploads\/2025\/09\/Ciclismo-2.jpg\",\"width\":1200,\"height\":900},{\"@type\":\"BreadcrumbList\",\"@id\":\"https:\/\/esbozodeportivo.com\/index.php\/2025\/09\/04\/ayuso-gano-su-segunda-etapa-de-la-vuelta-a-espana\/#breadcrumb\",\"itemListElement\":[{\"@type\":\"ListItem\",\"position\":1,\"name\":\"Inicio\",\"item\":\"https:\/\/esbozodeportivo.com\/\"},{\"@type\":\"ListItem\",\"position\":2,\"name\":\"Ayuso gan\u00f3 su segunda etapa de la Vuelta a Espa\u00f1a\"}]},{\"@type\":\"WebSite\",\"@id\":\"https:\/\/esbozodeportivo.com\/#website\",\"url\":\"https:\/\/esbozodeportivo.com\/\",\"name\":\"Esbozo Deportivo\",\"description\":\"Lo m\u00e1s importante del Deporte\",\"publisher\":{\"@id\":\"https:\/\/esbozodeportivo.com\/#organization\"},\"potentialAction\":[{\"@type\":\"SearchAction\",\"target\":{\"@type\":\"EntryPoint\",\"urlTemplate\":\"https:\/\/esbozodeportivo.com\/?s={search_term_string}\"},\"query-input\":{\"@type\":\"PropertyValueSpecification\",\"valueRequired\":true,\"valueName\":\"search_term_string\"}}],\"inLanguage\":\"es\"},{\"@type\":\"Organization\",\"@id\":\"https:\/\/esbozodeportivo.com\/#organization\",\"name\":\"Esbozo Deportivo\",\"url\":\"https:\/\/esbozodeportivo.com\/\",\"logo\":{\"@type\":\"ImageObject\",\"inLanguage\":\"es\",\"@id\":\"https:\/\/esbozodeportivo.com\/#\/schema\/logo\/image\/\",\"url\":\"https:\/\/esbozodeportivo.com\/wp-content\/uploads\/2022\/08\/cropped-Logo-Esbozo-Web-2.png\",\"contentUrl\":\"https:\/\/esbozodeportivo.com\/wp-content\/uploads\/2022\/08\/cropped-Logo-Esbozo-Web-2.png\",\"width\":180,\"height\":50,\"caption\":\"Esbozo Deportivo\"},\"image\":{\"@id\":\"https:\/\/esbozodeportivo.com\/#\/schema\/logo\/image\/\"}},{\"@type\":\"Person\",\"@id\":\"https:\/\/esbozodeportivo.com\/#\/schema\/person\/0f6df9196dfe6740dd0bb31bae50d374\",\"name\":\"Redacci\u00f3n\",\"image\":{\"@type\":\"ImageObject\",\"inLanguage\":\"es\",\"@id\":\"https:\/\/esbozodeportivo.com\/#\/schema\/person\/image\/\",\"url\":\"https:\/\/secure.gravatar.com\/avatar\/f55268a89c3b418f2ef172ff52ab0d09b3e653c58de29539fe329fb93d78ebf3?s=96&d=mm&r=g\",\"contentUrl\":\"https:\/\/secure.gravatar.com\/avatar\/f55268a89c3b418f2ef172ff52ab0d09b3e653c58de29539fe329fb93d78ebf3?s=96&d=mm&r=g\",\"caption\":\"Redacci\u00f3n\"},\"url\":\"https:\/\/esbozodeportivo.com\/index.php\/author\/redaccion\/\"}]}<\/script>\n<!-- \/ Yoast SEO plugin. -->","yoast_head_json":{"title":"Ayuso gan\u00f3 su segunda etapa de la Vuelta a Espa\u00f1a - Esbozo Deportivo","description":"La Vuelta a Espa\u00f1a se reanud\u00f3 sin incidentes el jueves y Juan Ayuso gan\u00f3 su segunda etapa, un d\u00eda despu\u00e9s de que los organizadores acortaran una etapa debido a que manifestantes pro-palestinos interrumpieron la carrera en Bilbao.","robots":{"index":"index","follow":"follow","max-snippet":"max-snippet:-1","max-image-preview":"max-image-preview:large","max-video-preview":"max-video-preview:-1"},"canonical":"https:\/\/esbozodeportivo.com\/index.php\/2025\/09\/04\/ayuso-gano-su-segunda-etapa-de-la-vuelta-a-espana\/","og_locale":"es_MX","og_type":"article","og_title":"Ayuso gan\u00f3 su segunda etapa de la Vuelta a Espa\u00f1a - Esbozo Deportivo","og_description":"La Vuelta a Espa\u00f1a se reanud\u00f3 sin incidentes el jueves y Juan Ayuso gan\u00f3 su segunda etapa, un d\u00eda despu\u00e9s de que los organizadores acortaran una etapa debido a que manifestantes pro-palestinos interrumpieron la carrera en Bilbao.","og_url":"https:\/\/esbozodeportivo.com\/index.php\/2025\/09\/04\/ayuso-gano-su-segunda-etapa-de-la-vuelta-a-espana\/","og_site_name":"Esbozo Deportivo","article_published_time":"2025-09-05T05:48:29+00:00","article_modified_time":"2025-09-05T05:48:31+00:00","og_image":[{"width":1200,"height":900,"url":"https:\/\/esbozodeportivo.com\/wp-content\/uploads\/2025\/09\/Ciclismo-2.jpg","type":"image\/jpeg"}],"author":"Redacci\u00f3n","twitter_card":"summary_large_image","twitter_misc":{"Escrito por":"Redacci\u00f3n","Tiempo de lectura":"3 minutos"},"schema":{"@context":"https:\/\/schema.org","@graph":[{"@type":"Article","@id":"https:\/\/esbozodeportivo.com\/index.php\/2025\/09\/04\/ayuso-gano-su-segunda-etapa-de-la-vuelta-a-espana\/#article","isPartOf":{"@id":"https:\/\/esbozodeportivo.com\/index.php\/2025\/09\/04\/ayuso-gano-su-segunda-etapa-de-la-vuelta-a-espana\/"},"author":{"name":"Redacci\u00f3n","@id":"https:\/\/esbozodeportivo.com\/#\/schema\/person\/0f6df9196dfe6740dd0bb31bae50d374"},"headline":"Ayuso gan\u00f3 su segunda etapa de la Vuelta a Espa\u00f1a","datePublished":"2025-09-05T05:48:29+00:00","dateModified":"2025-09-05T05:48:31+00:00","mainEntityOfPage":{"@id":"https:\/\/esbozodeportivo.com\/index.php\/2025\/09\/04\/ayuso-gano-su-segunda-etapa-de-la-vuelta-a-espana\/"},"wordCount":645,"publisher":{"@id":"https:\/\/esbozodeportivo.com\/#organization"},"image":{"@id":"https:\/\/esbozodeportivo.com\/index.php\/2025\/09\/04\/ayuso-gano-su-segunda-etapa-de-la-vuelta-a-espana\/#primaryimage"},"thumbnailUrl":"https:\/\/esbozodeportivo.com\/wp-content\/uploads\/2025\/09\/Ciclismo-2.jpg","articleSection":["Ciclismo"],"inLanguage":"es"},{"@type":"WebPage","@id":"https:\/\/esbozodeportivo.com\/index.php\/2025\/09\/04\/ayuso-gano-su-segunda-etapa-de-la-vuelta-a-espana\/","url":"https:\/\/esbozodeportivo.com\/index.php\/2025\/09\/04\/ayuso-gano-su-segunda-etapa-de-la-vuelta-a-espana\/","name":"Ayuso gan\u00f3 su segunda etapa de la Vuelta a Espa\u00f1a - Esbozo Deportivo","isPartOf":{"@id":"https:\/\/esbozodeportivo.com\/#website"},"primaryImageOfPage":{"@id":"https:\/\/esbozodeportivo.com\/index.php\/2025\/09\/04\/ayuso-gano-su-segunda-etapa-de-la-vuelta-a-espana\/#primaryimage"},"image":{"@id":"https:\/\/esbozodeportivo.com\/index.php\/2025\/09\/04\/ayuso-gano-su-segunda-etapa-de-la-vuelta-a-espana\/#primaryimage"},"thumbnailUrl":"https:\/\/esbozodeportivo.com\/wp-content\/uploads\/2025\/09\/Ciclismo-2.jpg","datePublished":"2025-09-05T05:48:29+00:00","dateModified":"2025-09-05T05:48:31+00:00","description":"La Vuelta a Espa\u00f1a se reanud\u00f3 sin incidentes el jueves y Juan Ayuso gan\u00f3 su segunda etapa, un d\u00eda despu\u00e9s de que los organizadores acortaran una etapa debido a que manifestantes pro-palestinos interrumpieron la carrera en Bilbao.","breadcrumb":{"@id":"https:\/\/esbozodeportivo.com\/index.php\/2025\/09\/04\/ayuso-gano-su-segunda-etapa-de-la-vuelta-a-espana\/#breadcrumb"},"inLanguage":"es","potentialAction":[{"@type":"ReadAction","target":["https:\/\/esbozodeportivo.com\/index.php\/2025\/09\/04\/ayuso-gano-su-segunda-etapa-de-la-vuelta-a-espana\/"]}]},{"@type":"ImageObject","inLanguage":"es","@id":"https:\/\/esbozodeportivo.com\/index.php\/2025\/09\/04\/ayuso-gano-su-segunda-etapa-de-la-vuelta-a-espana\/#primaryimage","url":"https:\/\/esbozodeportivo.com\/wp-content\/uploads\/2025\/09\/Ciclismo-2.jpg","contentUrl":"https:\/\/esbozodeportivo.com\/wp-content\/uploads\/2025\/09\/Ciclismo-2.jpg","width":1200,"height":900},{"@type":"BreadcrumbList","@id":"https:\/\/esbozodeportivo.com\/index.php\/2025\/09\/04\/ayuso-gano-su-segunda-etapa-de-la-vuelta-a-espana\/#breadcrumb","itemListElement":[{"@type":"ListItem","position":1,"name":"Inicio","item":"https:\/\/esbozodeportivo.com\/"},{"@type":"ListItem","position":2,"name":"Ayuso gan\u00f3 su segunda etapa de la Vuelta a Espa\u00f1a"}]},{"@type":"WebSite","@id":"https:\/\/esbozodeportivo.com\/#website","url":"https:\/\/esbozodeportivo.com\/","name":"Esbozo Deportivo","description":"Lo m\u00e1s importante del Deporte","publisher":{"@id":"https:\/\/esbozodeportivo.com\/#organization"},"potentialAction":[{"@type":"SearchAction","target":{"@type":"EntryPoint","urlTemplate":"https:\/\/esbozodeportivo.com\/?s={search_term_string}"},"query-input":{"@type":"PropertyValueSpecification","valueRequired":true,"valueName":"search_term_string"}}],"inLanguage":"es"},{"@type":"Organization","@id":"https:\/\/esbozodeportivo.com\/#organization","name":"Esbozo Deportivo","url":"https:\/\/esbozodeportivo.com\/","logo":{"@type":"ImageObject","inLanguage":"es","@id":"https:\/\/esbozodeportivo.com\/#\/schema\/logo\/image\/","url":"https:\/\/esbozodeportivo.com\/wp-content\/uploads\/2022\/08\/cropped-Logo-Esbozo-Web-2.png","contentUrl":"https:\/\/esbozodeportivo.com\/wp-content\/uploads\/2022\/08\/cropped-Logo-Esbozo-Web-2.png","width":180,"height":50,"caption":"Esbozo Deportivo"},"image":{"@id":"https:\/\/esbozodeportivo.com\/#\/schema\/logo\/image\/"}},{"@type":"Person","@id":"https:\/\/esbozodeportivo.com\/#\/schema\/person\/0f6df9196dfe6740dd0bb31bae50d374","name":"Redacci\u00f3n","image":{"@type":"ImageObject","inLanguage":"es","@id":"https:\/\/esbozodeportivo.com\/#\/schema\/person\/image\/","url":"https:\/\/secure.gravatar.com\/avatar\/f55268a89c3b418f2ef172ff52ab0d09b3e653c58de29539fe329fb93d78ebf3?s=96&d=mm&r=g","contentUrl":"https:\/\/secure.gravatar.com\/avatar\/f55268a89c3b418f2ef172ff52ab0d09b3e653c58de29539fe329fb93d78ebf3?s=96&d=mm&r=g","caption":"Redacci\u00f3n"},"url":"https:\/\/esbozodeportivo.com\/index.php\/author\/redaccion\/"}]}},"jetpack_featured_media_url":"https:\/\/esbozodeportivo.com\/wp-content\/uploads\/2025\/09\/Ciclismo-2.jpg","jetpack_sharing_enabled":true,"_links":{"self":[{"href":"https:\/\/esbozodeportivo.com\/index.php\/wp-json\/wp\/v2\/posts\/9442","targetHints":{"allow":["GET"]}}],"collection":[{"href":"https:\/\/esbozodeportivo.com\/index.php\/wp-json\/wp\/v2\/posts"}],"about":[{"href":"https:\/\/esbozodeportivo.com\/index.php\/wp-json\/wp\/v2\/types\/post"}],"author":[{"embeddable":true,"href":"https:\/\/esbozodeportivo.com\/index.php\/wp-json\/wp\/v2\/users\/4"}],"replies":[{"embeddable":true,"href":"https:\/\/esbozodeportivo.com\/index.php\/wp-json\/wp\/v2\/comments?post=9442"}],"version-history":[{"count":1,"href":"https:\/\/esbozodeportivo.com\/index.php\/wp-json\/wp\/v2\/posts\/9442\/revisions"}],"predecessor-version":[{"id":9443,"href":"https:\/\/esbozodeportivo.com\/index.php\/wp-json\/wp\/v2\/posts\/9442\/revisions\/9443"}],"wp:featuredmedia":[{"embeddable":true,"href":"https:\/\/esbozodeportivo.com\/index.php\/wp-json\/wp\/v2\/media\/9436"}],"wp:attachment":[{"href":"https:\/\/esbozodeportivo.com\/index.php\/wp-json\/wp\/v2\/media?parent=9442"}],"wp:term":[{"taxonomy":"category","embeddable":true,"href":"https:\/\/esbozodeportivo.com\/index.php\/wp-json\/wp\/v2\/categories?post=9442"},{"taxonomy":"post_tag","embeddable":true,"href":"https:\/\/esbozodeportivo.com\/index.php\/wp-json\/wp\/v2\/tags?post=9442"}],"curies":[{"name":"wp","href":"https:\/\/api.w.org\/{rel}","templated":true}]}}