{"id":9448,"date":"2025-09-05T00:05:38","date_gmt":"2025-09-05T06:05:38","guid":{"rendered":"https:\/\/esbozodeportivo.com\/?p=9448"},"modified":"2025-09-05T00:05:39","modified_gmt":"2025-09-05T06:05:39","slug":"colombia-golea-y-clasifica-al-mundial","status":"publish","type":"post","link":"https:\/\/esbozodeportivo.com\/index.php\/2025\/09\/05\/colombia-golea-y-clasifica-al-mundial\/","title":{"rendered":"Colombia golea y clasifica al Mundial"},"content":{"rendered":"\n<p>(Foto: Agencias) <\/p>\n\n\n\n<p><strong>Colombia <\/strong>consigui\u00f3 su clasificaci\u00f3n al <strong>Mundial de 2026<\/strong> tras vapulear el jueves 3-0 a <strong>Bolivia <\/strong>en la pen\u00faltima jornada de las eliminatorias sudamericanas al campeonato que se disputar\u00e1 en <strong>Estados Unidos, M\u00e9xico y Canad\u00e1.<\/strong><\/p>\n\n\n\n<p>Los goles de <strong>James Rodr\u00edguez<\/strong> a los 31 minutos, <strong>Jhon C\u00f3rdoba<\/strong> los 74 y <strong>Juan Fernando Quintero<\/strong> a los 83 le dieron el triunfo a la <strong>Tricolor<\/strong>, que volver\u00e1 a la <strong>Copa del Mundo<\/strong> tras ausentarse en la cita de <strong>Qatar 2022<\/strong>.<\/p>\n\n\n\n<p>Esta ser\u00e1 la s\u00e9ptima participaci\u00f3n del combinado colombiano en el <strong>Mundial<\/strong>. Su debut fue en <strong>Chile 1962<\/strong>, luego hilvan\u00f3 tres participaciones consecutivas entre <strong>1990 y 1998<\/strong>, y repiti\u00f3 en <strong>2014 y 2018.<\/strong><\/p>\n\n\n\n<p>\u201cEsta camiseta me ha dado mucho. Estoy agradecido por todo lo que estoy haciendo\u201d, sostuvo James, quien aspira jugar su tercer <strong>Mundial<\/strong>. \u201cSiempre he dado todo y me quedo con las cosas buenas\u201d.<\/p>\n\n\n\n<p>Con su victoria ante <strong>Bolivia, Colombia<\/strong> rompi\u00f3 una racha de seis partidos sin ganar y alcanz\u00f3 25 puntos para afianzarse en la quinta posici\u00f3n de la eliminatoria.<\/p>\n\n\n\n<p>\u201cEstamos contentos por haber logrado la clasificaci\u00f3n\u201d, coment\u00f3 <strong>C\u00f3rdoba.<\/strong> \u201cVen\u00eda buscando el gol, recib\u00ed muchas cr\u00edticas, pero agradezco el respaldo del cuerpo t\u00e9cnico y mis compa\u00f1eros\u201d.<\/p>\n\n\n\n<p>En el duelo particular contra la <strong>Verde<\/strong>, los anfitriones mantuvieron su registro perfecto con ocho celebraciones en igual n\u00famero de compromisos en casa, con 20 goles a favor y ninguno recibido.<\/p>\n\n\n\n<p>La selecci\u00f3n <strong>Cafetera<\/strong> ciment\u00f3 su pase con el rendimiento como local en <strong>Barranquilla,<\/strong> donde sum\u00f3 cinco triunfos y tres empates en nueve presentaciones.<\/p>\n\n\n\n<p>\u201cEstoy feliz por poder jugar mi primer <strong>Mundial<\/strong>\u201d, dijo <strong>Luis D\u00edaz<\/strong>, quien suma siete tantos en la competici\u00f3n. \u201cEs por lo que ven\u00edamos luchando. Ahora viene lo mejor\u201d.<\/p>\n\n\n\n<p><strong>Bolivia<\/strong> se estanc\u00f3 en 17 unidades, con las que aspira todav\u00eda a colarse en el repechaje intercontinental como \u00faltima opci\u00f3n para disputar lo que ser\u00eda el segundo <strong>Mundial<\/strong> en su historia. <strong>Venezuela,<\/strong> que cay\u00f3 3-0 ante <strong>Argentina <\/strong>y nunca ha acudido a la cita mundialista, supera a <strong>Colombia<\/strong> por un punto.<\/p>\n\n\n\n<p>En la \u00faltima jornada de la fase de clasificaci\u00f3n, <strong>Bolivia <\/strong>recibir\u00e1 a <strong>Brasil<\/strong>, mientras que <strong>Colombia <\/strong>visitar\u00e1 a <strong>Venezuela.<\/strong><\/p>\n\n\n\n<p>En el estadio <strong>Metropolitano, de Barranquilla<\/strong>, <strong>James<\/strong> abri\u00f3 el marcador al rematar con su pie derecho dentro del \u00e1rea un centro del lateral <strong>Santiago Arias.<\/strong><\/p>\n\n\n\n<p>El capit\u00e1n de los <strong>Cafeteros<\/strong> lleg\u00f3 a 14 tantos en el historial de las eliminatorias sudamericanas y super\u00f3 a <strong>Radamel Falcao<\/strong> como el m\u00e1ximo artillero colombiano en esta competici\u00f3n.<\/p>\n\n\n\n<p>Adem\u00e1s, <strong>James<\/strong> hizo su 56ta. presentaci\u00f3n en la eliminatoria y tambi\u00e9n ascendi\u00f3 al liderato en este apartado dentro de su selecci\u00f3n, por delante de <strong>David Ospina y Carlos Valderrama.<\/strong><\/p>\n\n\n\n<p>Antes de la primera anotaci\u00f3n, <strong>James<\/strong> ya hab\u00eda fabricado dos claras ocasiones de gol. A los 13 minutos, envi\u00f3 un centro que cabece\u00f3 <strong>Jhon Arias<\/strong> y exigi\u00f3 al arquero boliviano <strong>Carlos Lampe<\/strong>. Y a los 24, aprovech\u00f3 un centro de <strong>D\u00edaz <\/strong>para conectar un testarazo que volvi\u00f3 a ser detenido por <strong>Lampe.<\/strong><\/p>\n\n\n\n<p>Con ocho tiros totales y m\u00e1s de 70% de posesi\u00f3n, <strong>Colombia <\/strong>domin\u00f3 claramente el primer tiempo, pero no pudo aumentar su ventaja en el tanteador.<\/p>\n\n\n\n<p>\u201cEstamos haciendo un buen trabajo. Sufrimos, pero nos lo merecemos. Cumplimos un sue\u00f1o\u201d, declar\u00f3 el volante <strong>Richard R\u00edos.<\/strong><\/p>\n\n\n\n<p><strong>Bolivia <\/strong>se refugi\u00f3 en su retaguardia y apenas inquiet\u00f3 el arco de los anfitriones con un disparo lejano de <strong>Gabriel Villamil <\/strong>y un intento desviado de <strong>Miguel Terceros<\/strong>.<\/p>\n\n\n\n<p>En la etapa complementaria, la <strong>Verde<\/strong> adelant\u00f3 sus l\u00edneas y a los 53 minutos Terceros prob\u00f3 al arquero local <strong>Camilo Vargas<\/strong> con un remate de media distancia.<\/p>\n\n\n\n<p>A la hora de partido, <strong>James<\/strong> tuvo que abandonar la cancha por una dolencia en un tobillo que se produjo durante el per\u00edodo inicial.<\/p>\n\n\n\n<p>En el lugar de <strong>Rodr\u00edguez<\/strong> ingres\u00f3 el enganche de <strong>River Plate Juan Fernando<\/strong> <strong>Quintero,<\/strong> quien asisti\u00f3 con un pase filtrado a <strong>C\u00f3rdoba<\/strong>.<\/p>\n\n\n\n<p>El ariete del <strong>Krasnodar<\/strong> ruso finaliz\u00f3 la acci\u00f3n de contragolpe con un potente disparo cruzado para firmar su primera diana en estas eliminatorias.<\/p>\n\n\n\n<p>A los 82, <strong>C\u00f3rdoba<\/strong> dio paso a <strong>Dayro Moreno<\/strong>, de 39 a\u00f1os, quien disput\u00f3 un partido internacional con la Tricolor por primera vez desde 2016.<\/p>\n\n\n\n<p><\/p>\n","protected":false},"excerpt":{"rendered":"<p>(Foto: Agencias) Colombia consigui\u00f3 su clasificaci\u00f3n al Mundial de 2026 tras vapulear el jueves 3-0<\/p>\n","protected":false},"author":4,"featured_media":9439,"comment_status":"closed","ping_status":"open","sticky":false,"template":"","format":"standard","meta":{"_jetpack_memberships_contains_paid_content":false,"footnotes":""},"categories":[71],"tags":[],"class_list":["post-9448","post","type-post","status-publish","format-standard","has-post-thumbnail","hentry","category-mundial-2026"],"yoast_head":"<!-- This site is optimized with the Yoast SEO plugin v25.7 - https:\/\/yoast.com\/wordpress\/plugins\/seo\/ -->\n<title>Colombia golea y clasifica al Mundial - Esbozo Deportivo<\/title>\n<meta name=\"description\" content=\"Colombia consigui\u00f3 su clasificaci\u00f3n al Mundial de 2026 tras vapulear el jueves 3-0 a Bolivia en la pen\u00faltima jornada de las eliminatorias sudamericanas al campeonato que se disputar\u00e1 en Estados Unidos, M\u00e9xico y Canad\u00e1.\" \/>\n<meta name=\"robots\" content=\"index, follow, max-snippet:-1, max-image-preview:large, max-video-preview:-1\" \/>\n<link rel=\"canonical\" href=\"https:\/\/esbozodeportivo.com\/index.php\/2025\/09\/05\/colombia-golea-y-clasifica-al-mundial\/\" \/>\n<meta property=\"og:locale\" content=\"es_MX\" \/>\n<meta property=\"og:type\" content=\"article\" \/>\n<meta property=\"og:title\" content=\"Colombia golea y clasifica al Mundial - Esbozo Deportivo\" \/>\n<meta property=\"og:description\" content=\"Colombia consigui\u00f3 su clasificaci\u00f3n al Mundial de 2026 tras vapulear el jueves 3-0 a Bolivia en la pen\u00faltima jornada de las eliminatorias sudamericanas al campeonato que se disputar\u00e1 en Estados Unidos, M\u00e9xico y Canad\u00e1.\" \/>\n<meta property=\"og:url\" content=\"https:\/\/esbozodeportivo.com\/index.php\/2025\/09\/05\/colombia-golea-y-clasifica-al-mundial\/\" \/>\n<meta property=\"og:site_name\" content=\"Esbozo Deportivo\" \/>\n<meta property=\"article:published_time\" content=\"2025-09-05T06:05:38+00:00\" \/>\n<meta property=\"article:modified_time\" content=\"2025-09-05T06:05:39+00:00\" \/>\n<meta property=\"og:image\" content=\"https:\/\/esbozodeportivo.com\/wp-content\/uploads\/2025\/09\/Futbol2.jpg\" \/>\n\t<meta property=\"og:image:width\" content=\"1440\" \/>\n\t<meta property=\"og:image:height\" content=\"960\" \/>\n\t<meta property=\"og:image:type\" content=\"image\/jpeg\" \/>\n<meta name=\"author\" content=\"Redacci\u00f3n\" \/>\n<meta name=\"twitter:card\" content=\"summary_large_image\" \/>\n<meta name=\"twitter:label1\" content=\"Escrito por\" \/>\n\t<meta name=\"twitter:data1\" content=\"Redacci\u00f3n\" \/>\n\t<meta name=\"twitter:label2\" content=\"Tiempo de lectura\" \/>\n\t<meta name=\"twitter:data2\" content=\"4 minutos\" \/>\n<script type=\"application\/ld+json\" class=\"yoast-schema-graph\">{\"@context\":\"https:\/\/schema.org\",\"@graph\":[{\"@type\":\"Article\",\"@id\":\"https:\/\/esbozodeportivo.com\/index.php\/2025\/09\/05\/colombia-golea-y-clasifica-al-mundial\/#article\",\"isPartOf\":{\"@id\":\"https:\/\/esbozodeportivo.com\/index.php\/2025\/09\/05\/colombia-golea-y-clasifica-al-mundial\/\"},\"author\":{\"name\":\"Redacci\u00f3n\",\"@id\":\"https:\/\/esbozodeportivo.com\/#\/schema\/person\/0f6df9196dfe6740dd0bb31bae50d374\"},\"headline\":\"Colombia golea y clasifica al Mundial\",\"datePublished\":\"2025-09-05T06:05:38+00:00\",\"dateModified\":\"2025-09-05T06:05:39+00:00\",\"mainEntityOfPage\":{\"@id\":\"https:\/\/esbozodeportivo.com\/index.php\/2025\/09\/05\/colombia-golea-y-clasifica-al-mundial\/\"},\"wordCount\":704,\"publisher\":{\"@id\":\"https:\/\/esbozodeportivo.com\/#organization\"},\"image\":{\"@id\":\"https:\/\/esbozodeportivo.com\/index.php\/2025\/09\/05\/colombia-golea-y-clasifica-al-mundial\/#primaryimage\"},\"thumbnailUrl\":\"https:\/\/esbozodeportivo.com\/wp-content\/uploads\/2025\/09\/Futbol2.jpg\",\"articleSection\":[\"Mundial 2026\"],\"inLanguage\":\"es\"},{\"@type\":\"WebPage\",\"@id\":\"https:\/\/esbozodeportivo.com\/index.php\/2025\/09\/05\/colombia-golea-y-clasifica-al-mundial\/\",\"url\":\"https:\/\/esbozodeportivo.com\/index.php\/2025\/09\/05\/colombia-golea-y-clasifica-al-mundial\/\",\"name\":\"Colombia golea y clasifica al Mundial - Esbozo Deportivo\",\"isPartOf\":{\"@id\":\"https:\/\/esbozodeportivo.com\/#website\"},\"primaryImageOfPage\":{\"@id\":\"https:\/\/esbozodeportivo.com\/index.php\/2025\/09\/05\/colombia-golea-y-clasifica-al-mundial\/#primaryimage\"},\"image\":{\"@id\":\"https:\/\/esbozodeportivo.com\/index.php\/2025\/09\/05\/colombia-golea-y-clasifica-al-mundial\/#primaryimage\"},\"thumbnailUrl\":\"https:\/\/esbozodeportivo.com\/wp-content\/uploads\/2025\/09\/Futbol2.jpg\",\"datePublished\":\"2025-09-05T06:05:38+00:00\",\"dateModified\":\"2025-09-05T06:05:39+00:00\",\"description\":\"Colombia consigui\u00f3 su clasificaci\u00f3n al Mundial de 2026 tras vapulear el jueves 3-0 a Bolivia en la pen\u00faltima jornada de las eliminatorias sudamericanas al campeonato que se disputar\u00e1 en Estados Unidos, M\u00e9xico y Canad\u00e1.\",\"breadcrumb\":{\"@id\":\"https:\/\/esbozodeportivo.com\/index.php\/2025\/09\/05\/colombia-golea-y-clasifica-al-mundial\/#breadcrumb\"},\"inLanguage\":\"es\",\"potentialAction\":[{\"@type\":\"ReadAction\",\"target\":[\"https:\/\/esbozodeportivo.com\/index.php\/2025\/09\/05\/colombia-golea-y-clasifica-al-mundial\/\"]}]},{\"@type\":\"ImageObject\",\"inLanguage\":\"es\",\"@id\":\"https:\/\/esbozodeportivo.com\/index.php\/2025\/09\/05\/colombia-golea-y-clasifica-al-mundial\/#primaryimage\",\"url\":\"https:\/\/esbozodeportivo.com\/wp-content\/uploads\/2025\/09\/Futbol2.jpg\",\"contentUrl\":\"https:\/\/esbozodeportivo.com\/wp-content\/uploads\/2025\/09\/Futbol2.jpg\",\"width\":1440,\"height\":960},{\"@type\":\"BreadcrumbList\",\"@id\":\"https:\/\/esbozodeportivo.com\/index.php\/2025\/09\/05\/colombia-golea-y-clasifica-al-mundial\/#breadcrumb\",\"itemListElement\":[{\"@type\":\"ListItem\",\"position\":1,\"name\":\"Inicio\",\"item\":\"https:\/\/esbozodeportivo.com\/\"},{\"@type\":\"ListItem\",\"position\":2,\"name\":\"Colombia golea y clasifica al Mundial\"}]},{\"@type\":\"WebSite\",\"@id\":\"https:\/\/esbozodeportivo.com\/#website\",\"url\":\"https:\/\/esbozodeportivo.com\/\",\"name\":\"Esbozo Deportivo\",\"description\":\"Lo m\u00e1s importante del Deporte\",\"publisher\":{\"@id\":\"https:\/\/esbozodeportivo.com\/#organization\"},\"potentialAction\":[{\"@type\":\"SearchAction\",\"target\":{\"@type\":\"EntryPoint\",\"urlTemplate\":\"https:\/\/esbozodeportivo.com\/?s={search_term_string}\"},\"query-input\":{\"@type\":\"PropertyValueSpecification\",\"valueRequired\":true,\"valueName\":\"search_term_string\"}}],\"inLanguage\":\"es\"},{\"@type\":\"Organization\",\"@id\":\"https:\/\/esbozodeportivo.com\/#organization\",\"name\":\"Esbozo Deportivo\",\"url\":\"https:\/\/esbozodeportivo.com\/\",\"logo\":{\"@type\":\"ImageObject\",\"inLanguage\":\"es\",\"@id\":\"https:\/\/esbozodeportivo.com\/#\/schema\/logo\/image\/\",\"url\":\"https:\/\/esbozodeportivo.com\/wp-content\/uploads\/2022\/08\/cropped-Logo-Esbozo-Web-2.png\",\"contentUrl\":\"https:\/\/esbozodeportivo.com\/wp-content\/uploads\/2022\/08\/cropped-Logo-Esbozo-Web-2.png\",\"width\":180,\"height\":50,\"caption\":\"Esbozo Deportivo\"},\"image\":{\"@id\":\"https:\/\/esbozodeportivo.com\/#\/schema\/logo\/image\/\"}},{\"@type\":\"Person\",\"@id\":\"https:\/\/esbozodeportivo.com\/#\/schema\/person\/0f6df9196dfe6740dd0bb31bae50d374\",\"name\":\"Redacci\u00f3n\",\"image\":{\"@type\":\"ImageObject\",\"inLanguage\":\"es\",\"@id\":\"https:\/\/esbozodeportivo.com\/#\/schema\/person\/image\/\",\"url\":\"https:\/\/secure.gravatar.com\/avatar\/f55268a89c3b418f2ef172ff52ab0d09b3e653c58de29539fe329fb93d78ebf3?s=96&d=mm&r=g\",\"contentUrl\":\"https:\/\/secure.gravatar.com\/avatar\/f55268a89c3b418f2ef172ff52ab0d09b3e653c58de29539fe329fb93d78ebf3?s=96&d=mm&r=g\",\"caption\":\"Redacci\u00f3n\"},\"url\":\"https:\/\/esbozodeportivo.com\/index.php\/author\/redaccion\/\"}]}<\/script>\n<!-- \/ Yoast SEO plugin. -->","yoast_head_json":{"title":"Colombia golea y clasifica al Mundial - Esbozo Deportivo","description":"Colombia consigui\u00f3 su clasificaci\u00f3n al Mundial de 2026 tras vapulear el jueves 3-0 a Bolivia en la pen\u00faltima jornada de las eliminatorias sudamericanas al campeonato que se disputar\u00e1 en Estados Unidos, M\u00e9xico y Canad\u00e1.","robots":{"index":"index","follow":"follow","max-snippet":"max-snippet:-1","max-image-preview":"max-image-preview:large","max-video-preview":"max-video-preview:-1"},"canonical":"https:\/\/esbozodeportivo.com\/index.php\/2025\/09\/05\/colombia-golea-y-clasifica-al-mundial\/","og_locale":"es_MX","og_type":"article","og_title":"Colombia golea y clasifica al Mundial - Esbozo Deportivo","og_description":"Colombia consigui\u00f3 su clasificaci\u00f3n al Mundial de 2026 tras vapulear el jueves 3-0 a Bolivia en la pen\u00faltima jornada de las eliminatorias sudamericanas al campeonato que se disputar\u00e1 en Estados Unidos, M\u00e9xico y Canad\u00e1.","og_url":"https:\/\/esbozodeportivo.com\/index.php\/2025\/09\/05\/colombia-golea-y-clasifica-al-mundial\/","og_site_name":"Esbozo Deportivo","article_published_time":"2025-09-05T06:05:38+00:00","article_modified_time":"2025-09-05T06:05:39+00:00","og_image":[{"width":1440,"height":960,"url":"https:\/\/esbozodeportivo.com\/wp-content\/uploads\/2025\/09\/Futbol2.jpg","type":"image\/jpeg"}],"author":"Redacci\u00f3n","twitter_card":"summary_large_image","twitter_misc":{"Escrito por":"Redacci\u00f3n","Tiempo de lectura":"4 minutos"},"schema":{"@context":"https:\/\/schema.org","@graph":[{"@type":"Article","@id":"https:\/\/esbozodeportivo.com\/index.php\/2025\/09\/05\/colombia-golea-y-clasifica-al-mundial\/#article","isPartOf":{"@id":"https:\/\/esbozodeportivo.com\/index.php\/2025\/09\/05\/colombia-golea-y-clasifica-al-mundial\/"},"author":{"name":"Redacci\u00f3n","@id":"https:\/\/esbozodeportivo.com\/#\/schema\/person\/0f6df9196dfe6740dd0bb31bae50d374"},"headline":"Colombia golea y clasifica al Mundial","datePublished":"2025-09-05T06:05:38+00:00","dateModified":"2025-09-05T06:05:39+00:00","mainEntityOfPage":{"@id":"https:\/\/esbozodeportivo.com\/index.php\/2025\/09\/05\/colombia-golea-y-clasifica-al-mundial\/"},"wordCount":704,"publisher":{"@id":"https:\/\/esbozodeportivo.com\/#organization"},"image":{"@id":"https:\/\/esbozodeportivo.com\/index.php\/2025\/09\/05\/colombia-golea-y-clasifica-al-mundial\/#primaryimage"},"thumbnailUrl":"https:\/\/esbozodeportivo.com\/wp-content\/uploads\/2025\/09\/Futbol2.jpg","articleSection":["Mundial 2026"],"inLanguage":"es"},{"@type":"WebPage","@id":"https:\/\/esbozodeportivo.com\/index.php\/2025\/09\/05\/colombia-golea-y-clasifica-al-mundial\/","url":"https:\/\/esbozodeportivo.com\/index.php\/2025\/09\/05\/colombia-golea-y-clasifica-al-mundial\/","name":"Colombia golea y clasifica al Mundial - Esbozo Deportivo","isPartOf":{"@id":"https:\/\/esbozodeportivo.com\/#website"},"primaryImageOfPage":{"@id":"https:\/\/esbozodeportivo.com\/index.php\/2025\/09\/05\/colombia-golea-y-clasifica-al-mundial\/#primaryimage"},"image":{"@id":"https:\/\/esbozodeportivo.com\/index.php\/2025\/09\/05\/colombia-golea-y-clasifica-al-mundial\/#primaryimage"},"thumbnailUrl":"https:\/\/esbozodeportivo.com\/wp-content\/uploads\/2025\/09\/Futbol2.jpg","datePublished":"2025-09-05T06:05:38+00:00","dateModified":"2025-09-05T06:05:39+00:00","description":"Colombia consigui\u00f3 su clasificaci\u00f3n al Mundial de 2026 tras vapulear el jueves 3-0 a Bolivia en la pen\u00faltima jornada de las eliminatorias sudamericanas al campeonato que se disputar\u00e1 en Estados Unidos, M\u00e9xico y Canad\u00e1.","breadcrumb":{"@id":"https:\/\/esbozodeportivo.com\/index.php\/2025\/09\/05\/colombia-golea-y-clasifica-al-mundial\/#breadcrumb"},"inLanguage":"es","potentialAction":[{"@type":"ReadAction","target":["https:\/\/esbozodeportivo.com\/index.php\/2025\/09\/05\/colombia-golea-y-clasifica-al-mundial\/"]}]},{"@type":"ImageObject","inLanguage":"es","@id":"https:\/\/esbozodeportivo.com\/index.php\/2025\/09\/05\/colombia-golea-y-clasifica-al-mundial\/#primaryimage","url":"https:\/\/esbozodeportivo.com\/wp-content\/uploads\/2025\/09\/Futbol2.jpg","contentUrl":"https:\/\/esbozodeportivo.com\/wp-content\/uploads\/2025\/09\/Futbol2.jpg","width":1440,"height":960},{"@type":"BreadcrumbList","@id":"https:\/\/esbozodeportivo.com\/index.php\/2025\/09\/05\/colombia-golea-y-clasifica-al-mundial\/#breadcrumb","itemListElement":[{"@type":"ListItem","position":1,"name":"Inicio","item":"https:\/\/esbozodeportivo.com\/"},{"@type":"ListItem","position":2,"name":"Colombia golea y clasifica al Mundial"}]},{"@type":"WebSite","@id":"https:\/\/esbozodeportivo.com\/#website","url":"https:\/\/esbozodeportivo.com\/","name":"Esbozo Deportivo","description":"Lo m\u00e1s importante del Deporte","publisher":{"@id":"https:\/\/esbozodeportivo.com\/#organization"},"potentialAction":[{"@type":"SearchAction","target":{"@type":"EntryPoint","urlTemplate":"https:\/\/esbozodeportivo.com\/?s={search_term_string}"},"query-input":{"@type":"PropertyValueSpecification","valueRequired":true,"valueName":"search_term_string"}}],"inLanguage":"es"},{"@type":"Organization","@id":"https:\/\/esbozodeportivo.com\/#organization","name":"Esbozo Deportivo","url":"https:\/\/esbozodeportivo.com\/","logo":{"@type":"ImageObject","inLanguage":"es","@id":"https:\/\/esbozodeportivo.com\/#\/schema\/logo\/image\/","url":"https:\/\/esbozodeportivo.com\/wp-content\/uploads\/2022\/08\/cropped-Logo-Esbozo-Web-2.png","contentUrl":"https:\/\/esbozodeportivo.com\/wp-content\/uploads\/2022\/08\/cropped-Logo-Esbozo-Web-2.png","width":180,"height":50,"caption":"Esbozo Deportivo"},"image":{"@id":"https:\/\/esbozodeportivo.com\/#\/schema\/logo\/image\/"}},{"@type":"Person","@id":"https:\/\/esbozodeportivo.com\/#\/schema\/person\/0f6df9196dfe6740dd0bb31bae50d374","name":"Redacci\u00f3n","image":{"@type":"ImageObject","inLanguage":"es","@id":"https:\/\/esbozodeportivo.com\/#\/schema\/person\/image\/","url":"https:\/\/secure.gravatar.com\/avatar\/f55268a89c3b418f2ef172ff52ab0d09b3e653c58de29539fe329fb93d78ebf3?s=96&d=mm&r=g","contentUrl":"https:\/\/secure.gravatar.com\/avatar\/f55268a89c3b418f2ef172ff52ab0d09b3e653c58de29539fe329fb93d78ebf3?s=96&d=mm&r=g","caption":"Redacci\u00f3n"},"url":"https:\/\/esbozodeportivo.com\/index.php\/author\/redaccion\/"}]}},"jetpack_featured_media_url":"https:\/\/esbozodeportivo.com\/wp-content\/uploads\/2025\/09\/Futbol2.jpg","jetpack_sharing_enabled":true,"_links":{"self":[{"href":"https:\/\/esbozodeportivo.com\/index.php\/wp-json\/wp\/v2\/posts\/9448","targetHints":{"allow":["GET"]}}],"collection":[{"href":"https:\/\/esbozodeportivo.com\/index.php\/wp-json\/wp\/v2\/posts"}],"about":[{"href":"https:\/\/esbozodeportivo.com\/index.php\/wp-json\/wp\/v2\/types\/post"}],"author":[{"embeddable":true,"href":"https:\/\/esbozodeportivo.com\/index.php\/wp-json\/wp\/v2\/users\/4"}],"replies":[{"embeddable":true,"href":"https:\/\/esbozodeportivo.com\/index.php\/wp-json\/wp\/v2\/comments?post=9448"}],"version-history":[{"count":1,"href":"https:\/\/esbozodeportivo.com\/index.php\/wp-json\/wp\/v2\/posts\/9448\/revisions"}],"predecessor-version":[{"id":9449,"href":"https:\/\/esbozodeportivo.com\/index.php\/wp-json\/wp\/v2\/posts\/9448\/revisions\/9449"}],"wp:featuredmedia":[{"embeddable":true,"href":"https:\/\/esbozodeportivo.com\/index.php\/wp-json\/wp\/v2\/media\/9439"}],"wp:attachment":[{"href":"https:\/\/esbozodeportivo.com\/index.php\/wp-json\/wp\/v2\/media?parent=9448"}],"wp:term":[{"taxonomy":"category","embeddable":true,"href":"https:\/\/esbozodeportivo.com\/index.php\/wp-json\/wp\/v2\/categories?post=9448"},{"taxonomy":"post_tag","embeddable":true,"href":"https:\/\/esbozodeportivo.com\/index.php\/wp-json\/wp\/v2\/tags?post=9448"}],"curies":[{"name":"wp","href":"https:\/\/api.w.org\/{rel}","templated":true}]}}