{"id":9450,"date":"2025-09-05T00:13:18","date_gmt":"2025-09-05T06:13:18","guid":{"rendered":"https:\/\/esbozodeportivo.com\/?p=9450"},"modified":"2025-09-05T00:13:19","modified_gmt":"2025-09-05T06:13:19","slug":"messi-mas-cerca-de-su-retirada","status":"publish","type":"post","link":"https:\/\/esbozodeportivo.com\/index.php\/2025\/09\/05\/messi-mas-cerca-de-su-retirada\/","title":{"rendered":"Messi, m\u00e1s cerca de su retirada"},"content":{"rendered":"\n<p>(Foto: Agencias) <\/p>\n\n\n\n<p><strong>Lionel Messi<\/strong> firm\u00f3 un doblete en la victoria 3-0 de <strong>Argentina<\/strong> el jueves ante <strong>Venezuela<\/strong>, en lo que fue la \u00faltima funci\u00f3n oficial del astro con la casaca albiceleste en su tierra natal.<\/p>\n\n\n\n<p><strong>Messi <\/strong>no dio pistas sobre cu\u00e1ndo dejar\u00e1 el f\u00fatbol, pero su ciclo en <strong>Argentina <\/strong>podr\u00eda cerrarse tras el <strong>Mundial de 2026<\/strong>, cuando cumpla 39 a\u00f1os.<\/p>\n\n\n\n<p>Como no hay a la vista competencias oficiales de selecciones en el pa\u00eds sudamericano sino hasta las eliminatorias para la <strong>Copa del Mundo 2030<\/strong>, Messi sali\u00f3 al campo de juego del estadio <strong>Monumental de Buenos Aires<\/strong> a jugar su \u00faltimo partido oficial en casa.<\/p>\n\n\n\n<p>Tras una asistencia de <strong>Juli\u00e1n \u00c1lvarez, Messi<\/strong> bati\u00f3 de zurda al arquero visitante <strong>Rafael Romo<\/strong> a los 40 minutos y firm\u00f3 el doblete con la parte interna del mismo bot\u00edn a diez del final. Minutos antes, <strong>Lautaro Mart\u00ednez<\/strong> hab\u00eda anotado el segundo de cabeza.<\/p>\n\n\n\n<p>\u201cPoder terminar de esta manera ac\u00e1 es lo que siempre so\u00f1\u00e9\u201d, dijo el tambi\u00e9n capit\u00e1n de <strong>Inter Miami<\/strong> tras el encuentro. \u201cViv\u00ed muchas cosas en esta cancha, buenas y no tan buenas, pero siempre es una alegr\u00eda jugar en <strong>Argentina<\/strong>, adelante de nuestra gente\u201d.<\/p>\n\n\n\n<p>De cara el futuro, <strong>Messi<\/strong> aclar\u00f3 que s\u00f3lo disputar\u00e1 el <strong>Mundial<\/strong> del a\u00f1o pr\u00f3ximo si se siente apto f\u00edsicamente.<\/p>\n\n\n\n<p>\u201cYa estamos ah\u00ed, estoy ilusionado, con ganas. Es d\u00eda a d\u00eda, sintiendo sensaciones. Si me siento bien disfruto, si no prefiero no estar. Nueve meses (para inicio de Mundial) son un mont\u00f3n\u201d, advirti\u00f3.<\/p>\n\n\n\n<p>Ya clasificado, el campe\u00f3n del Mundo ampli\u00f3 a 38 puntos su cosecha como l\u00edder inalcanzable de las eliminatorias.<\/p>\n\n\n\n<p>La <strong>Vinotinto<\/strong>, que nunca disput\u00f3 un <strong>Mundial<\/strong>, mantuvo el s\u00e9ptimo puesto de repechaje con 18 puntos y se jugar\u00e1 el todo por el todo en casa ante <strong>Colombia <\/strong>el martes por la \u00faltima fecha del certamen.<\/p>\n\n\n\n<p>\u201cGracias por todo capit\u00e1n\u201d, estaba escrito en una bandera colocada en una de las tribunas del estadio. <strong>Messi,<\/strong> que sali\u00f3 al campo de juego junto a sus tres hijos, fue recibido con una ovaci\u00f3n. \u201cQue de la mano de <strong>Leo Messi<\/strong>, todos la vuelta vamos a dar\u201d.<\/p>\n\n\n\n<p>Jug\u00f3 las eliminatorias por primera vez en 2005 ante <strong>Per\u00fa<\/strong> y en dos d\u00e9cadas se convirti\u00f3 en el m\u00e1ximo goleador hist\u00f3rico del certamen (36 tantos) y l\u00edder en presencias junto al exfutbolista ecuatoriano <strong>Iv\u00e1n Hurtado<\/strong> con 72 partidos. En la actual edici\u00f3n, lidera la tabla de goleadores con ocho dianas.<\/p>\n\n\n\n<p>Tras un comienzo a media m\u00e1quina por parte del campe\u00f3n del <strong>Mundo, Messi<\/strong> busc\u00f3 romper la monoton\u00eda del partido asoci\u00e1ndose con <strong>Franco Mastantuono<\/strong>, el flamante fichaje del <strong>Real Madrid<\/strong> con apenas 18 a\u00f1os que jug\u00f3 su primer partido como titular en la selecci\u00f3n.<\/p>\n\n\n\n<p>Antes del descanso, <strong>Leandro Paredes<\/strong> recuper\u00f3 la pelota en su campo tras un fallido lateral a favor de <strong>Venezuela<\/strong> y lanz\u00f3 para <strong>Juli\u00e1n \u00c1lvarez<\/strong>, quien qued\u00f3 en buena posici\u00f3n para definir, pero prefiri\u00f3 dejarle el gol al protagonista de la noche. En dos toques, <strong>Mess<\/strong>i par\u00f3 el bal\u00f3n con la zurda y se la pic\u00f3 a <strong>Romo<\/strong>.<\/p>\n\n\n\n<p>Fue el sexto gol que <strong>Messi<\/strong> le convirti\u00f3 a <strong>Venezuela<\/strong> en 13 enfrentamientos.<\/p>\n\n\n\n<p>Lautaro Mart\u00ednez, que salt\u00f3 de la banca a jugar el complemento, anot\u00f3 el segundo de cabeza tras centro de <strong>Nicol\u00e1s Gonz\u00e1lez.<\/strong><\/p>\n\n\n\n<p><\/p>\n","protected":false},"excerpt":{"rendered":"<p>(Foto: Agencias) Lionel Messi firm\u00f3 un doblete en la victoria 3-0 de Argentina el jueves<\/p>\n","protected":false},"author":4,"featured_media":9451,"comment_status":"closed","ping_status":"open","sticky":false,"template":"","format":"standard","meta":{"_jetpack_memberships_contains_paid_content":false,"footnotes":""},"categories":[71],"tags":[],"class_list":["post-9450","post","type-post","status-publish","format-standard","has-post-thumbnail","hentry","category-mundial-2026"],"yoast_head":"<!-- This site is optimized with the Yoast SEO plugin v25.7 - https:\/\/yoast.com\/wordpress\/plugins\/seo\/ -->\n<title>Messi, m\u00e1s cerca de su retirada - Esbozo Deportivo<\/title>\n<meta name=\"description\" content=\"Lionel Messi firm\u00f3 un doblete en la victoria 3-0 de Argentina el jueves ante Venezuela, en lo que fue la \u00faltima funci\u00f3n oficial del astro con la casaca albiceleste en su tierra natal.\" \/>\n<meta name=\"robots\" content=\"index, follow, max-snippet:-1, max-image-preview:large, max-video-preview:-1\" \/>\n<link rel=\"canonical\" href=\"https:\/\/esbozodeportivo.com\/index.php\/2025\/09\/05\/messi-mas-cerca-de-su-retirada\/\" \/>\n<meta property=\"og:locale\" content=\"es_MX\" \/>\n<meta property=\"og:type\" content=\"article\" \/>\n<meta property=\"og:title\" content=\"Messi, m\u00e1s cerca de su retirada - Esbozo Deportivo\" \/>\n<meta property=\"og:description\" content=\"Lionel Messi firm\u00f3 un doblete en la victoria 3-0 de Argentina el jueves ante Venezuela, en lo que fue la \u00faltima funci\u00f3n oficial del astro con la casaca albiceleste en su tierra natal.\" \/>\n<meta property=\"og:url\" content=\"https:\/\/esbozodeportivo.com\/index.php\/2025\/09\/05\/messi-mas-cerca-de-su-retirada\/\" \/>\n<meta property=\"og:site_name\" content=\"Esbozo Deportivo\" \/>\n<meta property=\"article:published_time\" content=\"2025-09-05T06:13:18+00:00\" \/>\n<meta property=\"article:modified_time\" content=\"2025-09-05T06:13:19+00:00\" \/>\n<meta property=\"og:image\" content=\"https:\/\/esbozodeportivo.com\/wp-content\/uploads\/2025\/09\/Messi-2.jpg\" \/>\n\t<meta property=\"og:image:width\" content=\"1440\" \/>\n\t<meta property=\"og:image:height\" content=\"960\" \/>\n\t<meta property=\"og:image:type\" content=\"image\/jpeg\" \/>\n<meta name=\"author\" content=\"Redacci\u00f3n\" \/>\n<meta name=\"twitter:card\" content=\"summary_large_image\" \/>\n<meta name=\"twitter:label1\" content=\"Escrito por\" \/>\n\t<meta name=\"twitter:data1\" content=\"Redacci\u00f3n\" \/>\n\t<meta name=\"twitter:label2\" content=\"Tiempo de lectura\" \/>\n\t<meta name=\"twitter:data2\" content=\"3 minutos\" \/>\n<script type=\"application\/ld+json\" class=\"yoast-schema-graph\">{\"@context\":\"https:\/\/schema.org\",\"@graph\":[{\"@type\":\"Article\",\"@id\":\"https:\/\/esbozodeportivo.com\/index.php\/2025\/09\/05\/messi-mas-cerca-de-su-retirada\/#article\",\"isPartOf\":{\"@id\":\"https:\/\/esbozodeportivo.com\/index.php\/2025\/09\/05\/messi-mas-cerca-de-su-retirada\/\"},\"author\":{\"name\":\"Redacci\u00f3n\",\"@id\":\"https:\/\/esbozodeportivo.com\/#\/schema\/person\/0f6df9196dfe6740dd0bb31bae50d374\"},\"headline\":\"Messi, m\u00e1s cerca de su retirada\",\"datePublished\":\"2025-09-05T06:13:18+00:00\",\"dateModified\":\"2025-09-05T06:13:19+00:00\",\"mainEntityOfPage\":{\"@id\":\"https:\/\/esbozodeportivo.com\/index.php\/2025\/09\/05\/messi-mas-cerca-de-su-retirada\/\"},\"wordCount\":568,\"publisher\":{\"@id\":\"https:\/\/esbozodeportivo.com\/#organization\"},\"image\":{\"@id\":\"https:\/\/esbozodeportivo.com\/index.php\/2025\/09\/05\/messi-mas-cerca-de-su-retirada\/#primaryimage\"},\"thumbnailUrl\":\"https:\/\/esbozodeportivo.com\/wp-content\/uploads\/2025\/09\/Messi-2.jpg\",\"articleSection\":[\"Mundial 2026\"],\"inLanguage\":\"es\"},{\"@type\":\"WebPage\",\"@id\":\"https:\/\/esbozodeportivo.com\/index.php\/2025\/09\/05\/messi-mas-cerca-de-su-retirada\/\",\"url\":\"https:\/\/esbozodeportivo.com\/index.php\/2025\/09\/05\/messi-mas-cerca-de-su-retirada\/\",\"name\":\"Messi, m\u00e1s cerca de su retirada - Esbozo Deportivo\",\"isPartOf\":{\"@id\":\"https:\/\/esbozodeportivo.com\/#website\"},\"primaryImageOfPage\":{\"@id\":\"https:\/\/esbozodeportivo.com\/index.php\/2025\/09\/05\/messi-mas-cerca-de-su-retirada\/#primaryimage\"},\"image\":{\"@id\":\"https:\/\/esbozodeportivo.com\/index.php\/2025\/09\/05\/messi-mas-cerca-de-su-retirada\/#primaryimage\"},\"thumbnailUrl\":\"https:\/\/esbozodeportivo.com\/wp-content\/uploads\/2025\/09\/Messi-2.jpg\",\"datePublished\":\"2025-09-05T06:13:18+00:00\",\"dateModified\":\"2025-09-05T06:13:19+00:00\",\"description\":\"Lionel Messi firm\u00f3 un doblete en la victoria 3-0 de Argentina el jueves ante Venezuela, en lo que fue la \u00faltima funci\u00f3n oficial del astro con la casaca albiceleste en su tierra natal.\",\"breadcrumb\":{\"@id\":\"https:\/\/esbozodeportivo.com\/index.php\/2025\/09\/05\/messi-mas-cerca-de-su-retirada\/#breadcrumb\"},\"inLanguage\":\"es\",\"potentialAction\":[{\"@type\":\"ReadAction\",\"target\":[\"https:\/\/esbozodeportivo.com\/index.php\/2025\/09\/05\/messi-mas-cerca-de-su-retirada\/\"]}]},{\"@type\":\"ImageObject\",\"inLanguage\":\"es\",\"@id\":\"https:\/\/esbozodeportivo.com\/index.php\/2025\/09\/05\/messi-mas-cerca-de-su-retirada\/#primaryimage\",\"url\":\"https:\/\/esbozodeportivo.com\/wp-content\/uploads\/2025\/09\/Messi-2.jpg\",\"contentUrl\":\"https:\/\/esbozodeportivo.com\/wp-content\/uploads\/2025\/09\/Messi-2.jpg\",\"width\":1440,\"height\":960},{\"@type\":\"BreadcrumbList\",\"@id\":\"https:\/\/esbozodeportivo.com\/index.php\/2025\/09\/05\/messi-mas-cerca-de-su-retirada\/#breadcrumb\",\"itemListElement\":[{\"@type\":\"ListItem\",\"position\":1,\"name\":\"Inicio\",\"item\":\"https:\/\/esbozodeportivo.com\/\"},{\"@type\":\"ListItem\",\"position\":2,\"name\":\"Messi, m\u00e1s cerca de su retirada\"}]},{\"@type\":\"WebSite\",\"@id\":\"https:\/\/esbozodeportivo.com\/#website\",\"url\":\"https:\/\/esbozodeportivo.com\/\",\"name\":\"Esbozo Deportivo\",\"description\":\"Lo m\u00e1s importante del Deporte\",\"publisher\":{\"@id\":\"https:\/\/esbozodeportivo.com\/#organization\"},\"potentialAction\":[{\"@type\":\"SearchAction\",\"target\":{\"@type\":\"EntryPoint\",\"urlTemplate\":\"https:\/\/esbozodeportivo.com\/?s={search_term_string}\"},\"query-input\":{\"@type\":\"PropertyValueSpecification\",\"valueRequired\":true,\"valueName\":\"search_term_string\"}}],\"inLanguage\":\"es\"},{\"@type\":\"Organization\",\"@id\":\"https:\/\/esbozodeportivo.com\/#organization\",\"name\":\"Esbozo Deportivo\",\"url\":\"https:\/\/esbozodeportivo.com\/\",\"logo\":{\"@type\":\"ImageObject\",\"inLanguage\":\"es\",\"@id\":\"https:\/\/esbozodeportivo.com\/#\/schema\/logo\/image\/\",\"url\":\"https:\/\/esbozodeportivo.com\/wp-content\/uploads\/2022\/08\/cropped-Logo-Esbozo-Web-2.png\",\"contentUrl\":\"https:\/\/esbozodeportivo.com\/wp-content\/uploads\/2022\/08\/cropped-Logo-Esbozo-Web-2.png\",\"width\":180,\"height\":50,\"caption\":\"Esbozo Deportivo\"},\"image\":{\"@id\":\"https:\/\/esbozodeportivo.com\/#\/schema\/logo\/image\/\"}},{\"@type\":\"Person\",\"@id\":\"https:\/\/esbozodeportivo.com\/#\/schema\/person\/0f6df9196dfe6740dd0bb31bae50d374\",\"name\":\"Redacci\u00f3n\",\"image\":{\"@type\":\"ImageObject\",\"inLanguage\":\"es\",\"@id\":\"https:\/\/esbozodeportivo.com\/#\/schema\/person\/image\/\",\"url\":\"https:\/\/secure.gravatar.com\/avatar\/f55268a89c3b418f2ef172ff52ab0d09b3e653c58de29539fe329fb93d78ebf3?s=96&d=mm&r=g\",\"contentUrl\":\"https:\/\/secure.gravatar.com\/avatar\/f55268a89c3b418f2ef172ff52ab0d09b3e653c58de29539fe329fb93d78ebf3?s=96&d=mm&r=g\",\"caption\":\"Redacci\u00f3n\"},\"url\":\"https:\/\/esbozodeportivo.com\/index.php\/author\/redaccion\/\"}]}<\/script>\n<!-- \/ Yoast SEO plugin. -->","yoast_head_json":{"title":"Messi, m\u00e1s cerca de su retirada - Esbozo Deportivo","description":"Lionel Messi firm\u00f3 un doblete en la victoria 3-0 de Argentina el jueves ante Venezuela, en lo que fue la \u00faltima funci\u00f3n oficial del astro con la casaca albiceleste en su tierra natal.","robots":{"index":"index","follow":"follow","max-snippet":"max-snippet:-1","max-image-preview":"max-image-preview:large","max-video-preview":"max-video-preview:-1"},"canonical":"https:\/\/esbozodeportivo.com\/index.php\/2025\/09\/05\/messi-mas-cerca-de-su-retirada\/","og_locale":"es_MX","og_type":"article","og_title":"Messi, m\u00e1s cerca de su retirada - Esbozo Deportivo","og_description":"Lionel Messi firm\u00f3 un doblete en la victoria 3-0 de Argentina el jueves ante Venezuela, en lo que fue la \u00faltima funci\u00f3n oficial del astro con la casaca albiceleste en su tierra natal.","og_url":"https:\/\/esbozodeportivo.com\/index.php\/2025\/09\/05\/messi-mas-cerca-de-su-retirada\/","og_site_name":"Esbozo Deportivo","article_published_time":"2025-09-05T06:13:18+00:00","article_modified_time":"2025-09-05T06:13:19+00:00","og_image":[{"width":1440,"height":960,"url":"https:\/\/esbozodeportivo.com\/wp-content\/uploads\/2025\/09\/Messi-2.jpg","type":"image\/jpeg"}],"author":"Redacci\u00f3n","twitter_card":"summary_large_image","twitter_misc":{"Escrito por":"Redacci\u00f3n","Tiempo de lectura":"3 minutos"},"schema":{"@context":"https:\/\/schema.org","@graph":[{"@type":"Article","@id":"https:\/\/esbozodeportivo.com\/index.php\/2025\/09\/05\/messi-mas-cerca-de-su-retirada\/#article","isPartOf":{"@id":"https:\/\/esbozodeportivo.com\/index.php\/2025\/09\/05\/messi-mas-cerca-de-su-retirada\/"},"author":{"name":"Redacci\u00f3n","@id":"https:\/\/esbozodeportivo.com\/#\/schema\/person\/0f6df9196dfe6740dd0bb31bae50d374"},"headline":"Messi, m\u00e1s cerca de su retirada","datePublished":"2025-09-05T06:13:18+00:00","dateModified":"2025-09-05T06:13:19+00:00","mainEntityOfPage":{"@id":"https:\/\/esbozodeportivo.com\/index.php\/2025\/09\/05\/messi-mas-cerca-de-su-retirada\/"},"wordCount":568,"publisher":{"@id":"https:\/\/esbozodeportivo.com\/#organization"},"image":{"@id":"https:\/\/esbozodeportivo.com\/index.php\/2025\/09\/05\/messi-mas-cerca-de-su-retirada\/#primaryimage"},"thumbnailUrl":"https:\/\/esbozodeportivo.com\/wp-content\/uploads\/2025\/09\/Messi-2.jpg","articleSection":["Mundial 2026"],"inLanguage":"es"},{"@type":"WebPage","@id":"https:\/\/esbozodeportivo.com\/index.php\/2025\/09\/05\/messi-mas-cerca-de-su-retirada\/","url":"https:\/\/esbozodeportivo.com\/index.php\/2025\/09\/05\/messi-mas-cerca-de-su-retirada\/","name":"Messi, m\u00e1s cerca de su retirada - Esbozo Deportivo","isPartOf":{"@id":"https:\/\/esbozodeportivo.com\/#website"},"primaryImageOfPage":{"@id":"https:\/\/esbozodeportivo.com\/index.php\/2025\/09\/05\/messi-mas-cerca-de-su-retirada\/#primaryimage"},"image":{"@id":"https:\/\/esbozodeportivo.com\/index.php\/2025\/09\/05\/messi-mas-cerca-de-su-retirada\/#primaryimage"},"thumbnailUrl":"https:\/\/esbozodeportivo.com\/wp-content\/uploads\/2025\/09\/Messi-2.jpg","datePublished":"2025-09-05T06:13:18+00:00","dateModified":"2025-09-05T06:13:19+00:00","description":"Lionel Messi firm\u00f3 un doblete en la victoria 3-0 de Argentina el jueves ante Venezuela, en lo que fue la \u00faltima funci\u00f3n oficial del astro con la casaca albiceleste en su tierra natal.","breadcrumb":{"@id":"https:\/\/esbozodeportivo.com\/index.php\/2025\/09\/05\/messi-mas-cerca-de-su-retirada\/#breadcrumb"},"inLanguage":"es","potentialAction":[{"@type":"ReadAction","target":["https:\/\/esbozodeportivo.com\/index.php\/2025\/09\/05\/messi-mas-cerca-de-su-retirada\/"]}]},{"@type":"ImageObject","inLanguage":"es","@id":"https:\/\/esbozodeportivo.com\/index.php\/2025\/09\/05\/messi-mas-cerca-de-su-retirada\/#primaryimage","url":"https:\/\/esbozodeportivo.com\/wp-content\/uploads\/2025\/09\/Messi-2.jpg","contentUrl":"https:\/\/esbozodeportivo.com\/wp-content\/uploads\/2025\/09\/Messi-2.jpg","width":1440,"height":960},{"@type":"BreadcrumbList","@id":"https:\/\/esbozodeportivo.com\/index.php\/2025\/09\/05\/messi-mas-cerca-de-su-retirada\/#breadcrumb","itemListElement":[{"@type":"ListItem","position":1,"name":"Inicio","item":"https:\/\/esbozodeportivo.com\/"},{"@type":"ListItem","position":2,"name":"Messi, m\u00e1s cerca de su retirada"}]},{"@type":"WebSite","@id":"https:\/\/esbozodeportivo.com\/#website","url":"https:\/\/esbozodeportivo.com\/","name":"Esbozo Deportivo","description":"Lo m\u00e1s importante del Deporte","publisher":{"@id":"https:\/\/esbozodeportivo.com\/#organization"},"potentialAction":[{"@type":"SearchAction","target":{"@type":"EntryPoint","urlTemplate":"https:\/\/esbozodeportivo.com\/?s={search_term_string}"},"query-input":{"@type":"PropertyValueSpecification","valueRequired":true,"valueName":"search_term_string"}}],"inLanguage":"es"},{"@type":"Organization","@id":"https:\/\/esbozodeportivo.com\/#organization","name":"Esbozo Deportivo","url":"https:\/\/esbozodeportivo.com\/","logo":{"@type":"ImageObject","inLanguage":"es","@id":"https:\/\/esbozodeportivo.com\/#\/schema\/logo\/image\/","url":"https:\/\/esbozodeportivo.com\/wp-content\/uploads\/2022\/08\/cropped-Logo-Esbozo-Web-2.png","contentUrl":"https:\/\/esbozodeportivo.com\/wp-content\/uploads\/2022\/08\/cropped-Logo-Esbozo-Web-2.png","width":180,"height":50,"caption":"Esbozo Deportivo"},"image":{"@id":"https:\/\/esbozodeportivo.com\/#\/schema\/logo\/image\/"}},{"@type":"Person","@id":"https:\/\/esbozodeportivo.com\/#\/schema\/person\/0f6df9196dfe6740dd0bb31bae50d374","name":"Redacci\u00f3n","image":{"@type":"ImageObject","inLanguage":"es","@id":"https:\/\/esbozodeportivo.com\/#\/schema\/person\/image\/","url":"https:\/\/secure.gravatar.com\/avatar\/f55268a89c3b418f2ef172ff52ab0d09b3e653c58de29539fe329fb93d78ebf3?s=96&d=mm&r=g","contentUrl":"https:\/\/secure.gravatar.com\/avatar\/f55268a89c3b418f2ef172ff52ab0d09b3e653c58de29539fe329fb93d78ebf3?s=96&d=mm&r=g","caption":"Redacci\u00f3n"},"url":"https:\/\/esbozodeportivo.com\/index.php\/author\/redaccion\/"}]}},"jetpack_featured_media_url":"https:\/\/esbozodeportivo.com\/wp-content\/uploads\/2025\/09\/Messi-2.jpg","jetpack_sharing_enabled":true,"_links":{"self":[{"href":"https:\/\/esbozodeportivo.com\/index.php\/wp-json\/wp\/v2\/posts\/9450","targetHints":{"allow":["GET"]}}],"collection":[{"href":"https:\/\/esbozodeportivo.com\/index.php\/wp-json\/wp\/v2\/posts"}],"about":[{"href":"https:\/\/esbozodeportivo.com\/index.php\/wp-json\/wp\/v2\/types\/post"}],"author":[{"embeddable":true,"href":"https:\/\/esbozodeportivo.com\/index.php\/wp-json\/wp\/v2\/users\/4"}],"replies":[{"embeddable":true,"href":"https:\/\/esbozodeportivo.com\/index.php\/wp-json\/wp\/v2\/comments?post=9450"}],"version-history":[{"count":1,"href":"https:\/\/esbozodeportivo.com\/index.php\/wp-json\/wp\/v2\/posts\/9450\/revisions"}],"predecessor-version":[{"id":9452,"href":"https:\/\/esbozodeportivo.com\/index.php\/wp-json\/wp\/v2\/posts\/9450\/revisions\/9452"}],"wp:featuredmedia":[{"embeddable":true,"href":"https:\/\/esbozodeportivo.com\/index.php\/wp-json\/wp\/v2\/media\/9451"}],"wp:attachment":[{"href":"https:\/\/esbozodeportivo.com\/index.php\/wp-json\/wp\/v2\/media?parent=9450"}],"wp:term":[{"taxonomy":"category","embeddable":true,"href":"https:\/\/esbozodeportivo.com\/index.php\/wp-json\/wp\/v2\/categories?post=9450"},{"taxonomy":"post_tag","embeddable":true,"href":"https:\/\/esbozodeportivo.com\/index.php\/wp-json\/wp\/v2\/tags?post=9450"}],"curies":[{"name":"wp","href":"https:\/\/api.w.org\/{rel}","templated":true}]}}