{"id":9476,"date":"2025-09-05T23:29:20","date_gmt":"2025-09-06T05:29:20","guid":{"rendered":"https:\/\/esbozodeportivo.com\/?p=9476"},"modified":"2025-09-05T23:29:22","modified_gmt":"2025-09-06T05:29:22","slug":"sabastiani-leon-conquista-en-dinard-francia-su-undecima-corona-de-dobles","status":"publish","type":"post","link":"https:\/\/esbozodeportivo.com\/index.php\/2025\/09\/05\/sabastiani-leon-conquista-en-dinard-francia-su-undecima-corona-de-dobles\/","title":{"rendered":"Sabastiani Le\u00f3n conquista en Dinard, Francia, su und\u00e9cima corona de dobles"},"content":{"rendered":"\n<p>(Foto: Cortes\u00eda) <\/p>\n\n\n\n<ul class=\"wp-block-list\">\n<li><strong>Junto a la neerlandesa Marel Hoedt venci\u00f3 a la dupla francesa de Oceane babel y Helena Stevic; es su tercer t\u00edtulo, en esa modalidad, de la temporada<\/strong><\/li>\n<\/ul>\n\n\n\n<p>La tenista mexicana Sabastiani Le\u00f3n sigue con buena racha y conquist\u00f3 su und\u00e9cima corona de dobles en el circuito de la ITF (Federaci\u00f3n Internacional de Tenis), luego que, haciendo pareja con la neerlandesa Merel Hoedt, como primeras en la siembra, vencieron por 6-3, 5-7, 10-3 a la dupla de las francesas Oceane Babel y Helena Stevic, en la final del W15 de Dinard, Francia.<\/p>\n\n\n\n<p>Es la tercera corona de dobles para la tenista de ensenada en la temporada 2025 y la und\u00e9cima de su carrera. Para llevarse el t\u00edtulo, junto a Hoedt, Sabastiani avanz\u00f3 \u201cbye\u201d la primera ronda del torneo; en cuartos de final dio cuenta por 6-4, 6-3 de la dupla belga integrada por Lisa Claeys y Valentine Coussens; en semifinales, se impuso 7-5, 6-4 a las terceras sembradas, la francesa Leire De Ezcurra y la suiza Josephine Kunz y en la final venci\u00f3 6-3, 5-7, 10-3 a Babel y Stevic<\/p>\n\n\n\n<p>Este a\u00f1o, Sabastiani Le\u00f3n se adjudic\u00f3 dos coronas en sendos W15 que se realizaron en Huamantla, Tlaxcala, ambos junto a la rusa Mar\u00eda Sholokova. La primera fue del 21 al 27 de julio cuando vencieron en la final 6-2, 6-2 a las mexicanas Jessica Hinojosa y Mar\u00eda Fernanda Navarro; la segunda fue del 28 de julio al 03 de agosto, cuando superaron en la final por 7-6 (2), 6-0 a la dupla de la mexicana Amanda Carolina Nava y la estadounidense Kyle McPhillips.<\/p>\n\n\n\n<p>Sabastiani tiene, adem\u00e1s, una final en el W15 de Montreal de marzo pasado, donde junto a la estadounidense Sara Daavettila cayeron ante la local Raphaelle Lacasse y la estadounidense Christina McHale por 5-7, 1-6.<\/p>\n\n\n\n<p>La tenista mexicana tiene tres t\u00edtulos de dobles ITF en 2019, dos en Tacarigua, Trinidad y Tobago y uno en Metepec, Estado de M\u00e9xico. En 2021 se coron\u00f3 en el W15 de Piracicaba, Brasil, donde repiti\u00f3 corona en el 2022. En 2023 se qued\u00f3 con el cetro de dobles en Recife, Brasil. En 2024 conquist\u00f3 dos t\u00edtulos, uno en Huamantla, Tlaxcala y otro en Joinville, Brasil. En 2025 son ya tres t\u00edtulos, dos en Huamantla y el que acaba de conseguir en Dinard, Francia.<\/p>\n\n\n\n<p>Sabastiani Le\u00f3n participar\u00e1 la pr\u00f3xima semana, del 8 al 14 de septiembre, en el W15 de Dijon, en el pa\u00eds galo, con la esperanza de seguir cosechando \u00e9xitos. \u00a1Enhorabuena!<\/p>\n\n\n\n<p><\/p>\n","protected":false},"excerpt":{"rendered":"<p>(Foto: Cortes\u00eda) La tenista mexicana Sabastiani Le\u00f3n sigue con buena racha y conquist\u00f3 su und\u00e9cima<\/p>\n","protected":false},"author":4,"featured_media":9477,"comment_status":"closed","ping_status":"open","sticky":false,"template":"","format":"standard","meta":{"_jetpack_memberships_contains_paid_content":false,"footnotes":""},"categories":[68],"tags":[],"class_list":["post-9476","post","type-post","status-publish","format-standard","has-post-thumbnail","hentry","category-tenis-2"],"yoast_head":"<!-- This site is optimized with the Yoast SEO plugin v25.7 - https:\/\/yoast.com\/wordpress\/plugins\/seo\/ -->\n<title>Sabastiani Le\u00f3n conquista en Dinard, Francia, su und\u00e9cima corona de dobles - Esbozo Deportivo<\/title>\n<meta name=\"description\" content=\"La tenista mexicana Sabastiani Le\u00f3n sigue con buena racha y conquist\u00f3 su und\u00e9cima corona de dobles en el circuito de la ITF (Federaci\u00f3n Internacional de Tenis), luego que, haciendo pareja con la neerlandesa Merel Hoedt, como primeras en la siembra, vencieron por 6-3, 5-7, 10-3 a la dupla de las francesas Oceane Babel y Helena Stevic, en la final del W15 de Dinard, Francia.\" \/>\n<meta name=\"robots\" content=\"index, follow, max-snippet:-1, max-image-preview:large, max-video-preview:-1\" \/>\n<link rel=\"canonical\" href=\"https:\/\/esbozodeportivo.com\/index.php\/2025\/09\/05\/sabastiani-leon-conquista-en-dinard-francia-su-undecima-corona-de-dobles\/\" \/>\n<meta property=\"og:locale\" content=\"es_MX\" \/>\n<meta property=\"og:type\" content=\"article\" \/>\n<meta property=\"og:title\" content=\"Sabastiani Le\u00f3n conquista en Dinard, Francia, su und\u00e9cima corona de dobles - Esbozo Deportivo\" \/>\n<meta property=\"og:description\" content=\"La tenista mexicana Sabastiani Le\u00f3n sigue con buena racha y conquist\u00f3 su und\u00e9cima corona de dobles en el circuito de la ITF (Federaci\u00f3n Internacional de Tenis), luego que, haciendo pareja con la neerlandesa Merel Hoedt, como primeras en la siembra, vencieron por 6-3, 5-7, 10-3 a la dupla de las francesas Oceane Babel y Helena Stevic, en la final del W15 de Dinard, Francia.\" \/>\n<meta property=\"og:url\" content=\"https:\/\/esbozodeportivo.com\/index.php\/2025\/09\/05\/sabastiani-leon-conquista-en-dinard-francia-su-undecima-corona-de-dobles\/\" \/>\n<meta property=\"og:site_name\" content=\"Esbozo Deportivo\" \/>\n<meta property=\"article:published_time\" content=\"2025-09-06T05:29:20+00:00\" \/>\n<meta property=\"article:modified_time\" content=\"2025-09-06T05:29:22+00:00\" \/>\n<meta property=\"og:image\" content=\"https:\/\/esbozodeportivo.com\/wp-content\/uploads\/2025\/09\/Tenis-Mujeres.jpg\" \/>\n\t<meta property=\"og:image:width\" content=\"739\" \/>\n\t<meta property=\"og:image:height\" content=\"571\" \/>\n\t<meta property=\"og:image:type\" content=\"image\/jpeg\" \/>\n<meta name=\"author\" content=\"Redacci\u00f3n\" \/>\n<meta name=\"twitter:card\" content=\"summary_large_image\" \/>\n<meta name=\"twitter:label1\" content=\"Escrito por\" \/>\n\t<meta name=\"twitter:data1\" content=\"Redacci\u00f3n\" \/>\n\t<meta name=\"twitter:label2\" content=\"Tiempo de lectura\" \/>\n\t<meta name=\"twitter:data2\" content=\"3 minutos\" \/>\n<script type=\"application\/ld+json\" class=\"yoast-schema-graph\">{\"@context\":\"https:\/\/schema.org\",\"@graph\":[{\"@type\":\"Article\",\"@id\":\"https:\/\/esbozodeportivo.com\/index.php\/2025\/09\/05\/sabastiani-leon-conquista-en-dinard-francia-su-undecima-corona-de-dobles\/#article\",\"isPartOf\":{\"@id\":\"https:\/\/esbozodeportivo.com\/index.php\/2025\/09\/05\/sabastiani-leon-conquista-en-dinard-francia-su-undecima-corona-de-dobles\/\"},\"author\":{\"name\":\"Redacci\u00f3n\",\"@id\":\"https:\/\/esbozodeportivo.com\/#\/schema\/person\/0f6df9196dfe6740dd0bb31bae50d374\"},\"headline\":\"Sabastiani Le\u00f3n conquista en Dinard, Francia, su und\u00e9cima corona de dobles\",\"datePublished\":\"2025-09-06T05:29:20+00:00\",\"dateModified\":\"2025-09-06T05:29:22+00:00\",\"mainEntityOfPage\":{\"@id\":\"https:\/\/esbozodeportivo.com\/index.php\/2025\/09\/05\/sabastiani-leon-conquista-en-dinard-francia-su-undecima-corona-de-dobles\/\"},\"wordCount\":429,\"publisher\":{\"@id\":\"https:\/\/esbozodeportivo.com\/#organization\"},\"image\":{\"@id\":\"https:\/\/esbozodeportivo.com\/index.php\/2025\/09\/05\/sabastiani-leon-conquista-en-dinard-francia-su-undecima-corona-de-dobles\/#primaryimage\"},\"thumbnailUrl\":\"https:\/\/esbozodeportivo.com\/wp-content\/uploads\/2025\/09\/Tenis-Mujeres.jpg\",\"articleSection\":[\"Tenis\"],\"inLanguage\":\"es\"},{\"@type\":\"WebPage\",\"@id\":\"https:\/\/esbozodeportivo.com\/index.php\/2025\/09\/05\/sabastiani-leon-conquista-en-dinard-francia-su-undecima-corona-de-dobles\/\",\"url\":\"https:\/\/esbozodeportivo.com\/index.php\/2025\/09\/05\/sabastiani-leon-conquista-en-dinard-francia-su-undecima-corona-de-dobles\/\",\"name\":\"Sabastiani Le\u00f3n conquista en Dinard, Francia, su und\u00e9cima corona de dobles - Esbozo Deportivo\",\"isPartOf\":{\"@id\":\"https:\/\/esbozodeportivo.com\/#website\"},\"primaryImageOfPage\":{\"@id\":\"https:\/\/esbozodeportivo.com\/index.php\/2025\/09\/05\/sabastiani-leon-conquista-en-dinard-francia-su-undecima-corona-de-dobles\/#primaryimage\"},\"image\":{\"@id\":\"https:\/\/esbozodeportivo.com\/index.php\/2025\/09\/05\/sabastiani-leon-conquista-en-dinard-francia-su-undecima-corona-de-dobles\/#primaryimage\"},\"thumbnailUrl\":\"https:\/\/esbozodeportivo.com\/wp-content\/uploads\/2025\/09\/Tenis-Mujeres.jpg\",\"datePublished\":\"2025-09-06T05:29:20+00:00\",\"dateModified\":\"2025-09-06T05:29:22+00:00\",\"description\":\"La tenista mexicana Sabastiani Le\u00f3n sigue con buena racha y conquist\u00f3 su und\u00e9cima corona de dobles en el circuito de la ITF (Federaci\u00f3n Internacional de Tenis), luego que, haciendo pareja con la neerlandesa Merel Hoedt, como primeras en la siembra, vencieron por 6-3, 5-7, 10-3 a la dupla de las francesas Oceane Babel y Helena Stevic, en la final del W15 de Dinard, Francia.\",\"breadcrumb\":{\"@id\":\"https:\/\/esbozodeportivo.com\/index.php\/2025\/09\/05\/sabastiani-leon-conquista-en-dinard-francia-su-undecima-corona-de-dobles\/#breadcrumb\"},\"inLanguage\":\"es\",\"potentialAction\":[{\"@type\":\"ReadAction\",\"target\":[\"https:\/\/esbozodeportivo.com\/index.php\/2025\/09\/05\/sabastiani-leon-conquista-en-dinard-francia-su-undecima-corona-de-dobles\/\"]}]},{\"@type\":\"ImageObject\",\"inLanguage\":\"es\",\"@id\":\"https:\/\/esbozodeportivo.com\/index.php\/2025\/09\/05\/sabastiani-leon-conquista-en-dinard-francia-su-undecima-corona-de-dobles\/#primaryimage\",\"url\":\"https:\/\/esbozodeportivo.com\/wp-content\/uploads\/2025\/09\/Tenis-Mujeres.jpg\",\"contentUrl\":\"https:\/\/esbozodeportivo.com\/wp-content\/uploads\/2025\/09\/Tenis-Mujeres.jpg\",\"width\":739,\"height\":571},{\"@type\":\"BreadcrumbList\",\"@id\":\"https:\/\/esbozodeportivo.com\/index.php\/2025\/09\/05\/sabastiani-leon-conquista-en-dinard-francia-su-undecima-corona-de-dobles\/#breadcrumb\",\"itemListElement\":[{\"@type\":\"ListItem\",\"position\":1,\"name\":\"Inicio\",\"item\":\"https:\/\/esbozodeportivo.com\/\"},{\"@type\":\"ListItem\",\"position\":2,\"name\":\"Sabastiani Le\u00f3n conquista en Dinard, Francia, su und\u00e9cima corona de dobles\"}]},{\"@type\":\"WebSite\",\"@id\":\"https:\/\/esbozodeportivo.com\/#website\",\"url\":\"https:\/\/esbozodeportivo.com\/\",\"name\":\"Esbozo Deportivo\",\"description\":\"Lo m\u00e1s importante del Deporte\",\"publisher\":{\"@id\":\"https:\/\/esbozodeportivo.com\/#organization\"},\"potentialAction\":[{\"@type\":\"SearchAction\",\"target\":{\"@type\":\"EntryPoint\",\"urlTemplate\":\"https:\/\/esbozodeportivo.com\/?s={search_term_string}\"},\"query-input\":{\"@type\":\"PropertyValueSpecification\",\"valueRequired\":true,\"valueName\":\"search_term_string\"}}],\"inLanguage\":\"es\"},{\"@type\":\"Organization\",\"@id\":\"https:\/\/esbozodeportivo.com\/#organization\",\"name\":\"Esbozo Deportivo\",\"url\":\"https:\/\/esbozodeportivo.com\/\",\"logo\":{\"@type\":\"ImageObject\",\"inLanguage\":\"es\",\"@id\":\"https:\/\/esbozodeportivo.com\/#\/schema\/logo\/image\/\",\"url\":\"https:\/\/esbozodeportivo.com\/wp-content\/uploads\/2022\/08\/cropped-Logo-Esbozo-Web-2.png\",\"contentUrl\":\"https:\/\/esbozodeportivo.com\/wp-content\/uploads\/2022\/08\/cropped-Logo-Esbozo-Web-2.png\",\"width\":180,\"height\":50,\"caption\":\"Esbozo Deportivo\"},\"image\":{\"@id\":\"https:\/\/esbozodeportivo.com\/#\/schema\/logo\/image\/\"}},{\"@type\":\"Person\",\"@id\":\"https:\/\/esbozodeportivo.com\/#\/schema\/person\/0f6df9196dfe6740dd0bb31bae50d374\",\"name\":\"Redacci\u00f3n\",\"image\":{\"@type\":\"ImageObject\",\"inLanguage\":\"es\",\"@id\":\"https:\/\/esbozodeportivo.com\/#\/schema\/person\/image\/\",\"url\":\"https:\/\/secure.gravatar.com\/avatar\/f55268a89c3b418f2ef172ff52ab0d09b3e653c58de29539fe329fb93d78ebf3?s=96&d=mm&r=g\",\"contentUrl\":\"https:\/\/secure.gravatar.com\/avatar\/f55268a89c3b418f2ef172ff52ab0d09b3e653c58de29539fe329fb93d78ebf3?s=96&d=mm&r=g\",\"caption\":\"Redacci\u00f3n\"},\"url\":\"https:\/\/esbozodeportivo.com\/index.php\/author\/redaccion\/\"}]}<\/script>\n<!-- \/ Yoast SEO plugin. -->","yoast_head_json":{"title":"Sabastiani Le\u00f3n conquista en Dinard, Francia, su und\u00e9cima corona de dobles - Esbozo Deportivo","description":"La tenista mexicana Sabastiani Le\u00f3n sigue con buena racha y conquist\u00f3 su und\u00e9cima corona de dobles en el circuito de la ITF (Federaci\u00f3n Internacional de Tenis), luego que, haciendo pareja con la neerlandesa Merel Hoedt, como primeras en la siembra, vencieron por 6-3, 5-7, 10-3 a la dupla de las francesas Oceane Babel y Helena Stevic, en la final del W15 de Dinard, Francia.","robots":{"index":"index","follow":"follow","max-snippet":"max-snippet:-1","max-image-preview":"max-image-preview:large","max-video-preview":"max-video-preview:-1"},"canonical":"https:\/\/esbozodeportivo.com\/index.php\/2025\/09\/05\/sabastiani-leon-conquista-en-dinard-francia-su-undecima-corona-de-dobles\/","og_locale":"es_MX","og_type":"article","og_title":"Sabastiani Le\u00f3n conquista en Dinard, Francia, su und\u00e9cima corona de dobles - Esbozo Deportivo","og_description":"La tenista mexicana Sabastiani Le\u00f3n sigue con buena racha y conquist\u00f3 su und\u00e9cima corona de dobles en el circuito de la ITF (Federaci\u00f3n Internacional de Tenis), luego que, haciendo pareja con la neerlandesa Merel Hoedt, como primeras en la siembra, vencieron por 6-3, 5-7, 10-3 a la dupla de las francesas Oceane Babel y Helena Stevic, en la final del W15 de Dinard, Francia.","og_url":"https:\/\/esbozodeportivo.com\/index.php\/2025\/09\/05\/sabastiani-leon-conquista-en-dinard-francia-su-undecima-corona-de-dobles\/","og_site_name":"Esbozo Deportivo","article_published_time":"2025-09-06T05:29:20+00:00","article_modified_time":"2025-09-06T05:29:22+00:00","og_image":[{"width":739,"height":571,"url":"https:\/\/esbozodeportivo.com\/wp-content\/uploads\/2025\/09\/Tenis-Mujeres.jpg","type":"image\/jpeg"}],"author":"Redacci\u00f3n","twitter_card":"summary_large_image","twitter_misc":{"Escrito por":"Redacci\u00f3n","Tiempo de lectura":"3 minutos"},"schema":{"@context":"https:\/\/schema.org","@graph":[{"@type":"Article","@id":"https:\/\/esbozodeportivo.com\/index.php\/2025\/09\/05\/sabastiani-leon-conquista-en-dinard-francia-su-undecima-corona-de-dobles\/#article","isPartOf":{"@id":"https:\/\/esbozodeportivo.com\/index.php\/2025\/09\/05\/sabastiani-leon-conquista-en-dinard-francia-su-undecima-corona-de-dobles\/"},"author":{"name":"Redacci\u00f3n","@id":"https:\/\/esbozodeportivo.com\/#\/schema\/person\/0f6df9196dfe6740dd0bb31bae50d374"},"headline":"Sabastiani Le\u00f3n conquista en Dinard, Francia, su und\u00e9cima corona de dobles","datePublished":"2025-09-06T05:29:20+00:00","dateModified":"2025-09-06T05:29:22+00:00","mainEntityOfPage":{"@id":"https:\/\/esbozodeportivo.com\/index.php\/2025\/09\/05\/sabastiani-leon-conquista-en-dinard-francia-su-undecima-corona-de-dobles\/"},"wordCount":429,"publisher":{"@id":"https:\/\/esbozodeportivo.com\/#organization"},"image":{"@id":"https:\/\/esbozodeportivo.com\/index.php\/2025\/09\/05\/sabastiani-leon-conquista-en-dinard-francia-su-undecima-corona-de-dobles\/#primaryimage"},"thumbnailUrl":"https:\/\/esbozodeportivo.com\/wp-content\/uploads\/2025\/09\/Tenis-Mujeres.jpg","articleSection":["Tenis"],"inLanguage":"es"},{"@type":"WebPage","@id":"https:\/\/esbozodeportivo.com\/index.php\/2025\/09\/05\/sabastiani-leon-conquista-en-dinard-francia-su-undecima-corona-de-dobles\/","url":"https:\/\/esbozodeportivo.com\/index.php\/2025\/09\/05\/sabastiani-leon-conquista-en-dinard-francia-su-undecima-corona-de-dobles\/","name":"Sabastiani Le\u00f3n conquista en Dinard, Francia, su und\u00e9cima corona de dobles - Esbozo Deportivo","isPartOf":{"@id":"https:\/\/esbozodeportivo.com\/#website"},"primaryImageOfPage":{"@id":"https:\/\/esbozodeportivo.com\/index.php\/2025\/09\/05\/sabastiani-leon-conquista-en-dinard-francia-su-undecima-corona-de-dobles\/#primaryimage"},"image":{"@id":"https:\/\/esbozodeportivo.com\/index.php\/2025\/09\/05\/sabastiani-leon-conquista-en-dinard-francia-su-undecima-corona-de-dobles\/#primaryimage"},"thumbnailUrl":"https:\/\/esbozodeportivo.com\/wp-content\/uploads\/2025\/09\/Tenis-Mujeres.jpg","datePublished":"2025-09-06T05:29:20+00:00","dateModified":"2025-09-06T05:29:22+00:00","description":"La tenista mexicana Sabastiani Le\u00f3n sigue con buena racha y conquist\u00f3 su und\u00e9cima corona de dobles en el circuito de la ITF (Federaci\u00f3n Internacional de Tenis), luego que, haciendo pareja con la neerlandesa Merel Hoedt, como primeras en la siembra, vencieron por 6-3, 5-7, 10-3 a la dupla de las francesas Oceane Babel y Helena Stevic, en la final del W15 de Dinard, Francia.","breadcrumb":{"@id":"https:\/\/esbozodeportivo.com\/index.php\/2025\/09\/05\/sabastiani-leon-conquista-en-dinard-francia-su-undecima-corona-de-dobles\/#breadcrumb"},"inLanguage":"es","potentialAction":[{"@type":"ReadAction","target":["https:\/\/esbozodeportivo.com\/index.php\/2025\/09\/05\/sabastiani-leon-conquista-en-dinard-francia-su-undecima-corona-de-dobles\/"]}]},{"@type":"ImageObject","inLanguage":"es","@id":"https:\/\/esbozodeportivo.com\/index.php\/2025\/09\/05\/sabastiani-leon-conquista-en-dinard-francia-su-undecima-corona-de-dobles\/#primaryimage","url":"https:\/\/esbozodeportivo.com\/wp-content\/uploads\/2025\/09\/Tenis-Mujeres.jpg","contentUrl":"https:\/\/esbozodeportivo.com\/wp-content\/uploads\/2025\/09\/Tenis-Mujeres.jpg","width":739,"height":571},{"@type":"BreadcrumbList","@id":"https:\/\/esbozodeportivo.com\/index.php\/2025\/09\/05\/sabastiani-leon-conquista-en-dinard-francia-su-undecima-corona-de-dobles\/#breadcrumb","itemListElement":[{"@type":"ListItem","position":1,"name":"Inicio","item":"https:\/\/esbozodeportivo.com\/"},{"@type":"ListItem","position":2,"name":"Sabastiani Le\u00f3n conquista en Dinard, Francia, su und\u00e9cima corona de dobles"}]},{"@type":"WebSite","@id":"https:\/\/esbozodeportivo.com\/#website","url":"https:\/\/esbozodeportivo.com\/","name":"Esbozo Deportivo","description":"Lo m\u00e1s importante del Deporte","publisher":{"@id":"https:\/\/esbozodeportivo.com\/#organization"},"potentialAction":[{"@type":"SearchAction","target":{"@type":"EntryPoint","urlTemplate":"https:\/\/esbozodeportivo.com\/?s={search_term_string}"},"query-input":{"@type":"PropertyValueSpecification","valueRequired":true,"valueName":"search_term_string"}}],"inLanguage":"es"},{"@type":"Organization","@id":"https:\/\/esbozodeportivo.com\/#organization","name":"Esbozo Deportivo","url":"https:\/\/esbozodeportivo.com\/","logo":{"@type":"ImageObject","inLanguage":"es","@id":"https:\/\/esbozodeportivo.com\/#\/schema\/logo\/image\/","url":"https:\/\/esbozodeportivo.com\/wp-content\/uploads\/2022\/08\/cropped-Logo-Esbozo-Web-2.png","contentUrl":"https:\/\/esbozodeportivo.com\/wp-content\/uploads\/2022\/08\/cropped-Logo-Esbozo-Web-2.png","width":180,"height":50,"caption":"Esbozo Deportivo"},"image":{"@id":"https:\/\/esbozodeportivo.com\/#\/schema\/logo\/image\/"}},{"@type":"Person","@id":"https:\/\/esbozodeportivo.com\/#\/schema\/person\/0f6df9196dfe6740dd0bb31bae50d374","name":"Redacci\u00f3n","image":{"@type":"ImageObject","inLanguage":"es","@id":"https:\/\/esbozodeportivo.com\/#\/schema\/person\/image\/","url":"https:\/\/secure.gravatar.com\/avatar\/f55268a89c3b418f2ef172ff52ab0d09b3e653c58de29539fe329fb93d78ebf3?s=96&d=mm&r=g","contentUrl":"https:\/\/secure.gravatar.com\/avatar\/f55268a89c3b418f2ef172ff52ab0d09b3e653c58de29539fe329fb93d78ebf3?s=96&d=mm&r=g","caption":"Redacci\u00f3n"},"url":"https:\/\/esbozodeportivo.com\/index.php\/author\/redaccion\/"}]}},"jetpack_featured_media_url":"https:\/\/esbozodeportivo.com\/wp-content\/uploads\/2025\/09\/Tenis-Mujeres.jpg","jetpack_sharing_enabled":true,"_links":{"self":[{"href":"https:\/\/esbozodeportivo.com\/index.php\/wp-json\/wp\/v2\/posts\/9476","targetHints":{"allow":["GET"]}}],"collection":[{"href":"https:\/\/esbozodeportivo.com\/index.php\/wp-json\/wp\/v2\/posts"}],"about":[{"href":"https:\/\/esbozodeportivo.com\/index.php\/wp-json\/wp\/v2\/types\/post"}],"author":[{"embeddable":true,"href":"https:\/\/esbozodeportivo.com\/index.php\/wp-json\/wp\/v2\/users\/4"}],"replies":[{"embeddable":true,"href":"https:\/\/esbozodeportivo.com\/index.php\/wp-json\/wp\/v2\/comments?post=9476"}],"version-history":[{"count":1,"href":"https:\/\/esbozodeportivo.com\/index.php\/wp-json\/wp\/v2\/posts\/9476\/revisions"}],"predecessor-version":[{"id":9478,"href":"https:\/\/esbozodeportivo.com\/index.php\/wp-json\/wp\/v2\/posts\/9476\/revisions\/9478"}],"wp:featuredmedia":[{"embeddable":true,"href":"https:\/\/esbozodeportivo.com\/index.php\/wp-json\/wp\/v2\/media\/9477"}],"wp:attachment":[{"href":"https:\/\/esbozodeportivo.com\/index.php\/wp-json\/wp\/v2\/media?parent=9476"}],"wp:term":[{"taxonomy":"category","embeddable":true,"href":"https:\/\/esbozodeportivo.com\/index.php\/wp-json\/wp\/v2\/categories?post=9476"},{"taxonomy":"post_tag","embeddable":true,"href":"https:\/\/esbozodeportivo.com\/index.php\/wp-json\/wp\/v2\/tags?post=9476"}],"curies":[{"name":"wp","href":"https:\/\/api.w.org\/{rel}","templated":true}]}}