{"id":9503,"date":"2025-09-07T23:44:34","date_gmt":"2025-09-08T05:44:34","guid":{"rendered":"https:\/\/esbozodeportivo.com\/?p=9503"},"modified":"2025-09-07T23:44:35","modified_gmt":"2025-09-08T05:44:35","slug":"vingegaard-sigue-en-el-liderato-en-la-vuelta-a-espana","status":"publish","type":"post","link":"https:\/\/esbozodeportivo.com\/index.php\/2025\/09\/07\/vingegaard-sigue-en-el-liderato-en-la-vuelta-a-espana\/","title":{"rendered":"Vingegaard sigue en el liderato en la Vuelta a Espa\u00f1a"},"content":{"rendered":"\n<p>(Foto: Agencias) <\/p>\n\n\n\n<p>Un hombre que portaba una bandera de Palestina caus\u00f3 un accidente en la 15ta etapa de la Vuelta a Espa\u00f1a el domingo cuando corri\u00f3 hacia la carretera mientras los ciclistas se acercaban, en la \u00faltima interrupci\u00f3n de la carrera del Grand Tour por parte de manifestantes.<\/p>\n\n\n\n<p>Mads Pedersen gan\u00f3 la etapa, mientras que Jonas Vingegaard mantuvo el liderazgo general al entrar en la \u00faltima semana de la carrera.<\/p>\n\n\n\n<p>Javi Romo y Edward Planckaert cayeron momentos despu\u00e9s de que un hombre con la bandera se acercara. Romo se estrell\u00f3 justo despu\u00e9s de mirar hacia atr\u00e1s al manifestante. Planckaert, del equipo Alpecin-Deceuninck, cay\u00f3 al intentar evitar a Romo.<\/p>\n\n\n\n<p>Los pantalones de Romo, del equipo Movistar, quedaron rasgados y tuvo que detenerse por unos momentos antes de poder reincorporarse a la carrera. Planckaert volvi\u00f3 a subirse a su bicicleta y continu\u00f3.<\/p>\n\n\n\n<p>El manifestante, que fue detenido, tropez\u00f3 y no lleg\u00f3 del todo a la carretera. Aparentemente, se estaba escondiendo de la seguridad mientras los ciclistas se acercaban a 55 kil\u00f3metros de la meta en la etapa de 168 kil\u00f3metros (104 millas). Un oficial de polic\u00eda tambi\u00e9n cruz\u00f3 la carretera frente a los ciclistas despu\u00e9s de ver al manifestante correr por el otro lado.<\/p>\n\n\n\n<p>Durante la Vuelta a Espa\u00f1a se han registrado varias interrupciones por parte de manifestantes pro-Palestina. El equipo Israel Premier Tech comenz\u00f3 la etapa del s\u00e1bado vistiendo nuevos uniformes sin el nombre del equipo, aparentemente para reducir la visibilidad de sus ciclistas.<\/p>\n\n\n\n<p>El peri\u00f3dico espa\u00f1ol El Pa\u00eds dijo que hackers tomaron el control de las comunicaciones de radio de la carrera durante la etapa del s\u00e1bado y transmitieron mensajes pro Palestina.<\/p>\n\n\n\n<p>Fue la 11er victoria de etapa en un Grand Tour para el ciclista de Lidl-Trek Pedersen, y la cuarta en la Vuelta.<\/p>\n\n\n\n<p>\u201cDebo decir que hace la victoria a\u00fan m\u00e1s dulce, la forma en que el equipo corri\u00f3 hoy\u201d, dijo Pedersen. \u201cLos chicos trabajaron tan duro para hacerlo posible. Al final, hace que sea a\u00fan m\u00e1s agradable ganar. Todos conoc\u00edan nuestro plan, todos nos miraban, y aun as\u00ed lo logramos. Absolutamente incre\u00edble.\u201d<\/p>\n\n\n\n<p>El lunes es un d\u00eda de descanso.<\/p>\n\n\n\n<p><\/p>\n","protected":false},"excerpt":{"rendered":"<p>(Foto: Agencias) Un hombre que portaba una bandera de Palestina caus\u00f3 un accidente en la<\/p>\n","protected":false},"author":4,"featured_media":9494,"comment_status":"closed","ping_status":"open","sticky":false,"template":"","format":"standard","meta":{"_jetpack_memberships_contains_paid_content":false,"footnotes":""},"categories":[10],"tags":[],"class_list":["post-9503","post","type-post","status-publish","format-standard","has-post-thumbnail","hentry","category-ciclismo"],"yoast_head":"<!-- This site is optimized with the Yoast SEO plugin v25.7 - https:\/\/yoast.com\/wordpress\/plugins\/seo\/ -->\n<title>Vingegaard sigue en el liderato en la Vuelta a Espa\u00f1a - Esbozo Deportivo<\/title>\n<meta name=\"description\" content=\"Un hombre que portaba una bandera de Palestina caus\u00f3 un accidente en la 15ta etapa de la Vuelta a Espa\u00f1a el domingo cuando corri\u00f3 hacia la carretera mientras los ciclistas se acercaban, en la \u00faltima interrupci\u00f3n de la carrera del Grand Tour por parte de manifestantes.\" \/>\n<meta name=\"robots\" content=\"index, follow, max-snippet:-1, max-image-preview:large, max-video-preview:-1\" \/>\n<link rel=\"canonical\" href=\"https:\/\/esbozodeportivo.com\/index.php\/2025\/09\/07\/vingegaard-sigue-en-el-liderato-en-la-vuelta-a-espana\/\" \/>\n<meta property=\"og:locale\" content=\"es_MX\" \/>\n<meta property=\"og:type\" content=\"article\" \/>\n<meta property=\"og:title\" content=\"Vingegaard sigue en el liderato en la Vuelta a Espa\u00f1a - Esbozo Deportivo\" \/>\n<meta property=\"og:description\" content=\"Un hombre que portaba una bandera de Palestina caus\u00f3 un accidente en la 15ta etapa de la Vuelta a Espa\u00f1a el domingo cuando corri\u00f3 hacia la carretera mientras los ciclistas se acercaban, en la \u00faltima interrupci\u00f3n de la carrera del Grand Tour por parte de manifestantes.\" \/>\n<meta property=\"og:url\" content=\"https:\/\/esbozodeportivo.com\/index.php\/2025\/09\/07\/vingegaard-sigue-en-el-liderato-en-la-vuelta-a-espana\/\" \/>\n<meta property=\"og:site_name\" content=\"Esbozo Deportivo\" \/>\n<meta property=\"article:published_time\" content=\"2025-09-08T05:44:34+00:00\" \/>\n<meta property=\"article:modified_time\" content=\"2025-09-08T05:44:35+00:00\" \/>\n<meta property=\"og:image\" content=\"https:\/\/esbozodeportivo.com\/wp-content\/uploads\/2025\/09\/Ciclismo-3.jpg\" \/>\n\t<meta property=\"og:image:width\" content=\"612\" \/>\n\t<meta property=\"og:image:height\" content=\"408\" \/>\n\t<meta property=\"og:image:type\" content=\"image\/jpeg\" \/>\n<meta name=\"author\" content=\"Redacci\u00f3n\" \/>\n<meta name=\"twitter:card\" content=\"summary_large_image\" \/>\n<meta name=\"twitter:label1\" content=\"Escrito por\" \/>\n\t<meta name=\"twitter:data1\" content=\"Redacci\u00f3n\" \/>\n\t<meta name=\"twitter:label2\" content=\"Tiempo de lectura\" \/>\n\t<meta name=\"twitter:data2\" content=\"2 minutos\" \/>\n<script type=\"application\/ld+json\" class=\"yoast-schema-graph\">{\"@context\":\"https:\/\/schema.org\",\"@graph\":[{\"@type\":\"Article\",\"@id\":\"https:\/\/esbozodeportivo.com\/index.php\/2025\/09\/07\/vingegaard-sigue-en-el-liderato-en-la-vuelta-a-espana\/#article\",\"isPartOf\":{\"@id\":\"https:\/\/esbozodeportivo.com\/index.php\/2025\/09\/07\/vingegaard-sigue-en-el-liderato-en-la-vuelta-a-espana\/\"},\"author\":{\"name\":\"Redacci\u00f3n\",\"@id\":\"https:\/\/esbozodeportivo.com\/#\/schema\/person\/0f6df9196dfe6740dd0bb31bae50d374\"},\"headline\":\"Vingegaard sigue en el liderato en la Vuelta a Espa\u00f1a\",\"datePublished\":\"2025-09-08T05:44:34+00:00\",\"dateModified\":\"2025-09-08T05:44:35+00:00\",\"mainEntityOfPage\":{\"@id\":\"https:\/\/esbozodeportivo.com\/index.php\/2025\/09\/07\/vingegaard-sigue-en-el-liderato-en-la-vuelta-a-espana\/\"},\"wordCount\":382,\"publisher\":{\"@id\":\"https:\/\/esbozodeportivo.com\/#organization\"},\"image\":{\"@id\":\"https:\/\/esbozodeportivo.com\/index.php\/2025\/09\/07\/vingegaard-sigue-en-el-liderato-en-la-vuelta-a-espana\/#primaryimage\"},\"thumbnailUrl\":\"https:\/\/esbozodeportivo.com\/wp-content\/uploads\/2025\/09\/Ciclismo-3.jpg\",\"articleSection\":[\"Ciclismo\"],\"inLanguage\":\"es\"},{\"@type\":\"WebPage\",\"@id\":\"https:\/\/esbozodeportivo.com\/index.php\/2025\/09\/07\/vingegaard-sigue-en-el-liderato-en-la-vuelta-a-espana\/\",\"url\":\"https:\/\/esbozodeportivo.com\/index.php\/2025\/09\/07\/vingegaard-sigue-en-el-liderato-en-la-vuelta-a-espana\/\",\"name\":\"Vingegaard sigue en el liderato en la Vuelta a Espa\u00f1a - Esbozo Deportivo\",\"isPartOf\":{\"@id\":\"https:\/\/esbozodeportivo.com\/#website\"},\"primaryImageOfPage\":{\"@id\":\"https:\/\/esbozodeportivo.com\/index.php\/2025\/09\/07\/vingegaard-sigue-en-el-liderato-en-la-vuelta-a-espana\/#primaryimage\"},\"image\":{\"@id\":\"https:\/\/esbozodeportivo.com\/index.php\/2025\/09\/07\/vingegaard-sigue-en-el-liderato-en-la-vuelta-a-espana\/#primaryimage\"},\"thumbnailUrl\":\"https:\/\/esbozodeportivo.com\/wp-content\/uploads\/2025\/09\/Ciclismo-3.jpg\",\"datePublished\":\"2025-09-08T05:44:34+00:00\",\"dateModified\":\"2025-09-08T05:44:35+00:00\",\"description\":\"Un hombre que portaba una bandera de Palestina caus\u00f3 un accidente en la 15ta etapa de la Vuelta a Espa\u00f1a el domingo cuando corri\u00f3 hacia la carretera mientras los ciclistas se acercaban, en la \u00faltima interrupci\u00f3n de la carrera del Grand Tour por parte de manifestantes.\",\"breadcrumb\":{\"@id\":\"https:\/\/esbozodeportivo.com\/index.php\/2025\/09\/07\/vingegaard-sigue-en-el-liderato-en-la-vuelta-a-espana\/#breadcrumb\"},\"inLanguage\":\"es\",\"potentialAction\":[{\"@type\":\"ReadAction\",\"target\":[\"https:\/\/esbozodeportivo.com\/index.php\/2025\/09\/07\/vingegaard-sigue-en-el-liderato-en-la-vuelta-a-espana\/\"]}]},{\"@type\":\"ImageObject\",\"inLanguage\":\"es\",\"@id\":\"https:\/\/esbozodeportivo.com\/index.php\/2025\/09\/07\/vingegaard-sigue-en-el-liderato-en-la-vuelta-a-espana\/#primaryimage\",\"url\":\"https:\/\/esbozodeportivo.com\/wp-content\/uploads\/2025\/09\/Ciclismo-3.jpg\",\"contentUrl\":\"https:\/\/esbozodeportivo.com\/wp-content\/uploads\/2025\/09\/Ciclismo-3.jpg\",\"width\":612,\"height\":408},{\"@type\":\"BreadcrumbList\",\"@id\":\"https:\/\/esbozodeportivo.com\/index.php\/2025\/09\/07\/vingegaard-sigue-en-el-liderato-en-la-vuelta-a-espana\/#breadcrumb\",\"itemListElement\":[{\"@type\":\"ListItem\",\"position\":1,\"name\":\"Inicio\",\"item\":\"https:\/\/esbozodeportivo.com\/\"},{\"@type\":\"ListItem\",\"position\":2,\"name\":\"Vingegaard sigue en el liderato en la Vuelta a Espa\u00f1a\"}]},{\"@type\":\"WebSite\",\"@id\":\"https:\/\/esbozodeportivo.com\/#website\",\"url\":\"https:\/\/esbozodeportivo.com\/\",\"name\":\"Esbozo Deportivo\",\"description\":\"Lo m\u00e1s importante del Deporte\",\"publisher\":{\"@id\":\"https:\/\/esbozodeportivo.com\/#organization\"},\"potentialAction\":[{\"@type\":\"SearchAction\",\"target\":{\"@type\":\"EntryPoint\",\"urlTemplate\":\"https:\/\/esbozodeportivo.com\/?s={search_term_string}\"},\"query-input\":{\"@type\":\"PropertyValueSpecification\",\"valueRequired\":true,\"valueName\":\"search_term_string\"}}],\"inLanguage\":\"es\"},{\"@type\":\"Organization\",\"@id\":\"https:\/\/esbozodeportivo.com\/#organization\",\"name\":\"Esbozo Deportivo\",\"url\":\"https:\/\/esbozodeportivo.com\/\",\"logo\":{\"@type\":\"ImageObject\",\"inLanguage\":\"es\",\"@id\":\"https:\/\/esbozodeportivo.com\/#\/schema\/logo\/image\/\",\"url\":\"https:\/\/esbozodeportivo.com\/wp-content\/uploads\/2022\/08\/cropped-Logo-Esbozo-Web-2.png\",\"contentUrl\":\"https:\/\/esbozodeportivo.com\/wp-content\/uploads\/2022\/08\/cropped-Logo-Esbozo-Web-2.png\",\"width\":180,\"height\":50,\"caption\":\"Esbozo Deportivo\"},\"image\":{\"@id\":\"https:\/\/esbozodeportivo.com\/#\/schema\/logo\/image\/\"}},{\"@type\":\"Person\",\"@id\":\"https:\/\/esbozodeportivo.com\/#\/schema\/person\/0f6df9196dfe6740dd0bb31bae50d374\",\"name\":\"Redacci\u00f3n\",\"image\":{\"@type\":\"ImageObject\",\"inLanguage\":\"es\",\"@id\":\"https:\/\/esbozodeportivo.com\/#\/schema\/person\/image\/\",\"url\":\"https:\/\/secure.gravatar.com\/avatar\/f55268a89c3b418f2ef172ff52ab0d09b3e653c58de29539fe329fb93d78ebf3?s=96&d=mm&r=g\",\"contentUrl\":\"https:\/\/secure.gravatar.com\/avatar\/f55268a89c3b418f2ef172ff52ab0d09b3e653c58de29539fe329fb93d78ebf3?s=96&d=mm&r=g\",\"caption\":\"Redacci\u00f3n\"},\"url\":\"https:\/\/esbozodeportivo.com\/index.php\/author\/redaccion\/\"}]}<\/script>\n<!-- \/ Yoast SEO plugin. -->","yoast_head_json":{"title":"Vingegaard sigue en el liderato en la Vuelta a Espa\u00f1a - Esbozo Deportivo","description":"Un hombre que portaba una bandera de Palestina caus\u00f3 un accidente en la 15ta etapa de la Vuelta a Espa\u00f1a el domingo cuando corri\u00f3 hacia la carretera mientras los ciclistas se acercaban, en la \u00faltima interrupci\u00f3n de la carrera del Grand Tour por parte de manifestantes.","robots":{"index":"index","follow":"follow","max-snippet":"max-snippet:-1","max-image-preview":"max-image-preview:large","max-video-preview":"max-video-preview:-1"},"canonical":"https:\/\/esbozodeportivo.com\/index.php\/2025\/09\/07\/vingegaard-sigue-en-el-liderato-en-la-vuelta-a-espana\/","og_locale":"es_MX","og_type":"article","og_title":"Vingegaard sigue en el liderato en la Vuelta a Espa\u00f1a - Esbozo Deportivo","og_description":"Un hombre que portaba una bandera de Palestina caus\u00f3 un accidente en la 15ta etapa de la Vuelta a Espa\u00f1a el domingo cuando corri\u00f3 hacia la carretera mientras los ciclistas se acercaban, en la \u00faltima interrupci\u00f3n de la carrera del Grand Tour por parte de manifestantes.","og_url":"https:\/\/esbozodeportivo.com\/index.php\/2025\/09\/07\/vingegaard-sigue-en-el-liderato-en-la-vuelta-a-espana\/","og_site_name":"Esbozo Deportivo","article_published_time":"2025-09-08T05:44:34+00:00","article_modified_time":"2025-09-08T05:44:35+00:00","og_image":[{"width":612,"height":408,"url":"https:\/\/esbozodeportivo.com\/wp-content\/uploads\/2025\/09\/Ciclismo-3.jpg","type":"image\/jpeg"}],"author":"Redacci\u00f3n","twitter_card":"summary_large_image","twitter_misc":{"Escrito por":"Redacci\u00f3n","Tiempo de lectura":"2 minutos"},"schema":{"@context":"https:\/\/schema.org","@graph":[{"@type":"Article","@id":"https:\/\/esbozodeportivo.com\/index.php\/2025\/09\/07\/vingegaard-sigue-en-el-liderato-en-la-vuelta-a-espana\/#article","isPartOf":{"@id":"https:\/\/esbozodeportivo.com\/index.php\/2025\/09\/07\/vingegaard-sigue-en-el-liderato-en-la-vuelta-a-espana\/"},"author":{"name":"Redacci\u00f3n","@id":"https:\/\/esbozodeportivo.com\/#\/schema\/person\/0f6df9196dfe6740dd0bb31bae50d374"},"headline":"Vingegaard sigue en el liderato en la Vuelta a Espa\u00f1a","datePublished":"2025-09-08T05:44:34+00:00","dateModified":"2025-09-08T05:44:35+00:00","mainEntityOfPage":{"@id":"https:\/\/esbozodeportivo.com\/index.php\/2025\/09\/07\/vingegaard-sigue-en-el-liderato-en-la-vuelta-a-espana\/"},"wordCount":382,"publisher":{"@id":"https:\/\/esbozodeportivo.com\/#organization"},"image":{"@id":"https:\/\/esbozodeportivo.com\/index.php\/2025\/09\/07\/vingegaard-sigue-en-el-liderato-en-la-vuelta-a-espana\/#primaryimage"},"thumbnailUrl":"https:\/\/esbozodeportivo.com\/wp-content\/uploads\/2025\/09\/Ciclismo-3.jpg","articleSection":["Ciclismo"],"inLanguage":"es"},{"@type":"WebPage","@id":"https:\/\/esbozodeportivo.com\/index.php\/2025\/09\/07\/vingegaard-sigue-en-el-liderato-en-la-vuelta-a-espana\/","url":"https:\/\/esbozodeportivo.com\/index.php\/2025\/09\/07\/vingegaard-sigue-en-el-liderato-en-la-vuelta-a-espana\/","name":"Vingegaard sigue en el liderato en la Vuelta a Espa\u00f1a - Esbozo Deportivo","isPartOf":{"@id":"https:\/\/esbozodeportivo.com\/#website"},"primaryImageOfPage":{"@id":"https:\/\/esbozodeportivo.com\/index.php\/2025\/09\/07\/vingegaard-sigue-en-el-liderato-en-la-vuelta-a-espana\/#primaryimage"},"image":{"@id":"https:\/\/esbozodeportivo.com\/index.php\/2025\/09\/07\/vingegaard-sigue-en-el-liderato-en-la-vuelta-a-espana\/#primaryimage"},"thumbnailUrl":"https:\/\/esbozodeportivo.com\/wp-content\/uploads\/2025\/09\/Ciclismo-3.jpg","datePublished":"2025-09-08T05:44:34+00:00","dateModified":"2025-09-08T05:44:35+00:00","description":"Un hombre que portaba una bandera de Palestina caus\u00f3 un accidente en la 15ta etapa de la Vuelta a Espa\u00f1a el domingo cuando corri\u00f3 hacia la carretera mientras los ciclistas se acercaban, en la \u00faltima interrupci\u00f3n de la carrera del Grand Tour por parte de manifestantes.","breadcrumb":{"@id":"https:\/\/esbozodeportivo.com\/index.php\/2025\/09\/07\/vingegaard-sigue-en-el-liderato-en-la-vuelta-a-espana\/#breadcrumb"},"inLanguage":"es","potentialAction":[{"@type":"ReadAction","target":["https:\/\/esbozodeportivo.com\/index.php\/2025\/09\/07\/vingegaard-sigue-en-el-liderato-en-la-vuelta-a-espana\/"]}]},{"@type":"ImageObject","inLanguage":"es","@id":"https:\/\/esbozodeportivo.com\/index.php\/2025\/09\/07\/vingegaard-sigue-en-el-liderato-en-la-vuelta-a-espana\/#primaryimage","url":"https:\/\/esbozodeportivo.com\/wp-content\/uploads\/2025\/09\/Ciclismo-3.jpg","contentUrl":"https:\/\/esbozodeportivo.com\/wp-content\/uploads\/2025\/09\/Ciclismo-3.jpg","width":612,"height":408},{"@type":"BreadcrumbList","@id":"https:\/\/esbozodeportivo.com\/index.php\/2025\/09\/07\/vingegaard-sigue-en-el-liderato-en-la-vuelta-a-espana\/#breadcrumb","itemListElement":[{"@type":"ListItem","position":1,"name":"Inicio","item":"https:\/\/esbozodeportivo.com\/"},{"@type":"ListItem","position":2,"name":"Vingegaard sigue en el liderato en la Vuelta a Espa\u00f1a"}]},{"@type":"WebSite","@id":"https:\/\/esbozodeportivo.com\/#website","url":"https:\/\/esbozodeportivo.com\/","name":"Esbozo Deportivo","description":"Lo m\u00e1s importante del Deporte","publisher":{"@id":"https:\/\/esbozodeportivo.com\/#organization"},"potentialAction":[{"@type":"SearchAction","target":{"@type":"EntryPoint","urlTemplate":"https:\/\/esbozodeportivo.com\/?s={search_term_string}"},"query-input":{"@type":"PropertyValueSpecification","valueRequired":true,"valueName":"search_term_string"}}],"inLanguage":"es"},{"@type":"Organization","@id":"https:\/\/esbozodeportivo.com\/#organization","name":"Esbozo Deportivo","url":"https:\/\/esbozodeportivo.com\/","logo":{"@type":"ImageObject","inLanguage":"es","@id":"https:\/\/esbozodeportivo.com\/#\/schema\/logo\/image\/","url":"https:\/\/esbozodeportivo.com\/wp-content\/uploads\/2022\/08\/cropped-Logo-Esbozo-Web-2.png","contentUrl":"https:\/\/esbozodeportivo.com\/wp-content\/uploads\/2022\/08\/cropped-Logo-Esbozo-Web-2.png","width":180,"height":50,"caption":"Esbozo Deportivo"},"image":{"@id":"https:\/\/esbozodeportivo.com\/#\/schema\/logo\/image\/"}},{"@type":"Person","@id":"https:\/\/esbozodeportivo.com\/#\/schema\/person\/0f6df9196dfe6740dd0bb31bae50d374","name":"Redacci\u00f3n","image":{"@type":"ImageObject","inLanguage":"es","@id":"https:\/\/esbozodeportivo.com\/#\/schema\/person\/image\/","url":"https:\/\/secure.gravatar.com\/avatar\/f55268a89c3b418f2ef172ff52ab0d09b3e653c58de29539fe329fb93d78ebf3?s=96&d=mm&r=g","contentUrl":"https:\/\/secure.gravatar.com\/avatar\/f55268a89c3b418f2ef172ff52ab0d09b3e653c58de29539fe329fb93d78ebf3?s=96&d=mm&r=g","caption":"Redacci\u00f3n"},"url":"https:\/\/esbozodeportivo.com\/index.php\/author\/redaccion\/"}]}},"jetpack_featured_media_url":"https:\/\/esbozodeportivo.com\/wp-content\/uploads\/2025\/09\/Ciclismo-3.jpg","jetpack_sharing_enabled":true,"_links":{"self":[{"href":"https:\/\/esbozodeportivo.com\/index.php\/wp-json\/wp\/v2\/posts\/9503","targetHints":{"allow":["GET"]}}],"collection":[{"href":"https:\/\/esbozodeportivo.com\/index.php\/wp-json\/wp\/v2\/posts"}],"about":[{"href":"https:\/\/esbozodeportivo.com\/index.php\/wp-json\/wp\/v2\/types\/post"}],"author":[{"embeddable":true,"href":"https:\/\/esbozodeportivo.com\/index.php\/wp-json\/wp\/v2\/users\/4"}],"replies":[{"embeddable":true,"href":"https:\/\/esbozodeportivo.com\/index.php\/wp-json\/wp\/v2\/comments?post=9503"}],"version-history":[{"count":1,"href":"https:\/\/esbozodeportivo.com\/index.php\/wp-json\/wp\/v2\/posts\/9503\/revisions"}],"predecessor-version":[{"id":9504,"href":"https:\/\/esbozodeportivo.com\/index.php\/wp-json\/wp\/v2\/posts\/9503\/revisions\/9504"}],"wp:featuredmedia":[{"embeddable":true,"href":"https:\/\/esbozodeportivo.com\/index.php\/wp-json\/wp\/v2\/media\/9494"}],"wp:attachment":[{"href":"https:\/\/esbozodeportivo.com\/index.php\/wp-json\/wp\/v2\/media?parent=9503"}],"wp:term":[{"taxonomy":"category","embeddable":true,"href":"https:\/\/esbozodeportivo.com\/index.php\/wp-json\/wp\/v2\/categories?post=9503"},{"taxonomy":"post_tag","embeddable":true,"href":"https:\/\/esbozodeportivo.com\/index.php\/wp-json\/wp\/v2\/tags?post=9503"}],"curies":[{"name":"wp","href":"https:\/\/api.w.org\/{rel}","templated":true}]}}