{"id":952,"date":"2023-01-26T03:28:03","date_gmt":"2023-01-26T03:28:03","guid":{"rendered":"https:\/\/esbozodeportivo.com\/?p=952"},"modified":"2023-01-26T03:33:00","modified_gmt":"2023-01-26T03:33:00","slug":"nayarit-sede-del-pro-tour-mundial-de-voleibol-de-playa-2023","status":"publish","type":"post","link":"https:\/\/esbozodeportivo.com\/index.php\/2023\/01\/26\/nayarit-sede-del-pro-tour-mundial-de-voleibol-de-playa-2023\/","title":{"rendered":"Nayarit, sede del Pro Tour Mundial de Voleibol de Playa 2023"},"content":{"rendered":"<style>\/*! elementor - v3.10.1 - 17-01-2023 *\/\n.elementor-widget-image{text-align:center}.elementor-widget-image a{display:inline-block}.elementor-widget-image a img[src$=\".svg\"]{width:48px}.elementor-widget-image img{vertical-align:middle;display:inline-block}<\/style>\n<p>\t\t\t\t\t\t\t\t\t\t\t\t<img decoding=\"async\" width=\"640\" height=\"426\" src=\"https:\/\/esbozodeportivo.com\/wp-content\/uploads\/2023\/01\/Ana-Guevara-1024x682.jpg\" alt=\"\" loading=\"lazy\" srcset=\"https:\/\/esbozodeportivo.com\/wp-content\/uploads\/2023\/01\/Ana-Guevara-1024x682.jpg 1024w, https:\/\/esbozodeportivo.com\/wp-content\/uploads\/2023\/01\/Ana-Guevara-300x200.jpg 300w, https:\/\/esbozodeportivo.com\/wp-content\/uploads\/2023\/01\/Ana-Guevara-768x512.jpg 768w, https:\/\/esbozodeportivo.com\/wp-content\/uploads\/2023\/01\/Ana-Guevara-1536x1023.jpg 1536w, https:\/\/esbozodeportivo.com\/wp-content\/uploads\/2023\/01\/Ana-Guevara.jpg 1600w\" sizes=\"auto, (max-width: 640px) 100vw, 640px\" \/>\t\t\t\t\t\t\t\t\t\t\t\t\t\t\t<\/p>\n<p>(Foto: CONADE)<\/p>\n<p style=\"background: white; margin: 12.0pt 0cm .0001pt 0cm;\">(CONADE).- Tras realizarse en Chetumal, Canc\u00fan, Tlaxcala y Rosarito, el Pro Tour Mundial de Voleibol de Playa Elite 16, regresa a M\u00e9xico tras presentarse este mi\u00e9rcoles a Tepic, Nayarit, como la sede de la pr\u00f3xima edici\u00f3n del magno evento, el cual se celebra del 22 al 26 de marzo en las instalaciones de la Expo Auditorio Amado Nervo.<\/p>\n<p style=\"background: white; margin: 12.0pt 0cm .0001pt 0cm;\">Durante la presentaci\u00f3n, la directora general de la Comisi\u00f3n Nacional de Cultura F\u00edsica y Deporte (CONADE), Ana Gabriela Guevara Espinoza, aplaudi\u00f3 que nuestro pa\u00eds vuelva a ponerse en el calendario de la Federaci\u00f3n Internacional de Voleibol (FIVB), no solo con el Pro Tour, sino tambi\u00e9n en Tlaxcala la ser sede del Mundial de la disciplina en octubre de este a\u00f1o.<\/p>\n<p>\t\t\t\t\t\t\t\t\t\t\t\t\t\t\t<img decoding=\"async\" width=\"640\" height=\"374\" src=\"https:\/\/esbozodeportivo.com\/wp-content\/uploads\/2023\/01\/Ana-Guevara-1.jpg\" alt=\"\" loading=\"lazy\" srcset=\"https:\/\/esbozodeportivo.com\/wp-content\/uploads\/2023\/01\/Ana-Guevara-1.jpg 650w, https:\/\/esbozodeportivo.com\/wp-content\/uploads\/2023\/01\/Ana-Guevara-1-300x175.jpg 300w\" sizes=\"auto, (max-width: 640px) 100vw, 640px\" \/>\t\t\t\t\t\t\t\t\t\t\t\t\t\t\t<\/p>\n<p>(Foto: CONADE)<\/p>\n<p style=\"background: white; margin: 12.0pt 0cm .0001pt 0cm;\">\u201cEs el cuarto a\u00f1o que M\u00e9xico alberga este tipo de eventos, ha venido en incremento y en un gran inter\u00e9s por la federaci\u00f3n internacional de tener a nuestro pa\u00eds dentro de su calendario; han sido n\u00fameros positivos para el deporte, porque M\u00e9xico ha sido referente y una manera de demostrar lo capaces que somos de hacer grandes cosas y motivar a nuevas generaciones con este tipo de eventos que tienen gran expectativa y la oportunidad de ver a grandes atletas competir\u201d, coment\u00f3.<\/p>\n<p style=\"background: white; margin: 12.0pt 0cm .0001pt 0cm;\">\u201cEstamos de manteles largos, primero porque viene el voleibol de playa a Nayarit lo que me llena de satisfacci\u00f3n y de felicidad de brindar a los nayaritas este nivel de competencia deportiva, un gran espect\u00e1culo deportivo, no solo desde la \u00f3ptica competitiva sino todo lo que genera este evento que tiene m\u00fasica, entretenimiento y es familiar y que conecta con facilidad\u201d, agreg\u00f3.<\/p>\n<p style=\"background: white; margin: 12.0pt 0cm .0001pt 0cm;\">Ana Gabriela Guevara destac\u00f3 el trabajo de esta y la sinergia lograda con el gobernador del estado, Miguel \u00c1ngel Navarro Quintero, al brindar todo el respaldo para que Nayarit sea sede de eventos mundiales.<\/p>\n<p>\t\t\t\t\t\t\t\t\t\t\t\t\t\t\t<img decoding=\"async\" width=\"640\" height=\"426\" src=\"https:\/\/esbozodeportivo.com\/wp-content\/uploads\/2023\/01\/Ana-Guevara-3-1024x682.jpg\" alt=\"\" loading=\"lazy\" srcset=\"https:\/\/esbozodeportivo.com\/wp-content\/uploads\/2023\/01\/Ana-Guevara-3-1024x682.jpg 1024w, https:\/\/esbozodeportivo.com\/wp-content\/uploads\/2023\/01\/Ana-Guevara-3-300x200.jpg 300w, https:\/\/esbozodeportivo.com\/wp-content\/uploads\/2023\/01\/Ana-Guevara-3-768x512.jpg 768w, https:\/\/esbozodeportivo.com\/wp-content\/uploads\/2023\/01\/Ana-Guevara-3-1536x1023.jpg 1536w, https:\/\/esbozodeportivo.com\/wp-content\/uploads\/2023\/01\/Ana-Guevara-3.jpg 1600w\" sizes=\"auto, (max-width: 640px) 100vw, 640px\" \/>\t\t\t\t\t\t\t\t\t\t\t\t\t\t\t<\/p>\n<p>(Foto: CONADE)\u00a0<\/p>\n<p>\u201cEste gran espect\u00e1culo brinda toda la conjunci\u00f3n de esfuerzos, valores y una expectativa que puede ser inmensa; desde la \u00f3ptica de la CONADE seguimos empujando porque venga esta gran carpa deportiva a ciudades que no tienen el alcance de poderla tener, que no tienen referencia para comparar si vale la pena o no, pero este evento cambiara la manera de percepci\u00f3n, de entender el deporte, y ser\u00e1 un \u00e9xito m\u00e1s para el gobierno de Miguel Navarro y maraca un hito\u201d, destac\u00f3.<\/p>\n<p>El Pro Tour Mundial de Voleibol de Playa \u00c9lite 16, es puntuable para los Juegos Ol\u00edmpicos Par\u00eds 2024, contar\u00e1 con la participaci\u00f3n de 112 atletas, que son parte de los 16 equipos femeniles y 16 varoniles que se dar\u00e1n cita en territorio mexicano, as\u00ed como la asistencia de 80 entrenadores, 34 jueces, 21 delegados de la Federaci\u00f3n Internacional de Voleibol, y la estimaci\u00f3n de alrededor de 10 mil espectadores por d\u00eda del evento.<\/p>\n<p>\u00a0<\/p>\n<p>\t\t\t\t\t\t\t\t\t\t\t\t\t\t\t<img decoding=\"async\" width=\"640\" height=\"426\" src=\"https:\/\/esbozodeportivo.com\/wp-content\/uploads\/2023\/01\/Ana-Guevara-2-1024x682.jpg\" alt=\"\" loading=\"lazy\" srcset=\"https:\/\/esbozodeportivo.com\/wp-content\/uploads\/2023\/01\/Ana-Guevara-2-1024x682.jpg 1024w, https:\/\/esbozodeportivo.com\/wp-content\/uploads\/2023\/01\/Ana-Guevara-2-300x200.jpg 300w, https:\/\/esbozodeportivo.com\/wp-content\/uploads\/2023\/01\/Ana-Guevara-2-768x512.jpg 768w, https:\/\/esbozodeportivo.com\/wp-content\/uploads\/2023\/01\/Ana-Guevara-2-1536x1023.jpg 1536w, https:\/\/esbozodeportivo.com\/wp-content\/uploads\/2023\/01\/Ana-Guevara-2.jpg 1600w\" sizes=\"auto, (max-width: 640px) 100vw, 640px\" \/>\t\t\t\t\t\t\t\t\t\t\t\t\t\t\t<\/p>\n<p>(Foto: CONADE)<\/p>\n<p>El presidente de la Federaci\u00f3n Mexicana de Voleibol, Jes\u00fas Perales, agradeci\u00f3 el apoyo de la CONADE ante la gesti\u00f3n deportiva de traer este magno evento a nuestro pa\u00eds, as\u00ed como el soporte financiero, al tiempo que tambi\u00e9n hizo \u00e9nfasis en los beneficios que marcar\u00e1 en el estado, \u201cestoy seguro que, este evento ser\u00e1 un gran \u00e9xito y ser\u00e1 la oportunidad de que Nayarit crezca, no solo en el tema del turismo deportivo, sino tambi\u00e9n en su desarrollo\u201d, coment\u00f3.<\/p>\n<p>Adem\u00e1s de la presencia del gobernador Miguel \u00c1ngel Navarro, tambi\u00e9n asistieron los jugadores mexicanos, Juan Ram\u00f3n Virgen Pulido y Miguel Sarabia, as\u00ed como Carolina Lugo Robles, directora general del Instituto del Deporte de Nayarit, quien expuso los motivos para la realizaci\u00f3n de este evento internacional, adem\u00e1s de recalcar que este estado ser\u00e1 subsede del Campeonato Nacional CONADE 2023, en nueve disciplinas.<\/p>\n<p>\u00a0<\/p>\n","protected":false},"excerpt":{"rendered":"<p>(Foto: CONADE) (CONADE).- Tras realizarse en Chetumal, Canc\u00fan, Tlaxcala y Rosarito, el Pro Tour Mundial<\/p>\n","protected":false},"author":2,"featured_media":0,"comment_status":"open","ping_status":"open","sticky":false,"template":"","format":"standard","meta":{"_jetpack_memberships_contains_paid_content":false,"footnotes":""},"categories":[5],"tags":[],"class_list":["post-952","post","type-post","status-publish","format-standard","hentry","category-amateur"],"yoast_head":"<!-- This site is optimized with the Yoast SEO plugin v25.7 - https:\/\/yoast.com\/wordpress\/plugins\/seo\/ -->\n<title>Nayarit, sede del Pro Tour Mundial de Voleibol de Playa 2023 - Esbozo Deportivo<\/title>\n<meta name=\"robots\" content=\"index, follow, max-snippet:-1, max-image-preview:large, max-video-preview:-1\" \/>\n<link rel=\"canonical\" href=\"https:\/\/esbozodeportivo.com\/index.php\/2023\/01\/26\/nayarit-sede-del-pro-tour-mundial-de-voleibol-de-playa-2023\/\" \/>\n<meta property=\"og:locale\" content=\"es_MX\" \/>\n<meta property=\"og:type\" content=\"article\" \/>\n<meta property=\"og:title\" content=\"Nayarit, sede del Pro Tour Mundial de Voleibol de Playa 2023 - Esbozo Deportivo\" \/>\n<meta property=\"og:description\" content=\"(Foto: CONADE) (CONADE).- Tras realizarse en Chetumal, Canc\u00fan, Tlaxcala y Rosarito, el Pro Tour Mundial\" \/>\n<meta property=\"og:url\" content=\"https:\/\/esbozodeportivo.com\/index.php\/2023\/01\/26\/nayarit-sede-del-pro-tour-mundial-de-voleibol-de-playa-2023\/\" \/>\n<meta property=\"og:site_name\" content=\"Esbozo Deportivo\" \/>\n<meta property=\"article:published_time\" content=\"2023-01-26T03:28:03+00:00\" \/>\n<meta property=\"article:modified_time\" content=\"2023-01-26T03:33:00+00:00\" \/>\n<meta property=\"og:image\" content=\"https:\/\/esbozodeportivo.com\/wp-content\/uploads\/2023\/01\/Ana-Guevara-1024x682.jpg\" \/>\n<meta name=\"author\" content=\"Javier De La Cruz\" \/>\n<meta name=\"twitter:card\" content=\"summary_large_image\" \/>\n<meta name=\"twitter:label1\" content=\"Escrito por\" \/>\n\t<meta name=\"twitter:data1\" content=\"Javier De La Cruz\" \/>\n\t<meta name=\"twitter:label2\" content=\"Tiempo de lectura\" \/>\n\t<meta name=\"twitter:data2\" content=\"3 minutos\" \/>\n<script type=\"application\/ld+json\" class=\"yoast-schema-graph\">{\"@context\":\"https:\/\/schema.org\",\"@graph\":[{\"@type\":\"Article\",\"@id\":\"https:\/\/esbozodeportivo.com\/index.php\/2023\/01\/26\/nayarit-sede-del-pro-tour-mundial-de-voleibol-de-playa-2023\/#article\",\"isPartOf\":{\"@id\":\"https:\/\/esbozodeportivo.com\/index.php\/2023\/01\/26\/nayarit-sede-del-pro-tour-mundial-de-voleibol-de-playa-2023\/\"},\"author\":{\"name\":\"Javier De La Cruz\",\"@id\":\"https:\/\/esbozodeportivo.com\/#\/schema\/person\/7277119c98823aec37bbb84e125efd44\"},\"headline\":\"Nayarit, sede del Pro Tour Mundial de Voleibol de Playa 2023\",\"datePublished\":\"2023-01-26T03:28:03+00:00\",\"dateModified\":\"2023-01-26T03:33:00+00:00\",\"mainEntityOfPage\":{\"@id\":\"https:\/\/esbozodeportivo.com\/index.php\/2023\/01\/26\/nayarit-sede-del-pro-tour-mundial-de-voleibol-de-playa-2023\/\"},\"wordCount\":639,\"commentCount\":0,\"publisher\":{\"@id\":\"https:\/\/esbozodeportivo.com\/#organization\"},\"image\":{\"@id\":\"https:\/\/esbozodeportivo.com\/index.php\/2023\/01\/26\/nayarit-sede-del-pro-tour-mundial-de-voleibol-de-playa-2023\/#primaryimage\"},\"thumbnailUrl\":\"https:\/\/esbozodeportivo.com\/wp-content\/uploads\/2023\/01\/Ana-Guevara-1024x682.jpg\",\"articleSection\":[\"Amateur\"],\"inLanguage\":\"es\",\"potentialAction\":[{\"@type\":\"CommentAction\",\"name\":\"Comment\",\"target\":[\"https:\/\/esbozodeportivo.com\/index.php\/2023\/01\/26\/nayarit-sede-del-pro-tour-mundial-de-voleibol-de-playa-2023\/#respond\"]}]},{\"@type\":\"WebPage\",\"@id\":\"https:\/\/esbozodeportivo.com\/index.php\/2023\/01\/26\/nayarit-sede-del-pro-tour-mundial-de-voleibol-de-playa-2023\/\",\"url\":\"https:\/\/esbozodeportivo.com\/index.php\/2023\/01\/26\/nayarit-sede-del-pro-tour-mundial-de-voleibol-de-playa-2023\/\",\"name\":\"Nayarit, sede del Pro Tour Mundial de Voleibol de Playa 2023 - Esbozo Deportivo\",\"isPartOf\":{\"@id\":\"https:\/\/esbozodeportivo.com\/#website\"},\"primaryImageOfPage\":{\"@id\":\"https:\/\/esbozodeportivo.com\/index.php\/2023\/01\/26\/nayarit-sede-del-pro-tour-mundial-de-voleibol-de-playa-2023\/#primaryimage\"},\"image\":{\"@id\":\"https:\/\/esbozodeportivo.com\/index.php\/2023\/01\/26\/nayarit-sede-del-pro-tour-mundial-de-voleibol-de-playa-2023\/#primaryimage\"},\"thumbnailUrl\":\"https:\/\/esbozodeportivo.com\/wp-content\/uploads\/2023\/01\/Ana-Guevara-1024x682.jpg\",\"datePublished\":\"2023-01-26T03:28:03+00:00\",\"dateModified\":\"2023-01-26T03:33:00+00:00\",\"breadcrumb\":{\"@id\":\"https:\/\/esbozodeportivo.com\/index.php\/2023\/01\/26\/nayarit-sede-del-pro-tour-mundial-de-voleibol-de-playa-2023\/#breadcrumb\"},\"inLanguage\":\"es\",\"potentialAction\":[{\"@type\":\"ReadAction\",\"target\":[\"https:\/\/esbozodeportivo.com\/index.php\/2023\/01\/26\/nayarit-sede-del-pro-tour-mundial-de-voleibol-de-playa-2023\/\"]}]},{\"@type\":\"ImageObject\",\"inLanguage\":\"es\",\"@id\":\"https:\/\/esbozodeportivo.com\/index.php\/2023\/01\/26\/nayarit-sede-del-pro-tour-mundial-de-voleibol-de-playa-2023\/#primaryimage\",\"url\":\"https:\/\/esbozodeportivo.com\/wp-content\/uploads\/2023\/01\/Ana-Guevara.jpg\",\"contentUrl\":\"https:\/\/esbozodeportivo.com\/wp-content\/uploads\/2023\/01\/Ana-Guevara.jpg\",\"width\":1600,\"height\":1066},{\"@type\":\"BreadcrumbList\",\"@id\":\"https:\/\/esbozodeportivo.com\/index.php\/2023\/01\/26\/nayarit-sede-del-pro-tour-mundial-de-voleibol-de-playa-2023\/#breadcrumb\",\"itemListElement\":[{\"@type\":\"ListItem\",\"position\":1,\"name\":\"Inicio\",\"item\":\"https:\/\/esbozodeportivo.com\/\"},{\"@type\":\"ListItem\",\"position\":2,\"name\":\"Nayarit, sede del Pro Tour Mundial de Voleibol de Playa 2023\"}]},{\"@type\":\"WebSite\",\"@id\":\"https:\/\/esbozodeportivo.com\/#website\",\"url\":\"https:\/\/esbozodeportivo.com\/\",\"name\":\"Esbozo Deportivo\",\"description\":\"Lo m\u00e1s importante del Deporte\",\"publisher\":{\"@id\":\"https:\/\/esbozodeportivo.com\/#organization\"},\"potentialAction\":[{\"@type\":\"SearchAction\",\"target\":{\"@type\":\"EntryPoint\",\"urlTemplate\":\"https:\/\/esbozodeportivo.com\/?s={search_term_string}\"},\"query-input\":{\"@type\":\"PropertyValueSpecification\",\"valueRequired\":true,\"valueName\":\"search_term_string\"}}],\"inLanguage\":\"es\"},{\"@type\":\"Organization\",\"@id\":\"https:\/\/esbozodeportivo.com\/#organization\",\"name\":\"Esbozo Deportivo\",\"url\":\"https:\/\/esbozodeportivo.com\/\",\"logo\":{\"@type\":\"ImageObject\",\"inLanguage\":\"es\",\"@id\":\"https:\/\/esbozodeportivo.com\/#\/schema\/logo\/image\/\",\"url\":\"https:\/\/esbozodeportivo.com\/wp-content\/uploads\/2022\/08\/cropped-Logo-Esbozo-Web-2.png\",\"contentUrl\":\"https:\/\/esbozodeportivo.com\/wp-content\/uploads\/2022\/08\/cropped-Logo-Esbozo-Web-2.png\",\"width\":180,\"height\":50,\"caption\":\"Esbozo Deportivo\"},\"image\":{\"@id\":\"https:\/\/esbozodeportivo.com\/#\/schema\/logo\/image\/\"}},{\"@type\":\"Person\",\"@id\":\"https:\/\/esbozodeportivo.com\/#\/schema\/person\/7277119c98823aec37bbb84e125efd44\",\"name\":\"Javier De La Cruz\",\"image\":{\"@type\":\"ImageObject\",\"inLanguage\":\"es\",\"@id\":\"https:\/\/esbozodeportivo.com\/#\/schema\/person\/image\/\",\"url\":\"https:\/\/secure.gravatar.com\/avatar\/366235a56d20f1a6e8e3d0b295897639357bea880470ddf261d17bb0bc052eb1?s=96&d=mm&r=g\",\"contentUrl\":\"https:\/\/secure.gravatar.com\/avatar\/366235a56d20f1a6e8e3d0b295897639357bea880470ddf261d17bb0bc052eb1?s=96&d=mm&r=g\",\"caption\":\"Javier De La Cruz\"},\"url\":\"https:\/\/esbozodeportivo.com\/index.php\/author\/javier-de-la-cruz-de-la-cruz\/\"}]}<\/script>\n<!-- \/ Yoast SEO plugin. -->","yoast_head_json":{"title":"Nayarit, sede del Pro Tour Mundial de Voleibol de Playa 2023 - Esbozo Deportivo","robots":{"index":"index","follow":"follow","max-snippet":"max-snippet:-1","max-image-preview":"max-image-preview:large","max-video-preview":"max-video-preview:-1"},"canonical":"https:\/\/esbozodeportivo.com\/index.php\/2023\/01\/26\/nayarit-sede-del-pro-tour-mundial-de-voleibol-de-playa-2023\/","og_locale":"es_MX","og_type":"article","og_title":"Nayarit, sede del Pro Tour Mundial de Voleibol de Playa 2023 - Esbozo Deportivo","og_description":"(Foto: CONADE) (CONADE).- Tras realizarse en Chetumal, Canc\u00fan, Tlaxcala y Rosarito, el Pro Tour Mundial","og_url":"https:\/\/esbozodeportivo.com\/index.php\/2023\/01\/26\/nayarit-sede-del-pro-tour-mundial-de-voleibol-de-playa-2023\/","og_site_name":"Esbozo Deportivo","article_published_time":"2023-01-26T03:28:03+00:00","article_modified_time":"2023-01-26T03:33:00+00:00","og_image":[{"url":"https:\/\/esbozodeportivo.com\/wp-content\/uploads\/2023\/01\/Ana-Guevara-1024x682.jpg","type":"","width":"","height":""}],"author":"Javier De La Cruz","twitter_card":"summary_large_image","twitter_misc":{"Escrito por":"Javier De La Cruz","Tiempo de lectura":"3 minutos"},"schema":{"@context":"https:\/\/schema.org","@graph":[{"@type":"Article","@id":"https:\/\/esbozodeportivo.com\/index.php\/2023\/01\/26\/nayarit-sede-del-pro-tour-mundial-de-voleibol-de-playa-2023\/#article","isPartOf":{"@id":"https:\/\/esbozodeportivo.com\/index.php\/2023\/01\/26\/nayarit-sede-del-pro-tour-mundial-de-voleibol-de-playa-2023\/"},"author":{"name":"Javier De La Cruz","@id":"https:\/\/esbozodeportivo.com\/#\/schema\/person\/7277119c98823aec37bbb84e125efd44"},"headline":"Nayarit, sede del Pro Tour Mundial de Voleibol de Playa 2023","datePublished":"2023-01-26T03:28:03+00:00","dateModified":"2023-01-26T03:33:00+00:00","mainEntityOfPage":{"@id":"https:\/\/esbozodeportivo.com\/index.php\/2023\/01\/26\/nayarit-sede-del-pro-tour-mundial-de-voleibol-de-playa-2023\/"},"wordCount":639,"commentCount":0,"publisher":{"@id":"https:\/\/esbozodeportivo.com\/#organization"},"image":{"@id":"https:\/\/esbozodeportivo.com\/index.php\/2023\/01\/26\/nayarit-sede-del-pro-tour-mundial-de-voleibol-de-playa-2023\/#primaryimage"},"thumbnailUrl":"https:\/\/esbozodeportivo.com\/wp-content\/uploads\/2023\/01\/Ana-Guevara-1024x682.jpg","articleSection":["Amateur"],"inLanguage":"es","potentialAction":[{"@type":"CommentAction","name":"Comment","target":["https:\/\/esbozodeportivo.com\/index.php\/2023\/01\/26\/nayarit-sede-del-pro-tour-mundial-de-voleibol-de-playa-2023\/#respond"]}]},{"@type":"WebPage","@id":"https:\/\/esbozodeportivo.com\/index.php\/2023\/01\/26\/nayarit-sede-del-pro-tour-mundial-de-voleibol-de-playa-2023\/","url":"https:\/\/esbozodeportivo.com\/index.php\/2023\/01\/26\/nayarit-sede-del-pro-tour-mundial-de-voleibol-de-playa-2023\/","name":"Nayarit, sede del Pro Tour Mundial de Voleibol de Playa 2023 - Esbozo Deportivo","isPartOf":{"@id":"https:\/\/esbozodeportivo.com\/#website"},"primaryImageOfPage":{"@id":"https:\/\/esbozodeportivo.com\/index.php\/2023\/01\/26\/nayarit-sede-del-pro-tour-mundial-de-voleibol-de-playa-2023\/#primaryimage"},"image":{"@id":"https:\/\/esbozodeportivo.com\/index.php\/2023\/01\/26\/nayarit-sede-del-pro-tour-mundial-de-voleibol-de-playa-2023\/#primaryimage"},"thumbnailUrl":"https:\/\/esbozodeportivo.com\/wp-content\/uploads\/2023\/01\/Ana-Guevara-1024x682.jpg","datePublished":"2023-01-26T03:28:03+00:00","dateModified":"2023-01-26T03:33:00+00:00","breadcrumb":{"@id":"https:\/\/esbozodeportivo.com\/index.php\/2023\/01\/26\/nayarit-sede-del-pro-tour-mundial-de-voleibol-de-playa-2023\/#breadcrumb"},"inLanguage":"es","potentialAction":[{"@type":"ReadAction","target":["https:\/\/esbozodeportivo.com\/index.php\/2023\/01\/26\/nayarit-sede-del-pro-tour-mundial-de-voleibol-de-playa-2023\/"]}]},{"@type":"ImageObject","inLanguage":"es","@id":"https:\/\/esbozodeportivo.com\/index.php\/2023\/01\/26\/nayarit-sede-del-pro-tour-mundial-de-voleibol-de-playa-2023\/#primaryimage","url":"https:\/\/esbozodeportivo.com\/wp-content\/uploads\/2023\/01\/Ana-Guevara.jpg","contentUrl":"https:\/\/esbozodeportivo.com\/wp-content\/uploads\/2023\/01\/Ana-Guevara.jpg","width":1600,"height":1066},{"@type":"BreadcrumbList","@id":"https:\/\/esbozodeportivo.com\/index.php\/2023\/01\/26\/nayarit-sede-del-pro-tour-mundial-de-voleibol-de-playa-2023\/#breadcrumb","itemListElement":[{"@type":"ListItem","position":1,"name":"Inicio","item":"https:\/\/esbozodeportivo.com\/"},{"@type":"ListItem","position":2,"name":"Nayarit, sede del Pro Tour Mundial de Voleibol de Playa 2023"}]},{"@type":"WebSite","@id":"https:\/\/esbozodeportivo.com\/#website","url":"https:\/\/esbozodeportivo.com\/","name":"Esbozo Deportivo","description":"Lo m\u00e1s importante del Deporte","publisher":{"@id":"https:\/\/esbozodeportivo.com\/#organization"},"potentialAction":[{"@type":"SearchAction","target":{"@type":"EntryPoint","urlTemplate":"https:\/\/esbozodeportivo.com\/?s={search_term_string}"},"query-input":{"@type":"PropertyValueSpecification","valueRequired":true,"valueName":"search_term_string"}}],"inLanguage":"es"},{"@type":"Organization","@id":"https:\/\/esbozodeportivo.com\/#organization","name":"Esbozo Deportivo","url":"https:\/\/esbozodeportivo.com\/","logo":{"@type":"ImageObject","inLanguage":"es","@id":"https:\/\/esbozodeportivo.com\/#\/schema\/logo\/image\/","url":"https:\/\/esbozodeportivo.com\/wp-content\/uploads\/2022\/08\/cropped-Logo-Esbozo-Web-2.png","contentUrl":"https:\/\/esbozodeportivo.com\/wp-content\/uploads\/2022\/08\/cropped-Logo-Esbozo-Web-2.png","width":180,"height":50,"caption":"Esbozo Deportivo"},"image":{"@id":"https:\/\/esbozodeportivo.com\/#\/schema\/logo\/image\/"}},{"@type":"Person","@id":"https:\/\/esbozodeportivo.com\/#\/schema\/person\/7277119c98823aec37bbb84e125efd44","name":"Javier De La Cruz","image":{"@type":"ImageObject","inLanguage":"es","@id":"https:\/\/esbozodeportivo.com\/#\/schema\/person\/image\/","url":"https:\/\/secure.gravatar.com\/avatar\/366235a56d20f1a6e8e3d0b295897639357bea880470ddf261d17bb0bc052eb1?s=96&d=mm&r=g","contentUrl":"https:\/\/secure.gravatar.com\/avatar\/366235a56d20f1a6e8e3d0b295897639357bea880470ddf261d17bb0bc052eb1?s=96&d=mm&r=g","caption":"Javier De La Cruz"},"url":"https:\/\/esbozodeportivo.com\/index.php\/author\/javier-de-la-cruz-de-la-cruz\/"}]}},"jetpack_featured_media_url":"","jetpack_sharing_enabled":true,"_links":{"self":[{"href":"https:\/\/esbozodeportivo.com\/index.php\/wp-json\/wp\/v2\/posts\/952","targetHints":{"allow":["GET"]}}],"collection":[{"href":"https:\/\/esbozodeportivo.com\/index.php\/wp-json\/wp\/v2\/posts"}],"about":[{"href":"https:\/\/esbozodeportivo.com\/index.php\/wp-json\/wp\/v2\/types\/post"}],"author":[{"embeddable":true,"href":"https:\/\/esbozodeportivo.com\/index.php\/wp-json\/wp\/v2\/users\/2"}],"replies":[{"embeddable":true,"href":"https:\/\/esbozodeportivo.com\/index.php\/wp-json\/wp\/v2\/comments?post=952"}],"version-history":[{"count":4,"href":"https:\/\/esbozodeportivo.com\/index.php\/wp-json\/wp\/v2\/posts\/952\/revisions"}],"predecessor-version":[{"id":960,"href":"https:\/\/esbozodeportivo.com\/index.php\/wp-json\/wp\/v2\/posts\/952\/revisions\/960"}],"wp:attachment":[{"href":"https:\/\/esbozodeportivo.com\/index.php\/wp-json\/wp\/v2\/media?parent=952"}],"wp:term":[{"taxonomy":"category","embeddable":true,"href":"https:\/\/esbozodeportivo.com\/index.php\/wp-json\/wp\/v2\/categories?post=952"},{"taxonomy":"post_tag","embeddable":true,"href":"https:\/\/esbozodeportivo.com\/index.php\/wp-json\/wp\/v2\/tags?post=952"}],"curies":[{"name":"wp","href":"https:\/\/api.w.org\/{rel}","templated":true}]}}